{"id":21258,"date":"2024-08-24T23:20:18","date_gmt":"2024-08-25T02:20:18","guid":{"rendered":"https:\/\/apuntesdesanluis.com\/?p=21258"},"modified":"2024-08-24T23:20:18","modified_gmt":"2024-08-25T02:20:18","slug":"walter-ceballos-el-gran-desafio-de-san-luis-es-volver-a-crecer","status":"publish","type":"post","link":"https:\/\/apuntesdesanluis.com\/index.php\/2024\/08\/24\/walter-ceballos-el-gran-desafio-de-san-luis-es-volver-a-crecer\/","title":{"rendered":"WALTER CEBALLOS: \u201cEL GRAN DESAF\u00cdO DE SAN LUIS ES VOLVER A CRECER\u201d"},"content":{"rendered":"<h3><strong>Walter Ceballos, <\/strong>actualmente integrante de la Auditor\u00eda General de la Naci\u00f3n, , pas\u00f3 por \u201c<span style=\"color: #3366ff;\">Dejame un t\u00edtulo<\/span>\u201d y reconoci\u00f3 que \u201cel presidente <strong>Javier Milei<\/strong>, con plena legitimidad de origen, expresa un pensamiento\u201d que \u00e9l no comparte, al tiempo que record\u00f3 que se enrola ideol\u00f3gicamente en la corriente social-dem\u00f3crata.<\/h3>\n<h3>En tren de diferenciarse, afirma que \u00e9l si cree en la necesidad de la existencia del Estado, frente al presidente que se defini\u00f3 como un \u201ctopo\u201d que viene a destruirlo.<\/h3>\n<h3>Ceballos analiz\u00f3 desde el punto de vista econ\u00f3mico la marcha del gobierno nacional, admitiendo que si bien baj\u00f3 la inflaci\u00f3n y el gasto p\u00fablico, esto se hizo a costa de reducir v\u00eda congelamiento los salarios, las jubilaciones y pensiones y las transferencias a las provincias, sobre todo los aportes a la educaci\u00f3n, el transporte o el subsidio a la energ\u00eda.<\/h3>\n<h3>Asimismo, evalu\u00f3 que tampoco est\u00e1n bien tres de los principales par\u00e1metros con los que se mide la econom\u00eda: 1) El saldo de las exportaciones, para que ingresen d\u00f3lares; 2) Las inversiones, extranjeras o locales, para que se genere empleo; y 3) El consumo.<\/h3>\n<p><img fetchpriority=\"high\" decoding=\"async\" class=\"wp-image-17523 aligncenter\" src=\"https:\/\/apuntesdesanluis.com\/wp-content\/uploads\/2024\/06\/DEJAME-300x125.png\" alt=\"\" width=\"473\" height=\"197\" srcset=\"https:\/\/apuntesdesanluis.com\/wp-content\/uploads\/2024\/06\/DEJAME-300x125.png 300w, https:\/\/apuntesdesanluis.com\/wp-content\/uploads\/2024\/06\/DEJAME.png 626w\" sizes=\"(max-width: 473px) 100vw, 473px\" \/><\/p>\n<h3>Con respecto a la provincia, el dirigente radical coincide con la definici\u00f3n de Poggi, en el sentido de que \u201carrancamos debajo de la lona y seguimos en la lona, pero arriba\u201d.<\/h3>\n<h3>Adelanta que se encuentra elaborando un trabajo sobre la situaci\u00f3n de San Luis, el cual arroja que en t\u00e9rminos econ\u00f3micos y sociolaborales, en relaci\u00f3n a la cantidad de habitantes, \u201cel San Luis de hoy tiene peores cifras de pobreza, de empleo privado registrado y de salarios promedio de la econom\u00eda que en 1980\u201d.<\/h3>\n<h3>Antes de despedirse, deja como t\u00edtulo: \u201cEl gran desaf\u00edo de San Luis es volver a crecer\u201d.<\/h3>\n<p>&nbsp;<\/p>\n<p><iframe title=\"WALTER CEBALLOS - Asesor Auditor\u00eda General de la Naci\u00f3n\" width=\"640\" height=\"360\" src=\"https:\/\/www.youtube.com\/embed\/rq8hC8fLgDY?feature=oembed\" frameborder=\"0\" allow=\"accelerometer; autoplay; clipboard-write; encrypted-media; gyroscope; picture-in-picture; web-share\" referrerpolicy=\"strict-origin-when-cross-origin\" allowfullscreen><\/iframe><\/p>\n<p>&nbsp;<\/p>\n<p>&nbsp;<\/p>\n<p>&nbsp;<\/p>\n<p>&nbsp;<\/p>\n<p>&nbsp;<\/p>\n<p>&nbsp;<\/p>\n<p>&nbsp;<\/p>\n<p>&nbsp;<\/p>\n<p>&nbsp;<\/p>\n<p>&nbsp;<\/p>\n<p>&nbsp;<\/p>\n","protected":false},"excerpt":{"rendered":"<p>Walter Ceballos, actualmente integrante de la Auditor\u00eda General de la Naci\u00f3n, , pas\u00f3 por \u201cDejame&#8230;<\/p>\n","protected":false},"author":1,"featured_media":21259,"comment_status":"closed","ping_status":"closed","sticky":false,"template":"","format":"standard","meta":{"footnotes":""},"categories":[9],"tags":[],"class_list":["post-21258","post","type-post","status-publish","format-standard","has-post-thumbnail","hentry","category-opinion"],"yoast_head":"<!-- This site is optimized with the Yoast SEO plugin v26.1.1 - https:\/\/yoast.com\/wordpress\/plugins\/seo\/ -->\n<title>WALTER CEBALLOS: \u201cEL GRAN DESAF\u00cdO DE SAN LUIS ES VOLVER A CRECER\u201d - Apuntes de San Luis<\/title>\n<meta name=\"robots\" content=\"index, follow, max-snippet:-1, max-image-preview:large, max-video-preview:-1\" \/>\n<link rel=\"canonical\" href=\"https:\/\/apuntesdesanluis.com\/index.php\/2024\/08\/24\/walter-ceballos-el-gran-desafio-de-san-luis-es-volver-a-crecer\/\" \/>\n<meta property=\"og:locale\" content=\"es_ES\" \/>\n<meta property=\"og:type\" content=\"article\" \/>\n<meta property=\"og:title\" content=\"WALTER CEBALLOS: \u201cEL GRAN DESAF\u00cdO DE SAN LUIS ES VOLVER A CRECER\u201d - Apuntes de San Luis\" \/>\n<meta property=\"og:description\" content=\"Walter Ceballos, actualmente integrante de la Auditor\u00eda General de la Naci\u00f3n, , pas\u00f3 por \u201cDejame...\" \/>\n<meta property=\"og:url\" content=\"https:\/\/apuntesdesanluis.com\/index.php\/2024\/08\/24\/walter-ceballos-el-gran-desafio-de-san-luis-es-volver-a-crecer\/\" \/>\n<meta property=\"og:site_name\" content=\"Apuntes de San Luis\" \/>\n<meta property=\"article:published_time\" content=\"2024-08-25T02:20:18+00:00\" \/>\n<meta property=\"og:image\" content=\"https:\/\/apuntesdesanluis.com\/wp-content\/uploads\/2024\/08\/ceballos.png\" \/>\n\t<meta property=\"og:image:width\" content=\"700\" \/>\n\t<meta property=\"og:image:height\" content=\"410\" \/>\n\t<meta property=\"og:image:type\" content=\"image\/png\" \/>\n<meta name=\"author\" content=\"apuntesdesanluis.com\" \/>\n<meta name=\"twitter:card\" content=\"summary_large_image\" \/>\n<meta name=\"twitter:label1\" content=\"Escrito por\" \/>\n\t<meta name=\"twitter:data1\" content=\"apuntesdesanluis.com\" \/>\n\t<meta name=\"twitter:label2\" content=\"Tiempo de lectura\" \/>\n\t<meta name=\"twitter:data2\" content=\"2 minutos\" \/>\n<script type=\"application\/ld+json\" class=\"yoast-schema-graph\">{\"@context\":\"https:\/\/schema.org\",\"@graph\":[{\"@type\":\"Article\",\"@id\":\"https:\/\/apuntesdesanluis.com\/index.php\/2024\/08\/24\/walter-ceballos-el-gran-desafio-de-san-luis-es-volver-a-crecer\/#article\",\"isPartOf\":{\"@id\":\"https:\/\/apuntesdesanluis.com\/index.php\/2024\/08\/24\/walter-ceballos-el-gran-desafio-de-san-luis-es-volver-a-crecer\/\"},\"author\":{\"name\":\"apuntesdesanluis.com\",\"@id\":\"https:\/\/apuntesdesanluis.com\/#\/schema\/person\/b55151d52296fcce64d1a72538a70b90\"},\"headline\":\"WALTER CEBALLOS: \u201cEL GRAN DESAF\u00cdO DE SAN LUIS ES VOLVER A CRECER\u201d\",\"datePublished\":\"2024-08-25T02:20:18+00:00\",\"mainEntityOfPage\":{\"@id\":\"https:\/\/apuntesdesanluis.com\/index.php\/2024\/08\/24\/walter-ceballos-el-gran-desafio-de-san-luis-es-volver-a-crecer\/\"},\"wordCount\":335,\"publisher\":{\"@id\":\"https:\/\/apuntesdesanluis.com\/#\/schema\/person\/b55151d52296fcce64d1a72538a70b90\"},\"image\":{\"@id\":\"https:\/\/apuntesdesanluis.com\/index.php\/2024\/08\/24\/walter-ceballos-el-gran-desafio-de-san-luis-es-volver-a-crecer\/#primaryimage\"},\"thumbnailUrl\":\"https:\/\/apuntesdesanluis.com\/wp-content\/uploads\/2024\/08\/ceballos.png\",\"articleSection\":[\"Opini\u00f3n\"],\"inLanguage\":\"es-AR\"},{\"@type\":\"WebPage\",\"@id\":\"https:\/\/apuntesdesanluis.com\/index.php\/2024\/08\/24\/walter-ceballos-el-gran-desafio-de-san-luis-es-volver-a-crecer\/\",\"url\":\"https:\/\/apuntesdesanluis.com\/index.php\/2024\/08\/24\/walter-ceballos-el-gran-desafio-de-san-luis-es-volver-a-crecer\/\",\"name\":\"WALTER CEBALLOS: \u201cEL GRAN DESAF\u00cdO DE SAN LUIS ES VOLVER A CRECER\u201d - Apuntes de San Luis\",\"isPartOf\":{\"@id\":\"https:\/\/apuntesdesanluis.com\/#website\"},\"primaryImageOfPage\":{\"@id\":\"https:\/\/apuntesdesanluis.com\/index.php\/2024\/08\/24\/walter-ceballos-el-gran-desafio-de-san-luis-es-volver-a-crecer\/#primaryimage\"},\"image\":{\"@id\":\"https:\/\/apuntesdesanluis.com\/index.php\/2024\/08\/24\/walter-ceballos-el-gran-desafio-de-san-luis-es-volver-a-crecer\/#primaryimage\"},\"thumbnailUrl\":\"https:\/\/apuntesdesanluis.com\/wp-content\/uploads\/2024\/08\/ceballos.png\",\"datePublished\":\"2024-08-25T02:20:18+00:00\",\"breadcrumb\":{\"@id\":\"https:\/\/apuntesdesanluis.com\/index.php\/2024\/08\/24\/walter-ceballos-el-gran-desafio-de-san-luis-es-volver-a-crecer\/#breadcrumb\"},\"inLanguage\":\"es-AR\",\"potentialAction\":[{\"@type\":\"ReadAction\",\"target\":[\"https:\/\/apuntesdesanluis.com\/index.php\/2024\/08\/24\/walter-ceballos-el-gran-desafio-de-san-luis-es-volver-a-crecer\/\"]}]},{\"@type\":\"ImageObject\",\"inLanguage\":\"es-AR\",\"@id\":\"https:\/\/apuntesdesanluis.com\/index.php\/2024\/08\/24\/walter-ceballos-el-gran-desafio-de-san-luis-es-volver-a-crecer\/#primaryimage\",\"url\":\"https:\/\/apuntesdesanluis.com\/wp-content\/uploads\/2024\/08\/ceballos.png\",\"contentUrl\":\"https:\/\/apuntesdesanluis.com\/wp-content\/uploads\/2024\/08\/ceballos.png\",\"width\":700,\"height\":410},{\"@type\":\"BreadcrumbList\",\"@id\":\"https:\/\/apuntesdesanluis.com\/index.php\/2024\/08\/24\/walter-ceballos-el-gran-desafio-de-san-luis-es-volver-a-crecer\/#breadcrumb\",\"itemListElement\":[{\"@type\":\"ListItem\",\"position\":1,\"name\":\"Inicio\",\"item\":\"https:\/\/apuntesdesanluis.com\/\"},{\"@type\":\"ListItem\",\"position\":2,\"name\":\"WALTER CEBALLOS: \u201cEL GRAN DESAF\u00cdO DE SAN LUIS ES VOLVER A CRECER\u201d\"}]},{\"@type\":\"WebSite\",\"@id\":\"https:\/\/apuntesdesanluis.com\/#website\",\"url\":\"https:\/\/apuntesdesanluis.com\/\",\"name\":\"Apuntes de San Luis\",\"description\":\"\",\"publisher\":{\"@id\":\"https:\/\/apuntesdesanluis.com\/#\/schema\/person\/b55151d52296fcce64d1a72538a70b90\"},\"potentialAction\":[{\"@type\":\"SearchAction\",\"target\":{\"@type\":\"EntryPoint\",\"urlTemplate\":\"https:\/\/apuntesdesanluis.com\/?s={search_term_string}\"},\"query-input\":{\"@type\":\"PropertyValueSpecification\",\"valueRequired\":true,\"valueName\":\"search_term_string\"}}],\"inLanguage\":\"es-AR\"},{\"@type\":[\"Person\",\"Organization\"],\"@id\":\"https:\/\/apuntesdesanluis.com\/#\/schema\/person\/b55151d52296fcce64d1a72538a70b90\",\"name\":\"apuntesdesanluis.com\",\"image\":{\"@type\":\"ImageObject\",\"inLanguage\":\"es-AR\",\"@id\":\"https:\/\/apuntesdesanluis.com\/#\/schema\/person\/image\/\",\"url\":\"https:\/\/apuntesdesanluis.com\/wp-content\/uploads\/2023\/07\/cropped-apuntesdesanluis.png\",\"contentUrl\":\"https:\/\/apuntesdesanluis.com\/wp-content\/uploads\/2023\/07\/cropped-apuntesdesanluis.png\",\"width\":450,\"height\":112,\"caption\":\"apuntesdesanluis.com\"},\"logo\":{\"@id\":\"https:\/\/apuntesdesanluis.com\/#\/schema\/person\/image\/\"},\"sameAs\":[\"https:\/\/apuntesdesanluis.com\"],\"url\":\"https:\/\/apuntesdesanluis.com\/index.php\/author\/apuntesdesanluis-com\/\"}]}<\/script>\n<!-- \/ Yoast SEO plugin. -->","yoast_head_json":{"title":"WALTER CEBALLOS: \u201cEL GRAN DESAF\u00cdO DE SAN LUIS ES VOLVER A CRECER\u201d - Apuntes de San Luis","robots":{"index":"index","follow":"follow","max-snippet":"max-snippet:-1","max-image-preview":"max-image-preview:large","max-video-preview":"max-video-preview:-1"},"canonical":"https:\/\/apuntesdesanluis.com\/index.php\/2024\/08\/24\/walter-ceballos-el-gran-desafio-de-san-luis-es-volver-a-crecer\/","og_locale":"es_ES","og_type":"article","og_title":"WALTER CEBALLOS: \u201cEL GRAN DESAF\u00cdO DE SAN LUIS ES VOLVER A CRECER\u201d - Apuntes de San Luis","og_description":"Walter Ceballos, actualmente integrante de la Auditor\u00eda General de la Naci\u00f3n, , pas\u00f3 por \u201cDejame...","og_url":"https:\/\/apuntesdesanluis.com\/index.php\/2024\/08\/24\/walter-ceballos-el-gran-desafio-de-san-luis-es-volver-a-crecer\/","og_site_name":"Apuntes de San Luis","article_published_time":"2024-08-25T02:20:18+00:00","og_image":[{"width":700,"height":410,"url":"https:\/\/apuntesdesanluis.com\/wp-content\/uploads\/2024\/08\/ceballos.png","type":"image\/png"}],"author":"apuntesdesanluis.com","twitter_card":"summary_large_image","twitter_misc":{"Escrito por":"apuntesdesanluis.com","Tiempo de lectura":"2 minutos"},"schema":{"@context":"https:\/\/schema.org","@graph":[{"@type":"Article","@id":"https:\/\/apuntesdesanluis.com\/index.php\/2024\/08\/24\/walter-ceballos-el-gran-desafio-de-san-luis-es-volver-a-crecer\/#article","isPartOf":{"@id":"https:\/\/apuntesdesanluis.com\/index.php\/2024\/08\/24\/walter-ceballos-el-gran-desafio-de-san-luis-es-volver-a-crecer\/"},"author":{"name":"apuntesdesanluis.com","@id":"https:\/\/apuntesdesanluis.com\/#\/schema\/person\/b55151d52296fcce64d1a72538a70b90"},"headline":"WALTER CEBALLOS: \u201cEL GRAN DESAF\u00cdO DE SAN LUIS ES VOLVER A CRECER\u201d","datePublished":"2024-08-25T02:20:18+00:00","mainEntityOfPage":{"@id":"https:\/\/apuntesdesanluis.com\/index.php\/2024\/08\/24\/walter-ceballos-el-gran-desafio-de-san-luis-es-volver-a-crecer\/"},"wordCount":335,"publisher":{"@id":"https:\/\/apuntesdesanluis.com\/#\/schema\/person\/b55151d52296fcce64d1a72538a70b90"},"image":{"@id":"https:\/\/apuntesdesanluis.com\/index.php\/2024\/08\/24\/walter-ceballos-el-gran-desafio-de-san-luis-es-volver-a-crecer\/#primaryimage"},"thumbnailUrl":"https:\/\/apuntesdesanluis.com\/wp-content\/uploads\/2024\/08\/ceballos.png","articleSection":["Opini\u00f3n"],"inLanguage":"es-AR"},{"@type":"WebPage","@id":"https:\/\/apuntesdesanluis.com\/index.php\/2024\/08\/24\/walter-ceballos-el-gran-desafio-de-san-luis-es-volver-a-crecer\/","url":"https:\/\/apuntesdesanluis.com\/index.php\/2024\/08\/24\/walter-ceballos-el-gran-desafio-de-san-luis-es-volver-a-crecer\/","name":"WALTER CEBALLOS: \u201cEL GRAN DESAF\u00cdO DE SAN LUIS ES VOLVER A CRECER\u201d - Apuntes de San Luis","isPartOf":{"@id":"https:\/\/apuntesdesanluis.com\/#website"},"primaryImageOfPage":{"@id":"https:\/\/apuntesdesanluis.com\/index.php\/2024\/08\/24\/walter-ceballos-el-gran-desafio-de-san-luis-es-volver-a-crecer\/#primaryimage"},"image":{"@id":"https:\/\/apuntesdesanluis.com\/index.php\/2024\/08\/24\/walter-ceballos-el-gran-desafio-de-san-luis-es-volver-a-crecer\/#primaryimage"},"thumbnailUrl":"https:\/\/apuntesdesanluis.com\/wp-content\/uploads\/2024\/08\/ceballos.png","datePublished":"2024-08-25T02:20:18+00:00","breadcrumb":{"@id":"https:\/\/apuntesdesanluis.com\/index.php\/2024\/08\/24\/walter-ceballos-el-gran-desafio-de-san-luis-es-volver-a-crecer\/#breadcrumb"},"inLanguage":"es-AR","potentialAction":[{"@type":"ReadAction","target":["https:\/\/apuntesdesanluis.com\/index.php\/2024\/08\/24\/walter-ceballos-el-gran-desafio-de-san-luis-es-volver-a-crecer\/"]}]},{"@type":"ImageObject","inLanguage":"es-AR","@id":"https:\/\/apuntesdesanluis.com\/index.php\/2024\/08\/24\/walter-ceballos-el-gran-desafio-de-san-luis-es-volver-a-crecer\/#primaryimage","url":"https:\/\/apuntesdesanluis.com\/wp-content\/uploads\/2024\/08\/ceballos.png","contentUrl":"https:\/\/apuntesdesanluis.com\/wp-content\/uploads\/2024\/08\/ceballos.png","width":700,"height":410},{"@type":"BreadcrumbList","@id":"https:\/\/apuntesdesanluis.com\/index.php\/2024\/08\/24\/walter-ceballos-el-gran-desafio-de-san-luis-es-volver-a-crecer\/#breadcrumb","itemListElement":[{"@type":"ListItem","position":1,"name":"Inicio","item":"https:\/\/apuntesdesanluis.com\/"},{"@type":"ListItem","position":2,"name":"WALTER CEBALLOS: \u201cEL GRAN DESAF\u00cdO DE SAN LUIS ES VOLVER A CRECER\u201d"}]},{"@type":"WebSite","@id":"https:\/\/apuntesdesanluis.com\/#website","url":"https:\/\/apuntesdesanluis.com\/","name":"Apuntes de San Luis","description":"","publisher":{"@id":"https:\/\/apuntesdesanluis.com\/#\/schema\/person\/b55151d52296fcce64d1a72538a70b90"},"potentialAction":[{"@type":"SearchAction","target":{"@type":"EntryPoint","urlTemplate":"https:\/\/apuntesdesanluis.com\/?s={search_term_string}"},"query-input":{"@type":"PropertyValueSpecification","valueRequired":true,"valueName":"search_term_string"}}],"inLanguage":"es-AR"},{"@type":["Person","Organization"],"@id":"https:\/\/apuntesdesanluis.com\/#\/schema\/person\/b55151d52296fcce64d1a72538a70b90","name":"apuntesdesanluis.com","image":{"@type":"ImageObject","inLanguage":"es-AR","@id":"https:\/\/apuntesdesanluis.com\/#\/schema\/person\/image\/","url":"https:\/\/apuntesdesanluis.com\/wp-content\/uploads\/2023\/07\/cropped-apuntesdesanluis.png","contentUrl":"https:\/\/apuntesdesanluis.com\/wp-content\/uploads\/2023\/07\/cropped-apuntesdesanluis.png","width":450,"height":112,"caption":"apuntesdesanluis.com"},"logo":{"@id":"https:\/\/apuntesdesanluis.com\/#\/schema\/person\/image\/"},"sameAs":["https:\/\/apuntesdesanluis.com"],"url":"https:\/\/apuntesdesanluis.com\/index.php\/author\/apuntesdesanluis-com\/"}]}},"featured_image_urls":{"full":["https:\/\/apuntesdesanluis.com\/wp-content\/uploads\/2024\/08\/ceballos.png",700,410,false],"thumbnail":["https:\/\/apuntesdesanluis.com\/wp-content\/uploads\/2024\/08\/ceballos-150x150.png",150,150,true],"medium":["https:\/\/apuntesdesanluis.com\/wp-content\/uploads\/2024\/08\/ceballos-300x176.png",300,176,true],"medium_large":["https:\/\/apuntesdesanluis.com\/wp-content\/uploads\/2024\/08\/ceballos.png",640,375,false],"large":["https:\/\/apuntesdesanluis.com\/wp-content\/uploads\/2024\/08\/ceballos.png",640,375,false],"1536x1536":["https:\/\/apuntesdesanluis.com\/wp-content\/uploads\/2024\/08\/ceballos.png",700,410,false],"2048x2048":["https:\/\/apuntesdesanluis.com\/wp-content\/uploads\/2024\/08\/ceballos.png",700,410,false],"newsever-slider-full":["https:\/\/apuntesdesanluis.com\/wp-content\/uploads\/2024\/08\/ceballos.png",700,410,false],"newsever-featured":["https:\/\/apuntesdesanluis.com\/wp-content\/uploads\/2024\/08\/ceballos.png",700,410,false],"newsever-medium":["https:\/\/apuntesdesanluis.com\/wp-content\/uploads\/2024\/08\/ceballos.png",700,410,false]},"author_info":{"display_name":"apuntesdesanluis.com","author_link":"https:\/\/apuntesdesanluis.com\/index.php\/author\/apuntesdesanluis-com\/"},"category_info":"<a href=\"https:\/\/apuntesdesanluis.com\/index.php\/category\/opinion\/\" rel=\"category tag\">Opini\u00f3n<\/a>","tag_info":"Opini\u00f3n","comment_count":"0","_links":{"self":[{"href":"https:\/\/apuntesdesanluis.com\/index.php\/wp-json\/wp\/v2\/posts\/21258","targetHints":{"allow":["GET"]}}],"collection":[{"href":"https:\/\/apuntesdesanluis.com\/index.php\/wp-json\/wp\/v2\/posts"}],"about":[{"href":"https:\/\/apuntesdesanluis.com\/index.php\/wp-json\/wp\/v2\/types\/post"}],"author":[{"embeddable":true,"href":"https:\/\/apuntesdesanluis.com\/index.php\/wp-json\/wp\/v2\/users\/1"}],"replies":[{"embeddable":true,"href":"https:\/\/apuntesdesanluis.com\/index.php\/wp-json\/wp\/v2\/comments?post=21258"}],"version-history":[{"count":1,"href":"https:\/\/apuntesdesanluis.com\/index.php\/wp-json\/wp\/v2\/posts\/21258\/revisions"}],"predecessor-version":[{"id":21260,"href":"https:\/\/apuntesdesanluis.com\/index.php\/wp-json\/wp\/v2\/posts\/21258\/revisions\/21260"}],"wp:featuredmedia":[{"embeddable":true,"href":"https:\/\/apuntesdesanluis.com\/index.php\/wp-json\/wp\/v2\/media\/21259"}],"wp:attachment":[{"href":"https:\/\/apuntesdesanluis.com\/index.php\/wp-json\/wp\/v2\/media?parent=21258"}],"wp:term":[{"taxonomy":"category","embeddable":true,"href":"https:\/\/apuntesdesanluis.com\/index.php\/wp-json\/wp\/v2\/categories?post=21258"},{"taxonomy":"post_tag","embeddable":true,"href":"https:\/\/apuntesdesanluis.com\/index.php\/wp-json\/wp\/v2\/tags?post=21258"}],"curies":[{"name":"wp","href":"https:\/\/api.w.org\/{rel}","templated":true}]}}