{"id":21261,"date":"2024-08-24T23:29:54","date_gmt":"2024-08-25T02:29:54","guid":{"rendered":"https:\/\/apuntesdesanluis.com\/?p=21261"},"modified":"2024-08-24T23:29:54","modified_gmt":"2024-08-25T02:29:54","slug":"misiones-la-justicia-pidio-la-captura-internacional-del-ex-diputado-acusado-de-pedofilia","status":"publish","type":"post","link":"https:\/\/apuntesdesanluis.com\/index.php\/2024\/08\/24\/misiones-la-justicia-pidio-la-captura-internacional-del-ex-diputado-acusado-de-pedofilia\/","title":{"rendered":"MISIONES: LA JUSTICIA PIDI\u00d3 LA CAPTURA INTERNACIONAL DEL EX DIPUTADO ACUSADO DE PEDOFILIA"},"content":{"rendered":"<h3><strong>Germ\u00e1n Kiczka<\/strong> habr\u00eda salido del pa\u00eds en forma ilegal y por lo tanto es considerado pr\u00f3fugo.<\/h3>\n<h3>La polic\u00eda misionera intensific\u00f3 en las \u00faltimas horas la b\u00fasqueda del ex diputado provincial Germ\u00e1n Kiczka, acusado de integrar una red de pedofilia, luego de que la justicia solicitara su captura internacional al no ser hallado en el domicilio que hab\u00eda declarado.<\/h3>\n<h3>En consecuencia, las autoridades consideran que Kiczka est\u00e1 pr\u00f3fugo, e inclusive sospechan que habr\u00eda dejado el pa\u00eds por alg\u00fan paso fronterizo ilegal, ya que su supuesta salida no qued\u00f3 registrada en Migraciones.<\/h3>\n<h3>El jueves pasado la legislatura provincial aprob\u00f3 por mayor\u00eda el desafuero de Kiczka, quien no estuvo presente en la sesi\u00f3n, y desde ese momento es intensamente buscado por la polic\u00eda.<\/h3>\n<h3>Los efectivos realizaron sendos allanamientos en la ciudad de Ap\u00f3stoles, de donde es oriundo el ex legislador, al igual que su hermano Sebasti\u00e1n, tambi\u00e9n involucrado en la causa y con pedido de captura.<\/h3>\n<h3>El juez Miguel Angel Far\u00eda, a cargo del juzgado de Instrucci\u00f3n n\u00famero 4 de Ap\u00f3stoles, activ\u00f3 el pedido de captura a Interpol, luego de los intentos fallidos por localizar a Kiczka y tambi\u00e9n a su hermano en los domicilios que hab\u00edan declarado ante la justicia.<\/h3>\n<h3>Meses atr\u00e1s, y tras una investigaci\u00f3n iniciada en Estados Unidos, autoridades especializadas en cibercrimen encontraron material de pedofilia en distintos dispositivos del ex legislador, con im\u00e1genes de pornograf\u00eda infantil, incesto y zoofilia, adem\u00e1s de chats comprometedores.<\/h3>\n<p>&nbsp;<\/p>\n<p>&nbsp;<\/p>\n<p>&nbsp;<\/p>\n<p>&nbsp;<\/p>\n<p>&nbsp;<\/p>\n<p>&nbsp;<\/p>\n","protected":false},"excerpt":{"rendered":"<p>Germ\u00e1n Kiczka habr\u00eda salido del pa\u00eds en forma ilegal y por lo tanto es considerado&#8230;<\/p>\n","protected":false},"author":1,"featured_media":21262,"comment_status":"closed","ping_status":"closed","sticky":false,"template":"","format":"standard","meta":{"footnotes":""},"categories":[5],"tags":[],"class_list":["post-21261","post","type-post","status-publish","format-standard","has-post-thumbnail","hentry","category-nacionales-internacionales"],"yoast_head":"<!-- This site is optimized with the Yoast SEO plugin v26.1.1 - https:\/\/yoast.com\/wordpress\/plugins\/seo\/ -->\n<title>MISIONES: LA JUSTICIA PIDI\u00d3 LA CAPTURA INTERNACIONAL DEL EX DIPUTADO ACUSADO DE PEDOFILIA - Apuntes de San Luis<\/title>\n<meta name=\"robots\" content=\"index, follow, max-snippet:-1, max-image-preview:large, max-video-preview:-1\" \/>\n<link rel=\"canonical\" href=\"https:\/\/apuntesdesanluis.com\/index.php\/2024\/08\/24\/misiones-la-justicia-pidio-la-captura-internacional-del-ex-diputado-acusado-de-pedofilia\/\" \/>\n<meta property=\"og:locale\" content=\"es_ES\" \/>\n<meta property=\"og:type\" content=\"article\" \/>\n<meta property=\"og:title\" content=\"MISIONES: LA JUSTICIA PIDI\u00d3 LA CAPTURA INTERNACIONAL DEL EX DIPUTADO ACUSADO DE PEDOFILIA - Apuntes de San Luis\" \/>\n<meta property=\"og:description\" content=\"Germ\u00e1n Kiczka habr\u00eda salido del pa\u00eds en forma ilegal y por lo tanto es considerado...\" \/>\n<meta property=\"og:url\" content=\"https:\/\/apuntesdesanluis.com\/index.php\/2024\/08\/24\/misiones-la-justicia-pidio-la-captura-internacional-del-ex-diputado-acusado-de-pedofilia\/\" \/>\n<meta property=\"og:site_name\" content=\"Apuntes de San Luis\" \/>\n<meta property=\"article:published_time\" content=\"2024-08-25T02:29:54+00:00\" \/>\n<meta property=\"og:image\" content=\"https:\/\/apuntesdesanluis.com\/wp-content\/uploads\/2024\/08\/diputado-de-misiones.png\" \/>\n\t<meta property=\"og:image:width\" content=\"769\" \/>\n\t<meta property=\"og:image:height\" content=\"473\" \/>\n\t<meta property=\"og:image:type\" content=\"image\/png\" \/>\n<meta name=\"author\" content=\"apuntesdesanluis.com\" \/>\n<meta name=\"twitter:card\" content=\"summary_large_image\" \/>\n<meta name=\"twitter:label1\" content=\"Escrito por\" \/>\n\t<meta name=\"twitter:data1\" content=\"apuntesdesanluis.com\" \/>\n\t<meta name=\"twitter:label2\" content=\"Tiempo de lectura\" \/>\n\t<meta name=\"twitter:data2\" content=\"2 minutos\" \/>\n<script type=\"application\/ld+json\" class=\"yoast-schema-graph\">{\"@context\":\"https:\/\/schema.org\",\"@graph\":[{\"@type\":\"Article\",\"@id\":\"https:\/\/apuntesdesanluis.com\/index.php\/2024\/08\/24\/misiones-la-justicia-pidio-la-captura-internacional-del-ex-diputado-acusado-de-pedofilia\/#article\",\"isPartOf\":{\"@id\":\"https:\/\/apuntesdesanluis.com\/index.php\/2024\/08\/24\/misiones-la-justicia-pidio-la-captura-internacional-del-ex-diputado-acusado-de-pedofilia\/\"},\"author\":{\"name\":\"apuntesdesanluis.com\",\"@id\":\"https:\/\/apuntesdesanluis.com\/#\/schema\/person\/b55151d52296fcce64d1a72538a70b90\"},\"headline\":\"MISIONES: LA JUSTICIA PIDI\u00d3 LA CAPTURA INTERNACIONAL DEL EX DIPUTADO ACUSADO DE PEDOFILIA\",\"datePublished\":\"2024-08-25T02:29:54+00:00\",\"mainEntityOfPage\":{\"@id\":\"https:\/\/apuntesdesanluis.com\/index.php\/2024\/08\/24\/misiones-la-justicia-pidio-la-captura-internacional-del-ex-diputado-acusado-de-pedofilia\/\"},\"wordCount\":281,\"publisher\":{\"@id\":\"https:\/\/apuntesdesanluis.com\/#\/schema\/person\/b55151d52296fcce64d1a72538a70b90\"},\"image\":{\"@id\":\"https:\/\/apuntesdesanluis.com\/index.php\/2024\/08\/24\/misiones-la-justicia-pidio-la-captura-internacional-del-ex-diputado-acusado-de-pedofilia\/#primaryimage\"},\"thumbnailUrl\":\"https:\/\/apuntesdesanluis.com\/wp-content\/uploads\/2024\/08\/diputado-de-misiones.png\",\"articleSection\":[\"Nacionales\/Internacionales\"],\"inLanguage\":\"es-AR\"},{\"@type\":\"WebPage\",\"@id\":\"https:\/\/apuntesdesanluis.com\/index.php\/2024\/08\/24\/misiones-la-justicia-pidio-la-captura-internacional-del-ex-diputado-acusado-de-pedofilia\/\",\"url\":\"https:\/\/apuntesdesanluis.com\/index.php\/2024\/08\/24\/misiones-la-justicia-pidio-la-captura-internacional-del-ex-diputado-acusado-de-pedofilia\/\",\"name\":\"MISIONES: LA JUSTICIA PIDI\u00d3 LA CAPTURA INTERNACIONAL DEL EX DIPUTADO ACUSADO DE PEDOFILIA - Apuntes de San Luis\",\"isPartOf\":{\"@id\":\"https:\/\/apuntesdesanluis.com\/#website\"},\"primaryImageOfPage\":{\"@id\":\"https:\/\/apuntesdesanluis.com\/index.php\/2024\/08\/24\/misiones-la-justicia-pidio-la-captura-internacional-del-ex-diputado-acusado-de-pedofilia\/#primaryimage\"},\"image\":{\"@id\":\"https:\/\/apuntesdesanluis.com\/index.php\/2024\/08\/24\/misiones-la-justicia-pidio-la-captura-internacional-del-ex-diputado-acusado-de-pedofilia\/#primaryimage\"},\"thumbnailUrl\":\"https:\/\/apuntesdesanluis.com\/wp-content\/uploads\/2024\/08\/diputado-de-misiones.png\",\"datePublished\":\"2024-08-25T02:29:54+00:00\",\"breadcrumb\":{\"@id\":\"https:\/\/apuntesdesanluis.com\/index.php\/2024\/08\/24\/misiones-la-justicia-pidio-la-captura-internacional-del-ex-diputado-acusado-de-pedofilia\/#breadcrumb\"},\"inLanguage\":\"es-AR\",\"potentialAction\":[{\"@type\":\"ReadAction\",\"target\":[\"https:\/\/apuntesdesanluis.com\/index.php\/2024\/08\/24\/misiones-la-justicia-pidio-la-captura-internacional-del-ex-diputado-acusado-de-pedofilia\/\"]}]},{\"@type\":\"ImageObject\",\"inLanguage\":\"es-AR\",\"@id\":\"https:\/\/apuntesdesanluis.com\/index.php\/2024\/08\/24\/misiones-la-justicia-pidio-la-captura-internacional-del-ex-diputado-acusado-de-pedofilia\/#primaryimage\",\"url\":\"https:\/\/apuntesdesanluis.com\/wp-content\/uploads\/2024\/08\/diputado-de-misiones.png\",\"contentUrl\":\"https:\/\/apuntesdesanluis.com\/wp-content\/uploads\/2024\/08\/diputado-de-misiones.png\",\"width\":769,\"height\":473},{\"@type\":\"BreadcrumbList\",\"@id\":\"https:\/\/apuntesdesanluis.com\/index.php\/2024\/08\/24\/misiones-la-justicia-pidio-la-captura-internacional-del-ex-diputado-acusado-de-pedofilia\/#breadcrumb\",\"itemListElement\":[{\"@type\":\"ListItem\",\"position\":1,\"name\":\"Inicio\",\"item\":\"https:\/\/apuntesdesanluis.com\/\"},{\"@type\":\"ListItem\",\"position\":2,\"name\":\"MISIONES: LA JUSTICIA PIDI\u00d3 LA CAPTURA INTERNACIONAL DEL EX DIPUTADO ACUSADO DE PEDOFILIA\"}]},{\"@type\":\"WebSite\",\"@id\":\"https:\/\/apuntesdesanluis.com\/#website\",\"url\":\"https:\/\/apuntesdesanluis.com\/\",\"name\":\"Apuntes de San Luis\",\"description\":\"\",\"publisher\":{\"@id\":\"https:\/\/apuntesdesanluis.com\/#\/schema\/person\/b55151d52296fcce64d1a72538a70b90\"},\"potentialAction\":[{\"@type\":\"SearchAction\",\"target\":{\"@type\":\"EntryPoint\",\"urlTemplate\":\"https:\/\/apuntesdesanluis.com\/?s={search_term_string}\"},\"query-input\":{\"@type\":\"PropertyValueSpecification\",\"valueRequired\":true,\"valueName\":\"search_term_string\"}}],\"inLanguage\":\"es-AR\"},{\"@type\":[\"Person\",\"Organization\"],\"@id\":\"https:\/\/apuntesdesanluis.com\/#\/schema\/person\/b55151d52296fcce64d1a72538a70b90\",\"name\":\"apuntesdesanluis.com\",\"image\":{\"@type\":\"ImageObject\",\"inLanguage\":\"es-AR\",\"@id\":\"https:\/\/apuntesdesanluis.com\/#\/schema\/person\/image\/\",\"url\":\"https:\/\/apuntesdesanluis.com\/wp-content\/uploads\/2023\/07\/cropped-apuntesdesanluis.png\",\"contentUrl\":\"https:\/\/apuntesdesanluis.com\/wp-content\/uploads\/2023\/07\/cropped-apuntesdesanluis.png\",\"width\":450,\"height\":112,\"caption\":\"apuntesdesanluis.com\"},\"logo\":{\"@id\":\"https:\/\/apuntesdesanluis.com\/#\/schema\/person\/image\/\"},\"sameAs\":[\"https:\/\/apuntesdesanluis.com\"],\"url\":\"https:\/\/apuntesdesanluis.com\/index.php\/author\/apuntesdesanluis-com\/\"}]}<\/script>\n<!-- \/ Yoast SEO plugin. -->","yoast_head_json":{"title":"MISIONES: LA JUSTICIA PIDI\u00d3 LA CAPTURA INTERNACIONAL DEL EX DIPUTADO ACUSADO DE PEDOFILIA - Apuntes de San Luis","robots":{"index":"index","follow":"follow","max-snippet":"max-snippet:-1","max-image-preview":"max-image-preview:large","max-video-preview":"max-video-preview:-1"},"canonical":"https:\/\/apuntesdesanluis.com\/index.php\/2024\/08\/24\/misiones-la-justicia-pidio-la-captura-internacional-del-ex-diputado-acusado-de-pedofilia\/","og_locale":"es_ES","og_type":"article","og_title":"MISIONES: LA JUSTICIA PIDI\u00d3 LA CAPTURA INTERNACIONAL DEL EX DIPUTADO ACUSADO DE PEDOFILIA - Apuntes de San Luis","og_description":"Germ\u00e1n Kiczka habr\u00eda salido del pa\u00eds en forma ilegal y por lo tanto es considerado...","og_url":"https:\/\/apuntesdesanluis.com\/index.php\/2024\/08\/24\/misiones-la-justicia-pidio-la-captura-internacional-del-ex-diputado-acusado-de-pedofilia\/","og_site_name":"Apuntes de San Luis","article_published_time":"2024-08-25T02:29:54+00:00","og_image":[{"width":769,"height":473,"url":"https:\/\/apuntesdesanluis.com\/wp-content\/uploads\/2024\/08\/diputado-de-misiones.png","type":"image\/png"}],"author":"apuntesdesanluis.com","twitter_card":"summary_large_image","twitter_misc":{"Escrito por":"apuntesdesanluis.com","Tiempo de lectura":"2 minutos"},"schema":{"@context":"https:\/\/schema.org","@graph":[{"@type":"Article","@id":"https:\/\/apuntesdesanluis.com\/index.php\/2024\/08\/24\/misiones-la-justicia-pidio-la-captura-internacional-del-ex-diputado-acusado-de-pedofilia\/#article","isPartOf":{"@id":"https:\/\/apuntesdesanluis.com\/index.php\/2024\/08\/24\/misiones-la-justicia-pidio-la-captura-internacional-del-ex-diputado-acusado-de-pedofilia\/"},"author":{"name":"apuntesdesanluis.com","@id":"https:\/\/apuntesdesanluis.com\/#\/schema\/person\/b55151d52296fcce64d1a72538a70b90"},"headline":"MISIONES: LA JUSTICIA PIDI\u00d3 LA CAPTURA INTERNACIONAL DEL EX DIPUTADO ACUSADO DE PEDOFILIA","datePublished":"2024-08-25T02:29:54+00:00","mainEntityOfPage":{"@id":"https:\/\/apuntesdesanluis.com\/index.php\/2024\/08\/24\/misiones-la-justicia-pidio-la-captura-internacional-del-ex-diputado-acusado-de-pedofilia\/"},"wordCount":281,"publisher":{"@id":"https:\/\/apuntesdesanluis.com\/#\/schema\/person\/b55151d52296fcce64d1a72538a70b90"},"image":{"@id":"https:\/\/apuntesdesanluis.com\/index.php\/2024\/08\/24\/misiones-la-justicia-pidio-la-captura-internacional-del-ex-diputado-acusado-de-pedofilia\/#primaryimage"},"thumbnailUrl":"https:\/\/apuntesdesanluis.com\/wp-content\/uploads\/2024\/08\/diputado-de-misiones.png","articleSection":["Nacionales\/Internacionales"],"inLanguage":"es-AR"},{"@type":"WebPage","@id":"https:\/\/apuntesdesanluis.com\/index.php\/2024\/08\/24\/misiones-la-justicia-pidio-la-captura-internacional-del-ex-diputado-acusado-de-pedofilia\/","url":"https:\/\/apuntesdesanluis.com\/index.php\/2024\/08\/24\/misiones-la-justicia-pidio-la-captura-internacional-del-ex-diputado-acusado-de-pedofilia\/","name":"MISIONES: LA JUSTICIA PIDI\u00d3 LA CAPTURA INTERNACIONAL DEL EX DIPUTADO ACUSADO DE PEDOFILIA - Apuntes de San Luis","isPartOf":{"@id":"https:\/\/apuntesdesanluis.com\/#website"},"primaryImageOfPage":{"@id":"https:\/\/apuntesdesanluis.com\/index.php\/2024\/08\/24\/misiones-la-justicia-pidio-la-captura-internacional-del-ex-diputado-acusado-de-pedofilia\/#primaryimage"},"image":{"@id":"https:\/\/apuntesdesanluis.com\/index.php\/2024\/08\/24\/misiones-la-justicia-pidio-la-captura-internacional-del-ex-diputado-acusado-de-pedofilia\/#primaryimage"},"thumbnailUrl":"https:\/\/apuntesdesanluis.com\/wp-content\/uploads\/2024\/08\/diputado-de-misiones.png","datePublished":"2024-08-25T02:29:54+00:00","breadcrumb":{"@id":"https:\/\/apuntesdesanluis.com\/index.php\/2024\/08\/24\/misiones-la-justicia-pidio-la-captura-internacional-del-ex-diputado-acusado-de-pedofilia\/#breadcrumb"},"inLanguage":"es-AR","potentialAction":[{"@type":"ReadAction","target":["https:\/\/apuntesdesanluis.com\/index.php\/2024\/08\/24\/misiones-la-justicia-pidio-la-captura-internacional-del-ex-diputado-acusado-de-pedofilia\/"]}]},{"@type":"ImageObject","inLanguage":"es-AR","@id":"https:\/\/apuntesdesanluis.com\/index.php\/2024\/08\/24\/misiones-la-justicia-pidio-la-captura-internacional-del-ex-diputado-acusado-de-pedofilia\/#primaryimage","url":"https:\/\/apuntesdesanluis.com\/wp-content\/uploads\/2024\/08\/diputado-de-misiones.png","contentUrl":"https:\/\/apuntesdesanluis.com\/wp-content\/uploads\/2024\/08\/diputado-de-misiones.png","width":769,"height":473},{"@type":"BreadcrumbList","@id":"https:\/\/apuntesdesanluis.com\/index.php\/2024\/08\/24\/misiones-la-justicia-pidio-la-captura-internacional-del-ex-diputado-acusado-de-pedofilia\/#breadcrumb","itemListElement":[{"@type":"ListItem","position":1,"name":"Inicio","item":"https:\/\/apuntesdesanluis.com\/"},{"@type":"ListItem","position":2,"name":"MISIONES: LA JUSTICIA PIDI\u00d3 LA CAPTURA INTERNACIONAL DEL EX DIPUTADO ACUSADO DE PEDOFILIA"}]},{"@type":"WebSite","@id":"https:\/\/apuntesdesanluis.com\/#website","url":"https:\/\/apuntesdesanluis.com\/","name":"Apuntes de San Luis","description":"","publisher":{"@id":"https:\/\/apuntesdesanluis.com\/#\/schema\/person\/b55151d52296fcce64d1a72538a70b90"},"potentialAction":[{"@type":"SearchAction","target":{"@type":"EntryPoint","urlTemplate":"https:\/\/apuntesdesanluis.com\/?s={search_term_string}"},"query-input":{"@type":"PropertyValueSpecification","valueRequired":true,"valueName":"search_term_string"}}],"inLanguage":"es-AR"},{"@type":["Person","Organization"],"@id":"https:\/\/apuntesdesanluis.com\/#\/schema\/person\/b55151d52296fcce64d1a72538a70b90","name":"apuntesdesanluis.com","image":{"@type":"ImageObject","inLanguage":"es-AR","@id":"https:\/\/apuntesdesanluis.com\/#\/schema\/person\/image\/","url":"https:\/\/apuntesdesanluis.com\/wp-content\/uploads\/2023\/07\/cropped-apuntesdesanluis.png","contentUrl":"https:\/\/apuntesdesanluis.com\/wp-content\/uploads\/2023\/07\/cropped-apuntesdesanluis.png","width":450,"height":112,"caption":"apuntesdesanluis.com"},"logo":{"@id":"https:\/\/apuntesdesanluis.com\/#\/schema\/person\/image\/"},"sameAs":["https:\/\/apuntesdesanluis.com"],"url":"https:\/\/apuntesdesanluis.com\/index.php\/author\/apuntesdesanluis-com\/"}]}},"featured_image_urls":{"full":["https:\/\/apuntesdesanluis.com\/wp-content\/uploads\/2024\/08\/diputado-de-misiones.png",769,473,false],"thumbnail":["https:\/\/apuntesdesanluis.com\/wp-content\/uploads\/2024\/08\/diputado-de-misiones-150x150.png",150,150,true],"medium":["https:\/\/apuntesdesanluis.com\/wp-content\/uploads\/2024\/08\/diputado-de-misiones-300x185.png",300,185,true],"medium_large":["https:\/\/apuntesdesanluis.com\/wp-content\/uploads\/2024\/08\/diputado-de-misiones.png",640,394,false],"large":["https:\/\/apuntesdesanluis.com\/wp-content\/uploads\/2024\/08\/diputado-de-misiones.png",640,394,false],"1536x1536":["https:\/\/apuntesdesanluis.com\/wp-content\/uploads\/2024\/08\/diputado-de-misiones.png",769,473,false],"2048x2048":["https:\/\/apuntesdesanluis.com\/wp-content\/uploads\/2024\/08\/diputado-de-misiones.png",769,473,false],"newsever-slider-full":["https:\/\/apuntesdesanluis.com\/wp-content\/uploads\/2024\/08\/diputado-de-misiones.png",769,473,false],"newsever-featured":["https:\/\/apuntesdesanluis.com\/wp-content\/uploads\/2024\/08\/diputado-de-misiones.png",769,473,false],"newsever-medium":["https:\/\/apuntesdesanluis.com\/wp-content\/uploads\/2024\/08\/diputado-de-misiones-720x473.png",720,473,true]},"author_info":{"display_name":"apuntesdesanluis.com","author_link":"https:\/\/apuntesdesanluis.com\/index.php\/author\/apuntesdesanluis-com\/"},"category_info":"<a href=\"https:\/\/apuntesdesanluis.com\/index.php\/category\/nacionales-internacionales\/\" rel=\"category tag\">Nacionales\/Internacionales<\/a>","tag_info":"Nacionales\/Internacionales","comment_count":"0","_links":{"self":[{"href":"https:\/\/apuntesdesanluis.com\/index.php\/wp-json\/wp\/v2\/posts\/21261","targetHints":{"allow":["GET"]}}],"collection":[{"href":"https:\/\/apuntesdesanluis.com\/index.php\/wp-json\/wp\/v2\/posts"}],"about":[{"href":"https:\/\/apuntesdesanluis.com\/index.php\/wp-json\/wp\/v2\/types\/post"}],"author":[{"embeddable":true,"href":"https:\/\/apuntesdesanluis.com\/index.php\/wp-json\/wp\/v2\/users\/1"}],"replies":[{"embeddable":true,"href":"https:\/\/apuntesdesanluis.com\/index.php\/wp-json\/wp\/v2\/comments?post=21261"}],"version-history":[{"count":1,"href":"https:\/\/apuntesdesanluis.com\/index.php\/wp-json\/wp\/v2\/posts\/21261\/revisions"}],"predecessor-version":[{"id":21263,"href":"https:\/\/apuntesdesanluis.com\/index.php\/wp-json\/wp\/v2\/posts\/21261\/revisions\/21263"}],"wp:featuredmedia":[{"embeddable":true,"href":"https:\/\/apuntesdesanluis.com\/index.php\/wp-json\/wp\/v2\/media\/21262"}],"wp:attachment":[{"href":"https:\/\/apuntesdesanluis.com\/index.php\/wp-json\/wp\/v2\/media?parent=21261"}],"wp:term":[{"taxonomy":"category","embeddable":true,"href":"https:\/\/apuntesdesanluis.com\/index.php\/wp-json\/wp\/v2\/categories?post=21261"},{"taxonomy":"post_tag","embeddable":true,"href":"https:\/\/apuntesdesanluis.com\/index.php\/wp-json\/wp\/v2\/tags?post=21261"}],"curies":[{"name":"wp","href":"https:\/\/api.w.org\/{rel}","templated":true}]}}