{"id":2127,"date":"2023-08-26T18:59:52","date_gmt":"2023-08-26T21:59:52","guid":{"rendered":"https:\/\/apuntesdesanluis.com\/?p=2127"},"modified":"2023-08-26T19:00:18","modified_gmt":"2023-08-26T22:00:18","slug":"presentaron-el-avance-de-la-pelicula-que-revive-la-tragedia-del-avion-uruguayo-que-se-estrello-en-los-andes","status":"publish","type":"post","link":"https:\/\/apuntesdesanluis.com\/index.php\/2023\/08\/26\/presentaron-el-avance-de-la-pelicula-que-revive-la-tragedia-del-avion-uruguayo-que-se-estrello-en-los-andes\/","title":{"rendered":"PRESENTARON EL AVANCE DE LA PEL\u00cdCULA QUE REVIVE LA TRAGEDIA DEL AVI\u00d3N URUGUAYO QUE SE ESTRELL\u00d3 EN LOS ANDES"},"content":{"rendered":"<h3>&#8220;<strong>La Sociedad de la Nieve<\/strong>&#8220;, dirigida por Juan Antonio Bayona y producida por Nettflix, present\u00f3 su primer avance y arte principal, ofreciendo un vistazo emocionante a la historia de supervivencia basada en hechos reales. La pel\u00edcula se estrenar\u00e1 en el Festival de Cine de Venecia y luego en Netflix, narrando la lucha de un grupo de sobrevivientes tras un accidente a\u00e9reo en los Andes en 1972.<\/h3>\n<h3>La anticipada pel\u00edcula &#8220;La Sociedad de la Nieve&#8221; dirigida por Juan Antonio Bayona est\u00e1 lista para cautivar a la audiencia con su emocionante trama y talentoso elenco. El filme, basado en el libro hom\u00f3nimo de Pablo Vierci, narra una historia de supervivencia que atrapar\u00e1 a los espectadores desde el primer momento.<\/h3>\n<h3>La pel\u00edcula, producida por Bel\u00e9n Atienza y Sandra Hermida, cuenta con un equipo de renombrados profesionales en la industria cinematogr\u00e1fica. El elenco est\u00e1 conformado por talentosos actores como Enzo Vogrincic, Agust\u00edn Pardella, Mat\u00edas Recalt, Esteban Bigliardi, Diego Vegezzi, Fernando Contigiani Garc\u00eda, Esteban Kukuriczka y muchos m\u00e1s, quienes dar\u00e1n vida a los sobrevivientes del tr\u00e1gico accidente a\u00e9reo de 1972.<\/h3>\n<p><iframe title=\"La sociedad de la nieve | Avance oficial | Netflix Espa\u00f1a\" width=\"640\" height=\"360\" src=\"https:\/\/www.youtube.com\/embed\/Hb3GAhD1ev0?feature=oembed\" frameborder=\"0\" allow=\"accelerometer; autoplay; clipboard-write; encrypted-media; gyroscope; picture-in-picture; web-share\" referrerpolicy=\"strict-origin-when-cross-origin\" allowfullscreen><\/iframe><\/p>\n<h3>La trama se centra en el vuelo 571 de la Fuerza A\u00e9rea Uruguaya, que se estrella en los Andes dejando a un grupo de jugadores de rugby luchando por sobrevivir en condiciones extremadamente hostiles. A medida que se enfrentan a la desesperaci\u00f3n y a la inaccesibilidad de su entorno, se ven forzados a tomar decisiones extremas para sobrevivir.<\/h3>\n<h3>La espera por este emocionante largometraje est\u00e1 por llegar a su fin. &#8220;La Sociedad de la Nieve&#8221; har\u00e1 su debut mundial en el Festival de Cine de Venecia el 9 de septiembre, seguido de su participaci\u00f3n en la Secci\u00f3n Perlak del Festival de Cine de San Sebasti\u00e1n. La pel\u00edcula, que promete ser una experiencia inolvidable, llegar\u00e1 pr\u00f3ximamente a Netflix, ofreciendo a los espectadores una dosis de intriga, emoci\u00f3n y una historia de lucha y supervivencia en un entorno implacable.<\/h3>\n<p>&nbsp;<\/p>\n","protected":false},"excerpt":{"rendered":"<p>&#8220;La Sociedad de la Nieve&#8220;, dirigida por Juan Antonio Bayona y producida por Nettflix, present\u00f3&#8230;<\/p>\n","protected":false},"author":1,"featured_media":2128,"comment_status":"closed","ping_status":"closed","sticky":false,"template":"","format":"standard","meta":{"footnotes":""},"categories":[5],"tags":[],"class_list":["post-2127","post","type-post","status-publish","format-standard","has-post-thumbnail","hentry","category-nacionales-internacionales"],"yoast_head":"<!-- This site is optimized with the Yoast SEO plugin v26.1.1 - https:\/\/yoast.com\/wordpress\/plugins\/seo\/ -->\n<title>PRESENTARON EL AVANCE DE LA PEL\u00cdCULA QUE REVIVE LA TRAGEDIA DEL AVI\u00d3N URUGUAYO QUE SE ESTRELL\u00d3 EN LOS ANDES - Apuntes de San Luis<\/title>\n<meta name=\"robots\" content=\"index, follow, max-snippet:-1, max-image-preview:large, max-video-preview:-1\" \/>\n<link rel=\"canonical\" href=\"https:\/\/apuntesdesanluis.com\/index.php\/2023\/08\/26\/presentaron-el-avance-de-la-pelicula-que-revive-la-tragedia-del-avion-uruguayo-que-se-estrello-en-los-andes\/\" \/>\n<meta property=\"og:locale\" content=\"es_ES\" \/>\n<meta property=\"og:type\" content=\"article\" \/>\n<meta property=\"og:title\" content=\"PRESENTARON EL AVANCE DE LA PEL\u00cdCULA QUE REVIVE LA TRAGEDIA DEL AVI\u00d3N URUGUAYO QUE SE ESTRELL\u00d3 EN LOS ANDES - Apuntes de San Luis\" \/>\n<meta property=\"og:description\" content=\"&#8220;La Sociedad de la Nieve&#8220;, dirigida por Juan Antonio Bayona y producida por Nettflix, present\u00f3...\" \/>\n<meta property=\"og:url\" content=\"https:\/\/apuntesdesanluis.com\/index.php\/2023\/08\/26\/presentaron-el-avance-de-la-pelicula-que-revive-la-tragedia-del-avion-uruguayo-que-se-estrello-en-los-andes\/\" \/>\n<meta property=\"og:site_name\" content=\"Apuntes de San Luis\" \/>\n<meta property=\"article:published_time\" content=\"2023-08-26T21:59:52+00:00\" \/>\n<meta property=\"article:modified_time\" content=\"2023-08-26T22:00:18+00:00\" \/>\n<meta property=\"og:image\" content=\"https:\/\/apuntesdesanluis.com\/wp-content\/uploads\/2023\/08\/PELICULA.png\" \/>\n\t<meta property=\"og:image:width\" content=\"600\" \/>\n\t<meta property=\"og:image:height\" content=\"375\" \/>\n\t<meta property=\"og:image:type\" content=\"image\/png\" \/>\n<meta name=\"author\" content=\"apuntesdesanluis.com\" \/>\n<meta name=\"twitter:card\" content=\"summary_large_image\" \/>\n<meta name=\"twitter:label1\" content=\"Escrito por\" \/>\n\t<meta name=\"twitter:data1\" content=\"apuntesdesanluis.com\" \/>\n\t<meta name=\"twitter:label2\" content=\"Tiempo de lectura\" \/>\n\t<meta name=\"twitter:data2\" content=\"2 minutos\" \/>\n<script type=\"application\/ld+json\" class=\"yoast-schema-graph\">{\"@context\":\"https:\/\/schema.org\",\"@graph\":[{\"@type\":\"Article\",\"@id\":\"https:\/\/apuntesdesanluis.com\/index.php\/2023\/08\/26\/presentaron-el-avance-de-la-pelicula-que-revive-la-tragedia-del-avion-uruguayo-que-se-estrello-en-los-andes\/#article\",\"isPartOf\":{\"@id\":\"https:\/\/apuntesdesanluis.com\/index.php\/2023\/08\/26\/presentaron-el-avance-de-la-pelicula-que-revive-la-tragedia-del-avion-uruguayo-que-se-estrello-en-los-andes\/\"},\"author\":{\"name\":\"apuntesdesanluis.com\",\"@id\":\"https:\/\/apuntesdesanluis.com\/#\/schema\/person\/b55151d52296fcce64d1a72538a70b90\"},\"headline\":\"PRESENTARON EL AVANCE DE LA PEL\u00cdCULA QUE REVIVE LA TRAGEDIA DEL AVI\u00d3N URUGUAYO QUE SE ESTRELL\u00d3 EN LOS ANDES\",\"datePublished\":\"2023-08-26T21:59:52+00:00\",\"dateModified\":\"2023-08-26T22:00:18+00:00\",\"mainEntityOfPage\":{\"@id\":\"https:\/\/apuntesdesanluis.com\/index.php\/2023\/08\/26\/presentaron-el-avance-de-la-pelicula-que-revive-la-tragedia-del-avion-uruguayo-que-se-estrello-en-los-andes\/\"},\"wordCount\":363,\"publisher\":{\"@id\":\"https:\/\/apuntesdesanluis.com\/#\/schema\/person\/b55151d52296fcce64d1a72538a70b90\"},\"image\":{\"@id\":\"https:\/\/apuntesdesanluis.com\/index.php\/2023\/08\/26\/presentaron-el-avance-de-la-pelicula-que-revive-la-tragedia-del-avion-uruguayo-que-se-estrello-en-los-andes\/#primaryimage\"},\"thumbnailUrl\":\"https:\/\/apuntesdesanluis.com\/wp-content\/uploads\/2023\/08\/PELICULA.png\",\"articleSection\":[\"Nacionales\/Internacionales\"],\"inLanguage\":\"es-AR\"},{\"@type\":\"WebPage\",\"@id\":\"https:\/\/apuntesdesanluis.com\/index.php\/2023\/08\/26\/presentaron-el-avance-de-la-pelicula-que-revive-la-tragedia-del-avion-uruguayo-que-se-estrello-en-los-andes\/\",\"url\":\"https:\/\/apuntesdesanluis.com\/index.php\/2023\/08\/26\/presentaron-el-avance-de-la-pelicula-que-revive-la-tragedia-del-avion-uruguayo-que-se-estrello-en-los-andes\/\",\"name\":\"PRESENTARON EL AVANCE DE LA PEL\u00cdCULA QUE REVIVE LA TRAGEDIA DEL AVI\u00d3N URUGUAYO QUE SE ESTRELL\u00d3 EN LOS ANDES - Apuntes de San Luis\",\"isPartOf\":{\"@id\":\"https:\/\/apuntesdesanluis.com\/#website\"},\"primaryImageOfPage\":{\"@id\":\"https:\/\/apuntesdesanluis.com\/index.php\/2023\/08\/26\/presentaron-el-avance-de-la-pelicula-que-revive-la-tragedia-del-avion-uruguayo-que-se-estrello-en-los-andes\/#primaryimage\"},\"image\":{\"@id\":\"https:\/\/apuntesdesanluis.com\/index.php\/2023\/08\/26\/presentaron-el-avance-de-la-pelicula-que-revive-la-tragedia-del-avion-uruguayo-que-se-estrello-en-los-andes\/#primaryimage\"},\"thumbnailUrl\":\"https:\/\/apuntesdesanluis.com\/wp-content\/uploads\/2023\/08\/PELICULA.png\",\"datePublished\":\"2023-08-26T21:59:52+00:00\",\"dateModified\":\"2023-08-26T22:00:18+00:00\",\"breadcrumb\":{\"@id\":\"https:\/\/apuntesdesanluis.com\/index.php\/2023\/08\/26\/presentaron-el-avance-de-la-pelicula-que-revive-la-tragedia-del-avion-uruguayo-que-se-estrello-en-los-andes\/#breadcrumb\"},\"inLanguage\":\"es-AR\",\"potentialAction\":[{\"@type\":\"ReadAction\",\"target\":[\"https:\/\/apuntesdesanluis.com\/index.php\/2023\/08\/26\/presentaron-el-avance-de-la-pelicula-que-revive-la-tragedia-del-avion-uruguayo-que-se-estrello-en-los-andes\/\"]}]},{\"@type\":\"ImageObject\",\"inLanguage\":\"es-AR\",\"@id\":\"https:\/\/apuntesdesanluis.com\/index.php\/2023\/08\/26\/presentaron-el-avance-de-la-pelicula-que-revive-la-tragedia-del-avion-uruguayo-que-se-estrello-en-los-andes\/#primaryimage\",\"url\":\"https:\/\/apuntesdesanluis.com\/wp-content\/uploads\/2023\/08\/PELICULA.png\",\"contentUrl\":\"https:\/\/apuntesdesanluis.com\/wp-content\/uploads\/2023\/08\/PELICULA.png\",\"width\":600,\"height\":375},{\"@type\":\"BreadcrumbList\",\"@id\":\"https:\/\/apuntesdesanluis.com\/index.php\/2023\/08\/26\/presentaron-el-avance-de-la-pelicula-que-revive-la-tragedia-del-avion-uruguayo-que-se-estrello-en-los-andes\/#breadcrumb\",\"itemListElement\":[{\"@type\":\"ListItem\",\"position\":1,\"name\":\"Inicio\",\"item\":\"https:\/\/apuntesdesanluis.com\/\"},{\"@type\":\"ListItem\",\"position\":2,\"name\":\"PRESENTARON EL AVANCE DE LA PEL\u00cdCULA QUE REVIVE LA TRAGEDIA DEL AVI\u00d3N URUGUAYO QUE SE ESTRELL\u00d3 EN LOS ANDES\"}]},{\"@type\":\"WebSite\",\"@id\":\"https:\/\/apuntesdesanluis.com\/#website\",\"url\":\"https:\/\/apuntesdesanluis.com\/\",\"name\":\"Apuntes de San Luis\",\"description\":\"\",\"publisher\":{\"@id\":\"https:\/\/apuntesdesanluis.com\/#\/schema\/person\/b55151d52296fcce64d1a72538a70b90\"},\"potentialAction\":[{\"@type\":\"SearchAction\",\"target\":{\"@type\":\"EntryPoint\",\"urlTemplate\":\"https:\/\/apuntesdesanluis.com\/?s={search_term_string}\"},\"query-input\":{\"@type\":\"PropertyValueSpecification\",\"valueRequired\":true,\"valueName\":\"search_term_string\"}}],\"inLanguage\":\"es-AR\"},{\"@type\":[\"Person\",\"Organization\"],\"@id\":\"https:\/\/apuntesdesanluis.com\/#\/schema\/person\/b55151d52296fcce64d1a72538a70b90\",\"name\":\"apuntesdesanluis.com\",\"image\":{\"@type\":\"ImageObject\",\"inLanguage\":\"es-AR\",\"@id\":\"https:\/\/apuntesdesanluis.com\/#\/schema\/person\/image\/\",\"url\":\"https:\/\/apuntesdesanluis.com\/wp-content\/uploads\/2023\/07\/cropped-apuntesdesanluis.png\",\"contentUrl\":\"https:\/\/apuntesdesanluis.com\/wp-content\/uploads\/2023\/07\/cropped-apuntesdesanluis.png\",\"width\":450,\"height\":112,\"caption\":\"apuntesdesanluis.com\"},\"logo\":{\"@id\":\"https:\/\/apuntesdesanluis.com\/#\/schema\/person\/image\/\"},\"sameAs\":[\"https:\/\/apuntesdesanluis.com\"],\"url\":\"https:\/\/apuntesdesanluis.com\/index.php\/author\/apuntesdesanluis-com\/\"}]}<\/script>\n<!-- \/ Yoast SEO plugin. -->","yoast_head_json":{"title":"PRESENTARON EL AVANCE DE LA PEL\u00cdCULA QUE REVIVE LA TRAGEDIA DEL AVI\u00d3N URUGUAYO QUE SE ESTRELL\u00d3 EN LOS ANDES - Apuntes de San Luis","robots":{"index":"index","follow":"follow","max-snippet":"max-snippet:-1","max-image-preview":"max-image-preview:large","max-video-preview":"max-video-preview:-1"},"canonical":"https:\/\/apuntesdesanluis.com\/index.php\/2023\/08\/26\/presentaron-el-avance-de-la-pelicula-que-revive-la-tragedia-del-avion-uruguayo-que-se-estrello-en-los-andes\/","og_locale":"es_ES","og_type":"article","og_title":"PRESENTARON EL AVANCE DE LA PEL\u00cdCULA QUE REVIVE LA TRAGEDIA DEL AVI\u00d3N URUGUAYO QUE SE ESTRELL\u00d3 EN LOS ANDES - Apuntes de San Luis","og_description":"&#8220;La Sociedad de la Nieve&#8220;, dirigida por Juan Antonio Bayona y producida por Nettflix, present\u00f3...","og_url":"https:\/\/apuntesdesanluis.com\/index.php\/2023\/08\/26\/presentaron-el-avance-de-la-pelicula-que-revive-la-tragedia-del-avion-uruguayo-que-se-estrello-en-los-andes\/","og_site_name":"Apuntes de San Luis","article_published_time":"2023-08-26T21:59:52+00:00","article_modified_time":"2023-08-26T22:00:18+00:00","og_image":[{"width":600,"height":375,"url":"https:\/\/apuntesdesanluis.com\/wp-content\/uploads\/2023\/08\/PELICULA.png","type":"image\/png"}],"author":"apuntesdesanluis.com","twitter_card":"summary_large_image","twitter_misc":{"Escrito por":"apuntesdesanluis.com","Tiempo de lectura":"2 minutos"},"schema":{"@context":"https:\/\/schema.org","@graph":[{"@type":"Article","@id":"https:\/\/apuntesdesanluis.com\/index.php\/2023\/08\/26\/presentaron-el-avance-de-la-pelicula-que-revive-la-tragedia-del-avion-uruguayo-que-se-estrello-en-los-andes\/#article","isPartOf":{"@id":"https:\/\/apuntesdesanluis.com\/index.php\/2023\/08\/26\/presentaron-el-avance-de-la-pelicula-que-revive-la-tragedia-del-avion-uruguayo-que-se-estrello-en-los-andes\/"},"author":{"name":"apuntesdesanluis.com","@id":"https:\/\/apuntesdesanluis.com\/#\/schema\/person\/b55151d52296fcce64d1a72538a70b90"},"headline":"PRESENTARON EL AVANCE DE LA PEL\u00cdCULA QUE REVIVE LA TRAGEDIA DEL AVI\u00d3N URUGUAYO QUE SE ESTRELL\u00d3 EN LOS ANDES","datePublished":"2023-08-26T21:59:52+00:00","dateModified":"2023-08-26T22:00:18+00:00","mainEntityOfPage":{"@id":"https:\/\/apuntesdesanluis.com\/index.php\/2023\/08\/26\/presentaron-el-avance-de-la-pelicula-que-revive-la-tragedia-del-avion-uruguayo-que-se-estrello-en-los-andes\/"},"wordCount":363,"publisher":{"@id":"https:\/\/apuntesdesanluis.com\/#\/schema\/person\/b55151d52296fcce64d1a72538a70b90"},"image":{"@id":"https:\/\/apuntesdesanluis.com\/index.php\/2023\/08\/26\/presentaron-el-avance-de-la-pelicula-que-revive-la-tragedia-del-avion-uruguayo-que-se-estrello-en-los-andes\/#primaryimage"},"thumbnailUrl":"https:\/\/apuntesdesanluis.com\/wp-content\/uploads\/2023\/08\/PELICULA.png","articleSection":["Nacionales\/Internacionales"],"inLanguage":"es-AR"},{"@type":"WebPage","@id":"https:\/\/apuntesdesanluis.com\/index.php\/2023\/08\/26\/presentaron-el-avance-de-la-pelicula-que-revive-la-tragedia-del-avion-uruguayo-que-se-estrello-en-los-andes\/","url":"https:\/\/apuntesdesanluis.com\/index.php\/2023\/08\/26\/presentaron-el-avance-de-la-pelicula-que-revive-la-tragedia-del-avion-uruguayo-que-se-estrello-en-los-andes\/","name":"PRESENTARON EL AVANCE DE LA PEL\u00cdCULA QUE REVIVE LA TRAGEDIA DEL AVI\u00d3N URUGUAYO QUE SE ESTRELL\u00d3 EN LOS ANDES - Apuntes de San Luis","isPartOf":{"@id":"https:\/\/apuntesdesanluis.com\/#website"},"primaryImageOfPage":{"@id":"https:\/\/apuntesdesanluis.com\/index.php\/2023\/08\/26\/presentaron-el-avance-de-la-pelicula-que-revive-la-tragedia-del-avion-uruguayo-que-se-estrello-en-los-andes\/#primaryimage"},"image":{"@id":"https:\/\/apuntesdesanluis.com\/index.php\/2023\/08\/26\/presentaron-el-avance-de-la-pelicula-que-revive-la-tragedia-del-avion-uruguayo-que-se-estrello-en-los-andes\/#primaryimage"},"thumbnailUrl":"https:\/\/apuntesdesanluis.com\/wp-content\/uploads\/2023\/08\/PELICULA.png","datePublished":"2023-08-26T21:59:52+00:00","dateModified":"2023-08-26T22:00:18+00:00","breadcrumb":{"@id":"https:\/\/apuntesdesanluis.com\/index.php\/2023\/08\/26\/presentaron-el-avance-de-la-pelicula-que-revive-la-tragedia-del-avion-uruguayo-que-se-estrello-en-los-andes\/#breadcrumb"},"inLanguage":"es-AR","potentialAction":[{"@type":"ReadAction","target":["https:\/\/apuntesdesanluis.com\/index.php\/2023\/08\/26\/presentaron-el-avance-de-la-pelicula-que-revive-la-tragedia-del-avion-uruguayo-que-se-estrello-en-los-andes\/"]}]},{"@type":"ImageObject","inLanguage":"es-AR","@id":"https:\/\/apuntesdesanluis.com\/index.php\/2023\/08\/26\/presentaron-el-avance-de-la-pelicula-que-revive-la-tragedia-del-avion-uruguayo-que-se-estrello-en-los-andes\/#primaryimage","url":"https:\/\/apuntesdesanluis.com\/wp-content\/uploads\/2023\/08\/PELICULA.png","contentUrl":"https:\/\/apuntesdesanluis.com\/wp-content\/uploads\/2023\/08\/PELICULA.png","width":600,"height":375},{"@type":"BreadcrumbList","@id":"https:\/\/apuntesdesanluis.com\/index.php\/2023\/08\/26\/presentaron-el-avance-de-la-pelicula-que-revive-la-tragedia-del-avion-uruguayo-que-se-estrello-en-los-andes\/#breadcrumb","itemListElement":[{"@type":"ListItem","position":1,"name":"Inicio","item":"https:\/\/apuntesdesanluis.com\/"},{"@type":"ListItem","position":2,"name":"PRESENTARON EL AVANCE DE LA PEL\u00cdCULA QUE REVIVE LA TRAGEDIA DEL AVI\u00d3N URUGUAYO QUE SE ESTRELL\u00d3 EN LOS ANDES"}]},{"@type":"WebSite","@id":"https:\/\/apuntesdesanluis.com\/#website","url":"https:\/\/apuntesdesanluis.com\/","name":"Apuntes de San Luis","description":"","publisher":{"@id":"https:\/\/apuntesdesanluis.com\/#\/schema\/person\/b55151d52296fcce64d1a72538a70b90"},"potentialAction":[{"@type":"SearchAction","target":{"@type":"EntryPoint","urlTemplate":"https:\/\/apuntesdesanluis.com\/?s={search_term_string}"},"query-input":{"@type":"PropertyValueSpecification","valueRequired":true,"valueName":"search_term_string"}}],"inLanguage":"es-AR"},{"@type":["Person","Organization"],"@id":"https:\/\/apuntesdesanluis.com\/#\/schema\/person\/b55151d52296fcce64d1a72538a70b90","name":"apuntesdesanluis.com","image":{"@type":"ImageObject","inLanguage":"es-AR","@id":"https:\/\/apuntesdesanluis.com\/#\/schema\/person\/image\/","url":"https:\/\/apuntesdesanluis.com\/wp-content\/uploads\/2023\/07\/cropped-apuntesdesanluis.png","contentUrl":"https:\/\/apuntesdesanluis.com\/wp-content\/uploads\/2023\/07\/cropped-apuntesdesanluis.png","width":450,"height":112,"caption":"apuntesdesanluis.com"},"logo":{"@id":"https:\/\/apuntesdesanluis.com\/#\/schema\/person\/image\/"},"sameAs":["https:\/\/apuntesdesanluis.com"],"url":"https:\/\/apuntesdesanluis.com\/index.php\/author\/apuntesdesanluis-com\/"}]}},"featured_image_urls":{"full":["https:\/\/apuntesdesanluis.com\/wp-content\/uploads\/2023\/08\/PELICULA.png",600,375,false],"thumbnail":["https:\/\/apuntesdesanluis.com\/wp-content\/uploads\/2023\/08\/PELICULA-150x150.png",150,150,true],"medium":["https:\/\/apuntesdesanluis.com\/wp-content\/uploads\/2023\/08\/PELICULA-300x188.png",300,188,true],"medium_large":["https:\/\/apuntesdesanluis.com\/wp-content\/uploads\/2023\/08\/PELICULA.png",600,375,false],"large":["https:\/\/apuntesdesanluis.com\/wp-content\/uploads\/2023\/08\/PELICULA.png",600,375,false],"1536x1536":["https:\/\/apuntesdesanluis.com\/wp-content\/uploads\/2023\/08\/PELICULA.png",600,375,false],"2048x2048":["https:\/\/apuntesdesanluis.com\/wp-content\/uploads\/2023\/08\/PELICULA.png",600,375,false],"newsever-slider-full":["https:\/\/apuntesdesanluis.com\/wp-content\/uploads\/2023\/08\/PELICULA.png",600,375,false],"newsever-featured":["https:\/\/apuntesdesanluis.com\/wp-content\/uploads\/2023\/08\/PELICULA.png",600,375,false],"newsever-medium":["https:\/\/apuntesdesanluis.com\/wp-content\/uploads\/2023\/08\/PELICULA.png",600,375,false]},"author_info":{"display_name":"apuntesdesanluis.com","author_link":"https:\/\/apuntesdesanluis.com\/index.php\/author\/apuntesdesanluis-com\/"},"category_info":"<a href=\"https:\/\/apuntesdesanluis.com\/index.php\/category\/nacionales-internacionales\/\" rel=\"category tag\">Nacionales\/Internacionales<\/a>","tag_info":"Nacionales\/Internacionales","comment_count":"0","_links":{"self":[{"href":"https:\/\/apuntesdesanluis.com\/index.php\/wp-json\/wp\/v2\/posts\/2127","targetHints":{"allow":["GET"]}}],"collection":[{"href":"https:\/\/apuntesdesanluis.com\/index.php\/wp-json\/wp\/v2\/posts"}],"about":[{"href":"https:\/\/apuntesdesanluis.com\/index.php\/wp-json\/wp\/v2\/types\/post"}],"author":[{"embeddable":true,"href":"https:\/\/apuntesdesanluis.com\/index.php\/wp-json\/wp\/v2\/users\/1"}],"replies":[{"embeddable":true,"href":"https:\/\/apuntesdesanluis.com\/index.php\/wp-json\/wp\/v2\/comments?post=2127"}],"version-history":[{"count":2,"href":"https:\/\/apuntesdesanluis.com\/index.php\/wp-json\/wp\/v2\/posts\/2127\/revisions"}],"predecessor-version":[{"id":2130,"href":"https:\/\/apuntesdesanluis.com\/index.php\/wp-json\/wp\/v2\/posts\/2127\/revisions\/2130"}],"wp:featuredmedia":[{"embeddable":true,"href":"https:\/\/apuntesdesanluis.com\/index.php\/wp-json\/wp\/v2\/media\/2128"}],"wp:attachment":[{"href":"https:\/\/apuntesdesanluis.com\/index.php\/wp-json\/wp\/v2\/media?parent=2127"}],"wp:term":[{"taxonomy":"category","embeddable":true,"href":"https:\/\/apuntesdesanluis.com\/index.php\/wp-json\/wp\/v2\/categories?post=2127"},{"taxonomy":"post_tag","embeddable":true,"href":"https:\/\/apuntesdesanluis.com\/index.php\/wp-json\/wp\/v2\/tags?post=2127"}],"curies":[{"name":"wp","href":"https:\/\/api.w.org\/{rel}","templated":true}]}}