{"id":21322,"date":"2024-08-26T20:12:00","date_gmt":"2024-08-26T23:12:00","guid":{"rendered":"https:\/\/apuntesdesanluis.com\/?p=21322"},"modified":"2024-08-26T20:13:54","modified_gmt":"2024-08-26T23:13:54","slug":"bartolome-abdala-puso-en-funciones-al-nuevo-jefe-de-la-anses-en-merlo","status":"publish","type":"post","link":"https:\/\/apuntesdesanluis.com\/index.php\/2024\/08\/26\/bartolome-abdala-puso-en-funciones-al-nuevo-jefe-de-la-anses-en-merlo\/","title":{"rendered":"BARTOLOM\u00c9 ABDALA PUSO EN FUNCIONES AL NUEVO JEFE DE LA ANSES EN MERLO"},"content":{"rendered":"<h3>El presidente provisional del Senado de la Naci\u00f3n, <strong>Bartolom\u00e9 Abdala<\/strong>, lleg\u00f3 este lunes por la ma\u00f1ana a la Villa de Merlo, con el objetivo de poner en funciones al nuevo titular de la Delegaci\u00f3n local de la\u00a0Administraci\u00f3n Nacional de la Seguridad Social (Anses) de la Villa de Merlo, <strong>Luis Angeli<\/strong>.<\/h3>\n<h3>Como se recordar\u00e1, similar actividad cumpli\u00f3 semanas atr\u00e1s con los jefes de los organismos previsionales en San Luis y Villa Mercedes.<\/h3>\n<h3>A la sencilla ceremonia asistieron el intendente local, Juan \u00c1lvarez Pinto, junto con el jefe de Gabinete, Bruno Mini y el secretario de Gobierno, Francisco Oviedo; el intendente de Santa Rosa del Conlara, Miguel Postiguillo y los intendentes, Macarena Benitez (Cortaderas) y Marcelo S\u00e1nchez (Los Molles).<\/h3>\n<p><img fetchpriority=\"high\" decoding=\"async\" class=\"wp-image-21325 aligncenter\" src=\"https:\/\/apuntesdesanluis.com\/wp-content\/uploads\/2024\/08\/abdala-en-merlo-300x201.jpg\" alt=\"\" width=\"603\" height=\"404\" srcset=\"https:\/\/apuntesdesanluis.com\/wp-content\/uploads\/2024\/08\/abdala-en-merlo-300x201.jpg 300w, https:\/\/apuntesdesanluis.com\/wp-content\/uploads\/2024\/08\/abdala-en-merlo.jpg 700w\" sizes=\"(max-width: 603px) 100vw, 603px\" \/><\/p>\n<h3>Tambi\u00e9n se encontraban presentes el jefe del PAMI Merlo, Leandro Bianchi, la ex concejala Marcela Grendene y otros dirigentes locales libertarios, algunos de los cuales colocaron un cartel de bienvenida al segundo de Victoria Villarruel en la C\u00e1mara Alta de la Naci\u00f3n.<\/h3>\n<p><img decoding=\"async\" class=\"wp-image-21326 aligncenter\" src=\"https:\/\/apuntesdesanluis.com\/wp-content\/uploads\/2024\/08\/anses-merlo-300x179.jpg\" alt=\"\" width=\"602\" height=\"359\" srcset=\"https:\/\/apuntesdesanluis.com\/wp-content\/uploads\/2024\/08\/anses-merlo-300x179.jpg 300w, https:\/\/apuntesdesanluis.com\/wp-content\/uploads\/2024\/08\/anses-merlo.jpg 700w\" sizes=\"(max-width: 602px) 100vw, 602px\" \/><\/p>\n<h3>Angeli es abogado, tiene 53 a\u00f1os de edad y desarrolla su actividad profesional en el \u00e1mbito privado. Es la primera vez que cumplir\u00e1 funciones en una entidad publica. Durante la presentaci\u00f3n, Abdala destac\u00f3 la importancia de que los organismos estatales est\u00e9n al servicio de la comunidad, subrayando la eficiencia que requiere la ciudadan\u00eda.<\/h3>\n<h3>Tambi\u00e9n explic\u00f3 que la demora en la designaci\u00f3n de Angeli se debi\u00f3 a la prioridad otorgada a pol\u00edticas nacionales, como la reducci\u00f3n de la inflaci\u00f3n.<\/h3>\n<h3>Por su parte Angeli afirm\u00f3: &#8220;Trabajaremos para dar mayor celeridad, agilidad y simplificar los tr\u00e1mites, acercando m\u00e1s la entidad a la ciudadan\u00eda&#8221;,y afirm\u00f3 que se implementar\u00e1n gestiones, acciones y capacitaciones para optimizar la atenci\u00f3n al p\u00fablico.<\/h3>\n<h3><strong>ARMADO PROVINCIAL<\/strong><\/h3>\n<h3>El movedizo dirigente libertario Bartolom\u00e9 Abdala viene trabajando con firmeza en toda la provincia, con el fin de consolidar el partido y disputar todas las candidaturas el a\u00f1o pr\u00f3ximo. En diferentes entrevistas ha deslizado incluso que uno de sus anhelos ser\u00eda \u201ctener el orgullo de gobernar San Luis, el lugar que amo y donde nac\u00ed\u201d.<\/h3>\n<h3>En este contexto, durante el fin de semana mantuvo varios encuentros en diferentes barrios y el domingo asisti\u00f3 a la misa y procesi\u00f3n que se realiz\u00f3 en homenaje al Santo Patrono de San Luis.<\/h3>\n<p><img decoding=\"async\" class=\"wp-image-21327 aligncenter\" src=\"https:\/\/apuntesdesanluis.com\/wp-content\/uploads\/2024\/08\/abdala-con-u-vecinop-300x223.jpg\" alt=\"\" width=\"647\" height=\"481\" srcset=\"https:\/\/apuntesdesanluis.com\/wp-content\/uploads\/2024\/08\/abdala-con-u-vecinop-300x223.jpg 300w, https:\/\/apuntesdesanluis.com\/wp-content\/uploads\/2024\/08\/abdala-con-u-vecinop.jpg 700w\" sizes=\"(max-width: 647px) 100vw, 647px\" \/><\/p>\n<h3>En los \u00faltimos meses ha confrontado abiertamente con el gobierno provincial, al que sali\u00f3 a desmentir cuando indic\u00f3 que no es cierto que reciba menos recursos de coparticipaci\u00f3n por parte del gobierno nacional. Asimismo, expres\u00f3 p\u00fablicamente su total rechazo a la venta de la Casa de San Luis en Capital Federal.<\/h3>\n<h3>En la actualidad desde Terrazas lo visualizan como persona &#8220;no grata&#8221;. Tanto es as\u00ed que en la cobertura period\u00edstica del pasado domingo, sobre las celebraciones oficiales por el aniversario del Santo Patrono, en la cr\u00f3nica de la Agencia de Noticias resolvieron omitir su nombre, a pesar de que pod\u00eda v\u00e9rselo en numerosas im\u00e1genes.<\/h3>\n<p>&nbsp;<\/p>\n<p>&nbsp;<\/p>\n<p>&nbsp;<\/p>\n<p>&nbsp;<\/p>\n<p>&nbsp;<\/p>\n<p>&nbsp;<\/p>\n","protected":false},"excerpt":{"rendered":"<p>El presidente provisional del Senado de la Naci\u00f3n, Bartolom\u00e9 Abdala, lleg\u00f3 este lunes por la&#8230;<\/p>\n","protected":false},"author":1,"featured_media":21324,"comment_status":"closed","ping_status":"closed","sticky":false,"template":"","format":"standard","meta":{"footnotes":""},"categories":[6],"tags":[],"class_list":["post-21322","post","type-post","status-publish","format-standard","has-post-thumbnail","hentry","category-ciudad-provincia"],"yoast_head":"<!-- This site is optimized with the Yoast SEO plugin v26.1.1 - https:\/\/yoast.com\/wordpress\/plugins\/seo\/ -->\n<title>BARTOLOM\u00c9 ABDALA PUSO EN FUNCIONES AL NUEVO JEFE DE LA ANSES EN MERLO - Apuntes de San Luis<\/title>\n<meta name=\"robots\" content=\"index, follow, max-snippet:-1, max-image-preview:large, max-video-preview:-1\" \/>\n<link rel=\"canonical\" href=\"https:\/\/apuntesdesanluis.com\/index.php\/2024\/08\/26\/bartolome-abdala-puso-en-funciones-al-nuevo-jefe-de-la-anses-en-merlo\/\" \/>\n<meta property=\"og:locale\" content=\"es_ES\" \/>\n<meta property=\"og:type\" content=\"article\" \/>\n<meta property=\"og:title\" content=\"BARTOLOM\u00c9 ABDALA PUSO EN FUNCIONES AL NUEVO JEFE DE LA ANSES EN MERLO - Apuntes de San Luis\" \/>\n<meta property=\"og:description\" content=\"El presidente provisional del Senado de la Naci\u00f3n, Bartolom\u00e9 Abdala, lleg\u00f3 este lunes por la...\" \/>\n<meta property=\"og:url\" content=\"https:\/\/apuntesdesanluis.com\/index.php\/2024\/08\/26\/bartolome-abdala-puso-en-funciones-al-nuevo-jefe-de-la-anses-en-merlo\/\" \/>\n<meta property=\"og:site_name\" content=\"Apuntes de San Luis\" \/>\n<meta property=\"article:published_time\" content=\"2024-08-26T23:12:00+00:00\" \/>\n<meta property=\"article:modified_time\" content=\"2024-08-26T23:13:54+00:00\" \/>\n<meta property=\"og:image\" content=\"https:\/\/apuntesdesanluis.com\/wp-content\/uploads\/2024\/08\/abdala-con-angeli.jpg\" \/>\n\t<meta property=\"og:image:width\" content=\"700\" \/>\n\t<meta property=\"og:image:height\" content=\"387\" \/>\n\t<meta property=\"og:image:type\" content=\"image\/jpeg\" \/>\n<meta name=\"author\" content=\"apuntesdesanluis.com\" \/>\n<meta name=\"twitter:card\" content=\"summary_large_image\" \/>\n<meta name=\"twitter:label1\" content=\"Escrito por\" \/>\n\t<meta name=\"twitter:data1\" content=\"apuntesdesanluis.com\" \/>\n\t<meta name=\"twitter:label2\" content=\"Tiempo de lectura\" \/>\n\t<meta name=\"twitter:data2\" content=\"3 minutos\" \/>\n<script type=\"application\/ld+json\" class=\"yoast-schema-graph\">{\"@context\":\"https:\/\/schema.org\",\"@graph\":[{\"@type\":\"Article\",\"@id\":\"https:\/\/apuntesdesanluis.com\/index.php\/2024\/08\/26\/bartolome-abdala-puso-en-funciones-al-nuevo-jefe-de-la-anses-en-merlo\/#article\",\"isPartOf\":{\"@id\":\"https:\/\/apuntesdesanluis.com\/index.php\/2024\/08\/26\/bartolome-abdala-puso-en-funciones-al-nuevo-jefe-de-la-anses-en-merlo\/\"},\"author\":{\"name\":\"apuntesdesanluis.com\",\"@id\":\"https:\/\/apuntesdesanluis.com\/#\/schema\/person\/b55151d52296fcce64d1a72538a70b90\"},\"headline\":\"BARTOLOM\u00c9 ABDALA PUSO EN FUNCIONES AL NUEVO JEFE DE LA ANSES EN MERLO\",\"datePublished\":\"2024-08-26T23:12:00+00:00\",\"dateModified\":\"2024-08-26T23:13:54+00:00\",\"mainEntityOfPage\":{\"@id\":\"https:\/\/apuntesdesanluis.com\/index.php\/2024\/08\/26\/bartolome-abdala-puso-en-funciones-al-nuevo-jefe-de-la-anses-en-merlo\/\"},\"wordCount\":523,\"publisher\":{\"@id\":\"https:\/\/apuntesdesanluis.com\/#\/schema\/person\/b55151d52296fcce64d1a72538a70b90\"},\"image\":{\"@id\":\"https:\/\/apuntesdesanluis.com\/index.php\/2024\/08\/26\/bartolome-abdala-puso-en-funciones-al-nuevo-jefe-de-la-anses-en-merlo\/#primaryimage\"},\"thumbnailUrl\":\"https:\/\/apuntesdesanluis.com\/wp-content\/uploads\/2024\/08\/abdala-con-angeli.jpg\",\"articleSection\":[\"Ciudad\/Provincia\"],\"inLanguage\":\"es-AR\"},{\"@type\":\"WebPage\",\"@id\":\"https:\/\/apuntesdesanluis.com\/index.php\/2024\/08\/26\/bartolome-abdala-puso-en-funciones-al-nuevo-jefe-de-la-anses-en-merlo\/\",\"url\":\"https:\/\/apuntesdesanluis.com\/index.php\/2024\/08\/26\/bartolome-abdala-puso-en-funciones-al-nuevo-jefe-de-la-anses-en-merlo\/\",\"name\":\"BARTOLOM\u00c9 ABDALA PUSO EN FUNCIONES AL NUEVO JEFE DE LA ANSES EN MERLO - Apuntes de San Luis\",\"isPartOf\":{\"@id\":\"https:\/\/apuntesdesanluis.com\/#website\"},\"primaryImageOfPage\":{\"@id\":\"https:\/\/apuntesdesanluis.com\/index.php\/2024\/08\/26\/bartolome-abdala-puso-en-funciones-al-nuevo-jefe-de-la-anses-en-merlo\/#primaryimage\"},\"image\":{\"@id\":\"https:\/\/apuntesdesanluis.com\/index.php\/2024\/08\/26\/bartolome-abdala-puso-en-funciones-al-nuevo-jefe-de-la-anses-en-merlo\/#primaryimage\"},\"thumbnailUrl\":\"https:\/\/apuntesdesanluis.com\/wp-content\/uploads\/2024\/08\/abdala-con-angeli.jpg\",\"datePublished\":\"2024-08-26T23:12:00+00:00\",\"dateModified\":\"2024-08-26T23:13:54+00:00\",\"breadcrumb\":{\"@id\":\"https:\/\/apuntesdesanluis.com\/index.php\/2024\/08\/26\/bartolome-abdala-puso-en-funciones-al-nuevo-jefe-de-la-anses-en-merlo\/#breadcrumb\"},\"inLanguage\":\"es-AR\",\"potentialAction\":[{\"@type\":\"ReadAction\",\"target\":[\"https:\/\/apuntesdesanluis.com\/index.php\/2024\/08\/26\/bartolome-abdala-puso-en-funciones-al-nuevo-jefe-de-la-anses-en-merlo\/\"]}]},{\"@type\":\"ImageObject\",\"inLanguage\":\"es-AR\",\"@id\":\"https:\/\/apuntesdesanluis.com\/index.php\/2024\/08\/26\/bartolome-abdala-puso-en-funciones-al-nuevo-jefe-de-la-anses-en-merlo\/#primaryimage\",\"url\":\"https:\/\/apuntesdesanluis.com\/wp-content\/uploads\/2024\/08\/abdala-con-angeli.jpg\",\"contentUrl\":\"https:\/\/apuntesdesanluis.com\/wp-content\/uploads\/2024\/08\/abdala-con-angeli.jpg\",\"width\":700,\"height\":387},{\"@type\":\"BreadcrumbList\",\"@id\":\"https:\/\/apuntesdesanluis.com\/index.php\/2024\/08\/26\/bartolome-abdala-puso-en-funciones-al-nuevo-jefe-de-la-anses-en-merlo\/#breadcrumb\",\"itemListElement\":[{\"@type\":\"ListItem\",\"position\":1,\"name\":\"Inicio\",\"item\":\"https:\/\/apuntesdesanluis.com\/\"},{\"@type\":\"ListItem\",\"position\":2,\"name\":\"BARTOLOM\u00c9 ABDALA PUSO EN FUNCIONES AL NUEVO JEFE DE LA ANSES EN MERLO\"}]},{\"@type\":\"WebSite\",\"@id\":\"https:\/\/apuntesdesanluis.com\/#website\",\"url\":\"https:\/\/apuntesdesanluis.com\/\",\"name\":\"Apuntes de San Luis\",\"description\":\"\",\"publisher\":{\"@id\":\"https:\/\/apuntesdesanluis.com\/#\/schema\/person\/b55151d52296fcce64d1a72538a70b90\"},\"potentialAction\":[{\"@type\":\"SearchAction\",\"target\":{\"@type\":\"EntryPoint\",\"urlTemplate\":\"https:\/\/apuntesdesanluis.com\/?s={search_term_string}\"},\"query-input\":{\"@type\":\"PropertyValueSpecification\",\"valueRequired\":true,\"valueName\":\"search_term_string\"}}],\"inLanguage\":\"es-AR\"},{\"@type\":[\"Person\",\"Organization\"],\"@id\":\"https:\/\/apuntesdesanluis.com\/#\/schema\/person\/b55151d52296fcce64d1a72538a70b90\",\"name\":\"apuntesdesanluis.com\",\"image\":{\"@type\":\"ImageObject\",\"inLanguage\":\"es-AR\",\"@id\":\"https:\/\/apuntesdesanluis.com\/#\/schema\/person\/image\/\",\"url\":\"https:\/\/apuntesdesanluis.com\/wp-content\/uploads\/2023\/07\/cropped-apuntesdesanluis.png\",\"contentUrl\":\"https:\/\/apuntesdesanluis.com\/wp-content\/uploads\/2023\/07\/cropped-apuntesdesanluis.png\",\"width\":450,\"height\":112,\"caption\":\"apuntesdesanluis.com\"},\"logo\":{\"@id\":\"https:\/\/apuntesdesanluis.com\/#\/schema\/person\/image\/\"},\"sameAs\":[\"https:\/\/apuntesdesanluis.com\"],\"url\":\"https:\/\/apuntesdesanluis.com\/index.php\/author\/apuntesdesanluis-com\/\"}]}<\/script>\n<!-- \/ Yoast SEO plugin. -->","yoast_head_json":{"title":"BARTOLOM\u00c9 ABDALA PUSO EN FUNCIONES AL NUEVO JEFE DE LA ANSES EN MERLO - Apuntes de San Luis","robots":{"index":"index","follow":"follow","max-snippet":"max-snippet:-1","max-image-preview":"max-image-preview:large","max-video-preview":"max-video-preview:-1"},"canonical":"https:\/\/apuntesdesanluis.com\/index.php\/2024\/08\/26\/bartolome-abdala-puso-en-funciones-al-nuevo-jefe-de-la-anses-en-merlo\/","og_locale":"es_ES","og_type":"article","og_title":"BARTOLOM\u00c9 ABDALA PUSO EN FUNCIONES AL NUEVO JEFE DE LA ANSES EN MERLO - Apuntes de San Luis","og_description":"El presidente provisional del Senado de la Naci\u00f3n, Bartolom\u00e9 Abdala, lleg\u00f3 este lunes por la...","og_url":"https:\/\/apuntesdesanluis.com\/index.php\/2024\/08\/26\/bartolome-abdala-puso-en-funciones-al-nuevo-jefe-de-la-anses-en-merlo\/","og_site_name":"Apuntes de San Luis","article_published_time":"2024-08-26T23:12:00+00:00","article_modified_time":"2024-08-26T23:13:54+00:00","og_image":[{"width":700,"height":387,"url":"https:\/\/apuntesdesanluis.com\/wp-content\/uploads\/2024\/08\/abdala-con-angeli.jpg","type":"image\/jpeg"}],"author":"apuntesdesanluis.com","twitter_card":"summary_large_image","twitter_misc":{"Escrito por":"apuntesdesanluis.com","Tiempo de lectura":"3 minutos"},"schema":{"@context":"https:\/\/schema.org","@graph":[{"@type":"Article","@id":"https:\/\/apuntesdesanluis.com\/index.php\/2024\/08\/26\/bartolome-abdala-puso-en-funciones-al-nuevo-jefe-de-la-anses-en-merlo\/#article","isPartOf":{"@id":"https:\/\/apuntesdesanluis.com\/index.php\/2024\/08\/26\/bartolome-abdala-puso-en-funciones-al-nuevo-jefe-de-la-anses-en-merlo\/"},"author":{"name":"apuntesdesanluis.com","@id":"https:\/\/apuntesdesanluis.com\/#\/schema\/person\/b55151d52296fcce64d1a72538a70b90"},"headline":"BARTOLOM\u00c9 ABDALA PUSO EN FUNCIONES AL NUEVO JEFE DE LA ANSES EN MERLO","datePublished":"2024-08-26T23:12:00+00:00","dateModified":"2024-08-26T23:13:54+00:00","mainEntityOfPage":{"@id":"https:\/\/apuntesdesanluis.com\/index.php\/2024\/08\/26\/bartolome-abdala-puso-en-funciones-al-nuevo-jefe-de-la-anses-en-merlo\/"},"wordCount":523,"publisher":{"@id":"https:\/\/apuntesdesanluis.com\/#\/schema\/person\/b55151d52296fcce64d1a72538a70b90"},"image":{"@id":"https:\/\/apuntesdesanluis.com\/index.php\/2024\/08\/26\/bartolome-abdala-puso-en-funciones-al-nuevo-jefe-de-la-anses-en-merlo\/#primaryimage"},"thumbnailUrl":"https:\/\/apuntesdesanluis.com\/wp-content\/uploads\/2024\/08\/abdala-con-angeli.jpg","articleSection":["Ciudad\/Provincia"],"inLanguage":"es-AR"},{"@type":"WebPage","@id":"https:\/\/apuntesdesanluis.com\/index.php\/2024\/08\/26\/bartolome-abdala-puso-en-funciones-al-nuevo-jefe-de-la-anses-en-merlo\/","url":"https:\/\/apuntesdesanluis.com\/index.php\/2024\/08\/26\/bartolome-abdala-puso-en-funciones-al-nuevo-jefe-de-la-anses-en-merlo\/","name":"BARTOLOM\u00c9 ABDALA PUSO EN FUNCIONES AL NUEVO JEFE DE LA ANSES EN MERLO - Apuntes de San Luis","isPartOf":{"@id":"https:\/\/apuntesdesanluis.com\/#website"},"primaryImageOfPage":{"@id":"https:\/\/apuntesdesanluis.com\/index.php\/2024\/08\/26\/bartolome-abdala-puso-en-funciones-al-nuevo-jefe-de-la-anses-en-merlo\/#primaryimage"},"image":{"@id":"https:\/\/apuntesdesanluis.com\/index.php\/2024\/08\/26\/bartolome-abdala-puso-en-funciones-al-nuevo-jefe-de-la-anses-en-merlo\/#primaryimage"},"thumbnailUrl":"https:\/\/apuntesdesanluis.com\/wp-content\/uploads\/2024\/08\/abdala-con-angeli.jpg","datePublished":"2024-08-26T23:12:00+00:00","dateModified":"2024-08-26T23:13:54+00:00","breadcrumb":{"@id":"https:\/\/apuntesdesanluis.com\/index.php\/2024\/08\/26\/bartolome-abdala-puso-en-funciones-al-nuevo-jefe-de-la-anses-en-merlo\/#breadcrumb"},"inLanguage":"es-AR","potentialAction":[{"@type":"ReadAction","target":["https:\/\/apuntesdesanluis.com\/index.php\/2024\/08\/26\/bartolome-abdala-puso-en-funciones-al-nuevo-jefe-de-la-anses-en-merlo\/"]}]},{"@type":"ImageObject","inLanguage":"es-AR","@id":"https:\/\/apuntesdesanluis.com\/index.php\/2024\/08\/26\/bartolome-abdala-puso-en-funciones-al-nuevo-jefe-de-la-anses-en-merlo\/#primaryimage","url":"https:\/\/apuntesdesanluis.com\/wp-content\/uploads\/2024\/08\/abdala-con-angeli.jpg","contentUrl":"https:\/\/apuntesdesanluis.com\/wp-content\/uploads\/2024\/08\/abdala-con-angeli.jpg","width":700,"height":387},{"@type":"BreadcrumbList","@id":"https:\/\/apuntesdesanluis.com\/index.php\/2024\/08\/26\/bartolome-abdala-puso-en-funciones-al-nuevo-jefe-de-la-anses-en-merlo\/#breadcrumb","itemListElement":[{"@type":"ListItem","position":1,"name":"Inicio","item":"https:\/\/apuntesdesanluis.com\/"},{"@type":"ListItem","position":2,"name":"BARTOLOM\u00c9 ABDALA PUSO EN FUNCIONES AL NUEVO JEFE DE LA ANSES EN MERLO"}]},{"@type":"WebSite","@id":"https:\/\/apuntesdesanluis.com\/#website","url":"https:\/\/apuntesdesanluis.com\/","name":"Apuntes de San Luis","description":"","publisher":{"@id":"https:\/\/apuntesdesanluis.com\/#\/schema\/person\/b55151d52296fcce64d1a72538a70b90"},"potentialAction":[{"@type":"SearchAction","target":{"@type":"EntryPoint","urlTemplate":"https:\/\/apuntesdesanluis.com\/?s={search_term_string}"},"query-input":{"@type":"PropertyValueSpecification","valueRequired":true,"valueName":"search_term_string"}}],"inLanguage":"es-AR"},{"@type":["Person","Organization"],"@id":"https:\/\/apuntesdesanluis.com\/#\/schema\/person\/b55151d52296fcce64d1a72538a70b90","name":"apuntesdesanluis.com","image":{"@type":"ImageObject","inLanguage":"es-AR","@id":"https:\/\/apuntesdesanluis.com\/#\/schema\/person\/image\/","url":"https:\/\/apuntesdesanluis.com\/wp-content\/uploads\/2023\/07\/cropped-apuntesdesanluis.png","contentUrl":"https:\/\/apuntesdesanluis.com\/wp-content\/uploads\/2023\/07\/cropped-apuntesdesanluis.png","width":450,"height":112,"caption":"apuntesdesanluis.com"},"logo":{"@id":"https:\/\/apuntesdesanluis.com\/#\/schema\/person\/image\/"},"sameAs":["https:\/\/apuntesdesanluis.com"],"url":"https:\/\/apuntesdesanluis.com\/index.php\/author\/apuntesdesanluis-com\/"}]}},"featured_image_urls":{"full":["https:\/\/apuntesdesanluis.com\/wp-content\/uploads\/2024\/08\/abdala-con-angeli.jpg",700,387,false],"thumbnail":["https:\/\/apuntesdesanluis.com\/wp-content\/uploads\/2024\/08\/abdala-con-angeli-150x150.jpg",150,150,true],"medium":["https:\/\/apuntesdesanluis.com\/wp-content\/uploads\/2024\/08\/abdala-con-angeli-300x166.jpg",300,166,true],"medium_large":["https:\/\/apuntesdesanluis.com\/wp-content\/uploads\/2024\/08\/abdala-con-angeli.jpg",640,354,false],"large":["https:\/\/apuntesdesanluis.com\/wp-content\/uploads\/2024\/08\/abdala-con-angeli.jpg",640,354,false],"1536x1536":["https:\/\/apuntesdesanluis.com\/wp-content\/uploads\/2024\/08\/abdala-con-angeli.jpg",700,387,false],"2048x2048":["https:\/\/apuntesdesanluis.com\/wp-content\/uploads\/2024\/08\/abdala-con-angeli.jpg",700,387,false],"newsever-slider-full":["https:\/\/apuntesdesanluis.com\/wp-content\/uploads\/2024\/08\/abdala-con-angeli.jpg",700,387,false],"newsever-featured":["https:\/\/apuntesdesanluis.com\/wp-content\/uploads\/2024\/08\/abdala-con-angeli.jpg",700,387,false],"newsever-medium":["https:\/\/apuntesdesanluis.com\/wp-content\/uploads\/2024\/08\/abdala-con-angeli.jpg",700,387,false]},"author_info":{"display_name":"apuntesdesanluis.com","author_link":"https:\/\/apuntesdesanluis.com\/index.php\/author\/apuntesdesanluis-com\/"},"category_info":"<a href=\"https:\/\/apuntesdesanluis.com\/index.php\/category\/ciudad-provincia\/\" rel=\"category tag\">Ciudad\/Provincia<\/a>","tag_info":"Ciudad\/Provincia","comment_count":"0","_links":{"self":[{"href":"https:\/\/apuntesdesanluis.com\/index.php\/wp-json\/wp\/v2\/posts\/21322","targetHints":{"allow":["GET"]}}],"collection":[{"href":"https:\/\/apuntesdesanluis.com\/index.php\/wp-json\/wp\/v2\/posts"}],"about":[{"href":"https:\/\/apuntesdesanluis.com\/index.php\/wp-json\/wp\/v2\/types\/post"}],"author":[{"embeddable":true,"href":"https:\/\/apuntesdesanluis.com\/index.php\/wp-json\/wp\/v2\/users\/1"}],"replies":[{"embeddable":true,"href":"https:\/\/apuntesdesanluis.com\/index.php\/wp-json\/wp\/v2\/comments?post=21322"}],"version-history":[{"count":5,"href":"https:\/\/apuntesdesanluis.com\/index.php\/wp-json\/wp\/v2\/posts\/21322\/revisions"}],"predecessor-version":[{"id":21331,"href":"https:\/\/apuntesdesanluis.com\/index.php\/wp-json\/wp\/v2\/posts\/21322\/revisions\/21331"}],"wp:featuredmedia":[{"embeddable":true,"href":"https:\/\/apuntesdesanluis.com\/index.php\/wp-json\/wp\/v2\/media\/21324"}],"wp:attachment":[{"href":"https:\/\/apuntesdesanluis.com\/index.php\/wp-json\/wp\/v2\/media?parent=21322"}],"wp:term":[{"taxonomy":"category","embeddable":true,"href":"https:\/\/apuntesdesanluis.com\/index.php\/wp-json\/wp\/v2\/categories?post=21322"},{"taxonomy":"post_tag","embeddable":true,"href":"https:\/\/apuntesdesanluis.com\/index.php\/wp-json\/wp\/v2\/tags?post=21322"}],"curies":[{"name":"wp","href":"https:\/\/api.w.org\/{rel}","templated":true}]}}