{"id":21332,"date":"2024-08-26T20:27:05","date_gmt":"2024-08-26T23:27:05","guid":{"rendered":"https:\/\/apuntesdesanluis.com\/?p=21332"},"modified":"2024-08-26T20:27:05","modified_gmt":"2024-08-26T23:27:05","slug":"medidas-de-coercion-para-imputados-por-la-agresion-a-dos-efectivos-policiales","status":"publish","type":"post","link":"https:\/\/apuntesdesanluis.com\/index.php\/2024\/08\/26\/medidas-de-coercion-para-imputados-por-la-agresion-a-dos-efectivos-policiales\/","title":{"rendered":"MEDIDAS DE COERCI\u00d3N PARA IMPUTADOS POR LA AGRESI\u00d3N A DOS EFECTIVOS POLICIALES"},"content":{"rendered":"<h3>Deber\u00e1n cumplir una serie de pautas de conducta, mientras contin\u00fae el proceso judicial.<\/h3>\n<h3>Mientras avance la etapa de investigaci\u00f3n penal preparatoria, dos hombres deber\u00e1n cumplir medidas de coerci\u00f3n morigeradas, atento lo acordado por el Ministerio P\u00fablico Fiscal y la Defensa en una audiencia que se celebr\u00f3 este lunes en el Juzgado de Garant\u00eda N\u00ba 2 de la Segunda Circunscripci\u00f3n Judicial.<\/h3>\n<h3>Vencida la pr\u00f3rroga de detenci\u00f3n para los imputados, la Defensa -ejercida por los Dres. Gast\u00f3n Yllera y Ariel Becerra \u2013 expuso su teor\u00eda del caso. Explicaron que aportaron tres videos al legajo de investigaci\u00f3n y sostuvieron que sus representados en ning\u00fan momento atentaron contra los efectivos policiales. Mencionaron que sus defendidos poseen arraigo en la ciudad y no cuentan con antecedentes penales.<\/h3>\n<h3>Por su parte, en representaci\u00f3n del Ministerio P\u00fablico Fiscal, la Dra. Laura Parisi \u2013 Fiscal Adjunta\u00a0 \u2013 sostuvo la descripci\u00f3n del hecho realizada en la audiencia de formulaci\u00f3n de cargos ( <a href=\"https:\/\/www.periodicojudicial.gov.ar\/formularon-cargos-a-dos-hombres-por-atentado-a-la-autoridad\/\" target=\"_blank\" rel=\"noopener\">Ver <span style=\"color: #3366ff;\">https:\/\/www.periodicojudicial.gov.ar\/formularon-cargos-a-dos-hombres-por-atentado-a-la-autoridad\/<\/span><\/a> ) y detall\u00f3 las secuelas que present\u00f3 una de las polic\u00edas damnificadas. Asegur\u00f3 que s\u00ed existi\u00f3 atentado a la autoridad, hizo la reserva de ampliar la formulaci\u00f3n de cargos y explic\u00f3 que pedir\u00eda medidas de coerci\u00f3n morigeradas: firma del libro ante Fiscal\u00eda del 1 al 5 de cada mes y una prohibici\u00f3n de acercamiento de los imputados a las damnificadas, todo por el plazo de cuatro meses.<\/h3>\n<h3>Luego de escuchar a las partes, el Dr. Mat\u00edas Farinazzo Tempestini \u2013 Juez de Garant\u00edas N\u00ba 2 de la Segunda Circunscripci\u00f3n Judicial \u2013 hizo lugar a las medidas de coerci\u00f3n en los t\u00e9rminos solicitados por Fiscal\u00eda.<\/h3>\n<p>&nbsp;<\/p>\n<p>&nbsp;<\/p>\n<p>&nbsp;<\/p>\n<p>&nbsp;<\/p>\n<p>&nbsp;<\/p>\n<p>&nbsp;<\/p>\n","protected":false},"excerpt":{"rendered":"<p>Deber\u00e1n cumplir una serie de pautas de conducta, mientras contin\u00fae el proceso judicial. Mientras avance&#8230;<\/p>\n","protected":false},"author":1,"featured_media":21333,"comment_status":"closed","ping_status":"closed","sticky":false,"template":"","format":"standard","meta":{"footnotes":""},"categories":[6],"tags":[],"class_list":["post-21332","post","type-post","status-publish","format-standard","has-post-thumbnail","hentry","category-ciudad-provincia"],"yoast_head":"<!-- This site is optimized with the Yoast SEO plugin v26.1.1 - https:\/\/yoast.com\/wordpress\/plugins\/seo\/ -->\n<title>MEDIDAS DE COERCI\u00d3N PARA IMPUTADOS POR LA AGRESI\u00d3N A DOS EFECTIVOS POLICIALES - Apuntes de San Luis<\/title>\n<meta name=\"robots\" content=\"index, follow, max-snippet:-1, max-image-preview:large, max-video-preview:-1\" \/>\n<link rel=\"canonical\" href=\"https:\/\/apuntesdesanluis.com\/index.php\/2024\/08\/26\/medidas-de-coercion-para-imputados-por-la-agresion-a-dos-efectivos-policiales\/\" \/>\n<meta property=\"og:locale\" content=\"es_ES\" \/>\n<meta property=\"og:type\" content=\"article\" \/>\n<meta property=\"og:title\" content=\"MEDIDAS DE COERCI\u00d3N PARA IMPUTADOS POR LA AGRESI\u00d3N A DOS EFECTIVOS POLICIALES - Apuntes de San Luis\" \/>\n<meta property=\"og:description\" content=\"Deber\u00e1n cumplir una serie de pautas de conducta, mientras contin\u00fae el proceso judicial. Mientras avance...\" \/>\n<meta property=\"og:url\" content=\"https:\/\/apuntesdesanluis.com\/index.php\/2024\/08\/26\/medidas-de-coercion-para-imputados-por-la-agresion-a-dos-efectivos-policiales\/\" \/>\n<meta property=\"og:site_name\" content=\"Apuntes de San Luis\" \/>\n<meta property=\"article:published_time\" content=\"2024-08-26T23:27:05+00:00\" \/>\n<meta property=\"og:image\" content=\"https:\/\/apuntesdesanluis.com\/wp-content\/uploads\/2024\/08\/AUDIECIA.png\" \/>\n\t<meta property=\"og:image:width\" content=\"700\" \/>\n\t<meta property=\"og:image:height\" content=\"432\" \/>\n\t<meta property=\"og:image:type\" content=\"image\/png\" \/>\n<meta name=\"author\" content=\"apuntesdesanluis.com\" \/>\n<meta name=\"twitter:card\" content=\"summary_large_image\" \/>\n<meta name=\"twitter:label1\" content=\"Escrito por\" \/>\n\t<meta name=\"twitter:data1\" content=\"apuntesdesanluis.com\" \/>\n\t<meta name=\"twitter:label2\" content=\"Tiempo de lectura\" \/>\n\t<meta name=\"twitter:data2\" content=\"2 minutos\" \/>\n<script type=\"application\/ld+json\" class=\"yoast-schema-graph\">{\"@context\":\"https:\/\/schema.org\",\"@graph\":[{\"@type\":\"Article\",\"@id\":\"https:\/\/apuntesdesanluis.com\/index.php\/2024\/08\/26\/medidas-de-coercion-para-imputados-por-la-agresion-a-dos-efectivos-policiales\/#article\",\"isPartOf\":{\"@id\":\"https:\/\/apuntesdesanluis.com\/index.php\/2024\/08\/26\/medidas-de-coercion-para-imputados-por-la-agresion-a-dos-efectivos-policiales\/\"},\"author\":{\"name\":\"apuntesdesanluis.com\",\"@id\":\"https:\/\/apuntesdesanluis.com\/#\/schema\/person\/b55151d52296fcce64d1a72538a70b90\"},\"headline\":\"MEDIDAS DE COERCI\u00d3N PARA IMPUTADOS POR LA AGRESI\u00d3N A DOS EFECTIVOS POLICIALES\",\"datePublished\":\"2024-08-26T23:27:05+00:00\",\"mainEntityOfPage\":{\"@id\":\"https:\/\/apuntesdesanluis.com\/index.php\/2024\/08\/26\/medidas-de-coercion-para-imputados-por-la-agresion-a-dos-efectivos-policiales\/\"},\"wordCount\":302,\"publisher\":{\"@id\":\"https:\/\/apuntesdesanluis.com\/#\/schema\/person\/b55151d52296fcce64d1a72538a70b90\"},\"image\":{\"@id\":\"https:\/\/apuntesdesanluis.com\/index.php\/2024\/08\/26\/medidas-de-coercion-para-imputados-por-la-agresion-a-dos-efectivos-policiales\/#primaryimage\"},\"thumbnailUrl\":\"https:\/\/apuntesdesanluis.com\/wp-content\/uploads\/2024\/08\/AUDIECIA.png\",\"articleSection\":[\"Ciudad\/Provincia\"],\"inLanguage\":\"es-AR\"},{\"@type\":\"WebPage\",\"@id\":\"https:\/\/apuntesdesanluis.com\/index.php\/2024\/08\/26\/medidas-de-coercion-para-imputados-por-la-agresion-a-dos-efectivos-policiales\/\",\"url\":\"https:\/\/apuntesdesanluis.com\/index.php\/2024\/08\/26\/medidas-de-coercion-para-imputados-por-la-agresion-a-dos-efectivos-policiales\/\",\"name\":\"MEDIDAS DE COERCI\u00d3N PARA IMPUTADOS POR LA AGRESI\u00d3N A DOS EFECTIVOS POLICIALES - Apuntes de San Luis\",\"isPartOf\":{\"@id\":\"https:\/\/apuntesdesanluis.com\/#website\"},\"primaryImageOfPage\":{\"@id\":\"https:\/\/apuntesdesanluis.com\/index.php\/2024\/08\/26\/medidas-de-coercion-para-imputados-por-la-agresion-a-dos-efectivos-policiales\/#primaryimage\"},\"image\":{\"@id\":\"https:\/\/apuntesdesanluis.com\/index.php\/2024\/08\/26\/medidas-de-coercion-para-imputados-por-la-agresion-a-dos-efectivos-policiales\/#primaryimage\"},\"thumbnailUrl\":\"https:\/\/apuntesdesanluis.com\/wp-content\/uploads\/2024\/08\/AUDIECIA.png\",\"datePublished\":\"2024-08-26T23:27:05+00:00\",\"breadcrumb\":{\"@id\":\"https:\/\/apuntesdesanluis.com\/index.php\/2024\/08\/26\/medidas-de-coercion-para-imputados-por-la-agresion-a-dos-efectivos-policiales\/#breadcrumb\"},\"inLanguage\":\"es-AR\",\"potentialAction\":[{\"@type\":\"ReadAction\",\"target\":[\"https:\/\/apuntesdesanluis.com\/index.php\/2024\/08\/26\/medidas-de-coercion-para-imputados-por-la-agresion-a-dos-efectivos-policiales\/\"]}]},{\"@type\":\"ImageObject\",\"inLanguage\":\"es-AR\",\"@id\":\"https:\/\/apuntesdesanluis.com\/index.php\/2024\/08\/26\/medidas-de-coercion-para-imputados-por-la-agresion-a-dos-efectivos-policiales\/#primaryimage\",\"url\":\"https:\/\/apuntesdesanluis.com\/wp-content\/uploads\/2024\/08\/AUDIECIA.png\",\"contentUrl\":\"https:\/\/apuntesdesanluis.com\/wp-content\/uploads\/2024\/08\/AUDIECIA.png\",\"width\":700,\"height\":432},{\"@type\":\"BreadcrumbList\",\"@id\":\"https:\/\/apuntesdesanluis.com\/index.php\/2024\/08\/26\/medidas-de-coercion-para-imputados-por-la-agresion-a-dos-efectivos-policiales\/#breadcrumb\",\"itemListElement\":[{\"@type\":\"ListItem\",\"position\":1,\"name\":\"Inicio\",\"item\":\"https:\/\/apuntesdesanluis.com\/\"},{\"@type\":\"ListItem\",\"position\":2,\"name\":\"MEDIDAS DE COERCI\u00d3N PARA IMPUTADOS POR LA AGRESI\u00d3N A DOS EFECTIVOS POLICIALES\"}]},{\"@type\":\"WebSite\",\"@id\":\"https:\/\/apuntesdesanluis.com\/#website\",\"url\":\"https:\/\/apuntesdesanluis.com\/\",\"name\":\"Apuntes de San Luis\",\"description\":\"\",\"publisher\":{\"@id\":\"https:\/\/apuntesdesanluis.com\/#\/schema\/person\/b55151d52296fcce64d1a72538a70b90\"},\"potentialAction\":[{\"@type\":\"SearchAction\",\"target\":{\"@type\":\"EntryPoint\",\"urlTemplate\":\"https:\/\/apuntesdesanluis.com\/?s={search_term_string}\"},\"query-input\":{\"@type\":\"PropertyValueSpecification\",\"valueRequired\":true,\"valueName\":\"search_term_string\"}}],\"inLanguage\":\"es-AR\"},{\"@type\":[\"Person\",\"Organization\"],\"@id\":\"https:\/\/apuntesdesanluis.com\/#\/schema\/person\/b55151d52296fcce64d1a72538a70b90\",\"name\":\"apuntesdesanluis.com\",\"image\":{\"@type\":\"ImageObject\",\"inLanguage\":\"es-AR\",\"@id\":\"https:\/\/apuntesdesanluis.com\/#\/schema\/person\/image\/\",\"url\":\"https:\/\/apuntesdesanluis.com\/wp-content\/uploads\/2023\/07\/cropped-apuntesdesanluis.png\",\"contentUrl\":\"https:\/\/apuntesdesanluis.com\/wp-content\/uploads\/2023\/07\/cropped-apuntesdesanluis.png\",\"width\":450,\"height\":112,\"caption\":\"apuntesdesanluis.com\"},\"logo\":{\"@id\":\"https:\/\/apuntesdesanluis.com\/#\/schema\/person\/image\/\"},\"sameAs\":[\"https:\/\/apuntesdesanluis.com\"],\"url\":\"https:\/\/apuntesdesanluis.com\/index.php\/author\/apuntesdesanluis-com\/\"}]}<\/script>\n<!-- \/ Yoast SEO plugin. -->","yoast_head_json":{"title":"MEDIDAS DE COERCI\u00d3N PARA IMPUTADOS POR LA AGRESI\u00d3N A DOS EFECTIVOS POLICIALES - Apuntes de San Luis","robots":{"index":"index","follow":"follow","max-snippet":"max-snippet:-1","max-image-preview":"max-image-preview:large","max-video-preview":"max-video-preview:-1"},"canonical":"https:\/\/apuntesdesanluis.com\/index.php\/2024\/08\/26\/medidas-de-coercion-para-imputados-por-la-agresion-a-dos-efectivos-policiales\/","og_locale":"es_ES","og_type":"article","og_title":"MEDIDAS DE COERCI\u00d3N PARA IMPUTADOS POR LA AGRESI\u00d3N A DOS EFECTIVOS POLICIALES - Apuntes de San Luis","og_description":"Deber\u00e1n cumplir una serie de pautas de conducta, mientras contin\u00fae el proceso judicial. Mientras avance...","og_url":"https:\/\/apuntesdesanluis.com\/index.php\/2024\/08\/26\/medidas-de-coercion-para-imputados-por-la-agresion-a-dos-efectivos-policiales\/","og_site_name":"Apuntes de San Luis","article_published_time":"2024-08-26T23:27:05+00:00","og_image":[{"width":700,"height":432,"url":"https:\/\/apuntesdesanluis.com\/wp-content\/uploads\/2024\/08\/AUDIECIA.png","type":"image\/png"}],"author":"apuntesdesanluis.com","twitter_card":"summary_large_image","twitter_misc":{"Escrito por":"apuntesdesanluis.com","Tiempo de lectura":"2 minutos"},"schema":{"@context":"https:\/\/schema.org","@graph":[{"@type":"Article","@id":"https:\/\/apuntesdesanluis.com\/index.php\/2024\/08\/26\/medidas-de-coercion-para-imputados-por-la-agresion-a-dos-efectivos-policiales\/#article","isPartOf":{"@id":"https:\/\/apuntesdesanluis.com\/index.php\/2024\/08\/26\/medidas-de-coercion-para-imputados-por-la-agresion-a-dos-efectivos-policiales\/"},"author":{"name":"apuntesdesanluis.com","@id":"https:\/\/apuntesdesanluis.com\/#\/schema\/person\/b55151d52296fcce64d1a72538a70b90"},"headline":"MEDIDAS DE COERCI\u00d3N PARA IMPUTADOS POR LA AGRESI\u00d3N A DOS EFECTIVOS POLICIALES","datePublished":"2024-08-26T23:27:05+00:00","mainEntityOfPage":{"@id":"https:\/\/apuntesdesanluis.com\/index.php\/2024\/08\/26\/medidas-de-coercion-para-imputados-por-la-agresion-a-dos-efectivos-policiales\/"},"wordCount":302,"publisher":{"@id":"https:\/\/apuntesdesanluis.com\/#\/schema\/person\/b55151d52296fcce64d1a72538a70b90"},"image":{"@id":"https:\/\/apuntesdesanluis.com\/index.php\/2024\/08\/26\/medidas-de-coercion-para-imputados-por-la-agresion-a-dos-efectivos-policiales\/#primaryimage"},"thumbnailUrl":"https:\/\/apuntesdesanluis.com\/wp-content\/uploads\/2024\/08\/AUDIECIA.png","articleSection":["Ciudad\/Provincia"],"inLanguage":"es-AR"},{"@type":"WebPage","@id":"https:\/\/apuntesdesanluis.com\/index.php\/2024\/08\/26\/medidas-de-coercion-para-imputados-por-la-agresion-a-dos-efectivos-policiales\/","url":"https:\/\/apuntesdesanluis.com\/index.php\/2024\/08\/26\/medidas-de-coercion-para-imputados-por-la-agresion-a-dos-efectivos-policiales\/","name":"MEDIDAS DE COERCI\u00d3N PARA IMPUTADOS POR LA AGRESI\u00d3N A DOS EFECTIVOS POLICIALES - Apuntes de San Luis","isPartOf":{"@id":"https:\/\/apuntesdesanluis.com\/#website"},"primaryImageOfPage":{"@id":"https:\/\/apuntesdesanluis.com\/index.php\/2024\/08\/26\/medidas-de-coercion-para-imputados-por-la-agresion-a-dos-efectivos-policiales\/#primaryimage"},"image":{"@id":"https:\/\/apuntesdesanluis.com\/index.php\/2024\/08\/26\/medidas-de-coercion-para-imputados-por-la-agresion-a-dos-efectivos-policiales\/#primaryimage"},"thumbnailUrl":"https:\/\/apuntesdesanluis.com\/wp-content\/uploads\/2024\/08\/AUDIECIA.png","datePublished":"2024-08-26T23:27:05+00:00","breadcrumb":{"@id":"https:\/\/apuntesdesanluis.com\/index.php\/2024\/08\/26\/medidas-de-coercion-para-imputados-por-la-agresion-a-dos-efectivos-policiales\/#breadcrumb"},"inLanguage":"es-AR","potentialAction":[{"@type":"ReadAction","target":["https:\/\/apuntesdesanluis.com\/index.php\/2024\/08\/26\/medidas-de-coercion-para-imputados-por-la-agresion-a-dos-efectivos-policiales\/"]}]},{"@type":"ImageObject","inLanguage":"es-AR","@id":"https:\/\/apuntesdesanluis.com\/index.php\/2024\/08\/26\/medidas-de-coercion-para-imputados-por-la-agresion-a-dos-efectivos-policiales\/#primaryimage","url":"https:\/\/apuntesdesanluis.com\/wp-content\/uploads\/2024\/08\/AUDIECIA.png","contentUrl":"https:\/\/apuntesdesanluis.com\/wp-content\/uploads\/2024\/08\/AUDIECIA.png","width":700,"height":432},{"@type":"BreadcrumbList","@id":"https:\/\/apuntesdesanluis.com\/index.php\/2024\/08\/26\/medidas-de-coercion-para-imputados-por-la-agresion-a-dos-efectivos-policiales\/#breadcrumb","itemListElement":[{"@type":"ListItem","position":1,"name":"Inicio","item":"https:\/\/apuntesdesanluis.com\/"},{"@type":"ListItem","position":2,"name":"MEDIDAS DE COERCI\u00d3N PARA IMPUTADOS POR LA AGRESI\u00d3N A DOS EFECTIVOS POLICIALES"}]},{"@type":"WebSite","@id":"https:\/\/apuntesdesanluis.com\/#website","url":"https:\/\/apuntesdesanluis.com\/","name":"Apuntes de San Luis","description":"","publisher":{"@id":"https:\/\/apuntesdesanluis.com\/#\/schema\/person\/b55151d52296fcce64d1a72538a70b90"},"potentialAction":[{"@type":"SearchAction","target":{"@type":"EntryPoint","urlTemplate":"https:\/\/apuntesdesanluis.com\/?s={search_term_string}"},"query-input":{"@type":"PropertyValueSpecification","valueRequired":true,"valueName":"search_term_string"}}],"inLanguage":"es-AR"},{"@type":["Person","Organization"],"@id":"https:\/\/apuntesdesanluis.com\/#\/schema\/person\/b55151d52296fcce64d1a72538a70b90","name":"apuntesdesanluis.com","image":{"@type":"ImageObject","inLanguage":"es-AR","@id":"https:\/\/apuntesdesanluis.com\/#\/schema\/person\/image\/","url":"https:\/\/apuntesdesanluis.com\/wp-content\/uploads\/2023\/07\/cropped-apuntesdesanluis.png","contentUrl":"https:\/\/apuntesdesanluis.com\/wp-content\/uploads\/2023\/07\/cropped-apuntesdesanluis.png","width":450,"height":112,"caption":"apuntesdesanluis.com"},"logo":{"@id":"https:\/\/apuntesdesanluis.com\/#\/schema\/person\/image\/"},"sameAs":["https:\/\/apuntesdesanluis.com"],"url":"https:\/\/apuntesdesanluis.com\/index.php\/author\/apuntesdesanluis-com\/"}]}},"featured_image_urls":{"full":["https:\/\/apuntesdesanluis.com\/wp-content\/uploads\/2024\/08\/AUDIECIA.png",700,432,false],"thumbnail":["https:\/\/apuntesdesanluis.com\/wp-content\/uploads\/2024\/08\/AUDIECIA-150x150.png",150,150,true],"medium":["https:\/\/apuntesdesanluis.com\/wp-content\/uploads\/2024\/08\/AUDIECIA-300x185.png",300,185,true],"medium_large":["https:\/\/apuntesdesanluis.com\/wp-content\/uploads\/2024\/08\/AUDIECIA.png",640,395,false],"large":["https:\/\/apuntesdesanluis.com\/wp-content\/uploads\/2024\/08\/AUDIECIA.png",640,395,false],"1536x1536":["https:\/\/apuntesdesanluis.com\/wp-content\/uploads\/2024\/08\/AUDIECIA.png",700,432,false],"2048x2048":["https:\/\/apuntesdesanluis.com\/wp-content\/uploads\/2024\/08\/AUDIECIA.png",700,432,false],"newsever-slider-full":["https:\/\/apuntesdesanluis.com\/wp-content\/uploads\/2024\/08\/AUDIECIA.png",700,432,false],"newsever-featured":["https:\/\/apuntesdesanluis.com\/wp-content\/uploads\/2024\/08\/AUDIECIA.png",700,432,false],"newsever-medium":["https:\/\/apuntesdesanluis.com\/wp-content\/uploads\/2024\/08\/AUDIECIA.png",700,432,false]},"author_info":{"display_name":"apuntesdesanluis.com","author_link":"https:\/\/apuntesdesanluis.com\/index.php\/author\/apuntesdesanluis-com\/"},"category_info":"<a href=\"https:\/\/apuntesdesanluis.com\/index.php\/category\/ciudad-provincia\/\" rel=\"category tag\">Ciudad\/Provincia<\/a>","tag_info":"Ciudad\/Provincia","comment_count":"0","_links":{"self":[{"href":"https:\/\/apuntesdesanluis.com\/index.php\/wp-json\/wp\/v2\/posts\/21332","targetHints":{"allow":["GET"]}}],"collection":[{"href":"https:\/\/apuntesdesanluis.com\/index.php\/wp-json\/wp\/v2\/posts"}],"about":[{"href":"https:\/\/apuntesdesanluis.com\/index.php\/wp-json\/wp\/v2\/types\/post"}],"author":[{"embeddable":true,"href":"https:\/\/apuntesdesanluis.com\/index.php\/wp-json\/wp\/v2\/users\/1"}],"replies":[{"embeddable":true,"href":"https:\/\/apuntesdesanluis.com\/index.php\/wp-json\/wp\/v2\/comments?post=21332"}],"version-history":[{"count":1,"href":"https:\/\/apuntesdesanluis.com\/index.php\/wp-json\/wp\/v2\/posts\/21332\/revisions"}],"predecessor-version":[{"id":21334,"href":"https:\/\/apuntesdesanluis.com\/index.php\/wp-json\/wp\/v2\/posts\/21332\/revisions\/21334"}],"wp:featuredmedia":[{"embeddable":true,"href":"https:\/\/apuntesdesanluis.com\/index.php\/wp-json\/wp\/v2\/media\/21333"}],"wp:attachment":[{"href":"https:\/\/apuntesdesanluis.com\/index.php\/wp-json\/wp\/v2\/media?parent=21332"}],"wp:term":[{"taxonomy":"category","embeddable":true,"href":"https:\/\/apuntesdesanluis.com\/index.php\/wp-json\/wp\/v2\/categories?post=21332"},{"taxonomy":"post_tag","embeddable":true,"href":"https:\/\/apuntesdesanluis.com\/index.php\/wp-json\/wp\/v2\/tags?post=21332"}],"curies":[{"name":"wp","href":"https:\/\/api.w.org\/{rel}","templated":true}]}}