{"id":2135,"date":"2023-08-26T20:10:00","date_gmt":"2023-08-26T23:10:00","guid":{"rendered":"https:\/\/apuntesdesanluis.com\/?p=2135"},"modified":"2023-08-26T20:11:54","modified_gmt":"2023-08-26T23:11:54","slug":"celebraron-el-primer-aniversario-del-museo-malvinas-en-la-punta","status":"publish","type":"post","link":"https:\/\/apuntesdesanluis.com\/index.php\/2023\/08\/26\/celebraron-el-primer-aniversario-del-museo-malvinas-en-la-punta\/","title":{"rendered":"CELEBRARON EL PRIMER ANIVERSARIO DEL MUSEO MALVINAS EN LA PUNTA"},"content":{"rendered":"<h3 class=\"yiv7409174924ydp6329976emsonormal\" style=\"background: white;\"><span style=\"font-size: 14.0pt; font-family: 'Arial','sans-serif'; color: #1d2228;\">El acto se cumpli\u00f3 a las 11:00 h de este s\u00e1bado, presidido por el intendente de la ciudad de La Punta, <strong>Mart\u00edn Olivero<\/strong>, en una jornada fresca pero plena de emotividad, que cont\u00f3 con la presencia de altas autoridades y ex combatientes de la guerra de Malvinas.<\/span><\/h3>\n<h3 class=\"yiv7409174924ydp6329976emsonormal\" style=\"background: white;\"><span style=\"font-size: 14.0pt; font-family: 'Arial','sans-serif'; color: #1d2228;\">Adem\u00e1s de autoridades municipales asistieron el senador provincial Adolfo Castro Luna y funcionarios electos en las \u00faltimas elecciones, como el sucesor de Olivero, Luciano Ayala, y el vice gobernador Ricardo Endeiza, entre otros.<\/span><\/h3>\n<h3 class=\"yiv7409174924ydp6329976emsonormal\" style=\"background: white;\"><span style=\"font-size: 14.0pt; font-family: 'Arial','sans-serif'; color: #1d2228;\">Tambi\u00e9n las candidatas de Juntos por el Cambio, <strong>Gabriela Gonz\u00e1lez Riollo<\/strong> (a senadora nacional) y <strong>Valeria Lange<\/strong> (a diputada nacional).<\/span><\/h3>\n<p><img fetchpriority=\"high\" decoding=\"async\" class=\"wp-image-2137 aligncenter\" src=\"https:\/\/apuntesdesanluis.com\/wp-content\/uploads\/2023\/08\/MUSEO-CAMION-300x178.png\" alt=\"\" width=\"796\" height=\"472\" srcset=\"https:\/\/apuntesdesanluis.com\/wp-content\/uploads\/2023\/08\/MUSEO-CAMION-300x178.png 300w, https:\/\/apuntesdesanluis.com\/wp-content\/uploads\/2023\/08\/MUSEO-CAMION-1024x606.png 1024w, https:\/\/apuntesdesanluis.com\/wp-content\/uploads\/2023\/08\/MUSEO-CAMION-768x454.png 768w, https:\/\/apuntesdesanluis.com\/wp-content\/uploads\/2023\/08\/MUSEO-CAMION.png 1340w\" sizes=\"(max-width: 796px) 100vw, 796px\" \/><\/p>\n<h3 class=\"yiv7409174924ydp6329976emsonormal\" style=\"background: white;\"><span style=\"font-size: 14.0pt; font-family: 'Arial','sans-serif'; color: #1d2228;\">Durante el acto se entregaron diplomas de reconocimiento a ex combatientes y se comparti\u00f3 una exquisita torta, tras soplarse la vela del primer cumplea\u00f1os del Museo Malvinas.<\/span><\/h3>\n<h3 class=\"yiv7409174924ydp6329976emsonormal\" style=\"background: white;\"><span style=\"font-size: 14.0pt; font-family: 'Arial','sans-serif'; color: #1d2228;\">Por su parte el intendente Mart\u00edn Olivero manifest\u00f3 su \u201corgullo y felicidad\u201d en este primer aniversario del Museo Malvinas La Punta, \u201ccon el que rendimos homenaje y reconocimiento a los h\u00e9roes, nuestros h\u00e9roes, que lucharon con valent\u00eda por la soberan\u00eda nacional y la defensa de nuestro territorio\u201d.<\/span><\/h3>\n<h3 class=\"yiv7409174924ydp6329976emsonormal\" style=\"background: white;\"><span style=\"font-size: 14.0pt; font-family: 'Arial','sans-serif'; color: #1d2228;\">&#8220;A\u00fan recuerdo emocionado cuando conversamos con nuestros ex combatientes y propusieron construir un lugar para el recuerdo de la Gesta de Malvinas. Me pareci\u00f3 una idea fant\u00e1stica y la pudimos concretar en el 40\u00b0 aniversario de la guerra. Estas son las obras que quedan, se disfrutan y contribuyen a la memoria colectiva de nuestros pueblos&#8221;, se\u00f1al\u00f3 a <strong>Apuntes de San Luis<\/strong>.<\/span><\/h3>\n<h3 class=\"yiv7409174924ydp6329976emsonormal\" style=\"background: white;\"><span style=\"font-size: 14.0pt; font-family: 'Arial','sans-serif'; color: #1d2228;\">El senador <strong>Adolfo Castro Luna<\/strong> tambi\u00e9n expres\u00f3 su &#8220;emoci\u00f3n por este reconocimiento que se brinda a nuestros h\u00e9roes de Malvinas. Veo sorprendido c\u00f3mo en apenas un a\u00f1o ha crecido este querido museo, con nuevos recuerdos, objetos y m\u00e1quinas que nos remiten a m\u00e1s de 40 a\u00f1os atr\u00e1s, para conservar viva la memoria y enriquecer la historia de una etapa trascendente de la vida nacional&#8221;.<\/span><\/h3>\n<h3 class=\"yiv7409174924ydp6329976emsonormal\" style=\"background: white;\"><span style=\"font-size: 14.0pt; font-family: 'Arial','sans-serif'; color: #1d2228;\">&#8220;Tambi\u00e9n en Villa Mercedes contamos con dos hermosos museos, que son espectaculares, no s\u00f3lo para nosotros que vivimos aquella \u00e9poca, sino para las j\u00f3venes generaciones que ni siquiera hab\u00edan nacido. Porque una cosa es leer los libros de historia o escuchar relatos, y otra muy diferente es tomar contacto con estos elementos rescatados de la guerra y escuchar los testimonios de quienes se jugaron la vida por la patria&#8221;, concluy\u00f3.<\/span><\/h3>\n<p>&nbsp;<\/p>\n<div style=\"width: 640px;\" class=\"wp-video\"><!--[if lt IE 9]><script>document.createElement('video');<\/script><![endif]-->\n<video class=\"wp-video-shortcode\" id=\"video-2135-1\" width=\"640\" height=\"360\" preload=\"metadata\" controls=\"controls\"><source type=\"video\/mp4\" src=\"https:\/\/apuntesdesanluis.com\/wp-content\/uploads\/2023\/08\/371039918_970949477332059_6440562336754559060_n-1.mp4?_=1\" \/><a href=\"https:\/\/apuntesdesanluis.com\/wp-content\/uploads\/2023\/08\/371039918_970949477332059_6440562336754559060_n-1.mp4\">https:\/\/apuntesdesanluis.com\/wp-content\/uploads\/2023\/08\/371039918_970949477332059_6440562336754559060_n-1.mp4<\/a><\/video><\/div>\n<p>&nbsp;<\/p>\n","protected":false},"excerpt":{"rendered":"<p>El acto se cumpli\u00f3 a las 11:00 h de este s\u00e1bado, presidido por el intendente&#8230;<\/p>\n","protected":false},"author":1,"featured_media":2136,"comment_status":"closed","ping_status":"closed","sticky":false,"template":"","format":"standard","meta":{"footnotes":""},"categories":[6],"tags":[],"class_list":["post-2135","post","type-post","status-publish","format-standard","has-post-thumbnail","hentry","category-ciudad-provincia"],"yoast_head":"<!-- This site is optimized with the Yoast SEO plugin v26.1.1 - https:\/\/yoast.com\/wordpress\/plugins\/seo\/ -->\n<title>CELEBRARON EL PRIMER ANIVERSARIO DEL MUSEO MALVINAS EN LA PUNTA - Apuntes de San Luis<\/title>\n<meta name=\"robots\" content=\"index, follow, max-snippet:-1, max-image-preview:large, max-video-preview:-1\" \/>\n<link rel=\"canonical\" href=\"https:\/\/apuntesdesanluis.com\/index.php\/2023\/08\/26\/celebraron-el-primer-aniversario-del-museo-malvinas-en-la-punta\/\" \/>\n<meta property=\"og:locale\" content=\"es_ES\" \/>\n<meta property=\"og:type\" content=\"article\" \/>\n<meta property=\"og:title\" content=\"CELEBRARON EL PRIMER ANIVERSARIO DEL MUSEO MALVINAS EN LA PUNTA - Apuntes de San Luis\" \/>\n<meta property=\"og:description\" content=\"El acto se cumpli\u00f3 a las 11:00 h de este s\u00e1bado, presidido por el intendente...\" \/>\n<meta property=\"og:url\" content=\"https:\/\/apuntesdesanluis.com\/index.php\/2023\/08\/26\/celebraron-el-primer-aniversario-del-museo-malvinas-en-la-punta\/\" \/>\n<meta property=\"og:site_name\" content=\"Apuntes de San Luis\" \/>\n<meta property=\"article:published_time\" content=\"2023-08-26T23:10:00+00:00\" \/>\n<meta property=\"article:modified_time\" content=\"2023-08-26T23:11:54+00:00\" \/>\n<meta property=\"og:image\" content=\"https:\/\/apuntesdesanluis.com\/wp-content\/uploads\/2023\/08\/MUSEO-MALVINAS-LAPUNTA-TAPA-1024x619.png\" \/>\n\t<meta property=\"og:image:width\" content=\"1024\" \/>\n\t<meta property=\"og:image:height\" content=\"619\" \/>\n\t<meta property=\"og:image:type\" content=\"image\/png\" \/>\n<meta name=\"author\" content=\"apuntesdesanluis.com\" \/>\n<meta name=\"twitter:card\" content=\"summary_large_image\" \/>\n<meta name=\"twitter:label1\" content=\"Escrito por\" \/>\n\t<meta name=\"twitter:data1\" content=\"apuntesdesanluis.com\" \/>\n\t<meta name=\"twitter:label2\" content=\"Tiempo de lectura\" \/>\n\t<meta name=\"twitter:data2\" content=\"2 minutos\" \/>\n<script type=\"application\/ld+json\" class=\"yoast-schema-graph\">{\"@context\":\"https:\/\/schema.org\",\"@graph\":[{\"@type\":\"Article\",\"@id\":\"https:\/\/apuntesdesanluis.com\/index.php\/2023\/08\/26\/celebraron-el-primer-aniversario-del-museo-malvinas-en-la-punta\/#article\",\"isPartOf\":{\"@id\":\"https:\/\/apuntesdesanluis.com\/index.php\/2023\/08\/26\/celebraron-el-primer-aniversario-del-museo-malvinas-en-la-punta\/\"},\"author\":{\"name\":\"apuntesdesanluis.com\",\"@id\":\"https:\/\/apuntesdesanluis.com\/#\/schema\/person\/b55151d52296fcce64d1a72538a70b90\"},\"headline\":\"CELEBRARON EL PRIMER ANIVERSARIO DEL MUSEO MALVINAS EN LA PUNTA\",\"datePublished\":\"2023-08-26T23:10:00+00:00\",\"dateModified\":\"2023-08-26T23:11:54+00:00\",\"mainEntityOfPage\":{\"@id\":\"https:\/\/apuntesdesanluis.com\/index.php\/2023\/08\/26\/celebraron-el-primer-aniversario-del-museo-malvinas-en-la-punta\/\"},\"wordCount\":417,\"publisher\":{\"@id\":\"https:\/\/apuntesdesanluis.com\/#\/schema\/person\/b55151d52296fcce64d1a72538a70b90\"},\"image\":{\"@id\":\"https:\/\/apuntesdesanluis.com\/index.php\/2023\/08\/26\/celebraron-el-primer-aniversario-del-museo-malvinas-en-la-punta\/#primaryimage\"},\"thumbnailUrl\":\"https:\/\/apuntesdesanluis.com\/wp-content\/uploads\/2023\/08\/MUSEO-MALVINAS-LAPUNTA-TAPA.png\",\"articleSection\":[\"Ciudad\/Provincia\"],\"inLanguage\":\"es-AR\"},{\"@type\":\"WebPage\",\"@id\":\"https:\/\/apuntesdesanluis.com\/index.php\/2023\/08\/26\/celebraron-el-primer-aniversario-del-museo-malvinas-en-la-punta\/\",\"url\":\"https:\/\/apuntesdesanluis.com\/index.php\/2023\/08\/26\/celebraron-el-primer-aniversario-del-museo-malvinas-en-la-punta\/\",\"name\":\"CELEBRARON EL PRIMER ANIVERSARIO DEL MUSEO MALVINAS EN LA PUNTA - Apuntes de San Luis\",\"isPartOf\":{\"@id\":\"https:\/\/apuntesdesanluis.com\/#website\"},\"primaryImageOfPage\":{\"@id\":\"https:\/\/apuntesdesanluis.com\/index.php\/2023\/08\/26\/celebraron-el-primer-aniversario-del-museo-malvinas-en-la-punta\/#primaryimage\"},\"image\":{\"@id\":\"https:\/\/apuntesdesanluis.com\/index.php\/2023\/08\/26\/celebraron-el-primer-aniversario-del-museo-malvinas-en-la-punta\/#primaryimage\"},\"thumbnailUrl\":\"https:\/\/apuntesdesanluis.com\/wp-content\/uploads\/2023\/08\/MUSEO-MALVINAS-LAPUNTA-TAPA.png\",\"datePublished\":\"2023-08-26T23:10:00+00:00\",\"dateModified\":\"2023-08-26T23:11:54+00:00\",\"breadcrumb\":{\"@id\":\"https:\/\/apuntesdesanluis.com\/index.php\/2023\/08\/26\/celebraron-el-primer-aniversario-del-museo-malvinas-en-la-punta\/#breadcrumb\"},\"inLanguage\":\"es-AR\",\"potentialAction\":[{\"@type\":\"ReadAction\",\"target\":[\"https:\/\/apuntesdesanluis.com\/index.php\/2023\/08\/26\/celebraron-el-primer-aniversario-del-museo-malvinas-en-la-punta\/\"]}]},{\"@type\":\"ImageObject\",\"inLanguage\":\"es-AR\",\"@id\":\"https:\/\/apuntesdesanluis.com\/index.php\/2023\/08\/26\/celebraron-el-primer-aniversario-del-museo-malvinas-en-la-punta\/#primaryimage\",\"url\":\"https:\/\/apuntesdesanluis.com\/wp-content\/uploads\/2023\/08\/MUSEO-MALVINAS-LAPUNTA-TAPA.png\",\"contentUrl\":\"https:\/\/apuntesdesanluis.com\/wp-content\/uploads\/2023\/08\/MUSEO-MALVINAS-LAPUNTA-TAPA.png\",\"width\":1268,\"height\":767},{\"@type\":\"BreadcrumbList\",\"@id\":\"https:\/\/apuntesdesanluis.com\/index.php\/2023\/08\/26\/celebraron-el-primer-aniversario-del-museo-malvinas-en-la-punta\/#breadcrumb\",\"itemListElement\":[{\"@type\":\"ListItem\",\"position\":1,\"name\":\"Inicio\",\"item\":\"https:\/\/apuntesdesanluis.com\/\"},{\"@type\":\"ListItem\",\"position\":2,\"name\":\"CELEBRARON EL PRIMER ANIVERSARIO DEL MUSEO MALVINAS EN LA PUNTA\"}]},{\"@type\":\"WebSite\",\"@id\":\"https:\/\/apuntesdesanluis.com\/#website\",\"url\":\"https:\/\/apuntesdesanluis.com\/\",\"name\":\"Apuntes de San Luis\",\"description\":\"\",\"publisher\":{\"@id\":\"https:\/\/apuntesdesanluis.com\/#\/schema\/person\/b55151d52296fcce64d1a72538a70b90\"},\"potentialAction\":[{\"@type\":\"SearchAction\",\"target\":{\"@type\":\"EntryPoint\",\"urlTemplate\":\"https:\/\/apuntesdesanluis.com\/?s={search_term_string}\"},\"query-input\":{\"@type\":\"PropertyValueSpecification\",\"valueRequired\":true,\"valueName\":\"search_term_string\"}}],\"inLanguage\":\"es-AR\"},{\"@type\":[\"Person\",\"Organization\"],\"@id\":\"https:\/\/apuntesdesanluis.com\/#\/schema\/person\/b55151d52296fcce64d1a72538a70b90\",\"name\":\"apuntesdesanluis.com\",\"image\":{\"@type\":\"ImageObject\",\"inLanguage\":\"es-AR\",\"@id\":\"https:\/\/apuntesdesanluis.com\/#\/schema\/person\/image\/\",\"url\":\"https:\/\/apuntesdesanluis.com\/wp-content\/uploads\/2023\/07\/cropped-apuntesdesanluis.png\",\"contentUrl\":\"https:\/\/apuntesdesanluis.com\/wp-content\/uploads\/2023\/07\/cropped-apuntesdesanluis.png\",\"width\":450,\"height\":112,\"caption\":\"apuntesdesanluis.com\"},\"logo\":{\"@id\":\"https:\/\/apuntesdesanluis.com\/#\/schema\/person\/image\/\"},\"sameAs\":[\"https:\/\/apuntesdesanluis.com\"],\"url\":\"https:\/\/apuntesdesanluis.com\/index.php\/author\/apuntesdesanluis-com\/\"}]}<\/script>\n<!-- \/ Yoast SEO plugin. -->","yoast_head_json":{"title":"CELEBRARON EL PRIMER ANIVERSARIO DEL MUSEO MALVINAS EN LA PUNTA - Apuntes de San Luis","robots":{"index":"index","follow":"follow","max-snippet":"max-snippet:-1","max-image-preview":"max-image-preview:large","max-video-preview":"max-video-preview:-1"},"canonical":"https:\/\/apuntesdesanluis.com\/index.php\/2023\/08\/26\/celebraron-el-primer-aniversario-del-museo-malvinas-en-la-punta\/","og_locale":"es_ES","og_type":"article","og_title":"CELEBRARON EL PRIMER ANIVERSARIO DEL MUSEO MALVINAS EN LA PUNTA - Apuntes de San Luis","og_description":"El acto se cumpli\u00f3 a las 11:00 h de este s\u00e1bado, presidido por el intendente...","og_url":"https:\/\/apuntesdesanluis.com\/index.php\/2023\/08\/26\/celebraron-el-primer-aniversario-del-museo-malvinas-en-la-punta\/","og_site_name":"Apuntes de San Luis","article_published_time":"2023-08-26T23:10:00+00:00","article_modified_time":"2023-08-26T23:11:54+00:00","og_image":[{"width":1024,"height":619,"url":"https:\/\/apuntesdesanluis.com\/wp-content\/uploads\/2023\/08\/MUSEO-MALVINAS-LAPUNTA-TAPA-1024x619.png","type":"image\/png"}],"author":"apuntesdesanluis.com","twitter_card":"summary_large_image","twitter_misc":{"Escrito por":"apuntesdesanluis.com","Tiempo de lectura":"2 minutos"},"schema":{"@context":"https:\/\/schema.org","@graph":[{"@type":"Article","@id":"https:\/\/apuntesdesanluis.com\/index.php\/2023\/08\/26\/celebraron-el-primer-aniversario-del-museo-malvinas-en-la-punta\/#article","isPartOf":{"@id":"https:\/\/apuntesdesanluis.com\/index.php\/2023\/08\/26\/celebraron-el-primer-aniversario-del-museo-malvinas-en-la-punta\/"},"author":{"name":"apuntesdesanluis.com","@id":"https:\/\/apuntesdesanluis.com\/#\/schema\/person\/b55151d52296fcce64d1a72538a70b90"},"headline":"CELEBRARON EL PRIMER ANIVERSARIO DEL MUSEO MALVINAS EN LA PUNTA","datePublished":"2023-08-26T23:10:00+00:00","dateModified":"2023-08-26T23:11:54+00:00","mainEntityOfPage":{"@id":"https:\/\/apuntesdesanluis.com\/index.php\/2023\/08\/26\/celebraron-el-primer-aniversario-del-museo-malvinas-en-la-punta\/"},"wordCount":417,"publisher":{"@id":"https:\/\/apuntesdesanluis.com\/#\/schema\/person\/b55151d52296fcce64d1a72538a70b90"},"image":{"@id":"https:\/\/apuntesdesanluis.com\/index.php\/2023\/08\/26\/celebraron-el-primer-aniversario-del-museo-malvinas-en-la-punta\/#primaryimage"},"thumbnailUrl":"https:\/\/apuntesdesanluis.com\/wp-content\/uploads\/2023\/08\/MUSEO-MALVINAS-LAPUNTA-TAPA.png","articleSection":["Ciudad\/Provincia"],"inLanguage":"es-AR"},{"@type":"WebPage","@id":"https:\/\/apuntesdesanluis.com\/index.php\/2023\/08\/26\/celebraron-el-primer-aniversario-del-museo-malvinas-en-la-punta\/","url":"https:\/\/apuntesdesanluis.com\/index.php\/2023\/08\/26\/celebraron-el-primer-aniversario-del-museo-malvinas-en-la-punta\/","name":"CELEBRARON EL PRIMER ANIVERSARIO DEL MUSEO MALVINAS EN LA PUNTA - Apuntes de San Luis","isPartOf":{"@id":"https:\/\/apuntesdesanluis.com\/#website"},"primaryImageOfPage":{"@id":"https:\/\/apuntesdesanluis.com\/index.php\/2023\/08\/26\/celebraron-el-primer-aniversario-del-museo-malvinas-en-la-punta\/#primaryimage"},"image":{"@id":"https:\/\/apuntesdesanluis.com\/index.php\/2023\/08\/26\/celebraron-el-primer-aniversario-del-museo-malvinas-en-la-punta\/#primaryimage"},"thumbnailUrl":"https:\/\/apuntesdesanluis.com\/wp-content\/uploads\/2023\/08\/MUSEO-MALVINAS-LAPUNTA-TAPA.png","datePublished":"2023-08-26T23:10:00+00:00","dateModified":"2023-08-26T23:11:54+00:00","breadcrumb":{"@id":"https:\/\/apuntesdesanluis.com\/index.php\/2023\/08\/26\/celebraron-el-primer-aniversario-del-museo-malvinas-en-la-punta\/#breadcrumb"},"inLanguage":"es-AR","potentialAction":[{"@type":"ReadAction","target":["https:\/\/apuntesdesanluis.com\/index.php\/2023\/08\/26\/celebraron-el-primer-aniversario-del-museo-malvinas-en-la-punta\/"]}]},{"@type":"ImageObject","inLanguage":"es-AR","@id":"https:\/\/apuntesdesanluis.com\/index.php\/2023\/08\/26\/celebraron-el-primer-aniversario-del-museo-malvinas-en-la-punta\/#primaryimage","url":"https:\/\/apuntesdesanluis.com\/wp-content\/uploads\/2023\/08\/MUSEO-MALVINAS-LAPUNTA-TAPA.png","contentUrl":"https:\/\/apuntesdesanluis.com\/wp-content\/uploads\/2023\/08\/MUSEO-MALVINAS-LAPUNTA-TAPA.png","width":1268,"height":767},{"@type":"BreadcrumbList","@id":"https:\/\/apuntesdesanluis.com\/index.php\/2023\/08\/26\/celebraron-el-primer-aniversario-del-museo-malvinas-en-la-punta\/#breadcrumb","itemListElement":[{"@type":"ListItem","position":1,"name":"Inicio","item":"https:\/\/apuntesdesanluis.com\/"},{"@type":"ListItem","position":2,"name":"CELEBRARON EL PRIMER ANIVERSARIO DEL MUSEO MALVINAS EN LA PUNTA"}]},{"@type":"WebSite","@id":"https:\/\/apuntesdesanluis.com\/#website","url":"https:\/\/apuntesdesanluis.com\/","name":"Apuntes de San Luis","description":"","publisher":{"@id":"https:\/\/apuntesdesanluis.com\/#\/schema\/person\/b55151d52296fcce64d1a72538a70b90"},"potentialAction":[{"@type":"SearchAction","target":{"@type":"EntryPoint","urlTemplate":"https:\/\/apuntesdesanluis.com\/?s={search_term_string}"},"query-input":{"@type":"PropertyValueSpecification","valueRequired":true,"valueName":"search_term_string"}}],"inLanguage":"es-AR"},{"@type":["Person","Organization"],"@id":"https:\/\/apuntesdesanluis.com\/#\/schema\/person\/b55151d52296fcce64d1a72538a70b90","name":"apuntesdesanluis.com","image":{"@type":"ImageObject","inLanguage":"es-AR","@id":"https:\/\/apuntesdesanluis.com\/#\/schema\/person\/image\/","url":"https:\/\/apuntesdesanluis.com\/wp-content\/uploads\/2023\/07\/cropped-apuntesdesanluis.png","contentUrl":"https:\/\/apuntesdesanluis.com\/wp-content\/uploads\/2023\/07\/cropped-apuntesdesanluis.png","width":450,"height":112,"caption":"apuntesdesanluis.com"},"logo":{"@id":"https:\/\/apuntesdesanluis.com\/#\/schema\/person\/image\/"},"sameAs":["https:\/\/apuntesdesanluis.com"],"url":"https:\/\/apuntesdesanluis.com\/index.php\/author\/apuntesdesanluis-com\/"}]}},"featured_image_urls":{"full":["https:\/\/apuntesdesanluis.com\/wp-content\/uploads\/2023\/08\/MUSEO-MALVINAS-LAPUNTA-TAPA.png",1268,767,false],"thumbnail":["https:\/\/apuntesdesanluis.com\/wp-content\/uploads\/2023\/08\/MUSEO-MALVINAS-LAPUNTA-TAPA-150x150.png",150,150,true],"medium":["https:\/\/apuntesdesanluis.com\/wp-content\/uploads\/2023\/08\/MUSEO-MALVINAS-LAPUNTA-TAPA-300x181.png",300,181,true],"medium_large":["https:\/\/apuntesdesanluis.com\/wp-content\/uploads\/2023\/08\/MUSEO-MALVINAS-LAPUNTA-TAPA-768x465.png",640,388,true],"large":["https:\/\/apuntesdesanluis.com\/wp-content\/uploads\/2023\/08\/MUSEO-MALVINAS-LAPUNTA-TAPA-1024x619.png",640,387,true],"1536x1536":["https:\/\/apuntesdesanluis.com\/wp-content\/uploads\/2023\/08\/MUSEO-MALVINAS-LAPUNTA-TAPA.png",1268,767,false],"2048x2048":["https:\/\/apuntesdesanluis.com\/wp-content\/uploads\/2023\/08\/MUSEO-MALVINAS-LAPUNTA-TAPA.png",1268,767,false],"newsever-slider-full":["https:\/\/apuntesdesanluis.com\/wp-content\/uploads\/2023\/08\/MUSEO-MALVINAS-LAPUNTA-TAPA.png",1268,767,false],"newsever-featured":["https:\/\/apuntesdesanluis.com\/wp-content\/uploads\/2023\/08\/MUSEO-MALVINAS-LAPUNTA-TAPA-1024x619.png",1024,619,true],"newsever-medium":["https:\/\/apuntesdesanluis.com\/wp-content\/uploads\/2023\/08\/MUSEO-MALVINAS-LAPUNTA-TAPA-720x475.png",720,475,true]},"author_info":{"display_name":"apuntesdesanluis.com","author_link":"https:\/\/apuntesdesanluis.com\/index.php\/author\/apuntesdesanluis-com\/"},"category_info":"<a href=\"https:\/\/apuntesdesanluis.com\/index.php\/category\/ciudad-provincia\/\" rel=\"category tag\">Ciudad\/Provincia<\/a>","tag_info":"Ciudad\/Provincia","comment_count":"0","_links":{"self":[{"href":"https:\/\/apuntesdesanluis.com\/index.php\/wp-json\/wp\/v2\/posts\/2135","targetHints":{"allow":["GET"]}}],"collection":[{"href":"https:\/\/apuntesdesanluis.com\/index.php\/wp-json\/wp\/v2\/posts"}],"about":[{"href":"https:\/\/apuntesdesanluis.com\/index.php\/wp-json\/wp\/v2\/types\/post"}],"author":[{"embeddable":true,"href":"https:\/\/apuntesdesanluis.com\/index.php\/wp-json\/wp\/v2\/users\/1"}],"replies":[{"embeddable":true,"href":"https:\/\/apuntesdesanluis.com\/index.php\/wp-json\/wp\/v2\/comments?post=2135"}],"version-history":[{"count":4,"href":"https:\/\/apuntesdesanluis.com\/index.php\/wp-json\/wp\/v2\/posts\/2135\/revisions"}],"predecessor-version":[{"id":2142,"href":"https:\/\/apuntesdesanluis.com\/index.php\/wp-json\/wp\/v2\/posts\/2135\/revisions\/2142"}],"wp:featuredmedia":[{"embeddable":true,"href":"https:\/\/apuntesdesanluis.com\/index.php\/wp-json\/wp\/v2\/media\/2136"}],"wp:attachment":[{"href":"https:\/\/apuntesdesanluis.com\/index.php\/wp-json\/wp\/v2\/media?parent=2135"}],"wp:term":[{"taxonomy":"category","embeddable":true,"href":"https:\/\/apuntesdesanluis.com\/index.php\/wp-json\/wp\/v2\/categories?post=2135"},{"taxonomy":"post_tag","embeddable":true,"href":"https:\/\/apuntesdesanluis.com\/index.php\/wp-json\/wp\/v2\/tags?post=2135"}],"curies":[{"name":"wp","href":"https:\/\/api.w.org\/{rel}","templated":true}]}}