{"id":21355,"date":"2024-08-27T14:30:07","date_gmt":"2024-08-27T17:30:07","guid":{"rendered":"https:\/\/apuntesdesanluis.com\/?p=21355"},"modified":"2024-08-27T14:30:07","modified_gmt":"2024-08-27T17:30:07","slug":"la-fiscalia-solicito-que-fabiola-yanez-entregue-su-celular-en-la-causa-contra-alberto-fernandez","status":"publish","type":"post","link":"https:\/\/apuntesdesanluis.com\/index.php\/2024\/08\/27\/la-fiscalia-solicito-que-fabiola-yanez-entregue-su-celular-en-la-causa-contra-alberto-fernandez\/","title":{"rendered":"LA FISCAL\u00cdA SOLICIT\u00d3 QUE FABIOLA YA\u00d1EZ ENTREGUE SU CELULAR EN LA CAUSA CONTRA ALBERTO FERN\u00c1NDEZ"},"content":{"rendered":"<h3>El tr\u00e1mite no es sencillo porque la ex primera dama vive en Espa\u00f1a. Se le pidi\u00f3 autorizaci\u00f3n al juez Ercolini. Tambi\u00e9n se necesita de la colaboraci\u00f3n de fiscales madrile\u00f1os para poder hacer una copia del tel\u00e9fono<\/h3>\n<h3>El fiscal federal Ramiro Gonz\u00e1lez busca que Fabiola Ya\u00f1ez aporte su tel\u00e9fono celular en el marco de la causa que investiga por violencia de g\u00e9nero al ex presidente Alberto Fern\u00e1ndez. El tr\u00e1mite no se sencillo porque la ex primera dama se encuentra viviendo en Espa\u00f1a, por lo tanto se est\u00e1 avanzando en los pasos para poder instrumentarlo, previa autorizaci\u00f3n del juez Juli\u00e1n Ercolini, indicaron a Infobae fuentes judiciales.<\/h3>\n<h3>Es que el fiscal dispuso dejar sin efecto el exhorto enviado a Espa\u00f1a para poder tomarle declaraci\u00f3n a la madre de Fabiola. La declaraci\u00f3n se tomar\u00e1 en base a los acuerdos celebrados entre Ministerios P\u00fablicos en el marco de la Asociaci\u00f3n Iberoamericana de Ministerios P\u00fablicos (AIAMP). Pero all\u00ed tambi\u00e9n se le solicit\u00f3 a esos fiscales una serie de medidas.<\/h3>\n<h3>\u201cTeniendo en cuenta la voluntad de la v\u00edctima de hacer entrega de los contactos y contenidos mantenidos v\u00eda la aplicaci\u00f3n de mensajer\u00eda Whats app con el Sr. Alberto \u00c1ngel Fern\u00e1ndez, requi\u00e9rase que en el mismo marco de cooperaci\u00f3n entre Ministerios P\u00fablicos se disponga la realizaci\u00f3n de una copia forense del tel\u00e9fono celular de Fabiola Y\u00e1\u00f1ez con el objeto de obtener la prueba mencionada\u201d, dice el el escrito al que accedi\u00f3 Infobae.<\/h3>\n<h3>La fiscal\u00eda subray\u00f3 que \u201cdebido a las caracter\u00edsticas del acto, la naturaleza del hecho investigado y su trascendencia p\u00fablica, solic\u00edtese que los representantes de Ministerio P\u00fablico requerido tengan a bien citar a Fabiola Y\u00e1\u00f1ez en la dependencia que pudiere corresponder para que aporte su equipo de telefon\u00eda celular; se efect\u00fae en ese momento la copia forense requerida y se devuelva el equipo a la Sra. Y\u00e1\u00f1ez una vez finalizado el procedimiento\u201d. El tr\u00e1mite necesita de la autorizaci\u00f3n del \u201cjuez federal delegante la autorizaci\u00f3n para llevar adelante la medida\u201d. En ese contexto se le enviaron las actuaciones al juez federal Juli\u00e1n Ercolini.<\/h3>\n<h3>Los celulares son claves en esta investigaci\u00f3n. Fue precisamente en el celular de Mar\u00eda Cantero, secretaria de Alberto Fern\u00e1ndez, en donde aparecieron los indicios de los golpes que habr\u00eda recibido Fabiola Ya\u00f1ez siendo primera dama. Ese tel\u00e9fono fue secuestrado en el marco de la causa de los seguros, en donde aparecieron los di\u00e1logos y las fotos de Fabiola con un ojo en compota y moretones en los brazos.<\/h3>\n<h3>Fue entonces cuando Ercolini cit\u00f3 a Ya\u00f1ez para ver si quer\u00eda declarar, pero en ese momento la ex primera dama desisti\u00f3 de la invitaci\u00f3n. Cuando trascendi\u00f3 la noticia del contenido de esos di\u00e1logos, Fabiola Ya\u00f1ez se comunic\u00f3 con el juzgado y dijo que quer\u00eda impulsar la investigaci\u00f3n. Habl\u00f3 de hechos de violencia f\u00edsica, de \u201cterrorismo psicol\u00f3gico\u201d y de \u201cacoso telefo\u0301nico\u201d. En ese contexto, el juez Ercolini decidi\u00f3 varias medidas urgentes, como la prohibici\u00f3n al ex presidente \u201ctodo tipo de contacto fi\u0301sico, telefo\u0301nico -por li\u0301nea fija y\/o celular-, por correo electro\u0301nico, sistema de mensajeri\u0301a de texto y\/o voz a trave\u0301s de cualquier plataforma, por vi\u0301a de terceras personas y\/o por cualquier otro medio que signifique intromisio\u0301n injustificada con relacio\u0301n a la persona nombrada\u201d.<\/h3>\n<h3>Tres d\u00edas despu\u00e9s, a pedido del fiscal Carlos R\u00edvolo, se orden\u00f3 secuestrarle el tel\u00e9fono a Alberto Fern\u00e1ndez porque se habr\u00eda comunicado con su ex pareja despu\u00e9s de la orden de prohibici\u00f3n de contacto. Sin embargo, la semana pasada, los abogados de Fabiola se presentaron a trav\u00e9s de un escrito en donde hac\u00eda saber que la ex primera dama \u201cno hab\u00eda recibidos mensajes desde el celular del Sr. Alberto Fern\u00e1ndez a partir del d\u00eda 6\/08\/24 luego de las 17:09 horas (10:09 PM de Espa\u00f1a)\u201d. La notificaci\u00f3n de prohibici\u00f3n de contacto, firmada por el juez tras oir la denuncia de Ya\u00f1ez, se hab\u00eda concretado a las 19:47 de ese d\u00eda. Es decir que el ex jefe de Estado no habr\u00eda violado la orden dada por el juzgado.Frente a ello, la defensa de Fern\u00e1ndez reclam\u00f3 que se declare abstracto el allanamiento y que se le devuelvan los celulares y dispositivos que se le secuestraron. No hubo ninguna respuesta al respecto a\u00fan.<\/h3>\n<h3>En tanto, tambi\u00e9n la semana pasada trascendi\u00f3 que Fabiola Ya\u00f1ez habr\u00eda perdido su tel\u00e9fono. Tanto la abogada querellante Mariana Gallego -en tribunales- como su pareja, el penalista Mauricio D\u2019Alessandro, desmintieron esa informaci\u00f3n. \u201cTiene la nube, tiene todo\u201d, dijo D\u2019Alessandro en declaraciones radiales. \u201cNo existe nunca en una denuncia pruebas tan claras e inevitables como en esta. No es cierto de que Fabiola Ya\u00f1ez perdi\u00f3 el celular\u201d. Incluso detall\u00f3 que el ex mandatario \u201cten\u00eda una persona, de nombre Cristian, que se encargaba de sus cuestiones tecnol\u00f3gicas, y varias veces le pidi\u00f3 el tel\u00e9fono a Fabiola\u201d. \u201cPuede ser que el propio Alberto haya pensado que pod\u00eda garantizar que Fabiola hab\u00eda perdido el tel\u00e9fono, sino no hay raz\u00f3n alguna para semejante afirmaci\u00f3n. Ella tiene el tel\u00e9fono, tiene la nube, tiene todo\u201d.<\/h3>\n<h3><\/h3>\n<h3><\/h3>\n<p>&nbsp;<\/p>\n","protected":false},"excerpt":{"rendered":"<p>El tr\u00e1mite no es sencillo porque la ex primera dama vive en Espa\u00f1a. Se le&#8230;<\/p>\n","protected":false},"author":1,"featured_media":21356,"comment_status":"closed","ping_status":"closed","sticky":false,"template":"","format":"standard","meta":{"footnotes":""},"categories":[5],"tags":[],"class_list":["post-21355","post","type-post","status-publish","format-standard","has-post-thumbnail","hentry","category-nacionales-internacionales"],"yoast_head":"<!-- This site is optimized with the Yoast SEO plugin v26.1.1 - https:\/\/yoast.com\/wordpress\/plugins\/seo\/ -->\n<title>LA FISCAL\u00cdA SOLICIT\u00d3 QUE FABIOLA YA\u00d1EZ ENTREGUE SU CELULAR EN LA CAUSA CONTRA ALBERTO FERN\u00c1NDEZ - Apuntes de San Luis<\/title>\n<meta name=\"robots\" content=\"index, follow, max-snippet:-1, max-image-preview:large, max-video-preview:-1\" \/>\n<link rel=\"canonical\" href=\"https:\/\/apuntesdesanluis.com\/index.php\/2024\/08\/27\/la-fiscalia-solicito-que-fabiola-yanez-entregue-su-celular-en-la-causa-contra-alberto-fernandez\/\" \/>\n<meta property=\"og:locale\" content=\"es_ES\" \/>\n<meta property=\"og:type\" content=\"article\" \/>\n<meta property=\"og:title\" content=\"LA FISCAL\u00cdA SOLICIT\u00d3 QUE FABIOLA YA\u00d1EZ ENTREGUE SU CELULAR EN LA CAUSA CONTRA ALBERTO FERN\u00c1NDEZ - Apuntes de San Luis\" \/>\n<meta property=\"og:description\" content=\"El tr\u00e1mite no es sencillo porque la ex primera dama vive en Espa\u00f1a. Se le...\" \/>\n<meta property=\"og:url\" content=\"https:\/\/apuntesdesanluis.com\/index.php\/2024\/08\/27\/la-fiscalia-solicito-que-fabiola-yanez-entregue-su-celular-en-la-causa-contra-alberto-fernandez\/\" \/>\n<meta property=\"og:site_name\" content=\"Apuntes de San Luis\" \/>\n<meta property=\"article:published_time\" content=\"2024-08-27T17:30:07+00:00\" \/>\n<meta property=\"og:image\" content=\"https:\/\/apuntesdesanluis.com\/wp-content\/uploads\/2024\/08\/fabiola-yanez-1.png\" \/>\n\t<meta property=\"og:image:width\" content=\"600\" \/>\n\t<meta property=\"og:image:height\" content=\"379\" \/>\n\t<meta property=\"og:image:type\" content=\"image\/png\" \/>\n<meta name=\"author\" content=\"apuntesdesanluis.com\" \/>\n<meta name=\"twitter:card\" content=\"summary_large_image\" \/>\n<meta name=\"twitter:label1\" content=\"Escrito por\" \/>\n\t<meta name=\"twitter:data1\" content=\"apuntesdesanluis.com\" \/>\n\t<meta name=\"twitter:label2\" content=\"Tiempo de lectura\" \/>\n\t<meta name=\"twitter:data2\" content=\"4 minutos\" \/>\n<script type=\"application\/ld+json\" class=\"yoast-schema-graph\">{\"@context\":\"https:\/\/schema.org\",\"@graph\":[{\"@type\":\"Article\",\"@id\":\"https:\/\/apuntesdesanluis.com\/index.php\/2024\/08\/27\/la-fiscalia-solicito-que-fabiola-yanez-entregue-su-celular-en-la-causa-contra-alberto-fernandez\/#article\",\"isPartOf\":{\"@id\":\"https:\/\/apuntesdesanluis.com\/index.php\/2024\/08\/27\/la-fiscalia-solicito-que-fabiola-yanez-entregue-su-celular-en-la-causa-contra-alberto-fernandez\/\"},\"author\":{\"name\":\"apuntesdesanluis.com\",\"@id\":\"https:\/\/apuntesdesanluis.com\/#\/schema\/person\/b55151d52296fcce64d1a72538a70b90\"},\"headline\":\"LA FISCAL\u00cdA SOLICIT\u00d3 QUE FABIOLA YA\u00d1EZ ENTREGUE SU CELULAR EN LA CAUSA CONTRA ALBERTO FERN\u00c1NDEZ\",\"datePublished\":\"2024-08-27T17:30:07+00:00\",\"mainEntityOfPage\":{\"@id\":\"https:\/\/apuntesdesanluis.com\/index.php\/2024\/08\/27\/la-fiscalia-solicito-que-fabiola-yanez-entregue-su-celular-en-la-causa-contra-alberto-fernandez\/\"},\"wordCount\":943,\"publisher\":{\"@id\":\"https:\/\/apuntesdesanluis.com\/#\/schema\/person\/b55151d52296fcce64d1a72538a70b90\"},\"image\":{\"@id\":\"https:\/\/apuntesdesanluis.com\/index.php\/2024\/08\/27\/la-fiscalia-solicito-que-fabiola-yanez-entregue-su-celular-en-la-causa-contra-alberto-fernandez\/#primaryimage\"},\"thumbnailUrl\":\"https:\/\/apuntesdesanluis.com\/wp-content\/uploads\/2024\/08\/fabiola-yanez-1.png\",\"articleSection\":[\"Nacionales\/Internacionales\"],\"inLanguage\":\"es-AR\"},{\"@type\":\"WebPage\",\"@id\":\"https:\/\/apuntesdesanluis.com\/index.php\/2024\/08\/27\/la-fiscalia-solicito-que-fabiola-yanez-entregue-su-celular-en-la-causa-contra-alberto-fernandez\/\",\"url\":\"https:\/\/apuntesdesanluis.com\/index.php\/2024\/08\/27\/la-fiscalia-solicito-que-fabiola-yanez-entregue-su-celular-en-la-causa-contra-alberto-fernandez\/\",\"name\":\"LA FISCAL\u00cdA SOLICIT\u00d3 QUE FABIOLA YA\u00d1EZ ENTREGUE SU CELULAR EN LA CAUSA CONTRA ALBERTO FERN\u00c1NDEZ - Apuntes de San Luis\",\"isPartOf\":{\"@id\":\"https:\/\/apuntesdesanluis.com\/#website\"},\"primaryImageOfPage\":{\"@id\":\"https:\/\/apuntesdesanluis.com\/index.php\/2024\/08\/27\/la-fiscalia-solicito-que-fabiola-yanez-entregue-su-celular-en-la-causa-contra-alberto-fernandez\/#primaryimage\"},\"image\":{\"@id\":\"https:\/\/apuntesdesanluis.com\/index.php\/2024\/08\/27\/la-fiscalia-solicito-que-fabiola-yanez-entregue-su-celular-en-la-causa-contra-alberto-fernandez\/#primaryimage\"},\"thumbnailUrl\":\"https:\/\/apuntesdesanluis.com\/wp-content\/uploads\/2024\/08\/fabiola-yanez-1.png\",\"datePublished\":\"2024-08-27T17:30:07+00:00\",\"breadcrumb\":{\"@id\":\"https:\/\/apuntesdesanluis.com\/index.php\/2024\/08\/27\/la-fiscalia-solicito-que-fabiola-yanez-entregue-su-celular-en-la-causa-contra-alberto-fernandez\/#breadcrumb\"},\"inLanguage\":\"es-AR\",\"potentialAction\":[{\"@type\":\"ReadAction\",\"target\":[\"https:\/\/apuntesdesanluis.com\/index.php\/2024\/08\/27\/la-fiscalia-solicito-que-fabiola-yanez-entregue-su-celular-en-la-causa-contra-alberto-fernandez\/\"]}]},{\"@type\":\"ImageObject\",\"inLanguage\":\"es-AR\",\"@id\":\"https:\/\/apuntesdesanluis.com\/index.php\/2024\/08\/27\/la-fiscalia-solicito-que-fabiola-yanez-entregue-su-celular-en-la-causa-contra-alberto-fernandez\/#primaryimage\",\"url\":\"https:\/\/apuntesdesanluis.com\/wp-content\/uploads\/2024\/08\/fabiola-yanez-1.png\",\"contentUrl\":\"https:\/\/apuntesdesanluis.com\/wp-content\/uploads\/2024\/08\/fabiola-yanez-1.png\",\"width\":600,\"height\":379},{\"@type\":\"BreadcrumbList\",\"@id\":\"https:\/\/apuntesdesanluis.com\/index.php\/2024\/08\/27\/la-fiscalia-solicito-que-fabiola-yanez-entregue-su-celular-en-la-causa-contra-alberto-fernandez\/#breadcrumb\",\"itemListElement\":[{\"@type\":\"ListItem\",\"position\":1,\"name\":\"Inicio\",\"item\":\"https:\/\/apuntesdesanluis.com\/\"},{\"@type\":\"ListItem\",\"position\":2,\"name\":\"LA FISCAL\u00cdA SOLICIT\u00d3 QUE FABIOLA YA\u00d1EZ ENTREGUE SU CELULAR EN LA CAUSA CONTRA ALBERTO FERN\u00c1NDEZ\"}]},{\"@type\":\"WebSite\",\"@id\":\"https:\/\/apuntesdesanluis.com\/#website\",\"url\":\"https:\/\/apuntesdesanluis.com\/\",\"name\":\"Apuntes de San Luis\",\"description\":\"\",\"publisher\":{\"@id\":\"https:\/\/apuntesdesanluis.com\/#\/schema\/person\/b55151d52296fcce64d1a72538a70b90\"},\"potentialAction\":[{\"@type\":\"SearchAction\",\"target\":{\"@type\":\"EntryPoint\",\"urlTemplate\":\"https:\/\/apuntesdesanluis.com\/?s={search_term_string}\"},\"query-input\":{\"@type\":\"PropertyValueSpecification\",\"valueRequired\":true,\"valueName\":\"search_term_string\"}}],\"inLanguage\":\"es-AR\"},{\"@type\":[\"Person\",\"Organization\"],\"@id\":\"https:\/\/apuntesdesanluis.com\/#\/schema\/person\/b55151d52296fcce64d1a72538a70b90\",\"name\":\"apuntesdesanluis.com\",\"image\":{\"@type\":\"ImageObject\",\"inLanguage\":\"es-AR\",\"@id\":\"https:\/\/apuntesdesanluis.com\/#\/schema\/person\/image\/\",\"url\":\"https:\/\/apuntesdesanluis.com\/wp-content\/uploads\/2023\/07\/cropped-apuntesdesanluis.png\",\"contentUrl\":\"https:\/\/apuntesdesanluis.com\/wp-content\/uploads\/2023\/07\/cropped-apuntesdesanluis.png\",\"width\":450,\"height\":112,\"caption\":\"apuntesdesanluis.com\"},\"logo\":{\"@id\":\"https:\/\/apuntesdesanluis.com\/#\/schema\/person\/image\/\"},\"sameAs\":[\"https:\/\/apuntesdesanluis.com\"],\"url\":\"https:\/\/apuntesdesanluis.com\/index.php\/author\/apuntesdesanluis-com\/\"}]}<\/script>\n<!-- \/ Yoast SEO plugin. -->","yoast_head_json":{"title":"LA FISCAL\u00cdA SOLICIT\u00d3 QUE FABIOLA YA\u00d1EZ ENTREGUE SU CELULAR EN LA CAUSA CONTRA ALBERTO FERN\u00c1NDEZ - Apuntes de San Luis","robots":{"index":"index","follow":"follow","max-snippet":"max-snippet:-1","max-image-preview":"max-image-preview:large","max-video-preview":"max-video-preview:-1"},"canonical":"https:\/\/apuntesdesanluis.com\/index.php\/2024\/08\/27\/la-fiscalia-solicito-que-fabiola-yanez-entregue-su-celular-en-la-causa-contra-alberto-fernandez\/","og_locale":"es_ES","og_type":"article","og_title":"LA FISCAL\u00cdA SOLICIT\u00d3 QUE FABIOLA YA\u00d1EZ ENTREGUE SU CELULAR EN LA CAUSA CONTRA ALBERTO FERN\u00c1NDEZ - Apuntes de San Luis","og_description":"El tr\u00e1mite no es sencillo porque la ex primera dama vive en Espa\u00f1a. Se le...","og_url":"https:\/\/apuntesdesanluis.com\/index.php\/2024\/08\/27\/la-fiscalia-solicito-que-fabiola-yanez-entregue-su-celular-en-la-causa-contra-alberto-fernandez\/","og_site_name":"Apuntes de San Luis","article_published_time":"2024-08-27T17:30:07+00:00","og_image":[{"width":600,"height":379,"url":"https:\/\/apuntesdesanluis.com\/wp-content\/uploads\/2024\/08\/fabiola-yanez-1.png","type":"image\/png"}],"author":"apuntesdesanluis.com","twitter_card":"summary_large_image","twitter_misc":{"Escrito por":"apuntesdesanluis.com","Tiempo de lectura":"4 minutos"},"schema":{"@context":"https:\/\/schema.org","@graph":[{"@type":"Article","@id":"https:\/\/apuntesdesanluis.com\/index.php\/2024\/08\/27\/la-fiscalia-solicito-que-fabiola-yanez-entregue-su-celular-en-la-causa-contra-alberto-fernandez\/#article","isPartOf":{"@id":"https:\/\/apuntesdesanluis.com\/index.php\/2024\/08\/27\/la-fiscalia-solicito-que-fabiola-yanez-entregue-su-celular-en-la-causa-contra-alberto-fernandez\/"},"author":{"name":"apuntesdesanluis.com","@id":"https:\/\/apuntesdesanluis.com\/#\/schema\/person\/b55151d52296fcce64d1a72538a70b90"},"headline":"LA FISCAL\u00cdA SOLICIT\u00d3 QUE FABIOLA YA\u00d1EZ ENTREGUE SU CELULAR EN LA CAUSA CONTRA ALBERTO FERN\u00c1NDEZ","datePublished":"2024-08-27T17:30:07+00:00","mainEntityOfPage":{"@id":"https:\/\/apuntesdesanluis.com\/index.php\/2024\/08\/27\/la-fiscalia-solicito-que-fabiola-yanez-entregue-su-celular-en-la-causa-contra-alberto-fernandez\/"},"wordCount":943,"publisher":{"@id":"https:\/\/apuntesdesanluis.com\/#\/schema\/person\/b55151d52296fcce64d1a72538a70b90"},"image":{"@id":"https:\/\/apuntesdesanluis.com\/index.php\/2024\/08\/27\/la-fiscalia-solicito-que-fabiola-yanez-entregue-su-celular-en-la-causa-contra-alberto-fernandez\/#primaryimage"},"thumbnailUrl":"https:\/\/apuntesdesanluis.com\/wp-content\/uploads\/2024\/08\/fabiola-yanez-1.png","articleSection":["Nacionales\/Internacionales"],"inLanguage":"es-AR"},{"@type":"WebPage","@id":"https:\/\/apuntesdesanluis.com\/index.php\/2024\/08\/27\/la-fiscalia-solicito-que-fabiola-yanez-entregue-su-celular-en-la-causa-contra-alberto-fernandez\/","url":"https:\/\/apuntesdesanluis.com\/index.php\/2024\/08\/27\/la-fiscalia-solicito-que-fabiola-yanez-entregue-su-celular-en-la-causa-contra-alberto-fernandez\/","name":"LA FISCAL\u00cdA SOLICIT\u00d3 QUE FABIOLA YA\u00d1EZ ENTREGUE SU CELULAR EN LA CAUSA CONTRA ALBERTO FERN\u00c1NDEZ - Apuntes de San Luis","isPartOf":{"@id":"https:\/\/apuntesdesanluis.com\/#website"},"primaryImageOfPage":{"@id":"https:\/\/apuntesdesanluis.com\/index.php\/2024\/08\/27\/la-fiscalia-solicito-que-fabiola-yanez-entregue-su-celular-en-la-causa-contra-alberto-fernandez\/#primaryimage"},"image":{"@id":"https:\/\/apuntesdesanluis.com\/index.php\/2024\/08\/27\/la-fiscalia-solicito-que-fabiola-yanez-entregue-su-celular-en-la-causa-contra-alberto-fernandez\/#primaryimage"},"thumbnailUrl":"https:\/\/apuntesdesanluis.com\/wp-content\/uploads\/2024\/08\/fabiola-yanez-1.png","datePublished":"2024-08-27T17:30:07+00:00","breadcrumb":{"@id":"https:\/\/apuntesdesanluis.com\/index.php\/2024\/08\/27\/la-fiscalia-solicito-que-fabiola-yanez-entregue-su-celular-en-la-causa-contra-alberto-fernandez\/#breadcrumb"},"inLanguage":"es-AR","potentialAction":[{"@type":"ReadAction","target":["https:\/\/apuntesdesanluis.com\/index.php\/2024\/08\/27\/la-fiscalia-solicito-que-fabiola-yanez-entregue-su-celular-en-la-causa-contra-alberto-fernandez\/"]}]},{"@type":"ImageObject","inLanguage":"es-AR","@id":"https:\/\/apuntesdesanluis.com\/index.php\/2024\/08\/27\/la-fiscalia-solicito-que-fabiola-yanez-entregue-su-celular-en-la-causa-contra-alberto-fernandez\/#primaryimage","url":"https:\/\/apuntesdesanluis.com\/wp-content\/uploads\/2024\/08\/fabiola-yanez-1.png","contentUrl":"https:\/\/apuntesdesanluis.com\/wp-content\/uploads\/2024\/08\/fabiola-yanez-1.png","width":600,"height":379},{"@type":"BreadcrumbList","@id":"https:\/\/apuntesdesanluis.com\/index.php\/2024\/08\/27\/la-fiscalia-solicito-que-fabiola-yanez-entregue-su-celular-en-la-causa-contra-alberto-fernandez\/#breadcrumb","itemListElement":[{"@type":"ListItem","position":1,"name":"Inicio","item":"https:\/\/apuntesdesanluis.com\/"},{"@type":"ListItem","position":2,"name":"LA FISCAL\u00cdA SOLICIT\u00d3 QUE FABIOLA YA\u00d1EZ ENTREGUE SU CELULAR EN LA CAUSA CONTRA ALBERTO FERN\u00c1NDEZ"}]},{"@type":"WebSite","@id":"https:\/\/apuntesdesanluis.com\/#website","url":"https:\/\/apuntesdesanluis.com\/","name":"Apuntes de San Luis","description":"","publisher":{"@id":"https:\/\/apuntesdesanluis.com\/#\/schema\/person\/b55151d52296fcce64d1a72538a70b90"},"potentialAction":[{"@type":"SearchAction","target":{"@type":"EntryPoint","urlTemplate":"https:\/\/apuntesdesanluis.com\/?s={search_term_string}"},"query-input":{"@type":"PropertyValueSpecification","valueRequired":true,"valueName":"search_term_string"}}],"inLanguage":"es-AR"},{"@type":["Person","Organization"],"@id":"https:\/\/apuntesdesanluis.com\/#\/schema\/person\/b55151d52296fcce64d1a72538a70b90","name":"apuntesdesanluis.com","image":{"@type":"ImageObject","inLanguage":"es-AR","@id":"https:\/\/apuntesdesanluis.com\/#\/schema\/person\/image\/","url":"https:\/\/apuntesdesanluis.com\/wp-content\/uploads\/2023\/07\/cropped-apuntesdesanluis.png","contentUrl":"https:\/\/apuntesdesanluis.com\/wp-content\/uploads\/2023\/07\/cropped-apuntesdesanluis.png","width":450,"height":112,"caption":"apuntesdesanluis.com"},"logo":{"@id":"https:\/\/apuntesdesanluis.com\/#\/schema\/person\/image\/"},"sameAs":["https:\/\/apuntesdesanluis.com"],"url":"https:\/\/apuntesdesanluis.com\/index.php\/author\/apuntesdesanluis-com\/"}]}},"featured_image_urls":{"full":["https:\/\/apuntesdesanluis.com\/wp-content\/uploads\/2024\/08\/fabiola-yanez-1.png",600,379,false],"thumbnail":["https:\/\/apuntesdesanluis.com\/wp-content\/uploads\/2024\/08\/fabiola-yanez-1-150x150.png",150,150,true],"medium":["https:\/\/apuntesdesanluis.com\/wp-content\/uploads\/2024\/08\/fabiola-yanez-1-300x190.png",300,190,true],"medium_large":["https:\/\/apuntesdesanluis.com\/wp-content\/uploads\/2024\/08\/fabiola-yanez-1.png",600,379,false],"large":["https:\/\/apuntesdesanluis.com\/wp-content\/uploads\/2024\/08\/fabiola-yanez-1.png",600,379,false],"1536x1536":["https:\/\/apuntesdesanluis.com\/wp-content\/uploads\/2024\/08\/fabiola-yanez-1.png",600,379,false],"2048x2048":["https:\/\/apuntesdesanluis.com\/wp-content\/uploads\/2024\/08\/fabiola-yanez-1.png",600,379,false],"newsever-slider-full":["https:\/\/apuntesdesanluis.com\/wp-content\/uploads\/2024\/08\/fabiola-yanez-1.png",600,379,false],"newsever-featured":["https:\/\/apuntesdesanluis.com\/wp-content\/uploads\/2024\/08\/fabiola-yanez-1.png",600,379,false],"newsever-medium":["https:\/\/apuntesdesanluis.com\/wp-content\/uploads\/2024\/08\/fabiola-yanez-1.png",600,379,false]},"author_info":{"display_name":"apuntesdesanluis.com","author_link":"https:\/\/apuntesdesanluis.com\/index.php\/author\/apuntesdesanluis-com\/"},"category_info":"<a href=\"https:\/\/apuntesdesanluis.com\/index.php\/category\/nacionales-internacionales\/\" rel=\"category tag\">Nacionales\/Internacionales<\/a>","tag_info":"Nacionales\/Internacionales","comment_count":"0","_links":{"self":[{"href":"https:\/\/apuntesdesanluis.com\/index.php\/wp-json\/wp\/v2\/posts\/21355","targetHints":{"allow":["GET"]}}],"collection":[{"href":"https:\/\/apuntesdesanluis.com\/index.php\/wp-json\/wp\/v2\/posts"}],"about":[{"href":"https:\/\/apuntesdesanluis.com\/index.php\/wp-json\/wp\/v2\/types\/post"}],"author":[{"embeddable":true,"href":"https:\/\/apuntesdesanluis.com\/index.php\/wp-json\/wp\/v2\/users\/1"}],"replies":[{"embeddable":true,"href":"https:\/\/apuntesdesanluis.com\/index.php\/wp-json\/wp\/v2\/comments?post=21355"}],"version-history":[{"count":1,"href":"https:\/\/apuntesdesanluis.com\/index.php\/wp-json\/wp\/v2\/posts\/21355\/revisions"}],"predecessor-version":[{"id":21357,"href":"https:\/\/apuntesdesanluis.com\/index.php\/wp-json\/wp\/v2\/posts\/21355\/revisions\/21357"}],"wp:featuredmedia":[{"embeddable":true,"href":"https:\/\/apuntesdesanluis.com\/index.php\/wp-json\/wp\/v2\/media\/21356"}],"wp:attachment":[{"href":"https:\/\/apuntesdesanluis.com\/index.php\/wp-json\/wp\/v2\/media?parent=21355"}],"wp:term":[{"taxonomy":"category","embeddable":true,"href":"https:\/\/apuntesdesanluis.com\/index.php\/wp-json\/wp\/v2\/categories?post=21355"},{"taxonomy":"post_tag","embeddable":true,"href":"https:\/\/apuntesdesanluis.com\/index.php\/wp-json\/wp\/v2\/tags?post=21355"}],"curies":[{"name":"wp","href":"https:\/\/api.w.org\/{rel}","templated":true}]}}