{"id":21358,"date":"2024-08-27T14:35:45","date_gmt":"2024-08-27T17:35:45","guid":{"rendered":"https:\/\/apuntesdesanluis.com\/?p=21358"},"modified":"2024-08-27T14:35:45","modified_gmt":"2024-08-27T17:35:45","slug":"imputado-por-amenazas-debera-cumplir-una-prohibicion-de-acercamiento","status":"publish","type":"post","link":"https:\/\/apuntesdesanluis.com\/index.php\/2024\/08\/27\/imputado-por-amenazas-debera-cumplir-una-prohibicion-de-acercamiento\/","title":{"rendered":"IMPUTADO POR AMENAZAS DEBER\u00c1 CUMPLIR UNA PROHIBICI\u00d3N DE ACERCAMIENTO"},"content":{"rendered":"<h3>As\u00ed lo acordaron las partes, en una audiencia que se desarroll\u00f3 hoy en el Juzgado de Garant\u00edas N\u00ba 2, de la Segunda Circunscripci\u00f3n Judicial.<\/h3>\n<h3>Vencida la pr\u00f3rroga de detenci\u00f3n para el imputado, en la ma\u00f1ana de este martes se desarroll\u00f3 una nueva audiencia en el Juzgado de Garant\u00edas N\u00ba 2, de la Segunda Circunscripci\u00f3n Judicial, a cargo del Dr. Mat\u00edas Farinazzo Tempestini.<\/h3>\n<h3>En esta oportunidad, atento lo solicitado por las partes, el Juez dispuso que el imputado deber\u00e1 cumplir una prohibici\u00f3n de acercamiento respecto de la denunciante y as\u00ed tambi\u00e9n, fijar domicilio en otra localidad.<\/h3>\n<h3>La resoluci\u00f3n se dio a conocer luego de escuchar las exposiciones de las partes.<\/h3>\n<h3>En representaci\u00f3n del Ministerio P\u00fablico Fiscal estuvo presente la Dra. Laura Parisi \u2013 Fiscal Adjunta-. Por la Defensa intervinieron las Dras. Cecilia Mithiaux y Noelia Paez.<\/h3>\n<h3>SOBRE EL HECHO<\/h3>\n<h3>El hecho ocurri\u00f3 el pasado 20 de agosto, aproximadamente a la 1 de la ma\u00f1ana, en un departamento ubicado en el barrio ATE 2, en Villa Mercedes.<\/h3>\n<h3>En esa oportunidad, el imputado ingres\u00f3 por el techo de una habitaci\u00f3n y una vez adentro de la vivienda, amenaz\u00f3 a la propietaria, con quien hab\u00eda mantenido una relaci\u00f3n de pareja aproximadamente a lo largo de cuatro a\u00f1os.<\/h3>\n<h3>Para obtener m\u00e1s informaci\u00f3n sobre este caso ingrese al siguiente enlace:\u00a0 <span style=\"color: #3366ff;\"><a style=\"color: #3366ff;\" href=\"https:\/\/www.periodicojudicial.gov.ar\/villa-mercedes-un-detenido-por-amenazas-en-contexto-de-violencia-de-genero\/\">https:\/\/www.periodicojudicial.gov.ar\/villa-mercedes-un-detenido-por-amenazas-en-contexto-de-violencia-de-genero\/<\/a><\/span><\/h3>\n<p>&nbsp;<\/p>\n<p>&nbsp;<\/p>\n<p>&nbsp;<\/p>\n<p>&nbsp;<\/p>\n<p>&nbsp;<\/p>\n<p>&nbsp;<\/p>\n","protected":false},"excerpt":{"rendered":"<p>As\u00ed lo acordaron las partes, en una audiencia que se desarroll\u00f3 hoy en el Juzgado&#8230;<\/p>\n","protected":false},"author":1,"featured_media":21359,"comment_status":"closed","ping_status":"closed","sticky":false,"template":"","format":"standard","meta":{"footnotes":""},"categories":[6],"tags":[],"class_list":["post-21358","post","type-post","status-publish","format-standard","has-post-thumbnail","hentry","category-ciudad-provincia"],"yoast_head":"<!-- This site is optimized with the Yoast SEO plugin v26.1.1 - https:\/\/yoast.com\/wordpress\/plugins\/seo\/ -->\n<title>IMPUTADO POR AMENAZAS DEBER\u00c1 CUMPLIR UNA PROHIBICI\u00d3N DE ACERCAMIENTO - Apuntes de San Luis<\/title>\n<meta name=\"robots\" content=\"index, follow, max-snippet:-1, max-image-preview:large, max-video-preview:-1\" \/>\n<link rel=\"canonical\" href=\"https:\/\/apuntesdesanluis.com\/index.php\/2024\/08\/27\/imputado-por-amenazas-debera-cumplir-una-prohibicion-de-acercamiento\/\" \/>\n<meta property=\"og:locale\" content=\"es_ES\" \/>\n<meta property=\"og:type\" content=\"article\" \/>\n<meta property=\"og:title\" content=\"IMPUTADO POR AMENAZAS DEBER\u00c1 CUMPLIR UNA PROHIBICI\u00d3N DE ACERCAMIENTO - Apuntes de San Luis\" \/>\n<meta property=\"og:description\" content=\"As\u00ed lo acordaron las partes, en una audiencia que se desarroll\u00f3 hoy en el Juzgado...\" \/>\n<meta property=\"og:url\" content=\"https:\/\/apuntesdesanluis.com\/index.php\/2024\/08\/27\/imputado-por-amenazas-debera-cumplir-una-prohibicion-de-acercamiento\/\" \/>\n<meta property=\"og:site_name\" content=\"Apuntes de San Luis\" \/>\n<meta property=\"article:published_time\" content=\"2024-08-27T17:35:45+00:00\" \/>\n<meta property=\"og:image\" content=\"https:\/\/apuntesdesanluis.com\/wp-content\/uploads\/2024\/08\/audiencia.png\" \/>\n\t<meta property=\"og:image:width\" content=\"600\" \/>\n\t<meta property=\"og:image:height\" content=\"342\" \/>\n\t<meta property=\"og:image:type\" content=\"image\/png\" \/>\n<meta name=\"author\" content=\"apuntesdesanluis.com\" \/>\n<meta name=\"twitter:card\" content=\"summary_large_image\" \/>\n<meta name=\"twitter:label1\" content=\"Escrito por\" \/>\n\t<meta name=\"twitter:data1\" content=\"apuntesdesanluis.com\" \/>\n\t<meta name=\"twitter:label2\" content=\"Tiempo de lectura\" \/>\n\t<meta name=\"twitter:data2\" content=\"2 minutos\" \/>\n<script type=\"application\/ld+json\" class=\"yoast-schema-graph\">{\"@context\":\"https:\/\/schema.org\",\"@graph\":[{\"@type\":\"Article\",\"@id\":\"https:\/\/apuntesdesanluis.com\/index.php\/2024\/08\/27\/imputado-por-amenazas-debera-cumplir-una-prohibicion-de-acercamiento\/#article\",\"isPartOf\":{\"@id\":\"https:\/\/apuntesdesanluis.com\/index.php\/2024\/08\/27\/imputado-por-amenazas-debera-cumplir-una-prohibicion-de-acercamiento\/\"},\"author\":{\"name\":\"apuntesdesanluis.com\",\"@id\":\"https:\/\/apuntesdesanluis.com\/#\/schema\/person\/b55151d52296fcce64d1a72538a70b90\"},\"headline\":\"IMPUTADO POR AMENAZAS DEBER\u00c1 CUMPLIR UNA PROHIBICI\u00d3N DE ACERCAMIENTO\",\"datePublished\":\"2024-08-27T17:35:45+00:00\",\"mainEntityOfPage\":{\"@id\":\"https:\/\/apuntesdesanluis.com\/index.php\/2024\/08\/27\/imputado-por-amenazas-debera-cumplir-una-prohibicion-de-acercamiento\/\"},\"wordCount\":250,\"publisher\":{\"@id\":\"https:\/\/apuntesdesanluis.com\/#\/schema\/person\/b55151d52296fcce64d1a72538a70b90\"},\"image\":{\"@id\":\"https:\/\/apuntesdesanluis.com\/index.php\/2024\/08\/27\/imputado-por-amenazas-debera-cumplir-una-prohibicion-de-acercamiento\/#primaryimage\"},\"thumbnailUrl\":\"https:\/\/apuntesdesanluis.com\/wp-content\/uploads\/2024\/08\/audiencia.png\",\"articleSection\":[\"Ciudad\/Provincia\"],\"inLanguage\":\"es-AR\"},{\"@type\":\"WebPage\",\"@id\":\"https:\/\/apuntesdesanluis.com\/index.php\/2024\/08\/27\/imputado-por-amenazas-debera-cumplir-una-prohibicion-de-acercamiento\/\",\"url\":\"https:\/\/apuntesdesanluis.com\/index.php\/2024\/08\/27\/imputado-por-amenazas-debera-cumplir-una-prohibicion-de-acercamiento\/\",\"name\":\"IMPUTADO POR AMENAZAS DEBER\u00c1 CUMPLIR UNA PROHIBICI\u00d3N DE ACERCAMIENTO - Apuntes de San Luis\",\"isPartOf\":{\"@id\":\"https:\/\/apuntesdesanluis.com\/#website\"},\"primaryImageOfPage\":{\"@id\":\"https:\/\/apuntesdesanluis.com\/index.php\/2024\/08\/27\/imputado-por-amenazas-debera-cumplir-una-prohibicion-de-acercamiento\/#primaryimage\"},\"image\":{\"@id\":\"https:\/\/apuntesdesanluis.com\/index.php\/2024\/08\/27\/imputado-por-amenazas-debera-cumplir-una-prohibicion-de-acercamiento\/#primaryimage\"},\"thumbnailUrl\":\"https:\/\/apuntesdesanluis.com\/wp-content\/uploads\/2024\/08\/audiencia.png\",\"datePublished\":\"2024-08-27T17:35:45+00:00\",\"breadcrumb\":{\"@id\":\"https:\/\/apuntesdesanluis.com\/index.php\/2024\/08\/27\/imputado-por-amenazas-debera-cumplir-una-prohibicion-de-acercamiento\/#breadcrumb\"},\"inLanguage\":\"es-AR\",\"potentialAction\":[{\"@type\":\"ReadAction\",\"target\":[\"https:\/\/apuntesdesanluis.com\/index.php\/2024\/08\/27\/imputado-por-amenazas-debera-cumplir-una-prohibicion-de-acercamiento\/\"]}]},{\"@type\":\"ImageObject\",\"inLanguage\":\"es-AR\",\"@id\":\"https:\/\/apuntesdesanluis.com\/index.php\/2024\/08\/27\/imputado-por-amenazas-debera-cumplir-una-prohibicion-de-acercamiento\/#primaryimage\",\"url\":\"https:\/\/apuntesdesanluis.com\/wp-content\/uploads\/2024\/08\/audiencia.png\",\"contentUrl\":\"https:\/\/apuntesdesanluis.com\/wp-content\/uploads\/2024\/08\/audiencia.png\",\"width\":600,\"height\":342},{\"@type\":\"BreadcrumbList\",\"@id\":\"https:\/\/apuntesdesanluis.com\/index.php\/2024\/08\/27\/imputado-por-amenazas-debera-cumplir-una-prohibicion-de-acercamiento\/#breadcrumb\",\"itemListElement\":[{\"@type\":\"ListItem\",\"position\":1,\"name\":\"Inicio\",\"item\":\"https:\/\/apuntesdesanluis.com\/\"},{\"@type\":\"ListItem\",\"position\":2,\"name\":\"IMPUTADO POR AMENAZAS DEBER\u00c1 CUMPLIR UNA PROHIBICI\u00d3N DE ACERCAMIENTO\"}]},{\"@type\":\"WebSite\",\"@id\":\"https:\/\/apuntesdesanluis.com\/#website\",\"url\":\"https:\/\/apuntesdesanluis.com\/\",\"name\":\"Apuntes de San Luis\",\"description\":\"\",\"publisher\":{\"@id\":\"https:\/\/apuntesdesanluis.com\/#\/schema\/person\/b55151d52296fcce64d1a72538a70b90\"},\"potentialAction\":[{\"@type\":\"SearchAction\",\"target\":{\"@type\":\"EntryPoint\",\"urlTemplate\":\"https:\/\/apuntesdesanluis.com\/?s={search_term_string}\"},\"query-input\":{\"@type\":\"PropertyValueSpecification\",\"valueRequired\":true,\"valueName\":\"search_term_string\"}}],\"inLanguage\":\"es-AR\"},{\"@type\":[\"Person\",\"Organization\"],\"@id\":\"https:\/\/apuntesdesanluis.com\/#\/schema\/person\/b55151d52296fcce64d1a72538a70b90\",\"name\":\"apuntesdesanluis.com\",\"image\":{\"@type\":\"ImageObject\",\"inLanguage\":\"es-AR\",\"@id\":\"https:\/\/apuntesdesanluis.com\/#\/schema\/person\/image\/\",\"url\":\"https:\/\/apuntesdesanluis.com\/wp-content\/uploads\/2023\/07\/cropped-apuntesdesanluis.png\",\"contentUrl\":\"https:\/\/apuntesdesanluis.com\/wp-content\/uploads\/2023\/07\/cropped-apuntesdesanluis.png\",\"width\":450,\"height\":112,\"caption\":\"apuntesdesanluis.com\"},\"logo\":{\"@id\":\"https:\/\/apuntesdesanluis.com\/#\/schema\/person\/image\/\"},\"sameAs\":[\"https:\/\/apuntesdesanluis.com\"],\"url\":\"https:\/\/apuntesdesanluis.com\/index.php\/author\/apuntesdesanluis-com\/\"}]}<\/script>\n<!-- \/ Yoast SEO plugin. -->","yoast_head_json":{"title":"IMPUTADO POR AMENAZAS DEBER\u00c1 CUMPLIR UNA PROHIBICI\u00d3N DE ACERCAMIENTO - Apuntes de San Luis","robots":{"index":"index","follow":"follow","max-snippet":"max-snippet:-1","max-image-preview":"max-image-preview:large","max-video-preview":"max-video-preview:-1"},"canonical":"https:\/\/apuntesdesanluis.com\/index.php\/2024\/08\/27\/imputado-por-amenazas-debera-cumplir-una-prohibicion-de-acercamiento\/","og_locale":"es_ES","og_type":"article","og_title":"IMPUTADO POR AMENAZAS DEBER\u00c1 CUMPLIR UNA PROHIBICI\u00d3N DE ACERCAMIENTO - Apuntes de San Luis","og_description":"As\u00ed lo acordaron las partes, en una audiencia que se desarroll\u00f3 hoy en el Juzgado...","og_url":"https:\/\/apuntesdesanluis.com\/index.php\/2024\/08\/27\/imputado-por-amenazas-debera-cumplir-una-prohibicion-de-acercamiento\/","og_site_name":"Apuntes de San Luis","article_published_time":"2024-08-27T17:35:45+00:00","og_image":[{"width":600,"height":342,"url":"https:\/\/apuntesdesanluis.com\/wp-content\/uploads\/2024\/08\/audiencia.png","type":"image\/png"}],"author":"apuntesdesanluis.com","twitter_card":"summary_large_image","twitter_misc":{"Escrito por":"apuntesdesanluis.com","Tiempo de lectura":"2 minutos"},"schema":{"@context":"https:\/\/schema.org","@graph":[{"@type":"Article","@id":"https:\/\/apuntesdesanluis.com\/index.php\/2024\/08\/27\/imputado-por-amenazas-debera-cumplir-una-prohibicion-de-acercamiento\/#article","isPartOf":{"@id":"https:\/\/apuntesdesanluis.com\/index.php\/2024\/08\/27\/imputado-por-amenazas-debera-cumplir-una-prohibicion-de-acercamiento\/"},"author":{"name":"apuntesdesanluis.com","@id":"https:\/\/apuntesdesanluis.com\/#\/schema\/person\/b55151d52296fcce64d1a72538a70b90"},"headline":"IMPUTADO POR AMENAZAS DEBER\u00c1 CUMPLIR UNA PROHIBICI\u00d3N DE ACERCAMIENTO","datePublished":"2024-08-27T17:35:45+00:00","mainEntityOfPage":{"@id":"https:\/\/apuntesdesanluis.com\/index.php\/2024\/08\/27\/imputado-por-amenazas-debera-cumplir-una-prohibicion-de-acercamiento\/"},"wordCount":250,"publisher":{"@id":"https:\/\/apuntesdesanluis.com\/#\/schema\/person\/b55151d52296fcce64d1a72538a70b90"},"image":{"@id":"https:\/\/apuntesdesanluis.com\/index.php\/2024\/08\/27\/imputado-por-amenazas-debera-cumplir-una-prohibicion-de-acercamiento\/#primaryimage"},"thumbnailUrl":"https:\/\/apuntesdesanluis.com\/wp-content\/uploads\/2024\/08\/audiencia.png","articleSection":["Ciudad\/Provincia"],"inLanguage":"es-AR"},{"@type":"WebPage","@id":"https:\/\/apuntesdesanluis.com\/index.php\/2024\/08\/27\/imputado-por-amenazas-debera-cumplir-una-prohibicion-de-acercamiento\/","url":"https:\/\/apuntesdesanluis.com\/index.php\/2024\/08\/27\/imputado-por-amenazas-debera-cumplir-una-prohibicion-de-acercamiento\/","name":"IMPUTADO POR AMENAZAS DEBER\u00c1 CUMPLIR UNA PROHIBICI\u00d3N DE ACERCAMIENTO - Apuntes de San Luis","isPartOf":{"@id":"https:\/\/apuntesdesanluis.com\/#website"},"primaryImageOfPage":{"@id":"https:\/\/apuntesdesanluis.com\/index.php\/2024\/08\/27\/imputado-por-amenazas-debera-cumplir-una-prohibicion-de-acercamiento\/#primaryimage"},"image":{"@id":"https:\/\/apuntesdesanluis.com\/index.php\/2024\/08\/27\/imputado-por-amenazas-debera-cumplir-una-prohibicion-de-acercamiento\/#primaryimage"},"thumbnailUrl":"https:\/\/apuntesdesanluis.com\/wp-content\/uploads\/2024\/08\/audiencia.png","datePublished":"2024-08-27T17:35:45+00:00","breadcrumb":{"@id":"https:\/\/apuntesdesanluis.com\/index.php\/2024\/08\/27\/imputado-por-amenazas-debera-cumplir-una-prohibicion-de-acercamiento\/#breadcrumb"},"inLanguage":"es-AR","potentialAction":[{"@type":"ReadAction","target":["https:\/\/apuntesdesanluis.com\/index.php\/2024\/08\/27\/imputado-por-amenazas-debera-cumplir-una-prohibicion-de-acercamiento\/"]}]},{"@type":"ImageObject","inLanguage":"es-AR","@id":"https:\/\/apuntesdesanluis.com\/index.php\/2024\/08\/27\/imputado-por-amenazas-debera-cumplir-una-prohibicion-de-acercamiento\/#primaryimage","url":"https:\/\/apuntesdesanluis.com\/wp-content\/uploads\/2024\/08\/audiencia.png","contentUrl":"https:\/\/apuntesdesanluis.com\/wp-content\/uploads\/2024\/08\/audiencia.png","width":600,"height":342},{"@type":"BreadcrumbList","@id":"https:\/\/apuntesdesanluis.com\/index.php\/2024\/08\/27\/imputado-por-amenazas-debera-cumplir-una-prohibicion-de-acercamiento\/#breadcrumb","itemListElement":[{"@type":"ListItem","position":1,"name":"Inicio","item":"https:\/\/apuntesdesanluis.com\/"},{"@type":"ListItem","position":2,"name":"IMPUTADO POR AMENAZAS DEBER\u00c1 CUMPLIR UNA PROHIBICI\u00d3N DE ACERCAMIENTO"}]},{"@type":"WebSite","@id":"https:\/\/apuntesdesanluis.com\/#website","url":"https:\/\/apuntesdesanluis.com\/","name":"Apuntes de San Luis","description":"","publisher":{"@id":"https:\/\/apuntesdesanluis.com\/#\/schema\/person\/b55151d52296fcce64d1a72538a70b90"},"potentialAction":[{"@type":"SearchAction","target":{"@type":"EntryPoint","urlTemplate":"https:\/\/apuntesdesanluis.com\/?s={search_term_string}"},"query-input":{"@type":"PropertyValueSpecification","valueRequired":true,"valueName":"search_term_string"}}],"inLanguage":"es-AR"},{"@type":["Person","Organization"],"@id":"https:\/\/apuntesdesanluis.com\/#\/schema\/person\/b55151d52296fcce64d1a72538a70b90","name":"apuntesdesanluis.com","image":{"@type":"ImageObject","inLanguage":"es-AR","@id":"https:\/\/apuntesdesanluis.com\/#\/schema\/person\/image\/","url":"https:\/\/apuntesdesanluis.com\/wp-content\/uploads\/2023\/07\/cropped-apuntesdesanluis.png","contentUrl":"https:\/\/apuntesdesanluis.com\/wp-content\/uploads\/2023\/07\/cropped-apuntesdesanluis.png","width":450,"height":112,"caption":"apuntesdesanluis.com"},"logo":{"@id":"https:\/\/apuntesdesanluis.com\/#\/schema\/person\/image\/"},"sameAs":["https:\/\/apuntesdesanluis.com"],"url":"https:\/\/apuntesdesanluis.com\/index.php\/author\/apuntesdesanluis-com\/"}]}},"featured_image_urls":{"full":["https:\/\/apuntesdesanluis.com\/wp-content\/uploads\/2024\/08\/audiencia.png",600,342,false],"thumbnail":["https:\/\/apuntesdesanluis.com\/wp-content\/uploads\/2024\/08\/audiencia-150x150.png",150,150,true],"medium":["https:\/\/apuntesdesanluis.com\/wp-content\/uploads\/2024\/08\/audiencia-300x171.png",300,171,true],"medium_large":["https:\/\/apuntesdesanluis.com\/wp-content\/uploads\/2024\/08\/audiencia.png",600,342,false],"large":["https:\/\/apuntesdesanluis.com\/wp-content\/uploads\/2024\/08\/audiencia.png",600,342,false],"1536x1536":["https:\/\/apuntesdesanluis.com\/wp-content\/uploads\/2024\/08\/audiencia.png",600,342,false],"2048x2048":["https:\/\/apuntesdesanluis.com\/wp-content\/uploads\/2024\/08\/audiencia.png",600,342,false],"newsever-slider-full":["https:\/\/apuntesdesanluis.com\/wp-content\/uploads\/2024\/08\/audiencia.png",600,342,false],"newsever-featured":["https:\/\/apuntesdesanluis.com\/wp-content\/uploads\/2024\/08\/audiencia.png",600,342,false],"newsever-medium":["https:\/\/apuntesdesanluis.com\/wp-content\/uploads\/2024\/08\/audiencia.png",600,342,false]},"author_info":{"display_name":"apuntesdesanluis.com","author_link":"https:\/\/apuntesdesanluis.com\/index.php\/author\/apuntesdesanluis-com\/"},"category_info":"<a href=\"https:\/\/apuntesdesanluis.com\/index.php\/category\/ciudad-provincia\/\" rel=\"category tag\">Ciudad\/Provincia<\/a>","tag_info":"Ciudad\/Provincia","comment_count":"0","_links":{"self":[{"href":"https:\/\/apuntesdesanluis.com\/index.php\/wp-json\/wp\/v2\/posts\/21358","targetHints":{"allow":["GET"]}}],"collection":[{"href":"https:\/\/apuntesdesanluis.com\/index.php\/wp-json\/wp\/v2\/posts"}],"about":[{"href":"https:\/\/apuntesdesanluis.com\/index.php\/wp-json\/wp\/v2\/types\/post"}],"author":[{"embeddable":true,"href":"https:\/\/apuntesdesanluis.com\/index.php\/wp-json\/wp\/v2\/users\/1"}],"replies":[{"embeddable":true,"href":"https:\/\/apuntesdesanluis.com\/index.php\/wp-json\/wp\/v2\/comments?post=21358"}],"version-history":[{"count":1,"href":"https:\/\/apuntesdesanluis.com\/index.php\/wp-json\/wp\/v2\/posts\/21358\/revisions"}],"predecessor-version":[{"id":21360,"href":"https:\/\/apuntesdesanluis.com\/index.php\/wp-json\/wp\/v2\/posts\/21358\/revisions\/21360"}],"wp:featuredmedia":[{"embeddable":true,"href":"https:\/\/apuntesdesanluis.com\/index.php\/wp-json\/wp\/v2\/media\/21359"}],"wp:attachment":[{"href":"https:\/\/apuntesdesanluis.com\/index.php\/wp-json\/wp\/v2\/media?parent=21358"}],"wp:term":[{"taxonomy":"category","embeddable":true,"href":"https:\/\/apuntesdesanluis.com\/index.php\/wp-json\/wp\/v2\/categories?post=21358"},{"taxonomy":"post_tag","embeddable":true,"href":"https:\/\/apuntesdesanluis.com\/index.php\/wp-json\/wp\/v2\/tags?post=21358"}],"curies":[{"name":"wp","href":"https:\/\/api.w.org\/{rel}","templated":true}]}}