{"id":21361,"date":"2024-08-27T14:43:48","date_gmt":"2024-08-27T17:43:48","guid":{"rendered":"https:\/\/apuntesdesanluis.com\/?p=21361"},"modified":"2024-08-27T14:43:48","modified_gmt":"2024-08-27T17:43:48","slug":"inscriben-a-especializacion-en-intervenciones-sociales-con-ninos-as-adolescentes-y-jovenes","status":"publish","type":"post","link":"https:\/\/apuntesdesanluis.com\/index.php\/2024\/08\/27\/inscriben-a-especializacion-en-intervenciones-sociales-con-ninos-as-adolescentes-y-jovenes\/","title":{"rendered":"INSCRIBEN A ESPECIALIZACI\u00d3N EN INTERVENCIONES SOCIALES CON NI\u00d1OS\/AS, ADOLESCENTES Y J\u00d3VENES"},"content":{"rendered":"<h3>La Secretar\u00eda de Investigaci\u00f3n y Posgrado (UNSL-FCEJS) informa que se encuentran abiertas las preinscripciones a la <strong>IV Cohorte de la Carrera de Posgrado: Especializaci\u00f3n en Intervenciones Sociales con Ni\u00f1os\/as, Adolescentes y J\u00f3venes<\/strong>. Su inicio est\u00e1 previsto para el mes de octubre 2024.<\/h3>\n<h3>Bajo la direcci\u00f3n acad\u00e9mica del Mgtr. Alejandra Rovacio y codirigida por la Esp. Andrea Corna, esta carrera de posgrado tiene como finalidad formar especialistas en intervenciones sociales con ni\u00f1os, ni\u00f1as, adolescentes y j\u00f3venes capaces de establecer una agenda p\u00fablica que priorice un orden social alternativo a los discursos y pr\u00e1cticas imperantes. Brindar herramientas te\u00f3rico metodol\u00f3gicas para reconocer las distintas representaciones sociales que circulan en contextos y campos discursivos de lo que significa ser ni\u00f1o, adolescente y joven.<\/h3>\n<h3><strong>PLAN DE ESTUDIOS:<\/strong><\/h3>\n<h3>Juventud(es) conflictividad(es) violencia(s) y pol\u00edticas p\u00fablicas<\/h3>\n<h3>An\u00e1lisis yperspectivas de las pol\u00edticas sociales del Estado y la sociedad civil con ni\u00f1os\/as y j\u00f3venes<\/h3>\n<h3>Transformaciones familiares, pol\u00edticas p\u00fablicas e intervenci\u00f3n social<\/h3>\n<h3>Avatares de la infancia, adolescencia y juventud actual<\/h3>\n<h3>Instituciones educativas,experiencias juveniles y procesos de desigualdad<\/h3>\n<h3>Estrategias de Intervenci\u00f3n<\/h3>\n<h3>Talleres de Trabajo Final Integrador ( I,IIy III)<\/h3>\n<h3>Taller de construcci\u00f3n te\u00f3rico metodol\u00f3gica del Trabajo Final Integrador<\/h3>\n<h3>Para mayor informaci\u00f3n escribir a: infayjuve@gmail.com o a la Secretar\u00eda de Investigaci\u00f3n y Posgrado de la Facultad:<span style=\"color: #3366ff;\"> <a style=\"color: #3366ff;\" href=\"mailto:investigacionyposgradofcejs@gmail.com\" target=\"_blank\" rel=\"noopener\">investigacionyposgradofcejs@gmail.com<\/a><\/span><\/h3>\n<h3>Inscripciones: <a href=\"https:\/\/posgrado.unsl.edu.ar\/\" target=\"_blank\" rel=\"noopener\"><span style=\"color: #3366ff;\">posgrado.unsl.edu.ar \u00a0<\/span><\/a><\/h3>\n<h3><\/h3>\n<h3><\/h3>\n<h3><\/h3>\n<p>&nbsp;<\/p>\n","protected":false},"excerpt":{"rendered":"<p>La Secretar\u00eda de Investigaci\u00f3n y Posgrado (UNSL-FCEJS) informa que se encuentran abiertas las preinscripciones a&#8230;<\/p>\n","protected":false},"author":1,"featured_media":21362,"comment_status":"closed","ping_status":"closed","sticky":false,"template":"","format":"standard","meta":{"footnotes":""},"categories":[6],"tags":[],"class_list":["post-21361","post","type-post","status-publish","format-standard","has-post-thumbnail","hentry","category-ciudad-provincia"],"yoast_head":"<!-- This site is optimized with the Yoast SEO plugin v26.1.1 - https:\/\/yoast.com\/wordpress\/plugins\/seo\/ -->\n<title>INSCRIBEN A ESPECIALIZACI\u00d3N EN INTERVENCIONES SOCIALES CON NI\u00d1OS\/AS, ADOLESCENTES Y J\u00d3VENES - Apuntes de San Luis<\/title>\n<meta name=\"robots\" content=\"index, follow, max-snippet:-1, max-image-preview:large, max-video-preview:-1\" \/>\n<link rel=\"canonical\" href=\"https:\/\/apuntesdesanluis.com\/index.php\/2024\/08\/27\/inscriben-a-especializacion-en-intervenciones-sociales-con-ninos-as-adolescentes-y-jovenes\/\" \/>\n<meta property=\"og:locale\" content=\"es_ES\" \/>\n<meta property=\"og:type\" content=\"article\" \/>\n<meta property=\"og:title\" content=\"INSCRIBEN A ESPECIALIZACI\u00d3N EN INTERVENCIONES SOCIALES CON NI\u00d1OS\/AS, ADOLESCENTES Y J\u00d3VENES - Apuntes de San Luis\" \/>\n<meta property=\"og:description\" content=\"La Secretar\u00eda de Investigaci\u00f3n y Posgrado (UNSL-FCEJS) informa que se encuentran abiertas las preinscripciones a...\" \/>\n<meta property=\"og:url\" content=\"https:\/\/apuntesdesanluis.com\/index.php\/2024\/08\/27\/inscriben-a-especializacion-en-intervenciones-sociales-con-ninos-as-adolescentes-y-jovenes\/\" \/>\n<meta property=\"og:site_name\" content=\"Apuntes de San Luis\" \/>\n<meta property=\"article:published_time\" content=\"2024-08-27T17:43:48+00:00\" \/>\n<meta property=\"og:image\" content=\"https:\/\/apuntesdesanluis.com\/wp-content\/uploads\/2024\/08\/carrera.png\" \/>\n\t<meta property=\"og:image:width\" content=\"700\" \/>\n\t<meta property=\"og:image:height\" content=\"418\" \/>\n\t<meta property=\"og:image:type\" content=\"image\/png\" \/>\n<meta name=\"author\" content=\"apuntesdesanluis.com\" \/>\n<meta name=\"twitter:card\" content=\"summary_large_image\" \/>\n<meta name=\"twitter:label1\" content=\"Escrito por\" \/>\n\t<meta name=\"twitter:data1\" content=\"apuntesdesanluis.com\" \/>\n\t<meta name=\"twitter:label2\" content=\"Tiempo de lectura\" \/>\n\t<meta name=\"twitter:data2\" content=\"2 minutos\" \/>\n<script type=\"application\/ld+json\" class=\"yoast-schema-graph\">{\"@context\":\"https:\/\/schema.org\",\"@graph\":[{\"@type\":\"Article\",\"@id\":\"https:\/\/apuntesdesanluis.com\/index.php\/2024\/08\/27\/inscriben-a-especializacion-en-intervenciones-sociales-con-ninos-as-adolescentes-y-jovenes\/#article\",\"isPartOf\":{\"@id\":\"https:\/\/apuntesdesanluis.com\/index.php\/2024\/08\/27\/inscriben-a-especializacion-en-intervenciones-sociales-con-ninos-as-adolescentes-y-jovenes\/\"},\"author\":{\"name\":\"apuntesdesanluis.com\",\"@id\":\"https:\/\/apuntesdesanluis.com\/#\/schema\/person\/b55151d52296fcce64d1a72538a70b90\"},\"headline\":\"INSCRIBEN A ESPECIALIZACI\u00d3N EN INTERVENCIONES SOCIALES CON NI\u00d1OS\/AS, ADOLESCENTES Y J\u00d3VENES\",\"datePublished\":\"2024-08-27T17:43:48+00:00\",\"mainEntityOfPage\":{\"@id\":\"https:\/\/apuntesdesanluis.com\/index.php\/2024\/08\/27\/inscriben-a-especializacion-en-intervenciones-sociales-con-ninos-as-adolescentes-y-jovenes\/\"},\"wordCount\":265,\"publisher\":{\"@id\":\"https:\/\/apuntesdesanluis.com\/#\/schema\/person\/b55151d52296fcce64d1a72538a70b90\"},\"image\":{\"@id\":\"https:\/\/apuntesdesanluis.com\/index.php\/2024\/08\/27\/inscriben-a-especializacion-en-intervenciones-sociales-con-ninos-as-adolescentes-y-jovenes\/#primaryimage\"},\"thumbnailUrl\":\"https:\/\/apuntesdesanluis.com\/wp-content\/uploads\/2024\/08\/carrera.png\",\"articleSection\":[\"Ciudad\/Provincia\"],\"inLanguage\":\"es-AR\"},{\"@type\":\"WebPage\",\"@id\":\"https:\/\/apuntesdesanluis.com\/index.php\/2024\/08\/27\/inscriben-a-especializacion-en-intervenciones-sociales-con-ninos-as-adolescentes-y-jovenes\/\",\"url\":\"https:\/\/apuntesdesanluis.com\/index.php\/2024\/08\/27\/inscriben-a-especializacion-en-intervenciones-sociales-con-ninos-as-adolescentes-y-jovenes\/\",\"name\":\"INSCRIBEN A ESPECIALIZACI\u00d3N EN INTERVENCIONES SOCIALES CON NI\u00d1OS\/AS, ADOLESCENTES Y J\u00d3VENES - Apuntes de San Luis\",\"isPartOf\":{\"@id\":\"https:\/\/apuntesdesanluis.com\/#website\"},\"primaryImageOfPage\":{\"@id\":\"https:\/\/apuntesdesanluis.com\/index.php\/2024\/08\/27\/inscriben-a-especializacion-en-intervenciones-sociales-con-ninos-as-adolescentes-y-jovenes\/#primaryimage\"},\"image\":{\"@id\":\"https:\/\/apuntesdesanluis.com\/index.php\/2024\/08\/27\/inscriben-a-especializacion-en-intervenciones-sociales-con-ninos-as-adolescentes-y-jovenes\/#primaryimage\"},\"thumbnailUrl\":\"https:\/\/apuntesdesanluis.com\/wp-content\/uploads\/2024\/08\/carrera.png\",\"datePublished\":\"2024-08-27T17:43:48+00:00\",\"breadcrumb\":{\"@id\":\"https:\/\/apuntesdesanluis.com\/index.php\/2024\/08\/27\/inscriben-a-especializacion-en-intervenciones-sociales-con-ninos-as-adolescentes-y-jovenes\/#breadcrumb\"},\"inLanguage\":\"es-AR\",\"potentialAction\":[{\"@type\":\"ReadAction\",\"target\":[\"https:\/\/apuntesdesanluis.com\/index.php\/2024\/08\/27\/inscriben-a-especializacion-en-intervenciones-sociales-con-ninos-as-adolescentes-y-jovenes\/\"]}]},{\"@type\":\"ImageObject\",\"inLanguage\":\"es-AR\",\"@id\":\"https:\/\/apuntesdesanluis.com\/index.php\/2024\/08\/27\/inscriben-a-especializacion-en-intervenciones-sociales-con-ninos-as-adolescentes-y-jovenes\/#primaryimage\",\"url\":\"https:\/\/apuntesdesanluis.com\/wp-content\/uploads\/2024\/08\/carrera.png\",\"contentUrl\":\"https:\/\/apuntesdesanluis.com\/wp-content\/uploads\/2024\/08\/carrera.png\",\"width\":700,\"height\":418},{\"@type\":\"BreadcrumbList\",\"@id\":\"https:\/\/apuntesdesanluis.com\/index.php\/2024\/08\/27\/inscriben-a-especializacion-en-intervenciones-sociales-con-ninos-as-adolescentes-y-jovenes\/#breadcrumb\",\"itemListElement\":[{\"@type\":\"ListItem\",\"position\":1,\"name\":\"Inicio\",\"item\":\"https:\/\/apuntesdesanluis.com\/\"},{\"@type\":\"ListItem\",\"position\":2,\"name\":\"INSCRIBEN A ESPECIALIZACI\u00d3N EN INTERVENCIONES SOCIALES CON NI\u00d1OS\/AS, ADOLESCENTES Y J\u00d3VENES\"}]},{\"@type\":\"WebSite\",\"@id\":\"https:\/\/apuntesdesanluis.com\/#website\",\"url\":\"https:\/\/apuntesdesanluis.com\/\",\"name\":\"Apuntes de San Luis\",\"description\":\"\",\"publisher\":{\"@id\":\"https:\/\/apuntesdesanluis.com\/#\/schema\/person\/b55151d52296fcce64d1a72538a70b90\"},\"potentialAction\":[{\"@type\":\"SearchAction\",\"target\":{\"@type\":\"EntryPoint\",\"urlTemplate\":\"https:\/\/apuntesdesanluis.com\/?s={search_term_string}\"},\"query-input\":{\"@type\":\"PropertyValueSpecification\",\"valueRequired\":true,\"valueName\":\"search_term_string\"}}],\"inLanguage\":\"es-AR\"},{\"@type\":[\"Person\",\"Organization\"],\"@id\":\"https:\/\/apuntesdesanluis.com\/#\/schema\/person\/b55151d52296fcce64d1a72538a70b90\",\"name\":\"apuntesdesanluis.com\",\"image\":{\"@type\":\"ImageObject\",\"inLanguage\":\"es-AR\",\"@id\":\"https:\/\/apuntesdesanluis.com\/#\/schema\/person\/image\/\",\"url\":\"https:\/\/apuntesdesanluis.com\/wp-content\/uploads\/2023\/07\/cropped-apuntesdesanluis.png\",\"contentUrl\":\"https:\/\/apuntesdesanluis.com\/wp-content\/uploads\/2023\/07\/cropped-apuntesdesanluis.png\",\"width\":450,\"height\":112,\"caption\":\"apuntesdesanluis.com\"},\"logo\":{\"@id\":\"https:\/\/apuntesdesanluis.com\/#\/schema\/person\/image\/\"},\"sameAs\":[\"https:\/\/apuntesdesanluis.com\"],\"url\":\"https:\/\/apuntesdesanluis.com\/index.php\/author\/apuntesdesanluis-com\/\"}]}<\/script>\n<!-- \/ Yoast SEO plugin. -->","yoast_head_json":{"title":"INSCRIBEN A ESPECIALIZACI\u00d3N EN INTERVENCIONES SOCIALES CON NI\u00d1OS\/AS, ADOLESCENTES Y J\u00d3VENES - Apuntes de San Luis","robots":{"index":"index","follow":"follow","max-snippet":"max-snippet:-1","max-image-preview":"max-image-preview:large","max-video-preview":"max-video-preview:-1"},"canonical":"https:\/\/apuntesdesanluis.com\/index.php\/2024\/08\/27\/inscriben-a-especializacion-en-intervenciones-sociales-con-ninos-as-adolescentes-y-jovenes\/","og_locale":"es_ES","og_type":"article","og_title":"INSCRIBEN A ESPECIALIZACI\u00d3N EN INTERVENCIONES SOCIALES CON NI\u00d1OS\/AS, ADOLESCENTES Y J\u00d3VENES - Apuntes de San Luis","og_description":"La Secretar\u00eda de Investigaci\u00f3n y Posgrado (UNSL-FCEJS) informa que se encuentran abiertas las preinscripciones a...","og_url":"https:\/\/apuntesdesanluis.com\/index.php\/2024\/08\/27\/inscriben-a-especializacion-en-intervenciones-sociales-con-ninos-as-adolescentes-y-jovenes\/","og_site_name":"Apuntes de San Luis","article_published_time":"2024-08-27T17:43:48+00:00","og_image":[{"width":700,"height":418,"url":"https:\/\/apuntesdesanluis.com\/wp-content\/uploads\/2024\/08\/carrera.png","type":"image\/png"}],"author":"apuntesdesanluis.com","twitter_card":"summary_large_image","twitter_misc":{"Escrito por":"apuntesdesanluis.com","Tiempo de lectura":"2 minutos"},"schema":{"@context":"https:\/\/schema.org","@graph":[{"@type":"Article","@id":"https:\/\/apuntesdesanluis.com\/index.php\/2024\/08\/27\/inscriben-a-especializacion-en-intervenciones-sociales-con-ninos-as-adolescentes-y-jovenes\/#article","isPartOf":{"@id":"https:\/\/apuntesdesanluis.com\/index.php\/2024\/08\/27\/inscriben-a-especializacion-en-intervenciones-sociales-con-ninos-as-adolescentes-y-jovenes\/"},"author":{"name":"apuntesdesanluis.com","@id":"https:\/\/apuntesdesanluis.com\/#\/schema\/person\/b55151d52296fcce64d1a72538a70b90"},"headline":"INSCRIBEN A ESPECIALIZACI\u00d3N EN INTERVENCIONES SOCIALES CON NI\u00d1OS\/AS, ADOLESCENTES Y J\u00d3VENES","datePublished":"2024-08-27T17:43:48+00:00","mainEntityOfPage":{"@id":"https:\/\/apuntesdesanluis.com\/index.php\/2024\/08\/27\/inscriben-a-especializacion-en-intervenciones-sociales-con-ninos-as-adolescentes-y-jovenes\/"},"wordCount":265,"publisher":{"@id":"https:\/\/apuntesdesanluis.com\/#\/schema\/person\/b55151d52296fcce64d1a72538a70b90"},"image":{"@id":"https:\/\/apuntesdesanluis.com\/index.php\/2024\/08\/27\/inscriben-a-especializacion-en-intervenciones-sociales-con-ninos-as-adolescentes-y-jovenes\/#primaryimage"},"thumbnailUrl":"https:\/\/apuntesdesanluis.com\/wp-content\/uploads\/2024\/08\/carrera.png","articleSection":["Ciudad\/Provincia"],"inLanguage":"es-AR"},{"@type":"WebPage","@id":"https:\/\/apuntesdesanluis.com\/index.php\/2024\/08\/27\/inscriben-a-especializacion-en-intervenciones-sociales-con-ninos-as-adolescentes-y-jovenes\/","url":"https:\/\/apuntesdesanluis.com\/index.php\/2024\/08\/27\/inscriben-a-especializacion-en-intervenciones-sociales-con-ninos-as-adolescentes-y-jovenes\/","name":"INSCRIBEN A ESPECIALIZACI\u00d3N EN INTERVENCIONES SOCIALES CON NI\u00d1OS\/AS, ADOLESCENTES Y J\u00d3VENES - Apuntes de San Luis","isPartOf":{"@id":"https:\/\/apuntesdesanluis.com\/#website"},"primaryImageOfPage":{"@id":"https:\/\/apuntesdesanluis.com\/index.php\/2024\/08\/27\/inscriben-a-especializacion-en-intervenciones-sociales-con-ninos-as-adolescentes-y-jovenes\/#primaryimage"},"image":{"@id":"https:\/\/apuntesdesanluis.com\/index.php\/2024\/08\/27\/inscriben-a-especializacion-en-intervenciones-sociales-con-ninos-as-adolescentes-y-jovenes\/#primaryimage"},"thumbnailUrl":"https:\/\/apuntesdesanluis.com\/wp-content\/uploads\/2024\/08\/carrera.png","datePublished":"2024-08-27T17:43:48+00:00","breadcrumb":{"@id":"https:\/\/apuntesdesanluis.com\/index.php\/2024\/08\/27\/inscriben-a-especializacion-en-intervenciones-sociales-con-ninos-as-adolescentes-y-jovenes\/#breadcrumb"},"inLanguage":"es-AR","potentialAction":[{"@type":"ReadAction","target":["https:\/\/apuntesdesanluis.com\/index.php\/2024\/08\/27\/inscriben-a-especializacion-en-intervenciones-sociales-con-ninos-as-adolescentes-y-jovenes\/"]}]},{"@type":"ImageObject","inLanguage":"es-AR","@id":"https:\/\/apuntesdesanluis.com\/index.php\/2024\/08\/27\/inscriben-a-especializacion-en-intervenciones-sociales-con-ninos-as-adolescentes-y-jovenes\/#primaryimage","url":"https:\/\/apuntesdesanluis.com\/wp-content\/uploads\/2024\/08\/carrera.png","contentUrl":"https:\/\/apuntesdesanluis.com\/wp-content\/uploads\/2024\/08\/carrera.png","width":700,"height":418},{"@type":"BreadcrumbList","@id":"https:\/\/apuntesdesanluis.com\/index.php\/2024\/08\/27\/inscriben-a-especializacion-en-intervenciones-sociales-con-ninos-as-adolescentes-y-jovenes\/#breadcrumb","itemListElement":[{"@type":"ListItem","position":1,"name":"Inicio","item":"https:\/\/apuntesdesanluis.com\/"},{"@type":"ListItem","position":2,"name":"INSCRIBEN A ESPECIALIZACI\u00d3N EN INTERVENCIONES SOCIALES CON NI\u00d1OS\/AS, ADOLESCENTES Y J\u00d3VENES"}]},{"@type":"WebSite","@id":"https:\/\/apuntesdesanluis.com\/#website","url":"https:\/\/apuntesdesanluis.com\/","name":"Apuntes de San Luis","description":"","publisher":{"@id":"https:\/\/apuntesdesanluis.com\/#\/schema\/person\/b55151d52296fcce64d1a72538a70b90"},"potentialAction":[{"@type":"SearchAction","target":{"@type":"EntryPoint","urlTemplate":"https:\/\/apuntesdesanluis.com\/?s={search_term_string}"},"query-input":{"@type":"PropertyValueSpecification","valueRequired":true,"valueName":"search_term_string"}}],"inLanguage":"es-AR"},{"@type":["Person","Organization"],"@id":"https:\/\/apuntesdesanluis.com\/#\/schema\/person\/b55151d52296fcce64d1a72538a70b90","name":"apuntesdesanluis.com","image":{"@type":"ImageObject","inLanguage":"es-AR","@id":"https:\/\/apuntesdesanluis.com\/#\/schema\/person\/image\/","url":"https:\/\/apuntesdesanluis.com\/wp-content\/uploads\/2023\/07\/cropped-apuntesdesanluis.png","contentUrl":"https:\/\/apuntesdesanluis.com\/wp-content\/uploads\/2023\/07\/cropped-apuntesdesanluis.png","width":450,"height":112,"caption":"apuntesdesanluis.com"},"logo":{"@id":"https:\/\/apuntesdesanluis.com\/#\/schema\/person\/image\/"},"sameAs":["https:\/\/apuntesdesanluis.com"],"url":"https:\/\/apuntesdesanluis.com\/index.php\/author\/apuntesdesanluis-com\/"}]}},"featured_image_urls":{"full":["https:\/\/apuntesdesanluis.com\/wp-content\/uploads\/2024\/08\/carrera.png",700,418,false],"thumbnail":["https:\/\/apuntesdesanluis.com\/wp-content\/uploads\/2024\/08\/carrera-150x150.png",150,150,true],"medium":["https:\/\/apuntesdesanluis.com\/wp-content\/uploads\/2024\/08\/carrera-300x179.png",300,179,true],"medium_large":["https:\/\/apuntesdesanluis.com\/wp-content\/uploads\/2024\/08\/carrera.png",640,382,false],"large":["https:\/\/apuntesdesanluis.com\/wp-content\/uploads\/2024\/08\/carrera.png",640,382,false],"1536x1536":["https:\/\/apuntesdesanluis.com\/wp-content\/uploads\/2024\/08\/carrera.png",700,418,false],"2048x2048":["https:\/\/apuntesdesanluis.com\/wp-content\/uploads\/2024\/08\/carrera.png",700,418,false],"newsever-slider-full":["https:\/\/apuntesdesanluis.com\/wp-content\/uploads\/2024\/08\/carrera.png",700,418,false],"newsever-featured":["https:\/\/apuntesdesanluis.com\/wp-content\/uploads\/2024\/08\/carrera.png",700,418,false],"newsever-medium":["https:\/\/apuntesdesanluis.com\/wp-content\/uploads\/2024\/08\/carrera.png",700,418,false]},"author_info":{"display_name":"apuntesdesanluis.com","author_link":"https:\/\/apuntesdesanluis.com\/index.php\/author\/apuntesdesanluis-com\/"},"category_info":"<a href=\"https:\/\/apuntesdesanluis.com\/index.php\/category\/ciudad-provincia\/\" rel=\"category tag\">Ciudad\/Provincia<\/a>","tag_info":"Ciudad\/Provincia","comment_count":"0","_links":{"self":[{"href":"https:\/\/apuntesdesanluis.com\/index.php\/wp-json\/wp\/v2\/posts\/21361","targetHints":{"allow":["GET"]}}],"collection":[{"href":"https:\/\/apuntesdesanluis.com\/index.php\/wp-json\/wp\/v2\/posts"}],"about":[{"href":"https:\/\/apuntesdesanluis.com\/index.php\/wp-json\/wp\/v2\/types\/post"}],"author":[{"embeddable":true,"href":"https:\/\/apuntesdesanluis.com\/index.php\/wp-json\/wp\/v2\/users\/1"}],"replies":[{"embeddable":true,"href":"https:\/\/apuntesdesanluis.com\/index.php\/wp-json\/wp\/v2\/comments?post=21361"}],"version-history":[{"count":1,"href":"https:\/\/apuntesdesanluis.com\/index.php\/wp-json\/wp\/v2\/posts\/21361\/revisions"}],"predecessor-version":[{"id":21363,"href":"https:\/\/apuntesdesanluis.com\/index.php\/wp-json\/wp\/v2\/posts\/21361\/revisions\/21363"}],"wp:featuredmedia":[{"embeddable":true,"href":"https:\/\/apuntesdesanluis.com\/index.php\/wp-json\/wp\/v2\/media\/21362"}],"wp:attachment":[{"href":"https:\/\/apuntesdesanluis.com\/index.php\/wp-json\/wp\/v2\/media?parent=21361"}],"wp:term":[{"taxonomy":"category","embeddable":true,"href":"https:\/\/apuntesdesanluis.com\/index.php\/wp-json\/wp\/v2\/categories?post=21361"},{"taxonomy":"post_tag","embeddable":true,"href":"https:\/\/apuntesdesanluis.com\/index.php\/wp-json\/wp\/v2\/tags?post=21361"}],"curies":[{"name":"wp","href":"https:\/\/api.w.org\/{rel}","templated":true}]}}