{"id":21376,"date":"2024-08-27T21:18:05","date_gmt":"2024-08-28T00:18:05","guid":{"rendered":"https:\/\/apuntesdesanluis.com\/?p=21376"},"modified":"2024-08-27T21:18:05","modified_gmt":"2024-08-28T00:18:05","slug":"poggi-convocara-a-un-pacto-con-los-intendentes-para-regularizar-propiedad-de-terrenos","status":"publish","type":"post","link":"https:\/\/apuntesdesanluis.com\/index.php\/2024\/08\/27\/poggi-convocara-a-un-pacto-con-los-intendentes-para-regularizar-propiedad-de-terrenos\/","title":{"rendered":"POGGI CONVOCAR\u00c1 A UN PACTO CON LOS INTENDENTES PARA REGULARIZAR PROPIEDAD DE TERRENOS"},"content":{"rendered":"<h3>Con el objetivo de que cada adjudicatario de vivienda social tenga su escritura, el gobernador <strong>Claudio Poggi<\/strong> convoc\u00f3 a los jefes comunales para la firma de un acuerdo para regularizar los terrenos donde el Estado edific\u00f3 barrios. Para tal fin, tambi\u00e9n se concretar\u00e1 un convenio con el Colegio de Agrimensores. En los pr\u00f3ximos d\u00edas, las autoridades rubricar\u00e1n el documento.<\/h3>\n<h3>Durante un nuevo acto de \u2018Escritura tu Casa\u2019, donde m\u00e1s de 50 familias recibieron la documentaci\u00f3n de sus hogares, el gobernador Claudio Poggi brind\u00f3 un anuncio muy importante para la continuidad de la pol\u00edtica habitacional.<\/h3>\n<h3>El Primer Mandatario expres\u00f3 que \u201cen los pr\u00f3ximos d\u00edas vamos a proponerle a los intendentes un pacto para la regularizaci\u00f3n dominial de todas las viviendas de cada una de las localidades\u201d.<\/h3>\n<h3>Se trata de un acuerdo que tendr\u00e1 principalmente como tema central la regularizaci\u00f3n de los terrenos donde se construyeron barrios sociales y que actualmente carecen de documentaci\u00f3n. Los municipios se comprometer\u00e1n a colaborar en cuanto a datos espec\u00edficos sobre los terrenos.<\/h3>\n<h3>\u201cQueremos que todas las familias que recibieron la vivienda a trav\u00e9s de un plan habitacional de la provincia puedan acceder a sus escrituras\u201d, afirm\u00f3 Poggi, quien resalt\u00f3 que esta documentaci\u00f3n da \u201cseguridad jur\u00eddica y tranquilidad familiar\u201d.<\/h3>\n<h3>Para tal fin, tambi\u00e9n se concretar\u00e1 la firma de un convenio con el Colegio de Agrimensores, quienes colaborar\u00e1n con la realizaci\u00f3n de los tr\u00e1mites correspondientes, como el relevamiento y la mensura de los terrenos.<\/h3>\n<h3>En los pr\u00f3ximos d\u00edas se firmar\u00e1 el pacto y con ello se empezar\u00e1 a concretar un anhelado sue\u00f1o que tienen miles de vecinos, quienes a partir de esta acci\u00f3n, podr\u00e1n iniciar los tr\u00e1mites para ser titulares leg\u00edtimos de sus casas.<\/h3>\n<p>&nbsp;<\/p>\n<p>&nbsp;<\/p>\n<p>&nbsp;<\/p>\n","protected":false},"excerpt":{"rendered":"<p>Con el objetivo de que cada adjudicatario de vivienda social tenga su escritura, el gobernador&#8230;<\/p>\n","protected":false},"author":1,"featured_media":21377,"comment_status":"closed","ping_status":"closed","sticky":false,"template":"","format":"standard","meta":{"footnotes":""},"categories":[6],"tags":[],"class_list":["post-21376","post","type-post","status-publish","format-standard","has-post-thumbnail","hentry","category-ciudad-provincia"],"yoast_head":"<!-- This site is optimized with the Yoast SEO plugin v26.1.1 - https:\/\/yoast.com\/wordpress\/plugins\/seo\/ -->\n<title>POGGI CONVOCAR\u00c1 A UN PACTO CON LOS INTENDENTES PARA REGULARIZAR PROPIEDAD DE TERRENOS - Apuntes de San Luis<\/title>\n<meta name=\"robots\" content=\"index, follow, max-snippet:-1, max-image-preview:large, max-video-preview:-1\" \/>\n<link rel=\"canonical\" href=\"https:\/\/apuntesdesanluis.com\/index.php\/2024\/08\/27\/poggi-convocara-a-un-pacto-con-los-intendentes-para-regularizar-propiedad-de-terrenos\/\" \/>\n<meta property=\"og:locale\" content=\"es_ES\" \/>\n<meta property=\"og:type\" content=\"article\" \/>\n<meta property=\"og:title\" content=\"POGGI CONVOCAR\u00c1 A UN PACTO CON LOS INTENDENTES PARA REGULARIZAR PROPIEDAD DE TERRENOS - Apuntes de San Luis\" \/>\n<meta property=\"og:description\" content=\"Con el objetivo de que cada adjudicatario de vivienda social tenga su escritura, el gobernador...\" \/>\n<meta property=\"og:url\" content=\"https:\/\/apuntesdesanluis.com\/index.php\/2024\/08\/27\/poggi-convocara-a-un-pacto-con-los-intendentes-para-regularizar-propiedad-de-terrenos\/\" \/>\n<meta property=\"og:site_name\" content=\"Apuntes de San Luis\" \/>\n<meta property=\"article:published_time\" content=\"2024-08-28T00:18:05+00:00\" \/>\n<meta property=\"og:image\" content=\"https:\/\/apuntesdesanluis.com\/wp-content\/uploads\/2024\/08\/poggi-5.png\" \/>\n\t<meta property=\"og:image:width\" content=\"700\" \/>\n\t<meta property=\"og:image:height\" content=\"377\" \/>\n\t<meta property=\"og:image:type\" content=\"image\/png\" \/>\n<meta name=\"author\" content=\"apuntesdesanluis.com\" \/>\n<meta name=\"twitter:card\" content=\"summary_large_image\" \/>\n<meta name=\"twitter:label1\" content=\"Escrito por\" \/>\n\t<meta name=\"twitter:data1\" content=\"apuntesdesanluis.com\" \/>\n\t<meta name=\"twitter:label2\" content=\"Tiempo de lectura\" \/>\n\t<meta name=\"twitter:data2\" content=\"2 minutos\" \/>\n<script type=\"application\/ld+json\" class=\"yoast-schema-graph\">{\"@context\":\"https:\/\/schema.org\",\"@graph\":[{\"@type\":\"Article\",\"@id\":\"https:\/\/apuntesdesanluis.com\/index.php\/2024\/08\/27\/poggi-convocara-a-un-pacto-con-los-intendentes-para-regularizar-propiedad-de-terrenos\/#article\",\"isPartOf\":{\"@id\":\"https:\/\/apuntesdesanluis.com\/index.php\/2024\/08\/27\/poggi-convocara-a-un-pacto-con-los-intendentes-para-regularizar-propiedad-de-terrenos\/\"},\"author\":{\"name\":\"apuntesdesanluis.com\",\"@id\":\"https:\/\/apuntesdesanluis.com\/#\/schema\/person\/b55151d52296fcce64d1a72538a70b90\"},\"headline\":\"POGGI CONVOCAR\u00c1 A UN PACTO CON LOS INTENDENTES PARA REGULARIZAR PROPIEDAD DE TERRENOS\",\"datePublished\":\"2024-08-28T00:18:05+00:00\",\"mainEntityOfPage\":{\"@id\":\"https:\/\/apuntesdesanluis.com\/index.php\/2024\/08\/27\/poggi-convocara-a-un-pacto-con-los-intendentes-para-regularizar-propiedad-de-terrenos\/\"},\"wordCount\":319,\"publisher\":{\"@id\":\"https:\/\/apuntesdesanluis.com\/#\/schema\/person\/b55151d52296fcce64d1a72538a70b90\"},\"image\":{\"@id\":\"https:\/\/apuntesdesanluis.com\/index.php\/2024\/08\/27\/poggi-convocara-a-un-pacto-con-los-intendentes-para-regularizar-propiedad-de-terrenos\/#primaryimage\"},\"thumbnailUrl\":\"https:\/\/apuntesdesanluis.com\/wp-content\/uploads\/2024\/08\/poggi-5.png\",\"articleSection\":[\"Ciudad\/Provincia\"],\"inLanguage\":\"es-AR\"},{\"@type\":\"WebPage\",\"@id\":\"https:\/\/apuntesdesanluis.com\/index.php\/2024\/08\/27\/poggi-convocara-a-un-pacto-con-los-intendentes-para-regularizar-propiedad-de-terrenos\/\",\"url\":\"https:\/\/apuntesdesanluis.com\/index.php\/2024\/08\/27\/poggi-convocara-a-un-pacto-con-los-intendentes-para-regularizar-propiedad-de-terrenos\/\",\"name\":\"POGGI CONVOCAR\u00c1 A UN PACTO CON LOS INTENDENTES PARA REGULARIZAR PROPIEDAD DE TERRENOS - Apuntes de San Luis\",\"isPartOf\":{\"@id\":\"https:\/\/apuntesdesanluis.com\/#website\"},\"primaryImageOfPage\":{\"@id\":\"https:\/\/apuntesdesanluis.com\/index.php\/2024\/08\/27\/poggi-convocara-a-un-pacto-con-los-intendentes-para-regularizar-propiedad-de-terrenos\/#primaryimage\"},\"image\":{\"@id\":\"https:\/\/apuntesdesanluis.com\/index.php\/2024\/08\/27\/poggi-convocara-a-un-pacto-con-los-intendentes-para-regularizar-propiedad-de-terrenos\/#primaryimage\"},\"thumbnailUrl\":\"https:\/\/apuntesdesanluis.com\/wp-content\/uploads\/2024\/08\/poggi-5.png\",\"datePublished\":\"2024-08-28T00:18:05+00:00\",\"breadcrumb\":{\"@id\":\"https:\/\/apuntesdesanluis.com\/index.php\/2024\/08\/27\/poggi-convocara-a-un-pacto-con-los-intendentes-para-regularizar-propiedad-de-terrenos\/#breadcrumb\"},\"inLanguage\":\"es-AR\",\"potentialAction\":[{\"@type\":\"ReadAction\",\"target\":[\"https:\/\/apuntesdesanluis.com\/index.php\/2024\/08\/27\/poggi-convocara-a-un-pacto-con-los-intendentes-para-regularizar-propiedad-de-terrenos\/\"]}]},{\"@type\":\"ImageObject\",\"inLanguage\":\"es-AR\",\"@id\":\"https:\/\/apuntesdesanluis.com\/index.php\/2024\/08\/27\/poggi-convocara-a-un-pacto-con-los-intendentes-para-regularizar-propiedad-de-terrenos\/#primaryimage\",\"url\":\"https:\/\/apuntesdesanluis.com\/wp-content\/uploads\/2024\/08\/poggi-5.png\",\"contentUrl\":\"https:\/\/apuntesdesanluis.com\/wp-content\/uploads\/2024\/08\/poggi-5.png\",\"width\":700,\"height\":377},{\"@type\":\"BreadcrumbList\",\"@id\":\"https:\/\/apuntesdesanluis.com\/index.php\/2024\/08\/27\/poggi-convocara-a-un-pacto-con-los-intendentes-para-regularizar-propiedad-de-terrenos\/#breadcrumb\",\"itemListElement\":[{\"@type\":\"ListItem\",\"position\":1,\"name\":\"Inicio\",\"item\":\"https:\/\/apuntesdesanluis.com\/\"},{\"@type\":\"ListItem\",\"position\":2,\"name\":\"POGGI CONVOCAR\u00c1 A UN PACTO CON LOS INTENDENTES PARA REGULARIZAR PROPIEDAD DE TERRENOS\"}]},{\"@type\":\"WebSite\",\"@id\":\"https:\/\/apuntesdesanluis.com\/#website\",\"url\":\"https:\/\/apuntesdesanluis.com\/\",\"name\":\"Apuntes de San Luis\",\"description\":\"\",\"publisher\":{\"@id\":\"https:\/\/apuntesdesanluis.com\/#\/schema\/person\/b55151d52296fcce64d1a72538a70b90\"},\"potentialAction\":[{\"@type\":\"SearchAction\",\"target\":{\"@type\":\"EntryPoint\",\"urlTemplate\":\"https:\/\/apuntesdesanluis.com\/?s={search_term_string}\"},\"query-input\":{\"@type\":\"PropertyValueSpecification\",\"valueRequired\":true,\"valueName\":\"search_term_string\"}}],\"inLanguage\":\"es-AR\"},{\"@type\":[\"Person\",\"Organization\"],\"@id\":\"https:\/\/apuntesdesanluis.com\/#\/schema\/person\/b55151d52296fcce64d1a72538a70b90\",\"name\":\"apuntesdesanluis.com\",\"image\":{\"@type\":\"ImageObject\",\"inLanguage\":\"es-AR\",\"@id\":\"https:\/\/apuntesdesanluis.com\/#\/schema\/person\/image\/\",\"url\":\"https:\/\/apuntesdesanluis.com\/wp-content\/uploads\/2023\/07\/cropped-apuntesdesanluis.png\",\"contentUrl\":\"https:\/\/apuntesdesanluis.com\/wp-content\/uploads\/2023\/07\/cropped-apuntesdesanluis.png\",\"width\":450,\"height\":112,\"caption\":\"apuntesdesanluis.com\"},\"logo\":{\"@id\":\"https:\/\/apuntesdesanluis.com\/#\/schema\/person\/image\/\"},\"sameAs\":[\"https:\/\/apuntesdesanluis.com\"],\"url\":\"https:\/\/apuntesdesanluis.com\/index.php\/author\/apuntesdesanluis-com\/\"}]}<\/script>\n<!-- \/ Yoast SEO plugin. -->","yoast_head_json":{"title":"POGGI CONVOCAR\u00c1 A UN PACTO CON LOS INTENDENTES PARA REGULARIZAR PROPIEDAD DE TERRENOS - Apuntes de San Luis","robots":{"index":"index","follow":"follow","max-snippet":"max-snippet:-1","max-image-preview":"max-image-preview:large","max-video-preview":"max-video-preview:-1"},"canonical":"https:\/\/apuntesdesanluis.com\/index.php\/2024\/08\/27\/poggi-convocara-a-un-pacto-con-los-intendentes-para-regularizar-propiedad-de-terrenos\/","og_locale":"es_ES","og_type":"article","og_title":"POGGI CONVOCAR\u00c1 A UN PACTO CON LOS INTENDENTES PARA REGULARIZAR PROPIEDAD DE TERRENOS - Apuntes de San Luis","og_description":"Con el objetivo de que cada adjudicatario de vivienda social tenga su escritura, el gobernador...","og_url":"https:\/\/apuntesdesanluis.com\/index.php\/2024\/08\/27\/poggi-convocara-a-un-pacto-con-los-intendentes-para-regularizar-propiedad-de-terrenos\/","og_site_name":"Apuntes de San Luis","article_published_time":"2024-08-28T00:18:05+00:00","og_image":[{"width":700,"height":377,"url":"https:\/\/apuntesdesanluis.com\/wp-content\/uploads\/2024\/08\/poggi-5.png","type":"image\/png"}],"author":"apuntesdesanluis.com","twitter_card":"summary_large_image","twitter_misc":{"Escrito por":"apuntesdesanluis.com","Tiempo de lectura":"2 minutos"},"schema":{"@context":"https:\/\/schema.org","@graph":[{"@type":"Article","@id":"https:\/\/apuntesdesanluis.com\/index.php\/2024\/08\/27\/poggi-convocara-a-un-pacto-con-los-intendentes-para-regularizar-propiedad-de-terrenos\/#article","isPartOf":{"@id":"https:\/\/apuntesdesanluis.com\/index.php\/2024\/08\/27\/poggi-convocara-a-un-pacto-con-los-intendentes-para-regularizar-propiedad-de-terrenos\/"},"author":{"name":"apuntesdesanluis.com","@id":"https:\/\/apuntesdesanluis.com\/#\/schema\/person\/b55151d52296fcce64d1a72538a70b90"},"headline":"POGGI CONVOCAR\u00c1 A UN PACTO CON LOS INTENDENTES PARA REGULARIZAR PROPIEDAD DE TERRENOS","datePublished":"2024-08-28T00:18:05+00:00","mainEntityOfPage":{"@id":"https:\/\/apuntesdesanluis.com\/index.php\/2024\/08\/27\/poggi-convocara-a-un-pacto-con-los-intendentes-para-regularizar-propiedad-de-terrenos\/"},"wordCount":319,"publisher":{"@id":"https:\/\/apuntesdesanluis.com\/#\/schema\/person\/b55151d52296fcce64d1a72538a70b90"},"image":{"@id":"https:\/\/apuntesdesanluis.com\/index.php\/2024\/08\/27\/poggi-convocara-a-un-pacto-con-los-intendentes-para-regularizar-propiedad-de-terrenos\/#primaryimage"},"thumbnailUrl":"https:\/\/apuntesdesanluis.com\/wp-content\/uploads\/2024\/08\/poggi-5.png","articleSection":["Ciudad\/Provincia"],"inLanguage":"es-AR"},{"@type":"WebPage","@id":"https:\/\/apuntesdesanluis.com\/index.php\/2024\/08\/27\/poggi-convocara-a-un-pacto-con-los-intendentes-para-regularizar-propiedad-de-terrenos\/","url":"https:\/\/apuntesdesanluis.com\/index.php\/2024\/08\/27\/poggi-convocara-a-un-pacto-con-los-intendentes-para-regularizar-propiedad-de-terrenos\/","name":"POGGI CONVOCAR\u00c1 A UN PACTO CON LOS INTENDENTES PARA REGULARIZAR PROPIEDAD DE TERRENOS - Apuntes de San Luis","isPartOf":{"@id":"https:\/\/apuntesdesanluis.com\/#website"},"primaryImageOfPage":{"@id":"https:\/\/apuntesdesanluis.com\/index.php\/2024\/08\/27\/poggi-convocara-a-un-pacto-con-los-intendentes-para-regularizar-propiedad-de-terrenos\/#primaryimage"},"image":{"@id":"https:\/\/apuntesdesanluis.com\/index.php\/2024\/08\/27\/poggi-convocara-a-un-pacto-con-los-intendentes-para-regularizar-propiedad-de-terrenos\/#primaryimage"},"thumbnailUrl":"https:\/\/apuntesdesanluis.com\/wp-content\/uploads\/2024\/08\/poggi-5.png","datePublished":"2024-08-28T00:18:05+00:00","breadcrumb":{"@id":"https:\/\/apuntesdesanluis.com\/index.php\/2024\/08\/27\/poggi-convocara-a-un-pacto-con-los-intendentes-para-regularizar-propiedad-de-terrenos\/#breadcrumb"},"inLanguage":"es-AR","potentialAction":[{"@type":"ReadAction","target":["https:\/\/apuntesdesanluis.com\/index.php\/2024\/08\/27\/poggi-convocara-a-un-pacto-con-los-intendentes-para-regularizar-propiedad-de-terrenos\/"]}]},{"@type":"ImageObject","inLanguage":"es-AR","@id":"https:\/\/apuntesdesanluis.com\/index.php\/2024\/08\/27\/poggi-convocara-a-un-pacto-con-los-intendentes-para-regularizar-propiedad-de-terrenos\/#primaryimage","url":"https:\/\/apuntesdesanluis.com\/wp-content\/uploads\/2024\/08\/poggi-5.png","contentUrl":"https:\/\/apuntesdesanluis.com\/wp-content\/uploads\/2024\/08\/poggi-5.png","width":700,"height":377},{"@type":"BreadcrumbList","@id":"https:\/\/apuntesdesanluis.com\/index.php\/2024\/08\/27\/poggi-convocara-a-un-pacto-con-los-intendentes-para-regularizar-propiedad-de-terrenos\/#breadcrumb","itemListElement":[{"@type":"ListItem","position":1,"name":"Inicio","item":"https:\/\/apuntesdesanluis.com\/"},{"@type":"ListItem","position":2,"name":"POGGI CONVOCAR\u00c1 A UN PACTO CON LOS INTENDENTES PARA REGULARIZAR PROPIEDAD DE TERRENOS"}]},{"@type":"WebSite","@id":"https:\/\/apuntesdesanluis.com\/#website","url":"https:\/\/apuntesdesanluis.com\/","name":"Apuntes de San Luis","description":"","publisher":{"@id":"https:\/\/apuntesdesanluis.com\/#\/schema\/person\/b55151d52296fcce64d1a72538a70b90"},"potentialAction":[{"@type":"SearchAction","target":{"@type":"EntryPoint","urlTemplate":"https:\/\/apuntesdesanluis.com\/?s={search_term_string}"},"query-input":{"@type":"PropertyValueSpecification","valueRequired":true,"valueName":"search_term_string"}}],"inLanguage":"es-AR"},{"@type":["Person","Organization"],"@id":"https:\/\/apuntesdesanluis.com\/#\/schema\/person\/b55151d52296fcce64d1a72538a70b90","name":"apuntesdesanluis.com","image":{"@type":"ImageObject","inLanguage":"es-AR","@id":"https:\/\/apuntesdesanluis.com\/#\/schema\/person\/image\/","url":"https:\/\/apuntesdesanluis.com\/wp-content\/uploads\/2023\/07\/cropped-apuntesdesanluis.png","contentUrl":"https:\/\/apuntesdesanluis.com\/wp-content\/uploads\/2023\/07\/cropped-apuntesdesanluis.png","width":450,"height":112,"caption":"apuntesdesanluis.com"},"logo":{"@id":"https:\/\/apuntesdesanluis.com\/#\/schema\/person\/image\/"},"sameAs":["https:\/\/apuntesdesanluis.com"],"url":"https:\/\/apuntesdesanluis.com\/index.php\/author\/apuntesdesanluis-com\/"}]}},"featured_image_urls":{"full":["https:\/\/apuntesdesanluis.com\/wp-content\/uploads\/2024\/08\/poggi-5.png",700,377,false],"thumbnail":["https:\/\/apuntesdesanluis.com\/wp-content\/uploads\/2024\/08\/poggi-5-150x150.png",150,150,true],"medium":["https:\/\/apuntesdesanluis.com\/wp-content\/uploads\/2024\/08\/poggi-5-300x162.png",300,162,true],"medium_large":["https:\/\/apuntesdesanluis.com\/wp-content\/uploads\/2024\/08\/poggi-5.png",640,345,false],"large":["https:\/\/apuntesdesanluis.com\/wp-content\/uploads\/2024\/08\/poggi-5.png",640,345,false],"1536x1536":["https:\/\/apuntesdesanluis.com\/wp-content\/uploads\/2024\/08\/poggi-5.png",700,377,false],"2048x2048":["https:\/\/apuntesdesanluis.com\/wp-content\/uploads\/2024\/08\/poggi-5.png",700,377,false],"newsever-slider-full":["https:\/\/apuntesdesanluis.com\/wp-content\/uploads\/2024\/08\/poggi-5.png",700,377,false],"newsever-featured":["https:\/\/apuntesdesanluis.com\/wp-content\/uploads\/2024\/08\/poggi-5.png",700,377,false],"newsever-medium":["https:\/\/apuntesdesanluis.com\/wp-content\/uploads\/2024\/08\/poggi-5.png",700,377,false]},"author_info":{"display_name":"apuntesdesanluis.com","author_link":"https:\/\/apuntesdesanluis.com\/index.php\/author\/apuntesdesanluis-com\/"},"category_info":"<a href=\"https:\/\/apuntesdesanluis.com\/index.php\/category\/ciudad-provincia\/\" rel=\"category tag\">Ciudad\/Provincia<\/a>","tag_info":"Ciudad\/Provincia","comment_count":"0","_links":{"self":[{"href":"https:\/\/apuntesdesanluis.com\/index.php\/wp-json\/wp\/v2\/posts\/21376","targetHints":{"allow":["GET"]}}],"collection":[{"href":"https:\/\/apuntesdesanluis.com\/index.php\/wp-json\/wp\/v2\/posts"}],"about":[{"href":"https:\/\/apuntesdesanluis.com\/index.php\/wp-json\/wp\/v2\/types\/post"}],"author":[{"embeddable":true,"href":"https:\/\/apuntesdesanluis.com\/index.php\/wp-json\/wp\/v2\/users\/1"}],"replies":[{"embeddable":true,"href":"https:\/\/apuntesdesanluis.com\/index.php\/wp-json\/wp\/v2\/comments?post=21376"}],"version-history":[{"count":1,"href":"https:\/\/apuntesdesanluis.com\/index.php\/wp-json\/wp\/v2\/posts\/21376\/revisions"}],"predecessor-version":[{"id":21378,"href":"https:\/\/apuntesdesanluis.com\/index.php\/wp-json\/wp\/v2\/posts\/21376\/revisions\/21378"}],"wp:featuredmedia":[{"embeddable":true,"href":"https:\/\/apuntesdesanluis.com\/index.php\/wp-json\/wp\/v2\/media\/21377"}],"wp:attachment":[{"href":"https:\/\/apuntesdesanluis.com\/index.php\/wp-json\/wp\/v2\/media?parent=21376"}],"wp:term":[{"taxonomy":"category","embeddable":true,"href":"https:\/\/apuntesdesanluis.com\/index.php\/wp-json\/wp\/v2\/categories?post=21376"},{"taxonomy":"post_tag","embeddable":true,"href":"https:\/\/apuntesdesanluis.com\/index.php\/wp-json\/wp\/v2\/tags?post=21376"}],"curies":[{"name":"wp","href":"https:\/\/api.w.org\/{rel}","templated":true}]}}