{"id":21397,"date":"2024-08-27T22:32:57","date_gmt":"2024-08-28T01:32:57","guid":{"rendered":"https:\/\/apuntesdesanluis.com\/?p=21397"},"modified":"2024-08-27T22:32:57","modified_gmt":"2024-08-28T01:32:57","slug":"tras-el-anuncio-de-aumento-salarial-ate-prepara-un-paro-general-contra-hissa","status":"publish","type":"post","link":"https:\/\/apuntesdesanluis.com\/index.php\/2024\/08\/27\/tras-el-anuncio-de-aumento-salarial-ate-prepara-un-paro-general-contra-hissa\/","title":{"rendered":"TRAS EL ANUNCIO DE AUMENTO SALARIAL, ATE PREPARA UN PARO GENERAL CONTRA HISSA"},"content":{"rendered":"<h3>El principal gremio que representa a los trabajadores estatales de la provincia expres\u00f3 su fuerte repudio al incremento salarial anunciado por el gobierno provincial, de 20% en cuatro cuotas.<\/h3>\n<p><img fetchpriority=\"high\" decoding=\"async\" class=\"wp-image-21398 aligncenter\" src=\"https:\/\/apuntesdesanluis.com\/wp-content\/uploads\/2024\/08\/ate-repudio-300x241.png\" alt=\"\" width=\"578\" height=\"464\" srcset=\"https:\/\/apuntesdesanluis.com\/wp-content\/uploads\/2024\/08\/ate-repudio-300x241.png 300w, https:\/\/apuntesdesanluis.com\/wp-content\/uploads\/2024\/08\/ate-repudio.png 597w\" sizes=\"(max-width: 578px) 100vw, 578px\" \/><\/p>\n<h3>El secretario general de la Asociaci\u00f3n de Trabajadores del Estado (ATE), <strong>Fernando Gatica<\/strong>, se\u00f1al\u00f3 que la supuesta mejora salarial es completamente insuficiente ante una inflaci\u00f3n acumulada superior al 100 por ciento.<\/h3>\n<h3>\u201cEl Gobierno quiere empobrecer a los trabajadores del Estado\u201d, afirm\u00f3 en declaraciones period\u00edsticas, al tiempo que destac\u00f3 que para mantener una discusi\u00f3n seria sobre actualizaciones de haberes esperaban que el Ejecutivo puntano abriera una mesa de discusi\u00f3n, una acci\u00f3n que nunca se llev\u00f3 a cabo.<\/h3>\n<h3>En similares t\u00e9rminos a <strong>ATE<\/strong> se manifest\u00f3 la <strong>Asociaci\u00f3n de profesionales y T\u00e9cnicos de la Salud<\/strong> (APTS), los cuales rechazan adem\u00e1s el desbloqueo de t\u00edtulo.<\/h3>\n<p><img decoding=\"async\" class=\"wp-image-21399 aligncenter\" src=\"https:\/\/apuntesdesanluis.com\/wp-content\/uploads\/2024\/08\/apts-300x288.png\" alt=\"\" width=\"578\" height=\"555\" srcset=\"https:\/\/apuntesdesanluis.com\/wp-content\/uploads\/2024\/08\/apts-300x288.png 300w, https:\/\/apuntesdesanluis.com\/wp-content\/uploads\/2024\/08\/apts.png 480w\" sizes=\"(max-width: 578px) 100vw, 578px\" \/><\/p>\n<h3>Tanto estos sectores como los que representan a la docencia y a los judiciales consideraron \u201cinsuficiente\u201d el aumento, \u201cdado que no compensa el 60% de p\u00e9rdida de poder adquisitivo, desde diciembre pasado a esta parte\u201d.<\/h3>\n<h3>Por esa raz\u00f3n, desde sectores vinculados a ATE comunicaron que se encuentran analizando un paro general en el municipio de San Luis, para exigir una recomposici\u00f3n salarial m\u00e1s significativa.<\/h3>\n<p><img decoding=\"async\" class=\"wp-image-21400 aligncenter\" src=\"https:\/\/apuntesdesanluis.com\/wp-content\/uploads\/2024\/08\/paro-en-san-luis-300x227.png\" alt=\"\" width=\"578\" height=\"437\" srcset=\"https:\/\/apuntesdesanluis.com\/wp-content\/uploads\/2024\/08\/paro-en-san-luis-300x227.png 300w, https:\/\/apuntesdesanluis.com\/wp-content\/uploads\/2024\/08\/paro-en-san-luis.png 754w\" sizes=\"(max-width: 578px) 100vw, 578px\" \/><\/p>\n<p>&nbsp;<\/p>\n<p>&nbsp;<\/p>\n<p>&nbsp;<\/p>\n<p>&nbsp;<\/p>\n<p>&nbsp;<\/p>\n<p>&nbsp;<\/p>\n","protected":false},"excerpt":{"rendered":"<p>El principal gremio que representa a los trabajadores estatales de la provincia expres\u00f3 su fuerte&#8230;<\/p>\n","protected":false},"author":1,"featured_media":21401,"comment_status":"closed","ping_status":"closed","sticky":false,"template":"","format":"standard","meta":{"footnotes":""},"categories":[6],"tags":[],"class_list":["post-21397","post","type-post","status-publish","format-standard","has-post-thumbnail","hentry","category-ciudad-provincia"],"yoast_head":"<!-- This site is optimized with the Yoast SEO plugin v26.1.1 - https:\/\/yoast.com\/wordpress\/plugins\/seo\/ -->\n<title>TRAS EL ANUNCIO DE AUMENTO SALARIAL, ATE PREPARA UN PARO GENERAL CONTRA HISSA - Apuntes de San Luis<\/title>\n<meta name=\"robots\" content=\"index, follow, max-snippet:-1, max-image-preview:large, max-video-preview:-1\" \/>\n<link rel=\"canonical\" href=\"https:\/\/apuntesdesanluis.com\/index.php\/2024\/08\/27\/tras-el-anuncio-de-aumento-salarial-ate-prepara-un-paro-general-contra-hissa\/\" \/>\n<meta property=\"og:locale\" content=\"es_ES\" \/>\n<meta property=\"og:type\" content=\"article\" \/>\n<meta property=\"og:title\" content=\"TRAS EL ANUNCIO DE AUMENTO SALARIAL, ATE PREPARA UN PARO GENERAL CONTRA HISSA - Apuntes de San Luis\" \/>\n<meta property=\"og:description\" content=\"El principal gremio que representa a los trabajadores estatales de la provincia expres\u00f3 su fuerte...\" \/>\n<meta property=\"og:url\" content=\"https:\/\/apuntesdesanluis.com\/index.php\/2024\/08\/27\/tras-el-anuncio-de-aumento-salarial-ate-prepara-un-paro-general-contra-hissa\/\" \/>\n<meta property=\"og:site_name\" content=\"Apuntes de San Luis\" \/>\n<meta property=\"article:published_time\" content=\"2024-08-28T01:32:57+00:00\" \/>\n<meta property=\"og:image\" content=\"https:\/\/apuntesdesanluis.com\/wp-content\/uploads\/2024\/08\/PARO-DE-ATE-SAN-LUIS.png\" \/>\n\t<meta property=\"og:image:width\" content=\"732\" \/>\n\t<meta property=\"og:image:height\" content=\"407\" \/>\n\t<meta property=\"og:image:type\" content=\"image\/png\" \/>\n<meta name=\"author\" content=\"apuntesdesanluis.com\" \/>\n<meta name=\"twitter:card\" content=\"summary_large_image\" \/>\n<meta name=\"twitter:label1\" content=\"Escrito por\" \/>\n\t<meta name=\"twitter:data1\" content=\"apuntesdesanluis.com\" \/>\n\t<meta name=\"twitter:label2\" content=\"Tiempo de lectura\" \/>\n\t<meta name=\"twitter:data2\" content=\"2 minutos\" \/>\n<script type=\"application\/ld+json\" class=\"yoast-schema-graph\">{\"@context\":\"https:\/\/schema.org\",\"@graph\":[{\"@type\":\"Article\",\"@id\":\"https:\/\/apuntesdesanluis.com\/index.php\/2024\/08\/27\/tras-el-anuncio-de-aumento-salarial-ate-prepara-un-paro-general-contra-hissa\/#article\",\"isPartOf\":{\"@id\":\"https:\/\/apuntesdesanluis.com\/index.php\/2024\/08\/27\/tras-el-anuncio-de-aumento-salarial-ate-prepara-un-paro-general-contra-hissa\/\"},\"author\":{\"name\":\"apuntesdesanluis.com\",\"@id\":\"https:\/\/apuntesdesanluis.com\/#\/schema\/person\/b55151d52296fcce64d1a72538a70b90\"},\"headline\":\"TRAS EL ANUNCIO DE AUMENTO SALARIAL, ATE PREPARA UN PARO GENERAL CONTRA HISSA\",\"datePublished\":\"2024-08-28T01:32:57+00:00\",\"mainEntityOfPage\":{\"@id\":\"https:\/\/apuntesdesanluis.com\/index.php\/2024\/08\/27\/tras-el-anuncio-de-aumento-salarial-ate-prepara-un-paro-general-contra-hissa\/\"},\"wordCount\":226,\"publisher\":{\"@id\":\"https:\/\/apuntesdesanluis.com\/#\/schema\/person\/b55151d52296fcce64d1a72538a70b90\"},\"image\":{\"@id\":\"https:\/\/apuntesdesanluis.com\/index.php\/2024\/08\/27\/tras-el-anuncio-de-aumento-salarial-ate-prepara-un-paro-general-contra-hissa\/#primaryimage\"},\"thumbnailUrl\":\"https:\/\/apuntesdesanluis.com\/wp-content\/uploads\/2024\/08\/PARO-DE-ATE-SAN-LUIS.png\",\"articleSection\":[\"Ciudad\/Provincia\"],\"inLanguage\":\"es-AR\"},{\"@type\":\"WebPage\",\"@id\":\"https:\/\/apuntesdesanluis.com\/index.php\/2024\/08\/27\/tras-el-anuncio-de-aumento-salarial-ate-prepara-un-paro-general-contra-hissa\/\",\"url\":\"https:\/\/apuntesdesanluis.com\/index.php\/2024\/08\/27\/tras-el-anuncio-de-aumento-salarial-ate-prepara-un-paro-general-contra-hissa\/\",\"name\":\"TRAS EL ANUNCIO DE AUMENTO SALARIAL, ATE PREPARA UN PARO GENERAL CONTRA HISSA - Apuntes de San Luis\",\"isPartOf\":{\"@id\":\"https:\/\/apuntesdesanluis.com\/#website\"},\"primaryImageOfPage\":{\"@id\":\"https:\/\/apuntesdesanluis.com\/index.php\/2024\/08\/27\/tras-el-anuncio-de-aumento-salarial-ate-prepara-un-paro-general-contra-hissa\/#primaryimage\"},\"image\":{\"@id\":\"https:\/\/apuntesdesanluis.com\/index.php\/2024\/08\/27\/tras-el-anuncio-de-aumento-salarial-ate-prepara-un-paro-general-contra-hissa\/#primaryimage\"},\"thumbnailUrl\":\"https:\/\/apuntesdesanluis.com\/wp-content\/uploads\/2024\/08\/PARO-DE-ATE-SAN-LUIS.png\",\"datePublished\":\"2024-08-28T01:32:57+00:00\",\"breadcrumb\":{\"@id\":\"https:\/\/apuntesdesanluis.com\/index.php\/2024\/08\/27\/tras-el-anuncio-de-aumento-salarial-ate-prepara-un-paro-general-contra-hissa\/#breadcrumb\"},\"inLanguage\":\"es-AR\",\"potentialAction\":[{\"@type\":\"ReadAction\",\"target\":[\"https:\/\/apuntesdesanluis.com\/index.php\/2024\/08\/27\/tras-el-anuncio-de-aumento-salarial-ate-prepara-un-paro-general-contra-hissa\/\"]}]},{\"@type\":\"ImageObject\",\"inLanguage\":\"es-AR\",\"@id\":\"https:\/\/apuntesdesanluis.com\/index.php\/2024\/08\/27\/tras-el-anuncio-de-aumento-salarial-ate-prepara-un-paro-general-contra-hissa\/#primaryimage\",\"url\":\"https:\/\/apuntesdesanluis.com\/wp-content\/uploads\/2024\/08\/PARO-DE-ATE-SAN-LUIS.png\",\"contentUrl\":\"https:\/\/apuntesdesanluis.com\/wp-content\/uploads\/2024\/08\/PARO-DE-ATE-SAN-LUIS.png\",\"width\":732,\"height\":407},{\"@type\":\"BreadcrumbList\",\"@id\":\"https:\/\/apuntesdesanluis.com\/index.php\/2024\/08\/27\/tras-el-anuncio-de-aumento-salarial-ate-prepara-un-paro-general-contra-hissa\/#breadcrumb\",\"itemListElement\":[{\"@type\":\"ListItem\",\"position\":1,\"name\":\"Inicio\",\"item\":\"https:\/\/apuntesdesanluis.com\/\"},{\"@type\":\"ListItem\",\"position\":2,\"name\":\"TRAS EL ANUNCIO DE AUMENTO SALARIAL, ATE PREPARA UN PARO GENERAL CONTRA HISSA\"}]},{\"@type\":\"WebSite\",\"@id\":\"https:\/\/apuntesdesanluis.com\/#website\",\"url\":\"https:\/\/apuntesdesanluis.com\/\",\"name\":\"Apuntes de San Luis\",\"description\":\"\",\"publisher\":{\"@id\":\"https:\/\/apuntesdesanluis.com\/#\/schema\/person\/b55151d52296fcce64d1a72538a70b90\"},\"potentialAction\":[{\"@type\":\"SearchAction\",\"target\":{\"@type\":\"EntryPoint\",\"urlTemplate\":\"https:\/\/apuntesdesanluis.com\/?s={search_term_string}\"},\"query-input\":{\"@type\":\"PropertyValueSpecification\",\"valueRequired\":true,\"valueName\":\"search_term_string\"}}],\"inLanguage\":\"es-AR\"},{\"@type\":[\"Person\",\"Organization\"],\"@id\":\"https:\/\/apuntesdesanluis.com\/#\/schema\/person\/b55151d52296fcce64d1a72538a70b90\",\"name\":\"apuntesdesanluis.com\",\"image\":{\"@type\":\"ImageObject\",\"inLanguage\":\"es-AR\",\"@id\":\"https:\/\/apuntesdesanluis.com\/#\/schema\/person\/image\/\",\"url\":\"https:\/\/apuntesdesanluis.com\/wp-content\/uploads\/2023\/07\/cropped-apuntesdesanluis.png\",\"contentUrl\":\"https:\/\/apuntesdesanluis.com\/wp-content\/uploads\/2023\/07\/cropped-apuntesdesanluis.png\",\"width\":450,\"height\":112,\"caption\":\"apuntesdesanluis.com\"},\"logo\":{\"@id\":\"https:\/\/apuntesdesanluis.com\/#\/schema\/person\/image\/\"},\"sameAs\":[\"https:\/\/apuntesdesanluis.com\"],\"url\":\"https:\/\/apuntesdesanluis.com\/index.php\/author\/apuntesdesanluis-com\/\"}]}<\/script>\n<!-- \/ Yoast SEO plugin. -->","yoast_head_json":{"title":"TRAS EL ANUNCIO DE AUMENTO SALARIAL, ATE PREPARA UN PARO GENERAL CONTRA HISSA - Apuntes de San Luis","robots":{"index":"index","follow":"follow","max-snippet":"max-snippet:-1","max-image-preview":"max-image-preview:large","max-video-preview":"max-video-preview:-1"},"canonical":"https:\/\/apuntesdesanluis.com\/index.php\/2024\/08\/27\/tras-el-anuncio-de-aumento-salarial-ate-prepara-un-paro-general-contra-hissa\/","og_locale":"es_ES","og_type":"article","og_title":"TRAS EL ANUNCIO DE AUMENTO SALARIAL, ATE PREPARA UN PARO GENERAL CONTRA HISSA - Apuntes de San Luis","og_description":"El principal gremio que representa a los trabajadores estatales de la provincia expres\u00f3 su fuerte...","og_url":"https:\/\/apuntesdesanluis.com\/index.php\/2024\/08\/27\/tras-el-anuncio-de-aumento-salarial-ate-prepara-un-paro-general-contra-hissa\/","og_site_name":"Apuntes de San Luis","article_published_time":"2024-08-28T01:32:57+00:00","og_image":[{"width":732,"height":407,"url":"https:\/\/apuntesdesanluis.com\/wp-content\/uploads\/2024\/08\/PARO-DE-ATE-SAN-LUIS.png","type":"image\/png"}],"author":"apuntesdesanluis.com","twitter_card":"summary_large_image","twitter_misc":{"Escrito por":"apuntesdesanluis.com","Tiempo de lectura":"2 minutos"},"schema":{"@context":"https:\/\/schema.org","@graph":[{"@type":"Article","@id":"https:\/\/apuntesdesanluis.com\/index.php\/2024\/08\/27\/tras-el-anuncio-de-aumento-salarial-ate-prepara-un-paro-general-contra-hissa\/#article","isPartOf":{"@id":"https:\/\/apuntesdesanluis.com\/index.php\/2024\/08\/27\/tras-el-anuncio-de-aumento-salarial-ate-prepara-un-paro-general-contra-hissa\/"},"author":{"name":"apuntesdesanluis.com","@id":"https:\/\/apuntesdesanluis.com\/#\/schema\/person\/b55151d52296fcce64d1a72538a70b90"},"headline":"TRAS EL ANUNCIO DE AUMENTO SALARIAL, ATE PREPARA UN PARO GENERAL CONTRA HISSA","datePublished":"2024-08-28T01:32:57+00:00","mainEntityOfPage":{"@id":"https:\/\/apuntesdesanluis.com\/index.php\/2024\/08\/27\/tras-el-anuncio-de-aumento-salarial-ate-prepara-un-paro-general-contra-hissa\/"},"wordCount":226,"publisher":{"@id":"https:\/\/apuntesdesanluis.com\/#\/schema\/person\/b55151d52296fcce64d1a72538a70b90"},"image":{"@id":"https:\/\/apuntesdesanluis.com\/index.php\/2024\/08\/27\/tras-el-anuncio-de-aumento-salarial-ate-prepara-un-paro-general-contra-hissa\/#primaryimage"},"thumbnailUrl":"https:\/\/apuntesdesanluis.com\/wp-content\/uploads\/2024\/08\/PARO-DE-ATE-SAN-LUIS.png","articleSection":["Ciudad\/Provincia"],"inLanguage":"es-AR"},{"@type":"WebPage","@id":"https:\/\/apuntesdesanluis.com\/index.php\/2024\/08\/27\/tras-el-anuncio-de-aumento-salarial-ate-prepara-un-paro-general-contra-hissa\/","url":"https:\/\/apuntesdesanluis.com\/index.php\/2024\/08\/27\/tras-el-anuncio-de-aumento-salarial-ate-prepara-un-paro-general-contra-hissa\/","name":"TRAS EL ANUNCIO DE AUMENTO SALARIAL, ATE PREPARA UN PARO GENERAL CONTRA HISSA - Apuntes de San Luis","isPartOf":{"@id":"https:\/\/apuntesdesanluis.com\/#website"},"primaryImageOfPage":{"@id":"https:\/\/apuntesdesanluis.com\/index.php\/2024\/08\/27\/tras-el-anuncio-de-aumento-salarial-ate-prepara-un-paro-general-contra-hissa\/#primaryimage"},"image":{"@id":"https:\/\/apuntesdesanluis.com\/index.php\/2024\/08\/27\/tras-el-anuncio-de-aumento-salarial-ate-prepara-un-paro-general-contra-hissa\/#primaryimage"},"thumbnailUrl":"https:\/\/apuntesdesanluis.com\/wp-content\/uploads\/2024\/08\/PARO-DE-ATE-SAN-LUIS.png","datePublished":"2024-08-28T01:32:57+00:00","breadcrumb":{"@id":"https:\/\/apuntesdesanluis.com\/index.php\/2024\/08\/27\/tras-el-anuncio-de-aumento-salarial-ate-prepara-un-paro-general-contra-hissa\/#breadcrumb"},"inLanguage":"es-AR","potentialAction":[{"@type":"ReadAction","target":["https:\/\/apuntesdesanluis.com\/index.php\/2024\/08\/27\/tras-el-anuncio-de-aumento-salarial-ate-prepara-un-paro-general-contra-hissa\/"]}]},{"@type":"ImageObject","inLanguage":"es-AR","@id":"https:\/\/apuntesdesanluis.com\/index.php\/2024\/08\/27\/tras-el-anuncio-de-aumento-salarial-ate-prepara-un-paro-general-contra-hissa\/#primaryimage","url":"https:\/\/apuntesdesanluis.com\/wp-content\/uploads\/2024\/08\/PARO-DE-ATE-SAN-LUIS.png","contentUrl":"https:\/\/apuntesdesanluis.com\/wp-content\/uploads\/2024\/08\/PARO-DE-ATE-SAN-LUIS.png","width":732,"height":407},{"@type":"BreadcrumbList","@id":"https:\/\/apuntesdesanluis.com\/index.php\/2024\/08\/27\/tras-el-anuncio-de-aumento-salarial-ate-prepara-un-paro-general-contra-hissa\/#breadcrumb","itemListElement":[{"@type":"ListItem","position":1,"name":"Inicio","item":"https:\/\/apuntesdesanluis.com\/"},{"@type":"ListItem","position":2,"name":"TRAS EL ANUNCIO DE AUMENTO SALARIAL, ATE PREPARA UN PARO GENERAL CONTRA HISSA"}]},{"@type":"WebSite","@id":"https:\/\/apuntesdesanluis.com\/#website","url":"https:\/\/apuntesdesanluis.com\/","name":"Apuntes de San Luis","description":"","publisher":{"@id":"https:\/\/apuntesdesanluis.com\/#\/schema\/person\/b55151d52296fcce64d1a72538a70b90"},"potentialAction":[{"@type":"SearchAction","target":{"@type":"EntryPoint","urlTemplate":"https:\/\/apuntesdesanluis.com\/?s={search_term_string}"},"query-input":{"@type":"PropertyValueSpecification","valueRequired":true,"valueName":"search_term_string"}}],"inLanguage":"es-AR"},{"@type":["Person","Organization"],"@id":"https:\/\/apuntesdesanluis.com\/#\/schema\/person\/b55151d52296fcce64d1a72538a70b90","name":"apuntesdesanluis.com","image":{"@type":"ImageObject","inLanguage":"es-AR","@id":"https:\/\/apuntesdesanluis.com\/#\/schema\/person\/image\/","url":"https:\/\/apuntesdesanluis.com\/wp-content\/uploads\/2023\/07\/cropped-apuntesdesanluis.png","contentUrl":"https:\/\/apuntesdesanluis.com\/wp-content\/uploads\/2023\/07\/cropped-apuntesdesanluis.png","width":450,"height":112,"caption":"apuntesdesanluis.com"},"logo":{"@id":"https:\/\/apuntesdesanluis.com\/#\/schema\/person\/image\/"},"sameAs":["https:\/\/apuntesdesanluis.com"],"url":"https:\/\/apuntesdesanluis.com\/index.php\/author\/apuntesdesanluis-com\/"}]}},"featured_image_urls":{"full":["https:\/\/apuntesdesanluis.com\/wp-content\/uploads\/2024\/08\/PARO-DE-ATE-SAN-LUIS.png",732,407,false],"thumbnail":["https:\/\/apuntesdesanluis.com\/wp-content\/uploads\/2024\/08\/PARO-DE-ATE-SAN-LUIS-150x150.png",150,150,true],"medium":["https:\/\/apuntesdesanluis.com\/wp-content\/uploads\/2024\/08\/PARO-DE-ATE-SAN-LUIS-300x167.png",300,167,true],"medium_large":["https:\/\/apuntesdesanluis.com\/wp-content\/uploads\/2024\/08\/PARO-DE-ATE-SAN-LUIS.png",640,356,false],"large":["https:\/\/apuntesdesanluis.com\/wp-content\/uploads\/2024\/08\/PARO-DE-ATE-SAN-LUIS.png",640,356,false],"1536x1536":["https:\/\/apuntesdesanluis.com\/wp-content\/uploads\/2024\/08\/PARO-DE-ATE-SAN-LUIS.png",732,407,false],"2048x2048":["https:\/\/apuntesdesanluis.com\/wp-content\/uploads\/2024\/08\/PARO-DE-ATE-SAN-LUIS.png",732,407,false],"newsever-slider-full":["https:\/\/apuntesdesanluis.com\/wp-content\/uploads\/2024\/08\/PARO-DE-ATE-SAN-LUIS.png",732,407,false],"newsever-featured":["https:\/\/apuntesdesanluis.com\/wp-content\/uploads\/2024\/08\/PARO-DE-ATE-SAN-LUIS.png",732,407,false],"newsever-medium":["https:\/\/apuntesdesanluis.com\/wp-content\/uploads\/2024\/08\/PARO-DE-ATE-SAN-LUIS-720x407.png",720,407,true]},"author_info":{"display_name":"apuntesdesanluis.com","author_link":"https:\/\/apuntesdesanluis.com\/index.php\/author\/apuntesdesanluis-com\/"},"category_info":"<a href=\"https:\/\/apuntesdesanluis.com\/index.php\/category\/ciudad-provincia\/\" rel=\"category tag\">Ciudad\/Provincia<\/a>","tag_info":"Ciudad\/Provincia","comment_count":"0","_links":{"self":[{"href":"https:\/\/apuntesdesanluis.com\/index.php\/wp-json\/wp\/v2\/posts\/21397","targetHints":{"allow":["GET"]}}],"collection":[{"href":"https:\/\/apuntesdesanluis.com\/index.php\/wp-json\/wp\/v2\/posts"}],"about":[{"href":"https:\/\/apuntesdesanluis.com\/index.php\/wp-json\/wp\/v2\/types\/post"}],"author":[{"embeddable":true,"href":"https:\/\/apuntesdesanluis.com\/index.php\/wp-json\/wp\/v2\/users\/1"}],"replies":[{"embeddable":true,"href":"https:\/\/apuntesdesanluis.com\/index.php\/wp-json\/wp\/v2\/comments?post=21397"}],"version-history":[{"count":1,"href":"https:\/\/apuntesdesanluis.com\/index.php\/wp-json\/wp\/v2\/posts\/21397\/revisions"}],"predecessor-version":[{"id":21402,"href":"https:\/\/apuntesdesanluis.com\/index.php\/wp-json\/wp\/v2\/posts\/21397\/revisions\/21402"}],"wp:featuredmedia":[{"embeddable":true,"href":"https:\/\/apuntesdesanluis.com\/index.php\/wp-json\/wp\/v2\/media\/21401"}],"wp:attachment":[{"href":"https:\/\/apuntesdesanluis.com\/index.php\/wp-json\/wp\/v2\/media?parent=21397"}],"wp:term":[{"taxonomy":"category","embeddable":true,"href":"https:\/\/apuntesdesanluis.com\/index.php\/wp-json\/wp\/v2\/categories?post=21397"},{"taxonomy":"post_tag","embeddable":true,"href":"https:\/\/apuntesdesanluis.com\/index.php\/wp-json\/wp\/v2\/tags?post=21397"}],"curies":[{"name":"wp","href":"https:\/\/api.w.org\/{rel}","templated":true}]}}