{"id":214,"date":"2023-07-18T19:47:13","date_gmt":"2023-07-18T22:47:13","guid":{"rendered":"https:\/\/apuntesdesanluis.com\/?p=214"},"modified":"2023-07-18T19:47:13","modified_gmt":"2023-07-18T22:47:13","slug":"el-fmi-anuncio-que-comenzo-la-negociacion-presencial-con-la-argentina","status":"publish","type":"post","link":"https:\/\/apuntesdesanluis.com\/index.php\/2023\/07\/18\/el-fmi-anuncio-que-comenzo-la-negociacion-presencial-con-la-argentina\/","title":{"rendered":"EL FMI ANUNCI\u00d3 QUE COMENZ\u00d3 LA NEGOCIACI\u00d3N PRESENCIAL CON LA ARGENTINA"},"content":{"rendered":"<h3>El equipo econ\u00f3mico inici\u00f3 en las \u00faltimas horas el contacto en la capital estadounidense con el staff del Fondo.<\/h3>\n<h3>El Fondo Monetario Internacional confirm\u00f3 que comenzaron las reuniones t\u00e9cnicas presenciales en Washington en las que el Ministerio de Econom\u00eda espera poder cerrar un acuerdo que defina nuevas metas y desembolsos del programa vigente.<\/h3>\n<h3>\u201cEl equipo del FMI y una delegaci\u00f3n argentina comenzaron las reuniones t\u00e9cnicas presenciales esta tarde en Washington D.C., para avanzar en la quinta revisi\u00f3n del programa respaldado por el Fondo. Se espera que estas reuniones contin\u00faen durante los pr\u00f3ximos d\u00edas\u201d, dijo el organismo a trav\u00e9s de un portavoz.<\/h3>\n<h3>El equipo econ\u00f3mico inici\u00f3 en las \u00faltimas horas el contacto presencial en la capital norteamericana con el staff del FMI, en lo que aparenta ser la recta final de las conversaciones, que empezaron a mediados de abril.<\/h3>\n<h3>La delegaci\u00f3n encabezada por el viceministro <strong>Gabriel Rubinstein<\/strong> (foto), el jefe de asesores Leonardo Madcur y el vicepresidente del Banco Central Lisandro Cleri espera cerrar los n\u00fameros de la nueva etapa del programa con el organismo esta semana.<\/h3>\n<h3>En paralelo, el ministro de Econom\u00eda, Sergio Massa, realiz\u00f3 contactos virtuales en busca de respaldo de los Estados Unidos y Alemania.<\/h3>\n<h3>Desde Buenos Aires, Massa mantuvo conversiones con Mike Pyle, asesor econ\u00f3mico internacional del Consejo Nacional de Seguridad de Estados Unidos.<\/h3>\n<h3>Antes, por la ma\u00f1ana, el jefe del Palacio de Hacienda hab\u00eda sostenido una reuni\u00f3n, tambi\u00e9n por Zoom, con un hombre clave del gabinete econ\u00f3mico alem\u00e1n.\u00a0Se trata de J\u00f6rg Kukies, secretario de Estado de la Canciller\u00eda Federal alemana.<\/h3>\n<h3>Las metas que estar\u00e1n incluidas en lo que resta del a\u00f1o forman parte de esa negociaci\u00f3n que encararon, desde esta semana en Washington, el Gobierno y el Fondo Monetario.<\/h3>\n<h3>Sucede que la mayor\u00eda de los objetivos trimestrales en la primera mitad del 2023 fueron incumplidos, en buena parte por el impacto de la sequ\u00eda, que redujo las exportaciones y la recaudaci\u00f3n de derechos de exportaci\u00f3n.<\/h3>\n<h3>En el frente fiscal, en el primer trimestre del a\u00f1o el Gobierno deber\u00eda haber tenido un techo de d\u00e9ficit primario de $441.000 millones pero qued\u00f3 excedido en casi $250.000 millones, m\u00e1s de 50% por sobre la comprometido.<\/h3>\n<h3>Fue debido a un desplome en la recaudaci\u00f3n de retenciones a las exportaciones a causa de la sequ\u00eda. Para el segundo trimestre ese tope era de 1,181 billones de pesos.<\/h3>\n<h3>En t\u00e9rminos de reservas, el efecto de la sequ\u00eda fue m\u00e1s notorio. Si bien fue materia de discusi\u00f3n con el staff del organismo, se calcula un impacto de unos US$ 20.000 millones.<\/h3>\n<h3>Massa suele reiterar que representa un recorte de una cuarta parte de las exportaciones previstas a lo largo del a\u00f1o.<\/h3>\n<h3>En el caso de los objetivos de los primeros tres meses del a\u00f1o, el Gobierno qued\u00f3 unos US$ 1.800 millones por debajo del m\u00ednimo de acopio de reservas, que implicaba que el Banco Central deb\u00eda tener unos US$ 1.900 millones netos m\u00e1s que en diciembre de 2021.<\/h3>\n<h3>Durante el segundo trimestre, el d\u00f3lar soja 3 permiti\u00f3 al BCRA acumular unos USD 880 millones entre abril y mayo, pero perdi\u00f3 USD 680 millones durante junio, ya sin el programa de incremento exportador.<\/h3>\n<h3>Para mitad de a\u00f1o, la hoja de ruta original preve\u00eda una acumulaci\u00f3n de USD 6.800 millones.<\/h3>\n","protected":false},"excerpt":{"rendered":"<p>El equipo econ\u00f3mico inici\u00f3 en las \u00faltimas horas el contacto en la capital estadounidense con&#8230;<\/p>\n","protected":false},"author":1,"featured_media":215,"comment_status":"closed","ping_status":"closed","sticky":false,"template":"","format":"standard","meta":{"footnotes":""},"categories":[5],"tags":[],"class_list":["post-214","post","type-post","status-publish","format-standard","has-post-thumbnail","hentry","category-nacionales-internacionales"],"yoast_head":"<!-- This site is optimized with the Yoast SEO plugin v26.1.1 - https:\/\/yoast.com\/wordpress\/plugins\/seo\/ -->\n<title>EL FMI ANUNCI\u00d3 QUE COMENZ\u00d3 LA NEGOCIACI\u00d3N PRESENCIAL CON LA ARGENTINA - Apuntes de San Luis<\/title>\n<meta name=\"robots\" content=\"index, follow, max-snippet:-1, max-image-preview:large, max-video-preview:-1\" \/>\n<link rel=\"canonical\" href=\"https:\/\/apuntesdesanluis.com\/index.php\/2023\/07\/18\/el-fmi-anuncio-que-comenzo-la-negociacion-presencial-con-la-argentina\/\" \/>\n<meta property=\"og:locale\" content=\"es_ES\" \/>\n<meta property=\"og:type\" content=\"article\" \/>\n<meta property=\"og:title\" content=\"EL FMI ANUNCI\u00d3 QUE COMENZ\u00d3 LA NEGOCIACI\u00d3N PRESENCIAL CON LA ARGENTINA - Apuntes de San Luis\" \/>\n<meta property=\"og:description\" content=\"El equipo econ\u00f3mico inici\u00f3 en las \u00faltimas horas el contacto en la capital estadounidense con...\" \/>\n<meta property=\"og:url\" content=\"https:\/\/apuntesdesanluis.com\/index.php\/2023\/07\/18\/el-fmi-anuncio-que-comenzo-la-negociacion-presencial-con-la-argentina\/\" \/>\n<meta property=\"og:site_name\" content=\"Apuntes de San Luis\" \/>\n<meta property=\"article:published_time\" content=\"2023-07-18T22:47:13+00:00\" \/>\n<meta property=\"og:image\" content=\"https:\/\/apuntesdesanluis.com\/wp-content\/uploads\/2023\/07\/rubinstein.png\" \/>\n\t<meta property=\"og:image:width\" content=\"787\" \/>\n\t<meta property=\"og:image:height\" content=\"534\" \/>\n\t<meta property=\"og:image:type\" content=\"image\/png\" \/>\n<meta name=\"author\" content=\"apuntesdesanluis.com\" \/>\n<meta name=\"twitter:card\" content=\"summary_large_image\" \/>\n<meta name=\"twitter:label1\" content=\"Escrito por\" \/>\n\t<meta name=\"twitter:data1\" content=\"apuntesdesanluis.com\" \/>\n\t<meta name=\"twitter:label2\" content=\"Tiempo de lectura\" \/>\n\t<meta name=\"twitter:data2\" content=\"3 minutos\" \/>\n<script type=\"application\/ld+json\" class=\"yoast-schema-graph\">{\"@context\":\"https:\/\/schema.org\",\"@graph\":[{\"@type\":\"Article\",\"@id\":\"https:\/\/apuntesdesanluis.com\/index.php\/2023\/07\/18\/el-fmi-anuncio-que-comenzo-la-negociacion-presencial-con-la-argentina\/#article\",\"isPartOf\":{\"@id\":\"https:\/\/apuntesdesanluis.com\/index.php\/2023\/07\/18\/el-fmi-anuncio-que-comenzo-la-negociacion-presencial-con-la-argentina\/\"},\"author\":{\"name\":\"apuntesdesanluis.com\",\"@id\":\"https:\/\/apuntesdesanluis.com\/#\/schema\/person\/b55151d52296fcce64d1a72538a70b90\"},\"headline\":\"EL FMI ANUNCI\u00d3 QUE COMENZ\u00d3 LA NEGOCIACI\u00d3N PRESENCIAL CON LA ARGENTINA\",\"datePublished\":\"2023-07-18T22:47:13+00:00\",\"mainEntityOfPage\":{\"@id\":\"https:\/\/apuntesdesanluis.com\/index.php\/2023\/07\/18\/el-fmi-anuncio-que-comenzo-la-negociacion-presencial-con-la-argentina\/\"},\"wordCount\":585,\"publisher\":{\"@id\":\"https:\/\/apuntesdesanluis.com\/#\/schema\/person\/b55151d52296fcce64d1a72538a70b90\"},\"image\":{\"@id\":\"https:\/\/apuntesdesanluis.com\/index.php\/2023\/07\/18\/el-fmi-anuncio-que-comenzo-la-negociacion-presencial-con-la-argentina\/#primaryimage\"},\"thumbnailUrl\":\"https:\/\/apuntesdesanluis.com\/wp-content\/uploads\/2023\/07\/rubinstein.png\",\"articleSection\":[\"Nacionales\/Internacionales\"],\"inLanguage\":\"es-AR\"},{\"@type\":\"WebPage\",\"@id\":\"https:\/\/apuntesdesanluis.com\/index.php\/2023\/07\/18\/el-fmi-anuncio-que-comenzo-la-negociacion-presencial-con-la-argentina\/\",\"url\":\"https:\/\/apuntesdesanluis.com\/index.php\/2023\/07\/18\/el-fmi-anuncio-que-comenzo-la-negociacion-presencial-con-la-argentina\/\",\"name\":\"EL FMI ANUNCI\u00d3 QUE COMENZ\u00d3 LA NEGOCIACI\u00d3N PRESENCIAL CON LA ARGENTINA - Apuntes de San Luis\",\"isPartOf\":{\"@id\":\"https:\/\/apuntesdesanluis.com\/#website\"},\"primaryImageOfPage\":{\"@id\":\"https:\/\/apuntesdesanluis.com\/index.php\/2023\/07\/18\/el-fmi-anuncio-que-comenzo-la-negociacion-presencial-con-la-argentina\/#primaryimage\"},\"image\":{\"@id\":\"https:\/\/apuntesdesanluis.com\/index.php\/2023\/07\/18\/el-fmi-anuncio-que-comenzo-la-negociacion-presencial-con-la-argentina\/#primaryimage\"},\"thumbnailUrl\":\"https:\/\/apuntesdesanluis.com\/wp-content\/uploads\/2023\/07\/rubinstein.png\",\"datePublished\":\"2023-07-18T22:47:13+00:00\",\"breadcrumb\":{\"@id\":\"https:\/\/apuntesdesanluis.com\/index.php\/2023\/07\/18\/el-fmi-anuncio-que-comenzo-la-negociacion-presencial-con-la-argentina\/#breadcrumb\"},\"inLanguage\":\"es-AR\",\"potentialAction\":[{\"@type\":\"ReadAction\",\"target\":[\"https:\/\/apuntesdesanluis.com\/index.php\/2023\/07\/18\/el-fmi-anuncio-que-comenzo-la-negociacion-presencial-con-la-argentina\/\"]}]},{\"@type\":\"ImageObject\",\"inLanguage\":\"es-AR\",\"@id\":\"https:\/\/apuntesdesanluis.com\/index.php\/2023\/07\/18\/el-fmi-anuncio-que-comenzo-la-negociacion-presencial-con-la-argentina\/#primaryimage\",\"url\":\"https:\/\/apuntesdesanluis.com\/wp-content\/uploads\/2023\/07\/rubinstein.png\",\"contentUrl\":\"https:\/\/apuntesdesanluis.com\/wp-content\/uploads\/2023\/07\/rubinstein.png\",\"width\":787,\"height\":534},{\"@type\":\"BreadcrumbList\",\"@id\":\"https:\/\/apuntesdesanluis.com\/index.php\/2023\/07\/18\/el-fmi-anuncio-que-comenzo-la-negociacion-presencial-con-la-argentina\/#breadcrumb\",\"itemListElement\":[{\"@type\":\"ListItem\",\"position\":1,\"name\":\"Inicio\",\"item\":\"https:\/\/apuntesdesanluis.com\/\"},{\"@type\":\"ListItem\",\"position\":2,\"name\":\"EL FMI ANUNCI\u00d3 QUE COMENZ\u00d3 LA NEGOCIACI\u00d3N PRESENCIAL CON LA ARGENTINA\"}]},{\"@type\":\"WebSite\",\"@id\":\"https:\/\/apuntesdesanluis.com\/#website\",\"url\":\"https:\/\/apuntesdesanluis.com\/\",\"name\":\"Apuntes de San Luis\",\"description\":\"\",\"publisher\":{\"@id\":\"https:\/\/apuntesdesanluis.com\/#\/schema\/person\/b55151d52296fcce64d1a72538a70b90\"},\"potentialAction\":[{\"@type\":\"SearchAction\",\"target\":{\"@type\":\"EntryPoint\",\"urlTemplate\":\"https:\/\/apuntesdesanluis.com\/?s={search_term_string}\"},\"query-input\":{\"@type\":\"PropertyValueSpecification\",\"valueRequired\":true,\"valueName\":\"search_term_string\"}}],\"inLanguage\":\"es-AR\"},{\"@type\":[\"Person\",\"Organization\"],\"@id\":\"https:\/\/apuntesdesanluis.com\/#\/schema\/person\/b55151d52296fcce64d1a72538a70b90\",\"name\":\"apuntesdesanluis.com\",\"image\":{\"@type\":\"ImageObject\",\"inLanguage\":\"es-AR\",\"@id\":\"https:\/\/apuntesdesanluis.com\/#\/schema\/person\/image\/\",\"url\":\"https:\/\/apuntesdesanluis.com\/wp-content\/uploads\/2023\/07\/cropped-apuntesdesanluis.png\",\"contentUrl\":\"https:\/\/apuntesdesanluis.com\/wp-content\/uploads\/2023\/07\/cropped-apuntesdesanluis.png\",\"width\":450,\"height\":112,\"caption\":\"apuntesdesanluis.com\"},\"logo\":{\"@id\":\"https:\/\/apuntesdesanluis.com\/#\/schema\/person\/image\/\"},\"sameAs\":[\"https:\/\/apuntesdesanluis.com\"],\"url\":\"https:\/\/apuntesdesanluis.com\/index.php\/author\/apuntesdesanluis-com\/\"}]}<\/script>\n<!-- \/ Yoast SEO plugin. -->","yoast_head_json":{"title":"EL FMI ANUNCI\u00d3 QUE COMENZ\u00d3 LA NEGOCIACI\u00d3N PRESENCIAL CON LA ARGENTINA - Apuntes de San Luis","robots":{"index":"index","follow":"follow","max-snippet":"max-snippet:-1","max-image-preview":"max-image-preview:large","max-video-preview":"max-video-preview:-1"},"canonical":"https:\/\/apuntesdesanluis.com\/index.php\/2023\/07\/18\/el-fmi-anuncio-que-comenzo-la-negociacion-presencial-con-la-argentina\/","og_locale":"es_ES","og_type":"article","og_title":"EL FMI ANUNCI\u00d3 QUE COMENZ\u00d3 LA NEGOCIACI\u00d3N PRESENCIAL CON LA ARGENTINA - Apuntes de San Luis","og_description":"El equipo econ\u00f3mico inici\u00f3 en las \u00faltimas horas el contacto en la capital estadounidense con...","og_url":"https:\/\/apuntesdesanluis.com\/index.php\/2023\/07\/18\/el-fmi-anuncio-que-comenzo-la-negociacion-presencial-con-la-argentina\/","og_site_name":"Apuntes de San Luis","article_published_time":"2023-07-18T22:47:13+00:00","og_image":[{"width":787,"height":534,"url":"https:\/\/apuntesdesanluis.com\/wp-content\/uploads\/2023\/07\/rubinstein.png","type":"image\/png"}],"author":"apuntesdesanluis.com","twitter_card":"summary_large_image","twitter_misc":{"Escrito por":"apuntesdesanluis.com","Tiempo de lectura":"3 minutos"},"schema":{"@context":"https:\/\/schema.org","@graph":[{"@type":"Article","@id":"https:\/\/apuntesdesanluis.com\/index.php\/2023\/07\/18\/el-fmi-anuncio-que-comenzo-la-negociacion-presencial-con-la-argentina\/#article","isPartOf":{"@id":"https:\/\/apuntesdesanluis.com\/index.php\/2023\/07\/18\/el-fmi-anuncio-que-comenzo-la-negociacion-presencial-con-la-argentina\/"},"author":{"name":"apuntesdesanluis.com","@id":"https:\/\/apuntesdesanluis.com\/#\/schema\/person\/b55151d52296fcce64d1a72538a70b90"},"headline":"EL FMI ANUNCI\u00d3 QUE COMENZ\u00d3 LA NEGOCIACI\u00d3N PRESENCIAL CON LA ARGENTINA","datePublished":"2023-07-18T22:47:13+00:00","mainEntityOfPage":{"@id":"https:\/\/apuntesdesanluis.com\/index.php\/2023\/07\/18\/el-fmi-anuncio-que-comenzo-la-negociacion-presencial-con-la-argentina\/"},"wordCount":585,"publisher":{"@id":"https:\/\/apuntesdesanluis.com\/#\/schema\/person\/b55151d52296fcce64d1a72538a70b90"},"image":{"@id":"https:\/\/apuntesdesanluis.com\/index.php\/2023\/07\/18\/el-fmi-anuncio-que-comenzo-la-negociacion-presencial-con-la-argentina\/#primaryimage"},"thumbnailUrl":"https:\/\/apuntesdesanluis.com\/wp-content\/uploads\/2023\/07\/rubinstein.png","articleSection":["Nacionales\/Internacionales"],"inLanguage":"es-AR"},{"@type":"WebPage","@id":"https:\/\/apuntesdesanluis.com\/index.php\/2023\/07\/18\/el-fmi-anuncio-que-comenzo-la-negociacion-presencial-con-la-argentina\/","url":"https:\/\/apuntesdesanluis.com\/index.php\/2023\/07\/18\/el-fmi-anuncio-que-comenzo-la-negociacion-presencial-con-la-argentina\/","name":"EL FMI ANUNCI\u00d3 QUE COMENZ\u00d3 LA NEGOCIACI\u00d3N PRESENCIAL CON LA ARGENTINA - Apuntes de San Luis","isPartOf":{"@id":"https:\/\/apuntesdesanluis.com\/#website"},"primaryImageOfPage":{"@id":"https:\/\/apuntesdesanluis.com\/index.php\/2023\/07\/18\/el-fmi-anuncio-que-comenzo-la-negociacion-presencial-con-la-argentina\/#primaryimage"},"image":{"@id":"https:\/\/apuntesdesanluis.com\/index.php\/2023\/07\/18\/el-fmi-anuncio-que-comenzo-la-negociacion-presencial-con-la-argentina\/#primaryimage"},"thumbnailUrl":"https:\/\/apuntesdesanluis.com\/wp-content\/uploads\/2023\/07\/rubinstein.png","datePublished":"2023-07-18T22:47:13+00:00","breadcrumb":{"@id":"https:\/\/apuntesdesanluis.com\/index.php\/2023\/07\/18\/el-fmi-anuncio-que-comenzo-la-negociacion-presencial-con-la-argentina\/#breadcrumb"},"inLanguage":"es-AR","potentialAction":[{"@type":"ReadAction","target":["https:\/\/apuntesdesanluis.com\/index.php\/2023\/07\/18\/el-fmi-anuncio-que-comenzo-la-negociacion-presencial-con-la-argentina\/"]}]},{"@type":"ImageObject","inLanguage":"es-AR","@id":"https:\/\/apuntesdesanluis.com\/index.php\/2023\/07\/18\/el-fmi-anuncio-que-comenzo-la-negociacion-presencial-con-la-argentina\/#primaryimage","url":"https:\/\/apuntesdesanluis.com\/wp-content\/uploads\/2023\/07\/rubinstein.png","contentUrl":"https:\/\/apuntesdesanluis.com\/wp-content\/uploads\/2023\/07\/rubinstein.png","width":787,"height":534},{"@type":"BreadcrumbList","@id":"https:\/\/apuntesdesanluis.com\/index.php\/2023\/07\/18\/el-fmi-anuncio-que-comenzo-la-negociacion-presencial-con-la-argentina\/#breadcrumb","itemListElement":[{"@type":"ListItem","position":1,"name":"Inicio","item":"https:\/\/apuntesdesanluis.com\/"},{"@type":"ListItem","position":2,"name":"EL FMI ANUNCI\u00d3 QUE COMENZ\u00d3 LA NEGOCIACI\u00d3N PRESENCIAL CON LA ARGENTINA"}]},{"@type":"WebSite","@id":"https:\/\/apuntesdesanluis.com\/#website","url":"https:\/\/apuntesdesanluis.com\/","name":"Apuntes de San Luis","description":"","publisher":{"@id":"https:\/\/apuntesdesanluis.com\/#\/schema\/person\/b55151d52296fcce64d1a72538a70b90"},"potentialAction":[{"@type":"SearchAction","target":{"@type":"EntryPoint","urlTemplate":"https:\/\/apuntesdesanluis.com\/?s={search_term_string}"},"query-input":{"@type":"PropertyValueSpecification","valueRequired":true,"valueName":"search_term_string"}}],"inLanguage":"es-AR"},{"@type":["Person","Organization"],"@id":"https:\/\/apuntesdesanluis.com\/#\/schema\/person\/b55151d52296fcce64d1a72538a70b90","name":"apuntesdesanluis.com","image":{"@type":"ImageObject","inLanguage":"es-AR","@id":"https:\/\/apuntesdesanluis.com\/#\/schema\/person\/image\/","url":"https:\/\/apuntesdesanluis.com\/wp-content\/uploads\/2023\/07\/cropped-apuntesdesanluis.png","contentUrl":"https:\/\/apuntesdesanluis.com\/wp-content\/uploads\/2023\/07\/cropped-apuntesdesanluis.png","width":450,"height":112,"caption":"apuntesdesanluis.com"},"logo":{"@id":"https:\/\/apuntesdesanluis.com\/#\/schema\/person\/image\/"},"sameAs":["https:\/\/apuntesdesanluis.com"],"url":"https:\/\/apuntesdesanluis.com\/index.php\/author\/apuntesdesanluis-com\/"}]}},"featured_image_urls":{"full":["https:\/\/apuntesdesanluis.com\/wp-content\/uploads\/2023\/07\/rubinstein.png",787,534,false],"thumbnail":["https:\/\/apuntesdesanluis.com\/wp-content\/uploads\/2023\/07\/rubinstein-150x150.png",150,150,true],"medium":["https:\/\/apuntesdesanluis.com\/wp-content\/uploads\/2023\/07\/rubinstein-300x204.png",300,204,true],"medium_large":["https:\/\/apuntesdesanluis.com\/wp-content\/uploads\/2023\/07\/rubinstein-768x521.png",640,434,true],"large":["https:\/\/apuntesdesanluis.com\/wp-content\/uploads\/2023\/07\/rubinstein.png",640,434,false],"1536x1536":["https:\/\/apuntesdesanluis.com\/wp-content\/uploads\/2023\/07\/rubinstein.png",787,534,false],"2048x2048":["https:\/\/apuntesdesanluis.com\/wp-content\/uploads\/2023\/07\/rubinstein.png",787,534,false],"newsever-slider-full":["https:\/\/apuntesdesanluis.com\/wp-content\/uploads\/2023\/07\/rubinstein.png",787,534,false],"newsever-featured":["https:\/\/apuntesdesanluis.com\/wp-content\/uploads\/2023\/07\/rubinstein.png",787,534,false],"newsever-medium":["https:\/\/apuntesdesanluis.com\/wp-content\/uploads\/2023\/07\/rubinstein-720x475.png",720,475,true]},"author_info":{"display_name":"apuntesdesanluis.com","author_link":"https:\/\/apuntesdesanluis.com\/index.php\/author\/apuntesdesanluis-com\/"},"category_info":"<a href=\"https:\/\/apuntesdesanluis.com\/index.php\/category\/nacionales-internacionales\/\" rel=\"category tag\">Nacionales\/Internacionales<\/a>","tag_info":"Nacionales\/Internacionales","comment_count":"0","_links":{"self":[{"href":"https:\/\/apuntesdesanluis.com\/index.php\/wp-json\/wp\/v2\/posts\/214","targetHints":{"allow":["GET"]}}],"collection":[{"href":"https:\/\/apuntesdesanluis.com\/index.php\/wp-json\/wp\/v2\/posts"}],"about":[{"href":"https:\/\/apuntesdesanluis.com\/index.php\/wp-json\/wp\/v2\/types\/post"}],"author":[{"embeddable":true,"href":"https:\/\/apuntesdesanluis.com\/index.php\/wp-json\/wp\/v2\/users\/1"}],"replies":[{"embeddable":true,"href":"https:\/\/apuntesdesanluis.com\/index.php\/wp-json\/wp\/v2\/comments?post=214"}],"version-history":[{"count":1,"href":"https:\/\/apuntesdesanluis.com\/index.php\/wp-json\/wp\/v2\/posts\/214\/revisions"}],"predecessor-version":[{"id":216,"href":"https:\/\/apuntesdesanluis.com\/index.php\/wp-json\/wp\/v2\/posts\/214\/revisions\/216"}],"wp:featuredmedia":[{"embeddable":true,"href":"https:\/\/apuntesdesanluis.com\/index.php\/wp-json\/wp\/v2\/media\/215"}],"wp:attachment":[{"href":"https:\/\/apuntesdesanluis.com\/index.php\/wp-json\/wp\/v2\/media?parent=214"}],"wp:term":[{"taxonomy":"category","embeddable":true,"href":"https:\/\/apuntesdesanluis.com\/index.php\/wp-json\/wp\/v2\/categories?post=214"},{"taxonomy":"post_tag","embeddable":true,"href":"https:\/\/apuntesdesanluis.com\/index.php\/wp-json\/wp\/v2\/tags?post=214"}],"curies":[{"name":"wp","href":"https:\/\/api.w.org\/{rel}","templated":true}]}}