{"id":21403,"date":"2024-08-28T21:10:59","date_gmt":"2024-08-29T00:10:59","guid":{"rendered":"https:\/\/apuntesdesanluis.com\/?p=21403"},"modified":"2024-08-28T21:17:24","modified_gmt":"2024-08-29T00:17:24","slug":"la-asamblea-legislativa-designara-a-belgrano-rawson-como-defensor-del-pueblo","status":"publish","type":"post","link":"https:\/\/apuntesdesanluis.com\/index.php\/2024\/08\/28\/la-asamblea-legislativa-designara-a-belgrano-rawson-como-defensor-del-pueblo\/","title":{"rendered":"SE RE\u00daNE LA ASAMBLEA LEGISLATIVA PARA DESIGNAR A BELGRANO RAWSON COMO DEFENSOR DEL PUEBLO"},"content":{"rendered":"<h3>Este jueves se constituye la Asamblea Legislativa para realizar la audiencia p\u00fablica y proceder a designar al reemplazante de <strong>Enrique Ponce<\/strong> en la Defensor\u00eda del Pueblo de la provincia.<\/h3>\n<h3>Todo indica que la mayor\u00eda que constituy\u00f3 el oficialismo le permitir\u00eda imponer al Dr. <strong>Guillermo Belgrano Rawson<\/strong>, ex presidente del Colegio de Abogados de San Luis, como el nuevo ombudsman de la provincia. Tampoco se ha conocido, por el momento, que la oposici\u00f3n tenga previsto presentar una propuesta propia.<\/h3>\n<p><img fetchpriority=\"high\" decoding=\"async\" class=\"wp-image-21406 aligncenter\" src=\"https:\/\/apuntesdesanluis.com\/wp-content\/uploads\/2024\/08\/belgrano-rawson-300x195.png\" alt=\"\" width=\"551\" height=\"358\" srcset=\"https:\/\/apuntesdesanluis.com\/wp-content\/uploads\/2024\/08\/belgrano-rawson-300x195.png 300w, https:\/\/apuntesdesanluis.com\/wp-content\/uploads\/2024\/08\/belgrano-rawson.png 747w\" sizes=\"(max-width: 551px) 100vw, 551px\" \/><\/p>\n<h3>La Audiencia P\u00fablica convocada para debatir su designaci\u00f3n ser\u00e1 este jueves 29 a las 10:30 hs.<\/h3>\n<p><img decoding=\"async\" class=\"wp-image-21405 aligncenter\" src=\"https:\/\/apuntesdesanluis.com\/wp-content\/uploads\/2024\/08\/CONVOCATORIA-A-LA-ASAMBLEA-300x300.jpg\" alt=\"\" width=\"561\" height=\"561\" srcset=\"https:\/\/apuntesdesanluis.com\/wp-content\/uploads\/2024\/08\/CONVOCATORIA-A-LA-ASAMBLEA-300x300.jpg 300w, https:\/\/apuntesdesanluis.com\/wp-content\/uploads\/2024\/08\/CONVOCATORIA-A-LA-ASAMBLEA-150x150.jpg 150w, https:\/\/apuntesdesanluis.com\/wp-content\/uploads\/2024\/08\/CONVOCATORIA-A-LA-ASAMBLEA.jpg 526w\" sizes=\"(max-width: 561px) 100vw, 561px\" \/><\/p>\n<h3>Desde la <strong>Sociedad Rural de San Luis,<\/strong> la Comisi\u00f3n Directiva public\u00f3 un posteo en Facebook manifestando su benepl\u00e1cito por la postulaci\u00f3n e indicando que la designaci\u00f3n es un &#8220;merecido reconocimiento que refleja su incansable dedicaci\u00f3n y trabajo en diversas instituciones, como el Colegio de Abogados de San Luis y nuestra querida Sociedad Rural, donde ha demostrado un liderazgo inspirador y una excelencia que motiva a todos&#8221;.<\/h3>\n<p><img decoding=\"async\" class=\"wp-image-21411 aligncenter\" src=\"https:\/\/apuntesdesanluis.com\/wp-content\/uploads\/2024\/08\/sociedad-rural-de-san-luis-300x300.png\" alt=\"\" width=\"585\" height=\"585\" srcset=\"https:\/\/apuntesdesanluis.com\/wp-content\/uploads\/2024\/08\/sociedad-rural-de-san-luis-300x300.png 300w, https:\/\/apuntesdesanluis.com\/wp-content\/uploads\/2024\/08\/sociedad-rural-de-san-luis-150x150.png 150w, https:\/\/apuntesdesanluis.com\/wp-content\/uploads\/2024\/08\/sociedad-rural-de-san-luis-768x767.png 768w, https:\/\/apuntesdesanluis.com\/wp-content\/uploads\/2024\/08\/sociedad-rural-de-san-luis.png 862w\" sizes=\"(max-width: 585px) 100vw, 585px\" \/><\/p>\n<p>&nbsp;<\/p>\n<p>&nbsp;<\/p>\n<p>&nbsp;<\/p>\n<p>&nbsp;<\/p>\n<p>&nbsp;<\/p>\n","protected":false},"excerpt":{"rendered":"<p>Este jueves se constituye la Asamblea Legislativa para realizar la audiencia p\u00fablica y proceder a&#8230;<\/p>\n","protected":false},"author":1,"featured_media":21467,"comment_status":"closed","ping_status":"closed","sticky":false,"template":"","format":"standard","meta":{"footnotes":""},"categories":[6],"tags":[],"class_list":["post-21403","post","type-post","status-publish","format-standard","has-post-thumbnail","hentry","category-ciudad-provincia"],"yoast_head":"<!-- This site is optimized with the Yoast SEO plugin v26.1.1 - https:\/\/yoast.com\/wordpress\/plugins\/seo\/ -->\n<title>SE RE\u00daNE LA ASAMBLEA LEGISLATIVA PARA DESIGNAR A BELGRANO RAWSON COMO DEFENSOR DEL PUEBLO - Apuntes de San Luis<\/title>\n<meta name=\"robots\" content=\"index, follow, max-snippet:-1, max-image-preview:large, max-video-preview:-1\" \/>\n<link rel=\"canonical\" href=\"https:\/\/apuntesdesanluis.com\/index.php\/2024\/08\/28\/la-asamblea-legislativa-designara-a-belgrano-rawson-como-defensor-del-pueblo\/\" \/>\n<meta property=\"og:locale\" content=\"es_ES\" \/>\n<meta property=\"og:type\" content=\"article\" \/>\n<meta property=\"og:title\" content=\"SE RE\u00daNE LA ASAMBLEA LEGISLATIVA PARA DESIGNAR A BELGRANO RAWSON COMO DEFENSOR DEL PUEBLO - Apuntes de San Luis\" \/>\n<meta property=\"og:description\" content=\"Este jueves se constituye la Asamblea Legislativa para realizar la audiencia p\u00fablica y proceder a...\" \/>\n<meta property=\"og:url\" content=\"https:\/\/apuntesdesanluis.com\/index.php\/2024\/08\/28\/la-asamblea-legislativa-designara-a-belgrano-rawson-como-defensor-del-pueblo\/\" \/>\n<meta property=\"og:site_name\" content=\"Apuntes de San Luis\" \/>\n<meta property=\"article:published_time\" content=\"2024-08-29T00:10:59+00:00\" \/>\n<meta property=\"article:modified_time\" content=\"2024-08-29T00:17:24+00:00\" \/>\n<meta property=\"og:image\" content=\"https:\/\/apuntesdesanluis.com\/wp-content\/uploads\/2024\/08\/legislatura.png\" \/>\n\t<meta property=\"og:image:width\" content=\"532\" \/>\n\t<meta property=\"og:image:height\" content=\"270\" \/>\n\t<meta property=\"og:image:type\" content=\"image\/png\" \/>\n<meta name=\"author\" content=\"apuntesdesanluis.com\" \/>\n<meta name=\"twitter:card\" content=\"summary_large_image\" \/>\n<meta name=\"twitter:label1\" content=\"Escrito por\" \/>\n\t<meta name=\"twitter:data1\" content=\"apuntesdesanluis.com\" \/>\n\t<meta name=\"twitter:label2\" content=\"Tiempo de lectura\" \/>\n\t<meta name=\"twitter:data2\" content=\"2 minutos\" \/>\n<script type=\"application\/ld+json\" class=\"yoast-schema-graph\">{\"@context\":\"https:\/\/schema.org\",\"@graph\":[{\"@type\":\"Article\",\"@id\":\"https:\/\/apuntesdesanluis.com\/index.php\/2024\/08\/28\/la-asamblea-legislativa-designara-a-belgrano-rawson-como-defensor-del-pueblo\/#article\",\"isPartOf\":{\"@id\":\"https:\/\/apuntesdesanluis.com\/index.php\/2024\/08\/28\/la-asamblea-legislativa-designara-a-belgrano-rawson-como-defensor-del-pueblo\/\"},\"author\":{\"name\":\"apuntesdesanluis.com\",\"@id\":\"https:\/\/apuntesdesanluis.com\/#\/schema\/person\/b55151d52296fcce64d1a72538a70b90\"},\"headline\":\"SE RE\u00daNE LA ASAMBLEA LEGISLATIVA PARA DESIGNAR A BELGRANO RAWSON COMO DEFENSOR DEL PUEBLO\",\"datePublished\":\"2024-08-29T00:10:59+00:00\",\"dateModified\":\"2024-08-29T00:17:24+00:00\",\"mainEntityOfPage\":{\"@id\":\"https:\/\/apuntesdesanluis.com\/index.php\/2024\/08\/28\/la-asamblea-legislativa-designara-a-belgrano-rawson-como-defensor-del-pueblo\/\"},\"wordCount\":190,\"publisher\":{\"@id\":\"https:\/\/apuntesdesanluis.com\/#\/schema\/person\/b55151d52296fcce64d1a72538a70b90\"},\"image\":{\"@id\":\"https:\/\/apuntesdesanluis.com\/index.php\/2024\/08\/28\/la-asamblea-legislativa-designara-a-belgrano-rawson-como-defensor-del-pueblo\/#primaryimage\"},\"thumbnailUrl\":\"https:\/\/apuntesdesanluis.com\/wp-content\/uploads\/2024\/08\/legislatura.png\",\"articleSection\":[\"Ciudad\/Provincia\"],\"inLanguage\":\"es-AR\"},{\"@type\":\"WebPage\",\"@id\":\"https:\/\/apuntesdesanluis.com\/index.php\/2024\/08\/28\/la-asamblea-legislativa-designara-a-belgrano-rawson-como-defensor-del-pueblo\/\",\"url\":\"https:\/\/apuntesdesanluis.com\/index.php\/2024\/08\/28\/la-asamblea-legislativa-designara-a-belgrano-rawson-como-defensor-del-pueblo\/\",\"name\":\"SE RE\u00daNE LA ASAMBLEA LEGISLATIVA PARA DESIGNAR A BELGRANO RAWSON COMO DEFENSOR DEL PUEBLO - Apuntes de San Luis\",\"isPartOf\":{\"@id\":\"https:\/\/apuntesdesanluis.com\/#website\"},\"primaryImageOfPage\":{\"@id\":\"https:\/\/apuntesdesanluis.com\/index.php\/2024\/08\/28\/la-asamblea-legislativa-designara-a-belgrano-rawson-como-defensor-del-pueblo\/#primaryimage\"},\"image\":{\"@id\":\"https:\/\/apuntesdesanluis.com\/index.php\/2024\/08\/28\/la-asamblea-legislativa-designara-a-belgrano-rawson-como-defensor-del-pueblo\/#primaryimage\"},\"thumbnailUrl\":\"https:\/\/apuntesdesanluis.com\/wp-content\/uploads\/2024\/08\/legislatura.png\",\"datePublished\":\"2024-08-29T00:10:59+00:00\",\"dateModified\":\"2024-08-29T00:17:24+00:00\",\"breadcrumb\":{\"@id\":\"https:\/\/apuntesdesanluis.com\/index.php\/2024\/08\/28\/la-asamblea-legislativa-designara-a-belgrano-rawson-como-defensor-del-pueblo\/#breadcrumb\"},\"inLanguage\":\"es-AR\",\"potentialAction\":[{\"@type\":\"ReadAction\",\"target\":[\"https:\/\/apuntesdesanluis.com\/index.php\/2024\/08\/28\/la-asamblea-legislativa-designara-a-belgrano-rawson-como-defensor-del-pueblo\/\"]}]},{\"@type\":\"ImageObject\",\"inLanguage\":\"es-AR\",\"@id\":\"https:\/\/apuntesdesanluis.com\/index.php\/2024\/08\/28\/la-asamblea-legislativa-designara-a-belgrano-rawson-como-defensor-del-pueblo\/#primaryimage\",\"url\":\"https:\/\/apuntesdesanluis.com\/wp-content\/uploads\/2024\/08\/legislatura.png\",\"contentUrl\":\"https:\/\/apuntesdesanluis.com\/wp-content\/uploads\/2024\/08\/legislatura.png\",\"width\":532,\"height\":270},{\"@type\":\"BreadcrumbList\",\"@id\":\"https:\/\/apuntesdesanluis.com\/index.php\/2024\/08\/28\/la-asamblea-legislativa-designara-a-belgrano-rawson-como-defensor-del-pueblo\/#breadcrumb\",\"itemListElement\":[{\"@type\":\"ListItem\",\"position\":1,\"name\":\"Inicio\",\"item\":\"https:\/\/apuntesdesanluis.com\/\"},{\"@type\":\"ListItem\",\"position\":2,\"name\":\"SE RE\u00daNE LA ASAMBLEA LEGISLATIVA PARA DESIGNAR A BELGRANO RAWSON COMO DEFENSOR DEL PUEBLO\"}]},{\"@type\":\"WebSite\",\"@id\":\"https:\/\/apuntesdesanluis.com\/#website\",\"url\":\"https:\/\/apuntesdesanluis.com\/\",\"name\":\"Apuntes de San Luis\",\"description\":\"\",\"publisher\":{\"@id\":\"https:\/\/apuntesdesanluis.com\/#\/schema\/person\/b55151d52296fcce64d1a72538a70b90\"},\"potentialAction\":[{\"@type\":\"SearchAction\",\"target\":{\"@type\":\"EntryPoint\",\"urlTemplate\":\"https:\/\/apuntesdesanluis.com\/?s={search_term_string}\"},\"query-input\":{\"@type\":\"PropertyValueSpecification\",\"valueRequired\":true,\"valueName\":\"search_term_string\"}}],\"inLanguage\":\"es-AR\"},{\"@type\":[\"Person\",\"Organization\"],\"@id\":\"https:\/\/apuntesdesanluis.com\/#\/schema\/person\/b55151d52296fcce64d1a72538a70b90\",\"name\":\"apuntesdesanluis.com\",\"image\":{\"@type\":\"ImageObject\",\"inLanguage\":\"es-AR\",\"@id\":\"https:\/\/apuntesdesanluis.com\/#\/schema\/person\/image\/\",\"url\":\"https:\/\/apuntesdesanluis.com\/wp-content\/uploads\/2023\/07\/cropped-apuntesdesanluis.png\",\"contentUrl\":\"https:\/\/apuntesdesanluis.com\/wp-content\/uploads\/2023\/07\/cropped-apuntesdesanluis.png\",\"width\":450,\"height\":112,\"caption\":\"apuntesdesanluis.com\"},\"logo\":{\"@id\":\"https:\/\/apuntesdesanluis.com\/#\/schema\/person\/image\/\"},\"sameAs\":[\"https:\/\/apuntesdesanluis.com\"],\"url\":\"https:\/\/apuntesdesanluis.com\/index.php\/author\/apuntesdesanluis-com\/\"}]}<\/script>\n<!-- \/ Yoast SEO plugin. -->","yoast_head_json":{"title":"SE RE\u00daNE LA ASAMBLEA LEGISLATIVA PARA DESIGNAR A BELGRANO RAWSON COMO DEFENSOR DEL PUEBLO - Apuntes de San Luis","robots":{"index":"index","follow":"follow","max-snippet":"max-snippet:-1","max-image-preview":"max-image-preview:large","max-video-preview":"max-video-preview:-1"},"canonical":"https:\/\/apuntesdesanluis.com\/index.php\/2024\/08\/28\/la-asamblea-legislativa-designara-a-belgrano-rawson-como-defensor-del-pueblo\/","og_locale":"es_ES","og_type":"article","og_title":"SE RE\u00daNE LA ASAMBLEA LEGISLATIVA PARA DESIGNAR A BELGRANO RAWSON COMO DEFENSOR DEL PUEBLO - Apuntes de San Luis","og_description":"Este jueves se constituye la Asamblea Legislativa para realizar la audiencia p\u00fablica y proceder a...","og_url":"https:\/\/apuntesdesanluis.com\/index.php\/2024\/08\/28\/la-asamblea-legislativa-designara-a-belgrano-rawson-como-defensor-del-pueblo\/","og_site_name":"Apuntes de San Luis","article_published_time":"2024-08-29T00:10:59+00:00","article_modified_time":"2024-08-29T00:17:24+00:00","og_image":[{"width":532,"height":270,"url":"https:\/\/apuntesdesanluis.com\/wp-content\/uploads\/2024\/08\/legislatura.png","type":"image\/png"}],"author":"apuntesdesanluis.com","twitter_card":"summary_large_image","twitter_misc":{"Escrito por":"apuntesdesanluis.com","Tiempo de lectura":"2 minutos"},"schema":{"@context":"https:\/\/schema.org","@graph":[{"@type":"Article","@id":"https:\/\/apuntesdesanluis.com\/index.php\/2024\/08\/28\/la-asamblea-legislativa-designara-a-belgrano-rawson-como-defensor-del-pueblo\/#article","isPartOf":{"@id":"https:\/\/apuntesdesanluis.com\/index.php\/2024\/08\/28\/la-asamblea-legislativa-designara-a-belgrano-rawson-como-defensor-del-pueblo\/"},"author":{"name":"apuntesdesanluis.com","@id":"https:\/\/apuntesdesanluis.com\/#\/schema\/person\/b55151d52296fcce64d1a72538a70b90"},"headline":"SE RE\u00daNE LA ASAMBLEA LEGISLATIVA PARA DESIGNAR A BELGRANO RAWSON COMO DEFENSOR DEL PUEBLO","datePublished":"2024-08-29T00:10:59+00:00","dateModified":"2024-08-29T00:17:24+00:00","mainEntityOfPage":{"@id":"https:\/\/apuntesdesanluis.com\/index.php\/2024\/08\/28\/la-asamblea-legislativa-designara-a-belgrano-rawson-como-defensor-del-pueblo\/"},"wordCount":190,"publisher":{"@id":"https:\/\/apuntesdesanluis.com\/#\/schema\/person\/b55151d52296fcce64d1a72538a70b90"},"image":{"@id":"https:\/\/apuntesdesanluis.com\/index.php\/2024\/08\/28\/la-asamblea-legislativa-designara-a-belgrano-rawson-como-defensor-del-pueblo\/#primaryimage"},"thumbnailUrl":"https:\/\/apuntesdesanluis.com\/wp-content\/uploads\/2024\/08\/legislatura.png","articleSection":["Ciudad\/Provincia"],"inLanguage":"es-AR"},{"@type":"WebPage","@id":"https:\/\/apuntesdesanluis.com\/index.php\/2024\/08\/28\/la-asamblea-legislativa-designara-a-belgrano-rawson-como-defensor-del-pueblo\/","url":"https:\/\/apuntesdesanluis.com\/index.php\/2024\/08\/28\/la-asamblea-legislativa-designara-a-belgrano-rawson-como-defensor-del-pueblo\/","name":"SE RE\u00daNE LA ASAMBLEA LEGISLATIVA PARA DESIGNAR A BELGRANO RAWSON COMO DEFENSOR DEL PUEBLO - Apuntes de San Luis","isPartOf":{"@id":"https:\/\/apuntesdesanluis.com\/#website"},"primaryImageOfPage":{"@id":"https:\/\/apuntesdesanluis.com\/index.php\/2024\/08\/28\/la-asamblea-legislativa-designara-a-belgrano-rawson-como-defensor-del-pueblo\/#primaryimage"},"image":{"@id":"https:\/\/apuntesdesanluis.com\/index.php\/2024\/08\/28\/la-asamblea-legislativa-designara-a-belgrano-rawson-como-defensor-del-pueblo\/#primaryimage"},"thumbnailUrl":"https:\/\/apuntesdesanluis.com\/wp-content\/uploads\/2024\/08\/legislatura.png","datePublished":"2024-08-29T00:10:59+00:00","dateModified":"2024-08-29T00:17:24+00:00","breadcrumb":{"@id":"https:\/\/apuntesdesanluis.com\/index.php\/2024\/08\/28\/la-asamblea-legislativa-designara-a-belgrano-rawson-como-defensor-del-pueblo\/#breadcrumb"},"inLanguage":"es-AR","potentialAction":[{"@type":"ReadAction","target":["https:\/\/apuntesdesanluis.com\/index.php\/2024\/08\/28\/la-asamblea-legislativa-designara-a-belgrano-rawson-como-defensor-del-pueblo\/"]}]},{"@type":"ImageObject","inLanguage":"es-AR","@id":"https:\/\/apuntesdesanluis.com\/index.php\/2024\/08\/28\/la-asamblea-legislativa-designara-a-belgrano-rawson-como-defensor-del-pueblo\/#primaryimage","url":"https:\/\/apuntesdesanluis.com\/wp-content\/uploads\/2024\/08\/legislatura.png","contentUrl":"https:\/\/apuntesdesanluis.com\/wp-content\/uploads\/2024\/08\/legislatura.png","width":532,"height":270},{"@type":"BreadcrumbList","@id":"https:\/\/apuntesdesanluis.com\/index.php\/2024\/08\/28\/la-asamblea-legislativa-designara-a-belgrano-rawson-como-defensor-del-pueblo\/#breadcrumb","itemListElement":[{"@type":"ListItem","position":1,"name":"Inicio","item":"https:\/\/apuntesdesanluis.com\/"},{"@type":"ListItem","position":2,"name":"SE RE\u00daNE LA ASAMBLEA LEGISLATIVA PARA DESIGNAR A BELGRANO RAWSON COMO DEFENSOR DEL PUEBLO"}]},{"@type":"WebSite","@id":"https:\/\/apuntesdesanluis.com\/#website","url":"https:\/\/apuntesdesanluis.com\/","name":"Apuntes de San Luis","description":"","publisher":{"@id":"https:\/\/apuntesdesanluis.com\/#\/schema\/person\/b55151d52296fcce64d1a72538a70b90"},"potentialAction":[{"@type":"SearchAction","target":{"@type":"EntryPoint","urlTemplate":"https:\/\/apuntesdesanluis.com\/?s={search_term_string}"},"query-input":{"@type":"PropertyValueSpecification","valueRequired":true,"valueName":"search_term_string"}}],"inLanguage":"es-AR"},{"@type":["Person","Organization"],"@id":"https:\/\/apuntesdesanluis.com\/#\/schema\/person\/b55151d52296fcce64d1a72538a70b90","name":"apuntesdesanluis.com","image":{"@type":"ImageObject","inLanguage":"es-AR","@id":"https:\/\/apuntesdesanluis.com\/#\/schema\/person\/image\/","url":"https:\/\/apuntesdesanluis.com\/wp-content\/uploads\/2023\/07\/cropped-apuntesdesanluis.png","contentUrl":"https:\/\/apuntesdesanluis.com\/wp-content\/uploads\/2023\/07\/cropped-apuntesdesanluis.png","width":450,"height":112,"caption":"apuntesdesanluis.com"},"logo":{"@id":"https:\/\/apuntesdesanluis.com\/#\/schema\/person\/image\/"},"sameAs":["https:\/\/apuntesdesanluis.com"],"url":"https:\/\/apuntesdesanluis.com\/index.php\/author\/apuntesdesanluis-com\/"}]}},"featured_image_urls":{"full":["https:\/\/apuntesdesanluis.com\/wp-content\/uploads\/2024\/08\/legislatura.png",532,270,false],"thumbnail":["https:\/\/apuntesdesanluis.com\/wp-content\/uploads\/2024\/08\/legislatura-150x150.png",150,150,true],"medium":["https:\/\/apuntesdesanluis.com\/wp-content\/uploads\/2024\/08\/legislatura-300x152.png",300,152,true],"medium_large":["https:\/\/apuntesdesanluis.com\/wp-content\/uploads\/2024\/08\/legislatura.png",532,270,false],"large":["https:\/\/apuntesdesanluis.com\/wp-content\/uploads\/2024\/08\/legislatura.png",532,270,false],"1536x1536":["https:\/\/apuntesdesanluis.com\/wp-content\/uploads\/2024\/08\/legislatura.png",532,270,false],"2048x2048":["https:\/\/apuntesdesanluis.com\/wp-content\/uploads\/2024\/08\/legislatura.png",532,270,false],"newsever-slider-full":["https:\/\/apuntesdesanluis.com\/wp-content\/uploads\/2024\/08\/legislatura.png",532,270,false],"newsever-featured":["https:\/\/apuntesdesanluis.com\/wp-content\/uploads\/2024\/08\/legislatura.png",532,270,false],"newsever-medium":["https:\/\/apuntesdesanluis.com\/wp-content\/uploads\/2024\/08\/legislatura.png",532,270,false]},"author_info":{"display_name":"apuntesdesanluis.com","author_link":"https:\/\/apuntesdesanluis.com\/index.php\/author\/apuntesdesanluis-com\/"},"category_info":"<a href=\"https:\/\/apuntesdesanluis.com\/index.php\/category\/ciudad-provincia\/\" rel=\"category tag\">Ciudad\/Provincia<\/a>","tag_info":"Ciudad\/Provincia","comment_count":"0","_links":{"self":[{"href":"https:\/\/apuntesdesanluis.com\/index.php\/wp-json\/wp\/v2\/posts\/21403","targetHints":{"allow":["GET"]}}],"collection":[{"href":"https:\/\/apuntesdesanluis.com\/index.php\/wp-json\/wp\/v2\/posts"}],"about":[{"href":"https:\/\/apuntesdesanluis.com\/index.php\/wp-json\/wp\/v2\/types\/post"}],"author":[{"embeddable":true,"href":"https:\/\/apuntesdesanluis.com\/index.php\/wp-json\/wp\/v2\/users\/1"}],"replies":[{"embeddable":true,"href":"https:\/\/apuntesdesanluis.com\/index.php\/wp-json\/wp\/v2\/comments?post=21403"}],"version-history":[{"count":8,"href":"https:\/\/apuntesdesanluis.com\/index.php\/wp-json\/wp\/v2\/posts\/21403\/revisions"}],"predecessor-version":[{"id":21468,"href":"https:\/\/apuntesdesanluis.com\/index.php\/wp-json\/wp\/v2\/posts\/21403\/revisions\/21468"}],"wp:featuredmedia":[{"embeddable":true,"href":"https:\/\/apuntesdesanluis.com\/index.php\/wp-json\/wp\/v2\/media\/21467"}],"wp:attachment":[{"href":"https:\/\/apuntesdesanluis.com\/index.php\/wp-json\/wp\/v2\/media?parent=21403"}],"wp:term":[{"taxonomy":"category","embeddable":true,"href":"https:\/\/apuntesdesanluis.com\/index.php\/wp-json\/wp\/v2\/categories?post=21403"},{"taxonomy":"post_tag","embeddable":true,"href":"https:\/\/apuntesdesanluis.com\/index.php\/wp-json\/wp\/v2\/tags?post=21403"}],"curies":[{"name":"wp","href":"https:\/\/api.w.org\/{rel}","templated":true}]}}