{"id":21427,"date":"2024-08-28T00:13:43","date_gmt":"2024-08-28T03:13:43","guid":{"rendered":"https:\/\/apuntesdesanluis.com\/?p=21427"},"modified":"2024-08-28T00:13:43","modified_gmt":"2024-08-28T03:13:43","slug":"victoria-villarruel-reabriremos-todas-las-causas-de-victimas-del-terrorismo","status":"publish","type":"post","link":"https:\/\/apuntesdesanluis.com\/index.php\/2024\/08\/28\/victoria-villarruel-reabriremos-todas-las-causas-de-victimas-del-terrorismo\/","title":{"rendered":"VICTORIA VILLARRUEL: \u201cREABRIREMOS TODAS LAS CAUSAS DE V\u00cdCTIMAS DEL TERRORISMO\u201d"},"content":{"rendered":"<h3>La vicepresidente y titular del Senado, <strong>Victoria Villarruel<\/strong>, encabez\u00f3 este martes un acto de conmemoraci\u00f3n de las \u201cv\u00edctimas del terrorismo\u201d y comunic\u00f3 que impulsar\u00e1 -no se conoce el m\u00e9todo para dicho objetivo- la reapertura de todas las causas que involucren cr\u00edmenes cometidos por grupos civiles que, durante la d\u00e9cada del setenta, hayan promovido la lucha pol\u00edtica armada.<\/h3>\n<h3>\u201cLos Montoneros tienen que estar presos respondiendo por ensangrentar nuestra Naci\u00f3n\u201d, se\u00f1al\u00f3 la funcionaria de La Libertad Avanza, mientras que el oficialismo contin\u00faa sin encontrar una soluci\u00f3n al esc\u00e1ndalo por la visita de diputados a represores condenados por delitos de lesa humanidad.<\/h3>\n<h3>El acto se llev\u00f3 acabo en el Sal\u00f3n Azul de la c\u00e1mara alta. All\u00ed, Villarruel ratific\u00f3 su posici\u00f3n, conocida, respecto de los acontecimientos hist\u00f3ricos que se vivieron hace casi medio siglo en la Argentina. \u201c\u00c9sta ha sido la lucha m\u00e1s importante de mi vida\u201d, manifest\u00f3 la vicepresidenta. Y agreg\u00f3: \u201cNo ser\u00eda la misma persona hoy si no hubiese persistido en esta batalla tan desigual contra lo m\u00e1s oscuro de la maldad humana.<\/h3>\n<h3>Seg\u00fan la titular de la C\u00e1mara alta, tiene que ser \u201cla justicia la que haga lo que debi\u00f3 hacer hace m\u00e1s de 20 a\u00f1os\u201d. En esa l\u00ednea, destac\u00f3: \u201cS\u00f3lo con los asesinos en las c\u00e1rceles podremos, en la unidad y el deber cumplidos, poner a la Argentina de pie\u201d.<\/h3>\n<h3>\u201cArgentina merece no ser un nido de impunidad, y para ello hace falta que construyamos los cimientos que derrumben la injusticia\u201d, asegur\u00f3 Villarruel. Minutos antes, lanz\u00f3: \u201cParec\u00eda ut\u00f3pico que hubiera resquicios de la luz de la verdad. En la muralla de la oscuridad pestilente que construy\u00f3 el kirchnerismo sobre la d\u00e9cada m\u00e1s dolorosa de nuestra historia. Era francamente peligroso denunciar los cr\u00edmenes de las protegidas de N\u00e9stor y Cristina Kirchner\u201d.<\/h3>\n<p><img fetchpriority=\"high\" decoding=\"async\" class=\"wp-image-21429 aligncenter\" src=\"https:\/\/apuntesdesanluis.com\/wp-content\/uploads\/2024\/08\/senado-2-300x166.png\" alt=\"\" width=\"649\" height=\"359\" srcset=\"https:\/\/apuntesdesanluis.com\/wp-content\/uploads\/2024\/08\/senado-2-300x166.png 300w, https:\/\/apuntesdesanluis.com\/wp-content\/uploads\/2024\/08\/senado-2-768x424.png 768w, https:\/\/apuntesdesanluis.com\/wp-content\/uploads\/2024\/08\/senado-2.png 797w\" sizes=\"(max-width: 649px) 100vw, 649px\" \/><\/p>\n<h3>La vicepresidenta tambi\u00e9n dijo, en ese sentido, que ella y otras pocas personas fueron \u201cunas peque\u00f1as David frente al Goliat, que ten\u00eda todo el poder estatal para garantizarse su impunidad, reescribir nuestra historia y enriquecerse los bolsillos con el dolor de todos los argentinos\u201d.<\/h3>\n<h3>Tras esa frase, Villarruel asever\u00f3: \u201cPor eso perm\u00edtanme mirar atr\u00e1s con orgullo por haber desafiado la historia oficial y hacerlo en nombre de los inocentes a los que les arrancaron la vida y el recuerdo. Porque hasta de eso les quitaron el derecho, a ser recordados y amados por el resto del pueblo\u201d.<\/h3>\n<h3>En otro tramo de su discurso, la vicepresidenta enfatiz\u00f3: \u201cHace m\u00e1s de cuatro d\u00e9cadas, grupos terroristas asesinaron, pusieron bombas, secuestraron, lastimaron y aterrorizaron a miles de argentinos, extranjeros, adultos y ni\u00f1os, peronistas, radicales, personas apol\u00edticas, civiles, uniformados, gente pudiente y muy humilde a la que usaron de excusa para lograr la disoluci\u00f3n nacional, la desuni\u00f3n entre los argentinos y que flameara un trapo rojo ajeno a nuestras costumbres tradicionales a lo que la Patria argentina es, fue y ser\u00e1\u201d.<\/h3>\n<h3>Villarruel adem\u00e1s inform\u00f3 que \u201c17.380 personas fueron salvajemente agredidas, pero a\u00fan m\u00e1s cruelmente olvidadas para que sus asesinos, sus victimarios vivieran tranquilos al amparo de una clase pol\u00edtica que los protegi\u00f3 y les garantiz\u00f3 nunca pisar una c\u00e1rcel pese a la sangre inocente que derramaron\u201d.<\/h3>\n<h3>El acto se dio en el marco del \u201cD\u00eda Internacional de la Conmemoraci\u00f3n a las V\u00edctimas del Terrorismo\u201d. \u201cPor primera vez, el sal\u00f3n Azul del Senado de la Naci\u00f3n ser\u00e1 escenario de una actividad que permitir\u00e1 develar hechos que durante d\u00e9cadas una parte de la pol\u00edtica ha querido esconder y que nos ha dejado profundas heridas a los argentinos que todav\u00eda no sanan. Se podr\u00e1n ver y escuchar las consecuencias humanas de los atentados terroristas que se han perpetrado en la Argentina y en otros pa\u00edses\u201d, se comunic\u00f3 de manera oficial.<\/h3>\n<h3>La jornada se inici\u00f3 con las estrofas del himno nacional argentino. Al t\u00e9rmino, se escuch\u00f3 desde el fondo del sal\u00f3n el \u201cviva la patria; \u00a1viva!\u201d. Seguido a ello, se difundi\u00f3 un video con im\u00e1genes de v\u00edctimas de cr\u00edmenes cometidos entre 1969 y 1979, que dejaron -seg\u00fan lo relatado- 1094 personas asesinadas, 2368 heridos y 758 secuestros.<\/h3>\n<h3>Quien primero hizo uso de la palabra fue la directoria del observatorio de Derechos Humanos de la C\u00e1mara alta y ex diputada peronista, Claudia Rucci, hija del ex jefe de la CGT Jos\u00e9 Ignacio Rucci. La funcionaria agradeci\u00f3 a Villarruel y record\u00f3 que el acto va en l\u00ednea con la iniciativa que desde el a\u00f1o de 2017 se realiza a instancias de la Organizaci\u00f3n de las Naciones Unidas (ONU).<\/h3>\n<h3>\u00a0\u201cUn crimen es un crimen, cualquiera sea el pensamiento\u201d, reflexion\u00f3. \u201cLas im\u00e1genes son s\u00f3lo una peque\u00f1a muestra de lo que sufrimos en distintas circunstancias, \u00e9pocas, lugares, pero misma metodolog\u00eda e intenci\u00f3n: promover, a trav\u00e9s del uso sistem\u00e1tico del terror, objetivos pol\u00edticos, militares, religiosos o raciales. Eso es el terrorismo\u201d, puntualiz\u00f3.<\/h3>\n<h3>Rucci luego record\u00f3 que a su padre \u201clo asesin\u00f3 un grupo montonero en plena democracia\u201d y que, cuando regres\u00f3 a la escuela -ten\u00eda nueve a\u00f1os-, \u201cen el auto que nos trasladaba siempre iba en el asiento de atr\u00e1s, en posici\u00f3n fetal\u201d. Eso se repiti\u00f3 durante largos meses.<\/h3>\n<h3>\u201cEl paso del tiempo me hizo entender que eso que sent\u00eda se llamaba terror, estaba aterrorizada que otra tragedia tocara mi vida. Es es el objetivo del terrorismo, generar terror para que sus acciones nos obliguen a sentir terror. Ah\u00ed lo entend\u00ed\u201d, remat\u00f3.<\/h3>\n<h3>Otro disertante fue Luis Czyzewsli, padre de Paola, v\u00edctima del atentado terrorista contra la AMIA, ocurrido el 18 de julio de 1994. \u201cUna de las cosas m\u00e1s perfectas de la humanidad es al alfabeto. Cuando muere un padre, el hijo es un hu\u00e9rfano, pero no tiene para un padre cuando pierde un hijo\u201d, explic\u00f3. \u201cNo hay forma de decir \u2018ten\u00e9s que hacer esto o lo otro\u2019, cada uno lo vive a su manera, carga con esa mochila y sigue adelante como puede\u201d, se sincer\u00f3.<\/h3>\n<h3>Participaron del acto autoridades del Senado, legisladores y el extitular de la SIDE y flamante director de la escuela de inteligencia de dicho organismo,<strong> Juan Bautista Yoffre<\/strong>.<\/h3>\n<p>&nbsp;<\/p>\n<p>&nbsp;<\/p>\n<p>&nbsp;<\/p>\n<p>&nbsp;<\/p>\n<p>&nbsp;<\/p>\n<p>&nbsp;<\/p>\n","protected":false},"excerpt":{"rendered":"<p>La vicepresidente y titular del Senado, Victoria Villarruel, encabez\u00f3 este martes un acto de conmemoraci\u00f3n&#8230;<\/p>\n","protected":false},"author":1,"featured_media":21428,"comment_status":"closed","ping_status":"closed","sticky":false,"template":"","format":"standard","meta":{"footnotes":""},"categories":[5],"tags":[],"class_list":["post-21427","post","type-post","status-publish","format-standard","has-post-thumbnail","hentry","category-nacionales-internacionales"],"yoast_head":"<!-- This site is optimized with the Yoast SEO plugin v26.1.1 - https:\/\/yoast.com\/wordpress\/plugins\/seo\/ -->\n<title>VICTORIA VILLARRUEL: \u201cREABRIREMOS TODAS LAS CAUSAS DE V\u00cdCTIMAS DEL TERRORISMO\u201d - Apuntes de San Luis<\/title>\n<meta name=\"robots\" content=\"index, follow, max-snippet:-1, max-image-preview:large, max-video-preview:-1\" \/>\n<link rel=\"canonical\" href=\"https:\/\/apuntesdesanluis.com\/index.php\/2024\/08\/28\/victoria-villarruel-reabriremos-todas-las-causas-de-victimas-del-terrorismo\/\" \/>\n<meta property=\"og:locale\" content=\"es_ES\" \/>\n<meta property=\"og:type\" content=\"article\" \/>\n<meta property=\"og:title\" content=\"VICTORIA VILLARRUEL: \u201cREABRIREMOS TODAS LAS CAUSAS DE V\u00cdCTIMAS DEL TERRORISMO\u201d - Apuntes de San Luis\" \/>\n<meta property=\"og:description\" content=\"La vicepresidente y titular del Senado, Victoria Villarruel, encabez\u00f3 este martes un acto de conmemoraci\u00f3n...\" \/>\n<meta property=\"og:url\" content=\"https:\/\/apuntesdesanluis.com\/index.php\/2024\/08\/28\/victoria-villarruel-reabriremos-todas-las-causas-de-victimas-del-terrorismo\/\" \/>\n<meta property=\"og:site_name\" content=\"Apuntes de San Luis\" \/>\n<meta property=\"article:published_time\" content=\"2024-08-28T03:13:43+00:00\" \/>\n<meta property=\"og:image\" content=\"https:\/\/apuntesdesanluis.com\/wp-content\/uploads\/2024\/08\/victoria-vilaruel.png\" \/>\n\t<meta property=\"og:image:width\" content=\"818\" \/>\n\t<meta property=\"og:image:height\" content=\"470\" \/>\n\t<meta property=\"og:image:type\" content=\"image\/png\" \/>\n<meta name=\"author\" content=\"apuntesdesanluis.com\" \/>\n<meta name=\"twitter:card\" content=\"summary_large_image\" \/>\n<meta name=\"twitter:label1\" content=\"Escrito por\" \/>\n\t<meta name=\"twitter:data1\" content=\"apuntesdesanluis.com\" \/>\n\t<meta name=\"twitter:label2\" content=\"Tiempo de lectura\" \/>\n\t<meta name=\"twitter:data2\" content=\"5 minutos\" \/>\n<script type=\"application\/ld+json\" class=\"yoast-schema-graph\">{\"@context\":\"https:\/\/schema.org\",\"@graph\":[{\"@type\":\"Article\",\"@id\":\"https:\/\/apuntesdesanluis.com\/index.php\/2024\/08\/28\/victoria-villarruel-reabriremos-todas-las-causas-de-victimas-del-terrorismo\/#article\",\"isPartOf\":{\"@id\":\"https:\/\/apuntesdesanluis.com\/index.php\/2024\/08\/28\/victoria-villarruel-reabriremos-todas-las-causas-de-victimas-del-terrorismo\/\"},\"author\":{\"name\":\"apuntesdesanluis.com\",\"@id\":\"https:\/\/apuntesdesanluis.com\/#\/schema\/person\/b55151d52296fcce64d1a72538a70b90\"},\"headline\":\"VICTORIA VILLARRUEL: \u201cREABRIREMOS TODAS LAS CAUSAS DE V\u00cdCTIMAS DEL TERRORISMO\u201d\",\"datePublished\":\"2024-08-28T03:13:43+00:00\",\"mainEntityOfPage\":{\"@id\":\"https:\/\/apuntesdesanluis.com\/index.php\/2024\/08\/28\/victoria-villarruel-reabriremos-todas-las-causas-de-victimas-del-terrorismo\/\"},\"wordCount\":1069,\"publisher\":{\"@id\":\"https:\/\/apuntesdesanluis.com\/#\/schema\/person\/b55151d52296fcce64d1a72538a70b90\"},\"image\":{\"@id\":\"https:\/\/apuntesdesanluis.com\/index.php\/2024\/08\/28\/victoria-villarruel-reabriremos-todas-las-causas-de-victimas-del-terrorismo\/#primaryimage\"},\"thumbnailUrl\":\"https:\/\/apuntesdesanluis.com\/wp-content\/uploads\/2024\/08\/victoria-vilaruel.png\",\"articleSection\":[\"Nacionales\/Internacionales\"],\"inLanguage\":\"es-AR\"},{\"@type\":\"WebPage\",\"@id\":\"https:\/\/apuntesdesanluis.com\/index.php\/2024\/08\/28\/victoria-villarruel-reabriremos-todas-las-causas-de-victimas-del-terrorismo\/\",\"url\":\"https:\/\/apuntesdesanluis.com\/index.php\/2024\/08\/28\/victoria-villarruel-reabriremos-todas-las-causas-de-victimas-del-terrorismo\/\",\"name\":\"VICTORIA VILLARRUEL: \u201cREABRIREMOS TODAS LAS CAUSAS DE V\u00cdCTIMAS DEL TERRORISMO\u201d - Apuntes de San Luis\",\"isPartOf\":{\"@id\":\"https:\/\/apuntesdesanluis.com\/#website\"},\"primaryImageOfPage\":{\"@id\":\"https:\/\/apuntesdesanluis.com\/index.php\/2024\/08\/28\/victoria-villarruel-reabriremos-todas-las-causas-de-victimas-del-terrorismo\/#primaryimage\"},\"image\":{\"@id\":\"https:\/\/apuntesdesanluis.com\/index.php\/2024\/08\/28\/victoria-villarruel-reabriremos-todas-las-causas-de-victimas-del-terrorismo\/#primaryimage\"},\"thumbnailUrl\":\"https:\/\/apuntesdesanluis.com\/wp-content\/uploads\/2024\/08\/victoria-vilaruel.png\",\"datePublished\":\"2024-08-28T03:13:43+00:00\",\"breadcrumb\":{\"@id\":\"https:\/\/apuntesdesanluis.com\/index.php\/2024\/08\/28\/victoria-villarruel-reabriremos-todas-las-causas-de-victimas-del-terrorismo\/#breadcrumb\"},\"inLanguage\":\"es-AR\",\"potentialAction\":[{\"@type\":\"ReadAction\",\"target\":[\"https:\/\/apuntesdesanluis.com\/index.php\/2024\/08\/28\/victoria-villarruel-reabriremos-todas-las-causas-de-victimas-del-terrorismo\/\"]}]},{\"@type\":\"ImageObject\",\"inLanguage\":\"es-AR\",\"@id\":\"https:\/\/apuntesdesanluis.com\/index.php\/2024\/08\/28\/victoria-villarruel-reabriremos-todas-las-causas-de-victimas-del-terrorismo\/#primaryimage\",\"url\":\"https:\/\/apuntesdesanluis.com\/wp-content\/uploads\/2024\/08\/victoria-vilaruel.png\",\"contentUrl\":\"https:\/\/apuntesdesanluis.com\/wp-content\/uploads\/2024\/08\/victoria-vilaruel.png\",\"width\":818,\"height\":470},{\"@type\":\"BreadcrumbList\",\"@id\":\"https:\/\/apuntesdesanluis.com\/index.php\/2024\/08\/28\/victoria-villarruel-reabriremos-todas-las-causas-de-victimas-del-terrorismo\/#breadcrumb\",\"itemListElement\":[{\"@type\":\"ListItem\",\"position\":1,\"name\":\"Inicio\",\"item\":\"https:\/\/apuntesdesanluis.com\/\"},{\"@type\":\"ListItem\",\"position\":2,\"name\":\"VICTORIA VILLARRUEL: \u201cREABRIREMOS TODAS LAS CAUSAS DE V\u00cdCTIMAS DEL TERRORISMO\u201d\"}]},{\"@type\":\"WebSite\",\"@id\":\"https:\/\/apuntesdesanluis.com\/#website\",\"url\":\"https:\/\/apuntesdesanluis.com\/\",\"name\":\"Apuntes de San Luis\",\"description\":\"\",\"publisher\":{\"@id\":\"https:\/\/apuntesdesanluis.com\/#\/schema\/person\/b55151d52296fcce64d1a72538a70b90\"},\"potentialAction\":[{\"@type\":\"SearchAction\",\"target\":{\"@type\":\"EntryPoint\",\"urlTemplate\":\"https:\/\/apuntesdesanluis.com\/?s={search_term_string}\"},\"query-input\":{\"@type\":\"PropertyValueSpecification\",\"valueRequired\":true,\"valueName\":\"search_term_string\"}}],\"inLanguage\":\"es-AR\"},{\"@type\":[\"Person\",\"Organization\"],\"@id\":\"https:\/\/apuntesdesanluis.com\/#\/schema\/person\/b55151d52296fcce64d1a72538a70b90\",\"name\":\"apuntesdesanluis.com\",\"image\":{\"@type\":\"ImageObject\",\"inLanguage\":\"es-AR\",\"@id\":\"https:\/\/apuntesdesanluis.com\/#\/schema\/person\/image\/\",\"url\":\"https:\/\/apuntesdesanluis.com\/wp-content\/uploads\/2023\/07\/cropped-apuntesdesanluis.png\",\"contentUrl\":\"https:\/\/apuntesdesanluis.com\/wp-content\/uploads\/2023\/07\/cropped-apuntesdesanluis.png\",\"width\":450,\"height\":112,\"caption\":\"apuntesdesanluis.com\"},\"logo\":{\"@id\":\"https:\/\/apuntesdesanluis.com\/#\/schema\/person\/image\/\"},\"sameAs\":[\"https:\/\/apuntesdesanluis.com\"],\"url\":\"https:\/\/apuntesdesanluis.com\/index.php\/author\/apuntesdesanluis-com\/\"}]}<\/script>\n<!-- \/ Yoast SEO plugin. -->","yoast_head_json":{"title":"VICTORIA VILLARRUEL: \u201cREABRIREMOS TODAS LAS CAUSAS DE V\u00cdCTIMAS DEL TERRORISMO\u201d - Apuntes de San Luis","robots":{"index":"index","follow":"follow","max-snippet":"max-snippet:-1","max-image-preview":"max-image-preview:large","max-video-preview":"max-video-preview:-1"},"canonical":"https:\/\/apuntesdesanluis.com\/index.php\/2024\/08\/28\/victoria-villarruel-reabriremos-todas-las-causas-de-victimas-del-terrorismo\/","og_locale":"es_ES","og_type":"article","og_title":"VICTORIA VILLARRUEL: \u201cREABRIREMOS TODAS LAS CAUSAS DE V\u00cdCTIMAS DEL TERRORISMO\u201d - Apuntes de San Luis","og_description":"La vicepresidente y titular del Senado, Victoria Villarruel, encabez\u00f3 este martes un acto de conmemoraci\u00f3n...","og_url":"https:\/\/apuntesdesanluis.com\/index.php\/2024\/08\/28\/victoria-villarruel-reabriremos-todas-las-causas-de-victimas-del-terrorismo\/","og_site_name":"Apuntes de San Luis","article_published_time":"2024-08-28T03:13:43+00:00","og_image":[{"width":818,"height":470,"url":"https:\/\/apuntesdesanluis.com\/wp-content\/uploads\/2024\/08\/victoria-vilaruel.png","type":"image\/png"}],"author":"apuntesdesanluis.com","twitter_card":"summary_large_image","twitter_misc":{"Escrito por":"apuntesdesanluis.com","Tiempo de lectura":"5 minutos"},"schema":{"@context":"https:\/\/schema.org","@graph":[{"@type":"Article","@id":"https:\/\/apuntesdesanluis.com\/index.php\/2024\/08\/28\/victoria-villarruel-reabriremos-todas-las-causas-de-victimas-del-terrorismo\/#article","isPartOf":{"@id":"https:\/\/apuntesdesanluis.com\/index.php\/2024\/08\/28\/victoria-villarruel-reabriremos-todas-las-causas-de-victimas-del-terrorismo\/"},"author":{"name":"apuntesdesanluis.com","@id":"https:\/\/apuntesdesanluis.com\/#\/schema\/person\/b55151d52296fcce64d1a72538a70b90"},"headline":"VICTORIA VILLARRUEL: \u201cREABRIREMOS TODAS LAS CAUSAS DE V\u00cdCTIMAS DEL TERRORISMO\u201d","datePublished":"2024-08-28T03:13:43+00:00","mainEntityOfPage":{"@id":"https:\/\/apuntesdesanluis.com\/index.php\/2024\/08\/28\/victoria-villarruel-reabriremos-todas-las-causas-de-victimas-del-terrorismo\/"},"wordCount":1069,"publisher":{"@id":"https:\/\/apuntesdesanluis.com\/#\/schema\/person\/b55151d52296fcce64d1a72538a70b90"},"image":{"@id":"https:\/\/apuntesdesanluis.com\/index.php\/2024\/08\/28\/victoria-villarruel-reabriremos-todas-las-causas-de-victimas-del-terrorismo\/#primaryimage"},"thumbnailUrl":"https:\/\/apuntesdesanluis.com\/wp-content\/uploads\/2024\/08\/victoria-vilaruel.png","articleSection":["Nacionales\/Internacionales"],"inLanguage":"es-AR"},{"@type":"WebPage","@id":"https:\/\/apuntesdesanluis.com\/index.php\/2024\/08\/28\/victoria-villarruel-reabriremos-todas-las-causas-de-victimas-del-terrorismo\/","url":"https:\/\/apuntesdesanluis.com\/index.php\/2024\/08\/28\/victoria-villarruel-reabriremos-todas-las-causas-de-victimas-del-terrorismo\/","name":"VICTORIA VILLARRUEL: \u201cREABRIREMOS TODAS LAS CAUSAS DE V\u00cdCTIMAS DEL TERRORISMO\u201d - Apuntes de San Luis","isPartOf":{"@id":"https:\/\/apuntesdesanluis.com\/#website"},"primaryImageOfPage":{"@id":"https:\/\/apuntesdesanluis.com\/index.php\/2024\/08\/28\/victoria-villarruel-reabriremos-todas-las-causas-de-victimas-del-terrorismo\/#primaryimage"},"image":{"@id":"https:\/\/apuntesdesanluis.com\/index.php\/2024\/08\/28\/victoria-villarruel-reabriremos-todas-las-causas-de-victimas-del-terrorismo\/#primaryimage"},"thumbnailUrl":"https:\/\/apuntesdesanluis.com\/wp-content\/uploads\/2024\/08\/victoria-vilaruel.png","datePublished":"2024-08-28T03:13:43+00:00","breadcrumb":{"@id":"https:\/\/apuntesdesanluis.com\/index.php\/2024\/08\/28\/victoria-villarruel-reabriremos-todas-las-causas-de-victimas-del-terrorismo\/#breadcrumb"},"inLanguage":"es-AR","potentialAction":[{"@type":"ReadAction","target":["https:\/\/apuntesdesanluis.com\/index.php\/2024\/08\/28\/victoria-villarruel-reabriremos-todas-las-causas-de-victimas-del-terrorismo\/"]}]},{"@type":"ImageObject","inLanguage":"es-AR","@id":"https:\/\/apuntesdesanluis.com\/index.php\/2024\/08\/28\/victoria-villarruel-reabriremos-todas-las-causas-de-victimas-del-terrorismo\/#primaryimage","url":"https:\/\/apuntesdesanluis.com\/wp-content\/uploads\/2024\/08\/victoria-vilaruel.png","contentUrl":"https:\/\/apuntesdesanluis.com\/wp-content\/uploads\/2024\/08\/victoria-vilaruel.png","width":818,"height":470},{"@type":"BreadcrumbList","@id":"https:\/\/apuntesdesanluis.com\/index.php\/2024\/08\/28\/victoria-villarruel-reabriremos-todas-las-causas-de-victimas-del-terrorismo\/#breadcrumb","itemListElement":[{"@type":"ListItem","position":1,"name":"Inicio","item":"https:\/\/apuntesdesanluis.com\/"},{"@type":"ListItem","position":2,"name":"VICTORIA VILLARRUEL: \u201cREABRIREMOS TODAS LAS CAUSAS DE V\u00cdCTIMAS DEL TERRORISMO\u201d"}]},{"@type":"WebSite","@id":"https:\/\/apuntesdesanluis.com\/#website","url":"https:\/\/apuntesdesanluis.com\/","name":"Apuntes de San Luis","description":"","publisher":{"@id":"https:\/\/apuntesdesanluis.com\/#\/schema\/person\/b55151d52296fcce64d1a72538a70b90"},"potentialAction":[{"@type":"SearchAction","target":{"@type":"EntryPoint","urlTemplate":"https:\/\/apuntesdesanluis.com\/?s={search_term_string}"},"query-input":{"@type":"PropertyValueSpecification","valueRequired":true,"valueName":"search_term_string"}}],"inLanguage":"es-AR"},{"@type":["Person","Organization"],"@id":"https:\/\/apuntesdesanluis.com\/#\/schema\/person\/b55151d52296fcce64d1a72538a70b90","name":"apuntesdesanluis.com","image":{"@type":"ImageObject","inLanguage":"es-AR","@id":"https:\/\/apuntesdesanluis.com\/#\/schema\/person\/image\/","url":"https:\/\/apuntesdesanluis.com\/wp-content\/uploads\/2023\/07\/cropped-apuntesdesanluis.png","contentUrl":"https:\/\/apuntesdesanluis.com\/wp-content\/uploads\/2023\/07\/cropped-apuntesdesanluis.png","width":450,"height":112,"caption":"apuntesdesanluis.com"},"logo":{"@id":"https:\/\/apuntesdesanluis.com\/#\/schema\/person\/image\/"},"sameAs":["https:\/\/apuntesdesanluis.com"],"url":"https:\/\/apuntesdesanluis.com\/index.php\/author\/apuntesdesanluis-com\/"}]}},"featured_image_urls":{"full":["https:\/\/apuntesdesanluis.com\/wp-content\/uploads\/2024\/08\/victoria-vilaruel.png",818,470,false],"thumbnail":["https:\/\/apuntesdesanluis.com\/wp-content\/uploads\/2024\/08\/victoria-vilaruel-150x150.png",150,150,true],"medium":["https:\/\/apuntesdesanluis.com\/wp-content\/uploads\/2024\/08\/victoria-vilaruel-300x172.png",300,172,true],"medium_large":["https:\/\/apuntesdesanluis.com\/wp-content\/uploads\/2024\/08\/victoria-vilaruel-768x441.png",640,368,true],"large":["https:\/\/apuntesdesanluis.com\/wp-content\/uploads\/2024\/08\/victoria-vilaruel.png",640,368,false],"1536x1536":["https:\/\/apuntesdesanluis.com\/wp-content\/uploads\/2024\/08\/victoria-vilaruel.png",818,470,false],"2048x2048":["https:\/\/apuntesdesanluis.com\/wp-content\/uploads\/2024\/08\/victoria-vilaruel.png",818,470,false],"newsever-slider-full":["https:\/\/apuntesdesanluis.com\/wp-content\/uploads\/2024\/08\/victoria-vilaruel.png",818,470,false],"newsever-featured":["https:\/\/apuntesdesanluis.com\/wp-content\/uploads\/2024\/08\/victoria-vilaruel.png",818,470,false],"newsever-medium":["https:\/\/apuntesdesanluis.com\/wp-content\/uploads\/2024\/08\/victoria-vilaruel-720x470.png",720,470,true]},"author_info":{"display_name":"apuntesdesanluis.com","author_link":"https:\/\/apuntesdesanluis.com\/index.php\/author\/apuntesdesanluis-com\/"},"category_info":"<a href=\"https:\/\/apuntesdesanluis.com\/index.php\/category\/nacionales-internacionales\/\" rel=\"category tag\">Nacionales\/Internacionales<\/a>","tag_info":"Nacionales\/Internacionales","comment_count":"0","_links":{"self":[{"href":"https:\/\/apuntesdesanluis.com\/index.php\/wp-json\/wp\/v2\/posts\/21427","targetHints":{"allow":["GET"]}}],"collection":[{"href":"https:\/\/apuntesdesanluis.com\/index.php\/wp-json\/wp\/v2\/posts"}],"about":[{"href":"https:\/\/apuntesdesanluis.com\/index.php\/wp-json\/wp\/v2\/types\/post"}],"author":[{"embeddable":true,"href":"https:\/\/apuntesdesanluis.com\/index.php\/wp-json\/wp\/v2\/users\/1"}],"replies":[{"embeddable":true,"href":"https:\/\/apuntesdesanluis.com\/index.php\/wp-json\/wp\/v2\/comments?post=21427"}],"version-history":[{"count":1,"href":"https:\/\/apuntesdesanluis.com\/index.php\/wp-json\/wp\/v2\/posts\/21427\/revisions"}],"predecessor-version":[{"id":21430,"href":"https:\/\/apuntesdesanluis.com\/index.php\/wp-json\/wp\/v2\/posts\/21427\/revisions\/21430"}],"wp:featuredmedia":[{"embeddable":true,"href":"https:\/\/apuntesdesanluis.com\/index.php\/wp-json\/wp\/v2\/media\/21428"}],"wp:attachment":[{"href":"https:\/\/apuntesdesanluis.com\/index.php\/wp-json\/wp\/v2\/media?parent=21427"}],"wp:term":[{"taxonomy":"category","embeddable":true,"href":"https:\/\/apuntesdesanluis.com\/index.php\/wp-json\/wp\/v2\/categories?post=21427"},{"taxonomy":"post_tag","embeddable":true,"href":"https:\/\/apuntesdesanluis.com\/index.php\/wp-json\/wp\/v2\/tags?post=21427"}],"curies":[{"name":"wp","href":"https:\/\/api.w.org\/{rel}","templated":true}]}}