{"id":2143,"date":"2023-08-26T20:26:14","date_gmt":"2023-08-26T23:26:14","guid":{"rendered":"https:\/\/apuntesdesanluis.com\/?p=2143"},"modified":"2023-08-26T20:29:01","modified_gmt":"2023-08-26T23:29:01","slug":"la-politica-en-la-era-de-la-inteligencia-artificial","status":"publish","type":"post","link":"https:\/\/apuntesdesanluis.com\/index.php\/2023\/08\/26\/la-politica-en-la-era-de-la-inteligencia-artificial\/","title":{"rendered":"LA POL\u00cdTICA EN LA ERA DE LA INTELIGENCIA ARTIFICIAL"},"content":{"rendered":"<h3><em>A trav\u00e9s de las redes, Milei lleg\u00f3 a las manos de los votantes con solo dos palabras: la casta (\u201cel enemigo\u201d) y la dolarizaci\u00f3n (\u201cla esperanza\u201d), con la figura del le\u00f3n. El resultado no fue \u201cel voto castigo\u201d, sino una campa\u00f1a que comprendi\u00f3 el uso de las nuevas tecnolog\u00edas.<\/em><\/h3>\n<h3>Por <strong><em>Marcos Victorica*<\/em><\/strong><\/h3>\n<p><img fetchpriority=\"high\" decoding=\"async\" class=\"wp-image-2144 aligncenter\" src=\"https:\/\/apuntesdesanluis.com\/wp-content\/uploads\/2023\/08\/marcos-victorica-300x194.png\" alt=\"\" width=\"665\" height=\"430\" srcset=\"https:\/\/apuntesdesanluis.com\/wp-content\/uploads\/2023\/08\/marcos-victorica-300x194.png 300w, https:\/\/apuntesdesanluis.com\/wp-content\/uploads\/2023\/08\/marcos-victorica.png 576w\" sizes=\"(max-width: 665px) 100vw, 665px\" \/><\/p>\n<h3>En 1992, la campa\u00f1a electoral de Bill Clinton instal\u00f3 la frase \u201cEs la econom\u00eda, est\u00fapido\u201d; hoy, observando el resultado inesperado de las PASO podr\u00edamos decir: \u201cEs el medio, est\u00fapido\u201d. Son las redes, y el manejo que hagas de ellas.<\/h3>\n<h3>Marshall McLuhan, un visionario para su \u00e9poca, dijo en 1964 que el medio que utilizamos para dar un mensaje tiene una carga simb\u00f3lica en s\u00ed mismo, \u201cel medio es el mensaje\u201d.<\/h3>\n<h3>Los medios funcionan como una extensi\u00f3n de los sentidos y de la mente.<\/h3>\n<h3>En la actualidad, podemos observarlo con claridad en las redes sociales. Cada plataforma en la que participamos es un reflejo de lo que somos como usuarios y como sujetos pol\u00edticos. La Inteligencia Artificial es mediadora en nuestra capacidad de pensar, porque construimos nuestra visi\u00f3n pol\u00edtica a trav\u00e9s de los dispositivos. Twitter (ahora X), Tik-Tok, Instagram son una s\u00edntesis del mundo social actual.<\/h3>\n<h3>Muchos pol\u00edticos se quedaron estancados en la importancia del contenido que postean en redes, como ocurre en los medios tradicionales, no aprendieron el lenguaje propio de estos nuevos medios. Los usan solo por su capacidad de viralizar, sin ver que detr\u00e1s est\u00e1 la clave para comprender al votante actual: pocos caracteres, impacto visual, mensaje directo. Obama fue el primer pol\u00edtico en entenderlo, al usar las redes sociales de manera masiva como parte de su campa\u00f1a y su comunicaci\u00f3n pol\u00edtica.<\/h3>\n<h3>Las nuevas tecnolog\u00edas eliminan los intermediarios. El emisor habla directamente con el receptor, uno a uno, aunque sean millones a la vez. Esto produce un mensaje libre del filtro de lo \u201cpol\u00edticamente correcto\u201d que act\u00faa como autocensura; no hay una \u201cideolog\u00eda del Twitter\u201d, como s\u00ed en cada medio tradicional. En una din\u00e1mica donde se tiene acceso inmediato a los datos se reducen los m\u00e1rgenes de la ideologizaci\u00f3n de la realidad. Un mismo mensaje logra penetrar en segmentos de toda naturaleza, porque llega directo al usuario en un lenguaje que comprende y utiliza todos los d\u00edas. Adaptarse al ecosistema digital permite ganar elecciones.<\/h3>\n<h3>Trump es otro ejemplo del uso de las nuevas tecnolog\u00edas como medio de comunicaci\u00f3n. \u201cTwitter es el mensaje\u201d, ese fue el secreto. Todas las tardes, mediante Twitter, instalaba la agenda del d\u00eda siguiente por fuera de las tapas de los grandes diarios, sin filtros ideol\u00f3gicos. De la misma manera, en la reciente campa\u00f1a en nuestro pa\u00eds, estamos observando el impacto del cambio en la era comunicacional.<\/h3>\n<h3>En especial, en contextos econ\u00f3micos y sociales de vulnerabilidad, la gente vota donde se siente identificada y a quien le da la esperanza de un cambio total. La hiperinflaci\u00f3n de Alfons\u00edn trajo a un Menem de patillas, traje blanco y tonada riojana; un total outsider. La crisis de las hipotecas en USA trajo a otro, un extra\u00f1o para el partido Republicano, mimetizado con el midwest y denunciando la sociedad Washington-Wall Street. Su mensaje fue \u201cMake america great again\u201d, acompa\u00f1ado del gorrito americano. Cuatro palabras.<\/h3>\n<h3>Milei hizo su campa\u00f1a en las redes, lleg\u00f3 con profundidad a las manos de los votantes con un mensaje de solo dos palabras: la casta -definici\u00f3n del enemigo- y la dolarizaci\u00f3n -la esperanza-, y la figura del le\u00f3n.<\/h3>\n<h3>Mientras que algunos reducen la intenci\u00f3n del votante y la sagacidad de la campa\u00f1a a \u201cvoto castigo\u201d, se les escapa lo m\u00e1s importante, la lectura actualizada de la pol\u00edtica al comprender el mensaje que encierran las nuevas tecnolog\u00edas para la comunicaci\u00f3n.<\/h3>\n<p>&nbsp;<\/p>\n<h4><strong><em>*Economista, emprendedor y escritor.<\/em><\/strong><\/h4>\n<p>&nbsp;<\/p>\n<p>&nbsp;<\/p>\n<p>&nbsp;<\/p>\n","protected":false},"excerpt":{"rendered":"<p>A trav\u00e9s de las redes, Milei lleg\u00f3 a las manos de los votantes con solo&#8230;<\/p>\n","protected":false},"author":1,"featured_media":2145,"comment_status":"closed","ping_status":"closed","sticky":false,"template":"","format":"standard","meta":{"footnotes":""},"categories":[9],"tags":[],"class_list":["post-2143","post","type-post","status-publish","format-standard","has-post-thumbnail","hentry","category-opinion"],"yoast_head":"<!-- This site is optimized with the Yoast SEO plugin v26.1.1 - https:\/\/yoast.com\/wordpress\/plugins\/seo\/ -->\n<title>LA POL\u00cdTICA EN LA ERA DE LA INTELIGENCIA ARTIFICIAL - Apuntes de San Luis<\/title>\n<meta name=\"robots\" content=\"index, follow, max-snippet:-1, max-image-preview:large, max-video-preview:-1\" \/>\n<link rel=\"canonical\" href=\"https:\/\/apuntesdesanluis.com\/index.php\/2023\/08\/26\/la-politica-en-la-era-de-la-inteligencia-artificial\/\" \/>\n<meta property=\"og:locale\" content=\"es_ES\" \/>\n<meta property=\"og:type\" content=\"article\" \/>\n<meta property=\"og:title\" content=\"LA POL\u00cdTICA EN LA ERA DE LA INTELIGENCIA ARTIFICIAL - Apuntes de San Luis\" \/>\n<meta property=\"og:description\" content=\"A trav\u00e9s de las redes, Milei lleg\u00f3 a las manos de los votantes con solo...\" \/>\n<meta property=\"og:url\" content=\"https:\/\/apuntesdesanluis.com\/index.php\/2023\/08\/26\/la-politica-en-la-era-de-la-inteligencia-artificial\/\" \/>\n<meta property=\"og:site_name\" content=\"Apuntes de San Luis\" \/>\n<meta property=\"article:published_time\" content=\"2023-08-26T23:26:14+00:00\" \/>\n<meta property=\"article:modified_time\" content=\"2023-08-26T23:29:01+00:00\" \/>\n<meta property=\"og:image\" content=\"https:\/\/apuntesdesanluis.com\/wp-content\/uploads\/2023\/08\/inteligencia-artificial-y-redes.png\" \/>\n\t<meta property=\"og:image:width\" content=\"742\" \/>\n\t<meta property=\"og:image:height\" content=\"453\" \/>\n\t<meta property=\"og:image:type\" content=\"image\/png\" \/>\n<meta name=\"author\" content=\"apuntesdesanluis.com\" \/>\n<meta name=\"twitter:card\" content=\"summary_large_image\" \/>\n<meta name=\"twitter:label1\" content=\"Escrito por\" \/>\n\t<meta name=\"twitter:data1\" content=\"apuntesdesanluis.com\" \/>\n\t<meta name=\"twitter:label2\" content=\"Tiempo de lectura\" \/>\n\t<meta name=\"twitter:data2\" content=\"4 minutos\" \/>\n<script type=\"application\/ld+json\" class=\"yoast-schema-graph\">{\"@context\":\"https:\/\/schema.org\",\"@graph\":[{\"@type\":\"Article\",\"@id\":\"https:\/\/apuntesdesanluis.com\/index.php\/2023\/08\/26\/la-politica-en-la-era-de-la-inteligencia-artificial\/#article\",\"isPartOf\":{\"@id\":\"https:\/\/apuntesdesanluis.com\/index.php\/2023\/08\/26\/la-politica-en-la-era-de-la-inteligencia-artificial\/\"},\"author\":{\"name\":\"apuntesdesanluis.com\",\"@id\":\"https:\/\/apuntesdesanluis.com\/#\/schema\/person\/b55151d52296fcce64d1a72538a70b90\"},\"headline\":\"LA POL\u00cdTICA EN LA ERA DE LA INTELIGENCIA ARTIFICIAL\",\"datePublished\":\"2023-08-26T23:26:14+00:00\",\"dateModified\":\"2023-08-26T23:29:01+00:00\",\"mainEntityOfPage\":{\"@id\":\"https:\/\/apuntesdesanluis.com\/index.php\/2023\/08\/26\/la-politica-en-la-era-de-la-inteligencia-artificial\/\"},\"wordCount\":675,\"publisher\":{\"@id\":\"https:\/\/apuntesdesanluis.com\/#\/schema\/person\/b55151d52296fcce64d1a72538a70b90\"},\"image\":{\"@id\":\"https:\/\/apuntesdesanluis.com\/index.php\/2023\/08\/26\/la-politica-en-la-era-de-la-inteligencia-artificial\/#primaryimage\"},\"thumbnailUrl\":\"https:\/\/apuntesdesanluis.com\/wp-content\/uploads\/2023\/08\/inteligencia-artificial-y-redes.png\",\"articleSection\":[\"Opini\u00f3n\"],\"inLanguage\":\"es-AR\"},{\"@type\":\"WebPage\",\"@id\":\"https:\/\/apuntesdesanluis.com\/index.php\/2023\/08\/26\/la-politica-en-la-era-de-la-inteligencia-artificial\/\",\"url\":\"https:\/\/apuntesdesanluis.com\/index.php\/2023\/08\/26\/la-politica-en-la-era-de-la-inteligencia-artificial\/\",\"name\":\"LA POL\u00cdTICA EN LA ERA DE LA INTELIGENCIA ARTIFICIAL - Apuntes de San Luis\",\"isPartOf\":{\"@id\":\"https:\/\/apuntesdesanluis.com\/#website\"},\"primaryImageOfPage\":{\"@id\":\"https:\/\/apuntesdesanluis.com\/index.php\/2023\/08\/26\/la-politica-en-la-era-de-la-inteligencia-artificial\/#primaryimage\"},\"image\":{\"@id\":\"https:\/\/apuntesdesanluis.com\/index.php\/2023\/08\/26\/la-politica-en-la-era-de-la-inteligencia-artificial\/#primaryimage\"},\"thumbnailUrl\":\"https:\/\/apuntesdesanluis.com\/wp-content\/uploads\/2023\/08\/inteligencia-artificial-y-redes.png\",\"datePublished\":\"2023-08-26T23:26:14+00:00\",\"dateModified\":\"2023-08-26T23:29:01+00:00\",\"breadcrumb\":{\"@id\":\"https:\/\/apuntesdesanluis.com\/index.php\/2023\/08\/26\/la-politica-en-la-era-de-la-inteligencia-artificial\/#breadcrumb\"},\"inLanguage\":\"es-AR\",\"potentialAction\":[{\"@type\":\"ReadAction\",\"target\":[\"https:\/\/apuntesdesanluis.com\/index.php\/2023\/08\/26\/la-politica-en-la-era-de-la-inteligencia-artificial\/\"]}]},{\"@type\":\"ImageObject\",\"inLanguage\":\"es-AR\",\"@id\":\"https:\/\/apuntesdesanluis.com\/index.php\/2023\/08\/26\/la-politica-en-la-era-de-la-inteligencia-artificial\/#primaryimage\",\"url\":\"https:\/\/apuntesdesanluis.com\/wp-content\/uploads\/2023\/08\/inteligencia-artificial-y-redes.png\",\"contentUrl\":\"https:\/\/apuntesdesanluis.com\/wp-content\/uploads\/2023\/08\/inteligencia-artificial-y-redes.png\",\"width\":742,\"height\":453},{\"@type\":\"BreadcrumbList\",\"@id\":\"https:\/\/apuntesdesanluis.com\/index.php\/2023\/08\/26\/la-politica-en-la-era-de-la-inteligencia-artificial\/#breadcrumb\",\"itemListElement\":[{\"@type\":\"ListItem\",\"position\":1,\"name\":\"Inicio\",\"item\":\"https:\/\/apuntesdesanluis.com\/\"},{\"@type\":\"ListItem\",\"position\":2,\"name\":\"LA POL\u00cdTICA EN LA ERA DE LA INTELIGENCIA ARTIFICIAL\"}]},{\"@type\":\"WebSite\",\"@id\":\"https:\/\/apuntesdesanluis.com\/#website\",\"url\":\"https:\/\/apuntesdesanluis.com\/\",\"name\":\"Apuntes de San Luis\",\"description\":\"\",\"publisher\":{\"@id\":\"https:\/\/apuntesdesanluis.com\/#\/schema\/person\/b55151d52296fcce64d1a72538a70b90\"},\"potentialAction\":[{\"@type\":\"SearchAction\",\"target\":{\"@type\":\"EntryPoint\",\"urlTemplate\":\"https:\/\/apuntesdesanluis.com\/?s={search_term_string}\"},\"query-input\":{\"@type\":\"PropertyValueSpecification\",\"valueRequired\":true,\"valueName\":\"search_term_string\"}}],\"inLanguage\":\"es-AR\"},{\"@type\":[\"Person\",\"Organization\"],\"@id\":\"https:\/\/apuntesdesanluis.com\/#\/schema\/person\/b55151d52296fcce64d1a72538a70b90\",\"name\":\"apuntesdesanluis.com\",\"image\":{\"@type\":\"ImageObject\",\"inLanguage\":\"es-AR\",\"@id\":\"https:\/\/apuntesdesanluis.com\/#\/schema\/person\/image\/\",\"url\":\"https:\/\/apuntesdesanluis.com\/wp-content\/uploads\/2023\/07\/cropped-apuntesdesanluis.png\",\"contentUrl\":\"https:\/\/apuntesdesanluis.com\/wp-content\/uploads\/2023\/07\/cropped-apuntesdesanluis.png\",\"width\":450,\"height\":112,\"caption\":\"apuntesdesanluis.com\"},\"logo\":{\"@id\":\"https:\/\/apuntesdesanluis.com\/#\/schema\/person\/image\/\"},\"sameAs\":[\"https:\/\/apuntesdesanluis.com\"],\"url\":\"https:\/\/apuntesdesanluis.com\/index.php\/author\/apuntesdesanluis-com\/\"}]}<\/script>\n<!-- \/ Yoast SEO plugin. -->","yoast_head_json":{"title":"LA POL\u00cdTICA EN LA ERA DE LA INTELIGENCIA ARTIFICIAL - Apuntes de San Luis","robots":{"index":"index","follow":"follow","max-snippet":"max-snippet:-1","max-image-preview":"max-image-preview:large","max-video-preview":"max-video-preview:-1"},"canonical":"https:\/\/apuntesdesanluis.com\/index.php\/2023\/08\/26\/la-politica-en-la-era-de-la-inteligencia-artificial\/","og_locale":"es_ES","og_type":"article","og_title":"LA POL\u00cdTICA EN LA ERA DE LA INTELIGENCIA ARTIFICIAL - Apuntes de San Luis","og_description":"A trav\u00e9s de las redes, Milei lleg\u00f3 a las manos de los votantes con solo...","og_url":"https:\/\/apuntesdesanluis.com\/index.php\/2023\/08\/26\/la-politica-en-la-era-de-la-inteligencia-artificial\/","og_site_name":"Apuntes de San Luis","article_published_time":"2023-08-26T23:26:14+00:00","article_modified_time":"2023-08-26T23:29:01+00:00","og_image":[{"width":742,"height":453,"url":"https:\/\/apuntesdesanluis.com\/wp-content\/uploads\/2023\/08\/inteligencia-artificial-y-redes.png","type":"image\/png"}],"author":"apuntesdesanluis.com","twitter_card":"summary_large_image","twitter_misc":{"Escrito por":"apuntesdesanluis.com","Tiempo de lectura":"4 minutos"},"schema":{"@context":"https:\/\/schema.org","@graph":[{"@type":"Article","@id":"https:\/\/apuntesdesanluis.com\/index.php\/2023\/08\/26\/la-politica-en-la-era-de-la-inteligencia-artificial\/#article","isPartOf":{"@id":"https:\/\/apuntesdesanluis.com\/index.php\/2023\/08\/26\/la-politica-en-la-era-de-la-inteligencia-artificial\/"},"author":{"name":"apuntesdesanluis.com","@id":"https:\/\/apuntesdesanluis.com\/#\/schema\/person\/b55151d52296fcce64d1a72538a70b90"},"headline":"LA POL\u00cdTICA EN LA ERA DE LA INTELIGENCIA ARTIFICIAL","datePublished":"2023-08-26T23:26:14+00:00","dateModified":"2023-08-26T23:29:01+00:00","mainEntityOfPage":{"@id":"https:\/\/apuntesdesanluis.com\/index.php\/2023\/08\/26\/la-politica-en-la-era-de-la-inteligencia-artificial\/"},"wordCount":675,"publisher":{"@id":"https:\/\/apuntesdesanluis.com\/#\/schema\/person\/b55151d52296fcce64d1a72538a70b90"},"image":{"@id":"https:\/\/apuntesdesanluis.com\/index.php\/2023\/08\/26\/la-politica-en-la-era-de-la-inteligencia-artificial\/#primaryimage"},"thumbnailUrl":"https:\/\/apuntesdesanluis.com\/wp-content\/uploads\/2023\/08\/inteligencia-artificial-y-redes.png","articleSection":["Opini\u00f3n"],"inLanguage":"es-AR"},{"@type":"WebPage","@id":"https:\/\/apuntesdesanluis.com\/index.php\/2023\/08\/26\/la-politica-en-la-era-de-la-inteligencia-artificial\/","url":"https:\/\/apuntesdesanluis.com\/index.php\/2023\/08\/26\/la-politica-en-la-era-de-la-inteligencia-artificial\/","name":"LA POL\u00cdTICA EN LA ERA DE LA INTELIGENCIA ARTIFICIAL - Apuntes de San Luis","isPartOf":{"@id":"https:\/\/apuntesdesanluis.com\/#website"},"primaryImageOfPage":{"@id":"https:\/\/apuntesdesanluis.com\/index.php\/2023\/08\/26\/la-politica-en-la-era-de-la-inteligencia-artificial\/#primaryimage"},"image":{"@id":"https:\/\/apuntesdesanluis.com\/index.php\/2023\/08\/26\/la-politica-en-la-era-de-la-inteligencia-artificial\/#primaryimage"},"thumbnailUrl":"https:\/\/apuntesdesanluis.com\/wp-content\/uploads\/2023\/08\/inteligencia-artificial-y-redes.png","datePublished":"2023-08-26T23:26:14+00:00","dateModified":"2023-08-26T23:29:01+00:00","breadcrumb":{"@id":"https:\/\/apuntesdesanluis.com\/index.php\/2023\/08\/26\/la-politica-en-la-era-de-la-inteligencia-artificial\/#breadcrumb"},"inLanguage":"es-AR","potentialAction":[{"@type":"ReadAction","target":["https:\/\/apuntesdesanluis.com\/index.php\/2023\/08\/26\/la-politica-en-la-era-de-la-inteligencia-artificial\/"]}]},{"@type":"ImageObject","inLanguage":"es-AR","@id":"https:\/\/apuntesdesanluis.com\/index.php\/2023\/08\/26\/la-politica-en-la-era-de-la-inteligencia-artificial\/#primaryimage","url":"https:\/\/apuntesdesanluis.com\/wp-content\/uploads\/2023\/08\/inteligencia-artificial-y-redes.png","contentUrl":"https:\/\/apuntesdesanluis.com\/wp-content\/uploads\/2023\/08\/inteligencia-artificial-y-redes.png","width":742,"height":453},{"@type":"BreadcrumbList","@id":"https:\/\/apuntesdesanluis.com\/index.php\/2023\/08\/26\/la-politica-en-la-era-de-la-inteligencia-artificial\/#breadcrumb","itemListElement":[{"@type":"ListItem","position":1,"name":"Inicio","item":"https:\/\/apuntesdesanluis.com\/"},{"@type":"ListItem","position":2,"name":"LA POL\u00cdTICA EN LA ERA DE LA INTELIGENCIA ARTIFICIAL"}]},{"@type":"WebSite","@id":"https:\/\/apuntesdesanluis.com\/#website","url":"https:\/\/apuntesdesanluis.com\/","name":"Apuntes de San Luis","description":"","publisher":{"@id":"https:\/\/apuntesdesanluis.com\/#\/schema\/person\/b55151d52296fcce64d1a72538a70b90"},"potentialAction":[{"@type":"SearchAction","target":{"@type":"EntryPoint","urlTemplate":"https:\/\/apuntesdesanluis.com\/?s={search_term_string}"},"query-input":{"@type":"PropertyValueSpecification","valueRequired":true,"valueName":"search_term_string"}}],"inLanguage":"es-AR"},{"@type":["Person","Organization"],"@id":"https:\/\/apuntesdesanluis.com\/#\/schema\/person\/b55151d52296fcce64d1a72538a70b90","name":"apuntesdesanluis.com","image":{"@type":"ImageObject","inLanguage":"es-AR","@id":"https:\/\/apuntesdesanluis.com\/#\/schema\/person\/image\/","url":"https:\/\/apuntesdesanluis.com\/wp-content\/uploads\/2023\/07\/cropped-apuntesdesanluis.png","contentUrl":"https:\/\/apuntesdesanluis.com\/wp-content\/uploads\/2023\/07\/cropped-apuntesdesanluis.png","width":450,"height":112,"caption":"apuntesdesanluis.com"},"logo":{"@id":"https:\/\/apuntesdesanluis.com\/#\/schema\/person\/image\/"},"sameAs":["https:\/\/apuntesdesanluis.com"],"url":"https:\/\/apuntesdesanluis.com\/index.php\/author\/apuntesdesanluis-com\/"}]}},"featured_image_urls":{"full":["https:\/\/apuntesdesanluis.com\/wp-content\/uploads\/2023\/08\/inteligencia-artificial-y-redes.png",742,453,false],"thumbnail":["https:\/\/apuntesdesanluis.com\/wp-content\/uploads\/2023\/08\/inteligencia-artificial-y-redes-150x150.png",150,150,true],"medium":["https:\/\/apuntesdesanluis.com\/wp-content\/uploads\/2023\/08\/inteligencia-artificial-y-redes-300x183.png",300,183,true],"medium_large":["https:\/\/apuntesdesanluis.com\/wp-content\/uploads\/2023\/08\/inteligencia-artificial-y-redes.png",640,391,false],"large":["https:\/\/apuntesdesanluis.com\/wp-content\/uploads\/2023\/08\/inteligencia-artificial-y-redes.png",640,391,false],"1536x1536":["https:\/\/apuntesdesanluis.com\/wp-content\/uploads\/2023\/08\/inteligencia-artificial-y-redes.png",742,453,false],"2048x2048":["https:\/\/apuntesdesanluis.com\/wp-content\/uploads\/2023\/08\/inteligencia-artificial-y-redes.png",742,453,false],"newsever-slider-full":["https:\/\/apuntesdesanluis.com\/wp-content\/uploads\/2023\/08\/inteligencia-artificial-y-redes.png",742,453,false],"newsever-featured":["https:\/\/apuntesdesanluis.com\/wp-content\/uploads\/2023\/08\/inteligencia-artificial-y-redes.png",742,453,false],"newsever-medium":["https:\/\/apuntesdesanluis.com\/wp-content\/uploads\/2023\/08\/inteligencia-artificial-y-redes-720x453.png",720,453,true]},"author_info":{"display_name":"apuntesdesanluis.com","author_link":"https:\/\/apuntesdesanluis.com\/index.php\/author\/apuntesdesanluis-com\/"},"category_info":"<a href=\"https:\/\/apuntesdesanluis.com\/index.php\/category\/opinion\/\" rel=\"category tag\">Opini\u00f3n<\/a>","tag_info":"Opini\u00f3n","comment_count":"0","_links":{"self":[{"href":"https:\/\/apuntesdesanluis.com\/index.php\/wp-json\/wp\/v2\/posts\/2143","targetHints":{"allow":["GET"]}}],"collection":[{"href":"https:\/\/apuntesdesanluis.com\/index.php\/wp-json\/wp\/v2\/posts"}],"about":[{"href":"https:\/\/apuntesdesanluis.com\/index.php\/wp-json\/wp\/v2\/types\/post"}],"author":[{"embeddable":true,"href":"https:\/\/apuntesdesanluis.com\/index.php\/wp-json\/wp\/v2\/users\/1"}],"replies":[{"embeddable":true,"href":"https:\/\/apuntesdesanluis.com\/index.php\/wp-json\/wp\/v2\/comments?post=2143"}],"version-history":[{"count":5,"href":"https:\/\/apuntesdesanluis.com\/index.php\/wp-json\/wp\/v2\/posts\/2143\/revisions"}],"predecessor-version":[{"id":2150,"href":"https:\/\/apuntesdesanluis.com\/index.php\/wp-json\/wp\/v2\/posts\/2143\/revisions\/2150"}],"wp:featuredmedia":[{"embeddable":true,"href":"https:\/\/apuntesdesanluis.com\/index.php\/wp-json\/wp\/v2\/media\/2145"}],"wp:attachment":[{"href":"https:\/\/apuntesdesanluis.com\/index.php\/wp-json\/wp\/v2\/media?parent=2143"}],"wp:term":[{"taxonomy":"category","embeddable":true,"href":"https:\/\/apuntesdesanluis.com\/index.php\/wp-json\/wp\/v2\/categories?post=2143"},{"taxonomy":"post_tag","embeddable":true,"href":"https:\/\/apuntesdesanluis.com\/index.php\/wp-json\/wp\/v2\/tags?post=2143"}],"curies":[{"name":"wp","href":"https:\/\/api.w.org\/{rel}","templated":true}]}}