{"id":21431,"date":"2024-08-28T00:36:38","date_gmt":"2024-08-28T03:36:38","guid":{"rendered":"https:\/\/apuntesdesanluis.com\/?p=21431"},"modified":"2024-08-28T00:37:13","modified_gmt":"2024-08-28T03:37:13","slug":"21431","status":"publish","type":"post","link":"https:\/\/apuntesdesanluis.com\/index.php\/2024\/08\/28\/21431\/","title":{"rendered":"INS\u00d3LITO: EL GOBIERNO AFIRM\u00d3 QUE RECHAZA LA DIVERSIDAD DE IDENTIDADES SEXUALES"},"content":{"rendered":"<h3>En una pol\u00e9mica reuni\u00f3n ante diputados, el ministro de Justicia <strong>Mariano C\u00faneo Libarona<\/strong> encima hizo un papel\u00f3n sin advertir que se dej\u00f3 el micr\u00f3fono prendido.<\/h3>\n<h3>El ministro de Justicia intent\u00f3 justificarse ante un colaborador por sus definiciones sobre la identidad de g\u00e9nero que desataron un esc\u00e1ndalo en Diputados.<\/h3>\n<h3>Mariano C\u00faneo Libarona se dej\u00f3 el micr\u00f3fono prendido y le quiso achacar a Javier Milei las palabras que ley\u00f3 en la comisi\u00f3n de Mujeres y Diversidad de Diputados.<\/h3>\n<h3>&#8220;Boludo, esto est\u00e1 textual del discurso de Milei&#8221;, le dijo el ministro de Justicia a Marcelo Ruiz, uno de sus principales colaboradores. Sus palabras quedaron registradas hasta en la transmisi\u00f3n oficial de la reuni\u00f3n.<\/h3>\n<h3>&#8220;Esto est\u00e1 en la Constituci\u00f3n, el Cor\u00e1n, la Biblia, la ciencia y en la naturaleza del ser humano&#8221;, se intent\u00f3 corregir C\u00faneo cuando advirti\u00f3 que lo hab\u00edan escuchado los diputados. Como explic\u00f3 LPO, el ministro de Justicia desat\u00f3 un griter\u00edo luego de decir que el gobierno rechaza &#8220;la diversidad de identidades sexuales que no se alinean con la biolog\u00eda&#8221;.<\/h3>\n<h3>&#8220;Son inventos subjetivos&#8221;, dijo el ministro de Justicia sobre la identidad de g\u00e9nero. Las definiciones causaron el instant\u00e1neo repudio de los diputados presentes en la comisi\u00f3n.<\/h3>\n<p><iframe title=\"C\u00faneo: &quot;Rechazamos la diversidad de identidades sexuales que no se alinean con la biolog\u00eda&quot;\" width=\"640\" height=\"360\" src=\"https:\/\/www.youtube.com\/embed\/R7_xJGcCPAg?feature=oembed\" frameborder=\"0\" allow=\"accelerometer; autoplay; clipboard-write; encrypted-media; gyroscope; picture-in-picture; web-share\" referrerpolicy=\"strict-origin-when-cross-origin\" allowfullscreen><\/iframe><\/p>\n<h3>En una reuni\u00f3n que tuvo algunos momentos de tensi\u00f3n por los gritos de algunas personas que ingresaron invitadas por la bancada oficialista, C\u00faneo Libarona detall\u00f3 qu\u00e9 fue lo que encontr\u00f3 cuando el ex Ministerio qued\u00f3 bajo su \u00f3rbita.<\/h3>\n<h3>En ese sentido, detall\u00f3 que hab\u00eda m\u00e1s de 1.000 empleados, \u201cde los cuales solo 70 trabajaban de forma permanente\u201d, mientras que los 930 restantes operaban a trav\u00e9s de Zoom sin una clara definici\u00f3n de sus funciones ni contratos en orden, muchos de ellos nombrados poco antes del cambio de administraci\u00f3n. Esta estructura \u201cinoperante\u201d contrastaba con las altas cifras de violencia de g\u00e9nero, que lejos de disminuir, hab\u00edan aumentado.<\/h3>\n<h3>En cuanto al uso de los recursos, el ministro se\u00f1al\u00f3 que en 2023 se gastaron 8 mil millones de pesos, sin resultados tangibles en la prevenci\u00f3n y asistencia de las v\u00edctimas. \u201cNo se brindaba acompa\u00f1amiento, asesoramiento adecuado ni atenci\u00f3n psicol\u00f3gica a las v\u00edctimas de violencia\u201d, dijo. Adem\u00e1s, apunt\u00f3 la superposici\u00f3n de tareas: \u201cEn CABA existen 31 organismos que hacen exactamente la misma tarea, desde las Fiscal\u00edas hasta las Procuraciones hasta distintos departamentos del Estado. En el mismo ministerio tambi\u00e9n hab\u00eda superposici\u00f3n de tareas\u201d.<\/h3>\n<h3>Uno de los ejemplos m\u00e1s ilustrativos de la mala gesti\u00f3n fue el programa Menstruar, en el que se adquirieron miles de copas menstruales sin justificar su compra, y el 90% de ellas estaban compradas antes de la creaci\u00f3n del programa. Adem\u00e1s, \u201cnunca se present\u00f3 un informe de gesti\u00f3n sobre el mismo\u201d.<\/h3>\n<h3>En cuanto al uso ineficiente de los fondos, puso como ejemplo un proyecto en la calle Cochabamba, que deb\u00eda albergar a 800 personas: \u201cQued\u00f3 inconcluso en un 56% de su construcci\u00f3n, a pesar de haberse invertido cantidades significativas de dinero\u201d.<\/h3>\n<h3>\u201cEste fue uno de los argumentos que motivaron el cierre del Ministerio de la Mujer, al considerar que no cumpl\u00eda con sus funciones\u201d, concluy\u00f3.<\/h3>\n<h3>A partir de estos \u201challazgos\u201d, el gobierno actual propone un cambio sustancial en la pol\u00edtica de g\u00e9nero. \u201cVamos a respetar las normas pero no vamos a tener organismo que no tengan utilidad como el Ministerio de la Mujer o el INADI\u201d, declar\u00f3 C\u00faneo Libarona. Subray\u00f3 que se alejar\u00e1n de enfoques de g\u00e9nero para priorizar otros valores como la familia.<\/h3>\n<h3>\u201cSe acab\u00f3 s\u00f3lo el g\u00e9nero, nosotros vamos por otros valores, nosotros vamos por la familia. La familia es el centro de la sociedad y la educaci\u00f3n. Los valores familiares tradicionales son el amor, la uni\u00f3n, el trabajo, el estudio, la igualdad ante la ley. Promover los s\u00edmbolos patri\u00f3ticos, respetar y honrar a nuestros pr\u00f3ceres. Esto resulta central para la armon\u00eda y la cohesi\u00f3n social. Nosotros rechazamos la diversidad de identidades sexuales, que no se alinean con la biolog\u00eda, son inventos subjetivos\u201d, dijo.<\/h3>\n<h3>Estas palabras generaron un intercambio con la diputada radical que le recrimin\u00f3 que deje de exponer sus posturas personales. \u201cUsted est\u00e1 obligado a respetar las leyes vigentes. Lo que necesitamos es que usted estudie\u201d, arremeti\u00f3 Carrizo.<\/h3>\n<h3>El ministro luego pas\u00f3 a leer extractos de discursos del presidente Javier Milei, que a su entender resumen la postura del gobierno nacional: \u201cLa violencia debe ser castigada sin importar el g\u00e9nero del destinatario y recalc\u00f3 que el Ministerio de la Mujer representaba un gasto innecesario\u201d.<\/h3>\n<h3>Las palabras de Milei, le\u00eddas por el funcionario, levantaron nuevamente protestas entre los presentes. All\u00ed entra en escena Marcelo Ruiz, uno de los asesores m\u00e1s importantes de C\u00faneo, para hacer un comentario en privado. Sin percibir que todav\u00eda ten\u00eda el micr\u00f3fono encendido, el ministro se justific\u00f3: \u201cNo, boludo, esto est\u00e1 textual del discurso de Milei\u201d.<\/h3>\n<h3>Al momento de las preguntas, el diputado Maximiliano Ferraro lament\u00f3 que al ministro \u201csolo le falt\u00f3 decir que (las identidades sexuales que no se alineen con la biolog\u00eda) est\u00e1n enfermos\u201d.<\/h3>\n<h3>\u201cUsted ha dicho una barbaridad, que desconoce las leyes que han ampliado derechos en los \u00faltimos 15 a\u00f1os en la Argentina\u201d, continu\u00f3 Ferraro y le pregunt\u00f3 qu\u00e9 implica ese \u201crechazo\u201d en t\u00e9rminos de pol\u00edticas p\u00fablicas. Y continu\u00f3: \u201cUsted no puede desconocer, Ministro, que ser gay -como lo soy- lesbiana, travesti, transexual, en los \u00b490, pero tambi\u00e9n en principios de los 2000, y en la actualidad, estuvo siempre asociado a la ignominia, a la discriminaci\u00f3n en nuestras casas, en los \u00e1mbitos laborales, en el \u00e1mbito de la pol\u00edtica, que muchas veces tuvimos que enfrentar asimetr\u00edas en la relaci\u00f3n en t\u00e9rminos de la desigualdad y tambi\u00e9n en el trato, usted no lo puede desconocer. Se lo digo de coraz\u00f3n y con sinceridad, porque usted es la m\u00e1xima autoridad del Ministerio de Justicia y usted ha dicho una barbaridad\u201d.<\/h3>\n<p>&nbsp;<\/p>\n<p>&nbsp;<\/p>\n<p>&nbsp;<\/p>\n<p>&nbsp;<\/p>\n<p>&nbsp;<\/p>\n<p>&nbsp;<\/p>\n","protected":false},"excerpt":{"rendered":"<p>En una pol\u00e9mica reuni\u00f3n ante diputados, el ministro de Justicia Mariano C\u00faneo Libarona encima hizo&#8230;<\/p>\n","protected":false},"author":1,"featured_media":21432,"comment_status":"closed","ping_status":"closed","sticky":false,"template":"","format":"standard","meta":{"footnotes":""},"categories":[5],"tags":[],"class_list":["post-21431","post","type-post","status-publish","format-standard","has-post-thumbnail","hentry","category-nacionales-internacionales"],"yoast_head":"<!-- This site is optimized with the Yoast SEO plugin v26.1.1 - https:\/\/yoast.com\/wordpress\/plugins\/seo\/ -->\n<title>INS\u00d3LITO: EL GOBIERNO AFIRM\u00d3 QUE RECHAZA LA DIVERSIDAD DE IDENTIDADES SEXUALES - Apuntes de San Luis<\/title>\n<meta name=\"robots\" content=\"index, follow, max-snippet:-1, max-image-preview:large, max-video-preview:-1\" \/>\n<link rel=\"canonical\" href=\"https:\/\/apuntesdesanluis.com\/index.php\/2024\/08\/28\/21431\/\" \/>\n<meta property=\"og:locale\" content=\"es_ES\" \/>\n<meta property=\"og:type\" content=\"article\" \/>\n<meta property=\"og:title\" content=\"INS\u00d3LITO: EL GOBIERNO AFIRM\u00d3 QUE RECHAZA LA DIVERSIDAD DE IDENTIDADES SEXUALES - Apuntes de San Luis\" \/>\n<meta property=\"og:description\" content=\"En una pol\u00e9mica reuni\u00f3n ante diputados, el ministro de Justicia Mariano C\u00faneo Libarona encima hizo...\" \/>\n<meta property=\"og:url\" content=\"https:\/\/apuntesdesanluis.com\/index.php\/2024\/08\/28\/21431\/\" \/>\n<meta property=\"og:site_name\" content=\"Apuntes de San Luis\" \/>\n<meta property=\"article:published_time\" content=\"2024-08-28T03:36:38+00:00\" \/>\n<meta property=\"article:modified_time\" content=\"2024-08-28T03:37:13+00:00\" \/>\n<meta property=\"og:image\" content=\"https:\/\/apuntesdesanluis.com\/wp-content\/uploads\/2024\/08\/mariano-cuneo-libarona.png\" \/>\n\t<meta property=\"og:image:width\" content=\"850\" \/>\n\t<meta property=\"og:image:height\" content=\"596\" \/>\n\t<meta property=\"og:image:type\" content=\"image\/png\" \/>\n<meta name=\"author\" content=\"apuntesdesanluis.com\" \/>\n<meta name=\"twitter:card\" content=\"summary_large_image\" \/>\n<meta name=\"twitter:label1\" content=\"Escrito por\" \/>\n\t<meta name=\"twitter:data1\" content=\"apuntesdesanluis.com\" \/>\n\t<meta name=\"twitter:label2\" content=\"Tiempo de lectura\" \/>\n\t<meta name=\"twitter:data2\" content=\"5 minutos\" \/>\n<script type=\"application\/ld+json\" class=\"yoast-schema-graph\">{\"@context\":\"https:\/\/schema.org\",\"@graph\":[{\"@type\":\"Article\",\"@id\":\"https:\/\/apuntesdesanluis.com\/index.php\/2024\/08\/28\/21431\/#article\",\"isPartOf\":{\"@id\":\"https:\/\/apuntesdesanluis.com\/index.php\/2024\/08\/28\/21431\/\"},\"author\":{\"name\":\"apuntesdesanluis.com\",\"@id\":\"https:\/\/apuntesdesanluis.com\/#\/schema\/person\/b55151d52296fcce64d1a72538a70b90\"},\"headline\":\"INS\u00d3LITO: EL GOBIERNO AFIRM\u00d3 QUE RECHAZA LA DIVERSIDAD DE IDENTIDADES SEXUALES\",\"datePublished\":\"2024-08-28T03:36:38+00:00\",\"dateModified\":\"2024-08-28T03:37:13+00:00\",\"mainEntityOfPage\":{\"@id\":\"https:\/\/apuntesdesanluis.com\/index.php\/2024\/08\/28\/21431\/\"},\"wordCount\":1045,\"publisher\":{\"@id\":\"https:\/\/apuntesdesanluis.com\/#\/schema\/person\/b55151d52296fcce64d1a72538a70b90\"},\"image\":{\"@id\":\"https:\/\/apuntesdesanluis.com\/index.php\/2024\/08\/28\/21431\/#primaryimage\"},\"thumbnailUrl\":\"https:\/\/apuntesdesanluis.com\/wp-content\/uploads\/2024\/08\/mariano-cuneo-libarona.png\",\"articleSection\":[\"Nacionales\/Internacionales\"],\"inLanguage\":\"es-AR\"},{\"@type\":\"WebPage\",\"@id\":\"https:\/\/apuntesdesanluis.com\/index.php\/2024\/08\/28\/21431\/\",\"url\":\"https:\/\/apuntesdesanluis.com\/index.php\/2024\/08\/28\/21431\/\",\"name\":\"INS\u00d3LITO: EL GOBIERNO AFIRM\u00d3 QUE RECHAZA LA DIVERSIDAD DE IDENTIDADES SEXUALES - Apuntes de San Luis\",\"isPartOf\":{\"@id\":\"https:\/\/apuntesdesanluis.com\/#website\"},\"primaryImageOfPage\":{\"@id\":\"https:\/\/apuntesdesanluis.com\/index.php\/2024\/08\/28\/21431\/#primaryimage\"},\"image\":{\"@id\":\"https:\/\/apuntesdesanluis.com\/index.php\/2024\/08\/28\/21431\/#primaryimage\"},\"thumbnailUrl\":\"https:\/\/apuntesdesanluis.com\/wp-content\/uploads\/2024\/08\/mariano-cuneo-libarona.png\",\"datePublished\":\"2024-08-28T03:36:38+00:00\",\"dateModified\":\"2024-08-28T03:37:13+00:00\",\"breadcrumb\":{\"@id\":\"https:\/\/apuntesdesanluis.com\/index.php\/2024\/08\/28\/21431\/#breadcrumb\"},\"inLanguage\":\"es-AR\",\"potentialAction\":[{\"@type\":\"ReadAction\",\"target\":[\"https:\/\/apuntesdesanluis.com\/index.php\/2024\/08\/28\/21431\/\"]}]},{\"@type\":\"ImageObject\",\"inLanguage\":\"es-AR\",\"@id\":\"https:\/\/apuntesdesanluis.com\/index.php\/2024\/08\/28\/21431\/#primaryimage\",\"url\":\"https:\/\/apuntesdesanluis.com\/wp-content\/uploads\/2024\/08\/mariano-cuneo-libarona.png\",\"contentUrl\":\"https:\/\/apuntesdesanluis.com\/wp-content\/uploads\/2024\/08\/mariano-cuneo-libarona.png\",\"width\":850,\"height\":596},{\"@type\":\"BreadcrumbList\",\"@id\":\"https:\/\/apuntesdesanluis.com\/index.php\/2024\/08\/28\/21431\/#breadcrumb\",\"itemListElement\":[{\"@type\":\"ListItem\",\"position\":1,\"name\":\"Inicio\",\"item\":\"https:\/\/apuntesdesanluis.com\/\"},{\"@type\":\"ListItem\",\"position\":2,\"name\":\"INS\u00d3LITO: EL GOBIERNO AFIRM\u00d3 QUE RECHAZA LA DIVERSIDAD DE IDENTIDADES SEXUALES\"}]},{\"@type\":\"WebSite\",\"@id\":\"https:\/\/apuntesdesanluis.com\/#website\",\"url\":\"https:\/\/apuntesdesanluis.com\/\",\"name\":\"Apuntes de San Luis\",\"description\":\"\",\"publisher\":{\"@id\":\"https:\/\/apuntesdesanluis.com\/#\/schema\/person\/b55151d52296fcce64d1a72538a70b90\"},\"potentialAction\":[{\"@type\":\"SearchAction\",\"target\":{\"@type\":\"EntryPoint\",\"urlTemplate\":\"https:\/\/apuntesdesanluis.com\/?s={search_term_string}\"},\"query-input\":{\"@type\":\"PropertyValueSpecification\",\"valueRequired\":true,\"valueName\":\"search_term_string\"}}],\"inLanguage\":\"es-AR\"},{\"@type\":[\"Person\",\"Organization\"],\"@id\":\"https:\/\/apuntesdesanluis.com\/#\/schema\/person\/b55151d52296fcce64d1a72538a70b90\",\"name\":\"apuntesdesanluis.com\",\"image\":{\"@type\":\"ImageObject\",\"inLanguage\":\"es-AR\",\"@id\":\"https:\/\/apuntesdesanluis.com\/#\/schema\/person\/image\/\",\"url\":\"https:\/\/apuntesdesanluis.com\/wp-content\/uploads\/2023\/07\/cropped-apuntesdesanluis.png\",\"contentUrl\":\"https:\/\/apuntesdesanluis.com\/wp-content\/uploads\/2023\/07\/cropped-apuntesdesanluis.png\",\"width\":450,\"height\":112,\"caption\":\"apuntesdesanluis.com\"},\"logo\":{\"@id\":\"https:\/\/apuntesdesanluis.com\/#\/schema\/person\/image\/\"},\"sameAs\":[\"https:\/\/apuntesdesanluis.com\"],\"url\":\"https:\/\/apuntesdesanluis.com\/index.php\/author\/apuntesdesanluis-com\/\"}]}<\/script>\n<!-- \/ Yoast SEO plugin. -->","yoast_head_json":{"title":"INS\u00d3LITO: EL GOBIERNO AFIRM\u00d3 QUE RECHAZA LA DIVERSIDAD DE IDENTIDADES SEXUALES - Apuntes de San Luis","robots":{"index":"index","follow":"follow","max-snippet":"max-snippet:-1","max-image-preview":"max-image-preview:large","max-video-preview":"max-video-preview:-1"},"canonical":"https:\/\/apuntesdesanluis.com\/index.php\/2024\/08\/28\/21431\/","og_locale":"es_ES","og_type":"article","og_title":"INS\u00d3LITO: EL GOBIERNO AFIRM\u00d3 QUE RECHAZA LA DIVERSIDAD DE IDENTIDADES SEXUALES - Apuntes de San Luis","og_description":"En una pol\u00e9mica reuni\u00f3n ante diputados, el ministro de Justicia Mariano C\u00faneo Libarona encima hizo...","og_url":"https:\/\/apuntesdesanluis.com\/index.php\/2024\/08\/28\/21431\/","og_site_name":"Apuntes de San Luis","article_published_time":"2024-08-28T03:36:38+00:00","article_modified_time":"2024-08-28T03:37:13+00:00","og_image":[{"width":850,"height":596,"url":"https:\/\/apuntesdesanluis.com\/wp-content\/uploads\/2024\/08\/mariano-cuneo-libarona.png","type":"image\/png"}],"author":"apuntesdesanluis.com","twitter_card":"summary_large_image","twitter_misc":{"Escrito por":"apuntesdesanluis.com","Tiempo de lectura":"5 minutos"},"schema":{"@context":"https:\/\/schema.org","@graph":[{"@type":"Article","@id":"https:\/\/apuntesdesanluis.com\/index.php\/2024\/08\/28\/21431\/#article","isPartOf":{"@id":"https:\/\/apuntesdesanluis.com\/index.php\/2024\/08\/28\/21431\/"},"author":{"name":"apuntesdesanluis.com","@id":"https:\/\/apuntesdesanluis.com\/#\/schema\/person\/b55151d52296fcce64d1a72538a70b90"},"headline":"INS\u00d3LITO: EL GOBIERNO AFIRM\u00d3 QUE RECHAZA LA DIVERSIDAD DE IDENTIDADES SEXUALES","datePublished":"2024-08-28T03:36:38+00:00","dateModified":"2024-08-28T03:37:13+00:00","mainEntityOfPage":{"@id":"https:\/\/apuntesdesanluis.com\/index.php\/2024\/08\/28\/21431\/"},"wordCount":1045,"publisher":{"@id":"https:\/\/apuntesdesanluis.com\/#\/schema\/person\/b55151d52296fcce64d1a72538a70b90"},"image":{"@id":"https:\/\/apuntesdesanluis.com\/index.php\/2024\/08\/28\/21431\/#primaryimage"},"thumbnailUrl":"https:\/\/apuntesdesanluis.com\/wp-content\/uploads\/2024\/08\/mariano-cuneo-libarona.png","articleSection":["Nacionales\/Internacionales"],"inLanguage":"es-AR"},{"@type":"WebPage","@id":"https:\/\/apuntesdesanluis.com\/index.php\/2024\/08\/28\/21431\/","url":"https:\/\/apuntesdesanluis.com\/index.php\/2024\/08\/28\/21431\/","name":"INS\u00d3LITO: EL GOBIERNO AFIRM\u00d3 QUE RECHAZA LA DIVERSIDAD DE IDENTIDADES SEXUALES - Apuntes de San Luis","isPartOf":{"@id":"https:\/\/apuntesdesanluis.com\/#website"},"primaryImageOfPage":{"@id":"https:\/\/apuntesdesanluis.com\/index.php\/2024\/08\/28\/21431\/#primaryimage"},"image":{"@id":"https:\/\/apuntesdesanluis.com\/index.php\/2024\/08\/28\/21431\/#primaryimage"},"thumbnailUrl":"https:\/\/apuntesdesanluis.com\/wp-content\/uploads\/2024\/08\/mariano-cuneo-libarona.png","datePublished":"2024-08-28T03:36:38+00:00","dateModified":"2024-08-28T03:37:13+00:00","breadcrumb":{"@id":"https:\/\/apuntesdesanluis.com\/index.php\/2024\/08\/28\/21431\/#breadcrumb"},"inLanguage":"es-AR","potentialAction":[{"@type":"ReadAction","target":["https:\/\/apuntesdesanluis.com\/index.php\/2024\/08\/28\/21431\/"]}]},{"@type":"ImageObject","inLanguage":"es-AR","@id":"https:\/\/apuntesdesanluis.com\/index.php\/2024\/08\/28\/21431\/#primaryimage","url":"https:\/\/apuntesdesanluis.com\/wp-content\/uploads\/2024\/08\/mariano-cuneo-libarona.png","contentUrl":"https:\/\/apuntesdesanluis.com\/wp-content\/uploads\/2024\/08\/mariano-cuneo-libarona.png","width":850,"height":596},{"@type":"BreadcrumbList","@id":"https:\/\/apuntesdesanluis.com\/index.php\/2024\/08\/28\/21431\/#breadcrumb","itemListElement":[{"@type":"ListItem","position":1,"name":"Inicio","item":"https:\/\/apuntesdesanluis.com\/"},{"@type":"ListItem","position":2,"name":"INS\u00d3LITO: EL GOBIERNO AFIRM\u00d3 QUE RECHAZA LA DIVERSIDAD DE IDENTIDADES SEXUALES"}]},{"@type":"WebSite","@id":"https:\/\/apuntesdesanluis.com\/#website","url":"https:\/\/apuntesdesanluis.com\/","name":"Apuntes de San Luis","description":"","publisher":{"@id":"https:\/\/apuntesdesanluis.com\/#\/schema\/person\/b55151d52296fcce64d1a72538a70b90"},"potentialAction":[{"@type":"SearchAction","target":{"@type":"EntryPoint","urlTemplate":"https:\/\/apuntesdesanluis.com\/?s={search_term_string}"},"query-input":{"@type":"PropertyValueSpecification","valueRequired":true,"valueName":"search_term_string"}}],"inLanguage":"es-AR"},{"@type":["Person","Organization"],"@id":"https:\/\/apuntesdesanluis.com\/#\/schema\/person\/b55151d52296fcce64d1a72538a70b90","name":"apuntesdesanluis.com","image":{"@type":"ImageObject","inLanguage":"es-AR","@id":"https:\/\/apuntesdesanluis.com\/#\/schema\/person\/image\/","url":"https:\/\/apuntesdesanluis.com\/wp-content\/uploads\/2023\/07\/cropped-apuntesdesanluis.png","contentUrl":"https:\/\/apuntesdesanluis.com\/wp-content\/uploads\/2023\/07\/cropped-apuntesdesanluis.png","width":450,"height":112,"caption":"apuntesdesanluis.com"},"logo":{"@id":"https:\/\/apuntesdesanluis.com\/#\/schema\/person\/image\/"},"sameAs":["https:\/\/apuntesdesanluis.com"],"url":"https:\/\/apuntesdesanluis.com\/index.php\/author\/apuntesdesanluis-com\/"}]}},"featured_image_urls":{"full":["https:\/\/apuntesdesanluis.com\/wp-content\/uploads\/2024\/08\/mariano-cuneo-libarona.png",850,596,false],"thumbnail":["https:\/\/apuntesdesanluis.com\/wp-content\/uploads\/2024\/08\/mariano-cuneo-libarona-150x150.png",150,150,true],"medium":["https:\/\/apuntesdesanluis.com\/wp-content\/uploads\/2024\/08\/mariano-cuneo-libarona-300x210.png",300,210,true],"medium_large":["https:\/\/apuntesdesanluis.com\/wp-content\/uploads\/2024\/08\/mariano-cuneo-libarona-768x539.png",640,449,true],"large":["https:\/\/apuntesdesanluis.com\/wp-content\/uploads\/2024\/08\/mariano-cuneo-libarona.png",640,449,false],"1536x1536":["https:\/\/apuntesdesanluis.com\/wp-content\/uploads\/2024\/08\/mariano-cuneo-libarona.png",850,596,false],"2048x2048":["https:\/\/apuntesdesanluis.com\/wp-content\/uploads\/2024\/08\/mariano-cuneo-libarona.png",850,596,false],"newsever-slider-full":["https:\/\/apuntesdesanluis.com\/wp-content\/uploads\/2024\/08\/mariano-cuneo-libarona.png",850,596,false],"newsever-featured":["https:\/\/apuntesdesanluis.com\/wp-content\/uploads\/2024\/08\/mariano-cuneo-libarona.png",850,596,false],"newsever-medium":["https:\/\/apuntesdesanluis.com\/wp-content\/uploads\/2024\/08\/mariano-cuneo-libarona-720x475.png",720,475,true]},"author_info":{"display_name":"apuntesdesanluis.com","author_link":"https:\/\/apuntesdesanluis.com\/index.php\/author\/apuntesdesanluis-com\/"},"category_info":"<a href=\"https:\/\/apuntesdesanluis.com\/index.php\/category\/nacionales-internacionales\/\" rel=\"category tag\">Nacionales\/Internacionales<\/a>","tag_info":"Nacionales\/Internacionales","comment_count":"0","_links":{"self":[{"href":"https:\/\/apuntesdesanluis.com\/index.php\/wp-json\/wp\/v2\/posts\/21431","targetHints":{"allow":["GET"]}}],"collection":[{"href":"https:\/\/apuntesdesanluis.com\/index.php\/wp-json\/wp\/v2\/posts"}],"about":[{"href":"https:\/\/apuntesdesanluis.com\/index.php\/wp-json\/wp\/v2\/types\/post"}],"author":[{"embeddable":true,"href":"https:\/\/apuntesdesanluis.com\/index.php\/wp-json\/wp\/v2\/users\/1"}],"replies":[{"embeddable":true,"href":"https:\/\/apuntesdesanluis.com\/index.php\/wp-json\/wp\/v2\/comments?post=21431"}],"version-history":[{"count":2,"href":"https:\/\/apuntesdesanluis.com\/index.php\/wp-json\/wp\/v2\/posts\/21431\/revisions"}],"predecessor-version":[{"id":21434,"href":"https:\/\/apuntesdesanluis.com\/index.php\/wp-json\/wp\/v2\/posts\/21431\/revisions\/21434"}],"wp:featuredmedia":[{"embeddable":true,"href":"https:\/\/apuntesdesanluis.com\/index.php\/wp-json\/wp\/v2\/media\/21432"}],"wp:attachment":[{"href":"https:\/\/apuntesdesanluis.com\/index.php\/wp-json\/wp\/v2\/media?parent=21431"}],"wp:term":[{"taxonomy":"category","embeddable":true,"href":"https:\/\/apuntesdesanluis.com\/index.php\/wp-json\/wp\/v2\/categories?post=21431"},{"taxonomy":"post_tag","embeddable":true,"href":"https:\/\/apuntesdesanluis.com\/index.php\/wp-json\/wp\/v2\/tags?post=21431"}],"curies":[{"name":"wp","href":"https:\/\/api.w.org\/{rel}","templated":true}]}}