{"id":21457,"date":"2024-08-28T20:47:20","date_gmt":"2024-08-28T23:47:20","guid":{"rendered":"https:\/\/apuntesdesanluis.com\/?p=21457"},"modified":"2024-08-28T20:47:20","modified_gmt":"2024-08-28T23:47:20","slug":"no-se-presento-lo-capturaron-en-una-mina-en-salta-y-le-dictaron-prision-preventiva","status":"publish","type":"post","link":"https:\/\/apuntesdesanluis.com\/index.php\/2024\/08\/28\/no-se-presento-lo-capturaron-en-una-mina-en-salta-y-le-dictaron-prision-preventiva\/","title":{"rendered":"NO SE PRESENT\u00d3, LO CAPTURARON EN UNA MINA EN SALTA Y LE DICTARON PRISI\u00d3N PREVENTIVA"},"content":{"rendered":"<h3>En diciembre comenzar\u00e1 el debate oral contra un hombre acusado de abuso sexual, quien debi\u00f3 presentarse a juicio en febrero del 2024 pero no lo hizo. La C\u00e1mara Penal emiti\u00f3 una orden de captura y luego de una intensa b\u00fasqueda lo detuvieron en Salta, mientras trabajaba en una mina.<\/h3>\n<h3>En consecuencia, el Tribunal competente convirti\u00f3 la detenci\u00f3n en prisi\u00f3n preventiva. Ahora deber\u00e1 esperar el inicio del juicio en el Servicio Penitenciario Provincial.<\/h3>\n<h3>La C\u00e1mara Residual N\u00ba 1 de la Segunda Circunscripci\u00f3n Judicial empezar\u00e1 a juzgar a C.C.M por el delito de abuso sexual agravado por el v\u00ednculo en perjuicio de su hija.<\/h3>\n<h3>El inicio del debate oral est\u00e1 previsto para el 9 de diciembre de este a\u00f1o.<\/h3>\n<h3>Cabe mencionar que el imputado se encontraba en libertad y el Tribunal -integrado por la Dra. Sandra Ehrlich, Virna Eguinoa y Sebasti\u00e1n Cadelago Filippi- emiti\u00f3 una orden de captura y una vez detenido resolvieron convertir la detenci\u00f3n en prisi\u00f3n preventiva a cumplirse en el Servicio Penitenciario Provincial debido al peligro de reiterar su fuga.<\/h3>\n<h3>Para determinar la conversi\u00f3n de la detenci\u00f3n en prisi\u00f3n preventiva, el Tribunal realiz\u00f3 un an\u00e1lisis integral de los Arts. 218\u00ba, 509\u00ba y 510\u00ba del C\u00f3digo de Procedimientos Criminal de la Ley VI-152-2004.<\/h3>\n<h3>Entre sus consideraciones tuvieron en cuenta:<\/h3>\n<h3>Que esta no es la primera orden de captura que se emite en esta misma causa, habiendo conllevado arduas tareas del Tribunal poder hallar el paradero del mismo por encontrarse trabajando en una mina en la provincia de Salta.<\/h3>\n<h3>Que si bien la aplicaci\u00f3n de la cautelar se trata de una medida excepcional y que s\u00f3lo procede cuando existe riesgo procesal, en el caso de autos, amerita pronosticar peligro de fuga, luego de permanecer todo el proceso en libertad sin acudir a las citaciones judiciales y sin actualizar su domicilio ni haber brindado al Tribunal ning\u00fan tipo de datos sobre su paradero.<\/h3>\n<h3>Que el acusado no posee arraigo, es decir, que carece de domicilio en la ciudad, puede presumirse razonable y fundadamente que pretender\u00e1 evadir el accionar de la justicia y obstaculizar la celebraci\u00f3n del juicio a lo que se suma el peligro de fuga.<\/h3>\n<h3>El riesgo procesal (periculum in mora) se entiende como circunstancias objetivas y ciertas que, en el caso concreto permiten formular un juicio sobre la existencia del peligro para el proceso que en el caso se traduce en la posibilidad cierta de que el mismo eluda la realizaci\u00f3n del correspondiente Debate Oral.<\/h3>\n<h3>Finalmente, los jueces expresaron en su resoluci\u00f3n que no se vislumbra otra medida de menor intensidad que permita conjurar los riesgos procesales aludidos; en consecuencia, y en atenci\u00f3n a lo establecido en el Art. 218 Incs. 1, 2, 3 y 510\u00ba Inc. A) y D) del C. P. Crims resolvieron convertir la detenci\u00f3n de CCM en prisi\u00f3n preventiva y ordenar el inmediato traslado al Servicio Penitenciario Provincial.<\/h3>\n<h3>SOBRE LA CAPTURA<\/h3>\n<h3>En noviembre de 2023 se fij\u00f3 fecha de juicio oral para los d\u00edas 12, 13, 14, 15 y 16 de febrero del a\u00f1o 2024. Pocos d\u00edas antes de dar inicio con el juicio la polic\u00eda de Jujuy- lugar donde resid\u00eda el imputado- informa a la C\u00e1mara Penal N\u00ba 1 que no pudo realizar la notificaci\u00f3n; personal policial fue atendido por una sobrina manifestando que su t\u00edo se encontrar\u00eda trabajando en una MINA en la provincia de Salta desconociendo la ubicaci\u00f3n de la misma, y neg\u00e1ndose a aportar un contacto telef\u00f3nico del acusado.<\/h3>\n<h3>Ante lo informado, se suspende el debate oral programado y se ordena la captura y detenci\u00f3n del imputado, C.M.C.<\/h3>\n<h3>Mediante investigaciones realizadas por la C\u00e1mara Penal N\u00b01, se logr\u00f3 obtener contacto telef\u00f3nico con el acusado, atendiendo una videollamada realizada por el tel. celular de la C\u00e1mara, y al momento que C.M.C toma conocimiento del motivo por el cual se intentaba localizarlo, procedi\u00f3 a cortar, sin volver a recepcionar llamadas ni mensajes.<\/h3>\n<h3>Entendiendo por los dichos, que el mencionado se encontraba trabajando en una Mina, la C\u00e1mara Penal procedi\u00f3 a solicitar informaci\u00f3n al ANSES y a la AFIP con el objeto de que se informara la empresa en la cual C.M.C se encontrar\u00eda trabajando. El Tribunal toma conocimiento de la empresa a trav\u00e9s de los informes de las oficinas mencionadas precedentemente, personal de la C\u00e1mara se pone en contacto con Construcciones Mineras Salta S.A. la que se pone a disposici\u00f3n del Tribunal y brinda la geolocalizaci\u00f3n de la MINA donde se encontrar\u00eda trabajando C.M.C. Tambi\u00e9n inform\u00f3\u00a0 los d\u00edas y horarios\u00a0 de trabajo y franco de servicios, la l\u00ednea de colectivos que trabajaba con la empresa, los horarios de salida de la Mina, etc. Lo que en una permanente y destacable colaboraci\u00f3n de la Polic\u00eda Federal de Salta, en fecha 20 de Agosto de 2024 a las 20,00 hs.\u00a0 se procedi\u00f3 a la visualizaci\u00f3n del veh\u00edculo que transportaba a C.M.C, se tom\u00f3 contacto con este, procedieron a su identificaci\u00f3n y con la presencia de 2 testigos lo capturaron y detuvieron.<\/h3>\n<h3>Finalmente, y advirtiendo la actitud reacia del acusado de comparecer a derecho, se dict\u00f3 el Auto Interlocutorio N\u00ba 47 que resuelve convertir la detenci\u00f3n del ciudadano C. C. M., en prisi\u00f3n preventiva.<\/h3>\n<h3>En consecuencia, se orden\u00f3 el inmediato traslado del procesado al Servicio Penitenciario Provincial para el cumplimiento de la medida ordenada.<\/h3>\n<h3>&#8230;..<\/h3>\n<h4>NOTA: <span style=\"color: #3366ff;\">IMAGEN ILUSTRATIVA<\/span><\/h4>\n<p>&nbsp;<\/p>\n<p>&nbsp;<\/p>\n<p>&nbsp;<\/p>\n<p>&nbsp;<\/p>\n<p>&nbsp;<\/p>\n<p>&nbsp;<\/p>\n","protected":false},"excerpt":{"rendered":"<p>En diciembre comenzar\u00e1 el debate oral contra un hombre acusado de abuso sexual, quien debi\u00f3&#8230;<\/p>\n","protected":false},"author":1,"featured_media":21458,"comment_status":"closed","ping_status":"closed","sticky":false,"template":"","format":"standard","meta":{"footnotes":""},"categories":[6],"tags":[],"class_list":["post-21457","post","type-post","status-publish","format-standard","has-post-thumbnail","hentry","category-ciudad-provincia"],"yoast_head":"<!-- This site is optimized with the Yoast SEO plugin v26.1.1 - https:\/\/yoast.com\/wordpress\/plugins\/seo\/ -->\n<title>NO SE PRESENT\u00d3, LO CAPTURARON EN UNA MINA EN SALTA Y LE DICTARON PRISI\u00d3N PREVENTIVA - Apuntes de San Luis<\/title>\n<meta name=\"robots\" content=\"index, follow, max-snippet:-1, max-image-preview:large, max-video-preview:-1\" \/>\n<link rel=\"canonical\" href=\"https:\/\/apuntesdesanluis.com\/index.php\/2024\/08\/28\/no-se-presento-lo-capturaron-en-una-mina-en-salta-y-le-dictaron-prision-preventiva\/\" \/>\n<meta property=\"og:locale\" content=\"es_ES\" \/>\n<meta property=\"og:type\" content=\"article\" \/>\n<meta property=\"og:title\" content=\"NO SE PRESENT\u00d3, LO CAPTURARON EN UNA MINA EN SALTA Y LE DICTARON PRISI\u00d3N PREVENTIVA - Apuntes de San Luis\" \/>\n<meta property=\"og:description\" content=\"En diciembre comenzar\u00e1 el debate oral contra un hombre acusado de abuso sexual, quien debi\u00f3...\" \/>\n<meta property=\"og:url\" content=\"https:\/\/apuntesdesanluis.com\/index.php\/2024\/08\/28\/no-se-presento-lo-capturaron-en-una-mina-en-salta-y-le-dictaron-prision-preventiva\/\" \/>\n<meta property=\"og:site_name\" content=\"Apuntes de San Luis\" \/>\n<meta property=\"article:published_time\" content=\"2024-08-28T23:47:20+00:00\" \/>\n<meta property=\"og:image\" content=\"https:\/\/apuntesdesanluis.com\/wp-content\/uploads\/2024\/08\/mina-en-salta.png\" \/>\n\t<meta property=\"og:image:width\" content=\"700\" \/>\n\t<meta property=\"og:image:height\" content=\"379\" \/>\n\t<meta property=\"og:image:type\" content=\"image\/png\" \/>\n<meta name=\"author\" content=\"apuntesdesanluis.com\" \/>\n<meta name=\"twitter:card\" content=\"summary_large_image\" \/>\n<meta name=\"twitter:label1\" content=\"Escrito por\" \/>\n\t<meta name=\"twitter:data1\" content=\"apuntesdesanluis.com\" \/>\n\t<meta name=\"twitter:label2\" content=\"Tiempo de lectura\" \/>\n\t<meta name=\"twitter:data2\" content=\"5 minutos\" \/>\n<script type=\"application\/ld+json\" class=\"yoast-schema-graph\">{\"@context\":\"https:\/\/schema.org\",\"@graph\":[{\"@type\":\"Article\",\"@id\":\"https:\/\/apuntesdesanluis.com\/index.php\/2024\/08\/28\/no-se-presento-lo-capturaron-en-una-mina-en-salta-y-le-dictaron-prision-preventiva\/#article\",\"isPartOf\":{\"@id\":\"https:\/\/apuntesdesanluis.com\/index.php\/2024\/08\/28\/no-se-presento-lo-capturaron-en-una-mina-en-salta-y-le-dictaron-prision-preventiva\/\"},\"author\":{\"name\":\"apuntesdesanluis.com\",\"@id\":\"https:\/\/apuntesdesanluis.com\/#\/schema\/person\/b55151d52296fcce64d1a72538a70b90\"},\"headline\":\"NO SE PRESENT\u00d3, LO CAPTURARON EN UNA MINA EN SALTA Y LE DICTARON PRISI\u00d3N PREVENTIVA\",\"datePublished\":\"2024-08-28T23:47:20+00:00\",\"mainEntityOfPage\":{\"@id\":\"https:\/\/apuntesdesanluis.com\/index.php\/2024\/08\/28\/no-se-presento-lo-capturaron-en-una-mina-en-salta-y-le-dictaron-prision-preventiva\/\"},\"wordCount\":941,\"publisher\":{\"@id\":\"https:\/\/apuntesdesanluis.com\/#\/schema\/person\/b55151d52296fcce64d1a72538a70b90\"},\"image\":{\"@id\":\"https:\/\/apuntesdesanluis.com\/index.php\/2024\/08\/28\/no-se-presento-lo-capturaron-en-una-mina-en-salta-y-le-dictaron-prision-preventiva\/#primaryimage\"},\"thumbnailUrl\":\"https:\/\/apuntesdesanluis.com\/wp-content\/uploads\/2024\/08\/mina-en-salta.png\",\"articleSection\":[\"Ciudad\/Provincia\"],\"inLanguage\":\"es-AR\"},{\"@type\":\"WebPage\",\"@id\":\"https:\/\/apuntesdesanluis.com\/index.php\/2024\/08\/28\/no-se-presento-lo-capturaron-en-una-mina-en-salta-y-le-dictaron-prision-preventiva\/\",\"url\":\"https:\/\/apuntesdesanluis.com\/index.php\/2024\/08\/28\/no-se-presento-lo-capturaron-en-una-mina-en-salta-y-le-dictaron-prision-preventiva\/\",\"name\":\"NO SE PRESENT\u00d3, LO CAPTURARON EN UNA MINA EN SALTA Y LE DICTARON PRISI\u00d3N PREVENTIVA - Apuntes de San Luis\",\"isPartOf\":{\"@id\":\"https:\/\/apuntesdesanluis.com\/#website\"},\"primaryImageOfPage\":{\"@id\":\"https:\/\/apuntesdesanluis.com\/index.php\/2024\/08\/28\/no-se-presento-lo-capturaron-en-una-mina-en-salta-y-le-dictaron-prision-preventiva\/#primaryimage\"},\"image\":{\"@id\":\"https:\/\/apuntesdesanluis.com\/index.php\/2024\/08\/28\/no-se-presento-lo-capturaron-en-una-mina-en-salta-y-le-dictaron-prision-preventiva\/#primaryimage\"},\"thumbnailUrl\":\"https:\/\/apuntesdesanluis.com\/wp-content\/uploads\/2024\/08\/mina-en-salta.png\",\"datePublished\":\"2024-08-28T23:47:20+00:00\",\"breadcrumb\":{\"@id\":\"https:\/\/apuntesdesanluis.com\/index.php\/2024\/08\/28\/no-se-presento-lo-capturaron-en-una-mina-en-salta-y-le-dictaron-prision-preventiva\/#breadcrumb\"},\"inLanguage\":\"es-AR\",\"potentialAction\":[{\"@type\":\"ReadAction\",\"target\":[\"https:\/\/apuntesdesanluis.com\/index.php\/2024\/08\/28\/no-se-presento-lo-capturaron-en-una-mina-en-salta-y-le-dictaron-prision-preventiva\/\"]}]},{\"@type\":\"ImageObject\",\"inLanguage\":\"es-AR\",\"@id\":\"https:\/\/apuntesdesanluis.com\/index.php\/2024\/08\/28\/no-se-presento-lo-capturaron-en-una-mina-en-salta-y-le-dictaron-prision-preventiva\/#primaryimage\",\"url\":\"https:\/\/apuntesdesanluis.com\/wp-content\/uploads\/2024\/08\/mina-en-salta.png\",\"contentUrl\":\"https:\/\/apuntesdesanluis.com\/wp-content\/uploads\/2024\/08\/mina-en-salta.png\",\"width\":700,\"height\":379},{\"@type\":\"BreadcrumbList\",\"@id\":\"https:\/\/apuntesdesanluis.com\/index.php\/2024\/08\/28\/no-se-presento-lo-capturaron-en-una-mina-en-salta-y-le-dictaron-prision-preventiva\/#breadcrumb\",\"itemListElement\":[{\"@type\":\"ListItem\",\"position\":1,\"name\":\"Inicio\",\"item\":\"https:\/\/apuntesdesanluis.com\/\"},{\"@type\":\"ListItem\",\"position\":2,\"name\":\"NO SE PRESENT\u00d3, LO CAPTURARON EN UNA MINA EN SALTA Y LE DICTARON PRISI\u00d3N PREVENTIVA\"}]},{\"@type\":\"WebSite\",\"@id\":\"https:\/\/apuntesdesanluis.com\/#website\",\"url\":\"https:\/\/apuntesdesanluis.com\/\",\"name\":\"Apuntes de San Luis\",\"description\":\"\",\"publisher\":{\"@id\":\"https:\/\/apuntesdesanluis.com\/#\/schema\/person\/b55151d52296fcce64d1a72538a70b90\"},\"potentialAction\":[{\"@type\":\"SearchAction\",\"target\":{\"@type\":\"EntryPoint\",\"urlTemplate\":\"https:\/\/apuntesdesanluis.com\/?s={search_term_string}\"},\"query-input\":{\"@type\":\"PropertyValueSpecification\",\"valueRequired\":true,\"valueName\":\"search_term_string\"}}],\"inLanguage\":\"es-AR\"},{\"@type\":[\"Person\",\"Organization\"],\"@id\":\"https:\/\/apuntesdesanluis.com\/#\/schema\/person\/b55151d52296fcce64d1a72538a70b90\",\"name\":\"apuntesdesanluis.com\",\"image\":{\"@type\":\"ImageObject\",\"inLanguage\":\"es-AR\",\"@id\":\"https:\/\/apuntesdesanluis.com\/#\/schema\/person\/image\/\",\"url\":\"https:\/\/apuntesdesanluis.com\/wp-content\/uploads\/2023\/07\/cropped-apuntesdesanluis.png\",\"contentUrl\":\"https:\/\/apuntesdesanluis.com\/wp-content\/uploads\/2023\/07\/cropped-apuntesdesanluis.png\",\"width\":450,\"height\":112,\"caption\":\"apuntesdesanluis.com\"},\"logo\":{\"@id\":\"https:\/\/apuntesdesanluis.com\/#\/schema\/person\/image\/\"},\"sameAs\":[\"https:\/\/apuntesdesanluis.com\"],\"url\":\"https:\/\/apuntesdesanluis.com\/index.php\/author\/apuntesdesanluis-com\/\"}]}<\/script>\n<!-- \/ Yoast SEO plugin. -->","yoast_head_json":{"title":"NO SE PRESENT\u00d3, LO CAPTURARON EN UNA MINA EN SALTA Y LE DICTARON PRISI\u00d3N PREVENTIVA - Apuntes de San Luis","robots":{"index":"index","follow":"follow","max-snippet":"max-snippet:-1","max-image-preview":"max-image-preview:large","max-video-preview":"max-video-preview:-1"},"canonical":"https:\/\/apuntesdesanluis.com\/index.php\/2024\/08\/28\/no-se-presento-lo-capturaron-en-una-mina-en-salta-y-le-dictaron-prision-preventiva\/","og_locale":"es_ES","og_type":"article","og_title":"NO SE PRESENT\u00d3, LO CAPTURARON EN UNA MINA EN SALTA Y LE DICTARON PRISI\u00d3N PREVENTIVA - Apuntes de San Luis","og_description":"En diciembre comenzar\u00e1 el debate oral contra un hombre acusado de abuso sexual, quien debi\u00f3...","og_url":"https:\/\/apuntesdesanluis.com\/index.php\/2024\/08\/28\/no-se-presento-lo-capturaron-en-una-mina-en-salta-y-le-dictaron-prision-preventiva\/","og_site_name":"Apuntes de San Luis","article_published_time":"2024-08-28T23:47:20+00:00","og_image":[{"width":700,"height":379,"url":"https:\/\/apuntesdesanluis.com\/wp-content\/uploads\/2024\/08\/mina-en-salta.png","type":"image\/png"}],"author":"apuntesdesanluis.com","twitter_card":"summary_large_image","twitter_misc":{"Escrito por":"apuntesdesanluis.com","Tiempo de lectura":"5 minutos"},"schema":{"@context":"https:\/\/schema.org","@graph":[{"@type":"Article","@id":"https:\/\/apuntesdesanluis.com\/index.php\/2024\/08\/28\/no-se-presento-lo-capturaron-en-una-mina-en-salta-y-le-dictaron-prision-preventiva\/#article","isPartOf":{"@id":"https:\/\/apuntesdesanluis.com\/index.php\/2024\/08\/28\/no-se-presento-lo-capturaron-en-una-mina-en-salta-y-le-dictaron-prision-preventiva\/"},"author":{"name":"apuntesdesanluis.com","@id":"https:\/\/apuntesdesanluis.com\/#\/schema\/person\/b55151d52296fcce64d1a72538a70b90"},"headline":"NO SE PRESENT\u00d3, LO CAPTURARON EN UNA MINA EN SALTA Y LE DICTARON PRISI\u00d3N PREVENTIVA","datePublished":"2024-08-28T23:47:20+00:00","mainEntityOfPage":{"@id":"https:\/\/apuntesdesanluis.com\/index.php\/2024\/08\/28\/no-se-presento-lo-capturaron-en-una-mina-en-salta-y-le-dictaron-prision-preventiva\/"},"wordCount":941,"publisher":{"@id":"https:\/\/apuntesdesanluis.com\/#\/schema\/person\/b55151d52296fcce64d1a72538a70b90"},"image":{"@id":"https:\/\/apuntesdesanluis.com\/index.php\/2024\/08\/28\/no-se-presento-lo-capturaron-en-una-mina-en-salta-y-le-dictaron-prision-preventiva\/#primaryimage"},"thumbnailUrl":"https:\/\/apuntesdesanluis.com\/wp-content\/uploads\/2024\/08\/mina-en-salta.png","articleSection":["Ciudad\/Provincia"],"inLanguage":"es-AR"},{"@type":"WebPage","@id":"https:\/\/apuntesdesanluis.com\/index.php\/2024\/08\/28\/no-se-presento-lo-capturaron-en-una-mina-en-salta-y-le-dictaron-prision-preventiva\/","url":"https:\/\/apuntesdesanluis.com\/index.php\/2024\/08\/28\/no-se-presento-lo-capturaron-en-una-mina-en-salta-y-le-dictaron-prision-preventiva\/","name":"NO SE PRESENT\u00d3, LO CAPTURARON EN UNA MINA EN SALTA Y LE DICTARON PRISI\u00d3N PREVENTIVA - Apuntes de San Luis","isPartOf":{"@id":"https:\/\/apuntesdesanluis.com\/#website"},"primaryImageOfPage":{"@id":"https:\/\/apuntesdesanluis.com\/index.php\/2024\/08\/28\/no-se-presento-lo-capturaron-en-una-mina-en-salta-y-le-dictaron-prision-preventiva\/#primaryimage"},"image":{"@id":"https:\/\/apuntesdesanluis.com\/index.php\/2024\/08\/28\/no-se-presento-lo-capturaron-en-una-mina-en-salta-y-le-dictaron-prision-preventiva\/#primaryimage"},"thumbnailUrl":"https:\/\/apuntesdesanluis.com\/wp-content\/uploads\/2024\/08\/mina-en-salta.png","datePublished":"2024-08-28T23:47:20+00:00","breadcrumb":{"@id":"https:\/\/apuntesdesanluis.com\/index.php\/2024\/08\/28\/no-se-presento-lo-capturaron-en-una-mina-en-salta-y-le-dictaron-prision-preventiva\/#breadcrumb"},"inLanguage":"es-AR","potentialAction":[{"@type":"ReadAction","target":["https:\/\/apuntesdesanluis.com\/index.php\/2024\/08\/28\/no-se-presento-lo-capturaron-en-una-mina-en-salta-y-le-dictaron-prision-preventiva\/"]}]},{"@type":"ImageObject","inLanguage":"es-AR","@id":"https:\/\/apuntesdesanluis.com\/index.php\/2024\/08\/28\/no-se-presento-lo-capturaron-en-una-mina-en-salta-y-le-dictaron-prision-preventiva\/#primaryimage","url":"https:\/\/apuntesdesanluis.com\/wp-content\/uploads\/2024\/08\/mina-en-salta.png","contentUrl":"https:\/\/apuntesdesanluis.com\/wp-content\/uploads\/2024\/08\/mina-en-salta.png","width":700,"height":379},{"@type":"BreadcrumbList","@id":"https:\/\/apuntesdesanluis.com\/index.php\/2024\/08\/28\/no-se-presento-lo-capturaron-en-una-mina-en-salta-y-le-dictaron-prision-preventiva\/#breadcrumb","itemListElement":[{"@type":"ListItem","position":1,"name":"Inicio","item":"https:\/\/apuntesdesanluis.com\/"},{"@type":"ListItem","position":2,"name":"NO SE PRESENT\u00d3, LO CAPTURARON EN UNA MINA EN SALTA Y LE DICTARON PRISI\u00d3N PREVENTIVA"}]},{"@type":"WebSite","@id":"https:\/\/apuntesdesanluis.com\/#website","url":"https:\/\/apuntesdesanluis.com\/","name":"Apuntes de San Luis","description":"","publisher":{"@id":"https:\/\/apuntesdesanluis.com\/#\/schema\/person\/b55151d52296fcce64d1a72538a70b90"},"potentialAction":[{"@type":"SearchAction","target":{"@type":"EntryPoint","urlTemplate":"https:\/\/apuntesdesanluis.com\/?s={search_term_string}"},"query-input":{"@type":"PropertyValueSpecification","valueRequired":true,"valueName":"search_term_string"}}],"inLanguage":"es-AR"},{"@type":["Person","Organization"],"@id":"https:\/\/apuntesdesanluis.com\/#\/schema\/person\/b55151d52296fcce64d1a72538a70b90","name":"apuntesdesanluis.com","image":{"@type":"ImageObject","inLanguage":"es-AR","@id":"https:\/\/apuntesdesanluis.com\/#\/schema\/person\/image\/","url":"https:\/\/apuntesdesanluis.com\/wp-content\/uploads\/2023\/07\/cropped-apuntesdesanluis.png","contentUrl":"https:\/\/apuntesdesanluis.com\/wp-content\/uploads\/2023\/07\/cropped-apuntesdesanluis.png","width":450,"height":112,"caption":"apuntesdesanluis.com"},"logo":{"@id":"https:\/\/apuntesdesanluis.com\/#\/schema\/person\/image\/"},"sameAs":["https:\/\/apuntesdesanluis.com"],"url":"https:\/\/apuntesdesanluis.com\/index.php\/author\/apuntesdesanluis-com\/"}]}},"featured_image_urls":{"full":["https:\/\/apuntesdesanluis.com\/wp-content\/uploads\/2024\/08\/mina-en-salta.png",700,379,false],"thumbnail":["https:\/\/apuntesdesanluis.com\/wp-content\/uploads\/2024\/08\/mina-en-salta-150x150.png",150,150,true],"medium":["https:\/\/apuntesdesanluis.com\/wp-content\/uploads\/2024\/08\/mina-en-salta-300x162.png",300,162,true],"medium_large":["https:\/\/apuntesdesanluis.com\/wp-content\/uploads\/2024\/08\/mina-en-salta.png",640,347,false],"large":["https:\/\/apuntesdesanluis.com\/wp-content\/uploads\/2024\/08\/mina-en-salta.png",640,347,false],"1536x1536":["https:\/\/apuntesdesanluis.com\/wp-content\/uploads\/2024\/08\/mina-en-salta.png",700,379,false],"2048x2048":["https:\/\/apuntesdesanluis.com\/wp-content\/uploads\/2024\/08\/mina-en-salta.png",700,379,false],"newsever-slider-full":["https:\/\/apuntesdesanluis.com\/wp-content\/uploads\/2024\/08\/mina-en-salta.png",700,379,false],"newsever-featured":["https:\/\/apuntesdesanluis.com\/wp-content\/uploads\/2024\/08\/mina-en-salta.png",700,379,false],"newsever-medium":["https:\/\/apuntesdesanluis.com\/wp-content\/uploads\/2024\/08\/mina-en-salta.png",700,379,false]},"author_info":{"display_name":"apuntesdesanluis.com","author_link":"https:\/\/apuntesdesanluis.com\/index.php\/author\/apuntesdesanluis-com\/"},"category_info":"<a href=\"https:\/\/apuntesdesanluis.com\/index.php\/category\/ciudad-provincia\/\" rel=\"category tag\">Ciudad\/Provincia<\/a>","tag_info":"Ciudad\/Provincia","comment_count":"0","_links":{"self":[{"href":"https:\/\/apuntesdesanluis.com\/index.php\/wp-json\/wp\/v2\/posts\/21457","targetHints":{"allow":["GET"]}}],"collection":[{"href":"https:\/\/apuntesdesanluis.com\/index.php\/wp-json\/wp\/v2\/posts"}],"about":[{"href":"https:\/\/apuntesdesanluis.com\/index.php\/wp-json\/wp\/v2\/types\/post"}],"author":[{"embeddable":true,"href":"https:\/\/apuntesdesanluis.com\/index.php\/wp-json\/wp\/v2\/users\/1"}],"replies":[{"embeddable":true,"href":"https:\/\/apuntesdesanluis.com\/index.php\/wp-json\/wp\/v2\/comments?post=21457"}],"version-history":[{"count":1,"href":"https:\/\/apuntesdesanluis.com\/index.php\/wp-json\/wp\/v2\/posts\/21457\/revisions"}],"predecessor-version":[{"id":21459,"href":"https:\/\/apuntesdesanluis.com\/index.php\/wp-json\/wp\/v2\/posts\/21457\/revisions\/21459"}],"wp:featuredmedia":[{"embeddable":true,"href":"https:\/\/apuntesdesanluis.com\/index.php\/wp-json\/wp\/v2\/media\/21458"}],"wp:attachment":[{"href":"https:\/\/apuntesdesanluis.com\/index.php\/wp-json\/wp\/v2\/media?parent=21457"}],"wp:term":[{"taxonomy":"category","embeddable":true,"href":"https:\/\/apuntesdesanluis.com\/index.php\/wp-json\/wp\/v2\/categories?post=21457"},{"taxonomy":"post_tag","embeddable":true,"href":"https:\/\/apuntesdesanluis.com\/index.php\/wp-json\/wp\/v2\/tags?post=21457"}],"curies":[{"name":"wp","href":"https:\/\/api.w.org\/{rel}","templated":true}]}}