{"id":21463,"date":"2024-08-28T21:06:15","date_gmt":"2024-08-29T00:06:15","guid":{"rendered":"https:\/\/apuntesdesanluis.com\/?p=21463"},"modified":"2024-08-28T21:06:15","modified_gmt":"2024-08-29T00:06:15","slug":"merlo-invitan-a-celebrar-el-dia-del-nino-con-la-tradicional-barrileteada","status":"publish","type":"post","link":"https:\/\/apuntesdesanluis.com\/index.php\/2024\/08\/28\/merlo-invitan-a-celebrar-el-dia-del-nino-con-la-tradicional-barrileteada\/","title":{"rendered":"MERLO: INVITAN A CELEBRAR EL D\u00cdA DEL NI\u00d1O CON LA TRADICIONAL BARRILETEADA"},"content":{"rendered":"<h3>Ser\u00e1 el pr\u00f3ximo domingo 1 de septiembre, en la Plaza saludable del barrio \u201cLos Fresnos\u201d a partir de las 12 hs. El evento ser\u00e1 gratuito y contar\u00e1 con la tradicional barrileteada, Interbarriales, Jornada Deportiva, peloteros, Zumba kids, orientani\u00f1o y varias actividades recreativas para disfrutar en familia y las famosas TFC.<\/h3>\n<h3>La Municipalidad de Villa de Merlo, a trav\u00e9s de su Secretar\u00eda de Gobierno y Deportes, invita a toda la comunidad a compartir los festejos por el D\u00eda del Ni\u00f1o, que se llevar\u00e1 a cabo el <strong>domingo 1 de septiembre en la Plaza del Barrio 156 viviendas &#8211; Los Fresnos, <\/strong>ubicada en Ruta Provincial N\u00b0 1.<\/h3>\n<h3>En la jornada se podr\u00e1n disfrutar la <strong>tradicional barrileteada<\/strong>, la 4\u00b0 fecha de los <strong>Interbarriales<\/strong> y una <strong>jornada deportiva<\/strong>, con peloteros inflables, maquillaje art\u00edstico, carritos ruedas libres, estaciones deportivas, orientani\u00f1os, arte kids, zumba kids, folclore infantil; todo para hacer de este d\u00eda tan especial un momento inolvidable para las familias y los\/as peque\u00f1os\/as de la ciudad.<\/h3>\n<h3>Con el objetivo de mantener a Merlo como la ciudad sustentable, se invita a llevar la taza o vaso para disfrutar de una rica merienda junto a las famosas TFC: torta fritas caseras.<\/h3>\n<h3>Asimismo, desde el municipio proponen llevar la reposera, mate y taza para merendar e invitan a todas las familias para vivir una tarde m\u00e1gica llena de shows imperdibles, sorpresas, color y alegr\u00eda.<\/h3>\n<p>&nbsp;<\/p>\n<p>&nbsp;<\/p>\n<p>&nbsp;<\/p>\n<p>&nbsp;<\/p>\n","protected":false},"excerpt":{"rendered":"<p>Ser\u00e1 el pr\u00f3ximo domingo 1 de septiembre, en la Plaza saludable del barrio \u201cLos Fresnos\u201d&#8230;<\/p>\n","protected":false},"author":1,"featured_media":21464,"comment_status":"closed","ping_status":"closed","sticky":false,"template":"","format":"standard","meta":{"footnotes":""},"categories":[6],"tags":[],"class_list":["post-21463","post","type-post","status-publish","format-standard","has-post-thumbnail","hentry","category-ciudad-provincia"],"yoast_head":"<!-- This site is optimized with the Yoast SEO plugin v26.1.1 - https:\/\/yoast.com\/wordpress\/plugins\/seo\/ -->\n<title>MERLO: INVITAN A CELEBRAR EL D\u00cdA DEL NI\u00d1O CON LA TRADICIONAL BARRILETEADA - Apuntes de San Luis<\/title>\n<meta name=\"robots\" content=\"index, follow, max-snippet:-1, max-image-preview:large, max-video-preview:-1\" \/>\n<link rel=\"canonical\" href=\"https:\/\/apuntesdesanluis.com\/index.php\/2024\/08\/28\/merlo-invitan-a-celebrar-el-dia-del-nino-con-la-tradicional-barrileteada\/\" \/>\n<meta property=\"og:locale\" content=\"es_ES\" \/>\n<meta property=\"og:type\" content=\"article\" \/>\n<meta property=\"og:title\" content=\"MERLO: INVITAN A CELEBRAR EL D\u00cdA DEL NI\u00d1O CON LA TRADICIONAL BARRILETEADA - Apuntes de San Luis\" \/>\n<meta property=\"og:description\" content=\"Ser\u00e1 el pr\u00f3ximo domingo 1 de septiembre, en la Plaza saludable del barrio \u201cLos Fresnos\u201d...\" \/>\n<meta property=\"og:url\" content=\"https:\/\/apuntesdesanluis.com\/index.php\/2024\/08\/28\/merlo-invitan-a-celebrar-el-dia-del-nino-con-la-tradicional-barrileteada\/\" \/>\n<meta property=\"og:site_name\" content=\"Apuntes de San Luis\" \/>\n<meta property=\"article:published_time\" content=\"2024-08-29T00:06:15+00:00\" \/>\n<meta property=\"og:image\" content=\"https:\/\/apuntesdesanluis.com\/wp-content\/uploads\/2024\/08\/BARRILETEADA-EN-MERLO.jpg\" \/>\n\t<meta property=\"og:image:width\" content=\"700\" \/>\n\t<meta property=\"og:image:height\" content=\"465\" \/>\n\t<meta property=\"og:image:type\" content=\"image\/jpeg\" \/>\n<meta name=\"author\" content=\"apuntesdesanluis.com\" \/>\n<meta name=\"twitter:card\" content=\"summary_large_image\" \/>\n<meta name=\"twitter:label1\" content=\"Escrito por\" \/>\n\t<meta name=\"twitter:data1\" content=\"apuntesdesanluis.com\" \/>\n\t<meta name=\"twitter:label2\" content=\"Tiempo de lectura\" \/>\n\t<meta name=\"twitter:data2\" content=\"2 minutos\" \/>\n<script type=\"application\/ld+json\" class=\"yoast-schema-graph\">{\"@context\":\"https:\/\/schema.org\",\"@graph\":[{\"@type\":\"Article\",\"@id\":\"https:\/\/apuntesdesanluis.com\/index.php\/2024\/08\/28\/merlo-invitan-a-celebrar-el-dia-del-nino-con-la-tradicional-barrileteada\/#article\",\"isPartOf\":{\"@id\":\"https:\/\/apuntesdesanluis.com\/index.php\/2024\/08\/28\/merlo-invitan-a-celebrar-el-dia-del-nino-con-la-tradicional-barrileteada\/\"},\"author\":{\"name\":\"apuntesdesanluis.com\",\"@id\":\"https:\/\/apuntesdesanluis.com\/#\/schema\/person\/b55151d52296fcce64d1a72538a70b90\"},\"headline\":\"MERLO: INVITAN A CELEBRAR EL D\u00cdA DEL NI\u00d1O CON LA TRADICIONAL BARRILETEADA\",\"datePublished\":\"2024-08-29T00:06:15+00:00\",\"mainEntityOfPage\":{\"@id\":\"https:\/\/apuntesdesanluis.com\/index.php\/2024\/08\/28\/merlo-invitan-a-celebrar-el-dia-del-nino-con-la-tradicional-barrileteada\/\"},\"wordCount\":253,\"publisher\":{\"@id\":\"https:\/\/apuntesdesanluis.com\/#\/schema\/person\/b55151d52296fcce64d1a72538a70b90\"},\"image\":{\"@id\":\"https:\/\/apuntesdesanluis.com\/index.php\/2024\/08\/28\/merlo-invitan-a-celebrar-el-dia-del-nino-con-la-tradicional-barrileteada\/#primaryimage\"},\"thumbnailUrl\":\"https:\/\/apuntesdesanluis.com\/wp-content\/uploads\/2024\/08\/BARRILETEADA-EN-MERLO.jpg\",\"articleSection\":[\"Ciudad\/Provincia\"],\"inLanguage\":\"es-AR\"},{\"@type\":\"WebPage\",\"@id\":\"https:\/\/apuntesdesanluis.com\/index.php\/2024\/08\/28\/merlo-invitan-a-celebrar-el-dia-del-nino-con-la-tradicional-barrileteada\/\",\"url\":\"https:\/\/apuntesdesanluis.com\/index.php\/2024\/08\/28\/merlo-invitan-a-celebrar-el-dia-del-nino-con-la-tradicional-barrileteada\/\",\"name\":\"MERLO: INVITAN A CELEBRAR EL D\u00cdA DEL NI\u00d1O CON LA TRADICIONAL BARRILETEADA - Apuntes de San Luis\",\"isPartOf\":{\"@id\":\"https:\/\/apuntesdesanluis.com\/#website\"},\"primaryImageOfPage\":{\"@id\":\"https:\/\/apuntesdesanluis.com\/index.php\/2024\/08\/28\/merlo-invitan-a-celebrar-el-dia-del-nino-con-la-tradicional-barrileteada\/#primaryimage\"},\"image\":{\"@id\":\"https:\/\/apuntesdesanluis.com\/index.php\/2024\/08\/28\/merlo-invitan-a-celebrar-el-dia-del-nino-con-la-tradicional-barrileteada\/#primaryimage\"},\"thumbnailUrl\":\"https:\/\/apuntesdesanluis.com\/wp-content\/uploads\/2024\/08\/BARRILETEADA-EN-MERLO.jpg\",\"datePublished\":\"2024-08-29T00:06:15+00:00\",\"breadcrumb\":{\"@id\":\"https:\/\/apuntesdesanluis.com\/index.php\/2024\/08\/28\/merlo-invitan-a-celebrar-el-dia-del-nino-con-la-tradicional-barrileteada\/#breadcrumb\"},\"inLanguage\":\"es-AR\",\"potentialAction\":[{\"@type\":\"ReadAction\",\"target\":[\"https:\/\/apuntesdesanluis.com\/index.php\/2024\/08\/28\/merlo-invitan-a-celebrar-el-dia-del-nino-con-la-tradicional-barrileteada\/\"]}]},{\"@type\":\"ImageObject\",\"inLanguage\":\"es-AR\",\"@id\":\"https:\/\/apuntesdesanluis.com\/index.php\/2024\/08\/28\/merlo-invitan-a-celebrar-el-dia-del-nino-con-la-tradicional-barrileteada\/#primaryimage\",\"url\":\"https:\/\/apuntesdesanluis.com\/wp-content\/uploads\/2024\/08\/BARRILETEADA-EN-MERLO.jpg\",\"contentUrl\":\"https:\/\/apuntesdesanluis.com\/wp-content\/uploads\/2024\/08\/BARRILETEADA-EN-MERLO.jpg\",\"width\":700,\"height\":465},{\"@type\":\"BreadcrumbList\",\"@id\":\"https:\/\/apuntesdesanluis.com\/index.php\/2024\/08\/28\/merlo-invitan-a-celebrar-el-dia-del-nino-con-la-tradicional-barrileteada\/#breadcrumb\",\"itemListElement\":[{\"@type\":\"ListItem\",\"position\":1,\"name\":\"Inicio\",\"item\":\"https:\/\/apuntesdesanluis.com\/\"},{\"@type\":\"ListItem\",\"position\":2,\"name\":\"MERLO: INVITAN A CELEBRAR EL D\u00cdA DEL NI\u00d1O CON LA TRADICIONAL BARRILETEADA\"}]},{\"@type\":\"WebSite\",\"@id\":\"https:\/\/apuntesdesanluis.com\/#website\",\"url\":\"https:\/\/apuntesdesanluis.com\/\",\"name\":\"Apuntes de San Luis\",\"description\":\"\",\"publisher\":{\"@id\":\"https:\/\/apuntesdesanluis.com\/#\/schema\/person\/b55151d52296fcce64d1a72538a70b90\"},\"potentialAction\":[{\"@type\":\"SearchAction\",\"target\":{\"@type\":\"EntryPoint\",\"urlTemplate\":\"https:\/\/apuntesdesanluis.com\/?s={search_term_string}\"},\"query-input\":{\"@type\":\"PropertyValueSpecification\",\"valueRequired\":true,\"valueName\":\"search_term_string\"}}],\"inLanguage\":\"es-AR\"},{\"@type\":[\"Person\",\"Organization\"],\"@id\":\"https:\/\/apuntesdesanluis.com\/#\/schema\/person\/b55151d52296fcce64d1a72538a70b90\",\"name\":\"apuntesdesanluis.com\",\"image\":{\"@type\":\"ImageObject\",\"inLanguage\":\"es-AR\",\"@id\":\"https:\/\/apuntesdesanluis.com\/#\/schema\/person\/image\/\",\"url\":\"https:\/\/apuntesdesanluis.com\/wp-content\/uploads\/2023\/07\/cropped-apuntesdesanluis.png\",\"contentUrl\":\"https:\/\/apuntesdesanluis.com\/wp-content\/uploads\/2023\/07\/cropped-apuntesdesanluis.png\",\"width\":450,\"height\":112,\"caption\":\"apuntesdesanluis.com\"},\"logo\":{\"@id\":\"https:\/\/apuntesdesanluis.com\/#\/schema\/person\/image\/\"},\"sameAs\":[\"https:\/\/apuntesdesanluis.com\"],\"url\":\"https:\/\/apuntesdesanluis.com\/index.php\/author\/apuntesdesanluis-com\/\"}]}<\/script>\n<!-- \/ Yoast SEO plugin. -->","yoast_head_json":{"title":"MERLO: INVITAN A CELEBRAR EL D\u00cdA DEL NI\u00d1O CON LA TRADICIONAL BARRILETEADA - Apuntes de San Luis","robots":{"index":"index","follow":"follow","max-snippet":"max-snippet:-1","max-image-preview":"max-image-preview:large","max-video-preview":"max-video-preview:-1"},"canonical":"https:\/\/apuntesdesanluis.com\/index.php\/2024\/08\/28\/merlo-invitan-a-celebrar-el-dia-del-nino-con-la-tradicional-barrileteada\/","og_locale":"es_ES","og_type":"article","og_title":"MERLO: INVITAN A CELEBRAR EL D\u00cdA DEL NI\u00d1O CON LA TRADICIONAL BARRILETEADA - Apuntes de San Luis","og_description":"Ser\u00e1 el pr\u00f3ximo domingo 1 de septiembre, en la Plaza saludable del barrio \u201cLos Fresnos\u201d...","og_url":"https:\/\/apuntesdesanluis.com\/index.php\/2024\/08\/28\/merlo-invitan-a-celebrar-el-dia-del-nino-con-la-tradicional-barrileteada\/","og_site_name":"Apuntes de San Luis","article_published_time":"2024-08-29T00:06:15+00:00","og_image":[{"width":700,"height":465,"url":"https:\/\/apuntesdesanluis.com\/wp-content\/uploads\/2024\/08\/BARRILETEADA-EN-MERLO.jpg","type":"image\/jpeg"}],"author":"apuntesdesanluis.com","twitter_card":"summary_large_image","twitter_misc":{"Escrito por":"apuntesdesanluis.com","Tiempo de lectura":"2 minutos"},"schema":{"@context":"https:\/\/schema.org","@graph":[{"@type":"Article","@id":"https:\/\/apuntesdesanluis.com\/index.php\/2024\/08\/28\/merlo-invitan-a-celebrar-el-dia-del-nino-con-la-tradicional-barrileteada\/#article","isPartOf":{"@id":"https:\/\/apuntesdesanluis.com\/index.php\/2024\/08\/28\/merlo-invitan-a-celebrar-el-dia-del-nino-con-la-tradicional-barrileteada\/"},"author":{"name":"apuntesdesanluis.com","@id":"https:\/\/apuntesdesanluis.com\/#\/schema\/person\/b55151d52296fcce64d1a72538a70b90"},"headline":"MERLO: INVITAN A CELEBRAR EL D\u00cdA DEL NI\u00d1O CON LA TRADICIONAL BARRILETEADA","datePublished":"2024-08-29T00:06:15+00:00","mainEntityOfPage":{"@id":"https:\/\/apuntesdesanluis.com\/index.php\/2024\/08\/28\/merlo-invitan-a-celebrar-el-dia-del-nino-con-la-tradicional-barrileteada\/"},"wordCount":253,"publisher":{"@id":"https:\/\/apuntesdesanluis.com\/#\/schema\/person\/b55151d52296fcce64d1a72538a70b90"},"image":{"@id":"https:\/\/apuntesdesanluis.com\/index.php\/2024\/08\/28\/merlo-invitan-a-celebrar-el-dia-del-nino-con-la-tradicional-barrileteada\/#primaryimage"},"thumbnailUrl":"https:\/\/apuntesdesanluis.com\/wp-content\/uploads\/2024\/08\/BARRILETEADA-EN-MERLO.jpg","articleSection":["Ciudad\/Provincia"],"inLanguage":"es-AR"},{"@type":"WebPage","@id":"https:\/\/apuntesdesanluis.com\/index.php\/2024\/08\/28\/merlo-invitan-a-celebrar-el-dia-del-nino-con-la-tradicional-barrileteada\/","url":"https:\/\/apuntesdesanluis.com\/index.php\/2024\/08\/28\/merlo-invitan-a-celebrar-el-dia-del-nino-con-la-tradicional-barrileteada\/","name":"MERLO: INVITAN A CELEBRAR EL D\u00cdA DEL NI\u00d1O CON LA TRADICIONAL BARRILETEADA - Apuntes de San Luis","isPartOf":{"@id":"https:\/\/apuntesdesanluis.com\/#website"},"primaryImageOfPage":{"@id":"https:\/\/apuntesdesanluis.com\/index.php\/2024\/08\/28\/merlo-invitan-a-celebrar-el-dia-del-nino-con-la-tradicional-barrileteada\/#primaryimage"},"image":{"@id":"https:\/\/apuntesdesanluis.com\/index.php\/2024\/08\/28\/merlo-invitan-a-celebrar-el-dia-del-nino-con-la-tradicional-barrileteada\/#primaryimage"},"thumbnailUrl":"https:\/\/apuntesdesanluis.com\/wp-content\/uploads\/2024\/08\/BARRILETEADA-EN-MERLO.jpg","datePublished":"2024-08-29T00:06:15+00:00","breadcrumb":{"@id":"https:\/\/apuntesdesanluis.com\/index.php\/2024\/08\/28\/merlo-invitan-a-celebrar-el-dia-del-nino-con-la-tradicional-barrileteada\/#breadcrumb"},"inLanguage":"es-AR","potentialAction":[{"@type":"ReadAction","target":["https:\/\/apuntesdesanluis.com\/index.php\/2024\/08\/28\/merlo-invitan-a-celebrar-el-dia-del-nino-con-la-tradicional-barrileteada\/"]}]},{"@type":"ImageObject","inLanguage":"es-AR","@id":"https:\/\/apuntesdesanluis.com\/index.php\/2024\/08\/28\/merlo-invitan-a-celebrar-el-dia-del-nino-con-la-tradicional-barrileteada\/#primaryimage","url":"https:\/\/apuntesdesanluis.com\/wp-content\/uploads\/2024\/08\/BARRILETEADA-EN-MERLO.jpg","contentUrl":"https:\/\/apuntesdesanluis.com\/wp-content\/uploads\/2024\/08\/BARRILETEADA-EN-MERLO.jpg","width":700,"height":465},{"@type":"BreadcrumbList","@id":"https:\/\/apuntesdesanluis.com\/index.php\/2024\/08\/28\/merlo-invitan-a-celebrar-el-dia-del-nino-con-la-tradicional-barrileteada\/#breadcrumb","itemListElement":[{"@type":"ListItem","position":1,"name":"Inicio","item":"https:\/\/apuntesdesanluis.com\/"},{"@type":"ListItem","position":2,"name":"MERLO: INVITAN A CELEBRAR EL D\u00cdA DEL NI\u00d1O CON LA TRADICIONAL BARRILETEADA"}]},{"@type":"WebSite","@id":"https:\/\/apuntesdesanluis.com\/#website","url":"https:\/\/apuntesdesanluis.com\/","name":"Apuntes de San Luis","description":"","publisher":{"@id":"https:\/\/apuntesdesanluis.com\/#\/schema\/person\/b55151d52296fcce64d1a72538a70b90"},"potentialAction":[{"@type":"SearchAction","target":{"@type":"EntryPoint","urlTemplate":"https:\/\/apuntesdesanluis.com\/?s={search_term_string}"},"query-input":{"@type":"PropertyValueSpecification","valueRequired":true,"valueName":"search_term_string"}}],"inLanguage":"es-AR"},{"@type":["Person","Organization"],"@id":"https:\/\/apuntesdesanluis.com\/#\/schema\/person\/b55151d52296fcce64d1a72538a70b90","name":"apuntesdesanluis.com","image":{"@type":"ImageObject","inLanguage":"es-AR","@id":"https:\/\/apuntesdesanluis.com\/#\/schema\/person\/image\/","url":"https:\/\/apuntesdesanluis.com\/wp-content\/uploads\/2023\/07\/cropped-apuntesdesanluis.png","contentUrl":"https:\/\/apuntesdesanluis.com\/wp-content\/uploads\/2023\/07\/cropped-apuntesdesanluis.png","width":450,"height":112,"caption":"apuntesdesanluis.com"},"logo":{"@id":"https:\/\/apuntesdesanluis.com\/#\/schema\/person\/image\/"},"sameAs":["https:\/\/apuntesdesanluis.com"],"url":"https:\/\/apuntesdesanluis.com\/index.php\/author\/apuntesdesanluis-com\/"}]}},"featured_image_urls":{"full":["https:\/\/apuntesdesanluis.com\/wp-content\/uploads\/2024\/08\/BARRILETEADA-EN-MERLO.jpg",700,465,false],"thumbnail":["https:\/\/apuntesdesanluis.com\/wp-content\/uploads\/2024\/08\/BARRILETEADA-EN-MERLO-150x150.jpg",150,150,true],"medium":["https:\/\/apuntesdesanluis.com\/wp-content\/uploads\/2024\/08\/BARRILETEADA-EN-MERLO-300x199.jpg",300,199,true],"medium_large":["https:\/\/apuntesdesanluis.com\/wp-content\/uploads\/2024\/08\/BARRILETEADA-EN-MERLO.jpg",640,425,false],"large":["https:\/\/apuntesdesanluis.com\/wp-content\/uploads\/2024\/08\/BARRILETEADA-EN-MERLO.jpg",640,425,false],"1536x1536":["https:\/\/apuntesdesanluis.com\/wp-content\/uploads\/2024\/08\/BARRILETEADA-EN-MERLO.jpg",700,465,false],"2048x2048":["https:\/\/apuntesdesanluis.com\/wp-content\/uploads\/2024\/08\/BARRILETEADA-EN-MERLO.jpg",700,465,false],"newsever-slider-full":["https:\/\/apuntesdesanluis.com\/wp-content\/uploads\/2024\/08\/BARRILETEADA-EN-MERLO.jpg",700,465,false],"newsever-featured":["https:\/\/apuntesdesanluis.com\/wp-content\/uploads\/2024\/08\/BARRILETEADA-EN-MERLO.jpg",700,465,false],"newsever-medium":["https:\/\/apuntesdesanluis.com\/wp-content\/uploads\/2024\/08\/BARRILETEADA-EN-MERLO.jpg",700,465,false]},"author_info":{"display_name":"apuntesdesanluis.com","author_link":"https:\/\/apuntesdesanluis.com\/index.php\/author\/apuntesdesanluis-com\/"},"category_info":"<a href=\"https:\/\/apuntesdesanluis.com\/index.php\/category\/ciudad-provincia\/\" rel=\"category tag\">Ciudad\/Provincia<\/a>","tag_info":"Ciudad\/Provincia","comment_count":"0","_links":{"self":[{"href":"https:\/\/apuntesdesanluis.com\/index.php\/wp-json\/wp\/v2\/posts\/21463","targetHints":{"allow":["GET"]}}],"collection":[{"href":"https:\/\/apuntesdesanluis.com\/index.php\/wp-json\/wp\/v2\/posts"}],"about":[{"href":"https:\/\/apuntesdesanluis.com\/index.php\/wp-json\/wp\/v2\/types\/post"}],"author":[{"embeddable":true,"href":"https:\/\/apuntesdesanluis.com\/index.php\/wp-json\/wp\/v2\/users\/1"}],"replies":[{"embeddable":true,"href":"https:\/\/apuntesdesanluis.com\/index.php\/wp-json\/wp\/v2\/comments?post=21463"}],"version-history":[{"count":1,"href":"https:\/\/apuntesdesanluis.com\/index.php\/wp-json\/wp\/v2\/posts\/21463\/revisions"}],"predecessor-version":[{"id":21465,"href":"https:\/\/apuntesdesanluis.com\/index.php\/wp-json\/wp\/v2\/posts\/21463\/revisions\/21465"}],"wp:featuredmedia":[{"embeddable":true,"href":"https:\/\/apuntesdesanluis.com\/index.php\/wp-json\/wp\/v2\/media\/21464"}],"wp:attachment":[{"href":"https:\/\/apuntesdesanluis.com\/index.php\/wp-json\/wp\/v2\/media?parent=21463"}],"wp:term":[{"taxonomy":"category","embeddable":true,"href":"https:\/\/apuntesdesanluis.com\/index.php\/wp-json\/wp\/v2\/categories?post=21463"},{"taxonomy":"post_tag","embeddable":true,"href":"https:\/\/apuntesdesanluis.com\/index.php\/wp-json\/wp\/v2\/tags?post=21463"}],"curies":[{"name":"wp","href":"https:\/\/api.w.org\/{rel}","templated":true}]}}