{"id":21487,"date":"2024-08-28T22:40:45","date_gmt":"2024-08-29T01:40:45","guid":{"rendered":"https:\/\/apuntesdesanluis.com\/?p=21487"},"modified":"2024-08-28T22:40:45","modified_gmt":"2024-08-29T01:40:45","slug":"diez-gobernadores-participaran-de-una-reunion-sobre-logistica-y-le-pediran-a-nacion-mas-fondos-para-obras","status":"publish","type":"post","link":"https:\/\/apuntesdesanluis.com\/index.php\/2024\/08\/28\/diez-gobernadores-participaran-de-una-reunion-sobre-logistica-y-le-pediran-a-nacion-mas-fondos-para-obras\/","title":{"rendered":"DIEZ GOBERNADORES PARTICIPAR\u00c1N DE UNA REUNI\u00d3N SOBRE LOG\u00cdSTICA Y LE PEDIR\u00c1N A NACI\u00d3N M\u00c1S FONDOS PARA OBRAS"},"content":{"rendered":"<h3>Diez gobernadores de diverso origen pol\u00edtico y de todas las regiones del pa\u00eds participar\u00e1n entre ma\u00f1ana y el viernes de un encuentro organizado por el Consejo Federal de Inversiones (CFI) para abordar los principales desaf\u00edos en materia de desarrollo log\u00edstico, en tiempos en que la Casa Rosada mantiene la decisi\u00f3n de reducir al m\u00ednimo la obra p\u00fablica. En el encuentro, que se har\u00e1 en la sede del organismo, en el barrio porte\u00f1o de Retiro, se descuenta que habr\u00e1 reclamos a Naci\u00f3n.<\/h3>\n<h3>En la Cumbre Federal de Log\u00edstica est\u00e1 anunciado que participar\u00e1n ma\u00f1ana Leandro Zdero (Chaco) y Carlos Sadir (Jujuy); el viernes por la ma\u00f1ana ser\u00e1 el turno de Axel Kicillof (Buenos Aires), <strong>Claudio Poggi (San Luis)<\/strong> y Claudio Melella (Tierra del Fuego); y por la tarde Maximiliano Pullaro (Santa Fe), Rogelio Frigerio (Entre R\u00edos), Ignacio Torres (Chubut), Gerardo Zamora (Santiago del Estero) y Mart\u00edn Llaryora (C\u00f3rdoba).<\/h3>\n<h3>Los organizadores resaltaron en di\u00e1logo con Infobae la presencia de dirigentes de todas las regiones, pero tambi\u00e9n de todas las extracciones ideol\u00f3gicas y partidarias. En el encuentro -convocado en el marco de los 65 a\u00f1os del CFI- tiene previsto analizar \u201clas oportunidades y proyectos que tienen en materia log\u00edstica para potenciar los complejos productivos actuales y del futuro\u201d.<\/h3>\n<h3>Adem\u00e1s de la pol\u00edtica, tambi\u00e9n participar\u00e1n empresas del sector de la industria, el agro y los servicios, qui\u00e9nes van a exponer acerca de la operaci\u00f3n log\u00edstica actual y los pr\u00f3ximos pasos hacia una mayor competitividad en el comercio nacional e internacional. Tambi\u00e9n especialistas del transporte y organismos multilaterales compartir\u00e1n el presente del transporte de carga en la regi\u00f3n y el mundo, as\u00ed como las \u00faltimas tendencias e innovaciones que pueden hacer que la Argentina d\u00e9 un salto en la eficiencia de su sistema log\u00edstico.<\/h3>\n<h3>En el evento se expondr\u00e1 la Estrategia Federal Log\u00edstica que encararon el CFI y las provincias, una herramienta de planificaci\u00f3n y gesti\u00f3n donde participan el sector p\u00fablico y privado de todo el pa\u00eds. Esta iniciativa tiene como insumo clave la voz de las empresas, con la participaci\u00f3n de m\u00e1s de 500 productores y operadores log\u00edsticos, y la participaci\u00f3n de todos los organismos provinciales involucrados en la tem\u00e1tica. Por este abordaje integral hoy todas las provincias tienen a la log\u00edstica como una prioridad de agenda con resultados que atraen el inter\u00e9s de actores nacionales e internacionales comprometidos en promover el desarrollo y la integraci\u00f3n regional.<\/h3>\n<h3>Seg\u00fan explicaron en el CFI, la Estrategia Federal Log\u00edstica se tradujo en una cartera de m\u00e1s de 800 proyectos que apuntan a desarrollar infraestructura, mejorar servicios de transporte y sistemas operativos en equipamientos estrat\u00e9gicos, contar con recursos humanos capacitados, adecuar las regulaciones para una mayor agilizaci\u00f3n comercial, articular a las instituciones que intervienen en las distintas cadenas log\u00edsticas, y promover la sostenibilidad ambiental y econ\u00f3mica de las iniciativas que se lleven adelante.<\/h3>\n<h3>El titular del Consejo Federal de Inversiones, Ignacio Lamothe, asegur\u00f3 que \u201cla log\u00edstica es un factor central para el futuro del desarrollo federal. En un pa\u00eds de gran extensi\u00f3n geogr\u00e1fica como Argentina, el desaf\u00edo log\u00edstico es enorme. Tenemos todo lo que el mundo necesita. Tenemos que generar las condiciones para hacer las econom\u00edas m\u00e1s competitivas y ofrecer nuestra producci\u00f3n al mundo\u201d.<\/h3>\n<h3>Y agreg\u00f3 que que la Cumbre Federal de Log\u00edstica ser\u00e1 \u201cuna oportunidad para seguir trabajando en conjunto con el sector privado, los operadores log\u00edsticos y los equipos t\u00e9cnicos en una estrategia log\u00edstica federal y a largo plazo que mejore la manera en que se transporta la producci\u00f3n en todo nuestro territorio y hacia el mundo\u201d.<\/h3>\n<h3>El programa de actividades empieza el jueves a partir del mediod\u00eda, donde expondr\u00e1n referentes del sector sider\u00fargico, del sector agroindustrial y del combustible, como tambi\u00e9n del transporte terrestre, ferroviario y mar\u00edtimo. El viernes habr\u00e1 participaci\u00f3n del sector aerocomercial y del comercio electr\u00f3nico, al tiempo que participar\u00e1n funcionarios del Banco Mundial, de la CAF y de la CEPAL. En la primera jornada expondr\u00e1n los mandatarios provinciales y la segunda, los ocho restantes en dos turnos.<\/h3>\n<p>&nbsp;<\/p>\n<p>&nbsp;<\/p>\n<p>&nbsp;<\/p>\n<p>&nbsp;<\/p>\n<p>&nbsp;<\/p>\n<p>&nbsp;<\/p>\n","protected":false},"excerpt":{"rendered":"<p>Diez gobernadores de diverso origen pol\u00edtico y de todas las regiones del pa\u00eds participar\u00e1n entre&#8230;<\/p>\n","protected":false},"author":1,"featured_media":21488,"comment_status":"closed","ping_status":"closed","sticky":false,"template":"","format":"standard","meta":{"footnotes":""},"categories":[5],"tags":[],"class_list":["post-21487","post","type-post","status-publish","format-standard","has-post-thumbnail","hentry","category-nacionales-internacionales"],"yoast_head":"<!-- This site is optimized with the Yoast SEO plugin v26.1.1 - https:\/\/yoast.com\/wordpress\/plugins\/seo\/ -->\n<title>DIEZ GOBERNADORES PARTICIPAR\u00c1N DE UNA REUNI\u00d3N SOBRE LOG\u00cdSTICA Y LE PEDIR\u00c1N A NACI\u00d3N M\u00c1S FONDOS PARA OBRAS - Apuntes de San Luis<\/title>\n<meta name=\"robots\" content=\"index, follow, max-snippet:-1, max-image-preview:large, max-video-preview:-1\" \/>\n<link rel=\"canonical\" href=\"https:\/\/apuntesdesanluis.com\/index.php\/2024\/08\/28\/diez-gobernadores-participaran-de-una-reunion-sobre-logistica-y-le-pediran-a-nacion-mas-fondos-para-obras\/\" \/>\n<meta property=\"og:locale\" content=\"es_ES\" \/>\n<meta property=\"og:type\" content=\"article\" \/>\n<meta property=\"og:title\" content=\"DIEZ GOBERNADORES PARTICIPAR\u00c1N DE UNA REUNI\u00d3N SOBRE LOG\u00cdSTICA Y LE PEDIR\u00c1N A NACI\u00d3N M\u00c1S FONDOS PARA OBRAS - Apuntes de San Luis\" \/>\n<meta property=\"og:description\" content=\"Diez gobernadores de diverso origen pol\u00edtico y de todas las regiones del pa\u00eds participar\u00e1n entre...\" \/>\n<meta property=\"og:url\" content=\"https:\/\/apuntesdesanluis.com\/index.php\/2024\/08\/28\/diez-gobernadores-participaran-de-una-reunion-sobre-logistica-y-le-pediran-a-nacion-mas-fondos-para-obras\/\" \/>\n<meta property=\"og:site_name\" content=\"Apuntes de San Luis\" \/>\n<meta property=\"article:published_time\" content=\"2024-08-29T01:40:45+00:00\" \/>\n<meta property=\"og:image\" content=\"https:\/\/apuntesdesanluis.com\/wp-content\/uploads\/2024\/08\/gobernadores.png\" \/>\n\t<meta property=\"og:image:width\" content=\"847\" \/>\n\t<meta property=\"og:image:height\" content=\"478\" \/>\n\t<meta property=\"og:image:type\" content=\"image\/png\" \/>\n<meta name=\"author\" content=\"apuntesdesanluis.com\" \/>\n<meta name=\"twitter:card\" content=\"summary_large_image\" \/>\n<meta name=\"twitter:label1\" content=\"Escrito por\" \/>\n\t<meta name=\"twitter:data1\" content=\"apuntesdesanluis.com\" \/>\n\t<meta name=\"twitter:label2\" content=\"Tiempo de lectura\" \/>\n\t<meta name=\"twitter:data2\" content=\"4 minutos\" \/>\n<script type=\"application\/ld+json\" class=\"yoast-schema-graph\">{\"@context\":\"https:\/\/schema.org\",\"@graph\":[{\"@type\":\"Article\",\"@id\":\"https:\/\/apuntesdesanluis.com\/index.php\/2024\/08\/28\/diez-gobernadores-participaran-de-una-reunion-sobre-logistica-y-le-pediran-a-nacion-mas-fondos-para-obras\/#article\",\"isPartOf\":{\"@id\":\"https:\/\/apuntesdesanluis.com\/index.php\/2024\/08\/28\/diez-gobernadores-participaran-de-una-reunion-sobre-logistica-y-le-pediran-a-nacion-mas-fondos-para-obras\/\"},\"author\":{\"name\":\"apuntesdesanluis.com\",\"@id\":\"https:\/\/apuntesdesanluis.com\/#\/schema\/person\/b55151d52296fcce64d1a72538a70b90\"},\"headline\":\"DIEZ GOBERNADORES PARTICIPAR\u00c1N DE UNA REUNI\u00d3N SOBRE LOG\u00cdSTICA Y LE PEDIR\u00c1N A NACI\u00d3N M\u00c1S FONDOS PARA OBRAS\",\"datePublished\":\"2024-08-29T01:40:45+00:00\",\"mainEntityOfPage\":{\"@id\":\"https:\/\/apuntesdesanluis.com\/index.php\/2024\/08\/28\/diez-gobernadores-participaran-de-una-reunion-sobre-logistica-y-le-pediran-a-nacion-mas-fondos-para-obras\/\"},\"wordCount\":758,\"publisher\":{\"@id\":\"https:\/\/apuntesdesanluis.com\/#\/schema\/person\/b55151d52296fcce64d1a72538a70b90\"},\"image\":{\"@id\":\"https:\/\/apuntesdesanluis.com\/index.php\/2024\/08\/28\/diez-gobernadores-participaran-de-una-reunion-sobre-logistica-y-le-pediran-a-nacion-mas-fondos-para-obras\/#primaryimage\"},\"thumbnailUrl\":\"https:\/\/apuntesdesanluis.com\/wp-content\/uploads\/2024\/08\/gobernadores.png\",\"articleSection\":[\"Nacionales\/Internacionales\"],\"inLanguage\":\"es-AR\"},{\"@type\":\"WebPage\",\"@id\":\"https:\/\/apuntesdesanluis.com\/index.php\/2024\/08\/28\/diez-gobernadores-participaran-de-una-reunion-sobre-logistica-y-le-pediran-a-nacion-mas-fondos-para-obras\/\",\"url\":\"https:\/\/apuntesdesanluis.com\/index.php\/2024\/08\/28\/diez-gobernadores-participaran-de-una-reunion-sobre-logistica-y-le-pediran-a-nacion-mas-fondos-para-obras\/\",\"name\":\"DIEZ GOBERNADORES PARTICIPAR\u00c1N DE UNA REUNI\u00d3N SOBRE LOG\u00cdSTICA Y LE PEDIR\u00c1N A NACI\u00d3N M\u00c1S FONDOS PARA OBRAS - Apuntes de San Luis\",\"isPartOf\":{\"@id\":\"https:\/\/apuntesdesanluis.com\/#website\"},\"primaryImageOfPage\":{\"@id\":\"https:\/\/apuntesdesanluis.com\/index.php\/2024\/08\/28\/diez-gobernadores-participaran-de-una-reunion-sobre-logistica-y-le-pediran-a-nacion-mas-fondos-para-obras\/#primaryimage\"},\"image\":{\"@id\":\"https:\/\/apuntesdesanluis.com\/index.php\/2024\/08\/28\/diez-gobernadores-participaran-de-una-reunion-sobre-logistica-y-le-pediran-a-nacion-mas-fondos-para-obras\/#primaryimage\"},\"thumbnailUrl\":\"https:\/\/apuntesdesanluis.com\/wp-content\/uploads\/2024\/08\/gobernadores.png\",\"datePublished\":\"2024-08-29T01:40:45+00:00\",\"breadcrumb\":{\"@id\":\"https:\/\/apuntesdesanluis.com\/index.php\/2024\/08\/28\/diez-gobernadores-participaran-de-una-reunion-sobre-logistica-y-le-pediran-a-nacion-mas-fondos-para-obras\/#breadcrumb\"},\"inLanguage\":\"es-AR\",\"potentialAction\":[{\"@type\":\"ReadAction\",\"target\":[\"https:\/\/apuntesdesanluis.com\/index.php\/2024\/08\/28\/diez-gobernadores-participaran-de-una-reunion-sobre-logistica-y-le-pediran-a-nacion-mas-fondos-para-obras\/\"]}]},{\"@type\":\"ImageObject\",\"inLanguage\":\"es-AR\",\"@id\":\"https:\/\/apuntesdesanluis.com\/index.php\/2024\/08\/28\/diez-gobernadores-participaran-de-una-reunion-sobre-logistica-y-le-pediran-a-nacion-mas-fondos-para-obras\/#primaryimage\",\"url\":\"https:\/\/apuntesdesanluis.com\/wp-content\/uploads\/2024\/08\/gobernadores.png\",\"contentUrl\":\"https:\/\/apuntesdesanluis.com\/wp-content\/uploads\/2024\/08\/gobernadores.png\",\"width\":847,\"height\":478},{\"@type\":\"BreadcrumbList\",\"@id\":\"https:\/\/apuntesdesanluis.com\/index.php\/2024\/08\/28\/diez-gobernadores-participaran-de-una-reunion-sobre-logistica-y-le-pediran-a-nacion-mas-fondos-para-obras\/#breadcrumb\",\"itemListElement\":[{\"@type\":\"ListItem\",\"position\":1,\"name\":\"Inicio\",\"item\":\"https:\/\/apuntesdesanluis.com\/\"},{\"@type\":\"ListItem\",\"position\":2,\"name\":\"DIEZ GOBERNADORES PARTICIPAR\u00c1N DE UNA REUNI\u00d3N SOBRE LOG\u00cdSTICA Y LE PEDIR\u00c1N A NACI\u00d3N M\u00c1S FONDOS PARA OBRAS\"}]},{\"@type\":\"WebSite\",\"@id\":\"https:\/\/apuntesdesanluis.com\/#website\",\"url\":\"https:\/\/apuntesdesanluis.com\/\",\"name\":\"Apuntes de San Luis\",\"description\":\"\",\"publisher\":{\"@id\":\"https:\/\/apuntesdesanluis.com\/#\/schema\/person\/b55151d52296fcce64d1a72538a70b90\"},\"potentialAction\":[{\"@type\":\"SearchAction\",\"target\":{\"@type\":\"EntryPoint\",\"urlTemplate\":\"https:\/\/apuntesdesanluis.com\/?s={search_term_string}\"},\"query-input\":{\"@type\":\"PropertyValueSpecification\",\"valueRequired\":true,\"valueName\":\"search_term_string\"}}],\"inLanguage\":\"es-AR\"},{\"@type\":[\"Person\",\"Organization\"],\"@id\":\"https:\/\/apuntesdesanluis.com\/#\/schema\/person\/b55151d52296fcce64d1a72538a70b90\",\"name\":\"apuntesdesanluis.com\",\"image\":{\"@type\":\"ImageObject\",\"inLanguage\":\"es-AR\",\"@id\":\"https:\/\/apuntesdesanluis.com\/#\/schema\/person\/image\/\",\"url\":\"https:\/\/apuntesdesanluis.com\/wp-content\/uploads\/2023\/07\/cropped-apuntesdesanluis.png\",\"contentUrl\":\"https:\/\/apuntesdesanluis.com\/wp-content\/uploads\/2023\/07\/cropped-apuntesdesanluis.png\",\"width\":450,\"height\":112,\"caption\":\"apuntesdesanluis.com\"},\"logo\":{\"@id\":\"https:\/\/apuntesdesanluis.com\/#\/schema\/person\/image\/\"},\"sameAs\":[\"https:\/\/apuntesdesanluis.com\"],\"url\":\"https:\/\/apuntesdesanluis.com\/index.php\/author\/apuntesdesanluis-com\/\"}]}<\/script>\n<!-- \/ Yoast SEO plugin. -->","yoast_head_json":{"title":"DIEZ GOBERNADORES PARTICIPAR\u00c1N DE UNA REUNI\u00d3N SOBRE LOG\u00cdSTICA Y LE PEDIR\u00c1N A NACI\u00d3N M\u00c1S FONDOS PARA OBRAS - Apuntes de San Luis","robots":{"index":"index","follow":"follow","max-snippet":"max-snippet:-1","max-image-preview":"max-image-preview:large","max-video-preview":"max-video-preview:-1"},"canonical":"https:\/\/apuntesdesanluis.com\/index.php\/2024\/08\/28\/diez-gobernadores-participaran-de-una-reunion-sobre-logistica-y-le-pediran-a-nacion-mas-fondos-para-obras\/","og_locale":"es_ES","og_type":"article","og_title":"DIEZ GOBERNADORES PARTICIPAR\u00c1N DE UNA REUNI\u00d3N SOBRE LOG\u00cdSTICA Y LE PEDIR\u00c1N A NACI\u00d3N M\u00c1S FONDOS PARA OBRAS - Apuntes de San Luis","og_description":"Diez gobernadores de diverso origen pol\u00edtico y de todas las regiones del pa\u00eds participar\u00e1n entre...","og_url":"https:\/\/apuntesdesanluis.com\/index.php\/2024\/08\/28\/diez-gobernadores-participaran-de-una-reunion-sobre-logistica-y-le-pediran-a-nacion-mas-fondos-para-obras\/","og_site_name":"Apuntes de San Luis","article_published_time":"2024-08-29T01:40:45+00:00","og_image":[{"width":847,"height":478,"url":"https:\/\/apuntesdesanluis.com\/wp-content\/uploads\/2024\/08\/gobernadores.png","type":"image\/png"}],"author":"apuntesdesanluis.com","twitter_card":"summary_large_image","twitter_misc":{"Escrito por":"apuntesdesanluis.com","Tiempo de lectura":"4 minutos"},"schema":{"@context":"https:\/\/schema.org","@graph":[{"@type":"Article","@id":"https:\/\/apuntesdesanluis.com\/index.php\/2024\/08\/28\/diez-gobernadores-participaran-de-una-reunion-sobre-logistica-y-le-pediran-a-nacion-mas-fondos-para-obras\/#article","isPartOf":{"@id":"https:\/\/apuntesdesanluis.com\/index.php\/2024\/08\/28\/diez-gobernadores-participaran-de-una-reunion-sobre-logistica-y-le-pediran-a-nacion-mas-fondos-para-obras\/"},"author":{"name":"apuntesdesanluis.com","@id":"https:\/\/apuntesdesanluis.com\/#\/schema\/person\/b55151d52296fcce64d1a72538a70b90"},"headline":"DIEZ GOBERNADORES PARTICIPAR\u00c1N DE UNA REUNI\u00d3N SOBRE LOG\u00cdSTICA Y LE PEDIR\u00c1N A NACI\u00d3N M\u00c1S FONDOS PARA OBRAS","datePublished":"2024-08-29T01:40:45+00:00","mainEntityOfPage":{"@id":"https:\/\/apuntesdesanluis.com\/index.php\/2024\/08\/28\/diez-gobernadores-participaran-de-una-reunion-sobre-logistica-y-le-pediran-a-nacion-mas-fondos-para-obras\/"},"wordCount":758,"publisher":{"@id":"https:\/\/apuntesdesanluis.com\/#\/schema\/person\/b55151d52296fcce64d1a72538a70b90"},"image":{"@id":"https:\/\/apuntesdesanluis.com\/index.php\/2024\/08\/28\/diez-gobernadores-participaran-de-una-reunion-sobre-logistica-y-le-pediran-a-nacion-mas-fondos-para-obras\/#primaryimage"},"thumbnailUrl":"https:\/\/apuntesdesanluis.com\/wp-content\/uploads\/2024\/08\/gobernadores.png","articleSection":["Nacionales\/Internacionales"],"inLanguage":"es-AR"},{"@type":"WebPage","@id":"https:\/\/apuntesdesanluis.com\/index.php\/2024\/08\/28\/diez-gobernadores-participaran-de-una-reunion-sobre-logistica-y-le-pediran-a-nacion-mas-fondos-para-obras\/","url":"https:\/\/apuntesdesanluis.com\/index.php\/2024\/08\/28\/diez-gobernadores-participaran-de-una-reunion-sobre-logistica-y-le-pediran-a-nacion-mas-fondos-para-obras\/","name":"DIEZ GOBERNADORES PARTICIPAR\u00c1N DE UNA REUNI\u00d3N SOBRE LOG\u00cdSTICA Y LE PEDIR\u00c1N A NACI\u00d3N M\u00c1S FONDOS PARA OBRAS - Apuntes de San Luis","isPartOf":{"@id":"https:\/\/apuntesdesanluis.com\/#website"},"primaryImageOfPage":{"@id":"https:\/\/apuntesdesanluis.com\/index.php\/2024\/08\/28\/diez-gobernadores-participaran-de-una-reunion-sobre-logistica-y-le-pediran-a-nacion-mas-fondos-para-obras\/#primaryimage"},"image":{"@id":"https:\/\/apuntesdesanluis.com\/index.php\/2024\/08\/28\/diez-gobernadores-participaran-de-una-reunion-sobre-logistica-y-le-pediran-a-nacion-mas-fondos-para-obras\/#primaryimage"},"thumbnailUrl":"https:\/\/apuntesdesanluis.com\/wp-content\/uploads\/2024\/08\/gobernadores.png","datePublished":"2024-08-29T01:40:45+00:00","breadcrumb":{"@id":"https:\/\/apuntesdesanluis.com\/index.php\/2024\/08\/28\/diez-gobernadores-participaran-de-una-reunion-sobre-logistica-y-le-pediran-a-nacion-mas-fondos-para-obras\/#breadcrumb"},"inLanguage":"es-AR","potentialAction":[{"@type":"ReadAction","target":["https:\/\/apuntesdesanluis.com\/index.php\/2024\/08\/28\/diez-gobernadores-participaran-de-una-reunion-sobre-logistica-y-le-pediran-a-nacion-mas-fondos-para-obras\/"]}]},{"@type":"ImageObject","inLanguage":"es-AR","@id":"https:\/\/apuntesdesanluis.com\/index.php\/2024\/08\/28\/diez-gobernadores-participaran-de-una-reunion-sobre-logistica-y-le-pediran-a-nacion-mas-fondos-para-obras\/#primaryimage","url":"https:\/\/apuntesdesanluis.com\/wp-content\/uploads\/2024\/08\/gobernadores.png","contentUrl":"https:\/\/apuntesdesanluis.com\/wp-content\/uploads\/2024\/08\/gobernadores.png","width":847,"height":478},{"@type":"BreadcrumbList","@id":"https:\/\/apuntesdesanluis.com\/index.php\/2024\/08\/28\/diez-gobernadores-participaran-de-una-reunion-sobre-logistica-y-le-pediran-a-nacion-mas-fondos-para-obras\/#breadcrumb","itemListElement":[{"@type":"ListItem","position":1,"name":"Inicio","item":"https:\/\/apuntesdesanluis.com\/"},{"@type":"ListItem","position":2,"name":"DIEZ GOBERNADORES PARTICIPAR\u00c1N DE UNA REUNI\u00d3N SOBRE LOG\u00cdSTICA Y LE PEDIR\u00c1N A NACI\u00d3N M\u00c1S FONDOS PARA OBRAS"}]},{"@type":"WebSite","@id":"https:\/\/apuntesdesanluis.com\/#website","url":"https:\/\/apuntesdesanluis.com\/","name":"Apuntes de San Luis","description":"","publisher":{"@id":"https:\/\/apuntesdesanluis.com\/#\/schema\/person\/b55151d52296fcce64d1a72538a70b90"},"potentialAction":[{"@type":"SearchAction","target":{"@type":"EntryPoint","urlTemplate":"https:\/\/apuntesdesanluis.com\/?s={search_term_string}"},"query-input":{"@type":"PropertyValueSpecification","valueRequired":true,"valueName":"search_term_string"}}],"inLanguage":"es-AR"},{"@type":["Person","Organization"],"@id":"https:\/\/apuntesdesanluis.com\/#\/schema\/person\/b55151d52296fcce64d1a72538a70b90","name":"apuntesdesanluis.com","image":{"@type":"ImageObject","inLanguage":"es-AR","@id":"https:\/\/apuntesdesanluis.com\/#\/schema\/person\/image\/","url":"https:\/\/apuntesdesanluis.com\/wp-content\/uploads\/2023\/07\/cropped-apuntesdesanluis.png","contentUrl":"https:\/\/apuntesdesanluis.com\/wp-content\/uploads\/2023\/07\/cropped-apuntesdesanluis.png","width":450,"height":112,"caption":"apuntesdesanluis.com"},"logo":{"@id":"https:\/\/apuntesdesanluis.com\/#\/schema\/person\/image\/"},"sameAs":["https:\/\/apuntesdesanluis.com"],"url":"https:\/\/apuntesdesanluis.com\/index.php\/author\/apuntesdesanluis-com\/"}]}},"featured_image_urls":{"full":["https:\/\/apuntesdesanluis.com\/wp-content\/uploads\/2024\/08\/gobernadores.png",847,478,false],"thumbnail":["https:\/\/apuntesdesanluis.com\/wp-content\/uploads\/2024\/08\/gobernadores-150x150.png",150,150,true],"medium":["https:\/\/apuntesdesanluis.com\/wp-content\/uploads\/2024\/08\/gobernadores-300x169.png",300,169,true],"medium_large":["https:\/\/apuntesdesanluis.com\/wp-content\/uploads\/2024\/08\/gobernadores-768x433.png",640,361,true],"large":["https:\/\/apuntesdesanluis.com\/wp-content\/uploads\/2024\/08\/gobernadores.png",640,361,false],"1536x1536":["https:\/\/apuntesdesanluis.com\/wp-content\/uploads\/2024\/08\/gobernadores.png",847,478,false],"2048x2048":["https:\/\/apuntesdesanluis.com\/wp-content\/uploads\/2024\/08\/gobernadores.png",847,478,false],"newsever-slider-full":["https:\/\/apuntesdesanluis.com\/wp-content\/uploads\/2024\/08\/gobernadores.png",847,478,false],"newsever-featured":["https:\/\/apuntesdesanluis.com\/wp-content\/uploads\/2024\/08\/gobernadores.png",847,478,false],"newsever-medium":["https:\/\/apuntesdesanluis.com\/wp-content\/uploads\/2024\/08\/gobernadores-720x475.png",720,475,true]},"author_info":{"display_name":"apuntesdesanluis.com","author_link":"https:\/\/apuntesdesanluis.com\/index.php\/author\/apuntesdesanluis-com\/"},"category_info":"<a href=\"https:\/\/apuntesdesanluis.com\/index.php\/category\/nacionales-internacionales\/\" rel=\"category tag\">Nacionales\/Internacionales<\/a>","tag_info":"Nacionales\/Internacionales","comment_count":"0","_links":{"self":[{"href":"https:\/\/apuntesdesanluis.com\/index.php\/wp-json\/wp\/v2\/posts\/21487","targetHints":{"allow":["GET"]}}],"collection":[{"href":"https:\/\/apuntesdesanluis.com\/index.php\/wp-json\/wp\/v2\/posts"}],"about":[{"href":"https:\/\/apuntesdesanluis.com\/index.php\/wp-json\/wp\/v2\/types\/post"}],"author":[{"embeddable":true,"href":"https:\/\/apuntesdesanluis.com\/index.php\/wp-json\/wp\/v2\/users\/1"}],"replies":[{"embeddable":true,"href":"https:\/\/apuntesdesanluis.com\/index.php\/wp-json\/wp\/v2\/comments?post=21487"}],"version-history":[{"count":1,"href":"https:\/\/apuntesdesanluis.com\/index.php\/wp-json\/wp\/v2\/posts\/21487\/revisions"}],"predecessor-version":[{"id":21489,"href":"https:\/\/apuntesdesanluis.com\/index.php\/wp-json\/wp\/v2\/posts\/21487\/revisions\/21489"}],"wp:featuredmedia":[{"embeddable":true,"href":"https:\/\/apuntesdesanluis.com\/index.php\/wp-json\/wp\/v2\/media\/21488"}],"wp:attachment":[{"href":"https:\/\/apuntesdesanluis.com\/index.php\/wp-json\/wp\/v2\/media?parent=21487"}],"wp:term":[{"taxonomy":"category","embeddable":true,"href":"https:\/\/apuntesdesanluis.com\/index.php\/wp-json\/wp\/v2\/categories?post=21487"},{"taxonomy":"post_tag","embeddable":true,"href":"https:\/\/apuntesdesanluis.com\/index.php\/wp-json\/wp\/v2\/tags?post=21487"}],"curies":[{"name":"wp","href":"https:\/\/api.w.org\/{rel}","templated":true}]}}