{"id":21501,"date":"2024-08-29T21:09:09","date_gmt":"2024-08-30T00:09:09","guid":{"rendered":"https:\/\/apuntesdesanluis.com\/?p=21501"},"modified":"2024-08-29T21:14:53","modified_gmt":"2024-08-30T00:14:53","slug":"invitan-a-jornada-de-concientizacion-y-prevencion-del-bulling","status":"publish","type":"post","link":"https:\/\/apuntesdesanluis.com\/index.php\/2024\/08\/29\/invitan-a-jornada-de-concientizacion-y-prevencion-del-bulling\/","title":{"rendered":"INVITAN A JORNADA DE CONCIENTIZACI\u00d3N Y PREVENCI\u00d3N DEL BULLING"},"content":{"rendered":"<h3>Es organizada por la <strong>Fundaci\u00f3n TEESSA<\/strong> y se desarrollar\u00e1 el pr\u00f3ximo 7 de setiembre, en la Casa de la Cultura de Villa Mercedes.<\/h3>\n<h3>La misma est\u00e1 dirigida a directivos, docentes, no docentes y p\u00fablico en general.<\/h3>\n<p><img fetchpriority=\"high\" decoding=\"async\" class=\"wp-image-21503 aligncenter\" src=\"https:\/\/apuntesdesanluis.com\/wp-content\/uploads\/2024\/08\/fundacion-teessa-300x208.png\" alt=\"\" width=\"573\" height=\"397\" srcset=\"https:\/\/apuntesdesanluis.com\/wp-content\/uploads\/2024\/08\/fundacion-teessa-300x208.png 300w, https:\/\/apuntesdesanluis.com\/wp-content\/uploads\/2024\/08\/fundacion-teessa-768x531.png 768w, https:\/\/apuntesdesanluis.com\/wp-content\/uploads\/2024\/08\/fundacion-teessa.png 837w\" sizes=\"(max-width: 573px) 100vw, 573px\" \/><\/p>\n<h3>La Fundaci\u00f3n Teessa inform\u00f3 que se trata de una jornada de capacitaci\u00f3n sobre el bulling en las instituciones escolares y en la sociedad, que contar\u00e1 con la participaci\u00f3n de oradores con gran trayectoria.<\/h3>\n<h3>Uno de los expositores representa a la <strong>Alianza Sanluise\u00f1a Anti-bullyng Escolar<\/strong> (ASAE), en tanto que otro es el especialista en ciberseguridad, <strong>Mag. Walter Ag\u00fcero<\/strong>.<\/h3>\n<p><img decoding=\"async\" class=\"wp-image-21504 aligncenter\" src=\"https:\/\/apuntesdesanluis.com\/wp-content\/uploads\/2024\/08\/assae-aguero-300x172.png\" alt=\"\" width=\"644\" height=\"369\" srcset=\"https:\/\/apuntesdesanluis.com\/wp-content\/uploads\/2024\/08\/assae-aguero-300x172.png 300w, https:\/\/apuntesdesanluis.com\/wp-content\/uploads\/2024\/08\/assae-aguero.png 698w\" sizes=\"(max-width: 644px) 100vw, 644px\" \/><\/p>\n<h3>Desde la Fundaci\u00f3n Teessa aclararon que la capacitaci\u00f3n integral cuenta con aprobaci\u00f3n ministerial y otorga puntaje docente.<\/h3>\n<h3>Para inscribirse en esta actividad que se realizar\u00e1 el 7 de septiembre a las 08:00 h en Casa de la Cultura (Pedernera 553, Villa Mercedes), hay que completar el siguiente <span style=\"color: #3366ff;\"><strong><a style=\"color: #3366ff;\" href=\"https:\/\/docs.google.com\/forms\/d\/1J0S4OIb0LwQ82wmt9Q3stdqPMcBlKLAg1QYXiFdKqhI\/viewform?edit_requested=true\" target=\"_blank\" rel=\"noopener\">FORMULARIO<\/a><\/strong><\/span><\/h3>\n<p>&nbsp;<\/p>\n<p><img decoding=\"async\" class=\"wp-image-21507 aligncenter\" src=\"https:\/\/apuntesdesanluis.com\/wp-content\/uploads\/2024\/08\/jornada-300x165.jpg\" alt=\"\" width=\"651\" height=\"358\" srcset=\"https:\/\/apuntesdesanluis.com\/wp-content\/uploads\/2024\/08\/jornada-300x165.jpg 300w, https:\/\/apuntesdesanluis.com\/wp-content\/uploads\/2024\/08\/jornada.jpg 720w\" sizes=\"(max-width: 651px) 100vw, 651px\" \/><\/p>\n<p>&nbsp;<\/p>\n<p>&nbsp;<\/p>\n<p>&nbsp;<\/p>\n<p>&nbsp;<\/p>\n<p>&nbsp;<\/p>\n<p>&nbsp;<\/p>\n<p>&nbsp;<\/p>\n<p>&nbsp;<\/p>\n<p>&nbsp;<\/p>\n","protected":false},"excerpt":{"rendered":"<p>Es organizada por la Fundaci\u00f3n TEESSA y se desarrollar\u00e1 el pr\u00f3ximo 7 de setiembre, en&#8230;<\/p>\n","protected":false},"author":1,"featured_media":21502,"comment_status":"closed","ping_status":"closed","sticky":false,"template":"","format":"standard","meta":{"footnotes":""},"categories":[6],"tags":[],"class_list":["post-21501","post","type-post","status-publish","format-standard","has-post-thumbnail","hentry","category-ciudad-provincia"],"yoast_head":"<!-- This site is optimized with the Yoast SEO plugin v26.1.1 - https:\/\/yoast.com\/wordpress\/plugins\/seo\/ -->\n<title>INVITAN A JORNADA DE CONCIENTIZACI\u00d3N Y PREVENCI\u00d3N DEL BULLING - Apuntes de San Luis<\/title>\n<meta name=\"robots\" content=\"index, follow, max-snippet:-1, max-image-preview:large, max-video-preview:-1\" \/>\n<link rel=\"canonical\" href=\"https:\/\/apuntesdesanluis.com\/index.php\/2024\/08\/29\/invitan-a-jornada-de-concientizacion-y-prevencion-del-bulling\/\" \/>\n<meta property=\"og:locale\" content=\"es_ES\" \/>\n<meta property=\"og:type\" content=\"article\" \/>\n<meta property=\"og:title\" content=\"INVITAN A JORNADA DE CONCIENTIZACI\u00d3N Y PREVENCI\u00d3N DEL BULLING - Apuntes de San Luis\" \/>\n<meta property=\"og:description\" content=\"Es organizada por la Fundaci\u00f3n TEESSA y se desarrollar\u00e1 el pr\u00f3ximo 7 de setiembre, en...\" \/>\n<meta property=\"og:url\" content=\"https:\/\/apuntesdesanluis.com\/index.php\/2024\/08\/29\/invitan-a-jornada-de-concientizacion-y-prevencion-del-bulling\/\" \/>\n<meta property=\"og:site_name\" content=\"Apuntes de San Luis\" \/>\n<meta property=\"article:published_time\" content=\"2024-08-30T00:09:09+00:00\" \/>\n<meta property=\"article:modified_time\" content=\"2024-08-30T00:14:53+00:00\" \/>\n<meta property=\"og:image\" content=\"https:\/\/apuntesdesanluis.com\/wp-content\/uploads\/2024\/08\/bulling-escolar.png\" \/>\n\t<meta property=\"og:image:width\" content=\"700\" \/>\n\t<meta property=\"og:image:height\" content=\"420\" \/>\n\t<meta property=\"og:image:type\" content=\"image\/png\" \/>\n<meta name=\"author\" content=\"apuntesdesanluis.com\" \/>\n<meta name=\"twitter:card\" content=\"summary_large_image\" \/>\n<meta name=\"twitter:label1\" content=\"Escrito por\" \/>\n\t<meta name=\"twitter:data1\" content=\"apuntesdesanluis.com\" \/>\n\t<meta name=\"twitter:label2\" content=\"Tiempo de lectura\" \/>\n\t<meta name=\"twitter:data2\" content=\"2 minutos\" \/>\n<script type=\"application\/ld+json\" class=\"yoast-schema-graph\">{\"@context\":\"https:\/\/schema.org\",\"@graph\":[{\"@type\":\"Article\",\"@id\":\"https:\/\/apuntesdesanluis.com\/index.php\/2024\/08\/29\/invitan-a-jornada-de-concientizacion-y-prevencion-del-bulling\/#article\",\"isPartOf\":{\"@id\":\"https:\/\/apuntesdesanluis.com\/index.php\/2024\/08\/29\/invitan-a-jornada-de-concientizacion-y-prevencion-del-bulling\/\"},\"author\":{\"name\":\"apuntesdesanluis.com\",\"@id\":\"https:\/\/apuntesdesanluis.com\/#\/schema\/person\/b55151d52296fcce64d1a72538a70b90\"},\"headline\":\"INVITAN A JORNADA DE CONCIENTIZACI\u00d3N Y PREVENCI\u00d3N DEL BULLING\",\"datePublished\":\"2024-08-30T00:09:09+00:00\",\"dateModified\":\"2024-08-30T00:14:53+00:00\",\"mainEntityOfPage\":{\"@id\":\"https:\/\/apuntesdesanluis.com\/index.php\/2024\/08\/29\/invitan-a-jornada-de-concientizacion-y-prevencion-del-bulling\/\"},\"wordCount\":169,\"publisher\":{\"@id\":\"https:\/\/apuntesdesanluis.com\/#\/schema\/person\/b55151d52296fcce64d1a72538a70b90\"},\"image\":{\"@id\":\"https:\/\/apuntesdesanluis.com\/index.php\/2024\/08\/29\/invitan-a-jornada-de-concientizacion-y-prevencion-del-bulling\/#primaryimage\"},\"thumbnailUrl\":\"https:\/\/apuntesdesanluis.com\/wp-content\/uploads\/2024\/08\/bulling-escolar.png\",\"articleSection\":[\"Ciudad\/Provincia\"],\"inLanguage\":\"es-AR\"},{\"@type\":\"WebPage\",\"@id\":\"https:\/\/apuntesdesanluis.com\/index.php\/2024\/08\/29\/invitan-a-jornada-de-concientizacion-y-prevencion-del-bulling\/\",\"url\":\"https:\/\/apuntesdesanluis.com\/index.php\/2024\/08\/29\/invitan-a-jornada-de-concientizacion-y-prevencion-del-bulling\/\",\"name\":\"INVITAN A JORNADA DE CONCIENTIZACI\u00d3N Y PREVENCI\u00d3N DEL BULLING - Apuntes de San Luis\",\"isPartOf\":{\"@id\":\"https:\/\/apuntesdesanluis.com\/#website\"},\"primaryImageOfPage\":{\"@id\":\"https:\/\/apuntesdesanluis.com\/index.php\/2024\/08\/29\/invitan-a-jornada-de-concientizacion-y-prevencion-del-bulling\/#primaryimage\"},\"image\":{\"@id\":\"https:\/\/apuntesdesanluis.com\/index.php\/2024\/08\/29\/invitan-a-jornada-de-concientizacion-y-prevencion-del-bulling\/#primaryimage\"},\"thumbnailUrl\":\"https:\/\/apuntesdesanluis.com\/wp-content\/uploads\/2024\/08\/bulling-escolar.png\",\"datePublished\":\"2024-08-30T00:09:09+00:00\",\"dateModified\":\"2024-08-30T00:14:53+00:00\",\"breadcrumb\":{\"@id\":\"https:\/\/apuntesdesanluis.com\/index.php\/2024\/08\/29\/invitan-a-jornada-de-concientizacion-y-prevencion-del-bulling\/#breadcrumb\"},\"inLanguage\":\"es-AR\",\"potentialAction\":[{\"@type\":\"ReadAction\",\"target\":[\"https:\/\/apuntesdesanluis.com\/index.php\/2024\/08\/29\/invitan-a-jornada-de-concientizacion-y-prevencion-del-bulling\/\"]}]},{\"@type\":\"ImageObject\",\"inLanguage\":\"es-AR\",\"@id\":\"https:\/\/apuntesdesanluis.com\/index.php\/2024\/08\/29\/invitan-a-jornada-de-concientizacion-y-prevencion-del-bulling\/#primaryimage\",\"url\":\"https:\/\/apuntesdesanluis.com\/wp-content\/uploads\/2024\/08\/bulling-escolar.png\",\"contentUrl\":\"https:\/\/apuntesdesanluis.com\/wp-content\/uploads\/2024\/08\/bulling-escolar.png\",\"width\":700,\"height\":420},{\"@type\":\"BreadcrumbList\",\"@id\":\"https:\/\/apuntesdesanluis.com\/index.php\/2024\/08\/29\/invitan-a-jornada-de-concientizacion-y-prevencion-del-bulling\/#breadcrumb\",\"itemListElement\":[{\"@type\":\"ListItem\",\"position\":1,\"name\":\"Inicio\",\"item\":\"https:\/\/apuntesdesanluis.com\/\"},{\"@type\":\"ListItem\",\"position\":2,\"name\":\"INVITAN A JORNADA DE CONCIENTIZACI\u00d3N Y PREVENCI\u00d3N DEL BULLING\"}]},{\"@type\":\"WebSite\",\"@id\":\"https:\/\/apuntesdesanluis.com\/#website\",\"url\":\"https:\/\/apuntesdesanluis.com\/\",\"name\":\"Apuntes de San Luis\",\"description\":\"\",\"publisher\":{\"@id\":\"https:\/\/apuntesdesanluis.com\/#\/schema\/person\/b55151d52296fcce64d1a72538a70b90\"},\"potentialAction\":[{\"@type\":\"SearchAction\",\"target\":{\"@type\":\"EntryPoint\",\"urlTemplate\":\"https:\/\/apuntesdesanluis.com\/?s={search_term_string}\"},\"query-input\":{\"@type\":\"PropertyValueSpecification\",\"valueRequired\":true,\"valueName\":\"search_term_string\"}}],\"inLanguage\":\"es-AR\"},{\"@type\":[\"Person\",\"Organization\"],\"@id\":\"https:\/\/apuntesdesanluis.com\/#\/schema\/person\/b55151d52296fcce64d1a72538a70b90\",\"name\":\"apuntesdesanluis.com\",\"image\":{\"@type\":\"ImageObject\",\"inLanguage\":\"es-AR\",\"@id\":\"https:\/\/apuntesdesanluis.com\/#\/schema\/person\/image\/\",\"url\":\"https:\/\/apuntesdesanluis.com\/wp-content\/uploads\/2023\/07\/cropped-apuntesdesanluis.png\",\"contentUrl\":\"https:\/\/apuntesdesanluis.com\/wp-content\/uploads\/2023\/07\/cropped-apuntesdesanluis.png\",\"width\":450,\"height\":112,\"caption\":\"apuntesdesanluis.com\"},\"logo\":{\"@id\":\"https:\/\/apuntesdesanluis.com\/#\/schema\/person\/image\/\"},\"sameAs\":[\"https:\/\/apuntesdesanluis.com\"],\"url\":\"https:\/\/apuntesdesanluis.com\/index.php\/author\/apuntesdesanluis-com\/\"}]}<\/script>\n<!-- \/ Yoast SEO plugin. -->","yoast_head_json":{"title":"INVITAN A JORNADA DE CONCIENTIZACI\u00d3N Y PREVENCI\u00d3N DEL BULLING - Apuntes de San Luis","robots":{"index":"index","follow":"follow","max-snippet":"max-snippet:-1","max-image-preview":"max-image-preview:large","max-video-preview":"max-video-preview:-1"},"canonical":"https:\/\/apuntesdesanluis.com\/index.php\/2024\/08\/29\/invitan-a-jornada-de-concientizacion-y-prevencion-del-bulling\/","og_locale":"es_ES","og_type":"article","og_title":"INVITAN A JORNADA DE CONCIENTIZACI\u00d3N Y PREVENCI\u00d3N DEL BULLING - Apuntes de San Luis","og_description":"Es organizada por la Fundaci\u00f3n TEESSA y se desarrollar\u00e1 el pr\u00f3ximo 7 de setiembre, en...","og_url":"https:\/\/apuntesdesanluis.com\/index.php\/2024\/08\/29\/invitan-a-jornada-de-concientizacion-y-prevencion-del-bulling\/","og_site_name":"Apuntes de San Luis","article_published_time":"2024-08-30T00:09:09+00:00","article_modified_time":"2024-08-30T00:14:53+00:00","og_image":[{"width":700,"height":420,"url":"https:\/\/apuntesdesanluis.com\/wp-content\/uploads\/2024\/08\/bulling-escolar.png","type":"image\/png"}],"author":"apuntesdesanluis.com","twitter_card":"summary_large_image","twitter_misc":{"Escrito por":"apuntesdesanluis.com","Tiempo de lectura":"2 minutos"},"schema":{"@context":"https:\/\/schema.org","@graph":[{"@type":"Article","@id":"https:\/\/apuntesdesanluis.com\/index.php\/2024\/08\/29\/invitan-a-jornada-de-concientizacion-y-prevencion-del-bulling\/#article","isPartOf":{"@id":"https:\/\/apuntesdesanluis.com\/index.php\/2024\/08\/29\/invitan-a-jornada-de-concientizacion-y-prevencion-del-bulling\/"},"author":{"name":"apuntesdesanluis.com","@id":"https:\/\/apuntesdesanluis.com\/#\/schema\/person\/b55151d52296fcce64d1a72538a70b90"},"headline":"INVITAN A JORNADA DE CONCIENTIZACI\u00d3N Y PREVENCI\u00d3N DEL BULLING","datePublished":"2024-08-30T00:09:09+00:00","dateModified":"2024-08-30T00:14:53+00:00","mainEntityOfPage":{"@id":"https:\/\/apuntesdesanluis.com\/index.php\/2024\/08\/29\/invitan-a-jornada-de-concientizacion-y-prevencion-del-bulling\/"},"wordCount":169,"publisher":{"@id":"https:\/\/apuntesdesanluis.com\/#\/schema\/person\/b55151d52296fcce64d1a72538a70b90"},"image":{"@id":"https:\/\/apuntesdesanluis.com\/index.php\/2024\/08\/29\/invitan-a-jornada-de-concientizacion-y-prevencion-del-bulling\/#primaryimage"},"thumbnailUrl":"https:\/\/apuntesdesanluis.com\/wp-content\/uploads\/2024\/08\/bulling-escolar.png","articleSection":["Ciudad\/Provincia"],"inLanguage":"es-AR"},{"@type":"WebPage","@id":"https:\/\/apuntesdesanluis.com\/index.php\/2024\/08\/29\/invitan-a-jornada-de-concientizacion-y-prevencion-del-bulling\/","url":"https:\/\/apuntesdesanluis.com\/index.php\/2024\/08\/29\/invitan-a-jornada-de-concientizacion-y-prevencion-del-bulling\/","name":"INVITAN A JORNADA DE CONCIENTIZACI\u00d3N Y PREVENCI\u00d3N DEL BULLING - Apuntes de San Luis","isPartOf":{"@id":"https:\/\/apuntesdesanluis.com\/#website"},"primaryImageOfPage":{"@id":"https:\/\/apuntesdesanluis.com\/index.php\/2024\/08\/29\/invitan-a-jornada-de-concientizacion-y-prevencion-del-bulling\/#primaryimage"},"image":{"@id":"https:\/\/apuntesdesanluis.com\/index.php\/2024\/08\/29\/invitan-a-jornada-de-concientizacion-y-prevencion-del-bulling\/#primaryimage"},"thumbnailUrl":"https:\/\/apuntesdesanluis.com\/wp-content\/uploads\/2024\/08\/bulling-escolar.png","datePublished":"2024-08-30T00:09:09+00:00","dateModified":"2024-08-30T00:14:53+00:00","breadcrumb":{"@id":"https:\/\/apuntesdesanluis.com\/index.php\/2024\/08\/29\/invitan-a-jornada-de-concientizacion-y-prevencion-del-bulling\/#breadcrumb"},"inLanguage":"es-AR","potentialAction":[{"@type":"ReadAction","target":["https:\/\/apuntesdesanluis.com\/index.php\/2024\/08\/29\/invitan-a-jornada-de-concientizacion-y-prevencion-del-bulling\/"]}]},{"@type":"ImageObject","inLanguage":"es-AR","@id":"https:\/\/apuntesdesanluis.com\/index.php\/2024\/08\/29\/invitan-a-jornada-de-concientizacion-y-prevencion-del-bulling\/#primaryimage","url":"https:\/\/apuntesdesanluis.com\/wp-content\/uploads\/2024\/08\/bulling-escolar.png","contentUrl":"https:\/\/apuntesdesanluis.com\/wp-content\/uploads\/2024\/08\/bulling-escolar.png","width":700,"height":420},{"@type":"BreadcrumbList","@id":"https:\/\/apuntesdesanluis.com\/index.php\/2024\/08\/29\/invitan-a-jornada-de-concientizacion-y-prevencion-del-bulling\/#breadcrumb","itemListElement":[{"@type":"ListItem","position":1,"name":"Inicio","item":"https:\/\/apuntesdesanluis.com\/"},{"@type":"ListItem","position":2,"name":"INVITAN A JORNADA DE CONCIENTIZACI\u00d3N Y PREVENCI\u00d3N DEL BULLING"}]},{"@type":"WebSite","@id":"https:\/\/apuntesdesanluis.com\/#website","url":"https:\/\/apuntesdesanluis.com\/","name":"Apuntes de San Luis","description":"","publisher":{"@id":"https:\/\/apuntesdesanluis.com\/#\/schema\/person\/b55151d52296fcce64d1a72538a70b90"},"potentialAction":[{"@type":"SearchAction","target":{"@type":"EntryPoint","urlTemplate":"https:\/\/apuntesdesanluis.com\/?s={search_term_string}"},"query-input":{"@type":"PropertyValueSpecification","valueRequired":true,"valueName":"search_term_string"}}],"inLanguage":"es-AR"},{"@type":["Person","Organization"],"@id":"https:\/\/apuntesdesanluis.com\/#\/schema\/person\/b55151d52296fcce64d1a72538a70b90","name":"apuntesdesanluis.com","image":{"@type":"ImageObject","inLanguage":"es-AR","@id":"https:\/\/apuntesdesanluis.com\/#\/schema\/person\/image\/","url":"https:\/\/apuntesdesanluis.com\/wp-content\/uploads\/2023\/07\/cropped-apuntesdesanluis.png","contentUrl":"https:\/\/apuntesdesanluis.com\/wp-content\/uploads\/2023\/07\/cropped-apuntesdesanluis.png","width":450,"height":112,"caption":"apuntesdesanluis.com"},"logo":{"@id":"https:\/\/apuntesdesanluis.com\/#\/schema\/person\/image\/"},"sameAs":["https:\/\/apuntesdesanluis.com"],"url":"https:\/\/apuntesdesanluis.com\/index.php\/author\/apuntesdesanluis-com\/"}]}},"featured_image_urls":{"full":["https:\/\/apuntesdesanluis.com\/wp-content\/uploads\/2024\/08\/bulling-escolar.png",700,420,false],"thumbnail":["https:\/\/apuntesdesanluis.com\/wp-content\/uploads\/2024\/08\/bulling-escolar-150x150.png",150,150,true],"medium":["https:\/\/apuntesdesanluis.com\/wp-content\/uploads\/2024\/08\/bulling-escolar-300x180.png",300,180,true],"medium_large":["https:\/\/apuntesdesanluis.com\/wp-content\/uploads\/2024\/08\/bulling-escolar.png",640,384,false],"large":["https:\/\/apuntesdesanluis.com\/wp-content\/uploads\/2024\/08\/bulling-escolar.png",640,384,false],"1536x1536":["https:\/\/apuntesdesanluis.com\/wp-content\/uploads\/2024\/08\/bulling-escolar.png",700,420,false],"2048x2048":["https:\/\/apuntesdesanluis.com\/wp-content\/uploads\/2024\/08\/bulling-escolar.png",700,420,false],"newsever-slider-full":["https:\/\/apuntesdesanluis.com\/wp-content\/uploads\/2024\/08\/bulling-escolar.png",700,420,false],"newsever-featured":["https:\/\/apuntesdesanluis.com\/wp-content\/uploads\/2024\/08\/bulling-escolar.png",700,420,false],"newsever-medium":["https:\/\/apuntesdesanluis.com\/wp-content\/uploads\/2024\/08\/bulling-escolar.png",700,420,false]},"author_info":{"display_name":"apuntesdesanluis.com","author_link":"https:\/\/apuntesdesanluis.com\/index.php\/author\/apuntesdesanluis-com\/"},"category_info":"<a href=\"https:\/\/apuntesdesanluis.com\/index.php\/category\/ciudad-provincia\/\" rel=\"category tag\">Ciudad\/Provincia<\/a>","tag_info":"Ciudad\/Provincia","comment_count":"0","_links":{"self":[{"href":"https:\/\/apuntesdesanluis.com\/index.php\/wp-json\/wp\/v2\/posts\/21501","targetHints":{"allow":["GET"]}}],"collection":[{"href":"https:\/\/apuntesdesanluis.com\/index.php\/wp-json\/wp\/v2\/posts"}],"about":[{"href":"https:\/\/apuntesdesanluis.com\/index.php\/wp-json\/wp\/v2\/types\/post"}],"author":[{"embeddable":true,"href":"https:\/\/apuntesdesanluis.com\/index.php\/wp-json\/wp\/v2\/users\/1"}],"replies":[{"embeddable":true,"href":"https:\/\/apuntesdesanluis.com\/index.php\/wp-json\/wp\/v2\/comments?post=21501"}],"version-history":[{"count":4,"href":"https:\/\/apuntesdesanluis.com\/index.php\/wp-json\/wp\/v2\/posts\/21501\/revisions"}],"predecessor-version":[{"id":21509,"href":"https:\/\/apuntesdesanluis.com\/index.php\/wp-json\/wp\/v2\/posts\/21501\/revisions\/21509"}],"wp:featuredmedia":[{"embeddable":true,"href":"https:\/\/apuntesdesanluis.com\/index.php\/wp-json\/wp\/v2\/media\/21502"}],"wp:attachment":[{"href":"https:\/\/apuntesdesanluis.com\/index.php\/wp-json\/wp\/v2\/media?parent=21501"}],"wp:term":[{"taxonomy":"category","embeddable":true,"href":"https:\/\/apuntesdesanluis.com\/index.php\/wp-json\/wp\/v2\/categories?post=21501"},{"taxonomy":"post_tag","embeddable":true,"href":"https:\/\/apuntesdesanluis.com\/index.php\/wp-json\/wp\/v2\/tags?post=21501"}],"curies":[{"name":"wp","href":"https:\/\/api.w.org\/{rel}","templated":true}]}}