{"id":21513,"date":"2024-08-28T23:24:47","date_gmt":"2024-08-29T02:24:47","guid":{"rendered":"https:\/\/apuntesdesanluis.com\/?p=21513"},"modified":"2024-08-29T21:25:48","modified_gmt":"2024-08-30T00:25:48","slug":"a-partir-del-2-de-septiembre-comenzara-a-funcionar-el-juzgado-laboral-no-3-de-villa-mercedes","status":"publish","type":"post","link":"https:\/\/apuntesdesanluis.com\/index.php\/2024\/08\/28\/a-partir-del-2-de-septiembre-comenzara-a-funcionar-el-juzgado-laboral-no-3-de-villa-mercedes\/","title":{"rendered":"A PARTIR DEL 2 DE SEPTIEMBRE COMENZAR\u00c1 A FUNCIONAR EL JUZGADO LABORAL N\u00ba 3 DE VILLA MERCEDES"},"content":{"rendered":"<h3>Asimismo, se designaron un Juez y una Secretaria para dicha dependencia.<\/h3>\n<h3>Mediante Acuerdo N\u00ba 203, el Superior Tribunal de Justicia dispuso el funcionamiento, a partir del d\u00eda 2 de Septiembre de 2024, del Juzgado Laboral N\u00ba 3 de la Segunda Circunscripci\u00f3n Judicial, creado por la Ley N\u00ba IV-1106-2023.<\/h3>\n<h3>Esta dependencia funcionar\u00e1 con el servicio com\u00fan de tramitaci\u00f3n judicial y administrativa de la Oficina de Gesti\u00f3n Unificada \u2013OGU-.<\/h3>\n<h3>Cabe mencionar que la Gesti\u00f3n Unificada de las \u00c1reas de Atenci\u00f3n, Ingreso y Egreso, Comunicaciones, Despacho y Audiencias previstas en el art. 96 de la Ley Org\u00e1nica de Administraci\u00f3n de Justicia, es para prestar servicio com\u00fan de tramitaci\u00f3n judicial y administrativa a los juzgados del mismo grado, fuero y asiento.<\/h3>\n<h3>Asimismo, mediante el mismo Acuerdo, se design\u00f3 al Dr. Omar Enrique Camisay en el cargo de Juez del Juzgado Laboral N\u00ba 3 de la Segunda Circunscripci\u00f3n Judicial, inter se designe el magistrado titular o en su defecto se cumpla el plazo m\u00e1ximo de un a\u00f1o, lo que ocurra primero.<\/h3>\n<h3>Tambi\u00e9n se design\u00f3 a la Dra. Florencia Roverso en el cargo de Secretaria de Primera Instancia en el \u00c1rea de Relator\u00eda y \u00c1rea Audiencias de la Oficina de Gesti\u00f3n Unificada -OGU- de los Juzgados Laborales de la Segunda Circunscripci\u00f3n Judicial, con asignaci\u00f3n al Juez Laboral N\u00ba 3.<\/h3>\n<h3>Ambos juramentos se realizar\u00e1n el pr\u00f3ximo 2 de septiembre a las 13 hs en la Sala de Acuerdos del Edificio \u201cDr. Jos\u00e9 Ramiro Podetti\u201d de la ciudad de Villa Mercedes.<\/h3>\n<p>&nbsp;<\/p>\n<p>&nbsp;<\/p>\n<p>&nbsp;<\/p>\n","protected":false},"excerpt":{"rendered":"<p>Asimismo, se designaron un Juez y una Secretaria para dicha dependencia. Mediante Acuerdo N\u00ba 203,&#8230;<\/p>\n","protected":false},"author":1,"featured_media":21514,"comment_status":"closed","ping_status":"closed","sticky":false,"template":"","format":"standard","meta":{"footnotes":""},"categories":[6],"tags":[],"class_list":["post-21513","post","type-post","status-publish","format-standard","has-post-thumbnail","hentry","category-ciudad-provincia"],"yoast_head":"<!-- This site is optimized with the Yoast SEO plugin v26.1.1 - https:\/\/yoast.com\/wordpress\/plugins\/seo\/ -->\n<title>A PARTIR DEL 2 DE SEPTIEMBRE COMENZAR\u00c1 A FUNCIONAR EL JUZGADO LABORAL N\u00ba 3 DE VILLA MERCEDES - Apuntes de San Luis<\/title>\n<meta name=\"robots\" content=\"index, follow, max-snippet:-1, max-image-preview:large, max-video-preview:-1\" \/>\n<link rel=\"canonical\" href=\"https:\/\/apuntesdesanluis.com\/index.php\/2024\/08\/28\/a-partir-del-2-de-septiembre-comenzara-a-funcionar-el-juzgado-laboral-no-3-de-villa-mercedes\/\" \/>\n<meta property=\"og:locale\" content=\"es_ES\" \/>\n<meta property=\"og:type\" content=\"article\" \/>\n<meta property=\"og:title\" content=\"A PARTIR DEL 2 DE SEPTIEMBRE COMENZAR\u00c1 A FUNCIONAR EL JUZGADO LABORAL N\u00ba 3 DE VILLA MERCEDES - Apuntes de San Luis\" \/>\n<meta property=\"og:description\" content=\"Asimismo, se designaron un Juez y una Secretaria para dicha dependencia. Mediante Acuerdo N\u00ba 203,...\" \/>\n<meta property=\"og:url\" content=\"https:\/\/apuntesdesanluis.com\/index.php\/2024\/08\/28\/a-partir-del-2-de-septiembre-comenzara-a-funcionar-el-juzgado-laboral-no-3-de-villa-mercedes\/\" \/>\n<meta property=\"og:site_name\" content=\"Apuntes de San Luis\" \/>\n<meta property=\"article:published_time\" content=\"2024-08-29T02:24:47+00:00\" \/>\n<meta property=\"article:modified_time\" content=\"2024-08-30T00:25:48+00:00\" \/>\n<meta property=\"og:image\" content=\"https:\/\/apuntesdesanluis.com\/wp-content\/uploads\/2024\/08\/JUZGADO-LABORAL-3.png\" \/>\n\t<meta property=\"og:image:width\" content=\"700\" \/>\n\t<meta property=\"og:image:height\" content=\"447\" \/>\n\t<meta property=\"og:image:type\" content=\"image\/png\" \/>\n<meta name=\"author\" content=\"apuntesdesanluis.com\" \/>\n<meta name=\"twitter:card\" content=\"summary_large_image\" \/>\n<meta name=\"twitter:label1\" content=\"Escrito por\" \/>\n\t<meta name=\"twitter:data1\" content=\"apuntesdesanluis.com\" \/>\n\t<meta name=\"twitter:label2\" content=\"Tiempo de lectura\" \/>\n\t<meta name=\"twitter:data2\" content=\"2 minutos\" \/>\n<script type=\"application\/ld+json\" class=\"yoast-schema-graph\">{\"@context\":\"https:\/\/schema.org\",\"@graph\":[{\"@type\":\"Article\",\"@id\":\"https:\/\/apuntesdesanluis.com\/index.php\/2024\/08\/28\/a-partir-del-2-de-septiembre-comenzara-a-funcionar-el-juzgado-laboral-no-3-de-villa-mercedes\/#article\",\"isPartOf\":{\"@id\":\"https:\/\/apuntesdesanluis.com\/index.php\/2024\/08\/28\/a-partir-del-2-de-septiembre-comenzara-a-funcionar-el-juzgado-laboral-no-3-de-villa-mercedes\/\"},\"author\":{\"name\":\"apuntesdesanluis.com\",\"@id\":\"https:\/\/apuntesdesanluis.com\/#\/schema\/person\/b55151d52296fcce64d1a72538a70b90\"},\"headline\":\"A PARTIR DEL 2 DE SEPTIEMBRE COMENZAR\u00c1 A FUNCIONAR EL JUZGADO LABORAL N\u00ba 3 DE VILLA MERCEDES\",\"datePublished\":\"2024-08-29T02:24:47+00:00\",\"dateModified\":\"2024-08-30T00:25:48+00:00\",\"mainEntityOfPage\":{\"@id\":\"https:\/\/apuntesdesanluis.com\/index.php\/2024\/08\/28\/a-partir-del-2-de-septiembre-comenzara-a-funcionar-el-juzgado-laboral-no-3-de-villa-mercedes\/\"},\"wordCount\":274,\"publisher\":{\"@id\":\"https:\/\/apuntesdesanluis.com\/#\/schema\/person\/b55151d52296fcce64d1a72538a70b90\"},\"image\":{\"@id\":\"https:\/\/apuntesdesanluis.com\/index.php\/2024\/08\/28\/a-partir-del-2-de-septiembre-comenzara-a-funcionar-el-juzgado-laboral-no-3-de-villa-mercedes\/#primaryimage\"},\"thumbnailUrl\":\"https:\/\/apuntesdesanluis.com\/wp-content\/uploads\/2024\/08\/JUZGADO-LABORAL-3.png\",\"articleSection\":[\"Ciudad\/Provincia\"],\"inLanguage\":\"es-AR\"},{\"@type\":\"WebPage\",\"@id\":\"https:\/\/apuntesdesanluis.com\/index.php\/2024\/08\/28\/a-partir-del-2-de-septiembre-comenzara-a-funcionar-el-juzgado-laboral-no-3-de-villa-mercedes\/\",\"url\":\"https:\/\/apuntesdesanluis.com\/index.php\/2024\/08\/28\/a-partir-del-2-de-septiembre-comenzara-a-funcionar-el-juzgado-laboral-no-3-de-villa-mercedes\/\",\"name\":\"A PARTIR DEL 2 DE SEPTIEMBRE COMENZAR\u00c1 A FUNCIONAR EL JUZGADO LABORAL N\u00ba 3 DE VILLA MERCEDES - Apuntes de San Luis\",\"isPartOf\":{\"@id\":\"https:\/\/apuntesdesanluis.com\/#website\"},\"primaryImageOfPage\":{\"@id\":\"https:\/\/apuntesdesanluis.com\/index.php\/2024\/08\/28\/a-partir-del-2-de-septiembre-comenzara-a-funcionar-el-juzgado-laboral-no-3-de-villa-mercedes\/#primaryimage\"},\"image\":{\"@id\":\"https:\/\/apuntesdesanluis.com\/index.php\/2024\/08\/28\/a-partir-del-2-de-septiembre-comenzara-a-funcionar-el-juzgado-laboral-no-3-de-villa-mercedes\/#primaryimage\"},\"thumbnailUrl\":\"https:\/\/apuntesdesanluis.com\/wp-content\/uploads\/2024\/08\/JUZGADO-LABORAL-3.png\",\"datePublished\":\"2024-08-29T02:24:47+00:00\",\"dateModified\":\"2024-08-30T00:25:48+00:00\",\"breadcrumb\":{\"@id\":\"https:\/\/apuntesdesanluis.com\/index.php\/2024\/08\/28\/a-partir-del-2-de-septiembre-comenzara-a-funcionar-el-juzgado-laboral-no-3-de-villa-mercedes\/#breadcrumb\"},\"inLanguage\":\"es-AR\",\"potentialAction\":[{\"@type\":\"ReadAction\",\"target\":[\"https:\/\/apuntesdesanluis.com\/index.php\/2024\/08\/28\/a-partir-del-2-de-septiembre-comenzara-a-funcionar-el-juzgado-laboral-no-3-de-villa-mercedes\/\"]}]},{\"@type\":\"ImageObject\",\"inLanguage\":\"es-AR\",\"@id\":\"https:\/\/apuntesdesanluis.com\/index.php\/2024\/08\/28\/a-partir-del-2-de-septiembre-comenzara-a-funcionar-el-juzgado-laboral-no-3-de-villa-mercedes\/#primaryimage\",\"url\":\"https:\/\/apuntesdesanluis.com\/wp-content\/uploads\/2024\/08\/JUZGADO-LABORAL-3.png\",\"contentUrl\":\"https:\/\/apuntesdesanluis.com\/wp-content\/uploads\/2024\/08\/JUZGADO-LABORAL-3.png\",\"width\":700,\"height\":447},{\"@type\":\"BreadcrumbList\",\"@id\":\"https:\/\/apuntesdesanluis.com\/index.php\/2024\/08\/28\/a-partir-del-2-de-septiembre-comenzara-a-funcionar-el-juzgado-laboral-no-3-de-villa-mercedes\/#breadcrumb\",\"itemListElement\":[{\"@type\":\"ListItem\",\"position\":1,\"name\":\"Inicio\",\"item\":\"https:\/\/apuntesdesanluis.com\/\"},{\"@type\":\"ListItem\",\"position\":2,\"name\":\"A PARTIR DEL 2 DE SEPTIEMBRE COMENZAR\u00c1 A FUNCIONAR EL JUZGADO LABORAL N\u00ba 3 DE VILLA MERCEDES\"}]},{\"@type\":\"WebSite\",\"@id\":\"https:\/\/apuntesdesanluis.com\/#website\",\"url\":\"https:\/\/apuntesdesanluis.com\/\",\"name\":\"Apuntes de San Luis\",\"description\":\"\",\"publisher\":{\"@id\":\"https:\/\/apuntesdesanluis.com\/#\/schema\/person\/b55151d52296fcce64d1a72538a70b90\"},\"potentialAction\":[{\"@type\":\"SearchAction\",\"target\":{\"@type\":\"EntryPoint\",\"urlTemplate\":\"https:\/\/apuntesdesanluis.com\/?s={search_term_string}\"},\"query-input\":{\"@type\":\"PropertyValueSpecification\",\"valueRequired\":true,\"valueName\":\"search_term_string\"}}],\"inLanguage\":\"es-AR\"},{\"@type\":[\"Person\",\"Organization\"],\"@id\":\"https:\/\/apuntesdesanluis.com\/#\/schema\/person\/b55151d52296fcce64d1a72538a70b90\",\"name\":\"apuntesdesanluis.com\",\"image\":{\"@type\":\"ImageObject\",\"inLanguage\":\"es-AR\",\"@id\":\"https:\/\/apuntesdesanluis.com\/#\/schema\/person\/image\/\",\"url\":\"https:\/\/apuntesdesanluis.com\/wp-content\/uploads\/2023\/07\/cropped-apuntesdesanluis.png\",\"contentUrl\":\"https:\/\/apuntesdesanluis.com\/wp-content\/uploads\/2023\/07\/cropped-apuntesdesanluis.png\",\"width\":450,\"height\":112,\"caption\":\"apuntesdesanluis.com\"},\"logo\":{\"@id\":\"https:\/\/apuntesdesanluis.com\/#\/schema\/person\/image\/\"},\"sameAs\":[\"https:\/\/apuntesdesanluis.com\"],\"url\":\"https:\/\/apuntesdesanluis.com\/index.php\/author\/apuntesdesanluis-com\/\"}]}<\/script>\n<!-- \/ Yoast SEO plugin. -->","yoast_head_json":{"title":"A PARTIR DEL 2 DE SEPTIEMBRE COMENZAR\u00c1 A FUNCIONAR EL JUZGADO LABORAL N\u00ba 3 DE VILLA MERCEDES - Apuntes de San Luis","robots":{"index":"index","follow":"follow","max-snippet":"max-snippet:-1","max-image-preview":"max-image-preview:large","max-video-preview":"max-video-preview:-1"},"canonical":"https:\/\/apuntesdesanluis.com\/index.php\/2024\/08\/28\/a-partir-del-2-de-septiembre-comenzara-a-funcionar-el-juzgado-laboral-no-3-de-villa-mercedes\/","og_locale":"es_ES","og_type":"article","og_title":"A PARTIR DEL 2 DE SEPTIEMBRE COMENZAR\u00c1 A FUNCIONAR EL JUZGADO LABORAL N\u00ba 3 DE VILLA MERCEDES - Apuntes de San Luis","og_description":"Asimismo, se designaron un Juez y una Secretaria para dicha dependencia. Mediante Acuerdo N\u00ba 203,...","og_url":"https:\/\/apuntesdesanluis.com\/index.php\/2024\/08\/28\/a-partir-del-2-de-septiembre-comenzara-a-funcionar-el-juzgado-laboral-no-3-de-villa-mercedes\/","og_site_name":"Apuntes de San Luis","article_published_time":"2024-08-29T02:24:47+00:00","article_modified_time":"2024-08-30T00:25:48+00:00","og_image":[{"width":700,"height":447,"url":"https:\/\/apuntesdesanluis.com\/wp-content\/uploads\/2024\/08\/JUZGADO-LABORAL-3.png","type":"image\/png"}],"author":"apuntesdesanluis.com","twitter_card":"summary_large_image","twitter_misc":{"Escrito por":"apuntesdesanluis.com","Tiempo de lectura":"2 minutos"},"schema":{"@context":"https:\/\/schema.org","@graph":[{"@type":"Article","@id":"https:\/\/apuntesdesanluis.com\/index.php\/2024\/08\/28\/a-partir-del-2-de-septiembre-comenzara-a-funcionar-el-juzgado-laboral-no-3-de-villa-mercedes\/#article","isPartOf":{"@id":"https:\/\/apuntesdesanluis.com\/index.php\/2024\/08\/28\/a-partir-del-2-de-septiembre-comenzara-a-funcionar-el-juzgado-laboral-no-3-de-villa-mercedes\/"},"author":{"name":"apuntesdesanluis.com","@id":"https:\/\/apuntesdesanluis.com\/#\/schema\/person\/b55151d52296fcce64d1a72538a70b90"},"headline":"A PARTIR DEL 2 DE SEPTIEMBRE COMENZAR\u00c1 A FUNCIONAR EL JUZGADO LABORAL N\u00ba 3 DE VILLA MERCEDES","datePublished":"2024-08-29T02:24:47+00:00","dateModified":"2024-08-30T00:25:48+00:00","mainEntityOfPage":{"@id":"https:\/\/apuntesdesanluis.com\/index.php\/2024\/08\/28\/a-partir-del-2-de-septiembre-comenzara-a-funcionar-el-juzgado-laboral-no-3-de-villa-mercedes\/"},"wordCount":274,"publisher":{"@id":"https:\/\/apuntesdesanluis.com\/#\/schema\/person\/b55151d52296fcce64d1a72538a70b90"},"image":{"@id":"https:\/\/apuntesdesanluis.com\/index.php\/2024\/08\/28\/a-partir-del-2-de-septiembre-comenzara-a-funcionar-el-juzgado-laboral-no-3-de-villa-mercedes\/#primaryimage"},"thumbnailUrl":"https:\/\/apuntesdesanluis.com\/wp-content\/uploads\/2024\/08\/JUZGADO-LABORAL-3.png","articleSection":["Ciudad\/Provincia"],"inLanguage":"es-AR"},{"@type":"WebPage","@id":"https:\/\/apuntesdesanluis.com\/index.php\/2024\/08\/28\/a-partir-del-2-de-septiembre-comenzara-a-funcionar-el-juzgado-laboral-no-3-de-villa-mercedes\/","url":"https:\/\/apuntesdesanluis.com\/index.php\/2024\/08\/28\/a-partir-del-2-de-septiembre-comenzara-a-funcionar-el-juzgado-laboral-no-3-de-villa-mercedes\/","name":"A PARTIR DEL 2 DE SEPTIEMBRE COMENZAR\u00c1 A FUNCIONAR EL JUZGADO LABORAL N\u00ba 3 DE VILLA MERCEDES - Apuntes de San Luis","isPartOf":{"@id":"https:\/\/apuntesdesanluis.com\/#website"},"primaryImageOfPage":{"@id":"https:\/\/apuntesdesanluis.com\/index.php\/2024\/08\/28\/a-partir-del-2-de-septiembre-comenzara-a-funcionar-el-juzgado-laboral-no-3-de-villa-mercedes\/#primaryimage"},"image":{"@id":"https:\/\/apuntesdesanluis.com\/index.php\/2024\/08\/28\/a-partir-del-2-de-septiembre-comenzara-a-funcionar-el-juzgado-laboral-no-3-de-villa-mercedes\/#primaryimage"},"thumbnailUrl":"https:\/\/apuntesdesanluis.com\/wp-content\/uploads\/2024\/08\/JUZGADO-LABORAL-3.png","datePublished":"2024-08-29T02:24:47+00:00","dateModified":"2024-08-30T00:25:48+00:00","breadcrumb":{"@id":"https:\/\/apuntesdesanluis.com\/index.php\/2024\/08\/28\/a-partir-del-2-de-septiembre-comenzara-a-funcionar-el-juzgado-laboral-no-3-de-villa-mercedes\/#breadcrumb"},"inLanguage":"es-AR","potentialAction":[{"@type":"ReadAction","target":["https:\/\/apuntesdesanluis.com\/index.php\/2024\/08\/28\/a-partir-del-2-de-septiembre-comenzara-a-funcionar-el-juzgado-laboral-no-3-de-villa-mercedes\/"]}]},{"@type":"ImageObject","inLanguage":"es-AR","@id":"https:\/\/apuntesdesanluis.com\/index.php\/2024\/08\/28\/a-partir-del-2-de-septiembre-comenzara-a-funcionar-el-juzgado-laboral-no-3-de-villa-mercedes\/#primaryimage","url":"https:\/\/apuntesdesanluis.com\/wp-content\/uploads\/2024\/08\/JUZGADO-LABORAL-3.png","contentUrl":"https:\/\/apuntesdesanluis.com\/wp-content\/uploads\/2024\/08\/JUZGADO-LABORAL-3.png","width":700,"height":447},{"@type":"BreadcrumbList","@id":"https:\/\/apuntesdesanluis.com\/index.php\/2024\/08\/28\/a-partir-del-2-de-septiembre-comenzara-a-funcionar-el-juzgado-laboral-no-3-de-villa-mercedes\/#breadcrumb","itemListElement":[{"@type":"ListItem","position":1,"name":"Inicio","item":"https:\/\/apuntesdesanluis.com\/"},{"@type":"ListItem","position":2,"name":"A PARTIR DEL 2 DE SEPTIEMBRE COMENZAR\u00c1 A FUNCIONAR EL JUZGADO LABORAL N\u00ba 3 DE VILLA MERCEDES"}]},{"@type":"WebSite","@id":"https:\/\/apuntesdesanluis.com\/#website","url":"https:\/\/apuntesdesanluis.com\/","name":"Apuntes de San Luis","description":"","publisher":{"@id":"https:\/\/apuntesdesanluis.com\/#\/schema\/person\/b55151d52296fcce64d1a72538a70b90"},"potentialAction":[{"@type":"SearchAction","target":{"@type":"EntryPoint","urlTemplate":"https:\/\/apuntesdesanluis.com\/?s={search_term_string}"},"query-input":{"@type":"PropertyValueSpecification","valueRequired":true,"valueName":"search_term_string"}}],"inLanguage":"es-AR"},{"@type":["Person","Organization"],"@id":"https:\/\/apuntesdesanluis.com\/#\/schema\/person\/b55151d52296fcce64d1a72538a70b90","name":"apuntesdesanluis.com","image":{"@type":"ImageObject","inLanguage":"es-AR","@id":"https:\/\/apuntesdesanluis.com\/#\/schema\/person\/image\/","url":"https:\/\/apuntesdesanluis.com\/wp-content\/uploads\/2023\/07\/cropped-apuntesdesanluis.png","contentUrl":"https:\/\/apuntesdesanluis.com\/wp-content\/uploads\/2023\/07\/cropped-apuntesdesanluis.png","width":450,"height":112,"caption":"apuntesdesanluis.com"},"logo":{"@id":"https:\/\/apuntesdesanluis.com\/#\/schema\/person\/image\/"},"sameAs":["https:\/\/apuntesdesanluis.com"],"url":"https:\/\/apuntesdesanluis.com\/index.php\/author\/apuntesdesanluis-com\/"}]}},"featured_image_urls":{"full":["https:\/\/apuntesdesanluis.com\/wp-content\/uploads\/2024\/08\/JUZGADO-LABORAL-3.png",700,447,false],"thumbnail":["https:\/\/apuntesdesanluis.com\/wp-content\/uploads\/2024\/08\/JUZGADO-LABORAL-3-150x150.png",150,150,true],"medium":["https:\/\/apuntesdesanluis.com\/wp-content\/uploads\/2024\/08\/JUZGADO-LABORAL-3-300x192.png",300,192,true],"medium_large":["https:\/\/apuntesdesanluis.com\/wp-content\/uploads\/2024\/08\/JUZGADO-LABORAL-3.png",640,409,false],"large":["https:\/\/apuntesdesanluis.com\/wp-content\/uploads\/2024\/08\/JUZGADO-LABORAL-3.png",640,409,false],"1536x1536":["https:\/\/apuntesdesanluis.com\/wp-content\/uploads\/2024\/08\/JUZGADO-LABORAL-3.png",700,447,false],"2048x2048":["https:\/\/apuntesdesanluis.com\/wp-content\/uploads\/2024\/08\/JUZGADO-LABORAL-3.png",700,447,false],"newsever-slider-full":["https:\/\/apuntesdesanluis.com\/wp-content\/uploads\/2024\/08\/JUZGADO-LABORAL-3.png",700,447,false],"newsever-featured":["https:\/\/apuntesdesanluis.com\/wp-content\/uploads\/2024\/08\/JUZGADO-LABORAL-3.png",700,447,false],"newsever-medium":["https:\/\/apuntesdesanluis.com\/wp-content\/uploads\/2024\/08\/JUZGADO-LABORAL-3.png",700,447,false]},"author_info":{"display_name":"apuntesdesanluis.com","author_link":"https:\/\/apuntesdesanluis.com\/index.php\/author\/apuntesdesanluis-com\/"},"category_info":"<a href=\"https:\/\/apuntesdesanluis.com\/index.php\/category\/ciudad-provincia\/\" rel=\"category tag\">Ciudad\/Provincia<\/a>","tag_info":"Ciudad\/Provincia","comment_count":"0","_links":{"self":[{"href":"https:\/\/apuntesdesanluis.com\/index.php\/wp-json\/wp\/v2\/posts\/21513","targetHints":{"allow":["GET"]}}],"collection":[{"href":"https:\/\/apuntesdesanluis.com\/index.php\/wp-json\/wp\/v2\/posts"}],"about":[{"href":"https:\/\/apuntesdesanluis.com\/index.php\/wp-json\/wp\/v2\/types\/post"}],"author":[{"embeddable":true,"href":"https:\/\/apuntesdesanluis.com\/index.php\/wp-json\/wp\/v2\/users\/1"}],"replies":[{"embeddable":true,"href":"https:\/\/apuntesdesanluis.com\/index.php\/wp-json\/wp\/v2\/comments?post=21513"}],"version-history":[{"count":1,"href":"https:\/\/apuntesdesanluis.com\/index.php\/wp-json\/wp\/v2\/posts\/21513\/revisions"}],"predecessor-version":[{"id":21515,"href":"https:\/\/apuntesdesanluis.com\/index.php\/wp-json\/wp\/v2\/posts\/21513\/revisions\/21515"}],"wp:featuredmedia":[{"embeddable":true,"href":"https:\/\/apuntesdesanluis.com\/index.php\/wp-json\/wp\/v2\/media\/21514"}],"wp:attachment":[{"href":"https:\/\/apuntesdesanluis.com\/index.php\/wp-json\/wp\/v2\/media?parent=21513"}],"wp:term":[{"taxonomy":"category","embeddable":true,"href":"https:\/\/apuntesdesanluis.com\/index.php\/wp-json\/wp\/v2\/categories?post=21513"},{"taxonomy":"post_tag","embeddable":true,"href":"https:\/\/apuntesdesanluis.com\/index.php\/wp-json\/wp\/v2\/tags?post=21513"}],"curies":[{"name":"wp","href":"https:\/\/api.w.org\/{rel}","templated":true}]}}