{"id":21545,"date":"2024-08-29T23:59:24","date_gmt":"2024-08-30T02:59:24","guid":{"rendered":"https:\/\/apuntesdesanluis.com\/?p=21545"},"modified":"2024-08-29T23:59:24","modified_gmt":"2024-08-30T02:59:24","slug":"el-senado-ratifico-que-el-financiamiento-educativo-universitario-se-tratara-la-semana-proxima","status":"publish","type":"post","link":"https:\/\/apuntesdesanluis.com\/index.php\/2024\/08\/29\/el-senado-ratifico-que-el-financiamiento-educativo-universitario-se-tratara-la-semana-proxima\/","title":{"rendered":"EL SENADO RATIFIC\u00d3 QUE EL FINANCIAMIENTO EDUCATIVO UNIVERSITARIO SE TRATAR\u00c1 LA SEMANA PR\u00d3XIMA"},"content":{"rendered":"<h3>La <strong>C\u00e1mara de Senadores de la Naci\u00f3n<\/strong> cumpli\u00f3 con la conformaci\u00f3n de la Comisi\u00f3n de Educaci\u00f3n, que se puso en marcha con la presidencia del legislador de Uni\u00f3n por la Patria, <strong>Eduardo \u201cWado\u201d De Pedro<\/strong>. La conformaci\u00f3n de la comisi\u00f3n estuvo enmarcada en discursos donde se hizo referencia a la intenci\u00f3n de todos los miembros de \u201ctrabajar\u201d en \u201cmejorar la educaci\u00f3n\u201d, destacando la importancia de la presencia de los diferentes sectores que la conforman.<\/h3>\n<h3>\u201cEs un honor presidir la Comisi\u00f3n de Educaci\u00f3n, tenemos que pensar buenas reformas, tenemos que pensar el modelo educativo, ser creativos y trabajar en los consensos y acuerdos. La gesti\u00f3n se tiene que dise\u00f1ar pensando en la gente\u201d, dijo el senador kirchnerista.<\/h3>\n<h3>Adem\u00e1s de los discursos, la comisi\u00f3n tom\u00f3 la primera decisi\u00f3n y adelant\u00f3 que la semana que viene, el martes, se realizar\u00e1 un plenario de comisiones con Presupuesto y Hacienda para avanzar en un dictamen sobre el proyecto de ley de financiamiento educativo, que ya tiene media sanci\u00f3n de la C\u00e1mara de Diputados.<\/h3>\n<h3>Esto fue votado en la \u00faltima sesi\u00f3n por la mayor\u00eda de los bloques, en donde se defini\u00f3, a pedido del bloque radical, que, con o sin dictamen, tenga tratamiento el mi\u00e9rcoles que viene cuando se convoque a sesi\u00f3n en la C\u00e1mara Alta. De Pedro adelant\u00f3 que se comunic\u00f3 con el senador libertario Ezequiel Atauche para organizar una reuni\u00f3n conjunta, que se realizar\u00eda el martes a las 17 horas, y tambi\u00e9n convers\u00f3 con el secretario parlamentario para que en la pr\u00f3xima sesi\u00f3n el tema figure entre los \u00edtems a tratar.<\/h3>\n<h3>Luego, varios de los senadores que forman parte de la comisi\u00f3n tomaron la palabra. \u201cAdem\u00e1s de la educaci\u00f3n, tambi\u00e9n quiero que trabajemos en esta comisi\u00f3n pensando en nuestra cultura, que a lo largo y ancho de nuestro pa\u00eds es muy rica en diversidad y en la que debemos apostar\u201d, dijo la radical Gabriela Valenzuela.<\/h3>\n<h3>Posteriormente, fue el turno de la senadora del PRO, Carmen \u00c1lvarez Rivero, quien afirm\u00f3: \u201cEstamos plenamente conscientes de la necesidad de formar en matem\u00e1ticas a nuestros j\u00f3venes; es muy importante para todo lo que es el desarrollo del conocimiento la formaci\u00f3n, en los primeros a\u00f1os, en matem\u00e1ticas\u201d.<\/h3>\n<h3>En la misma l\u00ednea, se expres\u00f3 la senadora Sonia Elizabeth Rojas Decut, del Partido de la Concordia Social de Misiones, quien asegur\u00f3 no tener dudas de \u201cque es la educaci\u00f3n la que va a lograr los grandes consensos pol\u00edticos. Me comprometo a trabajar para desarrollar un marco jur\u00eddico que realmente garantice una educaci\u00f3n de calidad para todo el pa\u00eds\u201d.<\/h3>\n<h3>La iniciativa es seguida de cerca por la Casa Rosada, ya que el financiamiento de las universidades tendr\u00eda un impacto fiscal de $1,4 billones. Esto, en palabras del oficialismo, pondr\u00eda en riesgo el super\u00e1vit fiscal, por lo que, de aprobarse, podr\u00eda ser vetado total o parcialmente por el Ejecutivo Nacional.<\/h3>\n<h3>El riesgo que corre la Casa Rosada al avanzar en una decisi\u00f3n de ese tipo es que las universidades vuelvan a motorizar manifestaciones como la que ya realizaron, que fue multitudinaria.<\/h3>\n<h3>Por otro lado, los gremios universitarios acordaron llevar adelante una medida de fuerza, un \u201cruidazo\u201d, frente al Congreso el pr\u00f3ximo martes cuando se re\u00fana el plenario de comisiones, y para el d\u00eda siguiente, cuando el tema vaya al recinto, una movilizaci\u00f3n en reclamo de fondos, por una recomposici\u00f3n salarial de los trabajadores y la restituci\u00f3n del FONID, entre otras exigencias puntuales. La medida incluye un paro de 24 horas para que los trabajadores universitarios puedan movilizarse frente al Congreso el d\u00eda de la sesi\u00f3n, pero tambi\u00e9n se repetir\u00e1 \u201cen cada universidad del pa\u00eds\u201d, como informa la web de la CONADU.<\/h3>\n<p>&nbsp;<\/p>\n<p>&nbsp;<\/p>\n<p>&nbsp;<\/p>\n<p>&nbsp;<\/p>\n<p>&nbsp;<\/p>\n","protected":false},"excerpt":{"rendered":"<p>La C\u00e1mara de Senadores de la Naci\u00f3n cumpli\u00f3 con la conformaci\u00f3n de la Comisi\u00f3n de&#8230;<\/p>\n","protected":false},"author":1,"featured_media":21546,"comment_status":"closed","ping_status":"closed","sticky":false,"template":"","format":"standard","meta":{"footnotes":""},"categories":[5],"tags":[],"class_list":["post-21545","post","type-post","status-publish","format-standard","has-post-thumbnail","hentry","category-nacionales-internacionales"],"yoast_head":"<!-- This site is optimized with the Yoast SEO plugin v26.1.1 - https:\/\/yoast.com\/wordpress\/plugins\/seo\/ -->\n<title>EL SENADO RATIFIC\u00d3 QUE EL FINANCIAMIENTO EDUCATIVO UNIVERSITARIO SE TRATAR\u00c1 LA SEMANA PR\u00d3XIMA - Apuntes de San Luis<\/title>\n<meta name=\"robots\" content=\"index, follow, max-snippet:-1, max-image-preview:large, max-video-preview:-1\" \/>\n<link rel=\"canonical\" href=\"https:\/\/apuntesdesanluis.com\/index.php\/2024\/08\/29\/el-senado-ratifico-que-el-financiamiento-educativo-universitario-se-tratara-la-semana-proxima\/\" \/>\n<meta property=\"og:locale\" content=\"es_ES\" \/>\n<meta property=\"og:type\" content=\"article\" \/>\n<meta property=\"og:title\" content=\"EL SENADO RATIFIC\u00d3 QUE EL FINANCIAMIENTO EDUCATIVO UNIVERSITARIO SE TRATAR\u00c1 LA SEMANA PR\u00d3XIMA - Apuntes de San Luis\" \/>\n<meta property=\"og:description\" content=\"La C\u00e1mara de Senadores de la Naci\u00f3n cumpli\u00f3 con la conformaci\u00f3n de la Comisi\u00f3n de...\" \/>\n<meta property=\"og:url\" content=\"https:\/\/apuntesdesanluis.com\/index.php\/2024\/08\/29\/el-senado-ratifico-que-el-financiamiento-educativo-universitario-se-tratara-la-semana-proxima\/\" \/>\n<meta property=\"og:site_name\" content=\"Apuntes de San Luis\" \/>\n<meta property=\"article:published_time\" content=\"2024-08-30T02:59:24+00:00\" \/>\n<meta property=\"og:image\" content=\"https:\/\/apuntesdesanluis.com\/wp-content\/uploads\/2024\/08\/wado-de-pedro.png\" \/>\n\t<meta property=\"og:image:width\" content=\"700\" \/>\n\t<meta property=\"og:image:height\" content=\"461\" \/>\n\t<meta property=\"og:image:type\" content=\"image\/png\" \/>\n<meta name=\"author\" content=\"apuntesdesanluis.com\" \/>\n<meta name=\"twitter:card\" content=\"summary_large_image\" \/>\n<meta name=\"twitter:label1\" content=\"Escrito por\" \/>\n\t<meta name=\"twitter:data1\" content=\"apuntesdesanluis.com\" \/>\n\t<meta name=\"twitter:label2\" content=\"Tiempo de lectura\" \/>\n\t<meta name=\"twitter:data2\" content=\"3 minutos\" \/>\n<script type=\"application\/ld+json\" class=\"yoast-schema-graph\">{\"@context\":\"https:\/\/schema.org\",\"@graph\":[{\"@type\":\"Article\",\"@id\":\"https:\/\/apuntesdesanluis.com\/index.php\/2024\/08\/29\/el-senado-ratifico-que-el-financiamiento-educativo-universitario-se-tratara-la-semana-proxima\/#article\",\"isPartOf\":{\"@id\":\"https:\/\/apuntesdesanluis.com\/index.php\/2024\/08\/29\/el-senado-ratifico-que-el-financiamiento-educativo-universitario-se-tratara-la-semana-proxima\/\"},\"author\":{\"name\":\"apuntesdesanluis.com\",\"@id\":\"https:\/\/apuntesdesanluis.com\/#\/schema\/person\/b55151d52296fcce64d1a72538a70b90\"},\"headline\":\"EL SENADO RATIFIC\u00d3 QUE EL FINANCIAMIENTO EDUCATIVO UNIVERSITARIO SE TRATAR\u00c1 LA SEMANA PR\u00d3XIMA\",\"datePublished\":\"2024-08-30T02:59:24+00:00\",\"mainEntityOfPage\":{\"@id\":\"https:\/\/apuntesdesanluis.com\/index.php\/2024\/08\/29\/el-senado-ratifico-que-el-financiamiento-educativo-universitario-se-tratara-la-semana-proxima\/\"},\"wordCount\":675,\"publisher\":{\"@id\":\"https:\/\/apuntesdesanluis.com\/#\/schema\/person\/b55151d52296fcce64d1a72538a70b90\"},\"image\":{\"@id\":\"https:\/\/apuntesdesanluis.com\/index.php\/2024\/08\/29\/el-senado-ratifico-que-el-financiamiento-educativo-universitario-se-tratara-la-semana-proxima\/#primaryimage\"},\"thumbnailUrl\":\"https:\/\/apuntesdesanluis.com\/wp-content\/uploads\/2024\/08\/wado-de-pedro.png\",\"articleSection\":[\"Nacionales\/Internacionales\"],\"inLanguage\":\"es-AR\"},{\"@type\":\"WebPage\",\"@id\":\"https:\/\/apuntesdesanluis.com\/index.php\/2024\/08\/29\/el-senado-ratifico-que-el-financiamiento-educativo-universitario-se-tratara-la-semana-proxima\/\",\"url\":\"https:\/\/apuntesdesanluis.com\/index.php\/2024\/08\/29\/el-senado-ratifico-que-el-financiamiento-educativo-universitario-se-tratara-la-semana-proxima\/\",\"name\":\"EL SENADO RATIFIC\u00d3 QUE EL FINANCIAMIENTO EDUCATIVO UNIVERSITARIO SE TRATAR\u00c1 LA SEMANA PR\u00d3XIMA - Apuntes de San Luis\",\"isPartOf\":{\"@id\":\"https:\/\/apuntesdesanluis.com\/#website\"},\"primaryImageOfPage\":{\"@id\":\"https:\/\/apuntesdesanluis.com\/index.php\/2024\/08\/29\/el-senado-ratifico-que-el-financiamiento-educativo-universitario-se-tratara-la-semana-proxima\/#primaryimage\"},\"image\":{\"@id\":\"https:\/\/apuntesdesanluis.com\/index.php\/2024\/08\/29\/el-senado-ratifico-que-el-financiamiento-educativo-universitario-se-tratara-la-semana-proxima\/#primaryimage\"},\"thumbnailUrl\":\"https:\/\/apuntesdesanluis.com\/wp-content\/uploads\/2024\/08\/wado-de-pedro.png\",\"datePublished\":\"2024-08-30T02:59:24+00:00\",\"breadcrumb\":{\"@id\":\"https:\/\/apuntesdesanluis.com\/index.php\/2024\/08\/29\/el-senado-ratifico-que-el-financiamiento-educativo-universitario-se-tratara-la-semana-proxima\/#breadcrumb\"},\"inLanguage\":\"es-AR\",\"potentialAction\":[{\"@type\":\"ReadAction\",\"target\":[\"https:\/\/apuntesdesanluis.com\/index.php\/2024\/08\/29\/el-senado-ratifico-que-el-financiamiento-educativo-universitario-se-tratara-la-semana-proxima\/\"]}]},{\"@type\":\"ImageObject\",\"inLanguage\":\"es-AR\",\"@id\":\"https:\/\/apuntesdesanluis.com\/index.php\/2024\/08\/29\/el-senado-ratifico-que-el-financiamiento-educativo-universitario-se-tratara-la-semana-proxima\/#primaryimage\",\"url\":\"https:\/\/apuntesdesanluis.com\/wp-content\/uploads\/2024\/08\/wado-de-pedro.png\",\"contentUrl\":\"https:\/\/apuntesdesanluis.com\/wp-content\/uploads\/2024\/08\/wado-de-pedro.png\",\"width\":700,\"height\":461},{\"@type\":\"BreadcrumbList\",\"@id\":\"https:\/\/apuntesdesanluis.com\/index.php\/2024\/08\/29\/el-senado-ratifico-que-el-financiamiento-educativo-universitario-se-tratara-la-semana-proxima\/#breadcrumb\",\"itemListElement\":[{\"@type\":\"ListItem\",\"position\":1,\"name\":\"Inicio\",\"item\":\"https:\/\/apuntesdesanluis.com\/\"},{\"@type\":\"ListItem\",\"position\":2,\"name\":\"EL SENADO RATIFIC\u00d3 QUE EL FINANCIAMIENTO EDUCATIVO UNIVERSITARIO SE TRATAR\u00c1 LA SEMANA PR\u00d3XIMA\"}]},{\"@type\":\"WebSite\",\"@id\":\"https:\/\/apuntesdesanluis.com\/#website\",\"url\":\"https:\/\/apuntesdesanluis.com\/\",\"name\":\"Apuntes de San Luis\",\"description\":\"\",\"publisher\":{\"@id\":\"https:\/\/apuntesdesanluis.com\/#\/schema\/person\/b55151d52296fcce64d1a72538a70b90\"},\"potentialAction\":[{\"@type\":\"SearchAction\",\"target\":{\"@type\":\"EntryPoint\",\"urlTemplate\":\"https:\/\/apuntesdesanluis.com\/?s={search_term_string}\"},\"query-input\":{\"@type\":\"PropertyValueSpecification\",\"valueRequired\":true,\"valueName\":\"search_term_string\"}}],\"inLanguage\":\"es-AR\"},{\"@type\":[\"Person\",\"Organization\"],\"@id\":\"https:\/\/apuntesdesanluis.com\/#\/schema\/person\/b55151d52296fcce64d1a72538a70b90\",\"name\":\"apuntesdesanluis.com\",\"image\":{\"@type\":\"ImageObject\",\"inLanguage\":\"es-AR\",\"@id\":\"https:\/\/apuntesdesanluis.com\/#\/schema\/person\/image\/\",\"url\":\"https:\/\/apuntesdesanluis.com\/wp-content\/uploads\/2023\/07\/cropped-apuntesdesanluis.png\",\"contentUrl\":\"https:\/\/apuntesdesanluis.com\/wp-content\/uploads\/2023\/07\/cropped-apuntesdesanluis.png\",\"width\":450,\"height\":112,\"caption\":\"apuntesdesanluis.com\"},\"logo\":{\"@id\":\"https:\/\/apuntesdesanluis.com\/#\/schema\/person\/image\/\"},\"sameAs\":[\"https:\/\/apuntesdesanluis.com\"],\"url\":\"https:\/\/apuntesdesanluis.com\/index.php\/author\/apuntesdesanluis-com\/\"}]}<\/script>\n<!-- \/ Yoast SEO plugin. -->","yoast_head_json":{"title":"EL SENADO RATIFIC\u00d3 QUE EL FINANCIAMIENTO EDUCATIVO UNIVERSITARIO SE TRATAR\u00c1 LA SEMANA PR\u00d3XIMA - Apuntes de San Luis","robots":{"index":"index","follow":"follow","max-snippet":"max-snippet:-1","max-image-preview":"max-image-preview:large","max-video-preview":"max-video-preview:-1"},"canonical":"https:\/\/apuntesdesanluis.com\/index.php\/2024\/08\/29\/el-senado-ratifico-que-el-financiamiento-educativo-universitario-se-tratara-la-semana-proxima\/","og_locale":"es_ES","og_type":"article","og_title":"EL SENADO RATIFIC\u00d3 QUE EL FINANCIAMIENTO EDUCATIVO UNIVERSITARIO SE TRATAR\u00c1 LA SEMANA PR\u00d3XIMA - Apuntes de San Luis","og_description":"La C\u00e1mara de Senadores de la Naci\u00f3n cumpli\u00f3 con la conformaci\u00f3n de la Comisi\u00f3n de...","og_url":"https:\/\/apuntesdesanluis.com\/index.php\/2024\/08\/29\/el-senado-ratifico-que-el-financiamiento-educativo-universitario-se-tratara-la-semana-proxima\/","og_site_name":"Apuntes de San Luis","article_published_time":"2024-08-30T02:59:24+00:00","og_image":[{"width":700,"height":461,"url":"https:\/\/apuntesdesanluis.com\/wp-content\/uploads\/2024\/08\/wado-de-pedro.png","type":"image\/png"}],"author":"apuntesdesanluis.com","twitter_card":"summary_large_image","twitter_misc":{"Escrito por":"apuntesdesanluis.com","Tiempo de lectura":"3 minutos"},"schema":{"@context":"https:\/\/schema.org","@graph":[{"@type":"Article","@id":"https:\/\/apuntesdesanluis.com\/index.php\/2024\/08\/29\/el-senado-ratifico-que-el-financiamiento-educativo-universitario-se-tratara-la-semana-proxima\/#article","isPartOf":{"@id":"https:\/\/apuntesdesanluis.com\/index.php\/2024\/08\/29\/el-senado-ratifico-que-el-financiamiento-educativo-universitario-se-tratara-la-semana-proxima\/"},"author":{"name":"apuntesdesanluis.com","@id":"https:\/\/apuntesdesanluis.com\/#\/schema\/person\/b55151d52296fcce64d1a72538a70b90"},"headline":"EL SENADO RATIFIC\u00d3 QUE EL FINANCIAMIENTO EDUCATIVO UNIVERSITARIO SE TRATAR\u00c1 LA SEMANA PR\u00d3XIMA","datePublished":"2024-08-30T02:59:24+00:00","mainEntityOfPage":{"@id":"https:\/\/apuntesdesanluis.com\/index.php\/2024\/08\/29\/el-senado-ratifico-que-el-financiamiento-educativo-universitario-se-tratara-la-semana-proxima\/"},"wordCount":675,"publisher":{"@id":"https:\/\/apuntesdesanluis.com\/#\/schema\/person\/b55151d52296fcce64d1a72538a70b90"},"image":{"@id":"https:\/\/apuntesdesanluis.com\/index.php\/2024\/08\/29\/el-senado-ratifico-que-el-financiamiento-educativo-universitario-se-tratara-la-semana-proxima\/#primaryimage"},"thumbnailUrl":"https:\/\/apuntesdesanluis.com\/wp-content\/uploads\/2024\/08\/wado-de-pedro.png","articleSection":["Nacionales\/Internacionales"],"inLanguage":"es-AR"},{"@type":"WebPage","@id":"https:\/\/apuntesdesanluis.com\/index.php\/2024\/08\/29\/el-senado-ratifico-que-el-financiamiento-educativo-universitario-se-tratara-la-semana-proxima\/","url":"https:\/\/apuntesdesanluis.com\/index.php\/2024\/08\/29\/el-senado-ratifico-que-el-financiamiento-educativo-universitario-se-tratara-la-semana-proxima\/","name":"EL SENADO RATIFIC\u00d3 QUE EL FINANCIAMIENTO EDUCATIVO UNIVERSITARIO SE TRATAR\u00c1 LA SEMANA PR\u00d3XIMA - Apuntes de San Luis","isPartOf":{"@id":"https:\/\/apuntesdesanluis.com\/#website"},"primaryImageOfPage":{"@id":"https:\/\/apuntesdesanluis.com\/index.php\/2024\/08\/29\/el-senado-ratifico-que-el-financiamiento-educativo-universitario-se-tratara-la-semana-proxima\/#primaryimage"},"image":{"@id":"https:\/\/apuntesdesanluis.com\/index.php\/2024\/08\/29\/el-senado-ratifico-que-el-financiamiento-educativo-universitario-se-tratara-la-semana-proxima\/#primaryimage"},"thumbnailUrl":"https:\/\/apuntesdesanluis.com\/wp-content\/uploads\/2024\/08\/wado-de-pedro.png","datePublished":"2024-08-30T02:59:24+00:00","breadcrumb":{"@id":"https:\/\/apuntesdesanluis.com\/index.php\/2024\/08\/29\/el-senado-ratifico-que-el-financiamiento-educativo-universitario-se-tratara-la-semana-proxima\/#breadcrumb"},"inLanguage":"es-AR","potentialAction":[{"@type":"ReadAction","target":["https:\/\/apuntesdesanluis.com\/index.php\/2024\/08\/29\/el-senado-ratifico-que-el-financiamiento-educativo-universitario-se-tratara-la-semana-proxima\/"]}]},{"@type":"ImageObject","inLanguage":"es-AR","@id":"https:\/\/apuntesdesanluis.com\/index.php\/2024\/08\/29\/el-senado-ratifico-que-el-financiamiento-educativo-universitario-se-tratara-la-semana-proxima\/#primaryimage","url":"https:\/\/apuntesdesanluis.com\/wp-content\/uploads\/2024\/08\/wado-de-pedro.png","contentUrl":"https:\/\/apuntesdesanluis.com\/wp-content\/uploads\/2024\/08\/wado-de-pedro.png","width":700,"height":461},{"@type":"BreadcrumbList","@id":"https:\/\/apuntesdesanluis.com\/index.php\/2024\/08\/29\/el-senado-ratifico-que-el-financiamiento-educativo-universitario-se-tratara-la-semana-proxima\/#breadcrumb","itemListElement":[{"@type":"ListItem","position":1,"name":"Inicio","item":"https:\/\/apuntesdesanluis.com\/"},{"@type":"ListItem","position":2,"name":"EL SENADO RATIFIC\u00d3 QUE EL FINANCIAMIENTO EDUCATIVO UNIVERSITARIO SE TRATAR\u00c1 LA SEMANA PR\u00d3XIMA"}]},{"@type":"WebSite","@id":"https:\/\/apuntesdesanluis.com\/#website","url":"https:\/\/apuntesdesanluis.com\/","name":"Apuntes de San Luis","description":"","publisher":{"@id":"https:\/\/apuntesdesanluis.com\/#\/schema\/person\/b55151d52296fcce64d1a72538a70b90"},"potentialAction":[{"@type":"SearchAction","target":{"@type":"EntryPoint","urlTemplate":"https:\/\/apuntesdesanluis.com\/?s={search_term_string}"},"query-input":{"@type":"PropertyValueSpecification","valueRequired":true,"valueName":"search_term_string"}}],"inLanguage":"es-AR"},{"@type":["Person","Organization"],"@id":"https:\/\/apuntesdesanluis.com\/#\/schema\/person\/b55151d52296fcce64d1a72538a70b90","name":"apuntesdesanluis.com","image":{"@type":"ImageObject","inLanguage":"es-AR","@id":"https:\/\/apuntesdesanluis.com\/#\/schema\/person\/image\/","url":"https:\/\/apuntesdesanluis.com\/wp-content\/uploads\/2023\/07\/cropped-apuntesdesanluis.png","contentUrl":"https:\/\/apuntesdesanluis.com\/wp-content\/uploads\/2023\/07\/cropped-apuntesdesanluis.png","width":450,"height":112,"caption":"apuntesdesanluis.com"},"logo":{"@id":"https:\/\/apuntesdesanluis.com\/#\/schema\/person\/image\/"},"sameAs":["https:\/\/apuntesdesanluis.com"],"url":"https:\/\/apuntesdesanluis.com\/index.php\/author\/apuntesdesanluis-com\/"}]}},"featured_image_urls":{"full":["https:\/\/apuntesdesanluis.com\/wp-content\/uploads\/2024\/08\/wado-de-pedro.png",700,461,false],"thumbnail":["https:\/\/apuntesdesanluis.com\/wp-content\/uploads\/2024\/08\/wado-de-pedro-150x150.png",150,150,true],"medium":["https:\/\/apuntesdesanluis.com\/wp-content\/uploads\/2024\/08\/wado-de-pedro-300x198.png",300,198,true],"medium_large":["https:\/\/apuntesdesanluis.com\/wp-content\/uploads\/2024\/08\/wado-de-pedro.png",640,421,false],"large":["https:\/\/apuntesdesanluis.com\/wp-content\/uploads\/2024\/08\/wado-de-pedro.png",640,421,false],"1536x1536":["https:\/\/apuntesdesanluis.com\/wp-content\/uploads\/2024\/08\/wado-de-pedro.png",700,461,false],"2048x2048":["https:\/\/apuntesdesanluis.com\/wp-content\/uploads\/2024\/08\/wado-de-pedro.png",700,461,false],"newsever-slider-full":["https:\/\/apuntesdesanluis.com\/wp-content\/uploads\/2024\/08\/wado-de-pedro.png",700,461,false],"newsever-featured":["https:\/\/apuntesdesanluis.com\/wp-content\/uploads\/2024\/08\/wado-de-pedro.png",700,461,false],"newsever-medium":["https:\/\/apuntesdesanluis.com\/wp-content\/uploads\/2024\/08\/wado-de-pedro.png",700,461,false]},"author_info":{"display_name":"apuntesdesanluis.com","author_link":"https:\/\/apuntesdesanluis.com\/index.php\/author\/apuntesdesanluis-com\/"},"category_info":"<a href=\"https:\/\/apuntesdesanluis.com\/index.php\/category\/nacionales-internacionales\/\" rel=\"category tag\">Nacionales\/Internacionales<\/a>","tag_info":"Nacionales\/Internacionales","comment_count":"0","_links":{"self":[{"href":"https:\/\/apuntesdesanluis.com\/index.php\/wp-json\/wp\/v2\/posts\/21545","targetHints":{"allow":["GET"]}}],"collection":[{"href":"https:\/\/apuntesdesanluis.com\/index.php\/wp-json\/wp\/v2\/posts"}],"about":[{"href":"https:\/\/apuntesdesanluis.com\/index.php\/wp-json\/wp\/v2\/types\/post"}],"author":[{"embeddable":true,"href":"https:\/\/apuntesdesanluis.com\/index.php\/wp-json\/wp\/v2\/users\/1"}],"replies":[{"embeddable":true,"href":"https:\/\/apuntesdesanluis.com\/index.php\/wp-json\/wp\/v2\/comments?post=21545"}],"version-history":[{"count":1,"href":"https:\/\/apuntesdesanluis.com\/index.php\/wp-json\/wp\/v2\/posts\/21545\/revisions"}],"predecessor-version":[{"id":21547,"href":"https:\/\/apuntesdesanluis.com\/index.php\/wp-json\/wp\/v2\/posts\/21545\/revisions\/21547"}],"wp:featuredmedia":[{"embeddable":true,"href":"https:\/\/apuntesdesanluis.com\/index.php\/wp-json\/wp\/v2\/media\/21546"}],"wp:attachment":[{"href":"https:\/\/apuntesdesanluis.com\/index.php\/wp-json\/wp\/v2\/media?parent=21545"}],"wp:term":[{"taxonomy":"category","embeddable":true,"href":"https:\/\/apuntesdesanluis.com\/index.php\/wp-json\/wp\/v2\/categories?post=21545"},{"taxonomy":"post_tag","embeddable":true,"href":"https:\/\/apuntesdesanluis.com\/index.php\/wp-json\/wp\/v2\/tags?post=21545"}],"curies":[{"name":"wp","href":"https:\/\/api.w.org\/{rel}","templated":true}]}}