{"id":21548,"date":"2024-08-29T23:10:36","date_gmt":"2024-08-30T02:10:36","guid":{"rendered":"https:\/\/apuntesdesanluis.com\/?p=21548"},"modified":"2024-08-30T00:11:02","modified_gmt":"2024-08-30T03:11:02","slug":"alimentos-casanello-ordeno-allanar-el-ministerio-de-capital-humano-por-los-productos-retenidos","status":"publish","type":"post","link":"https:\/\/apuntesdesanluis.com\/index.php\/2024\/08\/29\/alimentos-casanello-ordeno-allanar-el-ministerio-de-capital-humano-por-los-productos-retenidos\/","title":{"rendered":"ALIMENTOS: CASANELLO ORDEN\u00d3 ALLANAR EL MINISTERIO DE CAPITAL HUMANO POR LOS PRODUCTOS RETENIDOS"},"content":{"rendered":"<h3>El juez federal <strong>Sebasti\u00e1n Casanello<\/strong> orden\u00f3 hoy allanar el Ministerio de Capital Humano en el marco de la medida cautelar que obliga a la cartera a repartir las seis mil toneladas de alimentos retenidas en galpones.<\/h3>\n<h3>Seg\u00fan consta en la orden judicial, la medida apunt\u00f3 a &#8220;secuestrar documentaci\u00f3n y computadoras que contengan informaci\u00f3n sobre la log\u00edstica, stock y fechas de entrega&#8221; de la mercader\u00eda.<\/h3>\n<h3>Desde el Ministerio de Capital Humano que conduce Sandra Pettovello indicaron que, en el marco del allanamiento, se entreg\u00f3 un &#8220;back up de la computadora del director de log\u00edstica de la secretar\u00eda de Ni\u00f1ez, Adolescencia y Familia y las \u00f3rdenes de entrega emitidas a partir del 27 de mayo&#8221;.<\/h3>\n<h3>La orden dispuesta por el magistrado contra la cartera que conduce Sandra Pettovello fue dictada por el Juzgado Criminal y Correccional Federal 7.<\/h3>\n<h3>&#8220;Entre los elementos presentados se encuentran los partes diarios recibidos por el personal de los dep\u00f3sitos de Villa Martelli y del Centro Operativo Tucum\u00e1n, ubicado en Taf\u00ed Viejo en dicha provincia, con el detalle de stock, ingresos, salidas y estado de los alimentos&#8221;, indic\u00f3 Capital Humano.<\/h3>\n<h3>Y agreg\u00f3 que tambi\u00e9n se facilitaron a la Justicia &#8220;las constancias del sistema inform\u00e1tico S.U.M.A con los movimientos de alimentos en los dep\u00f3sitos y el acceso a diversas cuentas de correos electr\u00f3nicos utilizados por empleados y funcionarios&#8221;.<\/h3>\n<h3>&#8220;Desde el inicio de esta administraci\u00f3n, ha habido una clara disposici\u00f3n a transparentar y comunicar el trabajo que se viene realizando para que las familias vulnerables aumenten su poder de compra, poniendo como prioridad que las personas reciban asistencia con transferencias directas y terminando con la intermediaci\u00f3n de las pol\u00edticas sociales&#8221;, indic\u00f3 Capital Humano a trav\u00e9s de un comunicado.<\/h3>\n<h3>Manifest\u00f3 la cartera que &#8220;est\u00e1 cumpliendo en tiempo y forma con el plan de distribuci\u00f3n de alimentos&#8221; y record\u00f3 que &#8220;present\u00f3 un recurso de queja ante la Corte Suprema para defender la divisi\u00f3n de poderes, marcando que el Poder Judicial no puede interferir en el dise\u00f1o y ejecuci\u00f3n de pol\u00edticas p\u00fablicas que son competencia del Ejecutivo&#8221;.<\/h3>\n<h3>La causa se inici\u00f3 por una denuncia penal que el dirigente de Frente Patria Grande Juan Grabois present\u00f3 contra Pettovello por incumplimiento de los deberes de funcionaria p\u00fablica y abuso de autoridad ante el desabastecimiento alimentario de los comedores comunitarios.<\/h3>\n<h3>&#8220;Nuevo fallo contra la incumplidora serial Sandra Pettovello por dejar a los pibes sin comer y ocultar pruebas. Siguen jugando con el hambre de los chicos y delinquiendo alegremente&#8221;, public\u00f3 Grabois en redes sociales tras hacerse p\u00fablica la medida de Casanello.<\/h3>\n<p>&nbsp;<\/p>\n<p>&nbsp;<\/p>\n<p>&nbsp;<\/p>\n<p>&nbsp;<\/p>\n<p>&nbsp;<\/p>\n<p>&nbsp;<\/p>\n<p>&nbsp;<\/p>\n","protected":false},"excerpt":{"rendered":"<p>El juez federal Sebasti\u00e1n Casanello orden\u00f3 hoy allanar el Ministerio de Capital Humano en el&#8230;<\/p>\n","protected":false},"author":1,"featured_media":21549,"comment_status":"closed","ping_status":"closed","sticky":false,"template":"","format":"standard","meta":{"footnotes":""},"categories":[5],"tags":[],"class_list":["post-21548","post","type-post","status-publish","format-standard","has-post-thumbnail","hentry","category-nacionales-internacionales"],"yoast_head":"<!-- This site is optimized with the Yoast SEO plugin v26.1.1 - https:\/\/yoast.com\/wordpress\/plugins\/seo\/ -->\n<title>ALIMENTOS: CASANELLO ORDEN\u00d3 ALLANAR EL MINISTERIO DE CAPITAL HUMANO POR LOS PRODUCTOS RETENIDOS - Apuntes de San Luis<\/title>\n<meta name=\"robots\" content=\"index, follow, max-snippet:-1, max-image-preview:large, max-video-preview:-1\" \/>\n<link rel=\"canonical\" href=\"https:\/\/apuntesdesanluis.com\/index.php\/2024\/08\/29\/alimentos-casanello-ordeno-allanar-el-ministerio-de-capital-humano-por-los-productos-retenidos\/\" \/>\n<meta property=\"og:locale\" content=\"es_ES\" \/>\n<meta property=\"og:type\" content=\"article\" \/>\n<meta property=\"og:title\" content=\"ALIMENTOS: CASANELLO ORDEN\u00d3 ALLANAR EL MINISTERIO DE CAPITAL HUMANO POR LOS PRODUCTOS RETENIDOS - Apuntes de San Luis\" \/>\n<meta property=\"og:description\" content=\"El juez federal Sebasti\u00e1n Casanello orden\u00f3 hoy allanar el Ministerio de Capital Humano en el...\" \/>\n<meta property=\"og:url\" content=\"https:\/\/apuntesdesanluis.com\/index.php\/2024\/08\/29\/alimentos-casanello-ordeno-allanar-el-ministerio-de-capital-humano-por-los-productos-retenidos\/\" \/>\n<meta property=\"og:site_name\" content=\"Apuntes de San Luis\" \/>\n<meta property=\"article:published_time\" content=\"2024-08-30T02:10:36+00:00\" \/>\n<meta property=\"article:modified_time\" content=\"2024-08-30T03:11:02+00:00\" \/>\n<meta property=\"og:image\" content=\"https:\/\/apuntesdesanluis.com\/wp-content\/uploads\/2024\/08\/pettovello-1.png\" \/>\n\t<meta property=\"og:image:width\" content=\"700\" \/>\n\t<meta property=\"og:image:height\" content=\"471\" \/>\n\t<meta property=\"og:image:type\" content=\"image\/png\" \/>\n<meta name=\"author\" content=\"apuntesdesanluis.com\" \/>\n<meta name=\"twitter:card\" content=\"summary_large_image\" \/>\n<meta name=\"twitter:label1\" content=\"Escrito por\" \/>\n\t<meta name=\"twitter:data1\" content=\"apuntesdesanluis.com\" \/>\n\t<meta name=\"twitter:label2\" content=\"Tiempo de lectura\" \/>\n\t<meta name=\"twitter:data2\" content=\"3 minutos\" \/>\n<script type=\"application\/ld+json\" class=\"yoast-schema-graph\">{\"@context\":\"https:\/\/schema.org\",\"@graph\":[{\"@type\":\"Article\",\"@id\":\"https:\/\/apuntesdesanluis.com\/index.php\/2024\/08\/29\/alimentos-casanello-ordeno-allanar-el-ministerio-de-capital-humano-por-los-productos-retenidos\/#article\",\"isPartOf\":{\"@id\":\"https:\/\/apuntesdesanluis.com\/index.php\/2024\/08\/29\/alimentos-casanello-ordeno-allanar-el-ministerio-de-capital-humano-por-los-productos-retenidos\/\"},\"author\":{\"name\":\"apuntesdesanluis.com\",\"@id\":\"https:\/\/apuntesdesanluis.com\/#\/schema\/person\/b55151d52296fcce64d1a72538a70b90\"},\"headline\":\"ALIMENTOS: CASANELLO ORDEN\u00d3 ALLANAR EL MINISTERIO DE CAPITAL HUMANO POR LOS PRODUCTOS RETENIDOS\",\"datePublished\":\"2024-08-30T02:10:36+00:00\",\"dateModified\":\"2024-08-30T03:11:02+00:00\",\"mainEntityOfPage\":{\"@id\":\"https:\/\/apuntesdesanluis.com\/index.php\/2024\/08\/29\/alimentos-casanello-ordeno-allanar-el-ministerio-de-capital-humano-por-los-productos-retenidos\/\"},\"wordCount\":464,\"publisher\":{\"@id\":\"https:\/\/apuntesdesanluis.com\/#\/schema\/person\/b55151d52296fcce64d1a72538a70b90\"},\"image\":{\"@id\":\"https:\/\/apuntesdesanluis.com\/index.php\/2024\/08\/29\/alimentos-casanello-ordeno-allanar-el-ministerio-de-capital-humano-por-los-productos-retenidos\/#primaryimage\"},\"thumbnailUrl\":\"https:\/\/apuntesdesanluis.com\/wp-content\/uploads\/2024\/08\/pettovello-1.png\",\"articleSection\":[\"Nacionales\/Internacionales\"],\"inLanguage\":\"es-AR\"},{\"@type\":\"WebPage\",\"@id\":\"https:\/\/apuntesdesanluis.com\/index.php\/2024\/08\/29\/alimentos-casanello-ordeno-allanar-el-ministerio-de-capital-humano-por-los-productos-retenidos\/\",\"url\":\"https:\/\/apuntesdesanluis.com\/index.php\/2024\/08\/29\/alimentos-casanello-ordeno-allanar-el-ministerio-de-capital-humano-por-los-productos-retenidos\/\",\"name\":\"ALIMENTOS: CASANELLO ORDEN\u00d3 ALLANAR EL MINISTERIO DE CAPITAL HUMANO POR LOS PRODUCTOS RETENIDOS - Apuntes de San Luis\",\"isPartOf\":{\"@id\":\"https:\/\/apuntesdesanluis.com\/#website\"},\"primaryImageOfPage\":{\"@id\":\"https:\/\/apuntesdesanluis.com\/index.php\/2024\/08\/29\/alimentos-casanello-ordeno-allanar-el-ministerio-de-capital-humano-por-los-productos-retenidos\/#primaryimage\"},\"image\":{\"@id\":\"https:\/\/apuntesdesanluis.com\/index.php\/2024\/08\/29\/alimentos-casanello-ordeno-allanar-el-ministerio-de-capital-humano-por-los-productos-retenidos\/#primaryimage\"},\"thumbnailUrl\":\"https:\/\/apuntesdesanluis.com\/wp-content\/uploads\/2024\/08\/pettovello-1.png\",\"datePublished\":\"2024-08-30T02:10:36+00:00\",\"dateModified\":\"2024-08-30T03:11:02+00:00\",\"breadcrumb\":{\"@id\":\"https:\/\/apuntesdesanluis.com\/index.php\/2024\/08\/29\/alimentos-casanello-ordeno-allanar-el-ministerio-de-capital-humano-por-los-productos-retenidos\/#breadcrumb\"},\"inLanguage\":\"es-AR\",\"potentialAction\":[{\"@type\":\"ReadAction\",\"target\":[\"https:\/\/apuntesdesanluis.com\/index.php\/2024\/08\/29\/alimentos-casanello-ordeno-allanar-el-ministerio-de-capital-humano-por-los-productos-retenidos\/\"]}]},{\"@type\":\"ImageObject\",\"inLanguage\":\"es-AR\",\"@id\":\"https:\/\/apuntesdesanluis.com\/index.php\/2024\/08\/29\/alimentos-casanello-ordeno-allanar-el-ministerio-de-capital-humano-por-los-productos-retenidos\/#primaryimage\",\"url\":\"https:\/\/apuntesdesanluis.com\/wp-content\/uploads\/2024\/08\/pettovello-1.png\",\"contentUrl\":\"https:\/\/apuntesdesanluis.com\/wp-content\/uploads\/2024\/08\/pettovello-1.png\",\"width\":700,\"height\":471},{\"@type\":\"BreadcrumbList\",\"@id\":\"https:\/\/apuntesdesanluis.com\/index.php\/2024\/08\/29\/alimentos-casanello-ordeno-allanar-el-ministerio-de-capital-humano-por-los-productos-retenidos\/#breadcrumb\",\"itemListElement\":[{\"@type\":\"ListItem\",\"position\":1,\"name\":\"Inicio\",\"item\":\"https:\/\/apuntesdesanluis.com\/\"},{\"@type\":\"ListItem\",\"position\":2,\"name\":\"ALIMENTOS: CASANELLO ORDEN\u00d3 ALLANAR EL MINISTERIO DE CAPITAL HUMANO POR LOS PRODUCTOS RETENIDOS\"}]},{\"@type\":\"WebSite\",\"@id\":\"https:\/\/apuntesdesanluis.com\/#website\",\"url\":\"https:\/\/apuntesdesanluis.com\/\",\"name\":\"Apuntes de San Luis\",\"description\":\"\",\"publisher\":{\"@id\":\"https:\/\/apuntesdesanluis.com\/#\/schema\/person\/b55151d52296fcce64d1a72538a70b90\"},\"potentialAction\":[{\"@type\":\"SearchAction\",\"target\":{\"@type\":\"EntryPoint\",\"urlTemplate\":\"https:\/\/apuntesdesanluis.com\/?s={search_term_string}\"},\"query-input\":{\"@type\":\"PropertyValueSpecification\",\"valueRequired\":true,\"valueName\":\"search_term_string\"}}],\"inLanguage\":\"es-AR\"},{\"@type\":[\"Person\",\"Organization\"],\"@id\":\"https:\/\/apuntesdesanluis.com\/#\/schema\/person\/b55151d52296fcce64d1a72538a70b90\",\"name\":\"apuntesdesanluis.com\",\"image\":{\"@type\":\"ImageObject\",\"inLanguage\":\"es-AR\",\"@id\":\"https:\/\/apuntesdesanluis.com\/#\/schema\/person\/image\/\",\"url\":\"https:\/\/apuntesdesanluis.com\/wp-content\/uploads\/2023\/07\/cropped-apuntesdesanluis.png\",\"contentUrl\":\"https:\/\/apuntesdesanluis.com\/wp-content\/uploads\/2023\/07\/cropped-apuntesdesanluis.png\",\"width\":450,\"height\":112,\"caption\":\"apuntesdesanluis.com\"},\"logo\":{\"@id\":\"https:\/\/apuntesdesanluis.com\/#\/schema\/person\/image\/\"},\"sameAs\":[\"https:\/\/apuntesdesanluis.com\"],\"url\":\"https:\/\/apuntesdesanluis.com\/index.php\/author\/apuntesdesanluis-com\/\"}]}<\/script>\n<!-- \/ Yoast SEO plugin. -->","yoast_head_json":{"title":"ALIMENTOS: CASANELLO ORDEN\u00d3 ALLANAR EL MINISTERIO DE CAPITAL HUMANO POR LOS PRODUCTOS RETENIDOS - Apuntes de San Luis","robots":{"index":"index","follow":"follow","max-snippet":"max-snippet:-1","max-image-preview":"max-image-preview:large","max-video-preview":"max-video-preview:-1"},"canonical":"https:\/\/apuntesdesanluis.com\/index.php\/2024\/08\/29\/alimentos-casanello-ordeno-allanar-el-ministerio-de-capital-humano-por-los-productos-retenidos\/","og_locale":"es_ES","og_type":"article","og_title":"ALIMENTOS: CASANELLO ORDEN\u00d3 ALLANAR EL MINISTERIO DE CAPITAL HUMANO POR LOS PRODUCTOS RETENIDOS - Apuntes de San Luis","og_description":"El juez federal Sebasti\u00e1n Casanello orden\u00f3 hoy allanar el Ministerio de Capital Humano en el...","og_url":"https:\/\/apuntesdesanluis.com\/index.php\/2024\/08\/29\/alimentos-casanello-ordeno-allanar-el-ministerio-de-capital-humano-por-los-productos-retenidos\/","og_site_name":"Apuntes de San Luis","article_published_time":"2024-08-30T02:10:36+00:00","article_modified_time":"2024-08-30T03:11:02+00:00","og_image":[{"width":700,"height":471,"url":"https:\/\/apuntesdesanluis.com\/wp-content\/uploads\/2024\/08\/pettovello-1.png","type":"image\/png"}],"author":"apuntesdesanluis.com","twitter_card":"summary_large_image","twitter_misc":{"Escrito por":"apuntesdesanluis.com","Tiempo de lectura":"3 minutos"},"schema":{"@context":"https:\/\/schema.org","@graph":[{"@type":"Article","@id":"https:\/\/apuntesdesanluis.com\/index.php\/2024\/08\/29\/alimentos-casanello-ordeno-allanar-el-ministerio-de-capital-humano-por-los-productos-retenidos\/#article","isPartOf":{"@id":"https:\/\/apuntesdesanluis.com\/index.php\/2024\/08\/29\/alimentos-casanello-ordeno-allanar-el-ministerio-de-capital-humano-por-los-productos-retenidos\/"},"author":{"name":"apuntesdesanluis.com","@id":"https:\/\/apuntesdesanluis.com\/#\/schema\/person\/b55151d52296fcce64d1a72538a70b90"},"headline":"ALIMENTOS: CASANELLO ORDEN\u00d3 ALLANAR EL MINISTERIO DE CAPITAL HUMANO POR LOS PRODUCTOS RETENIDOS","datePublished":"2024-08-30T02:10:36+00:00","dateModified":"2024-08-30T03:11:02+00:00","mainEntityOfPage":{"@id":"https:\/\/apuntesdesanluis.com\/index.php\/2024\/08\/29\/alimentos-casanello-ordeno-allanar-el-ministerio-de-capital-humano-por-los-productos-retenidos\/"},"wordCount":464,"publisher":{"@id":"https:\/\/apuntesdesanluis.com\/#\/schema\/person\/b55151d52296fcce64d1a72538a70b90"},"image":{"@id":"https:\/\/apuntesdesanluis.com\/index.php\/2024\/08\/29\/alimentos-casanello-ordeno-allanar-el-ministerio-de-capital-humano-por-los-productos-retenidos\/#primaryimage"},"thumbnailUrl":"https:\/\/apuntesdesanluis.com\/wp-content\/uploads\/2024\/08\/pettovello-1.png","articleSection":["Nacionales\/Internacionales"],"inLanguage":"es-AR"},{"@type":"WebPage","@id":"https:\/\/apuntesdesanluis.com\/index.php\/2024\/08\/29\/alimentos-casanello-ordeno-allanar-el-ministerio-de-capital-humano-por-los-productos-retenidos\/","url":"https:\/\/apuntesdesanluis.com\/index.php\/2024\/08\/29\/alimentos-casanello-ordeno-allanar-el-ministerio-de-capital-humano-por-los-productos-retenidos\/","name":"ALIMENTOS: CASANELLO ORDEN\u00d3 ALLANAR EL MINISTERIO DE CAPITAL HUMANO POR LOS PRODUCTOS RETENIDOS - Apuntes de San Luis","isPartOf":{"@id":"https:\/\/apuntesdesanluis.com\/#website"},"primaryImageOfPage":{"@id":"https:\/\/apuntesdesanluis.com\/index.php\/2024\/08\/29\/alimentos-casanello-ordeno-allanar-el-ministerio-de-capital-humano-por-los-productos-retenidos\/#primaryimage"},"image":{"@id":"https:\/\/apuntesdesanluis.com\/index.php\/2024\/08\/29\/alimentos-casanello-ordeno-allanar-el-ministerio-de-capital-humano-por-los-productos-retenidos\/#primaryimage"},"thumbnailUrl":"https:\/\/apuntesdesanluis.com\/wp-content\/uploads\/2024\/08\/pettovello-1.png","datePublished":"2024-08-30T02:10:36+00:00","dateModified":"2024-08-30T03:11:02+00:00","breadcrumb":{"@id":"https:\/\/apuntesdesanluis.com\/index.php\/2024\/08\/29\/alimentos-casanello-ordeno-allanar-el-ministerio-de-capital-humano-por-los-productos-retenidos\/#breadcrumb"},"inLanguage":"es-AR","potentialAction":[{"@type":"ReadAction","target":["https:\/\/apuntesdesanluis.com\/index.php\/2024\/08\/29\/alimentos-casanello-ordeno-allanar-el-ministerio-de-capital-humano-por-los-productos-retenidos\/"]}]},{"@type":"ImageObject","inLanguage":"es-AR","@id":"https:\/\/apuntesdesanluis.com\/index.php\/2024\/08\/29\/alimentos-casanello-ordeno-allanar-el-ministerio-de-capital-humano-por-los-productos-retenidos\/#primaryimage","url":"https:\/\/apuntesdesanluis.com\/wp-content\/uploads\/2024\/08\/pettovello-1.png","contentUrl":"https:\/\/apuntesdesanluis.com\/wp-content\/uploads\/2024\/08\/pettovello-1.png","width":700,"height":471},{"@type":"BreadcrumbList","@id":"https:\/\/apuntesdesanluis.com\/index.php\/2024\/08\/29\/alimentos-casanello-ordeno-allanar-el-ministerio-de-capital-humano-por-los-productos-retenidos\/#breadcrumb","itemListElement":[{"@type":"ListItem","position":1,"name":"Inicio","item":"https:\/\/apuntesdesanluis.com\/"},{"@type":"ListItem","position":2,"name":"ALIMENTOS: CASANELLO ORDEN\u00d3 ALLANAR EL MINISTERIO DE CAPITAL HUMANO POR LOS PRODUCTOS RETENIDOS"}]},{"@type":"WebSite","@id":"https:\/\/apuntesdesanluis.com\/#website","url":"https:\/\/apuntesdesanluis.com\/","name":"Apuntes de San Luis","description":"","publisher":{"@id":"https:\/\/apuntesdesanluis.com\/#\/schema\/person\/b55151d52296fcce64d1a72538a70b90"},"potentialAction":[{"@type":"SearchAction","target":{"@type":"EntryPoint","urlTemplate":"https:\/\/apuntesdesanluis.com\/?s={search_term_string}"},"query-input":{"@type":"PropertyValueSpecification","valueRequired":true,"valueName":"search_term_string"}}],"inLanguage":"es-AR"},{"@type":["Person","Organization"],"@id":"https:\/\/apuntesdesanluis.com\/#\/schema\/person\/b55151d52296fcce64d1a72538a70b90","name":"apuntesdesanluis.com","image":{"@type":"ImageObject","inLanguage":"es-AR","@id":"https:\/\/apuntesdesanluis.com\/#\/schema\/person\/image\/","url":"https:\/\/apuntesdesanluis.com\/wp-content\/uploads\/2023\/07\/cropped-apuntesdesanluis.png","contentUrl":"https:\/\/apuntesdesanluis.com\/wp-content\/uploads\/2023\/07\/cropped-apuntesdesanluis.png","width":450,"height":112,"caption":"apuntesdesanluis.com"},"logo":{"@id":"https:\/\/apuntesdesanluis.com\/#\/schema\/person\/image\/"},"sameAs":["https:\/\/apuntesdesanluis.com"],"url":"https:\/\/apuntesdesanluis.com\/index.php\/author\/apuntesdesanluis-com\/"}]}},"featured_image_urls":{"full":["https:\/\/apuntesdesanluis.com\/wp-content\/uploads\/2024\/08\/pettovello-1.png",700,471,false],"thumbnail":["https:\/\/apuntesdesanluis.com\/wp-content\/uploads\/2024\/08\/pettovello-1-150x150.png",150,150,true],"medium":["https:\/\/apuntesdesanluis.com\/wp-content\/uploads\/2024\/08\/pettovello-1-300x202.png",300,202,true],"medium_large":["https:\/\/apuntesdesanluis.com\/wp-content\/uploads\/2024\/08\/pettovello-1.png",640,431,false],"large":["https:\/\/apuntesdesanluis.com\/wp-content\/uploads\/2024\/08\/pettovello-1.png",640,431,false],"1536x1536":["https:\/\/apuntesdesanluis.com\/wp-content\/uploads\/2024\/08\/pettovello-1.png",700,471,false],"2048x2048":["https:\/\/apuntesdesanluis.com\/wp-content\/uploads\/2024\/08\/pettovello-1.png",700,471,false],"newsever-slider-full":["https:\/\/apuntesdesanluis.com\/wp-content\/uploads\/2024\/08\/pettovello-1.png",700,471,false],"newsever-featured":["https:\/\/apuntesdesanluis.com\/wp-content\/uploads\/2024\/08\/pettovello-1.png",700,471,false],"newsever-medium":["https:\/\/apuntesdesanluis.com\/wp-content\/uploads\/2024\/08\/pettovello-1.png",700,471,false]},"author_info":{"display_name":"apuntesdesanluis.com","author_link":"https:\/\/apuntesdesanluis.com\/index.php\/author\/apuntesdesanluis-com\/"},"category_info":"<a href=\"https:\/\/apuntesdesanluis.com\/index.php\/category\/nacionales-internacionales\/\" rel=\"category tag\">Nacionales\/Internacionales<\/a>","tag_info":"Nacionales\/Internacionales","comment_count":"0","_links":{"self":[{"href":"https:\/\/apuntesdesanluis.com\/index.php\/wp-json\/wp\/v2\/posts\/21548","targetHints":{"allow":["GET"]}}],"collection":[{"href":"https:\/\/apuntesdesanluis.com\/index.php\/wp-json\/wp\/v2\/posts"}],"about":[{"href":"https:\/\/apuntesdesanluis.com\/index.php\/wp-json\/wp\/v2\/types\/post"}],"author":[{"embeddable":true,"href":"https:\/\/apuntesdesanluis.com\/index.php\/wp-json\/wp\/v2\/users\/1"}],"replies":[{"embeddable":true,"href":"https:\/\/apuntesdesanluis.com\/index.php\/wp-json\/wp\/v2\/comments?post=21548"}],"version-history":[{"count":1,"href":"https:\/\/apuntesdesanluis.com\/index.php\/wp-json\/wp\/v2\/posts\/21548\/revisions"}],"predecessor-version":[{"id":21550,"href":"https:\/\/apuntesdesanluis.com\/index.php\/wp-json\/wp\/v2\/posts\/21548\/revisions\/21550"}],"wp:featuredmedia":[{"embeddable":true,"href":"https:\/\/apuntesdesanluis.com\/index.php\/wp-json\/wp\/v2\/media\/21549"}],"wp:attachment":[{"href":"https:\/\/apuntesdesanluis.com\/index.php\/wp-json\/wp\/v2\/media?parent=21548"}],"wp:term":[{"taxonomy":"category","embeddable":true,"href":"https:\/\/apuntesdesanluis.com\/index.php\/wp-json\/wp\/v2\/categories?post=21548"},{"taxonomy":"post_tag","embeddable":true,"href":"https:\/\/apuntesdesanluis.com\/index.php\/wp-json\/wp\/v2\/tags?post=21548"}],"curies":[{"name":"wp","href":"https:\/\/api.w.org\/{rel}","templated":true}]}}