{"id":21559,"date":"2024-08-29T21:52:40","date_gmt":"2024-08-30T00:52:40","guid":{"rendered":"https:\/\/apuntesdesanluis.com\/?p=21559"},"modified":"2024-08-30T01:01:36","modified_gmt":"2024-08-30T04:01:36","slug":"el-pueblo-volvio-a-tener-quien-lo-defienda-sera-nomas-belgrano-rawson","status":"publish","type":"post","link":"https:\/\/apuntesdesanluis.com\/index.php\/2024\/08\/29\/el-pueblo-volvio-a-tener-quien-lo-defienda-sera-nomas-belgrano-rawson\/","title":{"rendered":"EL PUEBLO VOLVI\u00d3 A TENER QUIEN LO DEFIENDA: SER\u00c1 NOM\u00c1S BELGRANO RAWSON"},"content":{"rendered":"<h3>No hubo imprevistos y se cumpli\u00f3 lo que el oficialismo hab\u00eda planificado. Este jueves se llev\u00f3 a cabo la Asamblea General Legislativa en la que fueron aprobadas por unanimidad de los legisladores la postulaci\u00f3n del <strong>Dr. Guillermo Belgrano Rawson<\/strong> como Defensor del Pueblo, acompa\u00f1ado por el <strong>Dr. Jonathan Vel\u00e1zquez Lucero<\/strong> como defensor adjunto.<\/h3>\n<p><img fetchpriority=\"high\" decoding=\"async\" class=\"wp-image-21561 aligncenter\" src=\"https:\/\/apuntesdesanluis.com\/wp-content\/uploads\/2024\/08\/jonhatan-lucero-300x289.png\" alt=\"\" width=\"638\" height=\"615\" srcset=\"https:\/\/apuntesdesanluis.com\/wp-content\/uploads\/2024\/08\/jonhatan-lucero-300x289.png 300w, https:\/\/apuntesdesanluis.com\/wp-content\/uploads\/2024\/08\/jonhatan-lucero.png 666w\" sizes=\"(max-width: 638px) 100vw, 638px\" \/><\/p>\n<h3>El senador Adolfo Castro Luna, por el oficialismo, formul\u00f3 la nominaci\u00f3n durante la Asamblea, y al t\u00e9rmino de la reuni\u00f3n asegur\u00f3 que el mismo es \u201cun abogado destacado de la provincia que ha tenido posturas muy cr\u00edticas, muy firmes. Creo que es una persona id\u00f3nea que cumple adem\u00e1s con los requisitos de ley y de la constituci\u00f3n para ejercer el cargo\u201d, asegur\u00f3.<\/h3>\n<h3>\u201cSe lo propuso desde la Legislatura por una cuesti\u00f3n de su conducta intachable y su acci\u00f3n siempre muy transparente en su vida profesional y como empresario\u201d, sostuvo el legislador del departamento Pedernera.<\/h3>\n<h3>La nominaci\u00f3n surgi\u00f3 del interbloque Cambia San Luis-UCR y cont\u00f3 con el voto de apoyo de la bancada opositora, Uni\u00f3n por San Luis.<\/h3>\n<h3>El ombudsman tiene mandato por el t\u00e9rmino de un a\u00f1o y jur\u00f3 inmediatamente ante el presidente del cuerpo, el vicegobernador, Ricardo Endeiza.<\/h3>\n<p><img decoding=\"async\" class=\"wp-image-21562 aligncenter\" src=\"https:\/\/apuntesdesanluis.com\/wp-content\/uploads\/2024\/08\/endeiza-leyes-300x175.png\" alt=\"\" width=\"670\" height=\"391\" srcset=\"https:\/\/apuntesdesanluis.com\/wp-content\/uploads\/2024\/08\/endeiza-leyes-300x175.png 300w, https:\/\/apuntesdesanluis.com\/wp-content\/uploads\/2024\/08\/endeiza-leyes.png 700w\" sizes=\"(max-width: 670px) 100vw, 670px\" \/><\/p>\n<h3>En cuanto a su trayectoria p\u00fablica, el Doctor Guillermo Belgrano Rawson se desempe\u00f1\u00f3 como secretario en lo Civil del Juzgado Federal de San Luis. Abogado de la Universidad Nacional de San Luis, secretario de la Sala Judicial en la Fiscal\u00eda de Estado de la Provincia de San Luis, presidente en dos periodos de la Sociedad Rural de San Luis y presidente en dos periodos del Colegio de Abogados y Procuradores de la Ciudad de San Luis.<\/h3>\n<p>&nbsp;<\/p>\n<p>&nbsp;<\/p>\n<p>&nbsp;<\/p>\n","protected":false},"excerpt":{"rendered":"<p>No hubo imprevistos y se cumpli\u00f3 lo que el oficialismo hab\u00eda planificado. Este jueves se&#8230;<\/p>\n","protected":false},"author":1,"featured_media":21560,"comment_status":"closed","ping_status":"closed","sticky":false,"template":"","format":"standard","meta":{"footnotes":""},"categories":[6],"tags":[],"class_list":["post-21559","post","type-post","status-publish","format-standard","has-post-thumbnail","hentry","category-ciudad-provincia"],"yoast_head":"<!-- This site is optimized with the Yoast SEO plugin v26.1.1 - https:\/\/yoast.com\/wordpress\/plugins\/seo\/ -->\n<title>EL PUEBLO VOLVI\u00d3 A TENER QUIEN LO DEFIENDA: SER\u00c1 NOM\u00c1S BELGRANO RAWSON - Apuntes de San Luis<\/title>\n<meta name=\"robots\" content=\"index, follow, max-snippet:-1, max-image-preview:large, max-video-preview:-1\" \/>\n<link rel=\"canonical\" href=\"https:\/\/apuntesdesanluis.com\/index.php\/2024\/08\/29\/el-pueblo-volvio-a-tener-quien-lo-defienda-sera-nomas-belgrano-rawson\/\" \/>\n<meta property=\"og:locale\" content=\"es_ES\" \/>\n<meta property=\"og:type\" content=\"article\" \/>\n<meta property=\"og:title\" content=\"EL PUEBLO VOLVI\u00d3 A TENER QUIEN LO DEFIENDA: SER\u00c1 NOM\u00c1S BELGRANO RAWSON - Apuntes de San Luis\" \/>\n<meta property=\"og:description\" content=\"No hubo imprevistos y se cumpli\u00f3 lo que el oficialismo hab\u00eda planificado. Este jueves se...\" \/>\n<meta property=\"og:url\" content=\"https:\/\/apuntesdesanluis.com\/index.php\/2024\/08\/29\/el-pueblo-volvio-a-tener-quien-lo-defienda-sera-nomas-belgrano-rawson\/\" \/>\n<meta property=\"og:site_name\" content=\"Apuntes de San Luis\" \/>\n<meta property=\"article:published_time\" content=\"2024-08-30T00:52:40+00:00\" \/>\n<meta property=\"article:modified_time\" content=\"2024-08-30T04:01:36+00:00\" \/>\n<meta property=\"og:image\" content=\"https:\/\/apuntesdesanluis.com\/wp-content\/uploads\/2024\/08\/belgrano-rawson-1.png\" \/>\n\t<meta property=\"og:image:width\" content=\"700\" \/>\n\t<meta property=\"og:image:height\" content=\"416\" \/>\n\t<meta property=\"og:image:type\" content=\"image\/png\" \/>\n<meta name=\"author\" content=\"apuntesdesanluis.com\" \/>\n<meta name=\"twitter:card\" content=\"summary_large_image\" \/>\n<meta name=\"twitter:label1\" content=\"Escrito por\" \/>\n\t<meta name=\"twitter:data1\" content=\"apuntesdesanluis.com\" \/>\n\t<meta name=\"twitter:label2\" content=\"Tiempo de lectura\" \/>\n\t<meta name=\"twitter:data2\" content=\"2 minutos\" \/>\n<script type=\"application\/ld+json\" class=\"yoast-schema-graph\">{\"@context\":\"https:\/\/schema.org\",\"@graph\":[{\"@type\":\"Article\",\"@id\":\"https:\/\/apuntesdesanluis.com\/index.php\/2024\/08\/29\/el-pueblo-volvio-a-tener-quien-lo-defienda-sera-nomas-belgrano-rawson\/#article\",\"isPartOf\":{\"@id\":\"https:\/\/apuntesdesanluis.com\/index.php\/2024\/08\/29\/el-pueblo-volvio-a-tener-quien-lo-defienda-sera-nomas-belgrano-rawson\/\"},\"author\":{\"name\":\"apuntesdesanluis.com\",\"@id\":\"https:\/\/apuntesdesanluis.com\/#\/schema\/person\/b55151d52296fcce64d1a72538a70b90\"},\"headline\":\"EL PUEBLO VOLVI\u00d3 A TENER QUIEN LO DEFIENDA: SER\u00c1 NOM\u00c1S BELGRANO RAWSON\",\"datePublished\":\"2024-08-30T00:52:40+00:00\",\"dateModified\":\"2024-08-30T04:01:36+00:00\",\"mainEntityOfPage\":{\"@id\":\"https:\/\/apuntesdesanluis.com\/index.php\/2024\/08\/29\/el-pueblo-volvio-a-tener-quien-lo-defienda-sera-nomas-belgrano-rawson\/\"},\"wordCount\":303,\"publisher\":{\"@id\":\"https:\/\/apuntesdesanluis.com\/#\/schema\/person\/b55151d52296fcce64d1a72538a70b90\"},\"image\":{\"@id\":\"https:\/\/apuntesdesanluis.com\/index.php\/2024\/08\/29\/el-pueblo-volvio-a-tener-quien-lo-defienda-sera-nomas-belgrano-rawson\/#primaryimage\"},\"thumbnailUrl\":\"https:\/\/apuntesdesanluis.com\/wp-content\/uploads\/2024\/08\/belgrano-rawson-1.png\",\"articleSection\":[\"Ciudad\/Provincia\"],\"inLanguage\":\"es-AR\"},{\"@type\":\"WebPage\",\"@id\":\"https:\/\/apuntesdesanluis.com\/index.php\/2024\/08\/29\/el-pueblo-volvio-a-tener-quien-lo-defienda-sera-nomas-belgrano-rawson\/\",\"url\":\"https:\/\/apuntesdesanluis.com\/index.php\/2024\/08\/29\/el-pueblo-volvio-a-tener-quien-lo-defienda-sera-nomas-belgrano-rawson\/\",\"name\":\"EL PUEBLO VOLVI\u00d3 A TENER QUIEN LO DEFIENDA: SER\u00c1 NOM\u00c1S BELGRANO RAWSON - Apuntes de San Luis\",\"isPartOf\":{\"@id\":\"https:\/\/apuntesdesanluis.com\/#website\"},\"primaryImageOfPage\":{\"@id\":\"https:\/\/apuntesdesanluis.com\/index.php\/2024\/08\/29\/el-pueblo-volvio-a-tener-quien-lo-defienda-sera-nomas-belgrano-rawson\/#primaryimage\"},\"image\":{\"@id\":\"https:\/\/apuntesdesanluis.com\/index.php\/2024\/08\/29\/el-pueblo-volvio-a-tener-quien-lo-defienda-sera-nomas-belgrano-rawson\/#primaryimage\"},\"thumbnailUrl\":\"https:\/\/apuntesdesanluis.com\/wp-content\/uploads\/2024\/08\/belgrano-rawson-1.png\",\"datePublished\":\"2024-08-30T00:52:40+00:00\",\"dateModified\":\"2024-08-30T04:01:36+00:00\",\"breadcrumb\":{\"@id\":\"https:\/\/apuntesdesanluis.com\/index.php\/2024\/08\/29\/el-pueblo-volvio-a-tener-quien-lo-defienda-sera-nomas-belgrano-rawson\/#breadcrumb\"},\"inLanguage\":\"es-AR\",\"potentialAction\":[{\"@type\":\"ReadAction\",\"target\":[\"https:\/\/apuntesdesanluis.com\/index.php\/2024\/08\/29\/el-pueblo-volvio-a-tener-quien-lo-defienda-sera-nomas-belgrano-rawson\/\"]}]},{\"@type\":\"ImageObject\",\"inLanguage\":\"es-AR\",\"@id\":\"https:\/\/apuntesdesanluis.com\/index.php\/2024\/08\/29\/el-pueblo-volvio-a-tener-quien-lo-defienda-sera-nomas-belgrano-rawson\/#primaryimage\",\"url\":\"https:\/\/apuntesdesanluis.com\/wp-content\/uploads\/2024\/08\/belgrano-rawson-1.png\",\"contentUrl\":\"https:\/\/apuntesdesanluis.com\/wp-content\/uploads\/2024\/08\/belgrano-rawson-1.png\",\"width\":700,\"height\":416},{\"@type\":\"BreadcrumbList\",\"@id\":\"https:\/\/apuntesdesanluis.com\/index.php\/2024\/08\/29\/el-pueblo-volvio-a-tener-quien-lo-defienda-sera-nomas-belgrano-rawson\/#breadcrumb\",\"itemListElement\":[{\"@type\":\"ListItem\",\"position\":1,\"name\":\"Inicio\",\"item\":\"https:\/\/apuntesdesanluis.com\/\"},{\"@type\":\"ListItem\",\"position\":2,\"name\":\"EL PUEBLO VOLVI\u00d3 A TENER QUIEN LO DEFIENDA: SER\u00c1 NOM\u00c1S BELGRANO RAWSON\"}]},{\"@type\":\"WebSite\",\"@id\":\"https:\/\/apuntesdesanluis.com\/#website\",\"url\":\"https:\/\/apuntesdesanluis.com\/\",\"name\":\"Apuntes de San Luis\",\"description\":\"\",\"publisher\":{\"@id\":\"https:\/\/apuntesdesanluis.com\/#\/schema\/person\/b55151d52296fcce64d1a72538a70b90\"},\"potentialAction\":[{\"@type\":\"SearchAction\",\"target\":{\"@type\":\"EntryPoint\",\"urlTemplate\":\"https:\/\/apuntesdesanluis.com\/?s={search_term_string}\"},\"query-input\":{\"@type\":\"PropertyValueSpecification\",\"valueRequired\":true,\"valueName\":\"search_term_string\"}}],\"inLanguage\":\"es-AR\"},{\"@type\":[\"Person\",\"Organization\"],\"@id\":\"https:\/\/apuntesdesanluis.com\/#\/schema\/person\/b55151d52296fcce64d1a72538a70b90\",\"name\":\"apuntesdesanluis.com\",\"image\":{\"@type\":\"ImageObject\",\"inLanguage\":\"es-AR\",\"@id\":\"https:\/\/apuntesdesanluis.com\/#\/schema\/person\/image\/\",\"url\":\"https:\/\/apuntesdesanluis.com\/wp-content\/uploads\/2023\/07\/cropped-apuntesdesanluis.png\",\"contentUrl\":\"https:\/\/apuntesdesanluis.com\/wp-content\/uploads\/2023\/07\/cropped-apuntesdesanluis.png\",\"width\":450,\"height\":112,\"caption\":\"apuntesdesanluis.com\"},\"logo\":{\"@id\":\"https:\/\/apuntesdesanluis.com\/#\/schema\/person\/image\/\"},\"sameAs\":[\"https:\/\/apuntesdesanluis.com\"],\"url\":\"https:\/\/apuntesdesanluis.com\/index.php\/author\/apuntesdesanluis-com\/\"}]}<\/script>\n<!-- \/ Yoast SEO plugin. -->","yoast_head_json":{"title":"EL PUEBLO VOLVI\u00d3 A TENER QUIEN LO DEFIENDA: SER\u00c1 NOM\u00c1S BELGRANO RAWSON - Apuntes de San Luis","robots":{"index":"index","follow":"follow","max-snippet":"max-snippet:-1","max-image-preview":"max-image-preview:large","max-video-preview":"max-video-preview:-1"},"canonical":"https:\/\/apuntesdesanluis.com\/index.php\/2024\/08\/29\/el-pueblo-volvio-a-tener-quien-lo-defienda-sera-nomas-belgrano-rawson\/","og_locale":"es_ES","og_type":"article","og_title":"EL PUEBLO VOLVI\u00d3 A TENER QUIEN LO DEFIENDA: SER\u00c1 NOM\u00c1S BELGRANO RAWSON - Apuntes de San Luis","og_description":"No hubo imprevistos y se cumpli\u00f3 lo que el oficialismo hab\u00eda planificado. Este jueves se...","og_url":"https:\/\/apuntesdesanluis.com\/index.php\/2024\/08\/29\/el-pueblo-volvio-a-tener-quien-lo-defienda-sera-nomas-belgrano-rawson\/","og_site_name":"Apuntes de San Luis","article_published_time":"2024-08-30T00:52:40+00:00","article_modified_time":"2024-08-30T04:01:36+00:00","og_image":[{"width":700,"height":416,"url":"https:\/\/apuntesdesanluis.com\/wp-content\/uploads\/2024\/08\/belgrano-rawson-1.png","type":"image\/png"}],"author":"apuntesdesanluis.com","twitter_card":"summary_large_image","twitter_misc":{"Escrito por":"apuntesdesanluis.com","Tiempo de lectura":"2 minutos"},"schema":{"@context":"https:\/\/schema.org","@graph":[{"@type":"Article","@id":"https:\/\/apuntesdesanluis.com\/index.php\/2024\/08\/29\/el-pueblo-volvio-a-tener-quien-lo-defienda-sera-nomas-belgrano-rawson\/#article","isPartOf":{"@id":"https:\/\/apuntesdesanluis.com\/index.php\/2024\/08\/29\/el-pueblo-volvio-a-tener-quien-lo-defienda-sera-nomas-belgrano-rawson\/"},"author":{"name":"apuntesdesanluis.com","@id":"https:\/\/apuntesdesanluis.com\/#\/schema\/person\/b55151d52296fcce64d1a72538a70b90"},"headline":"EL PUEBLO VOLVI\u00d3 A TENER QUIEN LO DEFIENDA: SER\u00c1 NOM\u00c1S BELGRANO RAWSON","datePublished":"2024-08-30T00:52:40+00:00","dateModified":"2024-08-30T04:01:36+00:00","mainEntityOfPage":{"@id":"https:\/\/apuntesdesanluis.com\/index.php\/2024\/08\/29\/el-pueblo-volvio-a-tener-quien-lo-defienda-sera-nomas-belgrano-rawson\/"},"wordCount":303,"publisher":{"@id":"https:\/\/apuntesdesanluis.com\/#\/schema\/person\/b55151d52296fcce64d1a72538a70b90"},"image":{"@id":"https:\/\/apuntesdesanluis.com\/index.php\/2024\/08\/29\/el-pueblo-volvio-a-tener-quien-lo-defienda-sera-nomas-belgrano-rawson\/#primaryimage"},"thumbnailUrl":"https:\/\/apuntesdesanluis.com\/wp-content\/uploads\/2024\/08\/belgrano-rawson-1.png","articleSection":["Ciudad\/Provincia"],"inLanguage":"es-AR"},{"@type":"WebPage","@id":"https:\/\/apuntesdesanluis.com\/index.php\/2024\/08\/29\/el-pueblo-volvio-a-tener-quien-lo-defienda-sera-nomas-belgrano-rawson\/","url":"https:\/\/apuntesdesanluis.com\/index.php\/2024\/08\/29\/el-pueblo-volvio-a-tener-quien-lo-defienda-sera-nomas-belgrano-rawson\/","name":"EL PUEBLO VOLVI\u00d3 A TENER QUIEN LO DEFIENDA: SER\u00c1 NOM\u00c1S BELGRANO RAWSON - Apuntes de San Luis","isPartOf":{"@id":"https:\/\/apuntesdesanluis.com\/#website"},"primaryImageOfPage":{"@id":"https:\/\/apuntesdesanluis.com\/index.php\/2024\/08\/29\/el-pueblo-volvio-a-tener-quien-lo-defienda-sera-nomas-belgrano-rawson\/#primaryimage"},"image":{"@id":"https:\/\/apuntesdesanluis.com\/index.php\/2024\/08\/29\/el-pueblo-volvio-a-tener-quien-lo-defienda-sera-nomas-belgrano-rawson\/#primaryimage"},"thumbnailUrl":"https:\/\/apuntesdesanluis.com\/wp-content\/uploads\/2024\/08\/belgrano-rawson-1.png","datePublished":"2024-08-30T00:52:40+00:00","dateModified":"2024-08-30T04:01:36+00:00","breadcrumb":{"@id":"https:\/\/apuntesdesanluis.com\/index.php\/2024\/08\/29\/el-pueblo-volvio-a-tener-quien-lo-defienda-sera-nomas-belgrano-rawson\/#breadcrumb"},"inLanguage":"es-AR","potentialAction":[{"@type":"ReadAction","target":["https:\/\/apuntesdesanluis.com\/index.php\/2024\/08\/29\/el-pueblo-volvio-a-tener-quien-lo-defienda-sera-nomas-belgrano-rawson\/"]}]},{"@type":"ImageObject","inLanguage":"es-AR","@id":"https:\/\/apuntesdesanluis.com\/index.php\/2024\/08\/29\/el-pueblo-volvio-a-tener-quien-lo-defienda-sera-nomas-belgrano-rawson\/#primaryimage","url":"https:\/\/apuntesdesanluis.com\/wp-content\/uploads\/2024\/08\/belgrano-rawson-1.png","contentUrl":"https:\/\/apuntesdesanluis.com\/wp-content\/uploads\/2024\/08\/belgrano-rawson-1.png","width":700,"height":416},{"@type":"BreadcrumbList","@id":"https:\/\/apuntesdesanluis.com\/index.php\/2024\/08\/29\/el-pueblo-volvio-a-tener-quien-lo-defienda-sera-nomas-belgrano-rawson\/#breadcrumb","itemListElement":[{"@type":"ListItem","position":1,"name":"Inicio","item":"https:\/\/apuntesdesanluis.com\/"},{"@type":"ListItem","position":2,"name":"EL PUEBLO VOLVI\u00d3 A TENER QUIEN LO DEFIENDA: SER\u00c1 NOM\u00c1S BELGRANO RAWSON"}]},{"@type":"WebSite","@id":"https:\/\/apuntesdesanluis.com\/#website","url":"https:\/\/apuntesdesanluis.com\/","name":"Apuntes de San Luis","description":"","publisher":{"@id":"https:\/\/apuntesdesanluis.com\/#\/schema\/person\/b55151d52296fcce64d1a72538a70b90"},"potentialAction":[{"@type":"SearchAction","target":{"@type":"EntryPoint","urlTemplate":"https:\/\/apuntesdesanluis.com\/?s={search_term_string}"},"query-input":{"@type":"PropertyValueSpecification","valueRequired":true,"valueName":"search_term_string"}}],"inLanguage":"es-AR"},{"@type":["Person","Organization"],"@id":"https:\/\/apuntesdesanluis.com\/#\/schema\/person\/b55151d52296fcce64d1a72538a70b90","name":"apuntesdesanluis.com","image":{"@type":"ImageObject","inLanguage":"es-AR","@id":"https:\/\/apuntesdesanluis.com\/#\/schema\/person\/image\/","url":"https:\/\/apuntesdesanluis.com\/wp-content\/uploads\/2023\/07\/cropped-apuntesdesanluis.png","contentUrl":"https:\/\/apuntesdesanluis.com\/wp-content\/uploads\/2023\/07\/cropped-apuntesdesanluis.png","width":450,"height":112,"caption":"apuntesdesanluis.com"},"logo":{"@id":"https:\/\/apuntesdesanluis.com\/#\/schema\/person\/image\/"},"sameAs":["https:\/\/apuntesdesanluis.com"],"url":"https:\/\/apuntesdesanluis.com\/index.php\/author\/apuntesdesanluis-com\/"}]}},"featured_image_urls":{"full":["https:\/\/apuntesdesanluis.com\/wp-content\/uploads\/2024\/08\/belgrano-rawson-1.png",700,416,false],"thumbnail":["https:\/\/apuntesdesanluis.com\/wp-content\/uploads\/2024\/08\/belgrano-rawson-1-150x150.png",150,150,true],"medium":["https:\/\/apuntesdesanluis.com\/wp-content\/uploads\/2024\/08\/belgrano-rawson-1-300x178.png",300,178,true],"medium_large":["https:\/\/apuntesdesanluis.com\/wp-content\/uploads\/2024\/08\/belgrano-rawson-1.png",640,380,false],"large":["https:\/\/apuntesdesanluis.com\/wp-content\/uploads\/2024\/08\/belgrano-rawson-1.png",640,380,false],"1536x1536":["https:\/\/apuntesdesanluis.com\/wp-content\/uploads\/2024\/08\/belgrano-rawson-1.png",700,416,false],"2048x2048":["https:\/\/apuntesdesanluis.com\/wp-content\/uploads\/2024\/08\/belgrano-rawson-1.png",700,416,false],"newsever-slider-full":["https:\/\/apuntesdesanluis.com\/wp-content\/uploads\/2024\/08\/belgrano-rawson-1.png",700,416,false],"newsever-featured":["https:\/\/apuntesdesanluis.com\/wp-content\/uploads\/2024\/08\/belgrano-rawson-1.png",700,416,false],"newsever-medium":["https:\/\/apuntesdesanluis.com\/wp-content\/uploads\/2024\/08\/belgrano-rawson-1.png",700,416,false]},"author_info":{"display_name":"apuntesdesanluis.com","author_link":"https:\/\/apuntesdesanluis.com\/index.php\/author\/apuntesdesanluis-com\/"},"category_info":"<a href=\"https:\/\/apuntesdesanluis.com\/index.php\/category\/ciudad-provincia\/\" rel=\"category tag\">Ciudad\/Provincia<\/a>","tag_info":"Ciudad\/Provincia","comment_count":"0","_links":{"self":[{"href":"https:\/\/apuntesdesanluis.com\/index.php\/wp-json\/wp\/v2\/posts\/21559","targetHints":{"allow":["GET"]}}],"collection":[{"href":"https:\/\/apuntesdesanluis.com\/index.php\/wp-json\/wp\/v2\/posts"}],"about":[{"href":"https:\/\/apuntesdesanluis.com\/index.php\/wp-json\/wp\/v2\/types\/post"}],"author":[{"embeddable":true,"href":"https:\/\/apuntesdesanluis.com\/index.php\/wp-json\/wp\/v2\/users\/1"}],"replies":[{"embeddable":true,"href":"https:\/\/apuntesdesanluis.com\/index.php\/wp-json\/wp\/v2\/comments?post=21559"}],"version-history":[{"count":1,"href":"https:\/\/apuntesdesanluis.com\/index.php\/wp-json\/wp\/v2\/posts\/21559\/revisions"}],"predecessor-version":[{"id":21563,"href":"https:\/\/apuntesdesanluis.com\/index.php\/wp-json\/wp\/v2\/posts\/21559\/revisions\/21563"}],"wp:featuredmedia":[{"embeddable":true,"href":"https:\/\/apuntesdesanluis.com\/index.php\/wp-json\/wp\/v2\/media\/21560"}],"wp:attachment":[{"href":"https:\/\/apuntesdesanluis.com\/index.php\/wp-json\/wp\/v2\/media?parent=21559"}],"wp:term":[{"taxonomy":"category","embeddable":true,"href":"https:\/\/apuntesdesanluis.com\/index.php\/wp-json\/wp\/v2\/categories?post=21559"},{"taxonomy":"post_tag","embeddable":true,"href":"https:\/\/apuntesdesanluis.com\/index.php\/wp-json\/wp\/v2\/tags?post=21559"}],"curies":[{"name":"wp","href":"https:\/\/api.w.org\/{rel}","templated":true}]}}