{"id":21564,"date":"2024-08-30T20:02:33","date_gmt":"2024-08-30T23:02:33","guid":{"rendered":"https:\/\/apuntesdesanluis.com\/?p=21564"},"modified":"2024-08-30T20:05:28","modified_gmt":"2024-08-30T23:05:28","slug":"menosprecio-al-tanque-elevado-de-obras-sanitarias-un-golpe-a-la-memoria-y-al-patrimonio-de-san-luis","status":"publish","type":"post","link":"https:\/\/apuntesdesanluis.com\/index.php\/2024\/08\/30\/menosprecio-al-tanque-elevado-de-obras-sanitarias-un-golpe-a-la-memoria-y-al-patrimonio-de-san-luis\/","title":{"rendered":"Menosprecio al Tanque Elevado de Obras Sanitarias: Un Golpe a la Memoria y al Patrimonio de San Luis"},"content":{"rendered":"<h3>Por <strong>Adolfo Castro Luna *<\/strong><\/h3>\n<p><img fetchpriority=\"high\" decoding=\"async\" class=\"wp-image-17353 aligncenter\" src=\"https:\/\/apuntesdesanluis.com\/wp-content\/uploads\/2024\/06\/ADOLFO-CASTRO-LUNA-300x273.png\" alt=\"\" width=\"456\" height=\"415\" srcset=\"https:\/\/apuntesdesanluis.com\/wp-content\/uploads\/2024\/06\/ADOLFO-CASTRO-LUNA-300x273.png 300w, https:\/\/apuntesdesanluis.com\/wp-content\/uploads\/2024\/06\/ADOLFO-CASTRO-LUNA.png 561w\" sizes=\"(max-width: 456px) 100vw, 456px\" \/><\/p>\n<p>&nbsp;<\/p>\n<h3>En la reciente sesi\u00f3n de la C\u00e1mara de Diputados de nuestra provincia, el bloque opositor que responde al ex gobernador decidi\u00f3, en un acto incomprensible e injustificable, rechazar la propuesta de declarar al Tanque Elevado de la ciudad de Villa Mercedes como monumento hist\u00f3rico provincial. Este tanque, m\u00e1s que una simple estructura de hormig\u00f3n, es un testimonio vivo de nuestra historia, un s\u00edmbolo de progreso y resiliencia, y una parte fundamental de la identidad de la regi\u00f3n.<\/h3>\n<h3>Con cien a\u00f1os de historia, el tanque elevado ha sido testigo de la transformaci\u00f3n de Villa Mercedes y su entorno. Esta obra, que en su momento fue una proeza de la ingenier\u00eda, configurando el tanque m\u00e1s grande de Latinoam\u00e9rica, garantiz\u00f3 el suministro de agua potable y apoy\u00f3 el desarrollo de la comunidad, que comenzaba a experimentar un notable crecimiento. Sin embargo, m\u00e1s all\u00e1 de su valor funcional, este tanque encarna la memoria colectiva y los valores compartidos que forjaron a Villa Mercedes. Ignorar su importancia es ignorar nuestra propia historia y aquellos esfuerzos que nos han permitido llegar hasta donde estamos hoy.<\/h3>\n<h3>Lo que resulta a\u00fan m\u00e1s contradictorio y decepcionante es que los mismos que hoy se dan el lujo de rechazar la protecci\u00f3n de este s\u00edmbolo local, son quienes se rasgan las vestiduras para defender el \u201cPalacio de Lagomarsino\u201d, un lujoso palacete en la Ciudad de Buenos Aires que alberga la Casa de San Luis. Este edificio, que ha sido s\u00edmbolo de ostentaci\u00f3n y despilfarro de la administraci\u00f3n anterior, refleja prioridades mal orientadas y desconectadas de las necesidades reales de la poblaci\u00f3n de San Luis. Defender con tanto fervor el mantenimiento de un s\u00edmbolo del gasto superfluo, mientras se desde\u00f1a la preservaci\u00f3n de un icono hist\u00f3rico de nuestra propia tierra, expone una preocupante falta de coherencia y de visi\u00f3n de futuro.<\/h3>\n<h3>Adem\u00e1s, la historia de la construcci\u00f3n del tanque elevado est\u00e1 ligada a figuras destacadas de nuestra comunidad. No podemos dejar de mencionar al mag\u00edster Ricardo Ulises Miranda, un historiador y recopilador apasionado, quien ha dedicado gran parte de su vida a preservar y difundir el conocimiento sobre los or\u00edgenes y desarrollo de Villa Mercedes. Miranda ha sido una figura clave en la valoraci\u00f3n del patrimonio cultural local, y su trabajo ha sido fundamental para que la ciudadan\u00eda reconozca y aprecie la importancia de lugares como el tanque elevado de Obras Sanitarias Mercedes. Rechazar esta declaraci\u00f3n no solo es una afrenta a la memoria colectiva, sino tambi\u00e9n un desaire a quienes, como Miranda, han luchado por mantener viva nuestra historia.<\/h3>\n<h3>El proyecto de ley presentado por los diputados <strong>Nicol\u00e1s Gonz\u00e1lez Ferro<\/strong> y <strong>Christian Gurruchaga<\/strong>, para declarar al tanque elevado como monumento hist\u00f3rico provincial, se fundamenta en la necesidad de proteger y conservar un bien patrimonial que es testigo y s\u00edmbolo del desarrollo urbano de Villa Mercedes. Este tanque no solo representa la importancia de la infraestructura para el crecimiento de la ciudad, sino tambi\u00e9n la historia de superaci\u00f3n y de esfuerzo colectivo de sus habitantes. Preservarlo es un acto de justicia hist\u00f3rica y cultural.<\/h3>\n<h3>Es hora de que nuestros representantes en la C\u00e1mara de Diputados demuestren verdadera lealtad a los valores y a la historia de San Luis. La decisi\u00f3n de rechazar la declaraci\u00f3n de monumento hist\u00f3rico provincial al tanque elevado es un reflejo de una falta de conexi\u00f3n con las profundas ra\u00edces culturales de nuestra provincia y sus particularidades locales. Es fundamental poner por encima de las diferencias partidarias y los egos, la protecci\u00f3n de nuestra identidad cultural y el reconocimiento de aquellos elementos que nos unen como comunidad.<\/h3>\n<h3>En un mundo donde lo ef\u00edmero y lo nuevo parecen tener siempre la prioridad, es vital que defendamos y valoremos nuestros s\u00edmbolos hist\u00f3ricos. El tanque elevado de Obras Sanitarias Villa Mercedes no es solo una reliquia del pasado; es una parte viva de nuestra historia que merece ser reconocida y protegida. Es momento de que las decisiones pol\u00edticas reflejen un compromiso real con la memoria y el patrimonio de San Luis, honrando as\u00ed no solo a nuestra historia, sino tambi\u00e9n a aquellos que han trabajado incansablemente para preservarla.<\/h3>\n<h3><\/h3>\n<h3><span style=\"color: #3366ff;\"><em><sup>\u00a0* <\/sup><\/em><em><sup>Senador Provincial Dpto. Pedernera<\/sup><\/em><\/span><\/h3>\n<h3><sup>\u2026\u2026\u2026\u2026..<\/sup><\/h3>\n<h2><sup>Acceder al Proyecto aprobado con el voto del oficialismo: <\/sup><span style=\"color: #3366ff;\"><sup><a style=\"color: #3366ff;\" href=\"https:\/\/apuntesdesanluis.com\/wp-content\/uploads\/2024\/08\/Patrimonio-Cult-y-Pcial-Tanque-Agua-O.-Sanit-Mercedes.pdf\" target=\"_blank\" rel=\"noopener\">(Patrimonio Cult y Pcial Tanque Agua O. Sanit Mercedes)<\/a><\/sup><\/span><\/h2>\n<p>&nbsp;<\/p>\n<p>&nbsp;<\/p>\n<p>&nbsp;<\/p>\n<p>&nbsp;<\/p>\n<p>&nbsp;<\/p>\n<p><sup>\u00a0<\/sup><\/p>\n","protected":false},"excerpt":{"rendered":"<p>Por Adolfo Castro Luna * &nbsp; En la reciente sesi\u00f3n de la C\u00e1mara de Diputados&#8230;<\/p>\n","protected":false},"author":1,"featured_media":18270,"comment_status":"closed","ping_status":"closed","sticky":false,"template":"","format":"standard","meta":{"footnotes":""},"categories":[9],"tags":[],"class_list":["post-21564","post","type-post","status-publish","format-standard","has-post-thumbnail","hentry","category-opinion"],"yoast_head":"<!-- This site is optimized with the Yoast SEO plugin v26.1.1 - https:\/\/yoast.com\/wordpress\/plugins\/seo\/ -->\n<title>Menosprecio al Tanque Elevado de Obras Sanitarias: Un Golpe a la Memoria y al Patrimonio de San Luis - Apuntes de San Luis<\/title>\n<meta name=\"robots\" content=\"index, follow, max-snippet:-1, max-image-preview:large, max-video-preview:-1\" \/>\n<link rel=\"canonical\" href=\"https:\/\/apuntesdesanluis.com\/index.php\/2024\/08\/30\/menosprecio-al-tanque-elevado-de-obras-sanitarias-un-golpe-a-la-memoria-y-al-patrimonio-de-san-luis\/\" \/>\n<meta property=\"og:locale\" content=\"es_ES\" \/>\n<meta property=\"og:type\" content=\"article\" \/>\n<meta property=\"og:title\" content=\"Menosprecio al Tanque Elevado de Obras Sanitarias: Un Golpe a la Memoria y al Patrimonio de San Luis - Apuntes de San Luis\" \/>\n<meta property=\"og:description\" content=\"Por Adolfo Castro Luna * &nbsp; En la reciente sesi\u00f3n de la C\u00e1mara de Diputados...\" \/>\n<meta property=\"og:url\" content=\"https:\/\/apuntesdesanluis.com\/index.php\/2024\/08\/30\/menosprecio-al-tanque-elevado-de-obras-sanitarias-un-golpe-a-la-memoria-y-al-patrimonio-de-san-luis\/\" \/>\n<meta property=\"og:site_name\" content=\"Apuntes de San Luis\" \/>\n<meta property=\"article:published_time\" content=\"2024-08-30T23:02:33+00:00\" \/>\n<meta property=\"article:modified_time\" content=\"2024-08-30T23:05:28+00:00\" \/>\n<meta property=\"og:image\" content=\"https:\/\/apuntesdesanluis.com\/wp-content\/uploads\/2024\/06\/tanque.jpg\" \/>\n\t<meta property=\"og:image:width\" content=\"700\" \/>\n\t<meta property=\"og:image:height\" content=\"396\" \/>\n\t<meta property=\"og:image:type\" content=\"image\/jpeg\" \/>\n<meta name=\"author\" content=\"apuntesdesanluis.com\" \/>\n<meta name=\"twitter:card\" content=\"summary_large_image\" \/>\n<meta name=\"twitter:label1\" content=\"Escrito por\" \/>\n\t<meta name=\"twitter:data1\" content=\"apuntesdesanluis.com\" \/>\n\t<meta name=\"twitter:label2\" content=\"Tiempo de lectura\" \/>\n\t<meta name=\"twitter:data2\" content=\"4 minutos\" \/>\n<script type=\"application\/ld+json\" class=\"yoast-schema-graph\">{\"@context\":\"https:\/\/schema.org\",\"@graph\":[{\"@type\":\"Article\",\"@id\":\"https:\/\/apuntesdesanluis.com\/index.php\/2024\/08\/30\/menosprecio-al-tanque-elevado-de-obras-sanitarias-un-golpe-a-la-memoria-y-al-patrimonio-de-san-luis\/#article\",\"isPartOf\":{\"@id\":\"https:\/\/apuntesdesanluis.com\/index.php\/2024\/08\/30\/menosprecio-al-tanque-elevado-de-obras-sanitarias-un-golpe-a-la-memoria-y-al-patrimonio-de-san-luis\/\"},\"author\":{\"name\":\"apuntesdesanluis.com\",\"@id\":\"https:\/\/apuntesdesanluis.com\/#\/schema\/person\/b55151d52296fcce64d1a72538a70b90\"},\"headline\":\"Menosprecio al Tanque Elevado de Obras Sanitarias: Un Golpe a la Memoria y al Patrimonio de San Luis\",\"datePublished\":\"2024-08-30T23:02:33+00:00\",\"dateModified\":\"2024-08-30T23:05:28+00:00\",\"mainEntityOfPage\":{\"@id\":\"https:\/\/apuntesdesanluis.com\/index.php\/2024\/08\/30\/menosprecio-al-tanque-elevado-de-obras-sanitarias-un-golpe-a-la-memoria-y-al-patrimonio-de-san-luis\/\"},\"wordCount\":779,\"publisher\":{\"@id\":\"https:\/\/apuntesdesanluis.com\/#\/schema\/person\/b55151d52296fcce64d1a72538a70b90\"},\"image\":{\"@id\":\"https:\/\/apuntesdesanluis.com\/index.php\/2024\/08\/30\/menosprecio-al-tanque-elevado-de-obras-sanitarias-un-golpe-a-la-memoria-y-al-patrimonio-de-san-luis\/#primaryimage\"},\"thumbnailUrl\":\"https:\/\/apuntesdesanluis.com\/wp-content\/uploads\/2024\/06\/tanque.jpg\",\"articleSection\":[\"Opini\u00f3n\"],\"inLanguage\":\"es-AR\"},{\"@type\":\"WebPage\",\"@id\":\"https:\/\/apuntesdesanluis.com\/index.php\/2024\/08\/30\/menosprecio-al-tanque-elevado-de-obras-sanitarias-un-golpe-a-la-memoria-y-al-patrimonio-de-san-luis\/\",\"url\":\"https:\/\/apuntesdesanluis.com\/index.php\/2024\/08\/30\/menosprecio-al-tanque-elevado-de-obras-sanitarias-un-golpe-a-la-memoria-y-al-patrimonio-de-san-luis\/\",\"name\":\"Menosprecio al Tanque Elevado de Obras Sanitarias: Un Golpe a la Memoria y al Patrimonio de San Luis - Apuntes de San Luis\",\"isPartOf\":{\"@id\":\"https:\/\/apuntesdesanluis.com\/#website\"},\"primaryImageOfPage\":{\"@id\":\"https:\/\/apuntesdesanluis.com\/index.php\/2024\/08\/30\/menosprecio-al-tanque-elevado-de-obras-sanitarias-un-golpe-a-la-memoria-y-al-patrimonio-de-san-luis\/#primaryimage\"},\"image\":{\"@id\":\"https:\/\/apuntesdesanluis.com\/index.php\/2024\/08\/30\/menosprecio-al-tanque-elevado-de-obras-sanitarias-un-golpe-a-la-memoria-y-al-patrimonio-de-san-luis\/#primaryimage\"},\"thumbnailUrl\":\"https:\/\/apuntesdesanluis.com\/wp-content\/uploads\/2024\/06\/tanque.jpg\",\"datePublished\":\"2024-08-30T23:02:33+00:00\",\"dateModified\":\"2024-08-30T23:05:28+00:00\",\"breadcrumb\":{\"@id\":\"https:\/\/apuntesdesanluis.com\/index.php\/2024\/08\/30\/menosprecio-al-tanque-elevado-de-obras-sanitarias-un-golpe-a-la-memoria-y-al-patrimonio-de-san-luis\/#breadcrumb\"},\"inLanguage\":\"es-AR\",\"potentialAction\":[{\"@type\":\"ReadAction\",\"target\":[\"https:\/\/apuntesdesanluis.com\/index.php\/2024\/08\/30\/menosprecio-al-tanque-elevado-de-obras-sanitarias-un-golpe-a-la-memoria-y-al-patrimonio-de-san-luis\/\"]}]},{\"@type\":\"ImageObject\",\"inLanguage\":\"es-AR\",\"@id\":\"https:\/\/apuntesdesanluis.com\/index.php\/2024\/08\/30\/menosprecio-al-tanque-elevado-de-obras-sanitarias-un-golpe-a-la-memoria-y-al-patrimonio-de-san-luis\/#primaryimage\",\"url\":\"https:\/\/apuntesdesanluis.com\/wp-content\/uploads\/2024\/06\/tanque.jpg\",\"contentUrl\":\"https:\/\/apuntesdesanluis.com\/wp-content\/uploads\/2024\/06\/tanque.jpg\",\"width\":700,\"height\":396},{\"@type\":\"BreadcrumbList\",\"@id\":\"https:\/\/apuntesdesanluis.com\/index.php\/2024\/08\/30\/menosprecio-al-tanque-elevado-de-obras-sanitarias-un-golpe-a-la-memoria-y-al-patrimonio-de-san-luis\/#breadcrumb\",\"itemListElement\":[{\"@type\":\"ListItem\",\"position\":1,\"name\":\"Inicio\",\"item\":\"https:\/\/apuntesdesanluis.com\/\"},{\"@type\":\"ListItem\",\"position\":2,\"name\":\"Menosprecio al Tanque Elevado de Obras Sanitarias: Un Golpe a la Memoria y al Patrimonio de San Luis\"}]},{\"@type\":\"WebSite\",\"@id\":\"https:\/\/apuntesdesanluis.com\/#website\",\"url\":\"https:\/\/apuntesdesanluis.com\/\",\"name\":\"Apuntes de San Luis\",\"description\":\"\",\"publisher\":{\"@id\":\"https:\/\/apuntesdesanluis.com\/#\/schema\/person\/b55151d52296fcce64d1a72538a70b90\"},\"potentialAction\":[{\"@type\":\"SearchAction\",\"target\":{\"@type\":\"EntryPoint\",\"urlTemplate\":\"https:\/\/apuntesdesanluis.com\/?s={search_term_string}\"},\"query-input\":{\"@type\":\"PropertyValueSpecification\",\"valueRequired\":true,\"valueName\":\"search_term_string\"}}],\"inLanguage\":\"es-AR\"},{\"@type\":[\"Person\",\"Organization\"],\"@id\":\"https:\/\/apuntesdesanluis.com\/#\/schema\/person\/b55151d52296fcce64d1a72538a70b90\",\"name\":\"apuntesdesanluis.com\",\"image\":{\"@type\":\"ImageObject\",\"inLanguage\":\"es-AR\",\"@id\":\"https:\/\/apuntesdesanluis.com\/#\/schema\/person\/image\/\",\"url\":\"https:\/\/apuntesdesanluis.com\/wp-content\/uploads\/2023\/07\/cropped-apuntesdesanluis.png\",\"contentUrl\":\"https:\/\/apuntesdesanluis.com\/wp-content\/uploads\/2023\/07\/cropped-apuntesdesanluis.png\",\"width\":450,\"height\":112,\"caption\":\"apuntesdesanluis.com\"},\"logo\":{\"@id\":\"https:\/\/apuntesdesanluis.com\/#\/schema\/person\/image\/\"},\"sameAs\":[\"https:\/\/apuntesdesanluis.com\"],\"url\":\"https:\/\/apuntesdesanluis.com\/index.php\/author\/apuntesdesanluis-com\/\"}]}<\/script>\n<!-- \/ Yoast SEO plugin. -->","yoast_head_json":{"title":"Menosprecio al Tanque Elevado de Obras Sanitarias: Un Golpe a la Memoria y al Patrimonio de San Luis - Apuntes de San Luis","robots":{"index":"index","follow":"follow","max-snippet":"max-snippet:-1","max-image-preview":"max-image-preview:large","max-video-preview":"max-video-preview:-1"},"canonical":"https:\/\/apuntesdesanluis.com\/index.php\/2024\/08\/30\/menosprecio-al-tanque-elevado-de-obras-sanitarias-un-golpe-a-la-memoria-y-al-patrimonio-de-san-luis\/","og_locale":"es_ES","og_type":"article","og_title":"Menosprecio al Tanque Elevado de Obras Sanitarias: Un Golpe a la Memoria y al Patrimonio de San Luis - Apuntes de San Luis","og_description":"Por Adolfo Castro Luna * &nbsp; En la reciente sesi\u00f3n de la C\u00e1mara de Diputados...","og_url":"https:\/\/apuntesdesanluis.com\/index.php\/2024\/08\/30\/menosprecio-al-tanque-elevado-de-obras-sanitarias-un-golpe-a-la-memoria-y-al-patrimonio-de-san-luis\/","og_site_name":"Apuntes de San Luis","article_published_time":"2024-08-30T23:02:33+00:00","article_modified_time":"2024-08-30T23:05:28+00:00","og_image":[{"width":700,"height":396,"url":"https:\/\/apuntesdesanluis.com\/wp-content\/uploads\/2024\/06\/tanque.jpg","type":"image\/jpeg"}],"author":"apuntesdesanluis.com","twitter_card":"summary_large_image","twitter_misc":{"Escrito por":"apuntesdesanluis.com","Tiempo de lectura":"4 minutos"},"schema":{"@context":"https:\/\/schema.org","@graph":[{"@type":"Article","@id":"https:\/\/apuntesdesanluis.com\/index.php\/2024\/08\/30\/menosprecio-al-tanque-elevado-de-obras-sanitarias-un-golpe-a-la-memoria-y-al-patrimonio-de-san-luis\/#article","isPartOf":{"@id":"https:\/\/apuntesdesanluis.com\/index.php\/2024\/08\/30\/menosprecio-al-tanque-elevado-de-obras-sanitarias-un-golpe-a-la-memoria-y-al-patrimonio-de-san-luis\/"},"author":{"name":"apuntesdesanluis.com","@id":"https:\/\/apuntesdesanluis.com\/#\/schema\/person\/b55151d52296fcce64d1a72538a70b90"},"headline":"Menosprecio al Tanque Elevado de Obras Sanitarias: Un Golpe a la Memoria y al Patrimonio de San Luis","datePublished":"2024-08-30T23:02:33+00:00","dateModified":"2024-08-30T23:05:28+00:00","mainEntityOfPage":{"@id":"https:\/\/apuntesdesanluis.com\/index.php\/2024\/08\/30\/menosprecio-al-tanque-elevado-de-obras-sanitarias-un-golpe-a-la-memoria-y-al-patrimonio-de-san-luis\/"},"wordCount":779,"publisher":{"@id":"https:\/\/apuntesdesanluis.com\/#\/schema\/person\/b55151d52296fcce64d1a72538a70b90"},"image":{"@id":"https:\/\/apuntesdesanluis.com\/index.php\/2024\/08\/30\/menosprecio-al-tanque-elevado-de-obras-sanitarias-un-golpe-a-la-memoria-y-al-patrimonio-de-san-luis\/#primaryimage"},"thumbnailUrl":"https:\/\/apuntesdesanluis.com\/wp-content\/uploads\/2024\/06\/tanque.jpg","articleSection":["Opini\u00f3n"],"inLanguage":"es-AR"},{"@type":"WebPage","@id":"https:\/\/apuntesdesanluis.com\/index.php\/2024\/08\/30\/menosprecio-al-tanque-elevado-de-obras-sanitarias-un-golpe-a-la-memoria-y-al-patrimonio-de-san-luis\/","url":"https:\/\/apuntesdesanluis.com\/index.php\/2024\/08\/30\/menosprecio-al-tanque-elevado-de-obras-sanitarias-un-golpe-a-la-memoria-y-al-patrimonio-de-san-luis\/","name":"Menosprecio al Tanque Elevado de Obras Sanitarias: Un Golpe a la Memoria y al Patrimonio de San Luis - Apuntes de San Luis","isPartOf":{"@id":"https:\/\/apuntesdesanluis.com\/#website"},"primaryImageOfPage":{"@id":"https:\/\/apuntesdesanluis.com\/index.php\/2024\/08\/30\/menosprecio-al-tanque-elevado-de-obras-sanitarias-un-golpe-a-la-memoria-y-al-patrimonio-de-san-luis\/#primaryimage"},"image":{"@id":"https:\/\/apuntesdesanluis.com\/index.php\/2024\/08\/30\/menosprecio-al-tanque-elevado-de-obras-sanitarias-un-golpe-a-la-memoria-y-al-patrimonio-de-san-luis\/#primaryimage"},"thumbnailUrl":"https:\/\/apuntesdesanluis.com\/wp-content\/uploads\/2024\/06\/tanque.jpg","datePublished":"2024-08-30T23:02:33+00:00","dateModified":"2024-08-30T23:05:28+00:00","breadcrumb":{"@id":"https:\/\/apuntesdesanluis.com\/index.php\/2024\/08\/30\/menosprecio-al-tanque-elevado-de-obras-sanitarias-un-golpe-a-la-memoria-y-al-patrimonio-de-san-luis\/#breadcrumb"},"inLanguage":"es-AR","potentialAction":[{"@type":"ReadAction","target":["https:\/\/apuntesdesanluis.com\/index.php\/2024\/08\/30\/menosprecio-al-tanque-elevado-de-obras-sanitarias-un-golpe-a-la-memoria-y-al-patrimonio-de-san-luis\/"]}]},{"@type":"ImageObject","inLanguage":"es-AR","@id":"https:\/\/apuntesdesanluis.com\/index.php\/2024\/08\/30\/menosprecio-al-tanque-elevado-de-obras-sanitarias-un-golpe-a-la-memoria-y-al-patrimonio-de-san-luis\/#primaryimage","url":"https:\/\/apuntesdesanluis.com\/wp-content\/uploads\/2024\/06\/tanque.jpg","contentUrl":"https:\/\/apuntesdesanluis.com\/wp-content\/uploads\/2024\/06\/tanque.jpg","width":700,"height":396},{"@type":"BreadcrumbList","@id":"https:\/\/apuntesdesanluis.com\/index.php\/2024\/08\/30\/menosprecio-al-tanque-elevado-de-obras-sanitarias-un-golpe-a-la-memoria-y-al-patrimonio-de-san-luis\/#breadcrumb","itemListElement":[{"@type":"ListItem","position":1,"name":"Inicio","item":"https:\/\/apuntesdesanluis.com\/"},{"@type":"ListItem","position":2,"name":"Menosprecio al Tanque Elevado de Obras Sanitarias: Un Golpe a la Memoria y al Patrimonio de San Luis"}]},{"@type":"WebSite","@id":"https:\/\/apuntesdesanluis.com\/#website","url":"https:\/\/apuntesdesanluis.com\/","name":"Apuntes de San Luis","description":"","publisher":{"@id":"https:\/\/apuntesdesanluis.com\/#\/schema\/person\/b55151d52296fcce64d1a72538a70b90"},"potentialAction":[{"@type":"SearchAction","target":{"@type":"EntryPoint","urlTemplate":"https:\/\/apuntesdesanluis.com\/?s={search_term_string}"},"query-input":{"@type":"PropertyValueSpecification","valueRequired":true,"valueName":"search_term_string"}}],"inLanguage":"es-AR"},{"@type":["Person","Organization"],"@id":"https:\/\/apuntesdesanluis.com\/#\/schema\/person\/b55151d52296fcce64d1a72538a70b90","name":"apuntesdesanluis.com","image":{"@type":"ImageObject","inLanguage":"es-AR","@id":"https:\/\/apuntesdesanluis.com\/#\/schema\/person\/image\/","url":"https:\/\/apuntesdesanluis.com\/wp-content\/uploads\/2023\/07\/cropped-apuntesdesanluis.png","contentUrl":"https:\/\/apuntesdesanluis.com\/wp-content\/uploads\/2023\/07\/cropped-apuntesdesanluis.png","width":450,"height":112,"caption":"apuntesdesanluis.com"},"logo":{"@id":"https:\/\/apuntesdesanluis.com\/#\/schema\/person\/image\/"},"sameAs":["https:\/\/apuntesdesanluis.com"],"url":"https:\/\/apuntesdesanluis.com\/index.php\/author\/apuntesdesanluis-com\/"}]}},"featured_image_urls":{"full":["https:\/\/apuntesdesanluis.com\/wp-content\/uploads\/2024\/06\/tanque.jpg",700,396,false],"thumbnail":["https:\/\/apuntesdesanluis.com\/wp-content\/uploads\/2024\/06\/tanque-150x150.jpg",150,150,true],"medium":["https:\/\/apuntesdesanluis.com\/wp-content\/uploads\/2024\/06\/tanque-300x170.jpg",300,170,true],"medium_large":["https:\/\/apuntesdesanluis.com\/wp-content\/uploads\/2024\/06\/tanque.jpg",640,362,false],"large":["https:\/\/apuntesdesanluis.com\/wp-content\/uploads\/2024\/06\/tanque.jpg",640,362,false],"1536x1536":["https:\/\/apuntesdesanluis.com\/wp-content\/uploads\/2024\/06\/tanque.jpg",700,396,false],"2048x2048":["https:\/\/apuntesdesanluis.com\/wp-content\/uploads\/2024\/06\/tanque.jpg",700,396,false],"newsever-slider-full":["https:\/\/apuntesdesanluis.com\/wp-content\/uploads\/2024\/06\/tanque.jpg",700,396,false],"newsever-featured":["https:\/\/apuntesdesanluis.com\/wp-content\/uploads\/2024\/06\/tanque.jpg",700,396,false],"newsever-medium":["https:\/\/apuntesdesanluis.com\/wp-content\/uploads\/2024\/06\/tanque.jpg",700,396,false]},"author_info":{"display_name":"apuntesdesanluis.com","author_link":"https:\/\/apuntesdesanluis.com\/index.php\/author\/apuntesdesanluis-com\/"},"category_info":"<a href=\"https:\/\/apuntesdesanluis.com\/index.php\/category\/opinion\/\" rel=\"category tag\">Opini\u00f3n<\/a>","tag_info":"Opini\u00f3n","comment_count":"0","_links":{"self":[{"href":"https:\/\/apuntesdesanluis.com\/index.php\/wp-json\/wp\/v2\/posts\/21564","targetHints":{"allow":["GET"]}}],"collection":[{"href":"https:\/\/apuntesdesanluis.com\/index.php\/wp-json\/wp\/v2\/posts"}],"about":[{"href":"https:\/\/apuntesdesanluis.com\/index.php\/wp-json\/wp\/v2\/types\/post"}],"author":[{"embeddable":true,"href":"https:\/\/apuntesdesanluis.com\/index.php\/wp-json\/wp\/v2\/users\/1"}],"replies":[{"embeddable":true,"href":"https:\/\/apuntesdesanluis.com\/index.php\/wp-json\/wp\/v2\/comments?post=21564"}],"version-history":[{"count":5,"href":"https:\/\/apuntesdesanluis.com\/index.php\/wp-json\/wp\/v2\/posts\/21564\/revisions"}],"predecessor-version":[{"id":21570,"href":"https:\/\/apuntesdesanluis.com\/index.php\/wp-json\/wp\/v2\/posts\/21564\/revisions\/21570"}],"wp:featuredmedia":[{"embeddable":true,"href":"https:\/\/apuntesdesanluis.com\/index.php\/wp-json\/wp\/v2\/media\/18270"}],"wp:attachment":[{"href":"https:\/\/apuntesdesanluis.com\/index.php\/wp-json\/wp\/v2\/media?parent=21564"}],"wp:term":[{"taxonomy":"category","embeddable":true,"href":"https:\/\/apuntesdesanluis.com\/index.php\/wp-json\/wp\/v2\/categories?post=21564"},{"taxonomy":"post_tag","embeddable":true,"href":"https:\/\/apuntesdesanluis.com\/index.php\/wp-json\/wp\/v2\/tags?post=21564"}],"curies":[{"name":"wp","href":"https:\/\/api.w.org\/{rel}","templated":true}]}}