{"id":21575,"date":"2024-08-30T20:47:32","date_gmt":"2024-08-30T23:47:32","guid":{"rendered":"https:\/\/apuntesdesanluis.com\/?p=21575"},"modified":"2024-08-30T20:47:32","modified_gmt":"2024-08-30T23:47:32","slug":"rescate-y-preservacion-de-la-memoria-historica-en-el-centro-universitario-villa-mercedes","status":"publish","type":"post","link":"https:\/\/apuntesdesanluis.com\/index.php\/2024\/08\/30\/rescate-y-preservacion-de-la-memoria-historica-en-el-centro-universitario-villa-mercedes\/","title":{"rendered":"RESCATE Y PRESERVACI\u00d3N DE LA MEMORIA HIST\u00d3RICA EN EL CENTRO UNIVERSITARIO VILLA MERCEDES"},"content":{"rendered":"<h3>Como parte de un trabajo emprendido en conjunto entre la <strong>Coordinaci\u00f3n de Derechos Humanos<\/strong> y el <strong>Archivo Hist\u00f3rico de la UNSL<\/strong>, en la ma\u00f1ana del jueves 29 de agosto, los equipos de trabajo de ambos espacios comenzaron la tarea de b\u00fasqueda y preservaci\u00f3n de legajos de las v\u00edctimas de terrorismo de Estado en el Centro Universitario Villa Mercedes, durante la \u00faltima dictadura, 1976-1983.<\/h3>\n<h3>Distintos tipos de archivos, carpetas, informes y resoluciones de la Facultad en esa \u00e9poca forman parte del material que se investiga. Es una tarea ardua y compleja, ya que no todos los legajos se encuentran en condiciones. El objetivo es rescatarlos, preservarlos y digitalizarlos.<\/h3>\n<p><img fetchpriority=\"high\" decoding=\"async\" class=\"wp-image-21577 aligncenter\" src=\"https:\/\/apuntesdesanluis.com\/wp-content\/uploads\/2024\/08\/memoria-1-300x165.png\" alt=\"\" width=\"589\" height=\"324\" srcset=\"https:\/\/apuntesdesanluis.com\/wp-content\/uploads\/2024\/08\/memoria-1-300x165.png 300w, https:\/\/apuntesdesanluis.com\/wp-content\/uploads\/2024\/08\/memoria-1.png 759w\" sizes=\"(max-width: 589px) 100vw, 589px\" \/><\/p>\n<h3>\u201cEl prop\u00f3sito es entregar esos legajos a todos aquellos componentes de diferentes claustros de nuestra comunidad que hayan sido v\u00edctimas del terrorismo de estado en la dictadura en nuestra instituci\u00f3n\u201d, explic\u00f3 la coordinadora del espacio de Derechos Humanos de la UNSL, Esp. Ana Mar\u00eda Garraza. \u201cPero significa algo m\u00e1s que eso. Es una reparaci\u00f3n hacia las familias v\u00edctimas y a la sociedad, como <strong>tambi\u00e9n un claro mensaje en un momento donde tenemos un gobierno que niega<\/strong> o directamente reivindica el terrorismo\u201d, aclar\u00f3.<\/h3>\n<h3>Docentes, estudiantes, Nodocentes y representantes gremiales vinieron al Centro Universitario para comenzar con la tarea; coordinar acciones con quienes desde Villa Mercedes vienen trabajando en la recuperaci\u00f3n de archivos, el <strong>Magister Richard Miranda<\/strong> y el <strong>Esp. Esteban Arias<\/strong>.<\/h3>\n<h3>Arias destac\u00f3 que el proceso de recuperaci\u00f3n de la documentaci\u00f3n es fundamental para preservar registros hist\u00f3ricos importantes. \u201cCon Richard Miranda hemos extra\u00eddo documentos ubicados en el antiguo edificio de Avenida 25 de Mayo, muchos de los cuales estaban en un estado de deterioro avanzado. La importancia de este trabajo, radica en evitar que el paso del tiempo y las condiciones inadecuadas de almacenamiento da\u00f1en irreparablemente estos documentos. El equipo de la UNSL, altamente competente, ha sido clave para asegurar que este valioso material hist\u00f3rico no se pierda. Desde ya agradecemos a la Decana de la FCEJS, <strong>Roxanna Camiletti<\/strong>, y el Decano de la FICA, <strong>Sergio Ribotta<\/strong>, por toda la colaboracion que nos brindaron para poder acceder al edificio de 25 de Mayo y lograr extraer la documentaci\u00f3n\u201d.<\/h3>\n<h3><img decoding=\"async\" class=\"wp-image-21579 aligncenter\" src=\"https:\/\/apuntesdesanluis.com\/wp-content\/uploads\/2024\/08\/memoria-equipo-300x190.png\" alt=\"\" width=\"592\" height=\"375\" srcset=\"https:\/\/apuntesdesanluis.com\/wp-content\/uploads\/2024\/08\/memoria-equipo-300x190.png 300w, https:\/\/apuntesdesanluis.com\/wp-content\/uploads\/2024\/08\/memoria-equipo-768x486.png 768w, https:\/\/apuntesdesanluis.com\/wp-content\/uploads\/2024\/08\/memoria-equipo.png 840w\" sizes=\"(max-width: 592px) 100vw, 592px\" \/><\/h3>\n<h3>Por su parte, la coordinadora del Archivo Hist\u00f3rico y Documental de la UNSL, <strong>Dra. Sonia Riveros<\/strong>, comento que \u201cEsta b\u00fasqueda es posible gracias a la recuperaci\u00f3n, que se hizo el a\u00f1o pasado del \u2018Nunca M\u00e1s\u2019 en la universidad, por el cual tenemos acceso a la lista de estudiantes y docentes que fueron dados de baja y expulsados durante la intervenci\u00f3n en la dictadura. Tambi\u00e9n los nombres de Vila Mercedes para buscar sus legajos e iniciar este proceso\u201d, coment\u00f3.<\/h3>\n<h3>\u201cEn esta primera etapa se hace b\u00fasqueda, clasificaci\u00f3n y limpieza de documentos que se encontraban dispersos. Por eso, vinimos con el equipo para iniciar estas tareas y as\u00ed poder completar las etapas de este proyecto\u201d, se\u00f1al\u00f3.<\/h3>\n<p><img decoding=\"async\" class=\"wp-image-21580 aligncenter\" src=\"https:\/\/apuntesdesanluis.com\/wp-content\/uploads\/2024\/08\/memoria-pincel-300x192.png\" alt=\"\" width=\"602\" height=\"385\" srcset=\"https:\/\/apuntesdesanluis.com\/wp-content\/uploads\/2024\/08\/memoria-pincel-300x192.png 300w, https:\/\/apuntesdesanluis.com\/wp-content\/uploads\/2024\/08\/memoria-pincel-768x492.png 768w, https:\/\/apuntesdesanluis.com\/wp-content\/uploads\/2024\/08\/memoria-pincel.png 819w\" sizes=\"(max-width: 602px) 100vw, 602px\" \/><\/p>\n<h3>El proyecto se hace en el marco de una propuesta presentada por Garraza y Riveros, y aprobada por una ordenanza del Consejo Superior de la UNSL. Y a partir de una pol\u00edtica de Memoria que se implementa en todas las universidades del pa\u00eds.<\/h3>\n<h3><strong>LA MEMORIA Y LOS DISCURSOS<\/strong><\/h3>\n<h3>La coordinadora del espacio de Derechos Humanos indic\u00f3 que estas iniciativas son importantes, adem\u00e1s, ante un contexto actual \u201cdonde los discursos y acciones oficiales tienden a reivindicar el terrorismo del Estado y el genocidio\u201d. Por eso, sostuvo que la decisi\u00f3n de la universidad \u201cadquiere una significaci\u00f3n especial porque retoma la memoria hist\u00f3rica, que es oral pero tambi\u00e9n escrita. Y en las instituciones, la documentaci\u00f3n que aprueba, convalida lo que sucedi\u00f3 se encuentra a trav\u00e9s de los archivos que hoy comenzamos a clasificar\u201d.<\/h3>\n<h3><img loading=\"lazy\" decoding=\"async\" class=\"wp-image-21578 aligncenter\" src=\"https:\/\/apuntesdesanluis.com\/wp-content\/uploads\/2024\/08\/memoria-2-300x194.png\" alt=\"\" width=\"588\" height=\"380\" srcset=\"https:\/\/apuntesdesanluis.com\/wp-content\/uploads\/2024\/08\/memoria-2-300x194.png 300w, https:\/\/apuntesdesanluis.com\/wp-content\/uploads\/2024\/08\/memoria-2-768x497.png 768w, https:\/\/apuntesdesanluis.com\/wp-content\/uploads\/2024\/08\/memoria-2.png 780w\" sizes=\"(max-width: 588px) 100vw, 588px\" \/><\/h3>\n<h3>De igual manera, Sonia Riveros remarc\u00f3 que esta tarea de recuperaci\u00f3n y restituci\u00f3n de legajos \u201cnos llena de orgullo y satisfacci\u00f3n porque nos da la posibilidad de visibilizar lo que pas\u00f3 en esa etapa tan dolorosa\u201d.<\/h3>\n<h3><strong>Dante Bodo<\/strong> y <strong>Luis Mar\u00eda Frum<\/strong>, docentes universitarios asesinados durante la dictadura; y Adolfo P\u00e9rez, estudiante, desaparecido, son los casos m\u00e1s recordados en el centro Universitario Villa Mercedes. La investigaci\u00f3n y el rescate de legajos puede ampliar la historia: \u201cLo m\u00e1s probable es que encontremos otras resoluciones y que aparezcan v\u00edctimas que hayan sufrido persecuciones dentro de la instituci\u00f3n o que fueron detenidas en otras provincias\u2026 Esto tambi\u00e9n forma parte de la importancia de esta tarea\u201d, revel\u00f3 Garraza.<\/h3>\n<h3>Por eso, afirm\u00f3 que la cuesti\u00f3n \u201cdesaparecidos\u201d es una etapa no cerrada \u201cy no se cerrar\u00e1 nunca\u201d mientras \u201cno se rompa el pacto de silencio que, a\u00fan siendo juzgados los responsables nunca se rompi\u00f3. Entonces, cuando se empieza discutir una cifra, no es un n\u00famero cerrado porque pueden ser muchos m\u00e1s. En este tipo de actividades, m\u00e1s all\u00e1 de esos nombres emblem\u00e1ticos, pueden van a aparecer otros casos y vamos a tener que ir aumentando ese n\u00famero\u2026\u201d.<\/h3>\n<p>&nbsp;<\/p>\n<p>&nbsp;<\/p>\n<p>&nbsp;<\/p>\n<h3><\/h3>\n","protected":false},"excerpt":{"rendered":"<p>Como parte de un trabajo emprendido en conjunto entre la Coordinaci\u00f3n de Derechos Humanos y&#8230;<\/p>\n","protected":false},"author":1,"featured_media":21576,"comment_status":"closed","ping_status":"closed","sticky":false,"template":"","format":"standard","meta":{"footnotes":""},"categories":[6],"tags":[],"class_list":["post-21575","post","type-post","status-publish","format-standard","has-post-thumbnail","hentry","category-ciudad-provincia"],"yoast_head":"<!-- This site is optimized with the Yoast SEO plugin v26.1.1 - https:\/\/yoast.com\/wordpress\/plugins\/seo\/ -->\n<title>RESCATE Y PRESERVACI\u00d3N DE LA MEMORIA HIST\u00d3RICA EN EL CENTRO UNIVERSITARIO VILLA MERCEDES - Apuntes de San Luis<\/title>\n<meta name=\"robots\" content=\"index, follow, max-snippet:-1, max-image-preview:large, max-video-preview:-1\" \/>\n<link rel=\"canonical\" href=\"https:\/\/apuntesdesanluis.com\/index.php\/2024\/08\/30\/rescate-y-preservacion-de-la-memoria-historica-en-el-centro-universitario-villa-mercedes\/\" \/>\n<meta property=\"og:locale\" content=\"es_ES\" \/>\n<meta property=\"og:type\" content=\"article\" \/>\n<meta property=\"og:title\" content=\"RESCATE Y PRESERVACI\u00d3N DE LA MEMORIA HIST\u00d3RICA EN EL CENTRO UNIVERSITARIO VILLA MERCEDES - Apuntes de San Luis\" \/>\n<meta property=\"og:description\" content=\"Como parte de un trabajo emprendido en conjunto entre la Coordinaci\u00f3n de Derechos Humanos y...\" \/>\n<meta property=\"og:url\" content=\"https:\/\/apuntesdesanluis.com\/index.php\/2024\/08\/30\/rescate-y-preservacion-de-la-memoria-historica-en-el-centro-universitario-villa-mercedes\/\" \/>\n<meta property=\"og:site_name\" content=\"Apuntes de San Luis\" \/>\n<meta property=\"article:published_time\" content=\"2024-08-30T23:47:32+00:00\" \/>\n<meta property=\"og:image\" content=\"https:\/\/apuntesdesanluis.com\/wp-content\/uploads\/2024\/08\/memoria-tapa.png\" \/>\n\t<meta property=\"og:image:width\" content=\"700\" \/>\n\t<meta property=\"og:image:height\" content=\"429\" \/>\n\t<meta property=\"og:image:type\" content=\"image\/png\" \/>\n<meta name=\"author\" content=\"apuntesdesanluis.com\" \/>\n<meta name=\"twitter:card\" content=\"summary_large_image\" \/>\n<meta name=\"twitter:label1\" content=\"Escrito por\" \/>\n\t<meta name=\"twitter:data1\" content=\"apuntesdesanluis.com\" \/>\n\t<meta name=\"twitter:label2\" content=\"Tiempo de lectura\" \/>\n\t<meta name=\"twitter:data2\" content=\"5 minutos\" \/>\n<script type=\"application\/ld+json\" class=\"yoast-schema-graph\">{\"@context\":\"https:\/\/schema.org\",\"@graph\":[{\"@type\":\"Article\",\"@id\":\"https:\/\/apuntesdesanluis.com\/index.php\/2024\/08\/30\/rescate-y-preservacion-de-la-memoria-historica-en-el-centro-universitario-villa-mercedes\/#article\",\"isPartOf\":{\"@id\":\"https:\/\/apuntesdesanluis.com\/index.php\/2024\/08\/30\/rescate-y-preservacion-de-la-memoria-historica-en-el-centro-universitario-villa-mercedes\/\"},\"author\":{\"name\":\"apuntesdesanluis.com\",\"@id\":\"https:\/\/apuntesdesanluis.com\/#\/schema\/person\/b55151d52296fcce64d1a72538a70b90\"},\"headline\":\"RESCATE Y PRESERVACI\u00d3N DE LA MEMORIA HIST\u00d3RICA EN EL CENTRO UNIVERSITARIO VILLA MERCEDES\",\"datePublished\":\"2024-08-30T23:47:32+00:00\",\"mainEntityOfPage\":{\"@id\":\"https:\/\/apuntesdesanluis.com\/index.php\/2024\/08\/30\/rescate-y-preservacion-de-la-memoria-historica-en-el-centro-universitario-villa-mercedes\/\"},\"wordCount\":863,\"publisher\":{\"@id\":\"https:\/\/apuntesdesanluis.com\/#\/schema\/person\/b55151d52296fcce64d1a72538a70b90\"},\"image\":{\"@id\":\"https:\/\/apuntesdesanluis.com\/index.php\/2024\/08\/30\/rescate-y-preservacion-de-la-memoria-historica-en-el-centro-universitario-villa-mercedes\/#primaryimage\"},\"thumbnailUrl\":\"https:\/\/apuntesdesanluis.com\/wp-content\/uploads\/2024\/08\/memoria-tapa.png\",\"articleSection\":[\"Ciudad\/Provincia\"],\"inLanguage\":\"es-AR\"},{\"@type\":\"WebPage\",\"@id\":\"https:\/\/apuntesdesanluis.com\/index.php\/2024\/08\/30\/rescate-y-preservacion-de-la-memoria-historica-en-el-centro-universitario-villa-mercedes\/\",\"url\":\"https:\/\/apuntesdesanluis.com\/index.php\/2024\/08\/30\/rescate-y-preservacion-de-la-memoria-historica-en-el-centro-universitario-villa-mercedes\/\",\"name\":\"RESCATE Y PRESERVACI\u00d3N DE LA MEMORIA HIST\u00d3RICA EN EL CENTRO UNIVERSITARIO VILLA MERCEDES - Apuntes de San Luis\",\"isPartOf\":{\"@id\":\"https:\/\/apuntesdesanluis.com\/#website\"},\"primaryImageOfPage\":{\"@id\":\"https:\/\/apuntesdesanluis.com\/index.php\/2024\/08\/30\/rescate-y-preservacion-de-la-memoria-historica-en-el-centro-universitario-villa-mercedes\/#primaryimage\"},\"image\":{\"@id\":\"https:\/\/apuntesdesanluis.com\/index.php\/2024\/08\/30\/rescate-y-preservacion-de-la-memoria-historica-en-el-centro-universitario-villa-mercedes\/#primaryimage\"},\"thumbnailUrl\":\"https:\/\/apuntesdesanluis.com\/wp-content\/uploads\/2024\/08\/memoria-tapa.png\",\"datePublished\":\"2024-08-30T23:47:32+00:00\",\"breadcrumb\":{\"@id\":\"https:\/\/apuntesdesanluis.com\/index.php\/2024\/08\/30\/rescate-y-preservacion-de-la-memoria-historica-en-el-centro-universitario-villa-mercedes\/#breadcrumb\"},\"inLanguage\":\"es-AR\",\"potentialAction\":[{\"@type\":\"ReadAction\",\"target\":[\"https:\/\/apuntesdesanluis.com\/index.php\/2024\/08\/30\/rescate-y-preservacion-de-la-memoria-historica-en-el-centro-universitario-villa-mercedes\/\"]}]},{\"@type\":\"ImageObject\",\"inLanguage\":\"es-AR\",\"@id\":\"https:\/\/apuntesdesanluis.com\/index.php\/2024\/08\/30\/rescate-y-preservacion-de-la-memoria-historica-en-el-centro-universitario-villa-mercedes\/#primaryimage\",\"url\":\"https:\/\/apuntesdesanluis.com\/wp-content\/uploads\/2024\/08\/memoria-tapa.png\",\"contentUrl\":\"https:\/\/apuntesdesanluis.com\/wp-content\/uploads\/2024\/08\/memoria-tapa.png\",\"width\":700,\"height\":429},{\"@type\":\"BreadcrumbList\",\"@id\":\"https:\/\/apuntesdesanluis.com\/index.php\/2024\/08\/30\/rescate-y-preservacion-de-la-memoria-historica-en-el-centro-universitario-villa-mercedes\/#breadcrumb\",\"itemListElement\":[{\"@type\":\"ListItem\",\"position\":1,\"name\":\"Inicio\",\"item\":\"https:\/\/apuntesdesanluis.com\/\"},{\"@type\":\"ListItem\",\"position\":2,\"name\":\"RESCATE Y PRESERVACI\u00d3N DE LA MEMORIA HIST\u00d3RICA EN EL CENTRO UNIVERSITARIO VILLA MERCEDES\"}]},{\"@type\":\"WebSite\",\"@id\":\"https:\/\/apuntesdesanluis.com\/#website\",\"url\":\"https:\/\/apuntesdesanluis.com\/\",\"name\":\"Apuntes de San Luis\",\"description\":\"\",\"publisher\":{\"@id\":\"https:\/\/apuntesdesanluis.com\/#\/schema\/person\/b55151d52296fcce64d1a72538a70b90\"},\"potentialAction\":[{\"@type\":\"SearchAction\",\"target\":{\"@type\":\"EntryPoint\",\"urlTemplate\":\"https:\/\/apuntesdesanluis.com\/?s={search_term_string}\"},\"query-input\":{\"@type\":\"PropertyValueSpecification\",\"valueRequired\":true,\"valueName\":\"search_term_string\"}}],\"inLanguage\":\"es-AR\"},{\"@type\":[\"Person\",\"Organization\"],\"@id\":\"https:\/\/apuntesdesanluis.com\/#\/schema\/person\/b55151d52296fcce64d1a72538a70b90\",\"name\":\"apuntesdesanluis.com\",\"image\":{\"@type\":\"ImageObject\",\"inLanguage\":\"es-AR\",\"@id\":\"https:\/\/apuntesdesanluis.com\/#\/schema\/person\/image\/\",\"url\":\"https:\/\/apuntesdesanluis.com\/wp-content\/uploads\/2023\/07\/cropped-apuntesdesanluis.png\",\"contentUrl\":\"https:\/\/apuntesdesanluis.com\/wp-content\/uploads\/2023\/07\/cropped-apuntesdesanluis.png\",\"width\":450,\"height\":112,\"caption\":\"apuntesdesanluis.com\"},\"logo\":{\"@id\":\"https:\/\/apuntesdesanluis.com\/#\/schema\/person\/image\/\"},\"sameAs\":[\"https:\/\/apuntesdesanluis.com\"],\"url\":\"https:\/\/apuntesdesanluis.com\/index.php\/author\/apuntesdesanluis-com\/\"}]}<\/script>\n<!-- \/ Yoast SEO plugin. -->","yoast_head_json":{"title":"RESCATE Y PRESERVACI\u00d3N DE LA MEMORIA HIST\u00d3RICA EN EL CENTRO UNIVERSITARIO VILLA MERCEDES - Apuntes de San Luis","robots":{"index":"index","follow":"follow","max-snippet":"max-snippet:-1","max-image-preview":"max-image-preview:large","max-video-preview":"max-video-preview:-1"},"canonical":"https:\/\/apuntesdesanluis.com\/index.php\/2024\/08\/30\/rescate-y-preservacion-de-la-memoria-historica-en-el-centro-universitario-villa-mercedes\/","og_locale":"es_ES","og_type":"article","og_title":"RESCATE Y PRESERVACI\u00d3N DE LA MEMORIA HIST\u00d3RICA EN EL CENTRO UNIVERSITARIO VILLA MERCEDES - Apuntes de San Luis","og_description":"Como parte de un trabajo emprendido en conjunto entre la Coordinaci\u00f3n de Derechos Humanos y...","og_url":"https:\/\/apuntesdesanluis.com\/index.php\/2024\/08\/30\/rescate-y-preservacion-de-la-memoria-historica-en-el-centro-universitario-villa-mercedes\/","og_site_name":"Apuntes de San Luis","article_published_time":"2024-08-30T23:47:32+00:00","og_image":[{"width":700,"height":429,"url":"https:\/\/apuntesdesanluis.com\/wp-content\/uploads\/2024\/08\/memoria-tapa.png","type":"image\/png"}],"author":"apuntesdesanluis.com","twitter_card":"summary_large_image","twitter_misc":{"Escrito por":"apuntesdesanluis.com","Tiempo de lectura":"5 minutos"},"schema":{"@context":"https:\/\/schema.org","@graph":[{"@type":"Article","@id":"https:\/\/apuntesdesanluis.com\/index.php\/2024\/08\/30\/rescate-y-preservacion-de-la-memoria-historica-en-el-centro-universitario-villa-mercedes\/#article","isPartOf":{"@id":"https:\/\/apuntesdesanluis.com\/index.php\/2024\/08\/30\/rescate-y-preservacion-de-la-memoria-historica-en-el-centro-universitario-villa-mercedes\/"},"author":{"name":"apuntesdesanluis.com","@id":"https:\/\/apuntesdesanluis.com\/#\/schema\/person\/b55151d52296fcce64d1a72538a70b90"},"headline":"RESCATE Y PRESERVACI\u00d3N DE LA MEMORIA HIST\u00d3RICA EN EL CENTRO UNIVERSITARIO VILLA MERCEDES","datePublished":"2024-08-30T23:47:32+00:00","mainEntityOfPage":{"@id":"https:\/\/apuntesdesanluis.com\/index.php\/2024\/08\/30\/rescate-y-preservacion-de-la-memoria-historica-en-el-centro-universitario-villa-mercedes\/"},"wordCount":863,"publisher":{"@id":"https:\/\/apuntesdesanluis.com\/#\/schema\/person\/b55151d52296fcce64d1a72538a70b90"},"image":{"@id":"https:\/\/apuntesdesanluis.com\/index.php\/2024\/08\/30\/rescate-y-preservacion-de-la-memoria-historica-en-el-centro-universitario-villa-mercedes\/#primaryimage"},"thumbnailUrl":"https:\/\/apuntesdesanluis.com\/wp-content\/uploads\/2024\/08\/memoria-tapa.png","articleSection":["Ciudad\/Provincia"],"inLanguage":"es-AR"},{"@type":"WebPage","@id":"https:\/\/apuntesdesanluis.com\/index.php\/2024\/08\/30\/rescate-y-preservacion-de-la-memoria-historica-en-el-centro-universitario-villa-mercedes\/","url":"https:\/\/apuntesdesanluis.com\/index.php\/2024\/08\/30\/rescate-y-preservacion-de-la-memoria-historica-en-el-centro-universitario-villa-mercedes\/","name":"RESCATE Y PRESERVACI\u00d3N DE LA MEMORIA HIST\u00d3RICA EN EL CENTRO UNIVERSITARIO VILLA MERCEDES - Apuntes de San Luis","isPartOf":{"@id":"https:\/\/apuntesdesanluis.com\/#website"},"primaryImageOfPage":{"@id":"https:\/\/apuntesdesanluis.com\/index.php\/2024\/08\/30\/rescate-y-preservacion-de-la-memoria-historica-en-el-centro-universitario-villa-mercedes\/#primaryimage"},"image":{"@id":"https:\/\/apuntesdesanluis.com\/index.php\/2024\/08\/30\/rescate-y-preservacion-de-la-memoria-historica-en-el-centro-universitario-villa-mercedes\/#primaryimage"},"thumbnailUrl":"https:\/\/apuntesdesanluis.com\/wp-content\/uploads\/2024\/08\/memoria-tapa.png","datePublished":"2024-08-30T23:47:32+00:00","breadcrumb":{"@id":"https:\/\/apuntesdesanluis.com\/index.php\/2024\/08\/30\/rescate-y-preservacion-de-la-memoria-historica-en-el-centro-universitario-villa-mercedes\/#breadcrumb"},"inLanguage":"es-AR","potentialAction":[{"@type":"ReadAction","target":["https:\/\/apuntesdesanluis.com\/index.php\/2024\/08\/30\/rescate-y-preservacion-de-la-memoria-historica-en-el-centro-universitario-villa-mercedes\/"]}]},{"@type":"ImageObject","inLanguage":"es-AR","@id":"https:\/\/apuntesdesanluis.com\/index.php\/2024\/08\/30\/rescate-y-preservacion-de-la-memoria-historica-en-el-centro-universitario-villa-mercedes\/#primaryimage","url":"https:\/\/apuntesdesanluis.com\/wp-content\/uploads\/2024\/08\/memoria-tapa.png","contentUrl":"https:\/\/apuntesdesanluis.com\/wp-content\/uploads\/2024\/08\/memoria-tapa.png","width":700,"height":429},{"@type":"BreadcrumbList","@id":"https:\/\/apuntesdesanluis.com\/index.php\/2024\/08\/30\/rescate-y-preservacion-de-la-memoria-historica-en-el-centro-universitario-villa-mercedes\/#breadcrumb","itemListElement":[{"@type":"ListItem","position":1,"name":"Inicio","item":"https:\/\/apuntesdesanluis.com\/"},{"@type":"ListItem","position":2,"name":"RESCATE Y PRESERVACI\u00d3N DE LA MEMORIA HIST\u00d3RICA EN EL CENTRO UNIVERSITARIO VILLA MERCEDES"}]},{"@type":"WebSite","@id":"https:\/\/apuntesdesanluis.com\/#website","url":"https:\/\/apuntesdesanluis.com\/","name":"Apuntes de San Luis","description":"","publisher":{"@id":"https:\/\/apuntesdesanluis.com\/#\/schema\/person\/b55151d52296fcce64d1a72538a70b90"},"potentialAction":[{"@type":"SearchAction","target":{"@type":"EntryPoint","urlTemplate":"https:\/\/apuntesdesanluis.com\/?s={search_term_string}"},"query-input":{"@type":"PropertyValueSpecification","valueRequired":true,"valueName":"search_term_string"}}],"inLanguage":"es-AR"},{"@type":["Person","Organization"],"@id":"https:\/\/apuntesdesanluis.com\/#\/schema\/person\/b55151d52296fcce64d1a72538a70b90","name":"apuntesdesanluis.com","image":{"@type":"ImageObject","inLanguage":"es-AR","@id":"https:\/\/apuntesdesanluis.com\/#\/schema\/person\/image\/","url":"https:\/\/apuntesdesanluis.com\/wp-content\/uploads\/2023\/07\/cropped-apuntesdesanluis.png","contentUrl":"https:\/\/apuntesdesanluis.com\/wp-content\/uploads\/2023\/07\/cropped-apuntesdesanluis.png","width":450,"height":112,"caption":"apuntesdesanluis.com"},"logo":{"@id":"https:\/\/apuntesdesanluis.com\/#\/schema\/person\/image\/"},"sameAs":["https:\/\/apuntesdesanluis.com"],"url":"https:\/\/apuntesdesanluis.com\/index.php\/author\/apuntesdesanluis-com\/"}]}},"featured_image_urls":{"full":["https:\/\/apuntesdesanluis.com\/wp-content\/uploads\/2024\/08\/memoria-tapa.png",700,429,false],"thumbnail":["https:\/\/apuntesdesanluis.com\/wp-content\/uploads\/2024\/08\/memoria-tapa-150x150.png",150,150,true],"medium":["https:\/\/apuntesdesanluis.com\/wp-content\/uploads\/2024\/08\/memoria-tapa-300x184.png",300,184,true],"medium_large":["https:\/\/apuntesdesanluis.com\/wp-content\/uploads\/2024\/08\/memoria-tapa.png",640,392,false],"large":["https:\/\/apuntesdesanluis.com\/wp-content\/uploads\/2024\/08\/memoria-tapa.png",640,392,false],"1536x1536":["https:\/\/apuntesdesanluis.com\/wp-content\/uploads\/2024\/08\/memoria-tapa.png",700,429,false],"2048x2048":["https:\/\/apuntesdesanluis.com\/wp-content\/uploads\/2024\/08\/memoria-tapa.png",700,429,false],"newsever-slider-full":["https:\/\/apuntesdesanluis.com\/wp-content\/uploads\/2024\/08\/memoria-tapa.png",700,429,false],"newsever-featured":["https:\/\/apuntesdesanluis.com\/wp-content\/uploads\/2024\/08\/memoria-tapa.png",700,429,false],"newsever-medium":["https:\/\/apuntesdesanluis.com\/wp-content\/uploads\/2024\/08\/memoria-tapa.png",700,429,false]},"author_info":{"display_name":"apuntesdesanluis.com","author_link":"https:\/\/apuntesdesanluis.com\/index.php\/author\/apuntesdesanluis-com\/"},"category_info":"<a href=\"https:\/\/apuntesdesanluis.com\/index.php\/category\/ciudad-provincia\/\" rel=\"category tag\">Ciudad\/Provincia<\/a>","tag_info":"Ciudad\/Provincia","comment_count":"0","_links":{"self":[{"href":"https:\/\/apuntesdesanluis.com\/index.php\/wp-json\/wp\/v2\/posts\/21575","targetHints":{"allow":["GET"]}}],"collection":[{"href":"https:\/\/apuntesdesanluis.com\/index.php\/wp-json\/wp\/v2\/posts"}],"about":[{"href":"https:\/\/apuntesdesanluis.com\/index.php\/wp-json\/wp\/v2\/types\/post"}],"author":[{"embeddable":true,"href":"https:\/\/apuntesdesanluis.com\/index.php\/wp-json\/wp\/v2\/users\/1"}],"replies":[{"embeddable":true,"href":"https:\/\/apuntesdesanluis.com\/index.php\/wp-json\/wp\/v2\/comments?post=21575"}],"version-history":[{"count":1,"href":"https:\/\/apuntesdesanluis.com\/index.php\/wp-json\/wp\/v2\/posts\/21575\/revisions"}],"predecessor-version":[{"id":21582,"href":"https:\/\/apuntesdesanluis.com\/index.php\/wp-json\/wp\/v2\/posts\/21575\/revisions\/21582"}],"wp:featuredmedia":[{"embeddable":true,"href":"https:\/\/apuntesdesanluis.com\/index.php\/wp-json\/wp\/v2\/media\/21576"}],"wp:attachment":[{"href":"https:\/\/apuntesdesanluis.com\/index.php\/wp-json\/wp\/v2\/media?parent=21575"}],"wp:term":[{"taxonomy":"category","embeddable":true,"href":"https:\/\/apuntesdesanluis.com\/index.php\/wp-json\/wp\/v2\/categories?post=21575"},{"taxonomy":"post_tag","embeddable":true,"href":"https:\/\/apuntesdesanluis.com\/index.php\/wp-json\/wp\/v2\/tags?post=21575"}],"curies":[{"name":"wp","href":"https:\/\/api.w.org\/{rel}","templated":true}]}}