{"id":21583,"date":"2024-08-30T21:10:22","date_gmt":"2024-08-31T00:10:22","guid":{"rendered":"https:\/\/apuntesdesanluis.com\/?p=21583"},"modified":"2024-08-30T21:10:22","modified_gmt":"2024-08-31T00:10:22","slug":"el-gobierno-presento-el-proyecto-de-ley-del-presupuesto-para-el-ano-2025","status":"publish","type":"post","link":"https:\/\/apuntesdesanluis.com\/index.php\/2024\/08\/30\/el-gobierno-presento-el-proyecto-de-ley-del-presupuesto-para-el-ano-2025\/","title":{"rendered":"EL GOBIERNO PRESENT\u00d3 EL PROYECTO DE LEY DEL PRESUPUESTO PARA EL A\u00d1O 2025"},"content":{"rendered":"<h3>Fue enviado este viernes a la Legislatura el proyecto presupuestario para el periodo anual 2025, con un monto de $1.841.214.283.195 para la ejecuci\u00f3n de las pol\u00edticas p\u00fablicas y el funcionamiento del Estado.<\/h3>\n<h3>El proyecto fue formulado con equilibrio en las cuentas fiscales (ingresos= egresos, es decir sin d\u00e9ficit fiscal), no prev\u00e9 ning\u00fan tipo de uso de endeudamiento y refleja un plan de gobierno con una clara orientaci\u00f3n hacia la educaci\u00f3n, el acceso a la vivienda y a la generaci\u00f3n de puestos de trabajo.<\/h3>\n<h3>El equilibrio fiscal proyectado para el 2025 se logra a partir de una f\u00e9rrea pol\u00edtica de austeridad en el gasto p\u00fablico que se viene realizando desde que asumi\u00f3 la actual gesti\u00f3n de Gobierno, una reducci\u00f3n de la planta pol\u00edtica en un 35 %, y en un programa de crecimiento del sector privado que genera empleo y proyecta mayor recaudaci\u00f3n tributaria por el crecimiento de la actividad econ\u00f3mica.<\/h3>\n<h3>Con la presentaci\u00f3n del Presupuesto 2025, el Ejecutivo provincial dio cumplimiento al art\u00edculo 168 de la Constituci\u00f3n Provincial que establece el env\u00edo del proyecto de ley de presupuesto para el a\u00f1o siguiente, antes del 31 de agosto de cada a\u00f1o.<\/h3>\n<p>&nbsp;<\/p>\n<p>&nbsp;<\/p>\n<p>&nbsp;<\/p>\n<h3><\/h3>\n<h3><\/h3>\n<p>&nbsp;<\/p>\n","protected":false},"excerpt":{"rendered":"<p>Fue enviado este viernes a la Legislatura el proyecto presupuestario para el periodo anual 2025,&#8230;<\/p>\n","protected":false},"author":1,"featured_media":21584,"comment_status":"closed","ping_status":"closed","sticky":false,"template":"","format":"standard","meta":{"footnotes":""},"categories":[6],"tags":[],"class_list":["post-21583","post","type-post","status-publish","format-standard","has-post-thumbnail","hentry","category-ciudad-provincia"],"yoast_head":"<!-- This site is optimized with the Yoast SEO plugin v26.1.1 - https:\/\/yoast.com\/wordpress\/plugins\/seo\/ -->\n<title>EL GOBIERNO PRESENT\u00d3 EL PROYECTO DE LEY DEL PRESUPUESTO PARA EL A\u00d1O 2025 - Apuntes de San Luis<\/title>\n<meta name=\"robots\" content=\"index, follow, max-snippet:-1, max-image-preview:large, max-video-preview:-1\" \/>\n<link rel=\"canonical\" href=\"https:\/\/apuntesdesanluis.com\/index.php\/2024\/08\/30\/el-gobierno-presento-el-proyecto-de-ley-del-presupuesto-para-el-ano-2025\/\" \/>\n<meta property=\"og:locale\" content=\"es_ES\" \/>\n<meta property=\"og:type\" content=\"article\" \/>\n<meta property=\"og:title\" content=\"EL GOBIERNO PRESENT\u00d3 EL PROYECTO DE LEY DEL PRESUPUESTO PARA EL A\u00d1O 2025 - Apuntes de San Luis\" \/>\n<meta property=\"og:description\" content=\"Fue enviado este viernes a la Legislatura el proyecto presupuestario para el periodo anual 2025,...\" \/>\n<meta property=\"og:url\" content=\"https:\/\/apuntesdesanluis.com\/index.php\/2024\/08\/30\/el-gobierno-presento-el-proyecto-de-ley-del-presupuesto-para-el-ano-2025\/\" \/>\n<meta property=\"og:site_name\" content=\"Apuntes de San Luis\" \/>\n<meta property=\"article:published_time\" content=\"2024-08-31T00:10:22+00:00\" \/>\n<meta property=\"og:image\" content=\"https:\/\/apuntesdesanluis.com\/wp-content\/uploads\/2024\/08\/ORDONEZ.png\" \/>\n\t<meta property=\"og:image:width\" content=\"700\" \/>\n\t<meta property=\"og:image:height\" content=\"441\" \/>\n\t<meta property=\"og:image:type\" content=\"image\/png\" \/>\n<meta name=\"author\" content=\"apuntesdesanluis.com\" \/>\n<meta name=\"twitter:card\" content=\"summary_large_image\" \/>\n<meta name=\"twitter:label1\" content=\"Escrito por\" \/>\n\t<meta name=\"twitter:data1\" content=\"apuntesdesanluis.com\" \/>\n\t<meta name=\"twitter:label2\" content=\"Tiempo de lectura\" \/>\n\t<meta name=\"twitter:data2\" content=\"2 minutos\" \/>\n<script type=\"application\/ld+json\" class=\"yoast-schema-graph\">{\"@context\":\"https:\/\/schema.org\",\"@graph\":[{\"@type\":\"Article\",\"@id\":\"https:\/\/apuntesdesanluis.com\/index.php\/2024\/08\/30\/el-gobierno-presento-el-proyecto-de-ley-del-presupuesto-para-el-ano-2025\/#article\",\"isPartOf\":{\"@id\":\"https:\/\/apuntesdesanluis.com\/index.php\/2024\/08\/30\/el-gobierno-presento-el-proyecto-de-ley-del-presupuesto-para-el-ano-2025\/\"},\"author\":{\"name\":\"apuntesdesanluis.com\",\"@id\":\"https:\/\/apuntesdesanluis.com\/#\/schema\/person\/b55151d52296fcce64d1a72538a70b90\"},\"headline\":\"EL GOBIERNO PRESENT\u00d3 EL PROYECTO DE LEY DEL PRESUPUESTO PARA EL A\u00d1O 2025\",\"datePublished\":\"2024-08-31T00:10:22+00:00\",\"mainEntityOfPage\":{\"@id\":\"https:\/\/apuntesdesanluis.com\/index.php\/2024\/08\/30\/el-gobierno-presento-el-proyecto-de-ley-del-presupuesto-para-el-ano-2025\/\"},\"wordCount\":221,\"publisher\":{\"@id\":\"https:\/\/apuntesdesanluis.com\/#\/schema\/person\/b55151d52296fcce64d1a72538a70b90\"},\"image\":{\"@id\":\"https:\/\/apuntesdesanluis.com\/index.php\/2024\/08\/30\/el-gobierno-presento-el-proyecto-de-ley-del-presupuesto-para-el-ano-2025\/#primaryimage\"},\"thumbnailUrl\":\"https:\/\/apuntesdesanluis.com\/wp-content\/uploads\/2024\/08\/ORDONEZ.png\",\"articleSection\":[\"Ciudad\/Provincia\"],\"inLanguage\":\"es-AR\"},{\"@type\":\"WebPage\",\"@id\":\"https:\/\/apuntesdesanluis.com\/index.php\/2024\/08\/30\/el-gobierno-presento-el-proyecto-de-ley-del-presupuesto-para-el-ano-2025\/\",\"url\":\"https:\/\/apuntesdesanluis.com\/index.php\/2024\/08\/30\/el-gobierno-presento-el-proyecto-de-ley-del-presupuesto-para-el-ano-2025\/\",\"name\":\"EL GOBIERNO PRESENT\u00d3 EL PROYECTO DE LEY DEL PRESUPUESTO PARA EL A\u00d1O 2025 - Apuntes de San Luis\",\"isPartOf\":{\"@id\":\"https:\/\/apuntesdesanluis.com\/#website\"},\"primaryImageOfPage\":{\"@id\":\"https:\/\/apuntesdesanluis.com\/index.php\/2024\/08\/30\/el-gobierno-presento-el-proyecto-de-ley-del-presupuesto-para-el-ano-2025\/#primaryimage\"},\"image\":{\"@id\":\"https:\/\/apuntesdesanluis.com\/index.php\/2024\/08\/30\/el-gobierno-presento-el-proyecto-de-ley-del-presupuesto-para-el-ano-2025\/#primaryimage\"},\"thumbnailUrl\":\"https:\/\/apuntesdesanluis.com\/wp-content\/uploads\/2024\/08\/ORDONEZ.png\",\"datePublished\":\"2024-08-31T00:10:22+00:00\",\"breadcrumb\":{\"@id\":\"https:\/\/apuntesdesanluis.com\/index.php\/2024\/08\/30\/el-gobierno-presento-el-proyecto-de-ley-del-presupuesto-para-el-ano-2025\/#breadcrumb\"},\"inLanguage\":\"es-AR\",\"potentialAction\":[{\"@type\":\"ReadAction\",\"target\":[\"https:\/\/apuntesdesanluis.com\/index.php\/2024\/08\/30\/el-gobierno-presento-el-proyecto-de-ley-del-presupuesto-para-el-ano-2025\/\"]}]},{\"@type\":\"ImageObject\",\"inLanguage\":\"es-AR\",\"@id\":\"https:\/\/apuntesdesanluis.com\/index.php\/2024\/08\/30\/el-gobierno-presento-el-proyecto-de-ley-del-presupuesto-para-el-ano-2025\/#primaryimage\",\"url\":\"https:\/\/apuntesdesanluis.com\/wp-content\/uploads\/2024\/08\/ORDONEZ.png\",\"contentUrl\":\"https:\/\/apuntesdesanluis.com\/wp-content\/uploads\/2024\/08\/ORDONEZ.png\",\"width\":700,\"height\":441},{\"@type\":\"BreadcrumbList\",\"@id\":\"https:\/\/apuntesdesanluis.com\/index.php\/2024\/08\/30\/el-gobierno-presento-el-proyecto-de-ley-del-presupuesto-para-el-ano-2025\/#breadcrumb\",\"itemListElement\":[{\"@type\":\"ListItem\",\"position\":1,\"name\":\"Inicio\",\"item\":\"https:\/\/apuntesdesanluis.com\/\"},{\"@type\":\"ListItem\",\"position\":2,\"name\":\"EL GOBIERNO PRESENT\u00d3 EL PROYECTO DE LEY DEL PRESUPUESTO PARA EL A\u00d1O 2025\"}]},{\"@type\":\"WebSite\",\"@id\":\"https:\/\/apuntesdesanluis.com\/#website\",\"url\":\"https:\/\/apuntesdesanluis.com\/\",\"name\":\"Apuntes de San Luis\",\"description\":\"\",\"publisher\":{\"@id\":\"https:\/\/apuntesdesanluis.com\/#\/schema\/person\/b55151d52296fcce64d1a72538a70b90\"},\"potentialAction\":[{\"@type\":\"SearchAction\",\"target\":{\"@type\":\"EntryPoint\",\"urlTemplate\":\"https:\/\/apuntesdesanluis.com\/?s={search_term_string}\"},\"query-input\":{\"@type\":\"PropertyValueSpecification\",\"valueRequired\":true,\"valueName\":\"search_term_string\"}}],\"inLanguage\":\"es-AR\"},{\"@type\":[\"Person\",\"Organization\"],\"@id\":\"https:\/\/apuntesdesanluis.com\/#\/schema\/person\/b55151d52296fcce64d1a72538a70b90\",\"name\":\"apuntesdesanluis.com\",\"image\":{\"@type\":\"ImageObject\",\"inLanguage\":\"es-AR\",\"@id\":\"https:\/\/apuntesdesanluis.com\/#\/schema\/person\/image\/\",\"url\":\"https:\/\/apuntesdesanluis.com\/wp-content\/uploads\/2023\/07\/cropped-apuntesdesanluis.png\",\"contentUrl\":\"https:\/\/apuntesdesanluis.com\/wp-content\/uploads\/2023\/07\/cropped-apuntesdesanluis.png\",\"width\":450,\"height\":112,\"caption\":\"apuntesdesanluis.com\"},\"logo\":{\"@id\":\"https:\/\/apuntesdesanluis.com\/#\/schema\/person\/image\/\"},\"sameAs\":[\"https:\/\/apuntesdesanluis.com\"],\"url\":\"https:\/\/apuntesdesanluis.com\/index.php\/author\/apuntesdesanluis-com\/\"}]}<\/script>\n<!-- \/ Yoast SEO plugin. -->","yoast_head_json":{"title":"EL GOBIERNO PRESENT\u00d3 EL PROYECTO DE LEY DEL PRESUPUESTO PARA EL A\u00d1O 2025 - Apuntes de San Luis","robots":{"index":"index","follow":"follow","max-snippet":"max-snippet:-1","max-image-preview":"max-image-preview:large","max-video-preview":"max-video-preview:-1"},"canonical":"https:\/\/apuntesdesanluis.com\/index.php\/2024\/08\/30\/el-gobierno-presento-el-proyecto-de-ley-del-presupuesto-para-el-ano-2025\/","og_locale":"es_ES","og_type":"article","og_title":"EL GOBIERNO PRESENT\u00d3 EL PROYECTO DE LEY DEL PRESUPUESTO PARA EL A\u00d1O 2025 - Apuntes de San Luis","og_description":"Fue enviado este viernes a la Legislatura el proyecto presupuestario para el periodo anual 2025,...","og_url":"https:\/\/apuntesdesanluis.com\/index.php\/2024\/08\/30\/el-gobierno-presento-el-proyecto-de-ley-del-presupuesto-para-el-ano-2025\/","og_site_name":"Apuntes de San Luis","article_published_time":"2024-08-31T00:10:22+00:00","og_image":[{"width":700,"height":441,"url":"https:\/\/apuntesdesanluis.com\/wp-content\/uploads\/2024\/08\/ORDONEZ.png","type":"image\/png"}],"author":"apuntesdesanluis.com","twitter_card":"summary_large_image","twitter_misc":{"Escrito por":"apuntesdesanluis.com","Tiempo de lectura":"2 minutos"},"schema":{"@context":"https:\/\/schema.org","@graph":[{"@type":"Article","@id":"https:\/\/apuntesdesanluis.com\/index.php\/2024\/08\/30\/el-gobierno-presento-el-proyecto-de-ley-del-presupuesto-para-el-ano-2025\/#article","isPartOf":{"@id":"https:\/\/apuntesdesanluis.com\/index.php\/2024\/08\/30\/el-gobierno-presento-el-proyecto-de-ley-del-presupuesto-para-el-ano-2025\/"},"author":{"name":"apuntesdesanluis.com","@id":"https:\/\/apuntesdesanluis.com\/#\/schema\/person\/b55151d52296fcce64d1a72538a70b90"},"headline":"EL GOBIERNO PRESENT\u00d3 EL PROYECTO DE LEY DEL PRESUPUESTO PARA EL A\u00d1O 2025","datePublished":"2024-08-31T00:10:22+00:00","mainEntityOfPage":{"@id":"https:\/\/apuntesdesanluis.com\/index.php\/2024\/08\/30\/el-gobierno-presento-el-proyecto-de-ley-del-presupuesto-para-el-ano-2025\/"},"wordCount":221,"publisher":{"@id":"https:\/\/apuntesdesanluis.com\/#\/schema\/person\/b55151d52296fcce64d1a72538a70b90"},"image":{"@id":"https:\/\/apuntesdesanluis.com\/index.php\/2024\/08\/30\/el-gobierno-presento-el-proyecto-de-ley-del-presupuesto-para-el-ano-2025\/#primaryimage"},"thumbnailUrl":"https:\/\/apuntesdesanluis.com\/wp-content\/uploads\/2024\/08\/ORDONEZ.png","articleSection":["Ciudad\/Provincia"],"inLanguage":"es-AR"},{"@type":"WebPage","@id":"https:\/\/apuntesdesanluis.com\/index.php\/2024\/08\/30\/el-gobierno-presento-el-proyecto-de-ley-del-presupuesto-para-el-ano-2025\/","url":"https:\/\/apuntesdesanluis.com\/index.php\/2024\/08\/30\/el-gobierno-presento-el-proyecto-de-ley-del-presupuesto-para-el-ano-2025\/","name":"EL GOBIERNO PRESENT\u00d3 EL PROYECTO DE LEY DEL PRESUPUESTO PARA EL A\u00d1O 2025 - Apuntes de San Luis","isPartOf":{"@id":"https:\/\/apuntesdesanluis.com\/#website"},"primaryImageOfPage":{"@id":"https:\/\/apuntesdesanluis.com\/index.php\/2024\/08\/30\/el-gobierno-presento-el-proyecto-de-ley-del-presupuesto-para-el-ano-2025\/#primaryimage"},"image":{"@id":"https:\/\/apuntesdesanluis.com\/index.php\/2024\/08\/30\/el-gobierno-presento-el-proyecto-de-ley-del-presupuesto-para-el-ano-2025\/#primaryimage"},"thumbnailUrl":"https:\/\/apuntesdesanluis.com\/wp-content\/uploads\/2024\/08\/ORDONEZ.png","datePublished":"2024-08-31T00:10:22+00:00","breadcrumb":{"@id":"https:\/\/apuntesdesanluis.com\/index.php\/2024\/08\/30\/el-gobierno-presento-el-proyecto-de-ley-del-presupuesto-para-el-ano-2025\/#breadcrumb"},"inLanguage":"es-AR","potentialAction":[{"@type":"ReadAction","target":["https:\/\/apuntesdesanluis.com\/index.php\/2024\/08\/30\/el-gobierno-presento-el-proyecto-de-ley-del-presupuesto-para-el-ano-2025\/"]}]},{"@type":"ImageObject","inLanguage":"es-AR","@id":"https:\/\/apuntesdesanluis.com\/index.php\/2024\/08\/30\/el-gobierno-presento-el-proyecto-de-ley-del-presupuesto-para-el-ano-2025\/#primaryimage","url":"https:\/\/apuntesdesanluis.com\/wp-content\/uploads\/2024\/08\/ORDONEZ.png","contentUrl":"https:\/\/apuntesdesanluis.com\/wp-content\/uploads\/2024\/08\/ORDONEZ.png","width":700,"height":441},{"@type":"BreadcrumbList","@id":"https:\/\/apuntesdesanluis.com\/index.php\/2024\/08\/30\/el-gobierno-presento-el-proyecto-de-ley-del-presupuesto-para-el-ano-2025\/#breadcrumb","itemListElement":[{"@type":"ListItem","position":1,"name":"Inicio","item":"https:\/\/apuntesdesanluis.com\/"},{"@type":"ListItem","position":2,"name":"EL GOBIERNO PRESENT\u00d3 EL PROYECTO DE LEY DEL PRESUPUESTO PARA EL A\u00d1O 2025"}]},{"@type":"WebSite","@id":"https:\/\/apuntesdesanluis.com\/#website","url":"https:\/\/apuntesdesanluis.com\/","name":"Apuntes de San Luis","description":"","publisher":{"@id":"https:\/\/apuntesdesanluis.com\/#\/schema\/person\/b55151d52296fcce64d1a72538a70b90"},"potentialAction":[{"@type":"SearchAction","target":{"@type":"EntryPoint","urlTemplate":"https:\/\/apuntesdesanluis.com\/?s={search_term_string}"},"query-input":{"@type":"PropertyValueSpecification","valueRequired":true,"valueName":"search_term_string"}}],"inLanguage":"es-AR"},{"@type":["Person","Organization"],"@id":"https:\/\/apuntesdesanluis.com\/#\/schema\/person\/b55151d52296fcce64d1a72538a70b90","name":"apuntesdesanluis.com","image":{"@type":"ImageObject","inLanguage":"es-AR","@id":"https:\/\/apuntesdesanluis.com\/#\/schema\/person\/image\/","url":"https:\/\/apuntesdesanluis.com\/wp-content\/uploads\/2023\/07\/cropped-apuntesdesanluis.png","contentUrl":"https:\/\/apuntesdesanluis.com\/wp-content\/uploads\/2023\/07\/cropped-apuntesdesanluis.png","width":450,"height":112,"caption":"apuntesdesanluis.com"},"logo":{"@id":"https:\/\/apuntesdesanluis.com\/#\/schema\/person\/image\/"},"sameAs":["https:\/\/apuntesdesanluis.com"],"url":"https:\/\/apuntesdesanluis.com\/index.php\/author\/apuntesdesanluis-com\/"}]}},"featured_image_urls":{"full":["https:\/\/apuntesdesanluis.com\/wp-content\/uploads\/2024\/08\/ORDONEZ.png",700,441,false],"thumbnail":["https:\/\/apuntesdesanluis.com\/wp-content\/uploads\/2024\/08\/ORDONEZ-150x150.png",150,150,true],"medium":["https:\/\/apuntesdesanluis.com\/wp-content\/uploads\/2024\/08\/ORDONEZ-300x189.png",300,189,true],"medium_large":["https:\/\/apuntesdesanluis.com\/wp-content\/uploads\/2024\/08\/ORDONEZ.png",640,403,false],"large":["https:\/\/apuntesdesanluis.com\/wp-content\/uploads\/2024\/08\/ORDONEZ.png",640,403,false],"1536x1536":["https:\/\/apuntesdesanluis.com\/wp-content\/uploads\/2024\/08\/ORDONEZ.png",700,441,false],"2048x2048":["https:\/\/apuntesdesanluis.com\/wp-content\/uploads\/2024\/08\/ORDONEZ.png",700,441,false],"newsever-slider-full":["https:\/\/apuntesdesanluis.com\/wp-content\/uploads\/2024\/08\/ORDONEZ.png",700,441,false],"newsever-featured":["https:\/\/apuntesdesanluis.com\/wp-content\/uploads\/2024\/08\/ORDONEZ.png",700,441,false],"newsever-medium":["https:\/\/apuntesdesanluis.com\/wp-content\/uploads\/2024\/08\/ORDONEZ.png",700,441,false]},"author_info":{"display_name":"apuntesdesanluis.com","author_link":"https:\/\/apuntesdesanluis.com\/index.php\/author\/apuntesdesanluis-com\/"},"category_info":"<a href=\"https:\/\/apuntesdesanluis.com\/index.php\/category\/ciudad-provincia\/\" rel=\"category tag\">Ciudad\/Provincia<\/a>","tag_info":"Ciudad\/Provincia","comment_count":"0","_links":{"self":[{"href":"https:\/\/apuntesdesanluis.com\/index.php\/wp-json\/wp\/v2\/posts\/21583","targetHints":{"allow":["GET"]}}],"collection":[{"href":"https:\/\/apuntesdesanluis.com\/index.php\/wp-json\/wp\/v2\/posts"}],"about":[{"href":"https:\/\/apuntesdesanluis.com\/index.php\/wp-json\/wp\/v2\/types\/post"}],"author":[{"embeddable":true,"href":"https:\/\/apuntesdesanluis.com\/index.php\/wp-json\/wp\/v2\/users\/1"}],"replies":[{"embeddable":true,"href":"https:\/\/apuntesdesanluis.com\/index.php\/wp-json\/wp\/v2\/comments?post=21583"}],"version-history":[{"count":1,"href":"https:\/\/apuntesdesanluis.com\/index.php\/wp-json\/wp\/v2\/posts\/21583\/revisions"}],"predecessor-version":[{"id":21585,"href":"https:\/\/apuntesdesanluis.com\/index.php\/wp-json\/wp\/v2\/posts\/21583\/revisions\/21585"}],"wp:featuredmedia":[{"embeddable":true,"href":"https:\/\/apuntesdesanluis.com\/index.php\/wp-json\/wp\/v2\/media\/21584"}],"wp:attachment":[{"href":"https:\/\/apuntesdesanluis.com\/index.php\/wp-json\/wp\/v2\/media?parent=21583"}],"wp:term":[{"taxonomy":"category","embeddable":true,"href":"https:\/\/apuntesdesanluis.com\/index.php\/wp-json\/wp\/v2\/categories?post=21583"},{"taxonomy":"post_tag","embeddable":true,"href":"https:\/\/apuntesdesanluis.com\/index.php\/wp-json\/wp\/v2\/tags?post=21583"}],"curies":[{"name":"wp","href":"https:\/\/api.w.org\/{rel}","templated":true}]}}