{"id":21591,"date":"2024-08-30T21:54:33","date_gmt":"2024-08-31T00:54:33","guid":{"rendered":"https:\/\/apuntesdesanluis.com\/?p=21591"},"modified":"2024-08-30T21:54:33","modified_gmt":"2024-08-31T00:54:33","slug":"los-rectores-pidieron-destinar-el-1-del-pbi-a-las-universidades-y-denunciaron-recortes-en-ciencia","status":"publish","type":"post","link":"https:\/\/apuntesdesanluis.com\/index.php\/2024\/08\/30\/los-rectores-pidieron-destinar-el-1-del-pbi-a-las-universidades-y-denunciaron-recortes-en-ciencia\/","title":{"rendered":"LOS RECTORES PIDIERON DESTINAR EL 1% DEL PBI A LAS UNIVERSIDADES Y DENUNCIARON RECORTES EN CIENCIA"},"content":{"rendered":"<h3>Las autoridades universitarias reclamaron que el Senado apruebe la ley de financiamiento y acordaron un presupuesto de 7.190 billones de pesos para 2025. Los salarios del sector perdieron un tercio de su poder adquisitivo en los \u00faltimos 8 meses, seg\u00fan un nuevo informe.<\/h3>\n<h3>Rectores de las universidades p\u00fablicas de todo el pa\u00eds pidieron a los senadores que aprueben la Ley de Financiamiento Universitario que obtuvo media sanci\u00f3n en la C\u00e1mara de Diputados y acordaron un proyecto de presupuesto 2025 que prev\u00e9 una inversi\u00f3n del 1% del PBI en el sistema de educaci\u00f3n superior.<\/h3>\n<p><img fetchpriority=\"high\" decoding=\"async\" class=\"wp-image-21594 aligncenter\" src=\"https:\/\/apuntesdesanluis.com\/wp-content\/uploads\/2024\/08\/plenario-300x200.jpg\" alt=\"\" width=\"632\" height=\"421\" srcset=\"https:\/\/apuntesdesanluis.com\/wp-content\/uploads\/2024\/08\/plenario-300x200.jpg 300w, https:\/\/apuntesdesanluis.com\/wp-content\/uploads\/2024\/08\/plenario-1024x681.jpg 1024w, https:\/\/apuntesdesanluis.com\/wp-content\/uploads\/2024\/08\/plenario-768x511.jpg 768w, https:\/\/apuntesdesanluis.com\/wp-content\/uploads\/2024\/08\/plenario-1536x1022.jpg 1536w, https:\/\/apuntesdesanluis.com\/wp-content\/uploads\/2024\/08\/plenario-2048x1363.jpg 2048w\" sizes=\"(max-width: 632px) 100vw, 632px\" \/><\/p>\n<h3>Lo hicieron en el marco del 92\u00b0 Plenario de rectoras y rectores del Consejo Interuniversitario Nacional (CIN), que se reuni\u00f3 este viernes en Santa Rosa, provincia de La Pampa.<\/h3>\n<h3>All\u00ed los miembros del CIN consensuaron un proyecto de presupuesto universitario de alrededor de 7.190 billones de pesos para 2025, una cifra que estimaron equivalente al 1% del PBI. En un comunicado, los rectores pidieron \u201caumentos razonables para el normal funcionamiento del sistema el pr\u00f3ximo a\u00f1o\u201d, mientras contin\u00faa el reclamo por los salarios de docentes y no docentes.<\/h3>\n<h3>El Consejo aprob\u00f3 este viernes un \u201cacuerdo plenario\u201d que propone que las autoridades universitarias avancen en gestiones con los senadores de cada provincia para explicarles la importancia de aprobar la Ley de Financiamiento Universitario, cuyo tratamiento est\u00e1 previsto la semana que viene en la C\u00e1mara de Senadores.<\/h3>\n<h3>El proyecto sobre financiamiento universitario establece que los fondos para el sistema de educaci\u00f3n superior en 2024 deben acompa\u00f1ar la variaci\u00f3n del \u00edndice de precios al consumidor (IPC). Tiene un art\u00edculo referido espec\u00edficamente a salarios, en el que se encomienda al Poder Ejecutivo \u201crecomponer los salarios docentes y no docentes del sistema universitario nacional\u201d entre diciembre y la sanci\u00f3n de la ley seg\u00fan \u201cla variaci\u00f3n acumulada de la inflaci\u00f3n informada por el Indec durante dicho per\u00edodo\u201d.<\/h3>\n<h3><img decoding=\"async\" class=\"wp-image-21596 aligncenter\" src=\"https:\/\/apuntesdesanluis.com\/wp-content\/uploads\/2024\/08\/perdida-salarial-228x300.png\" alt=\"\" width=\"611\" height=\"804\" srcset=\"https:\/\/apuntesdesanluis.com\/wp-content\/uploads\/2024\/08\/perdida-salarial-228x300.png 228w, https:\/\/apuntesdesanluis.com\/wp-content\/uploads\/2024\/08\/perdida-salarial.png 593w\" sizes=\"(max-width: 611px) 100vw, 611px\" \/><\/h3>\n<h4 style=\"text-align: center;\"><em>Evoluci\u00f3n del salario docente y no docente (en azul) en comparaci\u00f3n con la inflaci\u00f3n (en rojo), desde diciembre de 2023 hasta julio de 2024. Fuente: UNSAM y UNRN.<\/em><\/h4>\n<h3>En los \u00faltimos meses las universidades vienen advirtiendo sobre el deterioro de los sueldos, y varias casas de estudio de todo el pa\u00eds \u2013incluyendo la UBA\u2013 declararon la \u201cemergencia salarial\u201d de sus trabajadores. Un informe elaborado por las universidades nacionales de San Mart\u00edn (UNSAM) y R\u00edo Negro (UNRN) estim\u00f3 una p\u00e9rdida del poder adquisitivo del 33,3% del salario de docentes y no docentes entre diciembre de 2023 y julio de 2024, con una inflaci\u00f3n acumulada del 134,5% y una recomposici\u00f3n salarial de apenas el 56,9% \u2013una diferencia de 77,6% puntos porcentuales\u2013.<\/h3>\n<h3>El 70% de los docentes del sistema universitario p\u00fablico tiene una \u201cdedicaci\u00f3n simple\u201d: un titular con esa carga horaria (en torno a las 10 horas semanales) cobr\u00f3 en julio $261.384 netos (y con diez a\u00f1os de antig\u00fcedad, $326.730). Apenas el 10% de los profesores tiene dedicaci\u00f3n \u201cexclusiva\u201d: un titular en esas condiciones cobra $1.045.535, que ascienden a $1.306.919 con 10 a\u00f1os de antig\u00fcedad, seg\u00fan el informe de la UNSAM y la UNRN.<\/h3>\n<h3>Los datos muestran que los salarios de m\u00e1s del 85% de los docentes universitarios est\u00e1n por debajo de la l\u00ednea de pobreza, mientras que m\u00e1s del 60% de los no docentes se encuentran en esa situaci\u00f3n.<\/h3>\n<h3>El informe tambi\u00e9n compar\u00f3 el salario de un profesor titular de dedicaci\u00f3n exclusiva en Argentina con respecto a otros pa\u00edses de la regi\u00f3n. Seg\u00fan esa comparaci\u00f3n, los salarios universitarios en Argentina (medidos seg\u00fan el d\u00f3lar financiero) son 3,7 veces m\u00e1s bajos que los de Brasil y apenas un tercio de los de Uruguay. A su vez, representan la mitad de lo que cobra un profesor con la misma categor\u00eda en Chile, Bolivia o Per\u00fa.<\/h3>\n<p><img decoding=\"async\" class=\"wp-image-21597 aligncenter\" src=\"https:\/\/apuntesdesanluis.com\/wp-content\/uploads\/2024\/08\/comparacion-salarios-294x300.png\" alt=\"\" width=\"578\" height=\"590\" srcset=\"https:\/\/apuntesdesanluis.com\/wp-content\/uploads\/2024\/08\/comparacion-salarios-294x300.png 294w, https:\/\/apuntesdesanluis.com\/wp-content\/uploads\/2024\/08\/comparacion-salarios-768x785.png 768w, https:\/\/apuntesdesanluis.com\/wp-content\/uploads\/2024\/08\/comparacion-salarios.png 775w\" sizes=\"(max-width: 578px) 100vw, 578px\" \/><\/p>\n<h3>\u201cCreo que, cuando empez\u00f3 este Gobierno, equivocamos el diagn\u00f3stico. Tem\u00edamos afrontar cierres, arancelamiento o vouchers. Pero lo que pas\u00f3 fue un desmantelamiento en cuotas de las universidades. No talaron el \u00e1rbol sino que dejaron de regarlo\u201d, dijo <strong>V\u00edctor Mori\u00f1igo<\/strong>, presidente del CIN y rector de la Universidad Nacional de San Luis.<\/h3>\n<h3>Mori\u00f1igo recalc\u00f3 que el sector mantiene un di\u00e1logo cordial con la Subsecretar\u00eda de Pol\u00edticas Universitarias y con la Secretar\u00eda de Educaci\u00f3n, pero \u201cno hay un normal funcionamiento por la pol\u00edtica del Ministerio de Econom\u00eda de blindar la caja\u201d. El presidente del CIN lament\u00f3 \u201clos enormes prejuicios del Gobierno nacional\u201d y afirm\u00f3 que \u201csi hay algo que funciona bien en nuestro Estado argentino, es el sistema universitario\u201d.<\/h3>\n<h3><img loading=\"lazy\" decoding=\"async\" class=\"wp-image-21595 aligncenter\" src=\"https:\/\/apuntesdesanluis.com\/wp-content\/uploads\/2024\/08\/morinigo-300x199.jpg\" alt=\"\" width=\"633\" height=\"420\" srcset=\"https:\/\/apuntesdesanluis.com\/wp-content\/uploads\/2024\/08\/morinigo-300x199.jpg 300w, https:\/\/apuntesdesanluis.com\/wp-content\/uploads\/2024\/08\/morinigo.jpg 700w\" sizes=\"(max-width: 633px) 100vw, 633px\" \/><\/h3>\n<h3>Tras la Marcha Federal Universitaria del 23 de abril las universidades lograron que el Gobierno actualizara un 270% los gastos de funcionamiento, que representan entre un 5% y un 10% del presupuesto de educaci\u00f3n superior. Pero persiste el atraso en los salarios, mientras que \u201cen el resto de los programas (fortalecimiento de ciencia y t\u00e9cnica, extensi\u00f3n, universidades nuevas, virtualizaci\u00f3n, doctorado, etc\u00e9tera) la ejecuci\u00f3n durante este a\u00f1o fue nula\u201d, advirti\u00f3 Mori\u00f1igo.<\/h3>\n<h3>Distintas fuentes del sector universitario se\u00f1alaron que, por ahora, la idea de convocar a una nueva marcha federal est\u00e1 en suspenso, a la espera de lo que pase la semana que viene en el Senado. Tambi\u00e9n coincidieron en que, si el Poder Ejecutivo decidiera vetar una eventual sanci\u00f3n de la ley, ser\u00e1 inevitable que el conflicto escale.<\/h3>\n<h3>\u201cPedimos a los senadores que acompa\u00f1en este proyecto que asegura que la universidad p\u00fablica siga siendo de calidad. Rectores, gremios docentes y no docentes y la Federaci\u00f3n Universitaria Argentina mantendr\u00e1n reuniones con los legisladores de sus provincias para explicar la importancia de esta ley\u201d, se\u00f1al\u00f3 Jorge Anr\u00f3, secretario adjunto de FATUN, una de las federaciones que integran el Frente Sindical de Universidades Nacionales. Desde los sindicatos ya anticiparon que se concentrar\u00e1n frente al Congreso el d\u00eda que se trate la ley.<\/h3>\n<h3>Durante el plenario de rectores tambi\u00e9n se aprob\u00f3 una declaraci\u00f3n que advierte sobre la situaci\u00f3n de la ciencia a nivel nacional y menciona que el 60% de los investigadores en Argentina trabajan dentro de las universidades p\u00fablicas: \u201cSe trata de profesionales que, con mucho esfuerzo y apoyo del Estado, han construido trayectorias de excelencia reconocidas tanto a nivel nacional como internacional\u201d.<\/h3>\n<h3>El documento insta a que todas las agencias del gobierno nacional cumplan con las leyes vigentes y prioricen el apoyo a la ciencia, la tecnolog\u00eda y la innovaci\u00f3n, que son \u201cpilares fundamentales para el desarrollo del pa\u00eds\u201d.<\/h3>\n<h3>La declaraci\u00f3n, titulada \u201cLa ciencia es la universidad\u201d, plantea que la falta de actualizaci\u00f3n salarial de los docentes investigadores, la reducci\u00f3n de la inversi\u00f3n en becas y el desfinanciamiento de programas cient\u00edficos est\u00e1n generando un impacto negativo en la producci\u00f3n de conocimiento, obligando a j\u00f3venes investigadores a abandonar el pa\u00eds y paralizando proyectos cruciales. Adem\u00e1s, el comunicado cuestiona la interrupci\u00f3n de obras de infraestructura y la \u201cdesarticulaci\u00f3n\u201d de pol\u00edticas de financiamiento destinadas a la adquisici\u00f3n de equipamiento e insumos necesarios para investigar.<\/h3>\n<h3>Los rectores advierten: \u201cConvocamos a nuestras comunidades universitarias a velar por el sostenimiento de la pol\u00edtica cient\u00edfica de nuestro pa\u00eds que, de no mediar un cambio trascendental de las pol\u00edticas del gobierno nacional, se encamina a experimentar un proceso de deterioro sin precedentes, lo que impactar\u00e1 directamente en la soberan\u00eda y el desarrollo nacional\u201d.<\/h3>\n<p>&nbsp;<\/p>\n<p>&nbsp;<\/p>\n<p>&nbsp;<\/p>\n<p>&nbsp;<\/p>\n<p>&nbsp;<\/p>\n<p>&nbsp;<\/p>\n<p>&nbsp;<\/p>\n<p>&nbsp;<\/p>\n<p>&nbsp;<\/p>\n","protected":false},"excerpt":{"rendered":"<p>Las autoridades universitarias reclamaron que el Senado apruebe la ley de financiamiento y acordaron un&#8230;<\/p>\n","protected":false},"author":1,"featured_media":21592,"comment_status":"closed","ping_status":"closed","sticky":false,"template":"","format":"standard","meta":{"footnotes":""},"categories":[5],"tags":[],"class_list":["post-21591","post","type-post","status-publish","format-standard","has-post-thumbnail","hentry","category-nacionales-internacionales"],"yoast_head":"<!-- This site is optimized with the Yoast SEO plugin v26.1.1 - https:\/\/yoast.com\/wordpress\/plugins\/seo\/ -->\n<title>LOS RECTORES PIDIERON DESTINAR EL 1% DEL PBI A LAS UNIVERSIDADES Y DENUNCIARON RECORTES EN CIENCIA - Apuntes de San Luis<\/title>\n<meta name=\"robots\" content=\"index, follow, max-snippet:-1, max-image-preview:large, max-video-preview:-1\" \/>\n<link rel=\"canonical\" href=\"https:\/\/apuntesdesanluis.com\/index.php\/2024\/08\/30\/los-rectores-pidieron-destinar-el-1-del-pbi-a-las-universidades-y-denunciaron-recortes-en-ciencia\/\" \/>\n<meta property=\"og:locale\" content=\"es_ES\" \/>\n<meta property=\"og:type\" content=\"article\" \/>\n<meta property=\"og:title\" content=\"LOS RECTORES PIDIERON DESTINAR EL 1% DEL PBI A LAS UNIVERSIDADES Y DENUNCIARON RECORTES EN CIENCIA - Apuntes de San Luis\" \/>\n<meta property=\"og:description\" content=\"Las autoridades universitarias reclamaron que el Senado apruebe la ley de financiamiento y acordaron un...\" \/>\n<meta property=\"og:url\" content=\"https:\/\/apuntesdesanluis.com\/index.php\/2024\/08\/30\/los-rectores-pidieron-destinar-el-1-del-pbi-a-las-universidades-y-denunciaron-recortes-en-ciencia\/\" \/>\n<meta property=\"og:site_name\" content=\"Apuntes de San Luis\" \/>\n<meta property=\"article:published_time\" content=\"2024-08-31T00:54:33+00:00\" \/>\n<meta property=\"og:image\" content=\"https:\/\/apuntesdesanluis.com\/wp-content\/uploads\/2024\/08\/cin-92-plenario.png\" \/>\n\t<meta property=\"og:image:width\" content=\"700\" \/>\n\t<meta property=\"og:image:height\" content=\"355\" \/>\n\t<meta property=\"og:image:type\" content=\"image\/png\" \/>\n<meta name=\"author\" content=\"apuntesdesanluis.com\" \/>\n<meta name=\"twitter:card\" content=\"summary_large_image\" \/>\n<meta name=\"twitter:label1\" content=\"Escrito por\" \/>\n\t<meta name=\"twitter:data1\" content=\"apuntesdesanluis.com\" \/>\n\t<meta name=\"twitter:label2\" content=\"Tiempo de lectura\" \/>\n\t<meta name=\"twitter:data2\" content=\"7 minutos\" \/>\n<script type=\"application\/ld+json\" class=\"yoast-schema-graph\">{\"@context\":\"https:\/\/schema.org\",\"@graph\":[{\"@type\":\"Article\",\"@id\":\"https:\/\/apuntesdesanluis.com\/index.php\/2024\/08\/30\/los-rectores-pidieron-destinar-el-1-del-pbi-a-las-universidades-y-denunciaron-recortes-en-ciencia\/#article\",\"isPartOf\":{\"@id\":\"https:\/\/apuntesdesanluis.com\/index.php\/2024\/08\/30\/los-rectores-pidieron-destinar-el-1-del-pbi-a-las-universidades-y-denunciaron-recortes-en-ciencia\/\"},\"author\":{\"name\":\"apuntesdesanluis.com\",\"@id\":\"https:\/\/apuntesdesanluis.com\/#\/schema\/person\/b55151d52296fcce64d1a72538a70b90\"},\"headline\":\"LOS RECTORES PIDIERON DESTINAR EL 1% DEL PBI A LAS UNIVERSIDADES Y DENUNCIARON RECORTES EN CIENCIA\",\"datePublished\":\"2024-08-31T00:54:33+00:00\",\"mainEntityOfPage\":{\"@id\":\"https:\/\/apuntesdesanluis.com\/index.php\/2024\/08\/30\/los-rectores-pidieron-destinar-el-1-del-pbi-a-las-universidades-y-denunciaron-recortes-en-ciencia\/\"},\"wordCount\":1262,\"publisher\":{\"@id\":\"https:\/\/apuntesdesanluis.com\/#\/schema\/person\/b55151d52296fcce64d1a72538a70b90\"},\"image\":{\"@id\":\"https:\/\/apuntesdesanluis.com\/index.php\/2024\/08\/30\/los-rectores-pidieron-destinar-el-1-del-pbi-a-las-universidades-y-denunciaron-recortes-en-ciencia\/#primaryimage\"},\"thumbnailUrl\":\"https:\/\/apuntesdesanluis.com\/wp-content\/uploads\/2024\/08\/cin-92-plenario.png\",\"articleSection\":[\"Nacionales\/Internacionales\"],\"inLanguage\":\"es-AR\"},{\"@type\":\"WebPage\",\"@id\":\"https:\/\/apuntesdesanluis.com\/index.php\/2024\/08\/30\/los-rectores-pidieron-destinar-el-1-del-pbi-a-las-universidades-y-denunciaron-recortes-en-ciencia\/\",\"url\":\"https:\/\/apuntesdesanluis.com\/index.php\/2024\/08\/30\/los-rectores-pidieron-destinar-el-1-del-pbi-a-las-universidades-y-denunciaron-recortes-en-ciencia\/\",\"name\":\"LOS RECTORES PIDIERON DESTINAR EL 1% DEL PBI A LAS UNIVERSIDADES Y DENUNCIARON RECORTES EN CIENCIA - Apuntes de San Luis\",\"isPartOf\":{\"@id\":\"https:\/\/apuntesdesanluis.com\/#website\"},\"primaryImageOfPage\":{\"@id\":\"https:\/\/apuntesdesanluis.com\/index.php\/2024\/08\/30\/los-rectores-pidieron-destinar-el-1-del-pbi-a-las-universidades-y-denunciaron-recortes-en-ciencia\/#primaryimage\"},\"image\":{\"@id\":\"https:\/\/apuntesdesanluis.com\/index.php\/2024\/08\/30\/los-rectores-pidieron-destinar-el-1-del-pbi-a-las-universidades-y-denunciaron-recortes-en-ciencia\/#primaryimage\"},\"thumbnailUrl\":\"https:\/\/apuntesdesanluis.com\/wp-content\/uploads\/2024\/08\/cin-92-plenario.png\",\"datePublished\":\"2024-08-31T00:54:33+00:00\",\"breadcrumb\":{\"@id\":\"https:\/\/apuntesdesanluis.com\/index.php\/2024\/08\/30\/los-rectores-pidieron-destinar-el-1-del-pbi-a-las-universidades-y-denunciaron-recortes-en-ciencia\/#breadcrumb\"},\"inLanguage\":\"es-AR\",\"potentialAction\":[{\"@type\":\"ReadAction\",\"target\":[\"https:\/\/apuntesdesanluis.com\/index.php\/2024\/08\/30\/los-rectores-pidieron-destinar-el-1-del-pbi-a-las-universidades-y-denunciaron-recortes-en-ciencia\/\"]}]},{\"@type\":\"ImageObject\",\"inLanguage\":\"es-AR\",\"@id\":\"https:\/\/apuntesdesanluis.com\/index.php\/2024\/08\/30\/los-rectores-pidieron-destinar-el-1-del-pbi-a-las-universidades-y-denunciaron-recortes-en-ciencia\/#primaryimage\",\"url\":\"https:\/\/apuntesdesanluis.com\/wp-content\/uploads\/2024\/08\/cin-92-plenario.png\",\"contentUrl\":\"https:\/\/apuntesdesanluis.com\/wp-content\/uploads\/2024\/08\/cin-92-plenario.png\",\"width\":700,\"height\":355},{\"@type\":\"BreadcrumbList\",\"@id\":\"https:\/\/apuntesdesanluis.com\/index.php\/2024\/08\/30\/los-rectores-pidieron-destinar-el-1-del-pbi-a-las-universidades-y-denunciaron-recortes-en-ciencia\/#breadcrumb\",\"itemListElement\":[{\"@type\":\"ListItem\",\"position\":1,\"name\":\"Inicio\",\"item\":\"https:\/\/apuntesdesanluis.com\/\"},{\"@type\":\"ListItem\",\"position\":2,\"name\":\"LOS RECTORES PIDIERON DESTINAR EL 1% DEL PBI A LAS UNIVERSIDADES Y DENUNCIARON RECORTES EN CIENCIA\"}]},{\"@type\":\"WebSite\",\"@id\":\"https:\/\/apuntesdesanluis.com\/#website\",\"url\":\"https:\/\/apuntesdesanluis.com\/\",\"name\":\"Apuntes de San Luis\",\"description\":\"\",\"publisher\":{\"@id\":\"https:\/\/apuntesdesanluis.com\/#\/schema\/person\/b55151d52296fcce64d1a72538a70b90\"},\"potentialAction\":[{\"@type\":\"SearchAction\",\"target\":{\"@type\":\"EntryPoint\",\"urlTemplate\":\"https:\/\/apuntesdesanluis.com\/?s={search_term_string}\"},\"query-input\":{\"@type\":\"PropertyValueSpecification\",\"valueRequired\":true,\"valueName\":\"search_term_string\"}}],\"inLanguage\":\"es-AR\"},{\"@type\":[\"Person\",\"Organization\"],\"@id\":\"https:\/\/apuntesdesanluis.com\/#\/schema\/person\/b55151d52296fcce64d1a72538a70b90\",\"name\":\"apuntesdesanluis.com\",\"image\":{\"@type\":\"ImageObject\",\"inLanguage\":\"es-AR\",\"@id\":\"https:\/\/apuntesdesanluis.com\/#\/schema\/person\/image\/\",\"url\":\"https:\/\/apuntesdesanluis.com\/wp-content\/uploads\/2023\/07\/cropped-apuntesdesanluis.png\",\"contentUrl\":\"https:\/\/apuntesdesanluis.com\/wp-content\/uploads\/2023\/07\/cropped-apuntesdesanluis.png\",\"width\":450,\"height\":112,\"caption\":\"apuntesdesanluis.com\"},\"logo\":{\"@id\":\"https:\/\/apuntesdesanluis.com\/#\/schema\/person\/image\/\"},\"sameAs\":[\"https:\/\/apuntesdesanluis.com\"],\"url\":\"https:\/\/apuntesdesanluis.com\/index.php\/author\/apuntesdesanluis-com\/\"}]}<\/script>\n<!-- \/ Yoast SEO plugin. -->","yoast_head_json":{"title":"LOS RECTORES PIDIERON DESTINAR EL 1% DEL PBI A LAS UNIVERSIDADES Y DENUNCIARON RECORTES EN CIENCIA - Apuntes de San Luis","robots":{"index":"index","follow":"follow","max-snippet":"max-snippet:-1","max-image-preview":"max-image-preview:large","max-video-preview":"max-video-preview:-1"},"canonical":"https:\/\/apuntesdesanluis.com\/index.php\/2024\/08\/30\/los-rectores-pidieron-destinar-el-1-del-pbi-a-las-universidades-y-denunciaron-recortes-en-ciencia\/","og_locale":"es_ES","og_type":"article","og_title":"LOS RECTORES PIDIERON DESTINAR EL 1% DEL PBI A LAS UNIVERSIDADES Y DENUNCIARON RECORTES EN CIENCIA - Apuntes de San Luis","og_description":"Las autoridades universitarias reclamaron que el Senado apruebe la ley de financiamiento y acordaron un...","og_url":"https:\/\/apuntesdesanluis.com\/index.php\/2024\/08\/30\/los-rectores-pidieron-destinar-el-1-del-pbi-a-las-universidades-y-denunciaron-recortes-en-ciencia\/","og_site_name":"Apuntes de San Luis","article_published_time":"2024-08-31T00:54:33+00:00","og_image":[{"width":700,"height":355,"url":"https:\/\/apuntesdesanluis.com\/wp-content\/uploads\/2024\/08\/cin-92-plenario.png","type":"image\/png"}],"author":"apuntesdesanluis.com","twitter_card":"summary_large_image","twitter_misc":{"Escrito por":"apuntesdesanluis.com","Tiempo de lectura":"7 minutos"},"schema":{"@context":"https:\/\/schema.org","@graph":[{"@type":"Article","@id":"https:\/\/apuntesdesanluis.com\/index.php\/2024\/08\/30\/los-rectores-pidieron-destinar-el-1-del-pbi-a-las-universidades-y-denunciaron-recortes-en-ciencia\/#article","isPartOf":{"@id":"https:\/\/apuntesdesanluis.com\/index.php\/2024\/08\/30\/los-rectores-pidieron-destinar-el-1-del-pbi-a-las-universidades-y-denunciaron-recortes-en-ciencia\/"},"author":{"name":"apuntesdesanluis.com","@id":"https:\/\/apuntesdesanluis.com\/#\/schema\/person\/b55151d52296fcce64d1a72538a70b90"},"headline":"LOS RECTORES PIDIERON DESTINAR EL 1% DEL PBI A LAS UNIVERSIDADES Y DENUNCIARON RECORTES EN CIENCIA","datePublished":"2024-08-31T00:54:33+00:00","mainEntityOfPage":{"@id":"https:\/\/apuntesdesanluis.com\/index.php\/2024\/08\/30\/los-rectores-pidieron-destinar-el-1-del-pbi-a-las-universidades-y-denunciaron-recortes-en-ciencia\/"},"wordCount":1262,"publisher":{"@id":"https:\/\/apuntesdesanluis.com\/#\/schema\/person\/b55151d52296fcce64d1a72538a70b90"},"image":{"@id":"https:\/\/apuntesdesanluis.com\/index.php\/2024\/08\/30\/los-rectores-pidieron-destinar-el-1-del-pbi-a-las-universidades-y-denunciaron-recortes-en-ciencia\/#primaryimage"},"thumbnailUrl":"https:\/\/apuntesdesanluis.com\/wp-content\/uploads\/2024\/08\/cin-92-plenario.png","articleSection":["Nacionales\/Internacionales"],"inLanguage":"es-AR"},{"@type":"WebPage","@id":"https:\/\/apuntesdesanluis.com\/index.php\/2024\/08\/30\/los-rectores-pidieron-destinar-el-1-del-pbi-a-las-universidades-y-denunciaron-recortes-en-ciencia\/","url":"https:\/\/apuntesdesanluis.com\/index.php\/2024\/08\/30\/los-rectores-pidieron-destinar-el-1-del-pbi-a-las-universidades-y-denunciaron-recortes-en-ciencia\/","name":"LOS RECTORES PIDIERON DESTINAR EL 1% DEL PBI A LAS UNIVERSIDADES Y DENUNCIARON RECORTES EN CIENCIA - Apuntes de San Luis","isPartOf":{"@id":"https:\/\/apuntesdesanluis.com\/#website"},"primaryImageOfPage":{"@id":"https:\/\/apuntesdesanluis.com\/index.php\/2024\/08\/30\/los-rectores-pidieron-destinar-el-1-del-pbi-a-las-universidades-y-denunciaron-recortes-en-ciencia\/#primaryimage"},"image":{"@id":"https:\/\/apuntesdesanluis.com\/index.php\/2024\/08\/30\/los-rectores-pidieron-destinar-el-1-del-pbi-a-las-universidades-y-denunciaron-recortes-en-ciencia\/#primaryimage"},"thumbnailUrl":"https:\/\/apuntesdesanluis.com\/wp-content\/uploads\/2024\/08\/cin-92-plenario.png","datePublished":"2024-08-31T00:54:33+00:00","breadcrumb":{"@id":"https:\/\/apuntesdesanluis.com\/index.php\/2024\/08\/30\/los-rectores-pidieron-destinar-el-1-del-pbi-a-las-universidades-y-denunciaron-recortes-en-ciencia\/#breadcrumb"},"inLanguage":"es-AR","potentialAction":[{"@type":"ReadAction","target":["https:\/\/apuntesdesanluis.com\/index.php\/2024\/08\/30\/los-rectores-pidieron-destinar-el-1-del-pbi-a-las-universidades-y-denunciaron-recortes-en-ciencia\/"]}]},{"@type":"ImageObject","inLanguage":"es-AR","@id":"https:\/\/apuntesdesanluis.com\/index.php\/2024\/08\/30\/los-rectores-pidieron-destinar-el-1-del-pbi-a-las-universidades-y-denunciaron-recortes-en-ciencia\/#primaryimage","url":"https:\/\/apuntesdesanluis.com\/wp-content\/uploads\/2024\/08\/cin-92-plenario.png","contentUrl":"https:\/\/apuntesdesanluis.com\/wp-content\/uploads\/2024\/08\/cin-92-plenario.png","width":700,"height":355},{"@type":"BreadcrumbList","@id":"https:\/\/apuntesdesanluis.com\/index.php\/2024\/08\/30\/los-rectores-pidieron-destinar-el-1-del-pbi-a-las-universidades-y-denunciaron-recortes-en-ciencia\/#breadcrumb","itemListElement":[{"@type":"ListItem","position":1,"name":"Inicio","item":"https:\/\/apuntesdesanluis.com\/"},{"@type":"ListItem","position":2,"name":"LOS RECTORES PIDIERON DESTINAR EL 1% DEL PBI A LAS UNIVERSIDADES Y DENUNCIARON RECORTES EN CIENCIA"}]},{"@type":"WebSite","@id":"https:\/\/apuntesdesanluis.com\/#website","url":"https:\/\/apuntesdesanluis.com\/","name":"Apuntes de San Luis","description":"","publisher":{"@id":"https:\/\/apuntesdesanluis.com\/#\/schema\/person\/b55151d52296fcce64d1a72538a70b90"},"potentialAction":[{"@type":"SearchAction","target":{"@type":"EntryPoint","urlTemplate":"https:\/\/apuntesdesanluis.com\/?s={search_term_string}"},"query-input":{"@type":"PropertyValueSpecification","valueRequired":true,"valueName":"search_term_string"}}],"inLanguage":"es-AR"},{"@type":["Person","Organization"],"@id":"https:\/\/apuntesdesanluis.com\/#\/schema\/person\/b55151d52296fcce64d1a72538a70b90","name":"apuntesdesanluis.com","image":{"@type":"ImageObject","inLanguage":"es-AR","@id":"https:\/\/apuntesdesanluis.com\/#\/schema\/person\/image\/","url":"https:\/\/apuntesdesanluis.com\/wp-content\/uploads\/2023\/07\/cropped-apuntesdesanluis.png","contentUrl":"https:\/\/apuntesdesanluis.com\/wp-content\/uploads\/2023\/07\/cropped-apuntesdesanluis.png","width":450,"height":112,"caption":"apuntesdesanluis.com"},"logo":{"@id":"https:\/\/apuntesdesanluis.com\/#\/schema\/person\/image\/"},"sameAs":["https:\/\/apuntesdesanluis.com"],"url":"https:\/\/apuntesdesanluis.com\/index.php\/author\/apuntesdesanluis-com\/"}]}},"featured_image_urls":{"full":["https:\/\/apuntesdesanluis.com\/wp-content\/uploads\/2024\/08\/cin-92-plenario.png",700,355,false],"thumbnail":["https:\/\/apuntesdesanluis.com\/wp-content\/uploads\/2024\/08\/cin-92-plenario-150x150.png",150,150,true],"medium":["https:\/\/apuntesdesanluis.com\/wp-content\/uploads\/2024\/08\/cin-92-plenario-300x152.png",300,152,true],"medium_large":["https:\/\/apuntesdesanluis.com\/wp-content\/uploads\/2024\/08\/cin-92-plenario.png",640,325,false],"large":["https:\/\/apuntesdesanluis.com\/wp-content\/uploads\/2024\/08\/cin-92-plenario.png",640,325,false],"1536x1536":["https:\/\/apuntesdesanluis.com\/wp-content\/uploads\/2024\/08\/cin-92-plenario.png",700,355,false],"2048x2048":["https:\/\/apuntesdesanluis.com\/wp-content\/uploads\/2024\/08\/cin-92-plenario.png",700,355,false],"newsever-slider-full":["https:\/\/apuntesdesanluis.com\/wp-content\/uploads\/2024\/08\/cin-92-plenario.png",700,355,false],"newsever-featured":["https:\/\/apuntesdesanluis.com\/wp-content\/uploads\/2024\/08\/cin-92-plenario.png",700,355,false],"newsever-medium":["https:\/\/apuntesdesanluis.com\/wp-content\/uploads\/2024\/08\/cin-92-plenario.png",700,355,false]},"author_info":{"display_name":"apuntesdesanluis.com","author_link":"https:\/\/apuntesdesanluis.com\/index.php\/author\/apuntesdesanluis-com\/"},"category_info":"<a href=\"https:\/\/apuntesdesanluis.com\/index.php\/category\/nacionales-internacionales\/\" rel=\"category tag\">Nacionales\/Internacionales<\/a>","tag_info":"Nacionales\/Internacionales","comment_count":"0","_links":{"self":[{"href":"https:\/\/apuntesdesanluis.com\/index.php\/wp-json\/wp\/v2\/posts\/21591","targetHints":{"allow":["GET"]}}],"collection":[{"href":"https:\/\/apuntesdesanluis.com\/index.php\/wp-json\/wp\/v2\/posts"}],"about":[{"href":"https:\/\/apuntesdesanluis.com\/index.php\/wp-json\/wp\/v2\/types\/post"}],"author":[{"embeddable":true,"href":"https:\/\/apuntesdesanluis.com\/index.php\/wp-json\/wp\/v2\/users\/1"}],"replies":[{"embeddable":true,"href":"https:\/\/apuntesdesanluis.com\/index.php\/wp-json\/wp\/v2\/comments?post=21591"}],"version-history":[{"count":2,"href":"https:\/\/apuntesdesanluis.com\/index.php\/wp-json\/wp\/v2\/posts\/21591\/revisions"}],"predecessor-version":[{"id":21598,"href":"https:\/\/apuntesdesanluis.com\/index.php\/wp-json\/wp\/v2\/posts\/21591\/revisions\/21598"}],"wp:featuredmedia":[{"embeddable":true,"href":"https:\/\/apuntesdesanluis.com\/index.php\/wp-json\/wp\/v2\/media\/21592"}],"wp:attachment":[{"href":"https:\/\/apuntesdesanluis.com\/index.php\/wp-json\/wp\/v2\/media?parent=21591"}],"wp:term":[{"taxonomy":"category","embeddable":true,"href":"https:\/\/apuntesdesanluis.com\/index.php\/wp-json\/wp\/v2\/categories?post=21591"},{"taxonomy":"post_tag","embeddable":true,"href":"https:\/\/apuntesdesanluis.com\/index.php\/wp-json\/wp\/v2\/tags?post=21591"}],"curies":[{"name":"wp","href":"https:\/\/api.w.org\/{rel}","templated":true}]}}