{"id":21608,"date":"2024-08-30T23:25:34","date_gmt":"2024-08-31T02:25:34","guid":{"rendered":"https:\/\/apuntesdesanluis.com\/?p=21608"},"modified":"2024-08-30T23:25:34","modified_gmt":"2024-08-31T02:25:34","slug":"lilia-lemoine-apunto-contra-villarruel-y-dijo-que-no-cumple-su-rol-como-corresponde","status":"publish","type":"post","link":"https:\/\/apuntesdesanluis.com\/index.php\/2024\/08\/30\/lilia-lemoine-apunto-contra-villarruel-y-dijo-que-no-cumple-su-rol-como-corresponde\/","title":{"rendered":"LILIA LEMOINE APUNT\u00d3 CONTRA VILLARRUEL Y DIJO QUE NO CUMPLE SU ROL COMO CORRESPONDE"},"content":{"rendered":"<h3>En uno de los momentos m\u00e1s \u00e1speros de la interna libertaria desde que Javier Milei asumi\u00f3 como Presidente, la diputada Lilia Lemoine se refiri\u00f3 a los conflictos dentro del Gobierno y apunt\u00f3 contra Victoria Villarruel, a quien acus\u00f3 de no estar cumpliendo sus funciones correctamente por tener \u201cla maldici\u00f3n de la vice\u201d.<\/h3>\n<h3>Fue en di\u00e1logo con CNN Radio donde la legisladora -que en los \u00faltimos d\u00edas particip\u00f3 de la tensa discusi\u00f3n desarrollada dentro de su bloque de la C\u00e1mara Baja- admiti\u00f3 que existen problemas entre los dirigentes de La Libertad Avanza, pero remarc\u00f3 que estos conflictos no se le ocultan a la ciudadan\u00eda porque son \u201cuna gesti\u00f3n trasparente\u201d. En este sentido, dijo que no van a \u201cfingir que est\u00e1 todo bien y sonre\u00edr\u201d.<\/h3>\n<h3>Sin embargo, al ser consultada sobre si le preocupaba cierto decaimiento institucional del v\u00ednculo dentro de los propios libertarios, Lemoine respondi\u00f3 de manera afirmativa y mencion\u00f3 a Victoria Villarruel como una de las responsables de que esto suceda.<\/h3>\n<h3>D\u00edas atr\u00e1s la diputada libertaria concurri\u00f3 a un programa de La Naci\u00f3n + y reiter\u00f3 similares conceptos contra la vicepresidenta.<\/h3>\n<p><iframe title=\"Lilia Lemoine: &quot;Villarruel tiene una agenda propia y eso est\u00e1 mal&quot;\" width=\"640\" height=\"360\" src=\"https:\/\/www.youtube.com\/embed\/MkPAdoSO9a0?feature=oembed\" frameborder=\"0\" allow=\"accelerometer; autoplay; clipboard-write; encrypted-media; gyroscope; picture-in-picture; web-share\" referrerpolicy=\"strict-origin-when-cross-origin\" allowfullscreen><\/iframe><\/p>\n<h3>\u201cSi la vicepresidente no est\u00e1 cumpliendo los roles como corresponde o est\u00e1 haciendo cosas que demuestran que est\u00e1 con la maldici\u00f3n de la vice, hay que decirlas, porque est\u00e1 haciendo campa\u00f1a pol\u00edtica proselitista y est\u00e1 diciendo barbaridades tambi\u00e9n. No est\u00e1 defendiendo a la gente que la acompa\u00f1\u00f3, la apoy\u00f3 y la defendi\u00f3 contra viento y marea, esperando algo de ella. Los abandon\u00f3\u201d, arremeti\u00f3 la diputada.<\/h3>\n<h3>Lemoine tambi\u00e9n asegur\u00f3 que, para tapar esta situaci\u00f3n, Villarruel realiz\u00f3 un acto en el cual expres\u00f3 una serie de generalizaciones que la \u201casustaron\u201d. \u201cMeti\u00f3 un acto diciendo \u2018vamos a meter a todos los montoneros presos\u2019. Y yo digo, \u00bfa qui\u00e9nes? Porque aparte es poder ejecutivo, no es el Poder Judicial \u00bfY segundo, por qu\u00e9 la vicepresidenta tiene que perseguir personas en democracia? Y tercero, tambi\u00e9n nos va a meter presa a la ministra de Seguridad porque est\u00e1 trabajando bien\u201d, cuestion\u00f3.<\/h3>\n<h3>En la misma l\u00ednea, dijo que la presidenta del Senado tiene su agenda aparte y que act\u00faa como si fuera un gobierno aparte. \u201cPero Villarruel no puede ser un gobierno dentro del Gobierno porque sus funciones no se lo permiten. Por eso digo que los argentinos no se preocupen porque no es un problema institucional. Si ella renunciara a su funci\u00f3n en el Senado y se fuera como el Chacho \u00c1lvarez, ah\u00ed tendr\u00edamos un problema\u201d, concluy\u00f3.<\/h3>\n<h3>Las declaraciones de Lilia Lemoine sobre la vicepresidenta surgen en un contexto donde el Gobierno sufre un nuevo brote de desconfianza interna: el \u201ctri\u00e1ngulo de hierro\u201d, conformado por el presidente, Javier Milei, su hermana y secretaria general, Karina Milei, y el asesor Santiago Caputo, est\u00e1n convencidos de que hay funcionarios que ventilan a la prensa o transmiten a otros partidos informaci\u00f3n confidencial.<\/h3>\n<h3>Aunque a\u00fan no se sabe de qui\u00e9n se trata, la c\u00fapula del gobierno sospecha de una persona que hace trascender datos. En Balcarce 50 deslizan que todav\u00eda no detectaron al \u201ctopo\u201d, como ellos mismos lo calificaron, pero aseguran que \u201cest\u00e1n en eso\u201d.<\/h3>\n<h3>El tenso momento dentro de la administraci\u00f3n qued\u00f3 en evidencia el pasado martes, cuando el Ejecutivo anunci\u00f3 a \u00faltimo momento que suspender\u00eda la reuni\u00f3n del Gabinete que se hace ese d\u00eda, cada semana, pr\u00e1cticamente sin falta, lo cual gener\u00f3 suspicacias, principalmente, entre los propios. La Casa Rosada intent\u00f3 disimular, y en los ministerios siguieron el juego. As\u00ed, tanto en la sede del poder central como en las distintas dependencias respondieron a las consultas sobre los motivos de la decisi\u00f3n de suspenderla con el argumento de que se hab\u00edan interpuesto los -siempre convenientes- \u201ctemas de agenda\u201d.<\/h3>\n<h3>Concretamente, se refer\u00edan a la charla presencial que mantuvo Milei con el embajador de Estados Unidos, Marc Stanley. Pero no contaron que esa ma\u00f1ana tambi\u00e9n hubo una reuni\u00f3n de Gabinete \u201creducida\u201d o, como la llamaban en Gobierno, \u201cblue\u201d. Dicen que percibieron ciertas desobediencias, y decidieron hacer un fuerte recorte en la habitual convocatoria.<\/h3>\n<h3>El encuentro fue extremadamente cerrado, al punto de que los colaboradores de los referentes presentes nunca supieron en qu\u00e9 sal\u00f3n de la Casa Rosada se celebr\u00f3. Seg\u00fan pudo reconstruir Infobae, se hizo por la ma\u00f1ana y dur\u00f3 cerca de dos horas. Estuvieron, adem\u00e1s del Presidente, los miembros de su mesa chica, Karina y S. Caputo; el jefe de Gabinete, Guillermo Francos; el vocero Adorni, especialmente cercano a la hermana del primer mandatario; la ministra de Seguridad, Patricia Bullrich, principal representante de la fusi\u00f3n con -una parte- de PRO, que se gan\u00f3 y sostiene la confianza del Presidente; el titular de la C\u00e1mara de Diputados, Mart\u00edn Menem.<\/h3>\n<p>&nbsp;<\/p>\n<p>&nbsp;<\/p>\n<p>&nbsp;<\/p>\n<h3><\/h3>\n<h3><\/h3>\n<p>&nbsp;<\/p>\n","protected":false},"excerpt":{"rendered":"<p>En uno de los momentos m\u00e1s \u00e1speros de la interna libertaria desde que Javier Milei&#8230;<\/p>\n","protected":false},"author":1,"featured_media":21610,"comment_status":"closed","ping_status":"closed","sticky":false,"template":"","format":"standard","meta":{"footnotes":""},"categories":[5],"tags":[],"class_list":["post-21608","post","type-post","status-publish","format-standard","has-post-thumbnail","hentry","category-nacionales-internacionales"],"yoast_head":"<!-- This site is optimized with the Yoast SEO plugin v26.1.1 - https:\/\/yoast.com\/wordpress\/plugins\/seo\/ -->\n<title>LILIA LEMOINE APUNT\u00d3 CONTRA VILLARRUEL Y DIJO QUE NO CUMPLE SU ROL COMO CORRESPONDE - Apuntes de San Luis<\/title>\n<meta name=\"robots\" content=\"index, follow, max-snippet:-1, max-image-preview:large, max-video-preview:-1\" \/>\n<link rel=\"canonical\" href=\"https:\/\/apuntesdesanluis.com\/index.php\/2024\/08\/30\/lilia-lemoine-apunto-contra-villarruel-y-dijo-que-no-cumple-su-rol-como-corresponde\/\" \/>\n<meta property=\"og:locale\" content=\"es_ES\" \/>\n<meta property=\"og:type\" content=\"article\" \/>\n<meta property=\"og:title\" content=\"LILIA LEMOINE APUNT\u00d3 CONTRA VILLARRUEL Y DIJO QUE NO CUMPLE SU ROL COMO CORRESPONDE - Apuntes de San Luis\" \/>\n<meta property=\"og:description\" content=\"En uno de los momentos m\u00e1s \u00e1speros de la interna libertaria desde que Javier Milei...\" \/>\n<meta property=\"og:url\" content=\"https:\/\/apuntesdesanluis.com\/index.php\/2024\/08\/30\/lilia-lemoine-apunto-contra-villarruel-y-dijo-que-no-cumple-su-rol-como-corresponde\/\" \/>\n<meta property=\"og:site_name\" content=\"Apuntes de San Luis\" \/>\n<meta property=\"article:published_time\" content=\"2024-08-31T02:25:34+00:00\" \/>\n<meta property=\"og:image\" content=\"https:\/\/apuntesdesanluis.com\/wp-content\/uploads\/2024\/08\/lemoine-y-villarruel.png\" \/>\n\t<meta property=\"og:image:width\" content=\"700\" \/>\n\t<meta property=\"og:image:height\" content=\"361\" \/>\n\t<meta property=\"og:image:type\" content=\"image\/png\" \/>\n<meta name=\"author\" content=\"apuntesdesanluis.com\" \/>\n<meta name=\"twitter:card\" content=\"summary_large_image\" \/>\n<meta name=\"twitter:label1\" content=\"Escrito por\" \/>\n\t<meta name=\"twitter:data1\" content=\"apuntesdesanluis.com\" \/>\n\t<meta name=\"twitter:label2\" content=\"Tiempo de lectura\" \/>\n\t<meta name=\"twitter:data2\" content=\"4 minutos\" \/>\n<script type=\"application\/ld+json\" class=\"yoast-schema-graph\">{\"@context\":\"https:\/\/schema.org\",\"@graph\":[{\"@type\":\"Article\",\"@id\":\"https:\/\/apuntesdesanluis.com\/index.php\/2024\/08\/30\/lilia-lemoine-apunto-contra-villarruel-y-dijo-que-no-cumple-su-rol-como-corresponde\/#article\",\"isPartOf\":{\"@id\":\"https:\/\/apuntesdesanluis.com\/index.php\/2024\/08\/30\/lilia-lemoine-apunto-contra-villarruel-y-dijo-que-no-cumple-su-rol-como-corresponde\/\"},\"author\":{\"name\":\"apuntesdesanluis.com\",\"@id\":\"https:\/\/apuntesdesanluis.com\/#\/schema\/person\/b55151d52296fcce64d1a72538a70b90\"},\"headline\":\"LILIA LEMOINE APUNT\u00d3 CONTRA VILLARRUEL Y DIJO QUE NO CUMPLE SU ROL COMO CORRESPONDE\",\"datePublished\":\"2024-08-31T02:25:34+00:00\",\"mainEntityOfPage\":{\"@id\":\"https:\/\/apuntesdesanluis.com\/index.php\/2024\/08\/30\/lilia-lemoine-apunto-contra-villarruel-y-dijo-que-no-cumple-su-rol-como-corresponde\/\"},\"wordCount\":837,\"publisher\":{\"@id\":\"https:\/\/apuntesdesanluis.com\/#\/schema\/person\/b55151d52296fcce64d1a72538a70b90\"},\"image\":{\"@id\":\"https:\/\/apuntesdesanluis.com\/index.php\/2024\/08\/30\/lilia-lemoine-apunto-contra-villarruel-y-dijo-que-no-cumple-su-rol-como-corresponde\/#primaryimage\"},\"thumbnailUrl\":\"https:\/\/apuntesdesanluis.com\/wp-content\/uploads\/2024\/08\/lemoine-y-villarruel.png\",\"articleSection\":[\"Nacionales\/Internacionales\"],\"inLanguage\":\"es-AR\"},{\"@type\":\"WebPage\",\"@id\":\"https:\/\/apuntesdesanluis.com\/index.php\/2024\/08\/30\/lilia-lemoine-apunto-contra-villarruel-y-dijo-que-no-cumple-su-rol-como-corresponde\/\",\"url\":\"https:\/\/apuntesdesanluis.com\/index.php\/2024\/08\/30\/lilia-lemoine-apunto-contra-villarruel-y-dijo-que-no-cumple-su-rol-como-corresponde\/\",\"name\":\"LILIA LEMOINE APUNT\u00d3 CONTRA VILLARRUEL Y DIJO QUE NO CUMPLE SU ROL COMO CORRESPONDE - Apuntes de San Luis\",\"isPartOf\":{\"@id\":\"https:\/\/apuntesdesanluis.com\/#website\"},\"primaryImageOfPage\":{\"@id\":\"https:\/\/apuntesdesanluis.com\/index.php\/2024\/08\/30\/lilia-lemoine-apunto-contra-villarruel-y-dijo-que-no-cumple-su-rol-como-corresponde\/#primaryimage\"},\"image\":{\"@id\":\"https:\/\/apuntesdesanluis.com\/index.php\/2024\/08\/30\/lilia-lemoine-apunto-contra-villarruel-y-dijo-que-no-cumple-su-rol-como-corresponde\/#primaryimage\"},\"thumbnailUrl\":\"https:\/\/apuntesdesanluis.com\/wp-content\/uploads\/2024\/08\/lemoine-y-villarruel.png\",\"datePublished\":\"2024-08-31T02:25:34+00:00\",\"breadcrumb\":{\"@id\":\"https:\/\/apuntesdesanluis.com\/index.php\/2024\/08\/30\/lilia-lemoine-apunto-contra-villarruel-y-dijo-que-no-cumple-su-rol-como-corresponde\/#breadcrumb\"},\"inLanguage\":\"es-AR\",\"potentialAction\":[{\"@type\":\"ReadAction\",\"target\":[\"https:\/\/apuntesdesanluis.com\/index.php\/2024\/08\/30\/lilia-lemoine-apunto-contra-villarruel-y-dijo-que-no-cumple-su-rol-como-corresponde\/\"]}]},{\"@type\":\"ImageObject\",\"inLanguage\":\"es-AR\",\"@id\":\"https:\/\/apuntesdesanluis.com\/index.php\/2024\/08\/30\/lilia-lemoine-apunto-contra-villarruel-y-dijo-que-no-cumple-su-rol-como-corresponde\/#primaryimage\",\"url\":\"https:\/\/apuntesdesanluis.com\/wp-content\/uploads\/2024\/08\/lemoine-y-villarruel.png\",\"contentUrl\":\"https:\/\/apuntesdesanluis.com\/wp-content\/uploads\/2024\/08\/lemoine-y-villarruel.png\",\"width\":700,\"height\":361},{\"@type\":\"BreadcrumbList\",\"@id\":\"https:\/\/apuntesdesanluis.com\/index.php\/2024\/08\/30\/lilia-lemoine-apunto-contra-villarruel-y-dijo-que-no-cumple-su-rol-como-corresponde\/#breadcrumb\",\"itemListElement\":[{\"@type\":\"ListItem\",\"position\":1,\"name\":\"Inicio\",\"item\":\"https:\/\/apuntesdesanluis.com\/\"},{\"@type\":\"ListItem\",\"position\":2,\"name\":\"LILIA LEMOINE APUNT\u00d3 CONTRA VILLARRUEL Y DIJO QUE NO CUMPLE SU ROL COMO CORRESPONDE\"}]},{\"@type\":\"WebSite\",\"@id\":\"https:\/\/apuntesdesanluis.com\/#website\",\"url\":\"https:\/\/apuntesdesanluis.com\/\",\"name\":\"Apuntes de San Luis\",\"description\":\"\",\"publisher\":{\"@id\":\"https:\/\/apuntesdesanluis.com\/#\/schema\/person\/b55151d52296fcce64d1a72538a70b90\"},\"potentialAction\":[{\"@type\":\"SearchAction\",\"target\":{\"@type\":\"EntryPoint\",\"urlTemplate\":\"https:\/\/apuntesdesanluis.com\/?s={search_term_string}\"},\"query-input\":{\"@type\":\"PropertyValueSpecification\",\"valueRequired\":true,\"valueName\":\"search_term_string\"}}],\"inLanguage\":\"es-AR\"},{\"@type\":[\"Person\",\"Organization\"],\"@id\":\"https:\/\/apuntesdesanluis.com\/#\/schema\/person\/b55151d52296fcce64d1a72538a70b90\",\"name\":\"apuntesdesanluis.com\",\"image\":{\"@type\":\"ImageObject\",\"inLanguage\":\"es-AR\",\"@id\":\"https:\/\/apuntesdesanluis.com\/#\/schema\/person\/image\/\",\"url\":\"https:\/\/apuntesdesanluis.com\/wp-content\/uploads\/2023\/07\/cropped-apuntesdesanluis.png\",\"contentUrl\":\"https:\/\/apuntesdesanluis.com\/wp-content\/uploads\/2023\/07\/cropped-apuntesdesanluis.png\",\"width\":450,\"height\":112,\"caption\":\"apuntesdesanluis.com\"},\"logo\":{\"@id\":\"https:\/\/apuntesdesanluis.com\/#\/schema\/person\/image\/\"},\"sameAs\":[\"https:\/\/apuntesdesanluis.com\"],\"url\":\"https:\/\/apuntesdesanluis.com\/index.php\/author\/apuntesdesanluis-com\/\"}]}<\/script>\n<!-- \/ Yoast SEO plugin. -->","yoast_head_json":{"title":"LILIA LEMOINE APUNT\u00d3 CONTRA VILLARRUEL Y DIJO QUE NO CUMPLE SU ROL COMO CORRESPONDE - Apuntes de San Luis","robots":{"index":"index","follow":"follow","max-snippet":"max-snippet:-1","max-image-preview":"max-image-preview:large","max-video-preview":"max-video-preview:-1"},"canonical":"https:\/\/apuntesdesanluis.com\/index.php\/2024\/08\/30\/lilia-lemoine-apunto-contra-villarruel-y-dijo-que-no-cumple-su-rol-como-corresponde\/","og_locale":"es_ES","og_type":"article","og_title":"LILIA LEMOINE APUNT\u00d3 CONTRA VILLARRUEL Y DIJO QUE NO CUMPLE SU ROL COMO CORRESPONDE - Apuntes de San Luis","og_description":"En uno de los momentos m\u00e1s \u00e1speros de la interna libertaria desde que Javier Milei...","og_url":"https:\/\/apuntesdesanluis.com\/index.php\/2024\/08\/30\/lilia-lemoine-apunto-contra-villarruel-y-dijo-que-no-cumple-su-rol-como-corresponde\/","og_site_name":"Apuntes de San Luis","article_published_time":"2024-08-31T02:25:34+00:00","og_image":[{"width":700,"height":361,"url":"https:\/\/apuntesdesanluis.com\/wp-content\/uploads\/2024\/08\/lemoine-y-villarruel.png","type":"image\/png"}],"author":"apuntesdesanluis.com","twitter_card":"summary_large_image","twitter_misc":{"Escrito por":"apuntesdesanluis.com","Tiempo de lectura":"4 minutos"},"schema":{"@context":"https:\/\/schema.org","@graph":[{"@type":"Article","@id":"https:\/\/apuntesdesanluis.com\/index.php\/2024\/08\/30\/lilia-lemoine-apunto-contra-villarruel-y-dijo-que-no-cumple-su-rol-como-corresponde\/#article","isPartOf":{"@id":"https:\/\/apuntesdesanluis.com\/index.php\/2024\/08\/30\/lilia-lemoine-apunto-contra-villarruel-y-dijo-que-no-cumple-su-rol-como-corresponde\/"},"author":{"name":"apuntesdesanluis.com","@id":"https:\/\/apuntesdesanluis.com\/#\/schema\/person\/b55151d52296fcce64d1a72538a70b90"},"headline":"LILIA LEMOINE APUNT\u00d3 CONTRA VILLARRUEL Y DIJO QUE NO CUMPLE SU ROL COMO CORRESPONDE","datePublished":"2024-08-31T02:25:34+00:00","mainEntityOfPage":{"@id":"https:\/\/apuntesdesanluis.com\/index.php\/2024\/08\/30\/lilia-lemoine-apunto-contra-villarruel-y-dijo-que-no-cumple-su-rol-como-corresponde\/"},"wordCount":837,"publisher":{"@id":"https:\/\/apuntesdesanluis.com\/#\/schema\/person\/b55151d52296fcce64d1a72538a70b90"},"image":{"@id":"https:\/\/apuntesdesanluis.com\/index.php\/2024\/08\/30\/lilia-lemoine-apunto-contra-villarruel-y-dijo-que-no-cumple-su-rol-como-corresponde\/#primaryimage"},"thumbnailUrl":"https:\/\/apuntesdesanluis.com\/wp-content\/uploads\/2024\/08\/lemoine-y-villarruel.png","articleSection":["Nacionales\/Internacionales"],"inLanguage":"es-AR"},{"@type":"WebPage","@id":"https:\/\/apuntesdesanluis.com\/index.php\/2024\/08\/30\/lilia-lemoine-apunto-contra-villarruel-y-dijo-que-no-cumple-su-rol-como-corresponde\/","url":"https:\/\/apuntesdesanluis.com\/index.php\/2024\/08\/30\/lilia-lemoine-apunto-contra-villarruel-y-dijo-que-no-cumple-su-rol-como-corresponde\/","name":"LILIA LEMOINE APUNT\u00d3 CONTRA VILLARRUEL Y DIJO QUE NO CUMPLE SU ROL COMO CORRESPONDE - Apuntes de San Luis","isPartOf":{"@id":"https:\/\/apuntesdesanluis.com\/#website"},"primaryImageOfPage":{"@id":"https:\/\/apuntesdesanluis.com\/index.php\/2024\/08\/30\/lilia-lemoine-apunto-contra-villarruel-y-dijo-que-no-cumple-su-rol-como-corresponde\/#primaryimage"},"image":{"@id":"https:\/\/apuntesdesanluis.com\/index.php\/2024\/08\/30\/lilia-lemoine-apunto-contra-villarruel-y-dijo-que-no-cumple-su-rol-como-corresponde\/#primaryimage"},"thumbnailUrl":"https:\/\/apuntesdesanluis.com\/wp-content\/uploads\/2024\/08\/lemoine-y-villarruel.png","datePublished":"2024-08-31T02:25:34+00:00","breadcrumb":{"@id":"https:\/\/apuntesdesanluis.com\/index.php\/2024\/08\/30\/lilia-lemoine-apunto-contra-villarruel-y-dijo-que-no-cumple-su-rol-como-corresponde\/#breadcrumb"},"inLanguage":"es-AR","potentialAction":[{"@type":"ReadAction","target":["https:\/\/apuntesdesanluis.com\/index.php\/2024\/08\/30\/lilia-lemoine-apunto-contra-villarruel-y-dijo-que-no-cumple-su-rol-como-corresponde\/"]}]},{"@type":"ImageObject","inLanguage":"es-AR","@id":"https:\/\/apuntesdesanluis.com\/index.php\/2024\/08\/30\/lilia-lemoine-apunto-contra-villarruel-y-dijo-que-no-cumple-su-rol-como-corresponde\/#primaryimage","url":"https:\/\/apuntesdesanluis.com\/wp-content\/uploads\/2024\/08\/lemoine-y-villarruel.png","contentUrl":"https:\/\/apuntesdesanluis.com\/wp-content\/uploads\/2024\/08\/lemoine-y-villarruel.png","width":700,"height":361},{"@type":"BreadcrumbList","@id":"https:\/\/apuntesdesanluis.com\/index.php\/2024\/08\/30\/lilia-lemoine-apunto-contra-villarruel-y-dijo-que-no-cumple-su-rol-como-corresponde\/#breadcrumb","itemListElement":[{"@type":"ListItem","position":1,"name":"Inicio","item":"https:\/\/apuntesdesanluis.com\/"},{"@type":"ListItem","position":2,"name":"LILIA LEMOINE APUNT\u00d3 CONTRA VILLARRUEL Y DIJO QUE NO CUMPLE SU ROL COMO CORRESPONDE"}]},{"@type":"WebSite","@id":"https:\/\/apuntesdesanluis.com\/#website","url":"https:\/\/apuntesdesanluis.com\/","name":"Apuntes de San Luis","description":"","publisher":{"@id":"https:\/\/apuntesdesanluis.com\/#\/schema\/person\/b55151d52296fcce64d1a72538a70b90"},"potentialAction":[{"@type":"SearchAction","target":{"@type":"EntryPoint","urlTemplate":"https:\/\/apuntesdesanluis.com\/?s={search_term_string}"},"query-input":{"@type":"PropertyValueSpecification","valueRequired":true,"valueName":"search_term_string"}}],"inLanguage":"es-AR"},{"@type":["Person","Organization"],"@id":"https:\/\/apuntesdesanluis.com\/#\/schema\/person\/b55151d52296fcce64d1a72538a70b90","name":"apuntesdesanluis.com","image":{"@type":"ImageObject","inLanguage":"es-AR","@id":"https:\/\/apuntesdesanluis.com\/#\/schema\/person\/image\/","url":"https:\/\/apuntesdesanluis.com\/wp-content\/uploads\/2023\/07\/cropped-apuntesdesanluis.png","contentUrl":"https:\/\/apuntesdesanluis.com\/wp-content\/uploads\/2023\/07\/cropped-apuntesdesanluis.png","width":450,"height":112,"caption":"apuntesdesanluis.com"},"logo":{"@id":"https:\/\/apuntesdesanluis.com\/#\/schema\/person\/image\/"},"sameAs":["https:\/\/apuntesdesanluis.com"],"url":"https:\/\/apuntesdesanluis.com\/index.php\/author\/apuntesdesanluis-com\/"}]}},"featured_image_urls":{"full":["https:\/\/apuntesdesanluis.com\/wp-content\/uploads\/2024\/08\/lemoine-y-villarruel.png",700,361,false],"thumbnail":["https:\/\/apuntesdesanluis.com\/wp-content\/uploads\/2024\/08\/lemoine-y-villarruel-150x150.png",150,150,true],"medium":["https:\/\/apuntesdesanluis.com\/wp-content\/uploads\/2024\/08\/lemoine-y-villarruel-300x155.png",300,155,true],"medium_large":["https:\/\/apuntesdesanluis.com\/wp-content\/uploads\/2024\/08\/lemoine-y-villarruel.png",640,330,false],"large":["https:\/\/apuntesdesanluis.com\/wp-content\/uploads\/2024\/08\/lemoine-y-villarruel.png",640,330,false],"1536x1536":["https:\/\/apuntesdesanluis.com\/wp-content\/uploads\/2024\/08\/lemoine-y-villarruel.png",700,361,false],"2048x2048":["https:\/\/apuntesdesanluis.com\/wp-content\/uploads\/2024\/08\/lemoine-y-villarruel.png",700,361,false],"newsever-slider-full":["https:\/\/apuntesdesanluis.com\/wp-content\/uploads\/2024\/08\/lemoine-y-villarruel.png",700,361,false],"newsever-featured":["https:\/\/apuntesdesanluis.com\/wp-content\/uploads\/2024\/08\/lemoine-y-villarruel.png",700,361,false],"newsever-medium":["https:\/\/apuntesdesanluis.com\/wp-content\/uploads\/2024\/08\/lemoine-y-villarruel.png",700,361,false]},"author_info":{"display_name":"apuntesdesanluis.com","author_link":"https:\/\/apuntesdesanluis.com\/index.php\/author\/apuntesdesanluis-com\/"},"category_info":"<a href=\"https:\/\/apuntesdesanluis.com\/index.php\/category\/nacionales-internacionales\/\" rel=\"category tag\">Nacionales\/Internacionales<\/a>","tag_info":"Nacionales\/Internacionales","comment_count":"0","_links":{"self":[{"href":"https:\/\/apuntesdesanluis.com\/index.php\/wp-json\/wp\/v2\/posts\/21608","targetHints":{"allow":["GET"]}}],"collection":[{"href":"https:\/\/apuntesdesanluis.com\/index.php\/wp-json\/wp\/v2\/posts"}],"about":[{"href":"https:\/\/apuntesdesanluis.com\/index.php\/wp-json\/wp\/v2\/types\/post"}],"author":[{"embeddable":true,"href":"https:\/\/apuntesdesanluis.com\/index.php\/wp-json\/wp\/v2\/users\/1"}],"replies":[{"embeddable":true,"href":"https:\/\/apuntesdesanluis.com\/index.php\/wp-json\/wp\/v2\/comments?post=21608"}],"version-history":[{"count":2,"href":"https:\/\/apuntesdesanluis.com\/index.php\/wp-json\/wp\/v2\/posts\/21608\/revisions"}],"predecessor-version":[{"id":21611,"href":"https:\/\/apuntesdesanluis.com\/index.php\/wp-json\/wp\/v2\/posts\/21608\/revisions\/21611"}],"wp:featuredmedia":[{"embeddable":true,"href":"https:\/\/apuntesdesanluis.com\/index.php\/wp-json\/wp\/v2\/media\/21610"}],"wp:attachment":[{"href":"https:\/\/apuntesdesanluis.com\/index.php\/wp-json\/wp\/v2\/media?parent=21608"}],"wp:term":[{"taxonomy":"category","embeddable":true,"href":"https:\/\/apuntesdesanluis.com\/index.php\/wp-json\/wp\/v2\/categories?post=21608"},{"taxonomy":"post_tag","embeddable":true,"href":"https:\/\/apuntesdesanluis.com\/index.php\/wp-json\/wp\/v2\/tags?post=21608"}],"curies":[{"name":"wp","href":"https:\/\/api.w.org\/{rel}","templated":true}]}}