{"id":2161,"date":"2023-08-27T18:13:50","date_gmt":"2023-08-27T21:13:50","guid":{"rendered":"https:\/\/apuntesdesanluis.com\/?p=2161"},"modified":"2023-08-27T18:13:50","modified_gmt":"2023-08-27T21:13:50","slug":"presentaran-muestra-fotografica-en-homenaje-a-los-40-anos-de-democracia","status":"publish","type":"post","link":"https:\/\/apuntesdesanluis.com\/index.php\/2023\/08\/27\/presentaran-muestra-fotografica-en-homenaje-a-los-40-anos-de-democracia\/","title":{"rendered":"PRESENTAR\u00c1N MUESTRA FOTOGR\u00c1FICA EN HOMENAJE A LOS 40 A\u00d1OS DE DEMOCRACIA"},"content":{"rendered":"<h3 class=\"yiv7409174924ydp6329976emsonormal\" style=\"background: white;\"><span style=\"font-size: 14.0pt; font-family: 'Arial','sans-serif'; color: #1d2228;\">En el marco del 50 aniversario de la <strong>Universidad Nacional de San Luis<\/strong> (UNSL) y los 40 a\u00f1os de democracia, se realizar\u00e1 la jornada <strong>Eduardo Longoni<\/strong>, hacedor de historias. El periodismo y la fotograf\u00eda en la construcci\u00f3n de la memoria colectiva. Las actividades previstas se desarrollar\u00e1n los d\u00edas 30 y 31 de agosto.<\/span><\/h3>\n<h3 class=\"yiv7409174924ydp6329976emsonormal\" style=\"background: white;\"><span style=\"font-size: 14.0pt; font-family: 'Arial','sans-serif'; color: #1d2228;\">Este encuentro es organizado desde el Taller de Fotoperiodismo de la Licenciatura en Periodismo UNSL, el Departamento de Comunicaci\u00f3n de la Facultad de Ciencias Humanas (FCH) y la Secretar\u00eda de Comunicaci\u00f3n Institucional de la UNSL. El objetivo es promover el debate y la reflexi\u00f3n en torno a la relevancia del fotoperiodismo en la construcci\u00f3n de la memoria colectiva.<\/span><\/h3>\n<h3 class=\"yiv7409174924ydp6329976emsonormal\" style=\"background: white;\"><span style=\"font-size: 14.0pt; font-family: 'Arial','sans-serif'; color: #1d2228;\">La Mgtr. <strong>Florencia Cacace<\/strong>, docente responsable del Taller de Fotoperiodismo, expres\u00f3 que es sumamente importante generar espacios de reflexi\u00f3n y debate relacionados con la fotograf\u00eda y el periodismo en la universidad p\u00fablica, como un modo de abordar los acontecimientos hist\u00f3ricos. \u00abNos ayuda a comprender el pasado y el presente, en definitiva, la historia y la cultura de una sociedad\u00bb, dijo la especialista.<\/span><\/h3>\n<h3 class=\"yiv7409174924ydp6329976emsonormal\" style=\"background: white;\"><span style=\"font-size: 14.0pt; font-family: 'Arial','sans-serif'; color: #1d2228;\">Adem\u00e1s, Cacace coment\u00f3 que desde el equipo de la asignatura comparten el inter\u00e9s de brindar estas experiencias a estudiantes de las tres (3) carreras de Comunicaci\u00f3n y de la Tecnicatura en Fotograf\u00eda, vinculadas con las posibilidades de aprobaci\u00f3n de proyectos documentales en organismos oficiales, como el Instituto Nacional de Cine y Artes Audiovisuales (INCAA).<\/span><\/h3>\n<h3 class=\"yiv7409174924ydp6329976emsonormal\" style=\"background: white;\"><span style=\"font-size: 14.0pt; font-family: 'Arial','sans-serif'; color: #1d2228;\">Para esa ocasi\u00f3n, estar\u00e1n presentes <strong>Eduardo Longoni<\/strong> y el director cinematogr\u00e1fico, <strong>Santiago Nacif<\/strong>, uno de los directores del documental Una mirada honesta, sobre la vida de este fotoperiodista. Este film fue ganador del Concurso Federal Incubadora 2019 del INCAA.<\/span><\/h3>\n<h3 class=\"yiv7409174924ydp6329976emsonormal\" style=\"background: white;\"><span style=\"font-size: 14.0pt; font-family: 'Arial','sans-serif'; color: #1d2228;\">Con m\u00e1s de 40 a\u00f1os de profesi\u00f3n, las fotograf\u00edas de Longoni est\u00e1n inscriptas en la memoria colectiva, contribuyeron al fortalecimiento de la democracia en Argentina y se convirtieron en s\u00edmbolo de la lucha contra la dictadura militar y la defensa de los derechos humanos.<\/span><\/h3>\n<h3 class=\"yiv7409174924ydp6329976emsonormal\" style=\"background: white;\"><span style=\"font-size: 14.0pt; font-family: 'Arial','sans-serif'; color: #1d2228;\">En ese sentido, la docente de la FCH cit\u00f3 la palabra de <strong>Vicente Muleiro<\/strong> acerca de estas fotograf\u00edas: \u00abSe trata de fotoperiodismo, de algunas de las obras que arman la iconograf\u00eda de una \u00e9poca en nuestro pa\u00eds. Revisit\u00e1ndolas nos reencontramos con las sensaciones abismales de aquella primera vez, con la angustia, con el dolor, con un inevitable miedo porque constatamos la recurrencia de una vida pol\u00edtica que con excesiva frecuencia se dispara siempre desde las mismas manos, siempre en contra de los mismos\u00bb.<\/span><\/h3>\n<h3 class=\"yiv7409174924ydp6329976emsonormal\" style=\"background: white;\"><span style=\"font-size: 14.0pt; font-family: 'Arial','sans-serif'; color: #1d2228;\">ACTIVIDADES PREVISTAS<\/span><\/h3>\n<h3 class=\"yiv7409174924ydp6329976emsonormal\" style=\"background: white;\"><span style=\"font-size: 14.0pt; font-family: 'Arial','sans-serif'; color: #1d2228;\">El mi\u00e9rcoles 30 de agosto a las 16:00 horas se inaugurar\u00e1 la muestra fotogr\u00e1fica Violencias. Ser\u00e1 en el Hall de Exposiciones del Centro Cultural UNSL y tendr\u00e1 como invitado a su autor, el fot\u00f3grafo Eduardo Longoni. Ese mismo d\u00eda, a las 16:30 horas, el Lic. Santiago Nacif brindar\u00e1 el coloquio No morir en el intento \u00bfC\u00f3mo postularse en el INCAA para la aprobaci\u00f3n de un proyecto documental?, en el aula 43 de Posgrado de la FCH.<\/span><\/h3>\n<h3 class=\"yiv7409174924ydp6329976emsonormal\" style=\"background: white;\"><span style=\"font-size: 14.0pt; font-family: 'Arial','sans-serif'; color: #1d2228;\">El jueves 31 de agosto a partir de las 16:00 horas se proyectar\u00e1 el documental Una mirada honesta en el Microcine de la UNSL. La jornada finalizar\u00e1 con una charla con ambos invitados.<\/span><\/h3>\n","protected":false},"excerpt":{"rendered":"<p>En el marco del 50 aniversario de la Universidad Nacional de San Luis (UNSL) y&#8230;<\/p>\n","protected":false},"author":1,"featured_media":2162,"comment_status":"closed","ping_status":"closed","sticky":false,"template":"","format":"standard","meta":{"footnotes":""},"categories":[6],"tags":[],"class_list":["post-2161","post","type-post","status-publish","format-standard","has-post-thumbnail","hentry","category-ciudad-provincia"],"yoast_head":"<!-- This site is optimized with the Yoast SEO plugin v26.1.1 - https:\/\/yoast.com\/wordpress\/plugins\/seo\/ -->\n<title>PRESENTAR\u00c1N MUESTRA FOTOGR\u00c1FICA EN HOMENAJE A LOS 40 A\u00d1OS DE DEMOCRACIA - Apuntes de San Luis<\/title>\n<meta name=\"robots\" content=\"index, follow, max-snippet:-1, max-image-preview:large, max-video-preview:-1\" \/>\n<link rel=\"canonical\" href=\"https:\/\/apuntesdesanluis.com\/index.php\/2023\/08\/27\/presentaran-muestra-fotografica-en-homenaje-a-los-40-anos-de-democracia\/\" \/>\n<meta property=\"og:locale\" content=\"es_ES\" \/>\n<meta property=\"og:type\" content=\"article\" \/>\n<meta property=\"og:title\" content=\"PRESENTAR\u00c1N MUESTRA FOTOGR\u00c1FICA EN HOMENAJE A LOS 40 A\u00d1OS DE DEMOCRACIA - Apuntes de San Luis\" \/>\n<meta property=\"og:description\" content=\"En el marco del 50 aniversario de la Universidad Nacional de San Luis (UNSL) y...\" \/>\n<meta property=\"og:url\" content=\"https:\/\/apuntesdesanluis.com\/index.php\/2023\/08\/27\/presentaran-muestra-fotografica-en-homenaje-a-los-40-anos-de-democracia\/\" \/>\n<meta property=\"og:site_name\" content=\"Apuntes de San Luis\" \/>\n<meta property=\"article:published_time\" content=\"2023-08-27T21:13:50+00:00\" \/>\n<meta property=\"og:image\" content=\"https:\/\/apuntesdesanluis.com\/wp-content\/uploads\/2023\/08\/madre-del-dolor.png\" \/>\n\t<meta property=\"og:image:width\" content=\"679\" \/>\n\t<meta property=\"og:image:height\" content=\"398\" \/>\n\t<meta property=\"og:image:type\" content=\"image\/png\" \/>\n<meta name=\"author\" content=\"apuntesdesanluis.com\" \/>\n<meta name=\"twitter:card\" content=\"summary_large_image\" \/>\n<meta name=\"twitter:label1\" content=\"Escrito por\" \/>\n\t<meta name=\"twitter:data1\" content=\"apuntesdesanluis.com\" \/>\n\t<meta name=\"twitter:label2\" content=\"Tiempo de lectura\" \/>\n\t<meta name=\"twitter:data2\" content=\"3 minutos\" \/>\n<script type=\"application\/ld+json\" class=\"yoast-schema-graph\">{\"@context\":\"https:\/\/schema.org\",\"@graph\":[{\"@type\":\"Article\",\"@id\":\"https:\/\/apuntesdesanluis.com\/index.php\/2023\/08\/27\/presentaran-muestra-fotografica-en-homenaje-a-los-40-anos-de-democracia\/#article\",\"isPartOf\":{\"@id\":\"https:\/\/apuntesdesanluis.com\/index.php\/2023\/08\/27\/presentaran-muestra-fotografica-en-homenaje-a-los-40-anos-de-democracia\/\"},\"author\":{\"name\":\"apuntesdesanluis.com\",\"@id\":\"https:\/\/apuntesdesanluis.com\/#\/schema\/person\/b55151d52296fcce64d1a72538a70b90\"},\"headline\":\"PRESENTAR\u00c1N MUESTRA FOTOGR\u00c1FICA EN HOMENAJE A LOS 40 A\u00d1OS DE DEMOCRACIA\",\"datePublished\":\"2023-08-27T21:13:50+00:00\",\"mainEntityOfPage\":{\"@id\":\"https:\/\/apuntesdesanluis.com\/index.php\/2023\/08\/27\/presentaran-muestra-fotografica-en-homenaje-a-los-40-anos-de-democracia\/\"},\"wordCount\":543,\"publisher\":{\"@id\":\"https:\/\/apuntesdesanluis.com\/#\/schema\/person\/b55151d52296fcce64d1a72538a70b90\"},\"image\":{\"@id\":\"https:\/\/apuntesdesanluis.com\/index.php\/2023\/08\/27\/presentaran-muestra-fotografica-en-homenaje-a-los-40-anos-de-democracia\/#primaryimage\"},\"thumbnailUrl\":\"https:\/\/apuntesdesanluis.com\/wp-content\/uploads\/2023\/08\/madre-del-dolor.png\",\"articleSection\":[\"Ciudad\/Provincia\"],\"inLanguage\":\"es-AR\"},{\"@type\":\"WebPage\",\"@id\":\"https:\/\/apuntesdesanluis.com\/index.php\/2023\/08\/27\/presentaran-muestra-fotografica-en-homenaje-a-los-40-anos-de-democracia\/\",\"url\":\"https:\/\/apuntesdesanluis.com\/index.php\/2023\/08\/27\/presentaran-muestra-fotografica-en-homenaje-a-los-40-anos-de-democracia\/\",\"name\":\"PRESENTAR\u00c1N MUESTRA FOTOGR\u00c1FICA EN HOMENAJE A LOS 40 A\u00d1OS DE DEMOCRACIA - Apuntes de San Luis\",\"isPartOf\":{\"@id\":\"https:\/\/apuntesdesanluis.com\/#website\"},\"primaryImageOfPage\":{\"@id\":\"https:\/\/apuntesdesanluis.com\/index.php\/2023\/08\/27\/presentaran-muestra-fotografica-en-homenaje-a-los-40-anos-de-democracia\/#primaryimage\"},\"image\":{\"@id\":\"https:\/\/apuntesdesanluis.com\/index.php\/2023\/08\/27\/presentaran-muestra-fotografica-en-homenaje-a-los-40-anos-de-democracia\/#primaryimage\"},\"thumbnailUrl\":\"https:\/\/apuntesdesanluis.com\/wp-content\/uploads\/2023\/08\/madre-del-dolor.png\",\"datePublished\":\"2023-08-27T21:13:50+00:00\",\"breadcrumb\":{\"@id\":\"https:\/\/apuntesdesanluis.com\/index.php\/2023\/08\/27\/presentaran-muestra-fotografica-en-homenaje-a-los-40-anos-de-democracia\/#breadcrumb\"},\"inLanguage\":\"es-AR\",\"potentialAction\":[{\"@type\":\"ReadAction\",\"target\":[\"https:\/\/apuntesdesanluis.com\/index.php\/2023\/08\/27\/presentaran-muestra-fotografica-en-homenaje-a-los-40-anos-de-democracia\/\"]}]},{\"@type\":\"ImageObject\",\"inLanguage\":\"es-AR\",\"@id\":\"https:\/\/apuntesdesanluis.com\/index.php\/2023\/08\/27\/presentaran-muestra-fotografica-en-homenaje-a-los-40-anos-de-democracia\/#primaryimage\",\"url\":\"https:\/\/apuntesdesanluis.com\/wp-content\/uploads\/2023\/08\/madre-del-dolor.png\",\"contentUrl\":\"https:\/\/apuntesdesanluis.com\/wp-content\/uploads\/2023\/08\/madre-del-dolor.png\",\"width\":679,\"height\":398},{\"@type\":\"BreadcrumbList\",\"@id\":\"https:\/\/apuntesdesanluis.com\/index.php\/2023\/08\/27\/presentaran-muestra-fotografica-en-homenaje-a-los-40-anos-de-democracia\/#breadcrumb\",\"itemListElement\":[{\"@type\":\"ListItem\",\"position\":1,\"name\":\"Inicio\",\"item\":\"https:\/\/apuntesdesanluis.com\/\"},{\"@type\":\"ListItem\",\"position\":2,\"name\":\"PRESENTAR\u00c1N MUESTRA FOTOGR\u00c1FICA EN HOMENAJE A LOS 40 A\u00d1OS DE DEMOCRACIA\"}]},{\"@type\":\"WebSite\",\"@id\":\"https:\/\/apuntesdesanluis.com\/#website\",\"url\":\"https:\/\/apuntesdesanluis.com\/\",\"name\":\"Apuntes de San Luis\",\"description\":\"\",\"publisher\":{\"@id\":\"https:\/\/apuntesdesanluis.com\/#\/schema\/person\/b55151d52296fcce64d1a72538a70b90\"},\"potentialAction\":[{\"@type\":\"SearchAction\",\"target\":{\"@type\":\"EntryPoint\",\"urlTemplate\":\"https:\/\/apuntesdesanluis.com\/?s={search_term_string}\"},\"query-input\":{\"@type\":\"PropertyValueSpecification\",\"valueRequired\":true,\"valueName\":\"search_term_string\"}}],\"inLanguage\":\"es-AR\"},{\"@type\":[\"Person\",\"Organization\"],\"@id\":\"https:\/\/apuntesdesanluis.com\/#\/schema\/person\/b55151d52296fcce64d1a72538a70b90\",\"name\":\"apuntesdesanluis.com\",\"image\":{\"@type\":\"ImageObject\",\"inLanguage\":\"es-AR\",\"@id\":\"https:\/\/apuntesdesanluis.com\/#\/schema\/person\/image\/\",\"url\":\"https:\/\/apuntesdesanluis.com\/wp-content\/uploads\/2023\/07\/cropped-apuntesdesanluis.png\",\"contentUrl\":\"https:\/\/apuntesdesanluis.com\/wp-content\/uploads\/2023\/07\/cropped-apuntesdesanluis.png\",\"width\":450,\"height\":112,\"caption\":\"apuntesdesanluis.com\"},\"logo\":{\"@id\":\"https:\/\/apuntesdesanluis.com\/#\/schema\/person\/image\/\"},\"sameAs\":[\"https:\/\/apuntesdesanluis.com\"],\"url\":\"https:\/\/apuntesdesanluis.com\/index.php\/author\/apuntesdesanluis-com\/\"}]}<\/script>\n<!-- \/ Yoast SEO plugin. -->","yoast_head_json":{"title":"PRESENTAR\u00c1N MUESTRA FOTOGR\u00c1FICA EN HOMENAJE A LOS 40 A\u00d1OS DE DEMOCRACIA - Apuntes de San Luis","robots":{"index":"index","follow":"follow","max-snippet":"max-snippet:-1","max-image-preview":"max-image-preview:large","max-video-preview":"max-video-preview:-1"},"canonical":"https:\/\/apuntesdesanluis.com\/index.php\/2023\/08\/27\/presentaran-muestra-fotografica-en-homenaje-a-los-40-anos-de-democracia\/","og_locale":"es_ES","og_type":"article","og_title":"PRESENTAR\u00c1N MUESTRA FOTOGR\u00c1FICA EN HOMENAJE A LOS 40 A\u00d1OS DE DEMOCRACIA - Apuntes de San Luis","og_description":"En el marco del 50 aniversario de la Universidad Nacional de San Luis (UNSL) y...","og_url":"https:\/\/apuntesdesanluis.com\/index.php\/2023\/08\/27\/presentaran-muestra-fotografica-en-homenaje-a-los-40-anos-de-democracia\/","og_site_name":"Apuntes de San Luis","article_published_time":"2023-08-27T21:13:50+00:00","og_image":[{"width":679,"height":398,"url":"https:\/\/apuntesdesanluis.com\/wp-content\/uploads\/2023\/08\/madre-del-dolor.png","type":"image\/png"}],"author":"apuntesdesanluis.com","twitter_card":"summary_large_image","twitter_misc":{"Escrito por":"apuntesdesanluis.com","Tiempo de lectura":"3 minutos"},"schema":{"@context":"https:\/\/schema.org","@graph":[{"@type":"Article","@id":"https:\/\/apuntesdesanluis.com\/index.php\/2023\/08\/27\/presentaran-muestra-fotografica-en-homenaje-a-los-40-anos-de-democracia\/#article","isPartOf":{"@id":"https:\/\/apuntesdesanluis.com\/index.php\/2023\/08\/27\/presentaran-muestra-fotografica-en-homenaje-a-los-40-anos-de-democracia\/"},"author":{"name":"apuntesdesanluis.com","@id":"https:\/\/apuntesdesanluis.com\/#\/schema\/person\/b55151d52296fcce64d1a72538a70b90"},"headline":"PRESENTAR\u00c1N MUESTRA FOTOGR\u00c1FICA EN HOMENAJE A LOS 40 A\u00d1OS DE DEMOCRACIA","datePublished":"2023-08-27T21:13:50+00:00","mainEntityOfPage":{"@id":"https:\/\/apuntesdesanluis.com\/index.php\/2023\/08\/27\/presentaran-muestra-fotografica-en-homenaje-a-los-40-anos-de-democracia\/"},"wordCount":543,"publisher":{"@id":"https:\/\/apuntesdesanluis.com\/#\/schema\/person\/b55151d52296fcce64d1a72538a70b90"},"image":{"@id":"https:\/\/apuntesdesanluis.com\/index.php\/2023\/08\/27\/presentaran-muestra-fotografica-en-homenaje-a-los-40-anos-de-democracia\/#primaryimage"},"thumbnailUrl":"https:\/\/apuntesdesanluis.com\/wp-content\/uploads\/2023\/08\/madre-del-dolor.png","articleSection":["Ciudad\/Provincia"],"inLanguage":"es-AR"},{"@type":"WebPage","@id":"https:\/\/apuntesdesanluis.com\/index.php\/2023\/08\/27\/presentaran-muestra-fotografica-en-homenaje-a-los-40-anos-de-democracia\/","url":"https:\/\/apuntesdesanluis.com\/index.php\/2023\/08\/27\/presentaran-muestra-fotografica-en-homenaje-a-los-40-anos-de-democracia\/","name":"PRESENTAR\u00c1N MUESTRA FOTOGR\u00c1FICA EN HOMENAJE A LOS 40 A\u00d1OS DE DEMOCRACIA - Apuntes de San Luis","isPartOf":{"@id":"https:\/\/apuntesdesanluis.com\/#website"},"primaryImageOfPage":{"@id":"https:\/\/apuntesdesanluis.com\/index.php\/2023\/08\/27\/presentaran-muestra-fotografica-en-homenaje-a-los-40-anos-de-democracia\/#primaryimage"},"image":{"@id":"https:\/\/apuntesdesanluis.com\/index.php\/2023\/08\/27\/presentaran-muestra-fotografica-en-homenaje-a-los-40-anos-de-democracia\/#primaryimage"},"thumbnailUrl":"https:\/\/apuntesdesanluis.com\/wp-content\/uploads\/2023\/08\/madre-del-dolor.png","datePublished":"2023-08-27T21:13:50+00:00","breadcrumb":{"@id":"https:\/\/apuntesdesanluis.com\/index.php\/2023\/08\/27\/presentaran-muestra-fotografica-en-homenaje-a-los-40-anos-de-democracia\/#breadcrumb"},"inLanguage":"es-AR","potentialAction":[{"@type":"ReadAction","target":["https:\/\/apuntesdesanluis.com\/index.php\/2023\/08\/27\/presentaran-muestra-fotografica-en-homenaje-a-los-40-anos-de-democracia\/"]}]},{"@type":"ImageObject","inLanguage":"es-AR","@id":"https:\/\/apuntesdesanluis.com\/index.php\/2023\/08\/27\/presentaran-muestra-fotografica-en-homenaje-a-los-40-anos-de-democracia\/#primaryimage","url":"https:\/\/apuntesdesanluis.com\/wp-content\/uploads\/2023\/08\/madre-del-dolor.png","contentUrl":"https:\/\/apuntesdesanluis.com\/wp-content\/uploads\/2023\/08\/madre-del-dolor.png","width":679,"height":398},{"@type":"BreadcrumbList","@id":"https:\/\/apuntesdesanluis.com\/index.php\/2023\/08\/27\/presentaran-muestra-fotografica-en-homenaje-a-los-40-anos-de-democracia\/#breadcrumb","itemListElement":[{"@type":"ListItem","position":1,"name":"Inicio","item":"https:\/\/apuntesdesanluis.com\/"},{"@type":"ListItem","position":2,"name":"PRESENTAR\u00c1N MUESTRA FOTOGR\u00c1FICA EN HOMENAJE A LOS 40 A\u00d1OS DE DEMOCRACIA"}]},{"@type":"WebSite","@id":"https:\/\/apuntesdesanluis.com\/#website","url":"https:\/\/apuntesdesanluis.com\/","name":"Apuntes de San Luis","description":"","publisher":{"@id":"https:\/\/apuntesdesanluis.com\/#\/schema\/person\/b55151d52296fcce64d1a72538a70b90"},"potentialAction":[{"@type":"SearchAction","target":{"@type":"EntryPoint","urlTemplate":"https:\/\/apuntesdesanluis.com\/?s={search_term_string}"},"query-input":{"@type":"PropertyValueSpecification","valueRequired":true,"valueName":"search_term_string"}}],"inLanguage":"es-AR"},{"@type":["Person","Organization"],"@id":"https:\/\/apuntesdesanluis.com\/#\/schema\/person\/b55151d52296fcce64d1a72538a70b90","name":"apuntesdesanluis.com","image":{"@type":"ImageObject","inLanguage":"es-AR","@id":"https:\/\/apuntesdesanluis.com\/#\/schema\/person\/image\/","url":"https:\/\/apuntesdesanluis.com\/wp-content\/uploads\/2023\/07\/cropped-apuntesdesanluis.png","contentUrl":"https:\/\/apuntesdesanluis.com\/wp-content\/uploads\/2023\/07\/cropped-apuntesdesanluis.png","width":450,"height":112,"caption":"apuntesdesanluis.com"},"logo":{"@id":"https:\/\/apuntesdesanluis.com\/#\/schema\/person\/image\/"},"sameAs":["https:\/\/apuntesdesanluis.com"],"url":"https:\/\/apuntesdesanluis.com\/index.php\/author\/apuntesdesanluis-com\/"}]}},"featured_image_urls":{"full":["https:\/\/apuntesdesanluis.com\/wp-content\/uploads\/2023\/08\/madre-del-dolor.png",679,398,false],"thumbnail":["https:\/\/apuntesdesanluis.com\/wp-content\/uploads\/2023\/08\/madre-del-dolor-150x150.png",150,150,true],"medium":["https:\/\/apuntesdesanluis.com\/wp-content\/uploads\/2023\/08\/madre-del-dolor-300x176.png",300,176,true],"medium_large":["https:\/\/apuntesdesanluis.com\/wp-content\/uploads\/2023\/08\/madre-del-dolor.png",640,375,false],"large":["https:\/\/apuntesdesanluis.com\/wp-content\/uploads\/2023\/08\/madre-del-dolor.png",640,375,false],"1536x1536":["https:\/\/apuntesdesanluis.com\/wp-content\/uploads\/2023\/08\/madre-del-dolor.png",679,398,false],"2048x2048":["https:\/\/apuntesdesanluis.com\/wp-content\/uploads\/2023\/08\/madre-del-dolor.png",679,398,false],"newsever-slider-full":["https:\/\/apuntesdesanluis.com\/wp-content\/uploads\/2023\/08\/madre-del-dolor.png",679,398,false],"newsever-featured":["https:\/\/apuntesdesanluis.com\/wp-content\/uploads\/2023\/08\/madre-del-dolor.png",679,398,false],"newsever-medium":["https:\/\/apuntesdesanluis.com\/wp-content\/uploads\/2023\/08\/madre-del-dolor.png",679,398,false]},"author_info":{"display_name":"apuntesdesanluis.com","author_link":"https:\/\/apuntesdesanluis.com\/index.php\/author\/apuntesdesanluis-com\/"},"category_info":"<a href=\"https:\/\/apuntesdesanluis.com\/index.php\/category\/ciudad-provincia\/\" rel=\"category tag\">Ciudad\/Provincia<\/a>","tag_info":"Ciudad\/Provincia","comment_count":"0","_links":{"self":[{"href":"https:\/\/apuntesdesanluis.com\/index.php\/wp-json\/wp\/v2\/posts\/2161","targetHints":{"allow":["GET"]}}],"collection":[{"href":"https:\/\/apuntesdesanluis.com\/index.php\/wp-json\/wp\/v2\/posts"}],"about":[{"href":"https:\/\/apuntesdesanluis.com\/index.php\/wp-json\/wp\/v2\/types\/post"}],"author":[{"embeddable":true,"href":"https:\/\/apuntesdesanluis.com\/index.php\/wp-json\/wp\/v2\/users\/1"}],"replies":[{"embeddable":true,"href":"https:\/\/apuntesdesanluis.com\/index.php\/wp-json\/wp\/v2\/comments?post=2161"}],"version-history":[{"count":1,"href":"https:\/\/apuntesdesanluis.com\/index.php\/wp-json\/wp\/v2\/posts\/2161\/revisions"}],"predecessor-version":[{"id":2163,"href":"https:\/\/apuntesdesanluis.com\/index.php\/wp-json\/wp\/v2\/posts\/2161\/revisions\/2163"}],"wp:featuredmedia":[{"embeddable":true,"href":"https:\/\/apuntesdesanluis.com\/index.php\/wp-json\/wp\/v2\/media\/2162"}],"wp:attachment":[{"href":"https:\/\/apuntesdesanluis.com\/index.php\/wp-json\/wp\/v2\/media?parent=2161"}],"wp:term":[{"taxonomy":"category","embeddable":true,"href":"https:\/\/apuntesdesanluis.com\/index.php\/wp-json\/wp\/v2\/categories?post=2161"},{"taxonomy":"post_tag","embeddable":true,"href":"https:\/\/apuntesdesanluis.com\/index.php\/wp-json\/wp\/v2\/tags?post=2161"}],"curies":[{"name":"wp","href":"https:\/\/api.w.org\/{rel}","templated":true}]}}