{"id":21622,"date":"2024-09-01T11:40:11","date_gmt":"2024-09-01T14:40:11","guid":{"rendered":"https:\/\/apuntesdesanluis.com\/?p=21622"},"modified":"2024-09-01T11:42:55","modified_gmt":"2024-09-01T14:42:55","slug":"exclusivo-el-sindicato-de-obras-sanitarias-le-gano-historica-demanda-al-municipio-de-justo-daract","status":"publish","type":"post","link":"https:\/\/apuntesdesanluis.com\/index.php\/2024\/09\/01\/exclusivo-el-sindicato-de-obras-sanitarias-le-gano-historica-demanda-al-municipio-de-justo-daract\/","title":{"rendered":"EXCLUSIVO: EL SINDICATO DE OBRAS SANITARIAS LE GAN\u00d3 HIST\u00d3RICA DEMANDA AL MUNICIPIO DE JUSTO DARACT"},"content":{"rendered":"<h3>El <strong>Superior Tribunal de Justicia<\/strong> de la Provincia de San Luis dict\u00f3 una hist\u00f3rica sentencia en el caso \u201cSindicato de Trabajadores de Obras Sanitarias Mercedes y Justo Daract c\/ Obras Sanitarias de Justo Daract y\/o Municipalidad de Justo Daract &#8211; Demanda de Inconstitucionalidad\u201d.<\/h3>\n<h3>En di\u00e1logo con <span style=\"color: #3366ff;\">Apuntes de San Luis<\/span>, el Secretario General del gremio, <strong>Jos\u00e9 Ucelay<\/strong>, indic\u00f3 que \u201cla controversia se inici\u00f3 en el a\u00f1o 2020, a partir de que el gobierno provincial resolvi\u00f3 un aumento salarial a empleados p\u00fablicos y a trabajadores de Obras Sanitarias, pero el Concejo Deliberante no lo autoriz\u00f3 y en cambio aprob\u00f3 una ordenanza que incluy\u00f3 a nuestros afiliados en el escalaf\u00f3n de empleados municipales desconociendo nuestro convenio colectivo\u201d.<\/h3>\n<p><img fetchpriority=\"high\" decoding=\"async\" class=\"wp-image-17995 aligncenter\" src=\"https:\/\/apuntesdesanluis.com\/wp-content\/uploads\/2024\/06\/jose-ucelay-300x169.png\" alt=\"\" width=\"547\" height=\"308\" srcset=\"https:\/\/apuntesdesanluis.com\/wp-content\/uploads\/2024\/06\/jose-ucelay-300x169.png 300w, https:\/\/apuntesdesanluis.com\/wp-content\/uploads\/2024\/06\/jose-ucelay-768x433.png 768w, https:\/\/apuntesdesanluis.com\/wp-content\/uploads\/2024\/06\/jose-ucelay.png 870w\" sizes=\"(max-width: 547px) 100vw, 547px\" \/><\/p>\n<h3>\u201cHace ya cuatro a\u00f1os que comenzamos nuestro reclamo, primero administrativo, despu\u00e9s ante Relaciones Laborales y finalmente en la justicia. Hasta que fel\u00edzmente el m\u00e1ximo \u00f3rgano de justicia de la provincia acaba de darnos la raz\u00f3n. Esto marca por un lado que los resortes judiciales funcionan. Pero adem\u00e1s, que no se puede actuar con arbitrariedad y autoritarismo, vulnerando los derechos adquiridos de los trabajadores\u201d, enfatiz\u00f3.<\/h3>\n<h3>En una decisi\u00f3n que marca un precedente significativo en el \u00e1mbito laboral y administrativo, el tribunal declar\u00f3 el pasado mi\u00e9rcoles 28 la inconstitucionalidad de la Ordenanza Municipal N\u00b0 326-R02-HCD-2021.<\/h3>\n<h3><strong>EL CASO<\/strong><\/h3>\n<h3>La demanda fue presentada por el Sindicato de Trabajadores de Obras Sanitarias Mercedes y Justo Daract, representado por el Dr. Ariel Cardoso, quien argument\u00f3 que la Ordenanza Municipal N\u00b0 326-R02-HCD-2021 violaba derechos y garant\u00edas consagrados en la Constituci\u00f3n Nacional y la Constituci\u00f3n de la Provincia de San Luis, as\u00ed como en pactos y tratados internacionales.<\/h3>\n<h3>La normativa en cuesti\u00f3n hab\u00eda sido sancionada por la Municipalidad de Justo Daract para ajustar las categor\u00edas laborales de los trabajadores del servicio de agua y cloacas, integr\u00e1ndolos al estatuto del empleado p\u00fablico provincial y estableciendo un complemento no remunerativo para compensar diferencias salariales.<\/h3>\n<h3><strong>ARGUMENTOS DEL SINDICATO<\/strong><\/h3>\n<h3>El sindicato aleg\u00f3 que la ordenanza resultaba manifiestamente inconstitucional ya que vulneraba principios laborales fundamentales como el principio protectorio, el de irrenunciabilidad y el de la condici\u00f3n m\u00e1s beneficiosa.<\/h3>\n<h3>Seg\u00fan la demanda, la adecuaci\u00f3n de los trabajadores a la categor\u00eda de empleados p\u00fablicos, en lugar de mantener su r\u00e9gimen bajo el Convenio Colectivo de Trabajo N\u00b0 57\/75, implicar\u00eda una disminuci\u00f3n en sus derechos y condiciones laborales, afectando su calidad de vida y estabilidad laboral.<\/h3>\n<h3><strong>DEFENSA DE LA MUNICIPALIDAD<\/strong><\/h3>\n<h3>Por su parte, la defensa de la Municipalidad, encabezada por la Dra. Virginia Aguilera, argument\u00f3 que el convenio colectivo N\u00b0 57\/75 no era aplicable debido a que los trabajadores ya no estaban vinculados a la empresa nacional de Obras Sanitarias, sino que su relaci\u00f3n laboral estaba ahora con el municipio.<\/h3>\n<h3>La defensa sostuvo que la Ordenanza respond\u00eda a la necesidad de regularizar la situaci\u00f3n escalafonaria y equilibrar los salarios de los trabajadores, quienes percib\u00edan aumentos duplicados al estar sujetos a dos reg\u00edmenes distintos.<\/h3>\n<h3><strong>DECISI\u00d3N DEL TRIBUNAL<\/strong><\/h3>\n<h3>En su sentencia, el Superior Tribunal de Justicia, compuesto por los Dres. Eduardo Segundo Allende, Andrea Carolina Monte Riso, Jorge Alberto Levingston, Jos\u00e9 Guillermo L\u2019Huillier y Cecilia Chada, determin\u00f3 que la Ordenanza N\u00b0 326-R02-HCD-2021 era inconstitucional.<\/h3>\n<h3>El tribunal argument\u00f3 que la norma vulneraba principios fundamentales del derecho laboral y los derechos adquiridos por los trabajadores, estableciendo que la adaptaci\u00f3n a un nuevo r\u00e9gimen laboral no pod\u00eda resultar en una merma de las condiciones previamente establecidas.<\/h3>\n<h3>El tribunal tambi\u00e9n hizo hincapi\u00e9 en la doctrina de los derechos adquiridos y la necesidad de mantener la estabilidad y previsibilidad en las relaciones laborales. La sentencia concluye que la ordenanza contravino no solo las garant\u00edas constitucionales, sino tambi\u00e9n los principios establecidos por la legislaci\u00f3n laboral vigente.<\/h3>\n<h3><strong>IMPACTO Y REPERCUSIONES<\/strong><\/h3>\n<h3>Este fallo representa un importante respaldo a los derechos laborales de los trabajadores de Obras Sanitarias en Justo Daract y establece un precedente en la jurisprudencia laboral provincial. La decisi\u00f3n refuerza la protecci\u00f3n de los derechos adquiridos y subraya la importancia de respetar los acuerdos y convenios colectivos en vigor.<\/h3>\n<h3>La Municipalidad de Justo Daract deber\u00e1 revisar y adecuar su normativa de acuerdo con los principios establecidos por la sentencia, asegurando que no se vulneren los derechos de sus empleados y se respeten las garant\u00edas constitucionales y laborales.<\/h3>\n<h3>No se descarta que a partir de este fallo el Sindicato efect\u00fae una presentaci\u00f3n ante las autoridades municipales, para reclamar las diferencias salariales de los \u00faltimos cuatro a\u00f1os, que podr\u00eda alcanzar una cifra millonaria.<\/h3>\n<h3><\/h3>\n<h3>\u00a0Ver: <span style=\"color: #3366ff;\"><a style=\"color: #3366ff;\" href=\"https:\/\/apuntesdesanluis.com\/wp-content\/uploads\/2024\/08\/actuacion-15.pdf\"><strong>FALLO DEL S.T.J.<\/strong><\/a><\/span><\/h3>\n<h3><strong>\u00a0<\/strong><\/h3>\n<h3><strong>\u00a0<\/strong><\/h3>\n<p>&nbsp;<\/p>\n","protected":false},"excerpt":{"rendered":"<p>El Superior Tribunal de Justicia de la Provincia de San Luis dict\u00f3 una hist\u00f3rica sentencia&#8230;<\/p>\n","protected":false},"author":1,"featured_media":21623,"comment_status":"closed","ping_status":"closed","sticky":false,"template":"","format":"standard","meta":{"footnotes":""},"categories":[6],"tags":[],"class_list":["post-21622","post","type-post","status-publish","format-standard","has-post-thumbnail","hentry","category-ciudad-provincia"],"yoast_head":"<!-- This site is optimized with the Yoast SEO plugin v26.1.1 - https:\/\/yoast.com\/wordpress\/plugins\/seo\/ -->\n<title>EXCLUSIVO: EL SINDICATO DE OBRAS SANITARIAS LE GAN\u00d3 HIST\u00d3RICA DEMANDA AL MUNICIPIO DE JUSTO DARACT - Apuntes de San Luis<\/title>\n<meta name=\"robots\" content=\"index, follow, max-snippet:-1, max-image-preview:large, max-video-preview:-1\" \/>\n<link rel=\"canonical\" href=\"https:\/\/apuntesdesanluis.com\/index.php\/2024\/09\/01\/exclusivo-el-sindicato-de-obras-sanitarias-le-gano-historica-demanda-al-municipio-de-justo-daract\/\" \/>\n<meta property=\"og:locale\" content=\"es_ES\" \/>\n<meta property=\"og:type\" content=\"article\" \/>\n<meta property=\"og:title\" content=\"EXCLUSIVO: EL SINDICATO DE OBRAS SANITARIAS LE GAN\u00d3 HIST\u00d3RICA DEMANDA AL MUNICIPIO DE JUSTO DARACT - Apuntes de San Luis\" \/>\n<meta property=\"og:description\" content=\"El Superior Tribunal de Justicia de la Provincia de San Luis dict\u00f3 una hist\u00f3rica sentencia...\" \/>\n<meta property=\"og:url\" content=\"https:\/\/apuntesdesanluis.com\/index.php\/2024\/09\/01\/exclusivo-el-sindicato-de-obras-sanitarias-le-gano-historica-demanda-al-municipio-de-justo-daract\/\" \/>\n<meta property=\"og:site_name\" content=\"Apuntes de San Luis\" \/>\n<meta property=\"article:published_time\" content=\"2024-09-01T14:40:11+00:00\" \/>\n<meta property=\"article:modified_time\" content=\"2024-09-01T14:42:55+00:00\" \/>\n<meta property=\"og:image\" content=\"https:\/\/apuntesdesanluis.com\/wp-content\/uploads\/2024\/09\/mui.png\" \/>\n\t<meta property=\"og:image:width\" content=\"700\" \/>\n\t<meta property=\"og:image:height\" content=\"432\" \/>\n\t<meta property=\"og:image:type\" content=\"image\/png\" \/>\n<meta name=\"author\" content=\"apuntesdesanluis.com\" \/>\n<meta name=\"twitter:card\" content=\"summary_large_image\" \/>\n<meta name=\"twitter:label1\" content=\"Escrito por\" \/>\n\t<meta name=\"twitter:data1\" content=\"apuntesdesanluis.com\" \/>\n\t<meta name=\"twitter:label2\" content=\"Tiempo de lectura\" \/>\n\t<meta name=\"twitter:data2\" content=\"4 minutos\" \/>\n<script type=\"application\/ld+json\" class=\"yoast-schema-graph\">{\"@context\":\"https:\/\/schema.org\",\"@graph\":[{\"@type\":\"Article\",\"@id\":\"https:\/\/apuntesdesanluis.com\/index.php\/2024\/09\/01\/exclusivo-el-sindicato-de-obras-sanitarias-le-gano-historica-demanda-al-municipio-de-justo-daract\/#article\",\"isPartOf\":{\"@id\":\"https:\/\/apuntesdesanluis.com\/index.php\/2024\/09\/01\/exclusivo-el-sindicato-de-obras-sanitarias-le-gano-historica-demanda-al-municipio-de-justo-daract\/\"},\"author\":{\"name\":\"apuntesdesanluis.com\",\"@id\":\"https:\/\/apuntesdesanluis.com\/#\/schema\/person\/b55151d52296fcce64d1a72538a70b90\"},\"headline\":\"EXCLUSIVO: EL SINDICATO DE OBRAS SANITARIAS LE GAN\u00d3 HIST\u00d3RICA DEMANDA AL MUNICIPIO DE JUSTO DARACT\",\"datePublished\":\"2024-09-01T14:40:11+00:00\",\"dateModified\":\"2024-09-01T14:42:55+00:00\",\"mainEntityOfPage\":{\"@id\":\"https:\/\/apuntesdesanluis.com\/index.php\/2024\/09\/01\/exclusivo-el-sindicato-de-obras-sanitarias-le-gano-historica-demanda-al-municipio-de-justo-daract\/\"},\"wordCount\":797,\"publisher\":{\"@id\":\"https:\/\/apuntesdesanluis.com\/#\/schema\/person\/b55151d52296fcce64d1a72538a70b90\"},\"image\":{\"@id\":\"https:\/\/apuntesdesanluis.com\/index.php\/2024\/09\/01\/exclusivo-el-sindicato-de-obras-sanitarias-le-gano-historica-demanda-al-municipio-de-justo-daract\/#primaryimage\"},\"thumbnailUrl\":\"https:\/\/apuntesdesanluis.com\/wp-content\/uploads\/2024\/09\/mui.png\",\"articleSection\":[\"Ciudad\/Provincia\"],\"inLanguage\":\"es-AR\"},{\"@type\":\"WebPage\",\"@id\":\"https:\/\/apuntesdesanluis.com\/index.php\/2024\/09\/01\/exclusivo-el-sindicato-de-obras-sanitarias-le-gano-historica-demanda-al-municipio-de-justo-daract\/\",\"url\":\"https:\/\/apuntesdesanluis.com\/index.php\/2024\/09\/01\/exclusivo-el-sindicato-de-obras-sanitarias-le-gano-historica-demanda-al-municipio-de-justo-daract\/\",\"name\":\"EXCLUSIVO: EL SINDICATO DE OBRAS SANITARIAS LE GAN\u00d3 HIST\u00d3RICA DEMANDA AL MUNICIPIO DE JUSTO DARACT - Apuntes de San Luis\",\"isPartOf\":{\"@id\":\"https:\/\/apuntesdesanluis.com\/#website\"},\"primaryImageOfPage\":{\"@id\":\"https:\/\/apuntesdesanluis.com\/index.php\/2024\/09\/01\/exclusivo-el-sindicato-de-obras-sanitarias-le-gano-historica-demanda-al-municipio-de-justo-daract\/#primaryimage\"},\"image\":{\"@id\":\"https:\/\/apuntesdesanluis.com\/index.php\/2024\/09\/01\/exclusivo-el-sindicato-de-obras-sanitarias-le-gano-historica-demanda-al-municipio-de-justo-daract\/#primaryimage\"},\"thumbnailUrl\":\"https:\/\/apuntesdesanluis.com\/wp-content\/uploads\/2024\/09\/mui.png\",\"datePublished\":\"2024-09-01T14:40:11+00:00\",\"dateModified\":\"2024-09-01T14:42:55+00:00\",\"breadcrumb\":{\"@id\":\"https:\/\/apuntesdesanluis.com\/index.php\/2024\/09\/01\/exclusivo-el-sindicato-de-obras-sanitarias-le-gano-historica-demanda-al-municipio-de-justo-daract\/#breadcrumb\"},\"inLanguage\":\"es-AR\",\"potentialAction\":[{\"@type\":\"ReadAction\",\"target\":[\"https:\/\/apuntesdesanluis.com\/index.php\/2024\/09\/01\/exclusivo-el-sindicato-de-obras-sanitarias-le-gano-historica-demanda-al-municipio-de-justo-daract\/\"]}]},{\"@type\":\"ImageObject\",\"inLanguage\":\"es-AR\",\"@id\":\"https:\/\/apuntesdesanluis.com\/index.php\/2024\/09\/01\/exclusivo-el-sindicato-de-obras-sanitarias-le-gano-historica-demanda-al-municipio-de-justo-daract\/#primaryimage\",\"url\":\"https:\/\/apuntesdesanluis.com\/wp-content\/uploads\/2024\/09\/mui.png\",\"contentUrl\":\"https:\/\/apuntesdesanluis.com\/wp-content\/uploads\/2024\/09\/mui.png\",\"width\":700,\"height\":432},{\"@type\":\"BreadcrumbList\",\"@id\":\"https:\/\/apuntesdesanluis.com\/index.php\/2024\/09\/01\/exclusivo-el-sindicato-de-obras-sanitarias-le-gano-historica-demanda-al-municipio-de-justo-daract\/#breadcrumb\",\"itemListElement\":[{\"@type\":\"ListItem\",\"position\":1,\"name\":\"Inicio\",\"item\":\"https:\/\/apuntesdesanluis.com\/\"},{\"@type\":\"ListItem\",\"position\":2,\"name\":\"EXCLUSIVO: EL SINDICATO DE OBRAS SANITARIAS LE GAN\u00d3 HIST\u00d3RICA DEMANDA AL MUNICIPIO DE JUSTO DARACT\"}]},{\"@type\":\"WebSite\",\"@id\":\"https:\/\/apuntesdesanluis.com\/#website\",\"url\":\"https:\/\/apuntesdesanluis.com\/\",\"name\":\"Apuntes de San Luis\",\"description\":\"\",\"publisher\":{\"@id\":\"https:\/\/apuntesdesanluis.com\/#\/schema\/person\/b55151d52296fcce64d1a72538a70b90\"},\"potentialAction\":[{\"@type\":\"SearchAction\",\"target\":{\"@type\":\"EntryPoint\",\"urlTemplate\":\"https:\/\/apuntesdesanluis.com\/?s={search_term_string}\"},\"query-input\":{\"@type\":\"PropertyValueSpecification\",\"valueRequired\":true,\"valueName\":\"search_term_string\"}}],\"inLanguage\":\"es-AR\"},{\"@type\":[\"Person\",\"Organization\"],\"@id\":\"https:\/\/apuntesdesanluis.com\/#\/schema\/person\/b55151d52296fcce64d1a72538a70b90\",\"name\":\"apuntesdesanluis.com\",\"image\":{\"@type\":\"ImageObject\",\"inLanguage\":\"es-AR\",\"@id\":\"https:\/\/apuntesdesanluis.com\/#\/schema\/person\/image\/\",\"url\":\"https:\/\/apuntesdesanluis.com\/wp-content\/uploads\/2023\/07\/cropped-apuntesdesanluis.png\",\"contentUrl\":\"https:\/\/apuntesdesanluis.com\/wp-content\/uploads\/2023\/07\/cropped-apuntesdesanluis.png\",\"width\":450,\"height\":112,\"caption\":\"apuntesdesanluis.com\"},\"logo\":{\"@id\":\"https:\/\/apuntesdesanluis.com\/#\/schema\/person\/image\/\"},\"sameAs\":[\"https:\/\/apuntesdesanluis.com\"],\"url\":\"https:\/\/apuntesdesanluis.com\/index.php\/author\/apuntesdesanluis-com\/\"}]}<\/script>\n<!-- \/ Yoast SEO plugin. -->","yoast_head_json":{"title":"EXCLUSIVO: EL SINDICATO DE OBRAS SANITARIAS LE GAN\u00d3 HIST\u00d3RICA DEMANDA AL MUNICIPIO DE JUSTO DARACT - Apuntes de San Luis","robots":{"index":"index","follow":"follow","max-snippet":"max-snippet:-1","max-image-preview":"max-image-preview:large","max-video-preview":"max-video-preview:-1"},"canonical":"https:\/\/apuntesdesanluis.com\/index.php\/2024\/09\/01\/exclusivo-el-sindicato-de-obras-sanitarias-le-gano-historica-demanda-al-municipio-de-justo-daract\/","og_locale":"es_ES","og_type":"article","og_title":"EXCLUSIVO: EL SINDICATO DE OBRAS SANITARIAS LE GAN\u00d3 HIST\u00d3RICA DEMANDA AL MUNICIPIO DE JUSTO DARACT - Apuntes de San Luis","og_description":"El Superior Tribunal de Justicia de la Provincia de San Luis dict\u00f3 una hist\u00f3rica sentencia...","og_url":"https:\/\/apuntesdesanluis.com\/index.php\/2024\/09\/01\/exclusivo-el-sindicato-de-obras-sanitarias-le-gano-historica-demanda-al-municipio-de-justo-daract\/","og_site_name":"Apuntes de San Luis","article_published_time":"2024-09-01T14:40:11+00:00","article_modified_time":"2024-09-01T14:42:55+00:00","og_image":[{"width":700,"height":432,"url":"https:\/\/apuntesdesanluis.com\/wp-content\/uploads\/2024\/09\/mui.png","type":"image\/png"}],"author":"apuntesdesanluis.com","twitter_card":"summary_large_image","twitter_misc":{"Escrito por":"apuntesdesanluis.com","Tiempo de lectura":"4 minutos"},"schema":{"@context":"https:\/\/schema.org","@graph":[{"@type":"Article","@id":"https:\/\/apuntesdesanluis.com\/index.php\/2024\/09\/01\/exclusivo-el-sindicato-de-obras-sanitarias-le-gano-historica-demanda-al-municipio-de-justo-daract\/#article","isPartOf":{"@id":"https:\/\/apuntesdesanluis.com\/index.php\/2024\/09\/01\/exclusivo-el-sindicato-de-obras-sanitarias-le-gano-historica-demanda-al-municipio-de-justo-daract\/"},"author":{"name":"apuntesdesanluis.com","@id":"https:\/\/apuntesdesanluis.com\/#\/schema\/person\/b55151d52296fcce64d1a72538a70b90"},"headline":"EXCLUSIVO: EL SINDICATO DE OBRAS SANITARIAS LE GAN\u00d3 HIST\u00d3RICA DEMANDA AL MUNICIPIO DE JUSTO DARACT","datePublished":"2024-09-01T14:40:11+00:00","dateModified":"2024-09-01T14:42:55+00:00","mainEntityOfPage":{"@id":"https:\/\/apuntesdesanluis.com\/index.php\/2024\/09\/01\/exclusivo-el-sindicato-de-obras-sanitarias-le-gano-historica-demanda-al-municipio-de-justo-daract\/"},"wordCount":797,"publisher":{"@id":"https:\/\/apuntesdesanluis.com\/#\/schema\/person\/b55151d52296fcce64d1a72538a70b90"},"image":{"@id":"https:\/\/apuntesdesanluis.com\/index.php\/2024\/09\/01\/exclusivo-el-sindicato-de-obras-sanitarias-le-gano-historica-demanda-al-municipio-de-justo-daract\/#primaryimage"},"thumbnailUrl":"https:\/\/apuntesdesanluis.com\/wp-content\/uploads\/2024\/09\/mui.png","articleSection":["Ciudad\/Provincia"],"inLanguage":"es-AR"},{"@type":"WebPage","@id":"https:\/\/apuntesdesanluis.com\/index.php\/2024\/09\/01\/exclusivo-el-sindicato-de-obras-sanitarias-le-gano-historica-demanda-al-municipio-de-justo-daract\/","url":"https:\/\/apuntesdesanluis.com\/index.php\/2024\/09\/01\/exclusivo-el-sindicato-de-obras-sanitarias-le-gano-historica-demanda-al-municipio-de-justo-daract\/","name":"EXCLUSIVO: EL SINDICATO DE OBRAS SANITARIAS LE GAN\u00d3 HIST\u00d3RICA DEMANDA AL MUNICIPIO DE JUSTO DARACT - Apuntes de San Luis","isPartOf":{"@id":"https:\/\/apuntesdesanluis.com\/#website"},"primaryImageOfPage":{"@id":"https:\/\/apuntesdesanluis.com\/index.php\/2024\/09\/01\/exclusivo-el-sindicato-de-obras-sanitarias-le-gano-historica-demanda-al-municipio-de-justo-daract\/#primaryimage"},"image":{"@id":"https:\/\/apuntesdesanluis.com\/index.php\/2024\/09\/01\/exclusivo-el-sindicato-de-obras-sanitarias-le-gano-historica-demanda-al-municipio-de-justo-daract\/#primaryimage"},"thumbnailUrl":"https:\/\/apuntesdesanluis.com\/wp-content\/uploads\/2024\/09\/mui.png","datePublished":"2024-09-01T14:40:11+00:00","dateModified":"2024-09-01T14:42:55+00:00","breadcrumb":{"@id":"https:\/\/apuntesdesanluis.com\/index.php\/2024\/09\/01\/exclusivo-el-sindicato-de-obras-sanitarias-le-gano-historica-demanda-al-municipio-de-justo-daract\/#breadcrumb"},"inLanguage":"es-AR","potentialAction":[{"@type":"ReadAction","target":["https:\/\/apuntesdesanluis.com\/index.php\/2024\/09\/01\/exclusivo-el-sindicato-de-obras-sanitarias-le-gano-historica-demanda-al-municipio-de-justo-daract\/"]}]},{"@type":"ImageObject","inLanguage":"es-AR","@id":"https:\/\/apuntesdesanluis.com\/index.php\/2024\/09\/01\/exclusivo-el-sindicato-de-obras-sanitarias-le-gano-historica-demanda-al-municipio-de-justo-daract\/#primaryimage","url":"https:\/\/apuntesdesanluis.com\/wp-content\/uploads\/2024\/09\/mui.png","contentUrl":"https:\/\/apuntesdesanluis.com\/wp-content\/uploads\/2024\/09\/mui.png","width":700,"height":432},{"@type":"BreadcrumbList","@id":"https:\/\/apuntesdesanluis.com\/index.php\/2024\/09\/01\/exclusivo-el-sindicato-de-obras-sanitarias-le-gano-historica-demanda-al-municipio-de-justo-daract\/#breadcrumb","itemListElement":[{"@type":"ListItem","position":1,"name":"Inicio","item":"https:\/\/apuntesdesanluis.com\/"},{"@type":"ListItem","position":2,"name":"EXCLUSIVO: EL SINDICATO DE OBRAS SANITARIAS LE GAN\u00d3 HIST\u00d3RICA DEMANDA AL MUNICIPIO DE JUSTO DARACT"}]},{"@type":"WebSite","@id":"https:\/\/apuntesdesanluis.com\/#website","url":"https:\/\/apuntesdesanluis.com\/","name":"Apuntes de San Luis","description":"","publisher":{"@id":"https:\/\/apuntesdesanluis.com\/#\/schema\/person\/b55151d52296fcce64d1a72538a70b90"},"potentialAction":[{"@type":"SearchAction","target":{"@type":"EntryPoint","urlTemplate":"https:\/\/apuntesdesanluis.com\/?s={search_term_string}"},"query-input":{"@type":"PropertyValueSpecification","valueRequired":true,"valueName":"search_term_string"}}],"inLanguage":"es-AR"},{"@type":["Person","Organization"],"@id":"https:\/\/apuntesdesanluis.com\/#\/schema\/person\/b55151d52296fcce64d1a72538a70b90","name":"apuntesdesanluis.com","image":{"@type":"ImageObject","inLanguage":"es-AR","@id":"https:\/\/apuntesdesanluis.com\/#\/schema\/person\/image\/","url":"https:\/\/apuntesdesanluis.com\/wp-content\/uploads\/2023\/07\/cropped-apuntesdesanluis.png","contentUrl":"https:\/\/apuntesdesanluis.com\/wp-content\/uploads\/2023\/07\/cropped-apuntesdesanluis.png","width":450,"height":112,"caption":"apuntesdesanluis.com"},"logo":{"@id":"https:\/\/apuntesdesanluis.com\/#\/schema\/person\/image\/"},"sameAs":["https:\/\/apuntesdesanluis.com"],"url":"https:\/\/apuntesdesanluis.com\/index.php\/author\/apuntesdesanluis-com\/"}]}},"featured_image_urls":{"full":["https:\/\/apuntesdesanluis.com\/wp-content\/uploads\/2024\/09\/mui.png",700,432,false],"thumbnail":["https:\/\/apuntesdesanluis.com\/wp-content\/uploads\/2024\/09\/mui-150x150.png",150,150,true],"medium":["https:\/\/apuntesdesanluis.com\/wp-content\/uploads\/2024\/09\/mui-300x185.png",300,185,true],"medium_large":["https:\/\/apuntesdesanluis.com\/wp-content\/uploads\/2024\/09\/mui.png",640,395,false],"large":["https:\/\/apuntesdesanluis.com\/wp-content\/uploads\/2024\/09\/mui.png",640,395,false],"1536x1536":["https:\/\/apuntesdesanluis.com\/wp-content\/uploads\/2024\/09\/mui.png",700,432,false],"2048x2048":["https:\/\/apuntesdesanluis.com\/wp-content\/uploads\/2024\/09\/mui.png",700,432,false],"newsever-slider-full":["https:\/\/apuntesdesanluis.com\/wp-content\/uploads\/2024\/09\/mui.png",700,432,false],"newsever-featured":["https:\/\/apuntesdesanluis.com\/wp-content\/uploads\/2024\/09\/mui.png",700,432,false],"newsever-medium":["https:\/\/apuntesdesanluis.com\/wp-content\/uploads\/2024\/09\/mui.png",700,432,false]},"author_info":{"display_name":"apuntesdesanluis.com","author_link":"https:\/\/apuntesdesanluis.com\/index.php\/author\/apuntesdesanluis-com\/"},"category_info":"<a href=\"https:\/\/apuntesdesanluis.com\/index.php\/category\/ciudad-provincia\/\" rel=\"category tag\">Ciudad\/Provincia<\/a>","tag_info":"Ciudad\/Provincia","comment_count":"0","_links":{"self":[{"href":"https:\/\/apuntesdesanluis.com\/index.php\/wp-json\/wp\/v2\/posts\/21622","targetHints":{"allow":["GET"]}}],"collection":[{"href":"https:\/\/apuntesdesanluis.com\/index.php\/wp-json\/wp\/v2\/posts"}],"about":[{"href":"https:\/\/apuntesdesanluis.com\/index.php\/wp-json\/wp\/v2\/types\/post"}],"author":[{"embeddable":true,"href":"https:\/\/apuntesdesanluis.com\/index.php\/wp-json\/wp\/v2\/users\/1"}],"replies":[{"embeddable":true,"href":"https:\/\/apuntesdesanluis.com\/index.php\/wp-json\/wp\/v2\/comments?post=21622"}],"version-history":[{"count":4,"href":"https:\/\/apuntesdesanluis.com\/index.php\/wp-json\/wp\/v2\/posts\/21622\/revisions"}],"predecessor-version":[{"id":21627,"href":"https:\/\/apuntesdesanluis.com\/index.php\/wp-json\/wp\/v2\/posts\/21622\/revisions\/21627"}],"wp:featuredmedia":[{"embeddable":true,"href":"https:\/\/apuntesdesanluis.com\/index.php\/wp-json\/wp\/v2\/media\/21623"}],"wp:attachment":[{"href":"https:\/\/apuntesdesanluis.com\/index.php\/wp-json\/wp\/v2\/media?parent=21622"}],"wp:term":[{"taxonomy":"category","embeddable":true,"href":"https:\/\/apuntesdesanluis.com\/index.php\/wp-json\/wp\/v2\/categories?post=21622"},{"taxonomy":"post_tag","embeddable":true,"href":"https:\/\/apuntesdesanluis.com\/index.php\/wp-json\/wp\/v2\/tags?post=21622"}],"curies":[{"name":"wp","href":"https:\/\/api.w.org\/{rel}","templated":true}]}}