{"id":21632,"date":"2024-09-01T18:56:43","date_gmt":"2024-09-01T21:56:43","guid":{"rendered":"https:\/\/apuntesdesanluis.com\/?p=21632"},"modified":"2024-09-01T18:56:43","modified_gmt":"2024-09-01T21:56:43","slug":"el-gobierno-puso-en-marcha-la-construccion-de-viviendas","status":"publish","type":"post","link":"https:\/\/apuntesdesanluis.com\/index.php\/2024\/09\/01\/el-gobierno-puso-en-marcha-la-construccion-de-viviendas\/","title":{"rendered":"EL GOBIERNO PUSO EN MARCHA LA CONSTRUCCI\u00d3N DE VIVIENDAS"},"content":{"rendered":"<h3>Este s\u00e1bado se concret\u00f3 la firma de contratos para la construcci\u00f3n de viviendas en seis municipios, en un acto que se realiz\u00f3 en el Sal\u00f3n Blanco de la Casa de Gobierno.<\/h3>\n<h3>El gobernador <strong>Claudio Poggi<\/strong> dio inicio oficial a la construcci\u00f3n de viviendas para beneficiarios de los planes \u2018Progreso\u2019 y \u2018Sue\u00f1os\u2019, cumpliendo con lo prometido durante la campa\u00f1a electoral.<\/h3>\n<h3>\u201cHoy es un d\u00eda muy especial e importante porque comenzamos la construcci\u00f3n de viviendas y creo que va a ser un dinamizador de nuestra econom\u00eda\u201d, manifest\u00f3 el Jefe de Estado, y a\u00f1adi\u00f3: \u201cLa vivienda, adem\u00e1s de cumplir el sue\u00f1o de una familia y de sacar el agobio del alquiler, genera trabajo\u201c.<\/h3>\n<h3>Acompa\u00f1ado por el ministro de Hacienda e Infraestructura, N\u00e9stor Ord\u00f3\u00f1ez, el Primer Mandatario firm\u00f3 contratos para la construcci\u00f3n de un total de 22 viviendas con los intendentes Marcelo Gil Piccinini de Concar\u00e1n, Gast\u00f3n Argenio de Fraga, Jorge Cabello de Leandro N. Alem, Ram\u00f3n Funes de Nogol\u00ed, Miguel Postiguillo de Santa Rosa del Conlara y Marcos Esp\u00f3sito de Uni\u00f3n.<\/h3>\n<p><iframe title=\"Claudio Poggi habla sobre el lanzamiento de la construcci\u00f3n de viviendas\" width=\"640\" height=\"360\" src=\"https:\/\/www.youtube.com\/embed\/5qmT0DnZDy8?feature=oembed\" frameborder=\"0\" allow=\"accelerometer; autoplay; clipboard-write; encrypted-media; gyroscope; picture-in-picture; web-share\" referrerpolicy=\"strict-origin-when-cross-origin\" allowfullscreen><\/iframe><\/p>\n<h3>El Gobernador adelant\u00f3 que la edificaci\u00f3n de las viviendas restantes de los planes \u2018Progreso\u2019 y \u2018Sue\u00f1os\u2019 posteriomente se conectar\u00e1 con el nuevo plan habitacional \u2018Tenemos Futuro\u2019, que abrir\u00e1 inscripciones el a\u00f1o que viene.<\/h3>\n<h3>La arquitecta Marina Ortiz, directora de Obras de Arquitectura y Viviendas, realiz\u00f3 una presentaci\u00f3n detallada del proyecto, acompa\u00f1ada de im\u00e1genes proyectadas que mostraban los dise\u00f1os y caracter\u00edsticas de las futuras casas, que tendr\u00e1n tres ambientes: dos habitaciones y espacio de living, comedor y cocina, adem\u00e1s del ba\u00f1o. La superficie ser\u00e1 de 55 metros cuadrados y se deber\u00e1n edificar en un terreno de 250 metros como m\u00ednimo, seg\u00fan cada localidad.<\/h3>\n<p><img fetchpriority=\"high\" decoding=\"async\" class=\"wp-image-21633 aligncenter\" src=\"https:\/\/apuntesdesanluis.com\/wp-content\/uploads\/2024\/09\/casa-300x211.png\" alt=\"\" width=\"596\" height=\"419\" srcset=\"https:\/\/apuntesdesanluis.com\/wp-content\/uploads\/2024\/09\/casa-300x211.png 300w, https:\/\/apuntesdesanluis.com\/wp-content\/uploads\/2024\/09\/casa.png 700w\" sizes=\"(max-width: 596px) 100vw, 596px\" \/><\/p>\n<h3>Los contratos firmados incluyen la construcci\u00f3n de:<\/h3>\n<h3>3 viviendas en Concar\u00e1n.<\/h3>\n<h3>1 vivienda en Fraga.<\/h3>\n<h3>2 viviendas en Leandro N. Alem.<\/h3>\n<h3>3 viviendas en Nogol\u00ed.<\/h3>\n<h3>12 viviendas en Santa Rosa del Conlara.<\/h3>\n<h3>1 vivienda en Uni\u00f3n.<\/h3>\n<p>&nbsp;<\/p>\n<p>&nbsp;<\/p>\n<p>&nbsp;<\/p>\n<p>&nbsp;<\/p>\n<p>&nbsp;<\/p>\n<p>&nbsp;<\/p>\n<p>&nbsp;<\/p>\n<p>&nbsp;<\/p>\n","protected":false},"excerpt":{"rendered":"<p>Este s\u00e1bado se concret\u00f3 la firma de contratos para la construcci\u00f3n de viviendas en seis&#8230;<\/p>\n","protected":false},"author":1,"featured_media":21634,"comment_status":"closed","ping_status":"closed","sticky":false,"template":"","format":"standard","meta":{"footnotes":""},"categories":[6],"tags":[],"class_list":["post-21632","post","type-post","status-publish","format-standard","has-post-thumbnail","hentry","category-ciudad-provincia"],"yoast_head":"<!-- This site is optimized with the Yoast SEO plugin v26.1.1 - https:\/\/yoast.com\/wordpress\/plugins\/seo\/ -->\n<title>EL GOBIERNO PUSO EN MARCHA LA CONSTRUCCI\u00d3N DE VIVIENDAS - Apuntes de San Luis<\/title>\n<meta name=\"robots\" content=\"index, follow, max-snippet:-1, max-image-preview:large, max-video-preview:-1\" \/>\n<link rel=\"canonical\" href=\"https:\/\/apuntesdesanluis.com\/index.php\/2024\/09\/01\/el-gobierno-puso-en-marcha-la-construccion-de-viviendas\/\" \/>\n<meta property=\"og:locale\" content=\"es_ES\" \/>\n<meta property=\"og:type\" content=\"article\" \/>\n<meta property=\"og:title\" content=\"EL GOBIERNO PUSO EN MARCHA LA CONSTRUCCI\u00d3N DE VIVIENDAS - Apuntes de San Luis\" \/>\n<meta property=\"og:description\" content=\"Este s\u00e1bado se concret\u00f3 la firma de contratos para la construcci\u00f3n de viviendas en seis...\" \/>\n<meta property=\"og:url\" content=\"https:\/\/apuntesdesanluis.com\/index.php\/2024\/09\/01\/el-gobierno-puso-en-marcha-la-construccion-de-viviendas\/\" \/>\n<meta property=\"og:site_name\" content=\"Apuntes de San Luis\" \/>\n<meta property=\"article:published_time\" content=\"2024-09-01T21:56:43+00:00\" \/>\n<meta property=\"og:image\" content=\"https:\/\/apuntesdesanluis.com\/wp-content\/uploads\/2024\/09\/poggi.png\" \/>\n\t<meta property=\"og:image:width\" content=\"700\" \/>\n\t<meta property=\"og:image:height\" content=\"352\" \/>\n\t<meta property=\"og:image:type\" content=\"image\/png\" \/>\n<meta name=\"author\" content=\"apuntesdesanluis.com\" \/>\n<meta name=\"twitter:card\" content=\"summary_large_image\" \/>\n<meta name=\"twitter:label1\" content=\"Escrito por\" \/>\n\t<meta name=\"twitter:data1\" content=\"apuntesdesanluis.com\" \/>\n\t<meta name=\"twitter:label2\" content=\"Tiempo de lectura\" \/>\n\t<meta name=\"twitter:data2\" content=\"2 minutos\" \/>\n<script type=\"application\/ld+json\" class=\"yoast-schema-graph\">{\"@context\":\"https:\/\/schema.org\",\"@graph\":[{\"@type\":\"Article\",\"@id\":\"https:\/\/apuntesdesanluis.com\/index.php\/2024\/09\/01\/el-gobierno-puso-en-marcha-la-construccion-de-viviendas\/#article\",\"isPartOf\":{\"@id\":\"https:\/\/apuntesdesanluis.com\/index.php\/2024\/09\/01\/el-gobierno-puso-en-marcha-la-construccion-de-viviendas\/\"},\"author\":{\"name\":\"apuntesdesanluis.com\",\"@id\":\"https:\/\/apuntesdesanluis.com\/#\/schema\/person\/b55151d52296fcce64d1a72538a70b90\"},\"headline\":\"EL GOBIERNO PUSO EN MARCHA LA CONSTRUCCI\u00d3N DE VIVIENDAS\",\"datePublished\":\"2024-09-01T21:56:43+00:00\",\"mainEntityOfPage\":{\"@id\":\"https:\/\/apuntesdesanluis.com\/index.php\/2024\/09\/01\/el-gobierno-puso-en-marcha-la-construccion-de-viviendas\/\"},\"wordCount\":360,\"publisher\":{\"@id\":\"https:\/\/apuntesdesanluis.com\/#\/schema\/person\/b55151d52296fcce64d1a72538a70b90\"},\"image\":{\"@id\":\"https:\/\/apuntesdesanluis.com\/index.php\/2024\/09\/01\/el-gobierno-puso-en-marcha-la-construccion-de-viviendas\/#primaryimage\"},\"thumbnailUrl\":\"https:\/\/apuntesdesanluis.com\/wp-content\/uploads\/2024\/09\/poggi.png\",\"articleSection\":[\"Ciudad\/Provincia\"],\"inLanguage\":\"es-AR\"},{\"@type\":\"WebPage\",\"@id\":\"https:\/\/apuntesdesanluis.com\/index.php\/2024\/09\/01\/el-gobierno-puso-en-marcha-la-construccion-de-viviendas\/\",\"url\":\"https:\/\/apuntesdesanluis.com\/index.php\/2024\/09\/01\/el-gobierno-puso-en-marcha-la-construccion-de-viviendas\/\",\"name\":\"EL GOBIERNO PUSO EN MARCHA LA CONSTRUCCI\u00d3N DE VIVIENDAS - Apuntes de San Luis\",\"isPartOf\":{\"@id\":\"https:\/\/apuntesdesanluis.com\/#website\"},\"primaryImageOfPage\":{\"@id\":\"https:\/\/apuntesdesanluis.com\/index.php\/2024\/09\/01\/el-gobierno-puso-en-marcha-la-construccion-de-viviendas\/#primaryimage\"},\"image\":{\"@id\":\"https:\/\/apuntesdesanluis.com\/index.php\/2024\/09\/01\/el-gobierno-puso-en-marcha-la-construccion-de-viviendas\/#primaryimage\"},\"thumbnailUrl\":\"https:\/\/apuntesdesanluis.com\/wp-content\/uploads\/2024\/09\/poggi.png\",\"datePublished\":\"2024-09-01T21:56:43+00:00\",\"breadcrumb\":{\"@id\":\"https:\/\/apuntesdesanluis.com\/index.php\/2024\/09\/01\/el-gobierno-puso-en-marcha-la-construccion-de-viviendas\/#breadcrumb\"},\"inLanguage\":\"es-AR\",\"potentialAction\":[{\"@type\":\"ReadAction\",\"target\":[\"https:\/\/apuntesdesanluis.com\/index.php\/2024\/09\/01\/el-gobierno-puso-en-marcha-la-construccion-de-viviendas\/\"]}]},{\"@type\":\"ImageObject\",\"inLanguage\":\"es-AR\",\"@id\":\"https:\/\/apuntesdesanluis.com\/index.php\/2024\/09\/01\/el-gobierno-puso-en-marcha-la-construccion-de-viviendas\/#primaryimage\",\"url\":\"https:\/\/apuntesdesanluis.com\/wp-content\/uploads\/2024\/09\/poggi.png\",\"contentUrl\":\"https:\/\/apuntesdesanluis.com\/wp-content\/uploads\/2024\/09\/poggi.png\",\"width\":700,\"height\":352},{\"@type\":\"BreadcrumbList\",\"@id\":\"https:\/\/apuntesdesanluis.com\/index.php\/2024\/09\/01\/el-gobierno-puso-en-marcha-la-construccion-de-viviendas\/#breadcrumb\",\"itemListElement\":[{\"@type\":\"ListItem\",\"position\":1,\"name\":\"Inicio\",\"item\":\"https:\/\/apuntesdesanluis.com\/\"},{\"@type\":\"ListItem\",\"position\":2,\"name\":\"EL GOBIERNO PUSO EN MARCHA LA CONSTRUCCI\u00d3N DE VIVIENDAS\"}]},{\"@type\":\"WebSite\",\"@id\":\"https:\/\/apuntesdesanluis.com\/#website\",\"url\":\"https:\/\/apuntesdesanluis.com\/\",\"name\":\"Apuntes de San Luis\",\"description\":\"\",\"publisher\":{\"@id\":\"https:\/\/apuntesdesanluis.com\/#\/schema\/person\/b55151d52296fcce64d1a72538a70b90\"},\"potentialAction\":[{\"@type\":\"SearchAction\",\"target\":{\"@type\":\"EntryPoint\",\"urlTemplate\":\"https:\/\/apuntesdesanluis.com\/?s={search_term_string}\"},\"query-input\":{\"@type\":\"PropertyValueSpecification\",\"valueRequired\":true,\"valueName\":\"search_term_string\"}}],\"inLanguage\":\"es-AR\"},{\"@type\":[\"Person\",\"Organization\"],\"@id\":\"https:\/\/apuntesdesanluis.com\/#\/schema\/person\/b55151d52296fcce64d1a72538a70b90\",\"name\":\"apuntesdesanluis.com\",\"image\":{\"@type\":\"ImageObject\",\"inLanguage\":\"es-AR\",\"@id\":\"https:\/\/apuntesdesanluis.com\/#\/schema\/person\/image\/\",\"url\":\"https:\/\/apuntesdesanluis.com\/wp-content\/uploads\/2023\/07\/cropped-apuntesdesanluis.png\",\"contentUrl\":\"https:\/\/apuntesdesanluis.com\/wp-content\/uploads\/2023\/07\/cropped-apuntesdesanluis.png\",\"width\":450,\"height\":112,\"caption\":\"apuntesdesanluis.com\"},\"logo\":{\"@id\":\"https:\/\/apuntesdesanluis.com\/#\/schema\/person\/image\/\"},\"sameAs\":[\"https:\/\/apuntesdesanluis.com\"],\"url\":\"https:\/\/apuntesdesanluis.com\/index.php\/author\/apuntesdesanluis-com\/\"}]}<\/script>\n<!-- \/ Yoast SEO plugin. -->","yoast_head_json":{"title":"EL GOBIERNO PUSO EN MARCHA LA CONSTRUCCI\u00d3N DE VIVIENDAS - Apuntes de San Luis","robots":{"index":"index","follow":"follow","max-snippet":"max-snippet:-1","max-image-preview":"max-image-preview:large","max-video-preview":"max-video-preview:-1"},"canonical":"https:\/\/apuntesdesanluis.com\/index.php\/2024\/09\/01\/el-gobierno-puso-en-marcha-la-construccion-de-viviendas\/","og_locale":"es_ES","og_type":"article","og_title":"EL GOBIERNO PUSO EN MARCHA LA CONSTRUCCI\u00d3N DE VIVIENDAS - Apuntes de San Luis","og_description":"Este s\u00e1bado se concret\u00f3 la firma de contratos para la construcci\u00f3n de viviendas en seis...","og_url":"https:\/\/apuntesdesanluis.com\/index.php\/2024\/09\/01\/el-gobierno-puso-en-marcha-la-construccion-de-viviendas\/","og_site_name":"Apuntes de San Luis","article_published_time":"2024-09-01T21:56:43+00:00","og_image":[{"width":700,"height":352,"url":"https:\/\/apuntesdesanluis.com\/wp-content\/uploads\/2024\/09\/poggi.png","type":"image\/png"}],"author":"apuntesdesanluis.com","twitter_card":"summary_large_image","twitter_misc":{"Escrito por":"apuntesdesanluis.com","Tiempo de lectura":"2 minutos"},"schema":{"@context":"https:\/\/schema.org","@graph":[{"@type":"Article","@id":"https:\/\/apuntesdesanluis.com\/index.php\/2024\/09\/01\/el-gobierno-puso-en-marcha-la-construccion-de-viviendas\/#article","isPartOf":{"@id":"https:\/\/apuntesdesanluis.com\/index.php\/2024\/09\/01\/el-gobierno-puso-en-marcha-la-construccion-de-viviendas\/"},"author":{"name":"apuntesdesanluis.com","@id":"https:\/\/apuntesdesanluis.com\/#\/schema\/person\/b55151d52296fcce64d1a72538a70b90"},"headline":"EL GOBIERNO PUSO EN MARCHA LA CONSTRUCCI\u00d3N DE VIVIENDAS","datePublished":"2024-09-01T21:56:43+00:00","mainEntityOfPage":{"@id":"https:\/\/apuntesdesanluis.com\/index.php\/2024\/09\/01\/el-gobierno-puso-en-marcha-la-construccion-de-viviendas\/"},"wordCount":360,"publisher":{"@id":"https:\/\/apuntesdesanluis.com\/#\/schema\/person\/b55151d52296fcce64d1a72538a70b90"},"image":{"@id":"https:\/\/apuntesdesanluis.com\/index.php\/2024\/09\/01\/el-gobierno-puso-en-marcha-la-construccion-de-viviendas\/#primaryimage"},"thumbnailUrl":"https:\/\/apuntesdesanluis.com\/wp-content\/uploads\/2024\/09\/poggi.png","articleSection":["Ciudad\/Provincia"],"inLanguage":"es-AR"},{"@type":"WebPage","@id":"https:\/\/apuntesdesanluis.com\/index.php\/2024\/09\/01\/el-gobierno-puso-en-marcha-la-construccion-de-viviendas\/","url":"https:\/\/apuntesdesanluis.com\/index.php\/2024\/09\/01\/el-gobierno-puso-en-marcha-la-construccion-de-viviendas\/","name":"EL GOBIERNO PUSO EN MARCHA LA CONSTRUCCI\u00d3N DE VIVIENDAS - Apuntes de San Luis","isPartOf":{"@id":"https:\/\/apuntesdesanluis.com\/#website"},"primaryImageOfPage":{"@id":"https:\/\/apuntesdesanluis.com\/index.php\/2024\/09\/01\/el-gobierno-puso-en-marcha-la-construccion-de-viviendas\/#primaryimage"},"image":{"@id":"https:\/\/apuntesdesanluis.com\/index.php\/2024\/09\/01\/el-gobierno-puso-en-marcha-la-construccion-de-viviendas\/#primaryimage"},"thumbnailUrl":"https:\/\/apuntesdesanluis.com\/wp-content\/uploads\/2024\/09\/poggi.png","datePublished":"2024-09-01T21:56:43+00:00","breadcrumb":{"@id":"https:\/\/apuntesdesanluis.com\/index.php\/2024\/09\/01\/el-gobierno-puso-en-marcha-la-construccion-de-viviendas\/#breadcrumb"},"inLanguage":"es-AR","potentialAction":[{"@type":"ReadAction","target":["https:\/\/apuntesdesanluis.com\/index.php\/2024\/09\/01\/el-gobierno-puso-en-marcha-la-construccion-de-viviendas\/"]}]},{"@type":"ImageObject","inLanguage":"es-AR","@id":"https:\/\/apuntesdesanluis.com\/index.php\/2024\/09\/01\/el-gobierno-puso-en-marcha-la-construccion-de-viviendas\/#primaryimage","url":"https:\/\/apuntesdesanluis.com\/wp-content\/uploads\/2024\/09\/poggi.png","contentUrl":"https:\/\/apuntesdesanluis.com\/wp-content\/uploads\/2024\/09\/poggi.png","width":700,"height":352},{"@type":"BreadcrumbList","@id":"https:\/\/apuntesdesanluis.com\/index.php\/2024\/09\/01\/el-gobierno-puso-en-marcha-la-construccion-de-viviendas\/#breadcrumb","itemListElement":[{"@type":"ListItem","position":1,"name":"Inicio","item":"https:\/\/apuntesdesanluis.com\/"},{"@type":"ListItem","position":2,"name":"EL GOBIERNO PUSO EN MARCHA LA CONSTRUCCI\u00d3N DE VIVIENDAS"}]},{"@type":"WebSite","@id":"https:\/\/apuntesdesanluis.com\/#website","url":"https:\/\/apuntesdesanluis.com\/","name":"Apuntes de San Luis","description":"","publisher":{"@id":"https:\/\/apuntesdesanluis.com\/#\/schema\/person\/b55151d52296fcce64d1a72538a70b90"},"potentialAction":[{"@type":"SearchAction","target":{"@type":"EntryPoint","urlTemplate":"https:\/\/apuntesdesanluis.com\/?s={search_term_string}"},"query-input":{"@type":"PropertyValueSpecification","valueRequired":true,"valueName":"search_term_string"}}],"inLanguage":"es-AR"},{"@type":["Person","Organization"],"@id":"https:\/\/apuntesdesanluis.com\/#\/schema\/person\/b55151d52296fcce64d1a72538a70b90","name":"apuntesdesanluis.com","image":{"@type":"ImageObject","inLanguage":"es-AR","@id":"https:\/\/apuntesdesanluis.com\/#\/schema\/person\/image\/","url":"https:\/\/apuntesdesanluis.com\/wp-content\/uploads\/2023\/07\/cropped-apuntesdesanluis.png","contentUrl":"https:\/\/apuntesdesanluis.com\/wp-content\/uploads\/2023\/07\/cropped-apuntesdesanluis.png","width":450,"height":112,"caption":"apuntesdesanluis.com"},"logo":{"@id":"https:\/\/apuntesdesanluis.com\/#\/schema\/person\/image\/"},"sameAs":["https:\/\/apuntesdesanluis.com"],"url":"https:\/\/apuntesdesanluis.com\/index.php\/author\/apuntesdesanluis-com\/"}]}},"featured_image_urls":{"full":["https:\/\/apuntesdesanluis.com\/wp-content\/uploads\/2024\/09\/poggi.png",700,352,false],"thumbnail":["https:\/\/apuntesdesanluis.com\/wp-content\/uploads\/2024\/09\/poggi-150x150.png",150,150,true],"medium":["https:\/\/apuntesdesanluis.com\/wp-content\/uploads\/2024\/09\/poggi-300x151.png",300,151,true],"medium_large":["https:\/\/apuntesdesanluis.com\/wp-content\/uploads\/2024\/09\/poggi.png",640,322,false],"large":["https:\/\/apuntesdesanluis.com\/wp-content\/uploads\/2024\/09\/poggi.png",640,322,false],"1536x1536":["https:\/\/apuntesdesanluis.com\/wp-content\/uploads\/2024\/09\/poggi.png",700,352,false],"2048x2048":["https:\/\/apuntesdesanluis.com\/wp-content\/uploads\/2024\/09\/poggi.png",700,352,false],"newsever-slider-full":["https:\/\/apuntesdesanluis.com\/wp-content\/uploads\/2024\/09\/poggi.png",700,352,false],"newsever-featured":["https:\/\/apuntesdesanluis.com\/wp-content\/uploads\/2024\/09\/poggi.png",700,352,false],"newsever-medium":["https:\/\/apuntesdesanluis.com\/wp-content\/uploads\/2024\/09\/poggi.png",700,352,false]},"author_info":{"display_name":"apuntesdesanluis.com","author_link":"https:\/\/apuntesdesanluis.com\/index.php\/author\/apuntesdesanluis-com\/"},"category_info":"<a href=\"https:\/\/apuntesdesanluis.com\/index.php\/category\/ciudad-provincia\/\" rel=\"category tag\">Ciudad\/Provincia<\/a>","tag_info":"Ciudad\/Provincia","comment_count":"0","_links":{"self":[{"href":"https:\/\/apuntesdesanluis.com\/index.php\/wp-json\/wp\/v2\/posts\/21632","targetHints":{"allow":["GET"]}}],"collection":[{"href":"https:\/\/apuntesdesanluis.com\/index.php\/wp-json\/wp\/v2\/posts"}],"about":[{"href":"https:\/\/apuntesdesanluis.com\/index.php\/wp-json\/wp\/v2\/types\/post"}],"author":[{"embeddable":true,"href":"https:\/\/apuntesdesanluis.com\/index.php\/wp-json\/wp\/v2\/users\/1"}],"replies":[{"embeddable":true,"href":"https:\/\/apuntesdesanluis.com\/index.php\/wp-json\/wp\/v2\/comments?post=21632"}],"version-history":[{"count":1,"href":"https:\/\/apuntesdesanluis.com\/index.php\/wp-json\/wp\/v2\/posts\/21632\/revisions"}],"predecessor-version":[{"id":21635,"href":"https:\/\/apuntesdesanluis.com\/index.php\/wp-json\/wp\/v2\/posts\/21632\/revisions\/21635"}],"wp:featuredmedia":[{"embeddable":true,"href":"https:\/\/apuntesdesanluis.com\/index.php\/wp-json\/wp\/v2\/media\/21634"}],"wp:attachment":[{"href":"https:\/\/apuntesdesanluis.com\/index.php\/wp-json\/wp\/v2\/media?parent=21632"}],"wp:term":[{"taxonomy":"category","embeddable":true,"href":"https:\/\/apuntesdesanluis.com\/index.php\/wp-json\/wp\/v2\/categories?post=21632"},{"taxonomy":"post_tag","embeddable":true,"href":"https:\/\/apuntesdesanluis.com\/index.php\/wp-json\/wp\/v2\/tags?post=21632"}],"curies":[{"name":"wp","href":"https:\/\/api.w.org\/{rel}","templated":true}]}}