{"id":21637,"date":"2024-09-01T19:19:25","date_gmt":"2024-09-01T22:19:25","guid":{"rendered":"https:\/\/apuntesdesanluis.com\/?p=21637"},"modified":"2024-09-01T19:19:25","modified_gmt":"2024-09-01T22:19:25","slug":"la-unvime-ofrecera-a-la-comunidad-estudios-para-el-diagnostico-de-enfermedades-respiratorias","status":"publish","type":"post","link":"https:\/\/apuntesdesanluis.com\/index.php\/2024\/09\/01\/la-unvime-ofrecera-a-la-comunidad-estudios-para-el-diagnostico-de-enfermedades-respiratorias\/","title":{"rendered":"LA UNVIME OFRECER\u00c1 A LA COMUNIDAD ESTUDIOS PARA EL DIAGN\u00d3STICO DE ENFERMEDADES RESPIRATORIAS"},"content":{"rendered":"<h3>Como proyecto de extensi\u00f3n, desde la Licenciatura en Kinesiolog\u00eda y Fisiatr\u00eda realizar\u00e1n \u201cespirometr\u00edas basales y con pruebas broncodilatadoras\u201d, a personas de la comunidad que lo soliciten con derivaci\u00f3n m\u00e9dica.<\/h3>\n<h3>Esta actividad es extracurricular, de formaci\u00f3n acad\u00e9mica y profesional, y ser\u00e1 realizada por docentes y alumnos de la citada carrera, en el recientemente inaugurado Centro de Salud Integral Dr. Fernando Romero (Las Heras 377).<\/h3>\n<h3>Entre los fundamentos del proyecto denominado \u201cEspirometr\u00edas para mi comunidad\u201d, se afirma que las enfermedades respiratorias representan una causa importante de morbilidad y mortalidad a nivel mundial.<\/h3>\n<h3>En este contexto, la espirometr\u00eda es una prueba fundamental en el diagn\u00f3stico y seguimiento de estas patolog\u00edas. Al proporcionar este servicio a la comunidad, se contribuye a la detecci\u00f3n temprana y al manejo adecuado de las enfermedades respiratorias, mejorando as\u00ed la calidad de vida de los pacientes y reduciendo los costos asociados a la atenci\u00f3n m\u00e9dica.<\/h3>\n<p><img fetchpriority=\"high\" decoding=\"async\" class=\"wp-image-21640 aligncenter\" src=\"https:\/\/apuntesdesanluis.com\/wp-content\/uploads\/2024\/09\/espirometrias-178x300.png\" alt=\"\" width=\"487\" height=\"821\" srcset=\"https:\/\/apuntesdesanluis.com\/wp-content\/uploads\/2024\/09\/espirometrias-178x300.png 178w, https:\/\/apuntesdesanluis.com\/wp-content\/uploads\/2024\/09\/espirometrias.png 486w\" sizes=\"(max-width: 487px) 100vw, 487px\" \/><\/p>\n<h3>El objetivo general del proyecto es \u201crealizar espirometr\u00edas basales y pruebas broncodilatadoras a personas de la comunidad de Villa Mercedes con derivaci\u00f3n m\u00e9dica, con el fin de detectar y manejar enfermedades respiratorias\u201d.<\/h3>\n<h3>Objetivos espec\u00edficos<\/h3>\n<h3>Facilitar el acceso a pruebas diagn\u00f3sticas respiratorias para la poblaci\u00f3n local.<\/h3>\n<h3>Capacitar a los estudiantes de Kinesiolog\u00eda en la realizaci\u00f3n y an\u00e1lisis de espirometr\u00edas.<\/h3>\n<h3>Promover la interacci\u00f3n entre la universidad y la comunidad a trav\u00e9s de servicios de salud.<\/h3>\n<h3>Recolectar datos epidemiol\u00f3gicos sobre enfermedades respiratorias en la regi\u00f3n.<\/h3>\n<h3><strong>FECHA Y LUGAR<\/strong><\/h3>\n<h3>Estos estudios se realizar\u00e1n los siguientes d\u00edas del mes de setiembre: 5, 19 y 26, de 18:30 a 20 h, en el Centro de Salud Integral \u201cDr. Fernando Romero\u201d.<\/h3>\n<p><img decoding=\"async\" class=\"wp-image-21641 aligncenter\" src=\"https:\/\/apuntesdesanluis.com\/wp-content\/uploads\/2024\/09\/centro-de-salud-fernando-romero-300x186.png\" alt=\"\" width=\"576\" height=\"357\" srcset=\"https:\/\/apuntesdesanluis.com\/wp-content\/uploads\/2024\/09\/centro-de-salud-fernando-romero-300x186.png 300w, https:\/\/apuntesdesanluis.com\/wp-content\/uploads\/2024\/09\/centro-de-salud-fernando-romero.png 700w\" sizes=\"(max-width: 576px) 100vw, 576px\" \/><\/p>\n<h3>Participar\u00e1n alumnos de 3ro., 4to. y 5to. a\u00f1o de la Licenciatura en Kinesiolog\u00eda y Fisiatr\u00eda y graduados.<\/h3>\n<h3>Los coordinadores del proyecto son las Licenciadas Roc\u00edo Gonz\u00e1lez y Daniela Gim\u00e9nez, en tanto que la docente responsable es la Mag. Mar\u00eda Camila S\u00e1nchez.<\/h3>\n<h3><strong>TURNOS<\/strong><\/h3>\n<h3>Los interesados en solicitar turno para someterse a estos estudios, deben comunicarse con el Centro de Salud Integral. Para ello, deben comunicarse al <span style=\"color: #3366ff;\">TE 2657-636118<\/span>.<\/h3>\n<p>&nbsp;<\/p>\n<p>&nbsp;<\/p>\n<p>&nbsp;<\/p>\n<h3><\/h3>\n<h3><\/h3>\n<h3><\/h3>\n","protected":false},"excerpt":{"rendered":"<p>Como proyecto de extensi\u00f3n, desde la Licenciatura en Kinesiolog\u00eda y Fisiatr\u00eda realizar\u00e1n \u201cespirometr\u00edas basales y&#8230;<\/p>\n","protected":false},"author":1,"featured_media":21639,"comment_status":"closed","ping_status":"closed","sticky":false,"template":"","format":"standard","meta":{"footnotes":""},"categories":[6],"tags":[],"class_list":["post-21637","post","type-post","status-publish","format-standard","has-post-thumbnail","hentry","category-ciudad-provincia"],"yoast_head":"<!-- This site is optimized with the Yoast SEO plugin v26.1.1 - https:\/\/yoast.com\/wordpress\/plugins\/seo\/ -->\n<title>LA UNVIME OFRECER\u00c1 A LA COMUNIDAD ESTUDIOS PARA EL DIAGN\u00d3STICO DE ENFERMEDADES RESPIRATORIAS - Apuntes de San Luis<\/title>\n<meta name=\"robots\" content=\"index, follow, max-snippet:-1, max-image-preview:large, max-video-preview:-1\" \/>\n<link rel=\"canonical\" href=\"https:\/\/apuntesdesanluis.com\/index.php\/2024\/09\/01\/la-unvime-ofrecera-a-la-comunidad-estudios-para-el-diagnostico-de-enfermedades-respiratorias\/\" \/>\n<meta property=\"og:locale\" content=\"es_ES\" \/>\n<meta property=\"og:type\" content=\"article\" \/>\n<meta property=\"og:title\" content=\"LA UNVIME OFRECER\u00c1 A LA COMUNIDAD ESTUDIOS PARA EL DIAGN\u00d3STICO DE ENFERMEDADES RESPIRATORIAS - Apuntes de San Luis\" \/>\n<meta property=\"og:description\" content=\"Como proyecto de extensi\u00f3n, desde la Licenciatura en Kinesiolog\u00eda y Fisiatr\u00eda realizar\u00e1n \u201cespirometr\u00edas basales y...\" \/>\n<meta property=\"og:url\" content=\"https:\/\/apuntesdesanluis.com\/index.php\/2024\/09\/01\/la-unvime-ofrecera-a-la-comunidad-estudios-para-el-diagnostico-de-enfermedades-respiratorias\/\" \/>\n<meta property=\"og:site_name\" content=\"Apuntes de San Luis\" \/>\n<meta property=\"article:published_time\" content=\"2024-09-01T22:19:25+00:00\" \/>\n<meta property=\"og:image\" content=\"https:\/\/apuntesdesanluis.com\/wp-content\/uploads\/2024\/09\/espirometria-basal.png\" \/>\n\t<meta property=\"og:image:width\" content=\"700\" \/>\n\t<meta property=\"og:image:height\" content=\"408\" \/>\n\t<meta property=\"og:image:type\" content=\"image\/png\" \/>\n<meta name=\"author\" content=\"apuntesdesanluis.com\" \/>\n<meta name=\"twitter:card\" content=\"summary_large_image\" \/>\n<meta name=\"twitter:label1\" content=\"Escrito por\" \/>\n\t<meta name=\"twitter:data1\" content=\"apuntesdesanluis.com\" \/>\n\t<meta name=\"twitter:label2\" content=\"Tiempo de lectura\" \/>\n\t<meta name=\"twitter:data2\" content=\"3 minutos\" \/>\n<script type=\"application\/ld+json\" class=\"yoast-schema-graph\">{\"@context\":\"https:\/\/schema.org\",\"@graph\":[{\"@type\":\"Article\",\"@id\":\"https:\/\/apuntesdesanluis.com\/index.php\/2024\/09\/01\/la-unvime-ofrecera-a-la-comunidad-estudios-para-el-diagnostico-de-enfermedades-respiratorias\/#article\",\"isPartOf\":{\"@id\":\"https:\/\/apuntesdesanluis.com\/index.php\/2024\/09\/01\/la-unvime-ofrecera-a-la-comunidad-estudios-para-el-diagnostico-de-enfermedades-respiratorias\/\"},\"author\":{\"name\":\"apuntesdesanluis.com\",\"@id\":\"https:\/\/apuntesdesanluis.com\/#\/schema\/person\/b55151d52296fcce64d1a72538a70b90\"},\"headline\":\"LA UNVIME OFRECER\u00c1 A LA COMUNIDAD ESTUDIOS PARA EL DIAGN\u00d3STICO DE ENFERMEDADES RESPIRATORIAS\",\"datePublished\":\"2024-09-01T22:19:25+00:00\",\"mainEntityOfPage\":{\"@id\":\"https:\/\/apuntesdesanluis.com\/index.php\/2024\/09\/01\/la-unvime-ofrecera-a-la-comunidad-estudios-para-el-diagnostico-de-enfermedades-respiratorias\/\"},\"wordCount\":379,\"publisher\":{\"@id\":\"https:\/\/apuntesdesanluis.com\/#\/schema\/person\/b55151d52296fcce64d1a72538a70b90\"},\"image\":{\"@id\":\"https:\/\/apuntesdesanluis.com\/index.php\/2024\/09\/01\/la-unvime-ofrecera-a-la-comunidad-estudios-para-el-diagnostico-de-enfermedades-respiratorias\/#primaryimage\"},\"thumbnailUrl\":\"https:\/\/apuntesdesanluis.com\/wp-content\/uploads\/2024\/09\/espirometria-basal.png\",\"articleSection\":[\"Ciudad\/Provincia\"],\"inLanguage\":\"es-AR\"},{\"@type\":\"WebPage\",\"@id\":\"https:\/\/apuntesdesanluis.com\/index.php\/2024\/09\/01\/la-unvime-ofrecera-a-la-comunidad-estudios-para-el-diagnostico-de-enfermedades-respiratorias\/\",\"url\":\"https:\/\/apuntesdesanluis.com\/index.php\/2024\/09\/01\/la-unvime-ofrecera-a-la-comunidad-estudios-para-el-diagnostico-de-enfermedades-respiratorias\/\",\"name\":\"LA UNVIME OFRECER\u00c1 A LA COMUNIDAD ESTUDIOS PARA EL DIAGN\u00d3STICO DE ENFERMEDADES RESPIRATORIAS - Apuntes de San Luis\",\"isPartOf\":{\"@id\":\"https:\/\/apuntesdesanluis.com\/#website\"},\"primaryImageOfPage\":{\"@id\":\"https:\/\/apuntesdesanluis.com\/index.php\/2024\/09\/01\/la-unvime-ofrecera-a-la-comunidad-estudios-para-el-diagnostico-de-enfermedades-respiratorias\/#primaryimage\"},\"image\":{\"@id\":\"https:\/\/apuntesdesanluis.com\/index.php\/2024\/09\/01\/la-unvime-ofrecera-a-la-comunidad-estudios-para-el-diagnostico-de-enfermedades-respiratorias\/#primaryimage\"},\"thumbnailUrl\":\"https:\/\/apuntesdesanluis.com\/wp-content\/uploads\/2024\/09\/espirometria-basal.png\",\"datePublished\":\"2024-09-01T22:19:25+00:00\",\"breadcrumb\":{\"@id\":\"https:\/\/apuntesdesanluis.com\/index.php\/2024\/09\/01\/la-unvime-ofrecera-a-la-comunidad-estudios-para-el-diagnostico-de-enfermedades-respiratorias\/#breadcrumb\"},\"inLanguage\":\"es-AR\",\"potentialAction\":[{\"@type\":\"ReadAction\",\"target\":[\"https:\/\/apuntesdesanluis.com\/index.php\/2024\/09\/01\/la-unvime-ofrecera-a-la-comunidad-estudios-para-el-diagnostico-de-enfermedades-respiratorias\/\"]}]},{\"@type\":\"ImageObject\",\"inLanguage\":\"es-AR\",\"@id\":\"https:\/\/apuntesdesanluis.com\/index.php\/2024\/09\/01\/la-unvime-ofrecera-a-la-comunidad-estudios-para-el-diagnostico-de-enfermedades-respiratorias\/#primaryimage\",\"url\":\"https:\/\/apuntesdesanluis.com\/wp-content\/uploads\/2024\/09\/espirometria-basal.png\",\"contentUrl\":\"https:\/\/apuntesdesanluis.com\/wp-content\/uploads\/2024\/09\/espirometria-basal.png\",\"width\":700,\"height\":408},{\"@type\":\"BreadcrumbList\",\"@id\":\"https:\/\/apuntesdesanluis.com\/index.php\/2024\/09\/01\/la-unvime-ofrecera-a-la-comunidad-estudios-para-el-diagnostico-de-enfermedades-respiratorias\/#breadcrumb\",\"itemListElement\":[{\"@type\":\"ListItem\",\"position\":1,\"name\":\"Inicio\",\"item\":\"https:\/\/apuntesdesanluis.com\/\"},{\"@type\":\"ListItem\",\"position\":2,\"name\":\"LA UNVIME OFRECER\u00c1 A LA COMUNIDAD ESTUDIOS PARA EL DIAGN\u00d3STICO DE ENFERMEDADES RESPIRATORIAS\"}]},{\"@type\":\"WebSite\",\"@id\":\"https:\/\/apuntesdesanluis.com\/#website\",\"url\":\"https:\/\/apuntesdesanluis.com\/\",\"name\":\"Apuntes de San Luis\",\"description\":\"\",\"publisher\":{\"@id\":\"https:\/\/apuntesdesanluis.com\/#\/schema\/person\/b55151d52296fcce64d1a72538a70b90\"},\"potentialAction\":[{\"@type\":\"SearchAction\",\"target\":{\"@type\":\"EntryPoint\",\"urlTemplate\":\"https:\/\/apuntesdesanluis.com\/?s={search_term_string}\"},\"query-input\":{\"@type\":\"PropertyValueSpecification\",\"valueRequired\":true,\"valueName\":\"search_term_string\"}}],\"inLanguage\":\"es-AR\"},{\"@type\":[\"Person\",\"Organization\"],\"@id\":\"https:\/\/apuntesdesanluis.com\/#\/schema\/person\/b55151d52296fcce64d1a72538a70b90\",\"name\":\"apuntesdesanluis.com\",\"image\":{\"@type\":\"ImageObject\",\"inLanguage\":\"es-AR\",\"@id\":\"https:\/\/apuntesdesanluis.com\/#\/schema\/person\/image\/\",\"url\":\"https:\/\/apuntesdesanluis.com\/wp-content\/uploads\/2023\/07\/cropped-apuntesdesanluis.png\",\"contentUrl\":\"https:\/\/apuntesdesanluis.com\/wp-content\/uploads\/2023\/07\/cropped-apuntesdesanluis.png\",\"width\":450,\"height\":112,\"caption\":\"apuntesdesanluis.com\"},\"logo\":{\"@id\":\"https:\/\/apuntesdesanluis.com\/#\/schema\/person\/image\/\"},\"sameAs\":[\"https:\/\/apuntesdesanluis.com\"],\"url\":\"https:\/\/apuntesdesanluis.com\/index.php\/author\/apuntesdesanluis-com\/\"}]}<\/script>\n<!-- \/ Yoast SEO plugin. -->","yoast_head_json":{"title":"LA UNVIME OFRECER\u00c1 A LA COMUNIDAD ESTUDIOS PARA EL DIAGN\u00d3STICO DE ENFERMEDADES RESPIRATORIAS - Apuntes de San Luis","robots":{"index":"index","follow":"follow","max-snippet":"max-snippet:-1","max-image-preview":"max-image-preview:large","max-video-preview":"max-video-preview:-1"},"canonical":"https:\/\/apuntesdesanluis.com\/index.php\/2024\/09\/01\/la-unvime-ofrecera-a-la-comunidad-estudios-para-el-diagnostico-de-enfermedades-respiratorias\/","og_locale":"es_ES","og_type":"article","og_title":"LA UNVIME OFRECER\u00c1 A LA COMUNIDAD ESTUDIOS PARA EL DIAGN\u00d3STICO DE ENFERMEDADES RESPIRATORIAS - Apuntes de San Luis","og_description":"Como proyecto de extensi\u00f3n, desde la Licenciatura en Kinesiolog\u00eda y Fisiatr\u00eda realizar\u00e1n \u201cespirometr\u00edas basales y...","og_url":"https:\/\/apuntesdesanluis.com\/index.php\/2024\/09\/01\/la-unvime-ofrecera-a-la-comunidad-estudios-para-el-diagnostico-de-enfermedades-respiratorias\/","og_site_name":"Apuntes de San Luis","article_published_time":"2024-09-01T22:19:25+00:00","og_image":[{"width":700,"height":408,"url":"https:\/\/apuntesdesanluis.com\/wp-content\/uploads\/2024\/09\/espirometria-basal.png","type":"image\/png"}],"author":"apuntesdesanluis.com","twitter_card":"summary_large_image","twitter_misc":{"Escrito por":"apuntesdesanluis.com","Tiempo de lectura":"3 minutos"},"schema":{"@context":"https:\/\/schema.org","@graph":[{"@type":"Article","@id":"https:\/\/apuntesdesanluis.com\/index.php\/2024\/09\/01\/la-unvime-ofrecera-a-la-comunidad-estudios-para-el-diagnostico-de-enfermedades-respiratorias\/#article","isPartOf":{"@id":"https:\/\/apuntesdesanluis.com\/index.php\/2024\/09\/01\/la-unvime-ofrecera-a-la-comunidad-estudios-para-el-diagnostico-de-enfermedades-respiratorias\/"},"author":{"name":"apuntesdesanluis.com","@id":"https:\/\/apuntesdesanluis.com\/#\/schema\/person\/b55151d52296fcce64d1a72538a70b90"},"headline":"LA UNVIME OFRECER\u00c1 A LA COMUNIDAD ESTUDIOS PARA EL DIAGN\u00d3STICO DE ENFERMEDADES RESPIRATORIAS","datePublished":"2024-09-01T22:19:25+00:00","mainEntityOfPage":{"@id":"https:\/\/apuntesdesanluis.com\/index.php\/2024\/09\/01\/la-unvime-ofrecera-a-la-comunidad-estudios-para-el-diagnostico-de-enfermedades-respiratorias\/"},"wordCount":379,"publisher":{"@id":"https:\/\/apuntesdesanluis.com\/#\/schema\/person\/b55151d52296fcce64d1a72538a70b90"},"image":{"@id":"https:\/\/apuntesdesanluis.com\/index.php\/2024\/09\/01\/la-unvime-ofrecera-a-la-comunidad-estudios-para-el-diagnostico-de-enfermedades-respiratorias\/#primaryimage"},"thumbnailUrl":"https:\/\/apuntesdesanluis.com\/wp-content\/uploads\/2024\/09\/espirometria-basal.png","articleSection":["Ciudad\/Provincia"],"inLanguage":"es-AR"},{"@type":"WebPage","@id":"https:\/\/apuntesdesanluis.com\/index.php\/2024\/09\/01\/la-unvime-ofrecera-a-la-comunidad-estudios-para-el-diagnostico-de-enfermedades-respiratorias\/","url":"https:\/\/apuntesdesanluis.com\/index.php\/2024\/09\/01\/la-unvime-ofrecera-a-la-comunidad-estudios-para-el-diagnostico-de-enfermedades-respiratorias\/","name":"LA UNVIME OFRECER\u00c1 A LA COMUNIDAD ESTUDIOS PARA EL DIAGN\u00d3STICO DE ENFERMEDADES RESPIRATORIAS - Apuntes de San Luis","isPartOf":{"@id":"https:\/\/apuntesdesanluis.com\/#website"},"primaryImageOfPage":{"@id":"https:\/\/apuntesdesanluis.com\/index.php\/2024\/09\/01\/la-unvime-ofrecera-a-la-comunidad-estudios-para-el-diagnostico-de-enfermedades-respiratorias\/#primaryimage"},"image":{"@id":"https:\/\/apuntesdesanluis.com\/index.php\/2024\/09\/01\/la-unvime-ofrecera-a-la-comunidad-estudios-para-el-diagnostico-de-enfermedades-respiratorias\/#primaryimage"},"thumbnailUrl":"https:\/\/apuntesdesanluis.com\/wp-content\/uploads\/2024\/09\/espirometria-basal.png","datePublished":"2024-09-01T22:19:25+00:00","breadcrumb":{"@id":"https:\/\/apuntesdesanluis.com\/index.php\/2024\/09\/01\/la-unvime-ofrecera-a-la-comunidad-estudios-para-el-diagnostico-de-enfermedades-respiratorias\/#breadcrumb"},"inLanguage":"es-AR","potentialAction":[{"@type":"ReadAction","target":["https:\/\/apuntesdesanluis.com\/index.php\/2024\/09\/01\/la-unvime-ofrecera-a-la-comunidad-estudios-para-el-diagnostico-de-enfermedades-respiratorias\/"]}]},{"@type":"ImageObject","inLanguage":"es-AR","@id":"https:\/\/apuntesdesanluis.com\/index.php\/2024\/09\/01\/la-unvime-ofrecera-a-la-comunidad-estudios-para-el-diagnostico-de-enfermedades-respiratorias\/#primaryimage","url":"https:\/\/apuntesdesanluis.com\/wp-content\/uploads\/2024\/09\/espirometria-basal.png","contentUrl":"https:\/\/apuntesdesanluis.com\/wp-content\/uploads\/2024\/09\/espirometria-basal.png","width":700,"height":408},{"@type":"BreadcrumbList","@id":"https:\/\/apuntesdesanluis.com\/index.php\/2024\/09\/01\/la-unvime-ofrecera-a-la-comunidad-estudios-para-el-diagnostico-de-enfermedades-respiratorias\/#breadcrumb","itemListElement":[{"@type":"ListItem","position":1,"name":"Inicio","item":"https:\/\/apuntesdesanluis.com\/"},{"@type":"ListItem","position":2,"name":"LA UNVIME OFRECER\u00c1 A LA COMUNIDAD ESTUDIOS PARA EL DIAGN\u00d3STICO DE ENFERMEDADES RESPIRATORIAS"}]},{"@type":"WebSite","@id":"https:\/\/apuntesdesanluis.com\/#website","url":"https:\/\/apuntesdesanluis.com\/","name":"Apuntes de San Luis","description":"","publisher":{"@id":"https:\/\/apuntesdesanluis.com\/#\/schema\/person\/b55151d52296fcce64d1a72538a70b90"},"potentialAction":[{"@type":"SearchAction","target":{"@type":"EntryPoint","urlTemplate":"https:\/\/apuntesdesanluis.com\/?s={search_term_string}"},"query-input":{"@type":"PropertyValueSpecification","valueRequired":true,"valueName":"search_term_string"}}],"inLanguage":"es-AR"},{"@type":["Person","Organization"],"@id":"https:\/\/apuntesdesanluis.com\/#\/schema\/person\/b55151d52296fcce64d1a72538a70b90","name":"apuntesdesanluis.com","image":{"@type":"ImageObject","inLanguage":"es-AR","@id":"https:\/\/apuntesdesanluis.com\/#\/schema\/person\/image\/","url":"https:\/\/apuntesdesanluis.com\/wp-content\/uploads\/2023\/07\/cropped-apuntesdesanluis.png","contentUrl":"https:\/\/apuntesdesanluis.com\/wp-content\/uploads\/2023\/07\/cropped-apuntesdesanluis.png","width":450,"height":112,"caption":"apuntesdesanluis.com"},"logo":{"@id":"https:\/\/apuntesdesanluis.com\/#\/schema\/person\/image\/"},"sameAs":["https:\/\/apuntesdesanluis.com"],"url":"https:\/\/apuntesdesanluis.com\/index.php\/author\/apuntesdesanluis-com\/"}]}},"featured_image_urls":{"full":["https:\/\/apuntesdesanluis.com\/wp-content\/uploads\/2024\/09\/espirometria-basal.png",700,408,false],"thumbnail":["https:\/\/apuntesdesanluis.com\/wp-content\/uploads\/2024\/09\/espirometria-basal-150x150.png",150,150,true],"medium":["https:\/\/apuntesdesanluis.com\/wp-content\/uploads\/2024\/09\/espirometria-basal-300x175.png",300,175,true],"medium_large":["https:\/\/apuntesdesanluis.com\/wp-content\/uploads\/2024\/09\/espirometria-basal.png",640,373,false],"large":["https:\/\/apuntesdesanluis.com\/wp-content\/uploads\/2024\/09\/espirometria-basal.png",640,373,false],"1536x1536":["https:\/\/apuntesdesanluis.com\/wp-content\/uploads\/2024\/09\/espirometria-basal.png",700,408,false],"2048x2048":["https:\/\/apuntesdesanluis.com\/wp-content\/uploads\/2024\/09\/espirometria-basal.png",700,408,false],"newsever-slider-full":["https:\/\/apuntesdesanluis.com\/wp-content\/uploads\/2024\/09\/espirometria-basal.png",700,408,false],"newsever-featured":["https:\/\/apuntesdesanluis.com\/wp-content\/uploads\/2024\/09\/espirometria-basal.png",700,408,false],"newsever-medium":["https:\/\/apuntesdesanluis.com\/wp-content\/uploads\/2024\/09\/espirometria-basal.png",700,408,false]},"author_info":{"display_name":"apuntesdesanluis.com","author_link":"https:\/\/apuntesdesanluis.com\/index.php\/author\/apuntesdesanluis-com\/"},"category_info":"<a href=\"https:\/\/apuntesdesanluis.com\/index.php\/category\/ciudad-provincia\/\" rel=\"category tag\">Ciudad\/Provincia<\/a>","tag_info":"Ciudad\/Provincia","comment_count":"0","_links":{"self":[{"href":"https:\/\/apuntesdesanluis.com\/index.php\/wp-json\/wp\/v2\/posts\/21637","targetHints":{"allow":["GET"]}}],"collection":[{"href":"https:\/\/apuntesdesanluis.com\/index.php\/wp-json\/wp\/v2\/posts"}],"about":[{"href":"https:\/\/apuntesdesanluis.com\/index.php\/wp-json\/wp\/v2\/types\/post"}],"author":[{"embeddable":true,"href":"https:\/\/apuntesdesanluis.com\/index.php\/wp-json\/wp\/v2\/users\/1"}],"replies":[{"embeddable":true,"href":"https:\/\/apuntesdesanluis.com\/index.php\/wp-json\/wp\/v2\/comments?post=21637"}],"version-history":[{"count":2,"href":"https:\/\/apuntesdesanluis.com\/index.php\/wp-json\/wp\/v2\/posts\/21637\/revisions"}],"predecessor-version":[{"id":21642,"href":"https:\/\/apuntesdesanluis.com\/index.php\/wp-json\/wp\/v2\/posts\/21637\/revisions\/21642"}],"wp:featuredmedia":[{"embeddable":true,"href":"https:\/\/apuntesdesanluis.com\/index.php\/wp-json\/wp\/v2\/media\/21639"}],"wp:attachment":[{"href":"https:\/\/apuntesdesanluis.com\/index.php\/wp-json\/wp\/v2\/media?parent=21637"}],"wp:term":[{"taxonomy":"category","embeddable":true,"href":"https:\/\/apuntesdesanluis.com\/index.php\/wp-json\/wp\/v2\/categories?post=21637"},{"taxonomy":"post_tag","embeddable":true,"href":"https:\/\/apuntesdesanluis.com\/index.php\/wp-json\/wp\/v2\/tags?post=21637"}],"curies":[{"name":"wp","href":"https:\/\/api.w.org\/{rel}","templated":true}]}}