{"id":21656,"date":"2024-09-02T12:49:33","date_gmt":"2024-09-02T15:49:33","guid":{"rendered":"https:\/\/apuntesdesanluis.com\/?p=21656"},"modified":"2024-09-02T12:51:01","modified_gmt":"2024-09-02T15:51:01","slug":"declararon-alerta-roja-por-posibles-incendios-forestales-y-suspendieron-las-quemas-controladas","status":"publish","type":"post","link":"https:\/\/apuntesdesanluis.com\/index.php\/2024\/09\/02\/declararon-alerta-roja-por-posibles-incendios-forestales-y-suspendieron-las-quemas-controladas\/","title":{"rendered":"DECLARARON ALERTA ROJA POR POSIBLES INCENDIOS FORESTALES Y SUSPENDIERON LAS QUEMAS CONTROLADAS"},"content":{"rendered":"<h3>La D<strong>irecci\u00f3n de Prevenci\u00f3n y Gesti\u00f3n de la Emergencia<\/strong>, dependiente del <strong>Ministerio de Seguridad<\/strong>, declar\u00f3 el alerta roja en toda la provincia debido a la intensa sequedad del terreno, los fuertes vientos t\u00edpicos de esta \u00e9poca del a\u00f1o y la consecuente posibilidad de incendios forestales.<\/h3>\n<h3>Como medida preventiva, las autoridades ordenaron la suspensi\u00f3n inmediata de todas las quemas controladas.<\/h3>\n<h3>Se solicita a la poblaci\u00f3n tomar medidas de precauci\u00f3n adicionales, ya que las condiciones actuales pueden hacer que incluso un peque\u00f1o foco de incendio se convierta en una amenaza grave. Ante cualquier se\u00f1al de humo o fuego, es importante llamar al 911 para que los equipos de emergencia puedan intervenir r\u00e1pidamente.<\/h3>\n<h3><img fetchpriority=\"high\" decoding=\"async\" class=\"wp-image-21658 aligncenter\" src=\"https:\/\/apuntesdesanluis.com\/wp-content\/uploads\/2024\/09\/flyer-incendios-164x300.png\" alt=\"\" width=\"352\" height=\"643\" srcset=\"https:\/\/apuntesdesanluis.com\/wp-content\/uploads\/2024\/09\/flyer-incendios-164x300.png 164w, https:\/\/apuntesdesanluis.com\/wp-content\/uploads\/2024\/09\/flyer-incendios.png 475w\" sizes=\"(max-width: 352px) 100vw, 352px\" \/><\/h3>\n<h3>El Ministerio de Seguridad lleva a cabo operativos conjuntos con los brigadistas para el monitoreo y recorrido de las zonas m\u00e1s vulnerables, y asegurar una respuesta r\u00e1pida ante cualquier emergencia.<\/h3>\n<h3>La prevenci\u00f3n y la colaboraci\u00f3n ciudadana es esencial en estos momentos para proteger y preservar la seguridad de los recursos naturales en esta situaci\u00f3n cr\u00edtica.<\/h3>\n<h3><\/h3>\n<h3><\/h3>\n<p>&nbsp;<\/p>\n<h3><\/h3>\n","protected":false},"excerpt":{"rendered":"<p>La Direcci\u00f3n de Prevenci\u00f3n y Gesti\u00f3n de la Emergencia, dependiente del Ministerio de Seguridad, declar\u00f3&#8230;<\/p>\n","protected":false},"author":1,"featured_media":21657,"comment_status":"closed","ping_status":"closed","sticky":false,"template":"","format":"standard","meta":{"footnotes":""},"categories":[6],"tags":[],"class_list":["post-21656","post","type-post","status-publish","format-standard","has-post-thumbnail","hentry","category-ciudad-provincia"],"yoast_head":"<!-- This site is optimized with the Yoast SEO plugin v26.1.1 - https:\/\/yoast.com\/wordpress\/plugins\/seo\/ -->\n<title>DECLARARON ALERTA ROJA POR POSIBLES INCENDIOS FORESTALES Y SUSPENDIERON LAS QUEMAS CONTROLADAS - Apuntes de San Luis<\/title>\n<meta name=\"robots\" content=\"index, follow, max-snippet:-1, max-image-preview:large, max-video-preview:-1\" \/>\n<link rel=\"canonical\" href=\"https:\/\/apuntesdesanluis.com\/index.php\/2024\/09\/02\/declararon-alerta-roja-por-posibles-incendios-forestales-y-suspendieron-las-quemas-controladas\/\" \/>\n<meta property=\"og:locale\" content=\"es_ES\" \/>\n<meta property=\"og:type\" content=\"article\" \/>\n<meta property=\"og:title\" content=\"DECLARARON ALERTA ROJA POR POSIBLES INCENDIOS FORESTALES Y SUSPENDIERON LAS QUEMAS CONTROLADAS - Apuntes de San Luis\" \/>\n<meta property=\"og:description\" content=\"La Direcci\u00f3n de Prevenci\u00f3n y Gesti\u00f3n de la Emergencia, dependiente del Ministerio de Seguridad, declar\u00f3...\" \/>\n<meta property=\"og:url\" content=\"https:\/\/apuntesdesanluis.com\/index.php\/2024\/09\/02\/declararon-alerta-roja-por-posibles-incendios-forestales-y-suspendieron-las-quemas-controladas\/\" \/>\n<meta property=\"og:site_name\" content=\"Apuntes de San Luis\" \/>\n<meta property=\"article:published_time\" content=\"2024-09-02T15:49:33+00:00\" \/>\n<meta property=\"article:modified_time\" content=\"2024-09-02T15:51:01+00:00\" \/>\n<meta property=\"og:image\" content=\"https:\/\/apuntesdesanluis.com\/wp-content\/uploads\/2024\/09\/Futbol.png\" \/>\n\t<meta property=\"og:image:width\" content=\"606\" \/>\n\t<meta property=\"og:image:height\" content=\"376\" \/>\n\t<meta property=\"og:image:type\" content=\"image\/png\" \/>\n<meta name=\"author\" content=\"apuntesdesanluis.com\" \/>\n<meta name=\"twitter:card\" content=\"summary_large_image\" \/>\n<meta name=\"twitter:label1\" content=\"Escrito por\" \/>\n\t<meta name=\"twitter:data1\" content=\"apuntesdesanluis.com\" \/>\n\t<meta name=\"twitter:label2\" content=\"Tiempo de lectura\" \/>\n\t<meta name=\"twitter:data2\" content=\"2 minutos\" \/>\n<script type=\"application\/ld+json\" class=\"yoast-schema-graph\">{\"@context\":\"https:\/\/schema.org\",\"@graph\":[{\"@type\":\"Article\",\"@id\":\"https:\/\/apuntesdesanluis.com\/index.php\/2024\/09\/02\/declararon-alerta-roja-por-posibles-incendios-forestales-y-suspendieron-las-quemas-controladas\/#article\",\"isPartOf\":{\"@id\":\"https:\/\/apuntesdesanluis.com\/index.php\/2024\/09\/02\/declararon-alerta-roja-por-posibles-incendios-forestales-y-suspendieron-las-quemas-controladas\/\"},\"author\":{\"name\":\"apuntesdesanluis.com\",\"@id\":\"https:\/\/apuntesdesanluis.com\/#\/schema\/person\/b55151d52296fcce64d1a72538a70b90\"},\"headline\":\"DECLARARON ALERTA ROJA POR POSIBLES INCENDIOS FORESTALES Y SUSPENDIERON LAS QUEMAS CONTROLADAS\",\"datePublished\":\"2024-09-02T15:49:33+00:00\",\"dateModified\":\"2024-09-02T15:51:01+00:00\",\"mainEntityOfPage\":{\"@id\":\"https:\/\/apuntesdesanluis.com\/index.php\/2024\/09\/02\/declararon-alerta-roja-por-posibles-incendios-forestales-y-suspendieron-las-quemas-controladas\/\"},\"wordCount\":194,\"publisher\":{\"@id\":\"https:\/\/apuntesdesanluis.com\/#\/schema\/person\/b55151d52296fcce64d1a72538a70b90\"},\"image\":{\"@id\":\"https:\/\/apuntesdesanluis.com\/index.php\/2024\/09\/02\/declararon-alerta-roja-por-posibles-incendios-forestales-y-suspendieron-las-quemas-controladas\/#primaryimage\"},\"thumbnailUrl\":\"https:\/\/apuntesdesanluis.com\/wp-content\/uploads\/2024\/09\/Futbol.png\",\"articleSection\":[\"Ciudad\/Provincia\"],\"inLanguage\":\"es-AR\"},{\"@type\":\"WebPage\",\"@id\":\"https:\/\/apuntesdesanluis.com\/index.php\/2024\/09\/02\/declararon-alerta-roja-por-posibles-incendios-forestales-y-suspendieron-las-quemas-controladas\/\",\"url\":\"https:\/\/apuntesdesanluis.com\/index.php\/2024\/09\/02\/declararon-alerta-roja-por-posibles-incendios-forestales-y-suspendieron-las-quemas-controladas\/\",\"name\":\"DECLARARON ALERTA ROJA POR POSIBLES INCENDIOS FORESTALES Y SUSPENDIERON LAS QUEMAS CONTROLADAS - Apuntes de San Luis\",\"isPartOf\":{\"@id\":\"https:\/\/apuntesdesanluis.com\/#website\"},\"primaryImageOfPage\":{\"@id\":\"https:\/\/apuntesdesanluis.com\/index.php\/2024\/09\/02\/declararon-alerta-roja-por-posibles-incendios-forestales-y-suspendieron-las-quemas-controladas\/#primaryimage\"},\"image\":{\"@id\":\"https:\/\/apuntesdesanluis.com\/index.php\/2024\/09\/02\/declararon-alerta-roja-por-posibles-incendios-forestales-y-suspendieron-las-quemas-controladas\/#primaryimage\"},\"thumbnailUrl\":\"https:\/\/apuntesdesanluis.com\/wp-content\/uploads\/2024\/09\/Futbol.png\",\"datePublished\":\"2024-09-02T15:49:33+00:00\",\"dateModified\":\"2024-09-02T15:51:01+00:00\",\"breadcrumb\":{\"@id\":\"https:\/\/apuntesdesanluis.com\/index.php\/2024\/09\/02\/declararon-alerta-roja-por-posibles-incendios-forestales-y-suspendieron-las-quemas-controladas\/#breadcrumb\"},\"inLanguage\":\"es-AR\",\"potentialAction\":[{\"@type\":\"ReadAction\",\"target\":[\"https:\/\/apuntesdesanluis.com\/index.php\/2024\/09\/02\/declararon-alerta-roja-por-posibles-incendios-forestales-y-suspendieron-las-quemas-controladas\/\"]}]},{\"@type\":\"ImageObject\",\"inLanguage\":\"es-AR\",\"@id\":\"https:\/\/apuntesdesanluis.com\/index.php\/2024\/09\/02\/declararon-alerta-roja-por-posibles-incendios-forestales-y-suspendieron-las-quemas-controladas\/#primaryimage\",\"url\":\"https:\/\/apuntesdesanluis.com\/wp-content\/uploads\/2024\/09\/Futbol.png\",\"contentUrl\":\"https:\/\/apuntesdesanluis.com\/wp-content\/uploads\/2024\/09\/Futbol.png\",\"width\":606,\"height\":376},{\"@type\":\"BreadcrumbList\",\"@id\":\"https:\/\/apuntesdesanluis.com\/index.php\/2024\/09\/02\/declararon-alerta-roja-por-posibles-incendios-forestales-y-suspendieron-las-quemas-controladas\/#breadcrumb\",\"itemListElement\":[{\"@type\":\"ListItem\",\"position\":1,\"name\":\"Inicio\",\"item\":\"https:\/\/apuntesdesanluis.com\/\"},{\"@type\":\"ListItem\",\"position\":2,\"name\":\"DECLARARON ALERTA ROJA POR POSIBLES INCENDIOS FORESTALES Y SUSPENDIERON LAS QUEMAS CONTROLADAS\"}]},{\"@type\":\"WebSite\",\"@id\":\"https:\/\/apuntesdesanluis.com\/#website\",\"url\":\"https:\/\/apuntesdesanluis.com\/\",\"name\":\"Apuntes de San Luis\",\"description\":\"\",\"publisher\":{\"@id\":\"https:\/\/apuntesdesanluis.com\/#\/schema\/person\/b55151d52296fcce64d1a72538a70b90\"},\"potentialAction\":[{\"@type\":\"SearchAction\",\"target\":{\"@type\":\"EntryPoint\",\"urlTemplate\":\"https:\/\/apuntesdesanluis.com\/?s={search_term_string}\"},\"query-input\":{\"@type\":\"PropertyValueSpecification\",\"valueRequired\":true,\"valueName\":\"search_term_string\"}}],\"inLanguage\":\"es-AR\"},{\"@type\":[\"Person\",\"Organization\"],\"@id\":\"https:\/\/apuntesdesanluis.com\/#\/schema\/person\/b55151d52296fcce64d1a72538a70b90\",\"name\":\"apuntesdesanluis.com\",\"image\":{\"@type\":\"ImageObject\",\"inLanguage\":\"es-AR\",\"@id\":\"https:\/\/apuntesdesanluis.com\/#\/schema\/person\/image\/\",\"url\":\"https:\/\/apuntesdesanluis.com\/wp-content\/uploads\/2023\/07\/cropped-apuntesdesanluis.png\",\"contentUrl\":\"https:\/\/apuntesdesanluis.com\/wp-content\/uploads\/2023\/07\/cropped-apuntesdesanluis.png\",\"width\":450,\"height\":112,\"caption\":\"apuntesdesanluis.com\"},\"logo\":{\"@id\":\"https:\/\/apuntesdesanluis.com\/#\/schema\/person\/image\/\"},\"sameAs\":[\"https:\/\/apuntesdesanluis.com\"],\"url\":\"https:\/\/apuntesdesanluis.com\/index.php\/author\/apuntesdesanluis-com\/\"}]}<\/script>\n<!-- \/ Yoast SEO plugin. -->","yoast_head_json":{"title":"DECLARARON ALERTA ROJA POR POSIBLES INCENDIOS FORESTALES Y SUSPENDIERON LAS QUEMAS CONTROLADAS - Apuntes de San Luis","robots":{"index":"index","follow":"follow","max-snippet":"max-snippet:-1","max-image-preview":"max-image-preview:large","max-video-preview":"max-video-preview:-1"},"canonical":"https:\/\/apuntesdesanluis.com\/index.php\/2024\/09\/02\/declararon-alerta-roja-por-posibles-incendios-forestales-y-suspendieron-las-quemas-controladas\/","og_locale":"es_ES","og_type":"article","og_title":"DECLARARON ALERTA ROJA POR POSIBLES INCENDIOS FORESTALES Y SUSPENDIERON LAS QUEMAS CONTROLADAS - Apuntes de San Luis","og_description":"La Direcci\u00f3n de Prevenci\u00f3n y Gesti\u00f3n de la Emergencia, dependiente del Ministerio de Seguridad, declar\u00f3...","og_url":"https:\/\/apuntesdesanluis.com\/index.php\/2024\/09\/02\/declararon-alerta-roja-por-posibles-incendios-forestales-y-suspendieron-las-quemas-controladas\/","og_site_name":"Apuntes de San Luis","article_published_time":"2024-09-02T15:49:33+00:00","article_modified_time":"2024-09-02T15:51:01+00:00","og_image":[{"width":606,"height":376,"url":"https:\/\/apuntesdesanluis.com\/wp-content\/uploads\/2024\/09\/Futbol.png","type":"image\/png"}],"author":"apuntesdesanluis.com","twitter_card":"summary_large_image","twitter_misc":{"Escrito por":"apuntesdesanluis.com","Tiempo de lectura":"2 minutos"},"schema":{"@context":"https:\/\/schema.org","@graph":[{"@type":"Article","@id":"https:\/\/apuntesdesanluis.com\/index.php\/2024\/09\/02\/declararon-alerta-roja-por-posibles-incendios-forestales-y-suspendieron-las-quemas-controladas\/#article","isPartOf":{"@id":"https:\/\/apuntesdesanluis.com\/index.php\/2024\/09\/02\/declararon-alerta-roja-por-posibles-incendios-forestales-y-suspendieron-las-quemas-controladas\/"},"author":{"name":"apuntesdesanluis.com","@id":"https:\/\/apuntesdesanluis.com\/#\/schema\/person\/b55151d52296fcce64d1a72538a70b90"},"headline":"DECLARARON ALERTA ROJA POR POSIBLES INCENDIOS FORESTALES Y SUSPENDIERON LAS QUEMAS CONTROLADAS","datePublished":"2024-09-02T15:49:33+00:00","dateModified":"2024-09-02T15:51:01+00:00","mainEntityOfPage":{"@id":"https:\/\/apuntesdesanluis.com\/index.php\/2024\/09\/02\/declararon-alerta-roja-por-posibles-incendios-forestales-y-suspendieron-las-quemas-controladas\/"},"wordCount":194,"publisher":{"@id":"https:\/\/apuntesdesanluis.com\/#\/schema\/person\/b55151d52296fcce64d1a72538a70b90"},"image":{"@id":"https:\/\/apuntesdesanluis.com\/index.php\/2024\/09\/02\/declararon-alerta-roja-por-posibles-incendios-forestales-y-suspendieron-las-quemas-controladas\/#primaryimage"},"thumbnailUrl":"https:\/\/apuntesdesanluis.com\/wp-content\/uploads\/2024\/09\/Futbol.png","articleSection":["Ciudad\/Provincia"],"inLanguage":"es-AR"},{"@type":"WebPage","@id":"https:\/\/apuntesdesanluis.com\/index.php\/2024\/09\/02\/declararon-alerta-roja-por-posibles-incendios-forestales-y-suspendieron-las-quemas-controladas\/","url":"https:\/\/apuntesdesanluis.com\/index.php\/2024\/09\/02\/declararon-alerta-roja-por-posibles-incendios-forestales-y-suspendieron-las-quemas-controladas\/","name":"DECLARARON ALERTA ROJA POR POSIBLES INCENDIOS FORESTALES Y SUSPENDIERON LAS QUEMAS CONTROLADAS - Apuntes de San Luis","isPartOf":{"@id":"https:\/\/apuntesdesanluis.com\/#website"},"primaryImageOfPage":{"@id":"https:\/\/apuntesdesanluis.com\/index.php\/2024\/09\/02\/declararon-alerta-roja-por-posibles-incendios-forestales-y-suspendieron-las-quemas-controladas\/#primaryimage"},"image":{"@id":"https:\/\/apuntesdesanluis.com\/index.php\/2024\/09\/02\/declararon-alerta-roja-por-posibles-incendios-forestales-y-suspendieron-las-quemas-controladas\/#primaryimage"},"thumbnailUrl":"https:\/\/apuntesdesanluis.com\/wp-content\/uploads\/2024\/09\/Futbol.png","datePublished":"2024-09-02T15:49:33+00:00","dateModified":"2024-09-02T15:51:01+00:00","breadcrumb":{"@id":"https:\/\/apuntesdesanluis.com\/index.php\/2024\/09\/02\/declararon-alerta-roja-por-posibles-incendios-forestales-y-suspendieron-las-quemas-controladas\/#breadcrumb"},"inLanguage":"es-AR","potentialAction":[{"@type":"ReadAction","target":["https:\/\/apuntesdesanluis.com\/index.php\/2024\/09\/02\/declararon-alerta-roja-por-posibles-incendios-forestales-y-suspendieron-las-quemas-controladas\/"]}]},{"@type":"ImageObject","inLanguage":"es-AR","@id":"https:\/\/apuntesdesanluis.com\/index.php\/2024\/09\/02\/declararon-alerta-roja-por-posibles-incendios-forestales-y-suspendieron-las-quemas-controladas\/#primaryimage","url":"https:\/\/apuntesdesanluis.com\/wp-content\/uploads\/2024\/09\/Futbol.png","contentUrl":"https:\/\/apuntesdesanluis.com\/wp-content\/uploads\/2024\/09\/Futbol.png","width":606,"height":376},{"@type":"BreadcrumbList","@id":"https:\/\/apuntesdesanluis.com\/index.php\/2024\/09\/02\/declararon-alerta-roja-por-posibles-incendios-forestales-y-suspendieron-las-quemas-controladas\/#breadcrumb","itemListElement":[{"@type":"ListItem","position":1,"name":"Inicio","item":"https:\/\/apuntesdesanluis.com\/"},{"@type":"ListItem","position":2,"name":"DECLARARON ALERTA ROJA POR POSIBLES INCENDIOS FORESTALES Y SUSPENDIERON LAS QUEMAS CONTROLADAS"}]},{"@type":"WebSite","@id":"https:\/\/apuntesdesanluis.com\/#website","url":"https:\/\/apuntesdesanluis.com\/","name":"Apuntes de San Luis","description":"","publisher":{"@id":"https:\/\/apuntesdesanluis.com\/#\/schema\/person\/b55151d52296fcce64d1a72538a70b90"},"potentialAction":[{"@type":"SearchAction","target":{"@type":"EntryPoint","urlTemplate":"https:\/\/apuntesdesanluis.com\/?s={search_term_string}"},"query-input":{"@type":"PropertyValueSpecification","valueRequired":true,"valueName":"search_term_string"}}],"inLanguage":"es-AR"},{"@type":["Person","Organization"],"@id":"https:\/\/apuntesdesanluis.com\/#\/schema\/person\/b55151d52296fcce64d1a72538a70b90","name":"apuntesdesanluis.com","image":{"@type":"ImageObject","inLanguage":"es-AR","@id":"https:\/\/apuntesdesanluis.com\/#\/schema\/person\/image\/","url":"https:\/\/apuntesdesanluis.com\/wp-content\/uploads\/2023\/07\/cropped-apuntesdesanluis.png","contentUrl":"https:\/\/apuntesdesanluis.com\/wp-content\/uploads\/2023\/07\/cropped-apuntesdesanluis.png","width":450,"height":112,"caption":"apuntesdesanluis.com"},"logo":{"@id":"https:\/\/apuntesdesanluis.com\/#\/schema\/person\/image\/"},"sameAs":["https:\/\/apuntesdesanluis.com"],"url":"https:\/\/apuntesdesanluis.com\/index.php\/author\/apuntesdesanluis-com\/"}]}},"featured_image_urls":{"full":["https:\/\/apuntesdesanluis.com\/wp-content\/uploads\/2024\/09\/Futbol.png",606,376,false],"thumbnail":["https:\/\/apuntesdesanluis.com\/wp-content\/uploads\/2024\/09\/Futbol-150x150.png",150,150,true],"medium":["https:\/\/apuntesdesanluis.com\/wp-content\/uploads\/2024\/09\/Futbol-300x186.png",300,186,true],"medium_large":["https:\/\/apuntesdesanluis.com\/wp-content\/uploads\/2024\/09\/Futbol.png",606,376,false],"large":["https:\/\/apuntesdesanluis.com\/wp-content\/uploads\/2024\/09\/Futbol.png",606,376,false],"1536x1536":["https:\/\/apuntesdesanluis.com\/wp-content\/uploads\/2024\/09\/Futbol.png",606,376,false],"2048x2048":["https:\/\/apuntesdesanluis.com\/wp-content\/uploads\/2024\/09\/Futbol.png",606,376,false],"newsever-slider-full":["https:\/\/apuntesdesanluis.com\/wp-content\/uploads\/2024\/09\/Futbol.png",606,376,false],"newsever-featured":["https:\/\/apuntesdesanluis.com\/wp-content\/uploads\/2024\/09\/Futbol.png",606,376,false],"newsever-medium":["https:\/\/apuntesdesanluis.com\/wp-content\/uploads\/2024\/09\/Futbol.png",606,376,false]},"author_info":{"display_name":"apuntesdesanluis.com","author_link":"https:\/\/apuntesdesanluis.com\/index.php\/author\/apuntesdesanluis-com\/"},"category_info":"<a href=\"https:\/\/apuntesdesanluis.com\/index.php\/category\/ciudad-provincia\/\" rel=\"category tag\">Ciudad\/Provincia<\/a>","tag_info":"Ciudad\/Provincia","comment_count":"0","_links":{"self":[{"href":"https:\/\/apuntesdesanluis.com\/index.php\/wp-json\/wp\/v2\/posts\/21656","targetHints":{"allow":["GET"]}}],"collection":[{"href":"https:\/\/apuntesdesanluis.com\/index.php\/wp-json\/wp\/v2\/posts"}],"about":[{"href":"https:\/\/apuntesdesanluis.com\/index.php\/wp-json\/wp\/v2\/types\/post"}],"author":[{"embeddable":true,"href":"https:\/\/apuntesdesanluis.com\/index.php\/wp-json\/wp\/v2\/users\/1"}],"replies":[{"embeddable":true,"href":"https:\/\/apuntesdesanluis.com\/index.php\/wp-json\/wp\/v2\/comments?post=21656"}],"version-history":[{"count":4,"href":"https:\/\/apuntesdesanluis.com\/index.php\/wp-json\/wp\/v2\/posts\/21656\/revisions"}],"predecessor-version":[{"id":21662,"href":"https:\/\/apuntesdesanluis.com\/index.php\/wp-json\/wp\/v2\/posts\/21656\/revisions\/21662"}],"wp:featuredmedia":[{"embeddable":true,"href":"https:\/\/apuntesdesanluis.com\/index.php\/wp-json\/wp\/v2\/media\/21657"}],"wp:attachment":[{"href":"https:\/\/apuntesdesanluis.com\/index.php\/wp-json\/wp\/v2\/media?parent=21656"}],"wp:term":[{"taxonomy":"category","embeddable":true,"href":"https:\/\/apuntesdesanluis.com\/index.php\/wp-json\/wp\/v2\/categories?post=21656"},{"taxonomy":"post_tag","embeddable":true,"href":"https:\/\/apuntesdesanluis.com\/index.php\/wp-json\/wp\/v2\/tags?post=21656"}],"curies":[{"name":"wp","href":"https:\/\/api.w.org\/{rel}","templated":true}]}}