{"id":21669,"date":"2024-09-02T21:21:50","date_gmt":"2024-09-03T00:21:50","guid":{"rendered":"https:\/\/apuntesdesanluis.com\/?p=21669"},"modified":"2024-09-02T21:21:50","modified_gmt":"2024-09-03T00:21:50","slug":"el-gobernador-celebro-con-empresarios-el-dia-de-la-industria","status":"publish","type":"post","link":"https:\/\/apuntesdesanluis.com\/index.php\/2024\/09\/02\/el-gobernador-celebro-con-empresarios-el-dia-de-la-industria\/","title":{"rendered":"EL GOBERNADOR CELEBR\u00d3 CON EMPRESARIOS EL D\u00cdA DE LA INDUSTRIA"},"content":{"rendered":"<h3>Para celebrar el <strong>D\u00eda de la Industria<\/strong>, el gobernador <strong>Claudio Poggi<\/strong>, junto al ministro de Desarrollo Productivo, <strong>Federico Trombotto<\/strong>, recibi\u00f3 de modo personal, en la Sala de Convenciones del Hotel Potrero de los Funes, a los empresarios, les dio la bienvenida y dialog\u00f3 con ellos.<\/h3>\n<h3>\u201cTenemos el claro convencimiento de que si somos competitivos, seremos una provincia atractiva para la inversi\u00f3n y, por ende, consolidaremos y generaremos nuevos puestos de trabajo\u201d, dijo el mandatario, quien reiter\u00f3 un concepto que siempre expresa, que el trabajo \u201ces el ordenador social por excelencia\u201d.<\/h3>\n<h3>\u201cCuando en el hogar hay trabajo, se ordena la familia, se ordena el barrio, se ordenan las comunidades\u201d, asever\u00f3 el Gobernador, quien tambi\u00e9n consider\u00f3 que \u201cla educaci\u00f3n es la formaci\u00f3n de nuestros recursos humanos, la madre de las pol\u00edticas p\u00fablicas\u201d.<\/h3>\n<p><img fetchpriority=\"high\" decoding=\"async\" class=\"wp-image-21671 aligncenter\" src=\"https:\/\/apuntesdesanluis.com\/wp-content\/uploads\/2024\/09\/MESA-POGGI-300x188.png\" alt=\"\" width=\"648\" height=\"406\" srcset=\"https:\/\/apuntesdesanluis.com\/wp-content\/uploads\/2024\/09\/MESA-POGGI-300x188.png 300w, https:\/\/apuntesdesanluis.com\/wp-content\/uploads\/2024\/09\/MESA-POGGI.png 700w\" sizes=\"(max-width: 648px) 100vw, 648px\" \/><\/p>\n<h3>\u201cA ocho meses y 22 d\u00edas de un arduo trabajo, d\u00eda tras d\u00eda, para concretar el cambio que eligi\u00f3 el pueblo de San Luis, no es un d\u00eda m\u00e1s, no es un D\u00eda de la industria m\u00e1s. Es un d\u00eda de reencuentro de San Luis con la producci\u00f3n y el trabajo. Es un d\u00eda de reencuentro de San Luis con su industria, la industria pujante que fue y que ser\u00e1. Estamos para servirles y acompa\u00f1arlos en un progreso y en un desaf\u00edo de crecimiento\u201d, dijo el ministro Trombotto.<\/h3>\n<h3>Durante la comida se realiz\u00f3 un homenaje a Efra\u00edn Szuchet, empresario de la firma Diaser. El Primer mandatario le entreg\u00f3 una placa de reconocimiento a su nieto, Federico Szuchet, quien brind\u00f3 unas palabras. \u201cEstoy bastante emocionado. En primer lugar agradecer a la provincia, a Claudio Poggi, a Federico Trombotto, por semejante reconocimiento para mi abuelo, en mi nombre y el de mi familia tambi\u00e9n. Es un orgullo, un ejemplo y una responsabilidad importante poder continuar su legado, de seguir invirtiendo, apostando a la provincia, generando desarrollo y emprendimientos productivos e industriales con asentamiento en la provincia que ayuden al crecimiento de la gente tambi\u00e9n\u201d, expres\u00f3 Federico Szuchet.<\/h3>\n<p><img decoding=\"async\" class=\"wp-image-21672 aligncenter\" src=\"https:\/\/apuntesdesanluis.com\/wp-content\/uploads\/2024\/09\/ALMUERZO-300x170.png\" alt=\"\" width=\"653\" height=\"370\" srcset=\"https:\/\/apuntesdesanluis.com\/wp-content\/uploads\/2024\/09\/ALMUERZO-300x170.png 300w, https:\/\/apuntesdesanluis.com\/wp-content\/uploads\/2024\/09\/ALMUERZO.png 700w\" sizes=\"(max-width: 653px) 100vw, 653px\" \/><\/p>\n<h3>Poggi enunci\u00f3 ante los empresarios los cuatro ejes de las pol\u00edticas de estado en el per\u00edodo 2023\/2027: propiciar las condiciones para que el sector privado de San Luis crezca y genere nuevo y mejores puestos de trabajo; la seguridad, es decir, el restablecimiento de la paz social; la reconstrucci\u00f3n del tejido social y la familia a trav\u00e9s de distintas acciones en materia de educaci\u00f3n, salud, vivienda, deporte, primer infancia y cultura, entre otras; y la recuperaci\u00f3n de la institucionalidad.<\/h3>\n<h3>\u201cSan Luis es una provincia industrial. Pretend\u00ed marcar ejes de pol\u00edticas p\u00fablicas que les den a cada uno de ustedes una proyecci\u00f3n general de reglas claras y de previsibilidad provincial\u201d, dijo el Gobernador, y continu\u00f3: \u201cNos vamos a encargar de iluminar a San Luis como provincia industrial, ponerle luz, subir la vara del trabajo mancomunado de lo p\u00fablico-privado-academia\u201d.<\/h3>\n<h3>Mencion\u00f3 que un tercio de los empleados de la provincia vienen de la industria, son el 40% del producto bruto interno de la provincia. Hay 250 f\u00e1bricas consolidadas, 15 rubros o ramas fabriles y 50 industrias y\/o marcas l\u00edderes a nivel nacional e internacional instaladas en San Luis.<\/h3>\n<h3>\u201cSepan que a partir del 10 de diciembre tienen un sector p\u00fablico provincial que estar\u00e1 al lado de ustedes, codo a codo, para que ustedes crezcan, consoliden los puestos de trabajo y generen nuevos\u201d, dijo.<\/h3>\n<p>&nbsp;<\/p>\n<p>&nbsp;<\/p>\n<p>&nbsp;<\/p>\n<h3><\/h3>\n<h3><\/h3>\n<h3><\/h3>\n","protected":false},"excerpt":{"rendered":"<p>Para celebrar el D\u00eda de la Industria, el gobernador Claudio Poggi, junto al ministro de&#8230;<\/p>\n","protected":false},"author":1,"featured_media":21670,"comment_status":"closed","ping_status":"closed","sticky":false,"template":"","format":"standard","meta":{"footnotes":""},"categories":[6],"tags":[],"class_list":["post-21669","post","type-post","status-publish","format-standard","has-post-thumbnail","hentry","category-ciudad-provincia"],"yoast_head":"<!-- This site is optimized with the Yoast SEO plugin v26.1.1 - https:\/\/yoast.com\/wordpress\/plugins\/seo\/ -->\n<title>EL GOBERNADOR CELEBR\u00d3 CON EMPRESARIOS EL D\u00cdA DE LA INDUSTRIA - Apuntes de San Luis<\/title>\n<meta name=\"robots\" content=\"index, follow, max-snippet:-1, max-image-preview:large, max-video-preview:-1\" \/>\n<link rel=\"canonical\" href=\"https:\/\/apuntesdesanluis.com\/index.php\/2024\/09\/02\/el-gobernador-celebro-con-empresarios-el-dia-de-la-industria\/\" \/>\n<meta property=\"og:locale\" content=\"es_ES\" \/>\n<meta property=\"og:type\" content=\"article\" \/>\n<meta property=\"og:title\" content=\"EL GOBERNADOR CELEBR\u00d3 CON EMPRESARIOS EL D\u00cdA DE LA INDUSTRIA - Apuntes de San Luis\" \/>\n<meta property=\"og:description\" content=\"Para celebrar el D\u00eda de la Industria, el gobernador Claudio Poggi, junto al ministro de...\" \/>\n<meta property=\"og:url\" content=\"https:\/\/apuntesdesanluis.com\/index.php\/2024\/09\/02\/el-gobernador-celebro-con-empresarios-el-dia-de-la-industria\/\" \/>\n<meta property=\"og:site_name\" content=\"Apuntes de San Luis\" \/>\n<meta property=\"article:published_time\" content=\"2024-09-03T00:21:50+00:00\" \/>\n<meta property=\"og:image\" content=\"https:\/\/apuntesdesanluis.com\/wp-content\/uploads\/2024\/09\/POGGI-1.png\" \/>\n\t<meta property=\"og:image:width\" content=\"700\" \/>\n\t<meta property=\"og:image:height\" content=\"423\" \/>\n\t<meta property=\"og:image:type\" content=\"image\/png\" \/>\n<meta name=\"author\" content=\"apuntesdesanluis.com\" \/>\n<meta name=\"twitter:card\" content=\"summary_large_image\" \/>\n<meta name=\"twitter:label1\" content=\"Escrito por\" \/>\n\t<meta name=\"twitter:data1\" content=\"apuntesdesanluis.com\" \/>\n\t<meta name=\"twitter:label2\" content=\"Tiempo de lectura\" \/>\n\t<meta name=\"twitter:data2\" content=\"4 minutos\" \/>\n<script type=\"application\/ld+json\" class=\"yoast-schema-graph\">{\"@context\":\"https:\/\/schema.org\",\"@graph\":[{\"@type\":\"Article\",\"@id\":\"https:\/\/apuntesdesanluis.com\/index.php\/2024\/09\/02\/el-gobernador-celebro-con-empresarios-el-dia-de-la-industria\/#article\",\"isPartOf\":{\"@id\":\"https:\/\/apuntesdesanluis.com\/index.php\/2024\/09\/02\/el-gobernador-celebro-con-empresarios-el-dia-de-la-industria\/\"},\"author\":{\"name\":\"apuntesdesanluis.com\",\"@id\":\"https:\/\/apuntesdesanluis.com\/#\/schema\/person\/b55151d52296fcce64d1a72538a70b90\"},\"headline\":\"EL GOBERNADOR CELEBR\u00d3 CON EMPRESARIOS EL D\u00cdA DE LA INDUSTRIA\",\"datePublished\":\"2024-09-03T00:21:50+00:00\",\"mainEntityOfPage\":{\"@id\":\"https:\/\/apuntesdesanluis.com\/index.php\/2024\/09\/02\/el-gobernador-celebro-con-empresarios-el-dia-de-la-industria\/\"},\"wordCount\":588,\"publisher\":{\"@id\":\"https:\/\/apuntesdesanluis.com\/#\/schema\/person\/b55151d52296fcce64d1a72538a70b90\"},\"image\":{\"@id\":\"https:\/\/apuntesdesanluis.com\/index.php\/2024\/09\/02\/el-gobernador-celebro-con-empresarios-el-dia-de-la-industria\/#primaryimage\"},\"thumbnailUrl\":\"https:\/\/apuntesdesanluis.com\/wp-content\/uploads\/2024\/09\/POGGI-1.png\",\"articleSection\":[\"Ciudad\/Provincia\"],\"inLanguage\":\"es-AR\"},{\"@type\":\"WebPage\",\"@id\":\"https:\/\/apuntesdesanluis.com\/index.php\/2024\/09\/02\/el-gobernador-celebro-con-empresarios-el-dia-de-la-industria\/\",\"url\":\"https:\/\/apuntesdesanluis.com\/index.php\/2024\/09\/02\/el-gobernador-celebro-con-empresarios-el-dia-de-la-industria\/\",\"name\":\"EL GOBERNADOR CELEBR\u00d3 CON EMPRESARIOS EL D\u00cdA DE LA INDUSTRIA - Apuntes de San Luis\",\"isPartOf\":{\"@id\":\"https:\/\/apuntesdesanluis.com\/#website\"},\"primaryImageOfPage\":{\"@id\":\"https:\/\/apuntesdesanluis.com\/index.php\/2024\/09\/02\/el-gobernador-celebro-con-empresarios-el-dia-de-la-industria\/#primaryimage\"},\"image\":{\"@id\":\"https:\/\/apuntesdesanluis.com\/index.php\/2024\/09\/02\/el-gobernador-celebro-con-empresarios-el-dia-de-la-industria\/#primaryimage\"},\"thumbnailUrl\":\"https:\/\/apuntesdesanluis.com\/wp-content\/uploads\/2024\/09\/POGGI-1.png\",\"datePublished\":\"2024-09-03T00:21:50+00:00\",\"breadcrumb\":{\"@id\":\"https:\/\/apuntesdesanluis.com\/index.php\/2024\/09\/02\/el-gobernador-celebro-con-empresarios-el-dia-de-la-industria\/#breadcrumb\"},\"inLanguage\":\"es-AR\",\"potentialAction\":[{\"@type\":\"ReadAction\",\"target\":[\"https:\/\/apuntesdesanluis.com\/index.php\/2024\/09\/02\/el-gobernador-celebro-con-empresarios-el-dia-de-la-industria\/\"]}]},{\"@type\":\"ImageObject\",\"inLanguage\":\"es-AR\",\"@id\":\"https:\/\/apuntesdesanluis.com\/index.php\/2024\/09\/02\/el-gobernador-celebro-con-empresarios-el-dia-de-la-industria\/#primaryimage\",\"url\":\"https:\/\/apuntesdesanluis.com\/wp-content\/uploads\/2024\/09\/POGGI-1.png\",\"contentUrl\":\"https:\/\/apuntesdesanluis.com\/wp-content\/uploads\/2024\/09\/POGGI-1.png\",\"width\":700,\"height\":423},{\"@type\":\"BreadcrumbList\",\"@id\":\"https:\/\/apuntesdesanluis.com\/index.php\/2024\/09\/02\/el-gobernador-celebro-con-empresarios-el-dia-de-la-industria\/#breadcrumb\",\"itemListElement\":[{\"@type\":\"ListItem\",\"position\":1,\"name\":\"Inicio\",\"item\":\"https:\/\/apuntesdesanluis.com\/\"},{\"@type\":\"ListItem\",\"position\":2,\"name\":\"EL GOBERNADOR CELEBR\u00d3 CON EMPRESARIOS EL D\u00cdA DE LA INDUSTRIA\"}]},{\"@type\":\"WebSite\",\"@id\":\"https:\/\/apuntesdesanluis.com\/#website\",\"url\":\"https:\/\/apuntesdesanluis.com\/\",\"name\":\"Apuntes de San Luis\",\"description\":\"\",\"publisher\":{\"@id\":\"https:\/\/apuntesdesanluis.com\/#\/schema\/person\/b55151d52296fcce64d1a72538a70b90\"},\"potentialAction\":[{\"@type\":\"SearchAction\",\"target\":{\"@type\":\"EntryPoint\",\"urlTemplate\":\"https:\/\/apuntesdesanluis.com\/?s={search_term_string}\"},\"query-input\":{\"@type\":\"PropertyValueSpecification\",\"valueRequired\":true,\"valueName\":\"search_term_string\"}}],\"inLanguage\":\"es-AR\"},{\"@type\":[\"Person\",\"Organization\"],\"@id\":\"https:\/\/apuntesdesanluis.com\/#\/schema\/person\/b55151d52296fcce64d1a72538a70b90\",\"name\":\"apuntesdesanluis.com\",\"image\":{\"@type\":\"ImageObject\",\"inLanguage\":\"es-AR\",\"@id\":\"https:\/\/apuntesdesanluis.com\/#\/schema\/person\/image\/\",\"url\":\"https:\/\/apuntesdesanluis.com\/wp-content\/uploads\/2023\/07\/cropped-apuntesdesanluis.png\",\"contentUrl\":\"https:\/\/apuntesdesanluis.com\/wp-content\/uploads\/2023\/07\/cropped-apuntesdesanluis.png\",\"width\":450,\"height\":112,\"caption\":\"apuntesdesanluis.com\"},\"logo\":{\"@id\":\"https:\/\/apuntesdesanluis.com\/#\/schema\/person\/image\/\"},\"sameAs\":[\"https:\/\/apuntesdesanluis.com\"],\"url\":\"https:\/\/apuntesdesanluis.com\/index.php\/author\/apuntesdesanluis-com\/\"}]}<\/script>\n<!-- \/ Yoast SEO plugin. -->","yoast_head_json":{"title":"EL GOBERNADOR CELEBR\u00d3 CON EMPRESARIOS EL D\u00cdA DE LA INDUSTRIA - Apuntes de San Luis","robots":{"index":"index","follow":"follow","max-snippet":"max-snippet:-1","max-image-preview":"max-image-preview:large","max-video-preview":"max-video-preview:-1"},"canonical":"https:\/\/apuntesdesanluis.com\/index.php\/2024\/09\/02\/el-gobernador-celebro-con-empresarios-el-dia-de-la-industria\/","og_locale":"es_ES","og_type":"article","og_title":"EL GOBERNADOR CELEBR\u00d3 CON EMPRESARIOS EL D\u00cdA DE LA INDUSTRIA - Apuntes de San Luis","og_description":"Para celebrar el D\u00eda de la Industria, el gobernador Claudio Poggi, junto al ministro de...","og_url":"https:\/\/apuntesdesanluis.com\/index.php\/2024\/09\/02\/el-gobernador-celebro-con-empresarios-el-dia-de-la-industria\/","og_site_name":"Apuntes de San Luis","article_published_time":"2024-09-03T00:21:50+00:00","og_image":[{"width":700,"height":423,"url":"https:\/\/apuntesdesanluis.com\/wp-content\/uploads\/2024\/09\/POGGI-1.png","type":"image\/png"}],"author":"apuntesdesanluis.com","twitter_card":"summary_large_image","twitter_misc":{"Escrito por":"apuntesdesanluis.com","Tiempo de lectura":"4 minutos"},"schema":{"@context":"https:\/\/schema.org","@graph":[{"@type":"Article","@id":"https:\/\/apuntesdesanluis.com\/index.php\/2024\/09\/02\/el-gobernador-celebro-con-empresarios-el-dia-de-la-industria\/#article","isPartOf":{"@id":"https:\/\/apuntesdesanluis.com\/index.php\/2024\/09\/02\/el-gobernador-celebro-con-empresarios-el-dia-de-la-industria\/"},"author":{"name":"apuntesdesanluis.com","@id":"https:\/\/apuntesdesanluis.com\/#\/schema\/person\/b55151d52296fcce64d1a72538a70b90"},"headline":"EL GOBERNADOR CELEBR\u00d3 CON EMPRESARIOS EL D\u00cdA DE LA INDUSTRIA","datePublished":"2024-09-03T00:21:50+00:00","mainEntityOfPage":{"@id":"https:\/\/apuntesdesanluis.com\/index.php\/2024\/09\/02\/el-gobernador-celebro-con-empresarios-el-dia-de-la-industria\/"},"wordCount":588,"publisher":{"@id":"https:\/\/apuntesdesanluis.com\/#\/schema\/person\/b55151d52296fcce64d1a72538a70b90"},"image":{"@id":"https:\/\/apuntesdesanluis.com\/index.php\/2024\/09\/02\/el-gobernador-celebro-con-empresarios-el-dia-de-la-industria\/#primaryimage"},"thumbnailUrl":"https:\/\/apuntesdesanluis.com\/wp-content\/uploads\/2024\/09\/POGGI-1.png","articleSection":["Ciudad\/Provincia"],"inLanguage":"es-AR"},{"@type":"WebPage","@id":"https:\/\/apuntesdesanluis.com\/index.php\/2024\/09\/02\/el-gobernador-celebro-con-empresarios-el-dia-de-la-industria\/","url":"https:\/\/apuntesdesanluis.com\/index.php\/2024\/09\/02\/el-gobernador-celebro-con-empresarios-el-dia-de-la-industria\/","name":"EL GOBERNADOR CELEBR\u00d3 CON EMPRESARIOS EL D\u00cdA DE LA INDUSTRIA - Apuntes de San Luis","isPartOf":{"@id":"https:\/\/apuntesdesanluis.com\/#website"},"primaryImageOfPage":{"@id":"https:\/\/apuntesdesanluis.com\/index.php\/2024\/09\/02\/el-gobernador-celebro-con-empresarios-el-dia-de-la-industria\/#primaryimage"},"image":{"@id":"https:\/\/apuntesdesanluis.com\/index.php\/2024\/09\/02\/el-gobernador-celebro-con-empresarios-el-dia-de-la-industria\/#primaryimage"},"thumbnailUrl":"https:\/\/apuntesdesanluis.com\/wp-content\/uploads\/2024\/09\/POGGI-1.png","datePublished":"2024-09-03T00:21:50+00:00","breadcrumb":{"@id":"https:\/\/apuntesdesanluis.com\/index.php\/2024\/09\/02\/el-gobernador-celebro-con-empresarios-el-dia-de-la-industria\/#breadcrumb"},"inLanguage":"es-AR","potentialAction":[{"@type":"ReadAction","target":["https:\/\/apuntesdesanluis.com\/index.php\/2024\/09\/02\/el-gobernador-celebro-con-empresarios-el-dia-de-la-industria\/"]}]},{"@type":"ImageObject","inLanguage":"es-AR","@id":"https:\/\/apuntesdesanluis.com\/index.php\/2024\/09\/02\/el-gobernador-celebro-con-empresarios-el-dia-de-la-industria\/#primaryimage","url":"https:\/\/apuntesdesanluis.com\/wp-content\/uploads\/2024\/09\/POGGI-1.png","contentUrl":"https:\/\/apuntesdesanluis.com\/wp-content\/uploads\/2024\/09\/POGGI-1.png","width":700,"height":423},{"@type":"BreadcrumbList","@id":"https:\/\/apuntesdesanluis.com\/index.php\/2024\/09\/02\/el-gobernador-celebro-con-empresarios-el-dia-de-la-industria\/#breadcrumb","itemListElement":[{"@type":"ListItem","position":1,"name":"Inicio","item":"https:\/\/apuntesdesanluis.com\/"},{"@type":"ListItem","position":2,"name":"EL GOBERNADOR CELEBR\u00d3 CON EMPRESARIOS EL D\u00cdA DE LA INDUSTRIA"}]},{"@type":"WebSite","@id":"https:\/\/apuntesdesanluis.com\/#website","url":"https:\/\/apuntesdesanluis.com\/","name":"Apuntes de San Luis","description":"","publisher":{"@id":"https:\/\/apuntesdesanluis.com\/#\/schema\/person\/b55151d52296fcce64d1a72538a70b90"},"potentialAction":[{"@type":"SearchAction","target":{"@type":"EntryPoint","urlTemplate":"https:\/\/apuntesdesanluis.com\/?s={search_term_string}"},"query-input":{"@type":"PropertyValueSpecification","valueRequired":true,"valueName":"search_term_string"}}],"inLanguage":"es-AR"},{"@type":["Person","Organization"],"@id":"https:\/\/apuntesdesanluis.com\/#\/schema\/person\/b55151d52296fcce64d1a72538a70b90","name":"apuntesdesanluis.com","image":{"@type":"ImageObject","inLanguage":"es-AR","@id":"https:\/\/apuntesdesanluis.com\/#\/schema\/person\/image\/","url":"https:\/\/apuntesdesanluis.com\/wp-content\/uploads\/2023\/07\/cropped-apuntesdesanluis.png","contentUrl":"https:\/\/apuntesdesanluis.com\/wp-content\/uploads\/2023\/07\/cropped-apuntesdesanluis.png","width":450,"height":112,"caption":"apuntesdesanluis.com"},"logo":{"@id":"https:\/\/apuntesdesanluis.com\/#\/schema\/person\/image\/"},"sameAs":["https:\/\/apuntesdesanluis.com"],"url":"https:\/\/apuntesdesanluis.com\/index.php\/author\/apuntesdesanluis-com\/"}]}},"featured_image_urls":{"full":["https:\/\/apuntesdesanluis.com\/wp-content\/uploads\/2024\/09\/POGGI-1.png",700,423,false],"thumbnail":["https:\/\/apuntesdesanluis.com\/wp-content\/uploads\/2024\/09\/POGGI-1-150x150.png",150,150,true],"medium":["https:\/\/apuntesdesanluis.com\/wp-content\/uploads\/2024\/09\/POGGI-1-300x181.png",300,181,true],"medium_large":["https:\/\/apuntesdesanluis.com\/wp-content\/uploads\/2024\/09\/POGGI-1.png",640,387,false],"large":["https:\/\/apuntesdesanluis.com\/wp-content\/uploads\/2024\/09\/POGGI-1.png",640,387,false],"1536x1536":["https:\/\/apuntesdesanluis.com\/wp-content\/uploads\/2024\/09\/POGGI-1.png",700,423,false],"2048x2048":["https:\/\/apuntesdesanluis.com\/wp-content\/uploads\/2024\/09\/POGGI-1.png",700,423,false],"newsever-slider-full":["https:\/\/apuntesdesanluis.com\/wp-content\/uploads\/2024\/09\/POGGI-1.png",700,423,false],"newsever-featured":["https:\/\/apuntesdesanluis.com\/wp-content\/uploads\/2024\/09\/POGGI-1.png",700,423,false],"newsever-medium":["https:\/\/apuntesdesanluis.com\/wp-content\/uploads\/2024\/09\/POGGI-1.png",700,423,false]},"author_info":{"display_name":"apuntesdesanluis.com","author_link":"https:\/\/apuntesdesanluis.com\/index.php\/author\/apuntesdesanluis-com\/"},"category_info":"<a href=\"https:\/\/apuntesdesanluis.com\/index.php\/category\/ciudad-provincia\/\" rel=\"category tag\">Ciudad\/Provincia<\/a>","tag_info":"Ciudad\/Provincia","comment_count":"0","_links":{"self":[{"href":"https:\/\/apuntesdesanluis.com\/index.php\/wp-json\/wp\/v2\/posts\/21669","targetHints":{"allow":["GET"]}}],"collection":[{"href":"https:\/\/apuntesdesanluis.com\/index.php\/wp-json\/wp\/v2\/posts"}],"about":[{"href":"https:\/\/apuntesdesanluis.com\/index.php\/wp-json\/wp\/v2\/types\/post"}],"author":[{"embeddable":true,"href":"https:\/\/apuntesdesanluis.com\/index.php\/wp-json\/wp\/v2\/users\/1"}],"replies":[{"embeddable":true,"href":"https:\/\/apuntesdesanluis.com\/index.php\/wp-json\/wp\/v2\/comments?post=21669"}],"version-history":[{"count":1,"href":"https:\/\/apuntesdesanluis.com\/index.php\/wp-json\/wp\/v2\/posts\/21669\/revisions"}],"predecessor-version":[{"id":21673,"href":"https:\/\/apuntesdesanluis.com\/index.php\/wp-json\/wp\/v2\/posts\/21669\/revisions\/21673"}],"wp:featuredmedia":[{"embeddable":true,"href":"https:\/\/apuntesdesanluis.com\/index.php\/wp-json\/wp\/v2\/media\/21670"}],"wp:attachment":[{"href":"https:\/\/apuntesdesanluis.com\/index.php\/wp-json\/wp\/v2\/media?parent=21669"}],"wp:term":[{"taxonomy":"category","embeddable":true,"href":"https:\/\/apuntesdesanluis.com\/index.php\/wp-json\/wp\/v2\/categories?post=21669"},{"taxonomy":"post_tag","embeddable":true,"href":"https:\/\/apuntesdesanluis.com\/index.php\/wp-json\/wp\/v2\/tags?post=21669"}],"curies":[{"name":"wp","href":"https:\/\/api.w.org\/{rel}","templated":true}]}}