{"id":2167,"date":"2023-08-25T07:25:46","date_gmt":"2023-08-25T10:25:46","guid":{"rendered":"https:\/\/apuntesdesanluis.com\/?p=2167"},"modified":"2023-08-27T18:46:17","modified_gmt":"2023-08-27T21:46:17","slug":"merlo-por-acuerdo-de-partes-suspendieron-el-juicio-a-prueba-en-causa-de-violencia-de-genero","status":"publish","type":"post","link":"https:\/\/apuntesdesanluis.com\/index.php\/2023\/08\/25\/merlo-por-acuerdo-de-partes-suspendieron-el-juicio-a-prueba-en-causa-de-violencia-de-genero\/","title":{"rendered":"MERLO: POR ACUERDO DE PARTES, SUSPENDIERON EL JUICIO A PRUEBA EN CAUSA DE VIOLENCIA DE G\u00c9NERO"},"content":{"rendered":"<h3 class=\"yiv7409174924ydp6329976emsonormal\" style=\"background: white;\"><span style=\"font-size: 14.0pt; font-family: 'Arial','sans-serif'; color: #1d2228;\">Para mantener dicho beneficio, el acusado deber\u00e1 abonar a su ex pareja la suma de 50 mil pesos en un solo pago, realizar tareas comunitarias y tratamiento psicol\u00f3gico-psiqui\u00e1trico por el plazo de un a\u00f1o y medio.<\/span><\/h3>\n<h3 class=\"yiv7409174924ydp6329976emsonormal\" style=\"background: white;\"><span style=\"font-size: 14.0pt; font-family: 'Arial','sans-serif'; color: #1d2228;\">Este mi\u00e9rcoles, en el Juzgado de Garant\u00eda N\u00b01 con asiento en Concar\u00e1n, se celebr\u00f3 un acuerdo de suspensi\u00f3n de juicio a prueba en el marco de una causa por lesiones leves agravadas por el v\u00ednculo y por mediar violencia de g\u00e9nero.<\/span><\/h3>\n<h3 class=\"yiv7409174924ydp6329976emsonormal\" style=\"background: white;\"><span style=\"font-size: 14.0pt; font-family: 'Arial','sans-serif'; color: #1d2228;\">El imputado, cuyas iniciales son R.S.L., fue acusado por agredir a su entonces pareja en la vivienda familiar donde conviv\u00edan con su hijo y el sobrino de la mujer, ambos menores de edad. El hecho ocurri\u00f3 el 6 de diciembre de 2022 en la Villa de Merlo.<\/span><\/h3>\n<h3 class=\"yiv7409174924ydp6329976emsonormal\" style=\"background: white;\"><span style=\"font-size: 14.0pt; font-family: 'Arial','sans-serif'; color: #1d2228;\">En la audiencia celebrada este 23 de agosto, la defensa de R.S.L., ejercida por los defensores oficiales, Dr. Jos\u00e9 Luis Gui\u00f1az\u00fa y Dra. Mirtha Gabriela Moreno; solicitaron la suspensi\u00f3n del juicio a prueba, dejando constancia que su defendido no pose\u00eda antecedentes penales y que, la escala penal prevista por el delito atribuido establece un m\u00ednimo de seis meses y un m\u00e1ximo de dos a\u00f1os de prisi\u00f3n. Por esa raz\u00f3n, era factible suspender el proceso de manera condicional.<\/span><\/h3>\n<h3 class=\"yiv7409174924ydp6329976emsonormal\" style=\"background: white;\"><span style=\"font-size: 14.0pt; font-family: 'Arial','sans-serif'; color: #1d2228;\">En efecto, el imputado ofreci\u00f3 abonar a la damnificada la suma de 20 mil pesos, a pagar en dos cuotas mensuales consecutivas; y el cumplimiento de tareas comunitarias. Asimismo, la defensa inform\u00f3 que su representado se encontraba realizando tratamiento psicol\u00f3gico-psiqui\u00e1trico.<\/span><\/h3>\n<h3 class=\"yiv7409174924ydp6329976emsonormal\" style=\"background: white;\"><span style=\"font-size: 14.0pt; font-family: 'Arial','sans-serif'; color: #1d2228;\">El Juez interviniente, Dr. Mat\u00edas Farinazzo Tempestini, explic\u00f3 a la v\u00edctima y al imputado que la suspensi\u00f3n del juicio a prueba implica dejar en suspenso la acci\u00f3n penal por un plazo determinado, en el cual el imputado debe someterse a ciertas condiciones y reglas de conducta para mantener dicho beneficio. Si se acredita el cumplimiento de lo estipulado, se extingue la acci\u00f3n penal. Pero, en caso de incumplimiento, se contin\u00faa con el proceso.<\/span><\/h3>\n<h3 class=\"yiv7409174924ydp6329976emsonormal\" style=\"background: white;\"><span style=\"font-size: 14.0pt; font-family: 'Arial','sans-serif'; color: #1d2228;\">A su turno, las representantes del Ministerio P\u00fablico Fiscal, Dras. D\u00e9bora Antonella Roy Gitto y Silvina Ayel\u00e9n Arg\u00fcello, informaron sobre la acusaci\u00f3n en contra de R.S.L., con un pedido de pena de un a\u00f1o de prisi\u00f3n en caso de condena.<\/span><\/h3>\n<h3 class=\"yiv7409174924ydp6329976emsonormal\" style=\"background: white;\"><span style=\"font-size: 14.0pt; font-family: 'Arial','sans-serif'; color: #1d2228;\">Para las fiscales, el contexto de violencia de g\u00e9nero estaba comprobado, en funci\u00f3n de la pericia psicol\u00f3gico-psiqui\u00e1trica practicada a la v\u00edctima y del informe de riesgo elaborado por el Cuerpo Auxiliar Interdisciplinario de la Tercera Circunscripci\u00f3n Judicial.<\/span><\/h3>\n<h3 class=\"yiv7409174924ydp6329976emsonormal\" style=\"background: white;\"><span style=\"font-size: 14.0pt; font-family: 'Arial','sans-serif'; color: #1d2228;\">Al respecto, aclararon que el criterio de la fiscal\u00eda era oponerse a la suspensi\u00f3n del proceso en los casos donde medie violencia de g\u00e9nero. Sin embargo, dispusieron acceder excepcionalmente a lo solicitado por la defensa, en virtud del pedido de la propia damnificada de desistir de la acci\u00f3n penal para dar por finalizada la causa y que su ex pareja continuara en libertad para que no perdiera el v\u00ednculo con su hijo.<\/span><\/h3>\n<h3 class=\"yiv7409174924ydp6329976emsonormal\" style=\"background: white;\"><span style=\"font-size: 14.0pt; font-family: 'Arial','sans-serif'; color: #1d2228;\">A lo largo de la audiencia, se le dio amplia participaci\u00f3n tanto a la v\u00edctima como al imputado. El juez dialog\u00f3 con ellos a fin de arribar a un acuerdo que contemplara las pretensiones de ambos.<\/span><\/h3>\n<h3 class=\"yiv7409174924ydp6329976emsonormal\" style=\"background: white;\"><span style=\"font-size: 14.0pt; font-family: 'Arial','sans-serif'; color: #1d2228;\">Luego de un cuarto intermedio, la defensa present\u00f3 una nueva propuesta de reparaci\u00f3n integral, consistente en el abono de una suma de 50 mil pesos en un solo pago; y un nuevo lugar para las tareas comunitarias, debido a que, a criterio de la v\u00edctima, el sitio sugerido inicialmente no brindaba garant\u00edas de control.<\/span><\/h3>\n<h3 class=\"yiv7409174924ydp6329976emsonormal\" style=\"background: white;\"><span style=\"font-size: 14.0pt; font-family: 'Arial','sans-serif'; color: #1d2228;\">Tas una nueva instancia de di\u00e1logo con las partes, atendiendo que las pretensiones de la v\u00edctima estaban cubiertas en su totalidad, que no se hab\u00edan producido nuevos episodios de violencia y que las medidas a disponer fueron aceptadas por ambos y brindaban mayor expectativa de resocializaci\u00f3n que una hipot\u00e9tica condena en suspenso; el magistrado resolvi\u00f3 hacer lugar al pedido de suspensi\u00f3n de juicio a prueba por el t\u00e9rmino de un a\u00f1o y medio. En dicho plazo, el imputado deber\u00e1 efectuar cuatro horas semanales de tareas comunitarias en la Asociaci\u00f3n de Bomberos Voluntarios de la Villa de Merlo; y continuar con el tratamiento psicol\u00f3gico-psiqui\u00e1trico que ven\u00eda realizando.<\/span><\/h3>\n<h3 class=\"yiv7409174924ydp6329976emsonormal\" style=\"background: white;\"><span style=\"font-size: 14.0pt; font-family: 'Arial','sans-serif'; color: #1d2228;\">Finalmente, fij\u00f3 la suma de 50 mil pesos en concepto de reparaci\u00f3n econ\u00f3mica, que el imputado deber\u00e1 abonar a la damnificada en un solo pago.<\/span><\/h3>\n","protected":false},"excerpt":{"rendered":"<p>Para mantener dicho beneficio, el acusado deber\u00e1 abonar a su ex pareja la suma de&#8230;<\/p>\n","protected":false},"author":1,"featured_media":2168,"comment_status":"closed","ping_status":"closed","sticky":false,"template":"","format":"standard","meta":{"footnotes":""},"categories":[6],"tags":[],"class_list":["post-2167","post","type-post","status-publish","format-standard","has-post-thumbnail","hentry","category-ciudad-provincia"],"yoast_head":"<!-- This site is optimized with the Yoast SEO plugin v26.1.1 - https:\/\/yoast.com\/wordpress\/plugins\/seo\/ -->\n<title>MERLO: POR ACUERDO DE PARTES, SUSPENDIERON EL JUICIO A PRUEBA EN CAUSA DE VIOLENCIA DE G\u00c9NERO - Apuntes de San Luis<\/title>\n<meta name=\"robots\" content=\"index, follow, max-snippet:-1, max-image-preview:large, max-video-preview:-1\" \/>\n<link rel=\"canonical\" href=\"https:\/\/apuntesdesanluis.com\/index.php\/2023\/08\/25\/merlo-por-acuerdo-de-partes-suspendieron-el-juicio-a-prueba-en-causa-de-violencia-de-genero\/\" \/>\n<meta property=\"og:locale\" content=\"es_ES\" \/>\n<meta property=\"og:type\" content=\"article\" \/>\n<meta property=\"og:title\" content=\"MERLO: POR ACUERDO DE PARTES, SUSPENDIERON EL JUICIO A PRUEBA EN CAUSA DE VIOLENCIA DE G\u00c9NERO - Apuntes de San Luis\" \/>\n<meta property=\"og:description\" content=\"Para mantener dicho beneficio, el acusado deber\u00e1 abonar a su ex pareja la suma de...\" \/>\n<meta property=\"og:url\" content=\"https:\/\/apuntesdesanluis.com\/index.php\/2023\/08\/25\/merlo-por-acuerdo-de-partes-suspendieron-el-juicio-a-prueba-en-causa-de-violencia-de-genero\/\" \/>\n<meta property=\"og:site_name\" content=\"Apuntes de San Luis\" \/>\n<meta property=\"article:published_time\" content=\"2023-08-25T10:25:46+00:00\" \/>\n<meta property=\"article:modified_time\" content=\"2023-08-27T21:46:17+00:00\" \/>\n<meta property=\"og:image\" content=\"https:\/\/apuntesdesanluis.com\/wp-content\/uploads\/2023\/08\/TRIBUNALES-CONCARAN.png\" \/>\n\t<meta property=\"og:image:width\" content=\"600\" \/>\n\t<meta property=\"og:image:height\" content=\"390\" \/>\n\t<meta property=\"og:image:type\" content=\"image\/png\" \/>\n<meta name=\"author\" content=\"apuntesdesanluis.com\" \/>\n<meta name=\"twitter:card\" content=\"summary_large_image\" \/>\n<meta name=\"twitter:label1\" content=\"Escrito por\" \/>\n\t<meta name=\"twitter:data1\" content=\"apuntesdesanluis.com\" \/>\n\t<meta name=\"twitter:label2\" content=\"Tiempo de lectura\" \/>\n\t<meta name=\"twitter:data2\" content=\"4 minutos\" \/>\n<script type=\"application\/ld+json\" class=\"yoast-schema-graph\">{\"@context\":\"https:\/\/schema.org\",\"@graph\":[{\"@type\":\"Article\",\"@id\":\"https:\/\/apuntesdesanluis.com\/index.php\/2023\/08\/25\/merlo-por-acuerdo-de-partes-suspendieron-el-juicio-a-prueba-en-causa-de-violencia-de-genero\/#article\",\"isPartOf\":{\"@id\":\"https:\/\/apuntesdesanluis.com\/index.php\/2023\/08\/25\/merlo-por-acuerdo-de-partes-suspendieron-el-juicio-a-prueba-en-causa-de-violencia-de-genero\/\"},\"author\":{\"name\":\"apuntesdesanluis.com\",\"@id\":\"https:\/\/apuntesdesanluis.com\/#\/schema\/person\/b55151d52296fcce64d1a72538a70b90\"},\"headline\":\"MERLO: POR ACUERDO DE PARTES, SUSPENDIERON EL JUICIO A PRUEBA EN CAUSA DE VIOLENCIA DE G\u00c9NERO\",\"datePublished\":\"2023-08-25T10:25:46+00:00\",\"dateModified\":\"2023-08-27T21:46:17+00:00\",\"mainEntityOfPage\":{\"@id\":\"https:\/\/apuntesdesanluis.com\/index.php\/2023\/08\/25\/merlo-por-acuerdo-de-partes-suspendieron-el-juicio-a-prueba-en-causa-de-violencia-de-genero\/\"},\"wordCount\":763,\"publisher\":{\"@id\":\"https:\/\/apuntesdesanluis.com\/#\/schema\/person\/b55151d52296fcce64d1a72538a70b90\"},\"image\":{\"@id\":\"https:\/\/apuntesdesanluis.com\/index.php\/2023\/08\/25\/merlo-por-acuerdo-de-partes-suspendieron-el-juicio-a-prueba-en-causa-de-violencia-de-genero\/#primaryimage\"},\"thumbnailUrl\":\"https:\/\/apuntesdesanluis.com\/wp-content\/uploads\/2023\/08\/TRIBUNALES-CONCARAN.png\",\"articleSection\":[\"Ciudad\/Provincia\"],\"inLanguage\":\"es-AR\"},{\"@type\":\"WebPage\",\"@id\":\"https:\/\/apuntesdesanluis.com\/index.php\/2023\/08\/25\/merlo-por-acuerdo-de-partes-suspendieron-el-juicio-a-prueba-en-causa-de-violencia-de-genero\/\",\"url\":\"https:\/\/apuntesdesanluis.com\/index.php\/2023\/08\/25\/merlo-por-acuerdo-de-partes-suspendieron-el-juicio-a-prueba-en-causa-de-violencia-de-genero\/\",\"name\":\"MERLO: POR ACUERDO DE PARTES, SUSPENDIERON EL JUICIO A PRUEBA EN CAUSA DE VIOLENCIA DE G\u00c9NERO - Apuntes de San Luis\",\"isPartOf\":{\"@id\":\"https:\/\/apuntesdesanluis.com\/#website\"},\"primaryImageOfPage\":{\"@id\":\"https:\/\/apuntesdesanluis.com\/index.php\/2023\/08\/25\/merlo-por-acuerdo-de-partes-suspendieron-el-juicio-a-prueba-en-causa-de-violencia-de-genero\/#primaryimage\"},\"image\":{\"@id\":\"https:\/\/apuntesdesanluis.com\/index.php\/2023\/08\/25\/merlo-por-acuerdo-de-partes-suspendieron-el-juicio-a-prueba-en-causa-de-violencia-de-genero\/#primaryimage\"},\"thumbnailUrl\":\"https:\/\/apuntesdesanluis.com\/wp-content\/uploads\/2023\/08\/TRIBUNALES-CONCARAN.png\",\"datePublished\":\"2023-08-25T10:25:46+00:00\",\"dateModified\":\"2023-08-27T21:46:17+00:00\",\"breadcrumb\":{\"@id\":\"https:\/\/apuntesdesanluis.com\/index.php\/2023\/08\/25\/merlo-por-acuerdo-de-partes-suspendieron-el-juicio-a-prueba-en-causa-de-violencia-de-genero\/#breadcrumb\"},\"inLanguage\":\"es-AR\",\"potentialAction\":[{\"@type\":\"ReadAction\",\"target\":[\"https:\/\/apuntesdesanluis.com\/index.php\/2023\/08\/25\/merlo-por-acuerdo-de-partes-suspendieron-el-juicio-a-prueba-en-causa-de-violencia-de-genero\/\"]}]},{\"@type\":\"ImageObject\",\"inLanguage\":\"es-AR\",\"@id\":\"https:\/\/apuntesdesanluis.com\/index.php\/2023\/08\/25\/merlo-por-acuerdo-de-partes-suspendieron-el-juicio-a-prueba-en-causa-de-violencia-de-genero\/#primaryimage\",\"url\":\"https:\/\/apuntesdesanluis.com\/wp-content\/uploads\/2023\/08\/TRIBUNALES-CONCARAN.png\",\"contentUrl\":\"https:\/\/apuntesdesanluis.com\/wp-content\/uploads\/2023\/08\/TRIBUNALES-CONCARAN.png\",\"width\":600,\"height\":390},{\"@type\":\"BreadcrumbList\",\"@id\":\"https:\/\/apuntesdesanluis.com\/index.php\/2023\/08\/25\/merlo-por-acuerdo-de-partes-suspendieron-el-juicio-a-prueba-en-causa-de-violencia-de-genero\/#breadcrumb\",\"itemListElement\":[{\"@type\":\"ListItem\",\"position\":1,\"name\":\"Inicio\",\"item\":\"https:\/\/apuntesdesanluis.com\/\"},{\"@type\":\"ListItem\",\"position\":2,\"name\":\"MERLO: POR ACUERDO DE PARTES, SUSPENDIERON EL JUICIO A PRUEBA EN CAUSA DE VIOLENCIA DE G\u00c9NERO\"}]},{\"@type\":\"WebSite\",\"@id\":\"https:\/\/apuntesdesanluis.com\/#website\",\"url\":\"https:\/\/apuntesdesanluis.com\/\",\"name\":\"Apuntes de San Luis\",\"description\":\"\",\"publisher\":{\"@id\":\"https:\/\/apuntesdesanluis.com\/#\/schema\/person\/b55151d52296fcce64d1a72538a70b90\"},\"potentialAction\":[{\"@type\":\"SearchAction\",\"target\":{\"@type\":\"EntryPoint\",\"urlTemplate\":\"https:\/\/apuntesdesanluis.com\/?s={search_term_string}\"},\"query-input\":{\"@type\":\"PropertyValueSpecification\",\"valueRequired\":true,\"valueName\":\"search_term_string\"}}],\"inLanguage\":\"es-AR\"},{\"@type\":[\"Person\",\"Organization\"],\"@id\":\"https:\/\/apuntesdesanluis.com\/#\/schema\/person\/b55151d52296fcce64d1a72538a70b90\",\"name\":\"apuntesdesanluis.com\",\"image\":{\"@type\":\"ImageObject\",\"inLanguage\":\"es-AR\",\"@id\":\"https:\/\/apuntesdesanluis.com\/#\/schema\/person\/image\/\",\"url\":\"https:\/\/apuntesdesanluis.com\/wp-content\/uploads\/2023\/07\/cropped-apuntesdesanluis.png\",\"contentUrl\":\"https:\/\/apuntesdesanluis.com\/wp-content\/uploads\/2023\/07\/cropped-apuntesdesanluis.png\",\"width\":450,\"height\":112,\"caption\":\"apuntesdesanluis.com\"},\"logo\":{\"@id\":\"https:\/\/apuntesdesanluis.com\/#\/schema\/person\/image\/\"},\"sameAs\":[\"https:\/\/apuntesdesanluis.com\"],\"url\":\"https:\/\/apuntesdesanluis.com\/index.php\/author\/apuntesdesanluis-com\/\"}]}<\/script>\n<!-- \/ Yoast SEO plugin. -->","yoast_head_json":{"title":"MERLO: POR ACUERDO DE PARTES, SUSPENDIERON EL JUICIO A PRUEBA EN CAUSA DE VIOLENCIA DE G\u00c9NERO - Apuntes de San Luis","robots":{"index":"index","follow":"follow","max-snippet":"max-snippet:-1","max-image-preview":"max-image-preview:large","max-video-preview":"max-video-preview:-1"},"canonical":"https:\/\/apuntesdesanluis.com\/index.php\/2023\/08\/25\/merlo-por-acuerdo-de-partes-suspendieron-el-juicio-a-prueba-en-causa-de-violencia-de-genero\/","og_locale":"es_ES","og_type":"article","og_title":"MERLO: POR ACUERDO DE PARTES, SUSPENDIERON EL JUICIO A PRUEBA EN CAUSA DE VIOLENCIA DE G\u00c9NERO - Apuntes de San Luis","og_description":"Para mantener dicho beneficio, el acusado deber\u00e1 abonar a su ex pareja la suma de...","og_url":"https:\/\/apuntesdesanluis.com\/index.php\/2023\/08\/25\/merlo-por-acuerdo-de-partes-suspendieron-el-juicio-a-prueba-en-causa-de-violencia-de-genero\/","og_site_name":"Apuntes de San Luis","article_published_time":"2023-08-25T10:25:46+00:00","article_modified_time":"2023-08-27T21:46:17+00:00","og_image":[{"width":600,"height":390,"url":"https:\/\/apuntesdesanluis.com\/wp-content\/uploads\/2023\/08\/TRIBUNALES-CONCARAN.png","type":"image\/png"}],"author":"apuntesdesanluis.com","twitter_card":"summary_large_image","twitter_misc":{"Escrito por":"apuntesdesanluis.com","Tiempo de lectura":"4 minutos"},"schema":{"@context":"https:\/\/schema.org","@graph":[{"@type":"Article","@id":"https:\/\/apuntesdesanluis.com\/index.php\/2023\/08\/25\/merlo-por-acuerdo-de-partes-suspendieron-el-juicio-a-prueba-en-causa-de-violencia-de-genero\/#article","isPartOf":{"@id":"https:\/\/apuntesdesanluis.com\/index.php\/2023\/08\/25\/merlo-por-acuerdo-de-partes-suspendieron-el-juicio-a-prueba-en-causa-de-violencia-de-genero\/"},"author":{"name":"apuntesdesanluis.com","@id":"https:\/\/apuntesdesanluis.com\/#\/schema\/person\/b55151d52296fcce64d1a72538a70b90"},"headline":"MERLO: POR ACUERDO DE PARTES, SUSPENDIERON EL JUICIO A PRUEBA EN CAUSA DE VIOLENCIA DE G\u00c9NERO","datePublished":"2023-08-25T10:25:46+00:00","dateModified":"2023-08-27T21:46:17+00:00","mainEntityOfPage":{"@id":"https:\/\/apuntesdesanluis.com\/index.php\/2023\/08\/25\/merlo-por-acuerdo-de-partes-suspendieron-el-juicio-a-prueba-en-causa-de-violencia-de-genero\/"},"wordCount":763,"publisher":{"@id":"https:\/\/apuntesdesanluis.com\/#\/schema\/person\/b55151d52296fcce64d1a72538a70b90"},"image":{"@id":"https:\/\/apuntesdesanluis.com\/index.php\/2023\/08\/25\/merlo-por-acuerdo-de-partes-suspendieron-el-juicio-a-prueba-en-causa-de-violencia-de-genero\/#primaryimage"},"thumbnailUrl":"https:\/\/apuntesdesanluis.com\/wp-content\/uploads\/2023\/08\/TRIBUNALES-CONCARAN.png","articleSection":["Ciudad\/Provincia"],"inLanguage":"es-AR"},{"@type":"WebPage","@id":"https:\/\/apuntesdesanluis.com\/index.php\/2023\/08\/25\/merlo-por-acuerdo-de-partes-suspendieron-el-juicio-a-prueba-en-causa-de-violencia-de-genero\/","url":"https:\/\/apuntesdesanluis.com\/index.php\/2023\/08\/25\/merlo-por-acuerdo-de-partes-suspendieron-el-juicio-a-prueba-en-causa-de-violencia-de-genero\/","name":"MERLO: POR ACUERDO DE PARTES, SUSPENDIERON EL JUICIO A PRUEBA EN CAUSA DE VIOLENCIA DE G\u00c9NERO - Apuntes de San Luis","isPartOf":{"@id":"https:\/\/apuntesdesanluis.com\/#website"},"primaryImageOfPage":{"@id":"https:\/\/apuntesdesanluis.com\/index.php\/2023\/08\/25\/merlo-por-acuerdo-de-partes-suspendieron-el-juicio-a-prueba-en-causa-de-violencia-de-genero\/#primaryimage"},"image":{"@id":"https:\/\/apuntesdesanluis.com\/index.php\/2023\/08\/25\/merlo-por-acuerdo-de-partes-suspendieron-el-juicio-a-prueba-en-causa-de-violencia-de-genero\/#primaryimage"},"thumbnailUrl":"https:\/\/apuntesdesanluis.com\/wp-content\/uploads\/2023\/08\/TRIBUNALES-CONCARAN.png","datePublished":"2023-08-25T10:25:46+00:00","dateModified":"2023-08-27T21:46:17+00:00","breadcrumb":{"@id":"https:\/\/apuntesdesanluis.com\/index.php\/2023\/08\/25\/merlo-por-acuerdo-de-partes-suspendieron-el-juicio-a-prueba-en-causa-de-violencia-de-genero\/#breadcrumb"},"inLanguage":"es-AR","potentialAction":[{"@type":"ReadAction","target":["https:\/\/apuntesdesanluis.com\/index.php\/2023\/08\/25\/merlo-por-acuerdo-de-partes-suspendieron-el-juicio-a-prueba-en-causa-de-violencia-de-genero\/"]}]},{"@type":"ImageObject","inLanguage":"es-AR","@id":"https:\/\/apuntesdesanluis.com\/index.php\/2023\/08\/25\/merlo-por-acuerdo-de-partes-suspendieron-el-juicio-a-prueba-en-causa-de-violencia-de-genero\/#primaryimage","url":"https:\/\/apuntesdesanluis.com\/wp-content\/uploads\/2023\/08\/TRIBUNALES-CONCARAN.png","contentUrl":"https:\/\/apuntesdesanluis.com\/wp-content\/uploads\/2023\/08\/TRIBUNALES-CONCARAN.png","width":600,"height":390},{"@type":"BreadcrumbList","@id":"https:\/\/apuntesdesanluis.com\/index.php\/2023\/08\/25\/merlo-por-acuerdo-de-partes-suspendieron-el-juicio-a-prueba-en-causa-de-violencia-de-genero\/#breadcrumb","itemListElement":[{"@type":"ListItem","position":1,"name":"Inicio","item":"https:\/\/apuntesdesanluis.com\/"},{"@type":"ListItem","position":2,"name":"MERLO: POR ACUERDO DE PARTES, SUSPENDIERON EL JUICIO A PRUEBA EN CAUSA DE VIOLENCIA DE G\u00c9NERO"}]},{"@type":"WebSite","@id":"https:\/\/apuntesdesanluis.com\/#website","url":"https:\/\/apuntesdesanluis.com\/","name":"Apuntes de San Luis","description":"","publisher":{"@id":"https:\/\/apuntesdesanluis.com\/#\/schema\/person\/b55151d52296fcce64d1a72538a70b90"},"potentialAction":[{"@type":"SearchAction","target":{"@type":"EntryPoint","urlTemplate":"https:\/\/apuntesdesanluis.com\/?s={search_term_string}"},"query-input":{"@type":"PropertyValueSpecification","valueRequired":true,"valueName":"search_term_string"}}],"inLanguage":"es-AR"},{"@type":["Person","Organization"],"@id":"https:\/\/apuntesdesanluis.com\/#\/schema\/person\/b55151d52296fcce64d1a72538a70b90","name":"apuntesdesanluis.com","image":{"@type":"ImageObject","inLanguage":"es-AR","@id":"https:\/\/apuntesdesanluis.com\/#\/schema\/person\/image\/","url":"https:\/\/apuntesdesanluis.com\/wp-content\/uploads\/2023\/07\/cropped-apuntesdesanluis.png","contentUrl":"https:\/\/apuntesdesanluis.com\/wp-content\/uploads\/2023\/07\/cropped-apuntesdesanluis.png","width":450,"height":112,"caption":"apuntesdesanluis.com"},"logo":{"@id":"https:\/\/apuntesdesanluis.com\/#\/schema\/person\/image\/"},"sameAs":["https:\/\/apuntesdesanluis.com"],"url":"https:\/\/apuntesdesanluis.com\/index.php\/author\/apuntesdesanluis-com\/"}]}},"featured_image_urls":{"full":["https:\/\/apuntesdesanluis.com\/wp-content\/uploads\/2023\/08\/TRIBUNALES-CONCARAN.png",600,390,false],"thumbnail":["https:\/\/apuntesdesanluis.com\/wp-content\/uploads\/2023\/08\/TRIBUNALES-CONCARAN-150x150.png",150,150,true],"medium":["https:\/\/apuntesdesanluis.com\/wp-content\/uploads\/2023\/08\/TRIBUNALES-CONCARAN-300x195.png",300,195,true],"medium_large":["https:\/\/apuntesdesanluis.com\/wp-content\/uploads\/2023\/08\/TRIBUNALES-CONCARAN.png",600,390,false],"large":["https:\/\/apuntesdesanluis.com\/wp-content\/uploads\/2023\/08\/TRIBUNALES-CONCARAN.png",600,390,false],"1536x1536":["https:\/\/apuntesdesanluis.com\/wp-content\/uploads\/2023\/08\/TRIBUNALES-CONCARAN.png",600,390,false],"2048x2048":["https:\/\/apuntesdesanluis.com\/wp-content\/uploads\/2023\/08\/TRIBUNALES-CONCARAN.png",600,390,false],"newsever-slider-full":["https:\/\/apuntesdesanluis.com\/wp-content\/uploads\/2023\/08\/TRIBUNALES-CONCARAN.png",600,390,false],"newsever-featured":["https:\/\/apuntesdesanluis.com\/wp-content\/uploads\/2023\/08\/TRIBUNALES-CONCARAN.png",600,390,false],"newsever-medium":["https:\/\/apuntesdesanluis.com\/wp-content\/uploads\/2023\/08\/TRIBUNALES-CONCARAN.png",600,390,false]},"author_info":{"display_name":"apuntesdesanluis.com","author_link":"https:\/\/apuntesdesanluis.com\/index.php\/author\/apuntesdesanluis-com\/"},"category_info":"<a href=\"https:\/\/apuntesdesanluis.com\/index.php\/category\/ciudad-provincia\/\" rel=\"category tag\">Ciudad\/Provincia<\/a>","tag_info":"Ciudad\/Provincia","comment_count":"0","_links":{"self":[{"href":"https:\/\/apuntesdesanluis.com\/index.php\/wp-json\/wp\/v2\/posts\/2167","targetHints":{"allow":["GET"]}}],"collection":[{"href":"https:\/\/apuntesdesanluis.com\/index.php\/wp-json\/wp\/v2\/posts"}],"about":[{"href":"https:\/\/apuntesdesanluis.com\/index.php\/wp-json\/wp\/v2\/types\/post"}],"author":[{"embeddable":true,"href":"https:\/\/apuntesdesanluis.com\/index.php\/wp-json\/wp\/v2\/users\/1"}],"replies":[{"embeddable":true,"href":"https:\/\/apuntesdesanluis.com\/index.php\/wp-json\/wp\/v2\/comments?post=2167"}],"version-history":[{"count":1,"href":"https:\/\/apuntesdesanluis.com\/index.php\/wp-json\/wp\/v2\/posts\/2167\/revisions"}],"predecessor-version":[{"id":2169,"href":"https:\/\/apuntesdesanluis.com\/index.php\/wp-json\/wp\/v2\/posts\/2167\/revisions\/2169"}],"wp:featuredmedia":[{"embeddable":true,"href":"https:\/\/apuntesdesanluis.com\/index.php\/wp-json\/wp\/v2\/media\/2168"}],"wp:attachment":[{"href":"https:\/\/apuntesdesanluis.com\/index.php\/wp-json\/wp\/v2\/media?parent=2167"}],"wp:term":[{"taxonomy":"category","embeddable":true,"href":"https:\/\/apuntesdesanluis.com\/index.php\/wp-json\/wp\/v2\/categories?post=2167"},{"taxonomy":"post_tag","embeddable":true,"href":"https:\/\/apuntesdesanluis.com\/index.php\/wp-json\/wp\/v2\/tags?post=2167"}],"curies":[{"name":"wp","href":"https:\/\/api.w.org\/{rel}","templated":true}]}}