{"id":21674,"date":"2024-09-02T21:26:26","date_gmt":"2024-09-03T00:26:26","guid":{"rendered":"https:\/\/apuntesdesanluis.com\/?p=21674"},"modified":"2024-09-02T21:26:26","modified_gmt":"2024-09-03T00:26:26","slug":"este-miercoles-se-reanuda-el-juicio-por-el-homicidio-de-mafalda-sanchez","status":"publish","type":"post","link":"https:\/\/apuntesdesanluis.com\/index.php\/2024\/09\/02\/este-miercoles-se-reanuda-el-juicio-por-el-homicidio-de-mafalda-sanchez\/","title":{"rendered":"ESTE MI\u00c9RCOLES SE REANUDA EL JUICIO POR EL HOMICIDIO DE MAFALDA SANCHEZ"},"content":{"rendered":"<h3>A las 9.30 hs, continuar\u00e1 con la etapa probatoria. Las audiencias se desarrollan en la Sala de Juicios Orales N\u00ba 1 del edificio judicial mercedino.<\/h3>\n<h3>Este mi\u00e9rcoles cuatro de septiembre se reanudar\u00e1 el debate oral por la muerte de <strong>Mafalda S\u00e1nchez<\/strong>, ocurrida en el B\u00ba La Rioja de Villa Mercedes en septiembre de 2023. Al \u00fanico imputado en la causa se lo juzga por el delito de homicidio en ocasi\u00f3n de robo.<\/h3>\n<h3>El debate oral continuar\u00e1 con la etapa probatoria. Las audiencias se desarrollan en la Sala de Juicios Orales N\u00ba 1 del edificio judicial mercedino.<\/h3>\n<h3>\u00a0El tribunal est\u00e1 integrado por el Dr.\u00a0 Mauro D\u00b4Agata Henr\u00edquez \u2013 Presidente \u2013 y por las Dras. Daniela Estrada y Virna Eguinoa \u2013 Vocales \u2013. Como Fiscal de Juicio interviene el Dr. N\u00e9stor Lucero, y en la Defensa del acusado, la Dra. Silvana Alejandra Zunini\u00a0 y el procurador\u00a0 Adolfo Cafieri. Por la querella act\u00faa el Dr. Emiliano Daniel Vera. En la coordinaci\u00f3n del proceso interviene la Dra. Karina Cabral, Directora de la Oficina Judicial del Colegio de Jueces en lo Penal, de la Segunda Circunscripci\u00f3n Judicial.<\/h3>\n<p>&nbsp;<\/p>\n<p>&nbsp;<\/p>\n<p>&nbsp;<\/p>\n<p>&nbsp;<\/p>\n<p>&nbsp;<\/p>\n<p>&nbsp;<\/p>\n<p>&nbsp;<\/p>\n<p>&nbsp;<\/p>\n","protected":false},"excerpt":{"rendered":"<p>A las 9.30 hs, continuar\u00e1 con la etapa probatoria. Las audiencias se desarrollan en la&#8230;<\/p>\n","protected":false},"author":1,"featured_media":21675,"comment_status":"closed","ping_status":"closed","sticky":false,"template":"","format":"standard","meta":{"footnotes":""},"categories":[6],"tags":[],"class_list":["post-21674","post","type-post","status-publish","format-standard","has-post-thumbnail","hentry","category-ciudad-provincia"],"yoast_head":"<!-- This site is optimized with the Yoast SEO plugin v26.1.1 - https:\/\/yoast.com\/wordpress\/plugins\/seo\/ -->\n<title>ESTE MI\u00c9RCOLES SE REANUDA EL JUICIO POR EL HOMICIDIO DE MAFALDA SANCHEZ - Apuntes de San Luis<\/title>\n<meta name=\"robots\" content=\"index, follow, max-snippet:-1, max-image-preview:large, max-video-preview:-1\" \/>\n<link rel=\"canonical\" href=\"https:\/\/apuntesdesanluis.com\/index.php\/2024\/09\/02\/este-miercoles-se-reanuda-el-juicio-por-el-homicidio-de-mafalda-sanchez\/\" \/>\n<meta property=\"og:locale\" content=\"es_ES\" \/>\n<meta property=\"og:type\" content=\"article\" \/>\n<meta property=\"og:title\" content=\"ESTE MI\u00c9RCOLES SE REANUDA EL JUICIO POR EL HOMICIDIO DE MAFALDA SANCHEZ - Apuntes de San Luis\" \/>\n<meta property=\"og:description\" content=\"A las 9.30 hs, continuar\u00e1 con la etapa probatoria. Las audiencias se desarrollan en la...\" \/>\n<meta property=\"og:url\" content=\"https:\/\/apuntesdesanluis.com\/index.php\/2024\/09\/02\/este-miercoles-se-reanuda-el-juicio-por-el-homicidio-de-mafalda-sanchez\/\" \/>\n<meta property=\"og:site_name\" content=\"Apuntes de San Luis\" \/>\n<meta property=\"article:published_time\" content=\"2024-09-03T00:26:26+00:00\" \/>\n<meta property=\"og:image\" content=\"https:\/\/apuntesdesanluis.com\/wp-content\/uploads\/2024\/09\/caso-mafalda-sanchez.png\" \/>\n\t<meta property=\"og:image:width\" content=\"700\" \/>\n\t<meta property=\"og:image:height\" content=\"420\" \/>\n\t<meta property=\"og:image:type\" content=\"image\/png\" \/>\n<meta name=\"author\" content=\"apuntesdesanluis.com\" \/>\n<meta name=\"twitter:card\" content=\"summary_large_image\" \/>\n<meta name=\"twitter:label1\" content=\"Escrito por\" \/>\n\t<meta name=\"twitter:data1\" content=\"apuntesdesanluis.com\" \/>\n\t<meta name=\"twitter:label2\" content=\"Tiempo de lectura\" \/>\n\t<meta name=\"twitter:data2\" content=\"2 minutos\" \/>\n<script type=\"application\/ld+json\" class=\"yoast-schema-graph\">{\"@context\":\"https:\/\/schema.org\",\"@graph\":[{\"@type\":\"Article\",\"@id\":\"https:\/\/apuntesdesanluis.com\/index.php\/2024\/09\/02\/este-miercoles-se-reanuda-el-juicio-por-el-homicidio-de-mafalda-sanchez\/#article\",\"isPartOf\":{\"@id\":\"https:\/\/apuntesdesanluis.com\/index.php\/2024\/09\/02\/este-miercoles-se-reanuda-el-juicio-por-el-homicidio-de-mafalda-sanchez\/\"},\"author\":{\"name\":\"apuntesdesanluis.com\",\"@id\":\"https:\/\/apuntesdesanluis.com\/#\/schema\/person\/b55151d52296fcce64d1a72538a70b90\"},\"headline\":\"ESTE MI\u00c9RCOLES SE REANUDA EL JUICIO POR EL HOMICIDIO DE MAFALDA SANCHEZ\",\"datePublished\":\"2024-09-03T00:26:26+00:00\",\"mainEntityOfPage\":{\"@id\":\"https:\/\/apuntesdesanluis.com\/index.php\/2024\/09\/02\/este-miercoles-se-reanuda-el-juicio-por-el-homicidio-de-mafalda-sanchez\/\"},\"wordCount\":204,\"publisher\":{\"@id\":\"https:\/\/apuntesdesanluis.com\/#\/schema\/person\/b55151d52296fcce64d1a72538a70b90\"},\"image\":{\"@id\":\"https:\/\/apuntesdesanluis.com\/index.php\/2024\/09\/02\/este-miercoles-se-reanuda-el-juicio-por-el-homicidio-de-mafalda-sanchez\/#primaryimage\"},\"thumbnailUrl\":\"https:\/\/apuntesdesanluis.com\/wp-content\/uploads\/2024\/09\/caso-mafalda-sanchez.png\",\"articleSection\":[\"Ciudad\/Provincia\"],\"inLanguage\":\"es-AR\"},{\"@type\":\"WebPage\",\"@id\":\"https:\/\/apuntesdesanluis.com\/index.php\/2024\/09\/02\/este-miercoles-se-reanuda-el-juicio-por-el-homicidio-de-mafalda-sanchez\/\",\"url\":\"https:\/\/apuntesdesanluis.com\/index.php\/2024\/09\/02\/este-miercoles-se-reanuda-el-juicio-por-el-homicidio-de-mafalda-sanchez\/\",\"name\":\"ESTE MI\u00c9RCOLES SE REANUDA EL JUICIO POR EL HOMICIDIO DE MAFALDA SANCHEZ - Apuntes de San Luis\",\"isPartOf\":{\"@id\":\"https:\/\/apuntesdesanluis.com\/#website\"},\"primaryImageOfPage\":{\"@id\":\"https:\/\/apuntesdesanluis.com\/index.php\/2024\/09\/02\/este-miercoles-se-reanuda-el-juicio-por-el-homicidio-de-mafalda-sanchez\/#primaryimage\"},\"image\":{\"@id\":\"https:\/\/apuntesdesanluis.com\/index.php\/2024\/09\/02\/este-miercoles-se-reanuda-el-juicio-por-el-homicidio-de-mafalda-sanchez\/#primaryimage\"},\"thumbnailUrl\":\"https:\/\/apuntesdesanluis.com\/wp-content\/uploads\/2024\/09\/caso-mafalda-sanchez.png\",\"datePublished\":\"2024-09-03T00:26:26+00:00\",\"breadcrumb\":{\"@id\":\"https:\/\/apuntesdesanluis.com\/index.php\/2024\/09\/02\/este-miercoles-se-reanuda-el-juicio-por-el-homicidio-de-mafalda-sanchez\/#breadcrumb\"},\"inLanguage\":\"es-AR\",\"potentialAction\":[{\"@type\":\"ReadAction\",\"target\":[\"https:\/\/apuntesdesanluis.com\/index.php\/2024\/09\/02\/este-miercoles-se-reanuda-el-juicio-por-el-homicidio-de-mafalda-sanchez\/\"]}]},{\"@type\":\"ImageObject\",\"inLanguage\":\"es-AR\",\"@id\":\"https:\/\/apuntesdesanluis.com\/index.php\/2024\/09\/02\/este-miercoles-se-reanuda-el-juicio-por-el-homicidio-de-mafalda-sanchez\/#primaryimage\",\"url\":\"https:\/\/apuntesdesanluis.com\/wp-content\/uploads\/2024\/09\/caso-mafalda-sanchez.png\",\"contentUrl\":\"https:\/\/apuntesdesanluis.com\/wp-content\/uploads\/2024\/09\/caso-mafalda-sanchez.png\",\"width\":700,\"height\":420},{\"@type\":\"BreadcrumbList\",\"@id\":\"https:\/\/apuntesdesanluis.com\/index.php\/2024\/09\/02\/este-miercoles-se-reanuda-el-juicio-por-el-homicidio-de-mafalda-sanchez\/#breadcrumb\",\"itemListElement\":[{\"@type\":\"ListItem\",\"position\":1,\"name\":\"Inicio\",\"item\":\"https:\/\/apuntesdesanluis.com\/\"},{\"@type\":\"ListItem\",\"position\":2,\"name\":\"ESTE MI\u00c9RCOLES SE REANUDA EL JUICIO POR EL HOMICIDIO DE MAFALDA SANCHEZ\"}]},{\"@type\":\"WebSite\",\"@id\":\"https:\/\/apuntesdesanluis.com\/#website\",\"url\":\"https:\/\/apuntesdesanluis.com\/\",\"name\":\"Apuntes de San Luis\",\"description\":\"\",\"publisher\":{\"@id\":\"https:\/\/apuntesdesanluis.com\/#\/schema\/person\/b55151d52296fcce64d1a72538a70b90\"},\"potentialAction\":[{\"@type\":\"SearchAction\",\"target\":{\"@type\":\"EntryPoint\",\"urlTemplate\":\"https:\/\/apuntesdesanluis.com\/?s={search_term_string}\"},\"query-input\":{\"@type\":\"PropertyValueSpecification\",\"valueRequired\":true,\"valueName\":\"search_term_string\"}}],\"inLanguage\":\"es-AR\"},{\"@type\":[\"Person\",\"Organization\"],\"@id\":\"https:\/\/apuntesdesanluis.com\/#\/schema\/person\/b55151d52296fcce64d1a72538a70b90\",\"name\":\"apuntesdesanluis.com\",\"image\":{\"@type\":\"ImageObject\",\"inLanguage\":\"es-AR\",\"@id\":\"https:\/\/apuntesdesanluis.com\/#\/schema\/person\/image\/\",\"url\":\"https:\/\/apuntesdesanluis.com\/wp-content\/uploads\/2023\/07\/cropped-apuntesdesanluis.png\",\"contentUrl\":\"https:\/\/apuntesdesanluis.com\/wp-content\/uploads\/2023\/07\/cropped-apuntesdesanluis.png\",\"width\":450,\"height\":112,\"caption\":\"apuntesdesanluis.com\"},\"logo\":{\"@id\":\"https:\/\/apuntesdesanluis.com\/#\/schema\/person\/image\/\"},\"sameAs\":[\"https:\/\/apuntesdesanluis.com\"],\"url\":\"https:\/\/apuntesdesanluis.com\/index.php\/author\/apuntesdesanluis-com\/\"}]}<\/script>\n<!-- \/ Yoast SEO plugin. -->","yoast_head_json":{"title":"ESTE MI\u00c9RCOLES SE REANUDA EL JUICIO POR EL HOMICIDIO DE MAFALDA SANCHEZ - Apuntes de San Luis","robots":{"index":"index","follow":"follow","max-snippet":"max-snippet:-1","max-image-preview":"max-image-preview:large","max-video-preview":"max-video-preview:-1"},"canonical":"https:\/\/apuntesdesanluis.com\/index.php\/2024\/09\/02\/este-miercoles-se-reanuda-el-juicio-por-el-homicidio-de-mafalda-sanchez\/","og_locale":"es_ES","og_type":"article","og_title":"ESTE MI\u00c9RCOLES SE REANUDA EL JUICIO POR EL HOMICIDIO DE MAFALDA SANCHEZ - Apuntes de San Luis","og_description":"A las 9.30 hs, continuar\u00e1 con la etapa probatoria. Las audiencias se desarrollan en la...","og_url":"https:\/\/apuntesdesanluis.com\/index.php\/2024\/09\/02\/este-miercoles-se-reanuda-el-juicio-por-el-homicidio-de-mafalda-sanchez\/","og_site_name":"Apuntes de San Luis","article_published_time":"2024-09-03T00:26:26+00:00","og_image":[{"width":700,"height":420,"url":"https:\/\/apuntesdesanluis.com\/wp-content\/uploads\/2024\/09\/caso-mafalda-sanchez.png","type":"image\/png"}],"author":"apuntesdesanluis.com","twitter_card":"summary_large_image","twitter_misc":{"Escrito por":"apuntesdesanluis.com","Tiempo de lectura":"2 minutos"},"schema":{"@context":"https:\/\/schema.org","@graph":[{"@type":"Article","@id":"https:\/\/apuntesdesanluis.com\/index.php\/2024\/09\/02\/este-miercoles-se-reanuda-el-juicio-por-el-homicidio-de-mafalda-sanchez\/#article","isPartOf":{"@id":"https:\/\/apuntesdesanluis.com\/index.php\/2024\/09\/02\/este-miercoles-se-reanuda-el-juicio-por-el-homicidio-de-mafalda-sanchez\/"},"author":{"name":"apuntesdesanluis.com","@id":"https:\/\/apuntesdesanluis.com\/#\/schema\/person\/b55151d52296fcce64d1a72538a70b90"},"headline":"ESTE MI\u00c9RCOLES SE REANUDA EL JUICIO POR EL HOMICIDIO DE MAFALDA SANCHEZ","datePublished":"2024-09-03T00:26:26+00:00","mainEntityOfPage":{"@id":"https:\/\/apuntesdesanluis.com\/index.php\/2024\/09\/02\/este-miercoles-se-reanuda-el-juicio-por-el-homicidio-de-mafalda-sanchez\/"},"wordCount":204,"publisher":{"@id":"https:\/\/apuntesdesanluis.com\/#\/schema\/person\/b55151d52296fcce64d1a72538a70b90"},"image":{"@id":"https:\/\/apuntesdesanluis.com\/index.php\/2024\/09\/02\/este-miercoles-se-reanuda-el-juicio-por-el-homicidio-de-mafalda-sanchez\/#primaryimage"},"thumbnailUrl":"https:\/\/apuntesdesanluis.com\/wp-content\/uploads\/2024\/09\/caso-mafalda-sanchez.png","articleSection":["Ciudad\/Provincia"],"inLanguage":"es-AR"},{"@type":"WebPage","@id":"https:\/\/apuntesdesanluis.com\/index.php\/2024\/09\/02\/este-miercoles-se-reanuda-el-juicio-por-el-homicidio-de-mafalda-sanchez\/","url":"https:\/\/apuntesdesanluis.com\/index.php\/2024\/09\/02\/este-miercoles-se-reanuda-el-juicio-por-el-homicidio-de-mafalda-sanchez\/","name":"ESTE MI\u00c9RCOLES SE REANUDA EL JUICIO POR EL HOMICIDIO DE MAFALDA SANCHEZ - Apuntes de San Luis","isPartOf":{"@id":"https:\/\/apuntesdesanluis.com\/#website"},"primaryImageOfPage":{"@id":"https:\/\/apuntesdesanluis.com\/index.php\/2024\/09\/02\/este-miercoles-se-reanuda-el-juicio-por-el-homicidio-de-mafalda-sanchez\/#primaryimage"},"image":{"@id":"https:\/\/apuntesdesanluis.com\/index.php\/2024\/09\/02\/este-miercoles-se-reanuda-el-juicio-por-el-homicidio-de-mafalda-sanchez\/#primaryimage"},"thumbnailUrl":"https:\/\/apuntesdesanluis.com\/wp-content\/uploads\/2024\/09\/caso-mafalda-sanchez.png","datePublished":"2024-09-03T00:26:26+00:00","breadcrumb":{"@id":"https:\/\/apuntesdesanluis.com\/index.php\/2024\/09\/02\/este-miercoles-se-reanuda-el-juicio-por-el-homicidio-de-mafalda-sanchez\/#breadcrumb"},"inLanguage":"es-AR","potentialAction":[{"@type":"ReadAction","target":["https:\/\/apuntesdesanluis.com\/index.php\/2024\/09\/02\/este-miercoles-se-reanuda-el-juicio-por-el-homicidio-de-mafalda-sanchez\/"]}]},{"@type":"ImageObject","inLanguage":"es-AR","@id":"https:\/\/apuntesdesanluis.com\/index.php\/2024\/09\/02\/este-miercoles-se-reanuda-el-juicio-por-el-homicidio-de-mafalda-sanchez\/#primaryimage","url":"https:\/\/apuntesdesanluis.com\/wp-content\/uploads\/2024\/09\/caso-mafalda-sanchez.png","contentUrl":"https:\/\/apuntesdesanluis.com\/wp-content\/uploads\/2024\/09\/caso-mafalda-sanchez.png","width":700,"height":420},{"@type":"BreadcrumbList","@id":"https:\/\/apuntesdesanluis.com\/index.php\/2024\/09\/02\/este-miercoles-se-reanuda-el-juicio-por-el-homicidio-de-mafalda-sanchez\/#breadcrumb","itemListElement":[{"@type":"ListItem","position":1,"name":"Inicio","item":"https:\/\/apuntesdesanluis.com\/"},{"@type":"ListItem","position":2,"name":"ESTE MI\u00c9RCOLES SE REANUDA EL JUICIO POR EL HOMICIDIO DE MAFALDA SANCHEZ"}]},{"@type":"WebSite","@id":"https:\/\/apuntesdesanluis.com\/#website","url":"https:\/\/apuntesdesanluis.com\/","name":"Apuntes de San Luis","description":"","publisher":{"@id":"https:\/\/apuntesdesanluis.com\/#\/schema\/person\/b55151d52296fcce64d1a72538a70b90"},"potentialAction":[{"@type":"SearchAction","target":{"@type":"EntryPoint","urlTemplate":"https:\/\/apuntesdesanluis.com\/?s={search_term_string}"},"query-input":{"@type":"PropertyValueSpecification","valueRequired":true,"valueName":"search_term_string"}}],"inLanguage":"es-AR"},{"@type":["Person","Organization"],"@id":"https:\/\/apuntesdesanluis.com\/#\/schema\/person\/b55151d52296fcce64d1a72538a70b90","name":"apuntesdesanluis.com","image":{"@type":"ImageObject","inLanguage":"es-AR","@id":"https:\/\/apuntesdesanluis.com\/#\/schema\/person\/image\/","url":"https:\/\/apuntesdesanluis.com\/wp-content\/uploads\/2023\/07\/cropped-apuntesdesanluis.png","contentUrl":"https:\/\/apuntesdesanluis.com\/wp-content\/uploads\/2023\/07\/cropped-apuntesdesanluis.png","width":450,"height":112,"caption":"apuntesdesanluis.com"},"logo":{"@id":"https:\/\/apuntesdesanluis.com\/#\/schema\/person\/image\/"},"sameAs":["https:\/\/apuntesdesanluis.com"],"url":"https:\/\/apuntesdesanluis.com\/index.php\/author\/apuntesdesanluis-com\/"}]}},"featured_image_urls":{"full":["https:\/\/apuntesdesanluis.com\/wp-content\/uploads\/2024\/09\/caso-mafalda-sanchez.png",700,420,false],"thumbnail":["https:\/\/apuntesdesanluis.com\/wp-content\/uploads\/2024\/09\/caso-mafalda-sanchez-150x150.png",150,150,true],"medium":["https:\/\/apuntesdesanluis.com\/wp-content\/uploads\/2024\/09\/caso-mafalda-sanchez-300x180.png",300,180,true],"medium_large":["https:\/\/apuntesdesanluis.com\/wp-content\/uploads\/2024\/09\/caso-mafalda-sanchez.png",640,384,false],"large":["https:\/\/apuntesdesanluis.com\/wp-content\/uploads\/2024\/09\/caso-mafalda-sanchez.png",640,384,false],"1536x1536":["https:\/\/apuntesdesanluis.com\/wp-content\/uploads\/2024\/09\/caso-mafalda-sanchez.png",700,420,false],"2048x2048":["https:\/\/apuntesdesanluis.com\/wp-content\/uploads\/2024\/09\/caso-mafalda-sanchez.png",700,420,false],"newsever-slider-full":["https:\/\/apuntesdesanluis.com\/wp-content\/uploads\/2024\/09\/caso-mafalda-sanchez.png",700,420,false],"newsever-featured":["https:\/\/apuntesdesanluis.com\/wp-content\/uploads\/2024\/09\/caso-mafalda-sanchez.png",700,420,false],"newsever-medium":["https:\/\/apuntesdesanluis.com\/wp-content\/uploads\/2024\/09\/caso-mafalda-sanchez.png",700,420,false]},"author_info":{"display_name":"apuntesdesanluis.com","author_link":"https:\/\/apuntesdesanluis.com\/index.php\/author\/apuntesdesanluis-com\/"},"category_info":"<a href=\"https:\/\/apuntesdesanluis.com\/index.php\/category\/ciudad-provincia\/\" rel=\"category tag\">Ciudad\/Provincia<\/a>","tag_info":"Ciudad\/Provincia","comment_count":"0","_links":{"self":[{"href":"https:\/\/apuntesdesanluis.com\/index.php\/wp-json\/wp\/v2\/posts\/21674","targetHints":{"allow":["GET"]}}],"collection":[{"href":"https:\/\/apuntesdesanluis.com\/index.php\/wp-json\/wp\/v2\/posts"}],"about":[{"href":"https:\/\/apuntesdesanluis.com\/index.php\/wp-json\/wp\/v2\/types\/post"}],"author":[{"embeddable":true,"href":"https:\/\/apuntesdesanluis.com\/index.php\/wp-json\/wp\/v2\/users\/1"}],"replies":[{"embeddable":true,"href":"https:\/\/apuntesdesanluis.com\/index.php\/wp-json\/wp\/v2\/comments?post=21674"}],"version-history":[{"count":1,"href":"https:\/\/apuntesdesanluis.com\/index.php\/wp-json\/wp\/v2\/posts\/21674\/revisions"}],"predecessor-version":[{"id":21676,"href":"https:\/\/apuntesdesanluis.com\/index.php\/wp-json\/wp\/v2\/posts\/21674\/revisions\/21676"}],"wp:featuredmedia":[{"embeddable":true,"href":"https:\/\/apuntesdesanluis.com\/index.php\/wp-json\/wp\/v2\/media\/21675"}],"wp:attachment":[{"href":"https:\/\/apuntesdesanluis.com\/index.php\/wp-json\/wp\/v2\/media?parent=21674"}],"wp:term":[{"taxonomy":"category","embeddable":true,"href":"https:\/\/apuntesdesanluis.com\/index.php\/wp-json\/wp\/v2\/categories?post=21674"},{"taxonomy":"post_tag","embeddable":true,"href":"https:\/\/apuntesdesanluis.com\/index.php\/wp-json\/wp\/v2\/tags?post=21674"}],"curies":[{"name":"wp","href":"https:\/\/api.w.org\/{rel}","templated":true}]}}