{"id":21722,"date":"2024-09-03T19:54:56","date_gmt":"2024-09-03T22:54:56","guid":{"rendered":"https:\/\/apuntesdesanluis.com\/?p=21722"},"modified":"2024-09-03T19:55:23","modified_gmt":"2024-09-03T22:55:23","slug":"rechazan-posible-juicio-abreviado-en-el-caso-del-profesor-de-basquet-acusado-de-abuso","status":"publish","type":"post","link":"https:\/\/apuntesdesanluis.com\/index.php\/2024\/09\/03\/rechazan-posible-juicio-abreviado-en-el-caso-del-profesor-de-basquet-acusado-de-abuso\/","title":{"rendered":"RECHAZAN POSIBLE JUICIO ABREVIADO EN EL CASO DEL PROFESOR DE B\u00c1SQUET ACUSADO DE ABUSO"},"content":{"rendered":"<h3>Un profesor de b\u00e1squet de Villa Mercedes admiti\u00f3 haber violado a una ni\u00f1a hace casi cuatro a\u00f1os y busca una condena de solo 13 a\u00f1os a trav\u00e9s de un juicio abreviado.<\/h3>\n<h3>Por ese motivo, familiares de la v\u00edctima convocan a una protesta en los tribunales de Villa Mercedes este mi\u00e9rcoles a las 12:00 h, para expresar su rechazo al acuerdo, que podr\u00eda resultar en una \u201ccondena m\u00ednima y la posibilidad de prisi\u00f3n domiciliaria\u201d.<\/h3>\n<h3>El acusado, <strong>V\u00edctor Hugo Figueroa<\/strong>, acept\u00f3 su culpabilidad en los cargos de abuso sexual y corrupci\u00f3n de menores. Los jueces dar\u00e1n su veredicto al mediod\u00eda. La familia de la ni\u00f1a, que ahora tiene 9 a\u00f1os, teme que el acuerdo no haga justicia y planea apelar si se concede el juicio abreviado.<\/h3>\n<h3>El ex profesor, actualmente en prisi\u00f3n preventiva, ha visto agravados los cargos contra \u00e9l desde su detenci\u00f3n en agosto de 2021. Los familiares insisten en que el castigo debe ser m\u00e1s severo para evitar futuras reincidencias.<\/h3>\n<h3>El acusado de 60 a\u00f1os reconoci\u00f3 su responsabilidad en los delitos de &#8220;Abuso sexual con acceso carnal en concurso real con corrupci\u00f3n de menores&#8221; como parte del acuerdo al que llegaron su representante, la defensora oficial Roc\u00edo Mediavilla, el fiscal N\u00e9stor Lucero y la defensora de la Ni\u00f1ez, Adolescencia e Incapaces, Victoria Cort\u00e1zar, en un proceso conocido como juicio abreviado.<\/h3>\n<h3>Tal procedimiento es aquel en el que las partes, tanto la fiscal\u00eda como la defensa, negocian una pena para el imputado a cambio de que acepte su participaci\u00f3n en los delitos endilgados. Figueroa no estuvo presente en el recinto de juicio, particip\u00f3 de la audiencia desde el Servicio Penitenciario, a trav\u00e9s de una videollamada.<\/h3>\n<h3>Luego de que admitiera que cometi\u00f3 los abusos, los jueces Daniela Estrada, Mauro D&#8217;Agata Henr\u00edquez y Fernando Julio de Viana, le informaron que este mi\u00e9rcoles, al mediod\u00eda, dar\u00e1n a conocer su fallo, es decir si hacen lugar al pedido de pena acordado por las partes.<\/h3>\n<h3><strong>LA PALABRA DEL PADRE<\/strong><\/h3>\n<h3>&#8220;Si le llegan a conceder el juicio abreviado vamos a apelar y seguiremos peleando en una instancia superior, porque nuestra hija sigue con tratamiento psicol\u00f3gico, sigue siendo una ni\u00f1a que tiene que procesar millones de cosas&#8221;, adelant\u00f3 Jos\u00e9, el padre de la v\u00edctima, que hoy tiene nueve a\u00f1os.<\/h3>\n<h3>Entrevistado por El Diario de la Rep\u00fablica, indic\u00f3: &#8220;Nada m\u00e1s con 13 a\u00f1os me parece que se le estar\u00edan dando un beneficio que no se lo merece porque si se le pudiese dar toda una vida y que se muera ah\u00ed adentro, en la c\u00e1rcel, deber\u00edan d\u00e1rselo, porque seguramente va a salir y va a reincidir. Porque estos tipos son enfermos que reinciden, no cambian&#8221;, remarc\u00f3 y agreg\u00f3 que, por eso, quieren que permanezca &#8220;la mayor cantidad de a\u00f1os posibles a la sombra&#8221;.<\/h3>\n<h3>&#8220;Lleg\u00f3 acusado con la figura de corrupci\u00f3n de menores porque le exhib\u00eda videos de su celular a la nena para que ella supiera lo que ten\u00eda que hacerle \u00bfEntonces de qu\u00e9 estamos hablando?&#8221;, expres\u00f3 el hombre, quien conserva la esperanza de que el tribunal no haga lugar al pedido de Figueroa.<\/h3>\n<h3>El ex profesor de b\u00e1squet est\u00e1 en el penal de San Luis desde agosto de 2021, cuando fue procesado con prisi\u00f3n preventiva por &#8220;Abuso sexual gravemente ultrajante&#8221;. Pero un a\u00f1o despu\u00e9s, a ra\u00edz de las pruebas producidas a lo largo de la investigaci\u00f3n, la calificaci\u00f3n del delito se agrav\u00f3 y cambi\u00f3 a &#8220;Acceso carnal&#8221; con &#8220;Corrupci\u00f3n de menores&#8221;.<\/h3>\n<p>&nbsp;<\/p>\n<p>&nbsp;<\/p>\n<p>&nbsp;<\/p>\n","protected":false},"excerpt":{"rendered":"<p>Un profesor de b\u00e1squet de Villa Mercedes admiti\u00f3 haber violado a una ni\u00f1a hace casi&#8230;<\/p>\n","protected":false},"author":1,"featured_media":21723,"comment_status":"closed","ping_status":"closed","sticky":false,"template":"","format":"standard","meta":{"footnotes":""},"categories":[6],"tags":[],"class_list":["post-21722","post","type-post","status-publish","format-standard","has-post-thumbnail","hentry","category-ciudad-provincia"],"yoast_head":"<!-- This site is optimized with the Yoast SEO plugin v26.1.1 - https:\/\/yoast.com\/wordpress\/plugins\/seo\/ -->\n<title>RECHAZAN POSIBLE JUICIO ABREVIADO EN EL CASO DEL PROFESOR DE B\u00c1SQUET ACUSADO DE ABUSO - Apuntes de San Luis<\/title>\n<meta name=\"robots\" content=\"index, follow, max-snippet:-1, max-image-preview:large, max-video-preview:-1\" \/>\n<link rel=\"canonical\" href=\"https:\/\/apuntesdesanluis.com\/index.php\/2024\/09\/03\/rechazan-posible-juicio-abreviado-en-el-caso-del-profesor-de-basquet-acusado-de-abuso\/\" \/>\n<meta property=\"og:locale\" content=\"es_ES\" \/>\n<meta property=\"og:type\" content=\"article\" \/>\n<meta property=\"og:title\" content=\"RECHAZAN POSIBLE JUICIO ABREVIADO EN EL CASO DEL PROFESOR DE B\u00c1SQUET ACUSADO DE ABUSO - Apuntes de San Luis\" \/>\n<meta property=\"og:description\" content=\"Un profesor de b\u00e1squet de Villa Mercedes admiti\u00f3 haber violado a una ni\u00f1a hace casi...\" \/>\n<meta property=\"og:url\" content=\"https:\/\/apuntesdesanluis.com\/index.php\/2024\/09\/03\/rechazan-posible-juicio-abreviado-en-el-caso-del-profesor-de-basquet-acusado-de-abuso\/\" \/>\n<meta property=\"og:site_name\" content=\"Apuntes de San Luis\" \/>\n<meta property=\"article:published_time\" content=\"2024-09-03T22:54:56+00:00\" \/>\n<meta property=\"article:modified_time\" content=\"2024-09-03T22:55:23+00:00\" \/>\n<meta property=\"og:image\" content=\"https:\/\/apuntesdesanluis.com\/wp-content\/uploads\/2024\/09\/beco.png\" \/>\n\t<meta property=\"og:image:width\" content=\"700\" \/>\n\t<meta property=\"og:image:height\" content=\"438\" \/>\n\t<meta property=\"og:image:type\" content=\"image\/png\" \/>\n<meta name=\"author\" content=\"apuntesdesanluis.com\" \/>\n<meta name=\"twitter:card\" content=\"summary_large_image\" \/>\n<meta name=\"twitter:label1\" content=\"Escrito por\" \/>\n\t<meta name=\"twitter:data1\" content=\"apuntesdesanluis.com\" \/>\n\t<meta name=\"twitter:label2\" content=\"Tiempo de lectura\" \/>\n\t<meta name=\"twitter:data2\" content=\"3 minutos\" \/>\n<script type=\"application\/ld+json\" class=\"yoast-schema-graph\">{\"@context\":\"https:\/\/schema.org\",\"@graph\":[{\"@type\":\"Article\",\"@id\":\"https:\/\/apuntesdesanluis.com\/index.php\/2024\/09\/03\/rechazan-posible-juicio-abreviado-en-el-caso-del-profesor-de-basquet-acusado-de-abuso\/#article\",\"isPartOf\":{\"@id\":\"https:\/\/apuntesdesanluis.com\/index.php\/2024\/09\/03\/rechazan-posible-juicio-abreviado-en-el-caso-del-profesor-de-basquet-acusado-de-abuso\/\"},\"author\":{\"name\":\"apuntesdesanluis.com\",\"@id\":\"https:\/\/apuntesdesanluis.com\/#\/schema\/person\/b55151d52296fcce64d1a72538a70b90\"},\"headline\":\"RECHAZAN POSIBLE JUICIO ABREVIADO EN EL CASO DEL PROFESOR DE B\u00c1SQUET ACUSADO DE ABUSO\",\"datePublished\":\"2024-09-03T22:54:56+00:00\",\"dateModified\":\"2024-09-03T22:55:23+00:00\",\"mainEntityOfPage\":{\"@id\":\"https:\/\/apuntesdesanluis.com\/index.php\/2024\/09\/03\/rechazan-posible-juicio-abreviado-en-el-caso-del-profesor-de-basquet-acusado-de-abuso\/\"},\"wordCount\":629,\"publisher\":{\"@id\":\"https:\/\/apuntesdesanluis.com\/#\/schema\/person\/b55151d52296fcce64d1a72538a70b90\"},\"image\":{\"@id\":\"https:\/\/apuntesdesanluis.com\/index.php\/2024\/09\/03\/rechazan-posible-juicio-abreviado-en-el-caso-del-profesor-de-basquet-acusado-de-abuso\/#primaryimage\"},\"thumbnailUrl\":\"https:\/\/apuntesdesanluis.com\/wp-content\/uploads\/2024\/09\/beco.png\",\"articleSection\":[\"Ciudad\/Provincia\"],\"inLanguage\":\"es-AR\"},{\"@type\":\"WebPage\",\"@id\":\"https:\/\/apuntesdesanluis.com\/index.php\/2024\/09\/03\/rechazan-posible-juicio-abreviado-en-el-caso-del-profesor-de-basquet-acusado-de-abuso\/\",\"url\":\"https:\/\/apuntesdesanluis.com\/index.php\/2024\/09\/03\/rechazan-posible-juicio-abreviado-en-el-caso-del-profesor-de-basquet-acusado-de-abuso\/\",\"name\":\"RECHAZAN POSIBLE JUICIO ABREVIADO EN EL CASO DEL PROFESOR DE B\u00c1SQUET ACUSADO DE ABUSO - Apuntes de San Luis\",\"isPartOf\":{\"@id\":\"https:\/\/apuntesdesanluis.com\/#website\"},\"primaryImageOfPage\":{\"@id\":\"https:\/\/apuntesdesanluis.com\/index.php\/2024\/09\/03\/rechazan-posible-juicio-abreviado-en-el-caso-del-profesor-de-basquet-acusado-de-abuso\/#primaryimage\"},\"image\":{\"@id\":\"https:\/\/apuntesdesanluis.com\/index.php\/2024\/09\/03\/rechazan-posible-juicio-abreviado-en-el-caso-del-profesor-de-basquet-acusado-de-abuso\/#primaryimage\"},\"thumbnailUrl\":\"https:\/\/apuntesdesanluis.com\/wp-content\/uploads\/2024\/09\/beco.png\",\"datePublished\":\"2024-09-03T22:54:56+00:00\",\"dateModified\":\"2024-09-03T22:55:23+00:00\",\"breadcrumb\":{\"@id\":\"https:\/\/apuntesdesanluis.com\/index.php\/2024\/09\/03\/rechazan-posible-juicio-abreviado-en-el-caso-del-profesor-de-basquet-acusado-de-abuso\/#breadcrumb\"},\"inLanguage\":\"es-AR\",\"potentialAction\":[{\"@type\":\"ReadAction\",\"target\":[\"https:\/\/apuntesdesanluis.com\/index.php\/2024\/09\/03\/rechazan-posible-juicio-abreviado-en-el-caso-del-profesor-de-basquet-acusado-de-abuso\/\"]}]},{\"@type\":\"ImageObject\",\"inLanguage\":\"es-AR\",\"@id\":\"https:\/\/apuntesdesanluis.com\/index.php\/2024\/09\/03\/rechazan-posible-juicio-abreviado-en-el-caso-del-profesor-de-basquet-acusado-de-abuso\/#primaryimage\",\"url\":\"https:\/\/apuntesdesanluis.com\/wp-content\/uploads\/2024\/09\/beco.png\",\"contentUrl\":\"https:\/\/apuntesdesanluis.com\/wp-content\/uploads\/2024\/09\/beco.png\",\"width\":700,\"height\":438},{\"@type\":\"BreadcrumbList\",\"@id\":\"https:\/\/apuntesdesanluis.com\/index.php\/2024\/09\/03\/rechazan-posible-juicio-abreviado-en-el-caso-del-profesor-de-basquet-acusado-de-abuso\/#breadcrumb\",\"itemListElement\":[{\"@type\":\"ListItem\",\"position\":1,\"name\":\"Inicio\",\"item\":\"https:\/\/apuntesdesanluis.com\/\"},{\"@type\":\"ListItem\",\"position\":2,\"name\":\"RECHAZAN POSIBLE JUICIO ABREVIADO EN EL CASO DEL PROFESOR DE B\u00c1SQUET ACUSADO DE ABUSO\"}]},{\"@type\":\"WebSite\",\"@id\":\"https:\/\/apuntesdesanluis.com\/#website\",\"url\":\"https:\/\/apuntesdesanluis.com\/\",\"name\":\"Apuntes de San Luis\",\"description\":\"\",\"publisher\":{\"@id\":\"https:\/\/apuntesdesanluis.com\/#\/schema\/person\/b55151d52296fcce64d1a72538a70b90\"},\"potentialAction\":[{\"@type\":\"SearchAction\",\"target\":{\"@type\":\"EntryPoint\",\"urlTemplate\":\"https:\/\/apuntesdesanluis.com\/?s={search_term_string}\"},\"query-input\":{\"@type\":\"PropertyValueSpecification\",\"valueRequired\":true,\"valueName\":\"search_term_string\"}}],\"inLanguage\":\"es-AR\"},{\"@type\":[\"Person\",\"Organization\"],\"@id\":\"https:\/\/apuntesdesanluis.com\/#\/schema\/person\/b55151d52296fcce64d1a72538a70b90\",\"name\":\"apuntesdesanluis.com\",\"image\":{\"@type\":\"ImageObject\",\"inLanguage\":\"es-AR\",\"@id\":\"https:\/\/apuntesdesanluis.com\/#\/schema\/person\/image\/\",\"url\":\"https:\/\/apuntesdesanluis.com\/wp-content\/uploads\/2023\/07\/cropped-apuntesdesanluis.png\",\"contentUrl\":\"https:\/\/apuntesdesanluis.com\/wp-content\/uploads\/2023\/07\/cropped-apuntesdesanluis.png\",\"width\":450,\"height\":112,\"caption\":\"apuntesdesanluis.com\"},\"logo\":{\"@id\":\"https:\/\/apuntesdesanluis.com\/#\/schema\/person\/image\/\"},\"sameAs\":[\"https:\/\/apuntesdesanluis.com\"],\"url\":\"https:\/\/apuntesdesanluis.com\/index.php\/author\/apuntesdesanluis-com\/\"}]}<\/script>\n<!-- \/ Yoast SEO plugin. -->","yoast_head_json":{"title":"RECHAZAN POSIBLE JUICIO ABREVIADO EN EL CASO DEL PROFESOR DE B\u00c1SQUET ACUSADO DE ABUSO - Apuntes de San Luis","robots":{"index":"index","follow":"follow","max-snippet":"max-snippet:-1","max-image-preview":"max-image-preview:large","max-video-preview":"max-video-preview:-1"},"canonical":"https:\/\/apuntesdesanluis.com\/index.php\/2024\/09\/03\/rechazan-posible-juicio-abreviado-en-el-caso-del-profesor-de-basquet-acusado-de-abuso\/","og_locale":"es_ES","og_type":"article","og_title":"RECHAZAN POSIBLE JUICIO ABREVIADO EN EL CASO DEL PROFESOR DE B\u00c1SQUET ACUSADO DE ABUSO - Apuntes de San Luis","og_description":"Un profesor de b\u00e1squet de Villa Mercedes admiti\u00f3 haber violado a una ni\u00f1a hace casi...","og_url":"https:\/\/apuntesdesanluis.com\/index.php\/2024\/09\/03\/rechazan-posible-juicio-abreviado-en-el-caso-del-profesor-de-basquet-acusado-de-abuso\/","og_site_name":"Apuntes de San Luis","article_published_time":"2024-09-03T22:54:56+00:00","article_modified_time":"2024-09-03T22:55:23+00:00","og_image":[{"width":700,"height":438,"url":"https:\/\/apuntesdesanluis.com\/wp-content\/uploads\/2024\/09\/beco.png","type":"image\/png"}],"author":"apuntesdesanluis.com","twitter_card":"summary_large_image","twitter_misc":{"Escrito por":"apuntesdesanluis.com","Tiempo de lectura":"3 minutos"},"schema":{"@context":"https:\/\/schema.org","@graph":[{"@type":"Article","@id":"https:\/\/apuntesdesanluis.com\/index.php\/2024\/09\/03\/rechazan-posible-juicio-abreviado-en-el-caso-del-profesor-de-basquet-acusado-de-abuso\/#article","isPartOf":{"@id":"https:\/\/apuntesdesanluis.com\/index.php\/2024\/09\/03\/rechazan-posible-juicio-abreviado-en-el-caso-del-profesor-de-basquet-acusado-de-abuso\/"},"author":{"name":"apuntesdesanluis.com","@id":"https:\/\/apuntesdesanluis.com\/#\/schema\/person\/b55151d52296fcce64d1a72538a70b90"},"headline":"RECHAZAN POSIBLE JUICIO ABREVIADO EN EL CASO DEL PROFESOR DE B\u00c1SQUET ACUSADO DE ABUSO","datePublished":"2024-09-03T22:54:56+00:00","dateModified":"2024-09-03T22:55:23+00:00","mainEntityOfPage":{"@id":"https:\/\/apuntesdesanluis.com\/index.php\/2024\/09\/03\/rechazan-posible-juicio-abreviado-en-el-caso-del-profesor-de-basquet-acusado-de-abuso\/"},"wordCount":629,"publisher":{"@id":"https:\/\/apuntesdesanluis.com\/#\/schema\/person\/b55151d52296fcce64d1a72538a70b90"},"image":{"@id":"https:\/\/apuntesdesanluis.com\/index.php\/2024\/09\/03\/rechazan-posible-juicio-abreviado-en-el-caso-del-profesor-de-basquet-acusado-de-abuso\/#primaryimage"},"thumbnailUrl":"https:\/\/apuntesdesanluis.com\/wp-content\/uploads\/2024\/09\/beco.png","articleSection":["Ciudad\/Provincia"],"inLanguage":"es-AR"},{"@type":"WebPage","@id":"https:\/\/apuntesdesanluis.com\/index.php\/2024\/09\/03\/rechazan-posible-juicio-abreviado-en-el-caso-del-profesor-de-basquet-acusado-de-abuso\/","url":"https:\/\/apuntesdesanluis.com\/index.php\/2024\/09\/03\/rechazan-posible-juicio-abreviado-en-el-caso-del-profesor-de-basquet-acusado-de-abuso\/","name":"RECHAZAN POSIBLE JUICIO ABREVIADO EN EL CASO DEL PROFESOR DE B\u00c1SQUET ACUSADO DE ABUSO - Apuntes de San Luis","isPartOf":{"@id":"https:\/\/apuntesdesanluis.com\/#website"},"primaryImageOfPage":{"@id":"https:\/\/apuntesdesanluis.com\/index.php\/2024\/09\/03\/rechazan-posible-juicio-abreviado-en-el-caso-del-profesor-de-basquet-acusado-de-abuso\/#primaryimage"},"image":{"@id":"https:\/\/apuntesdesanluis.com\/index.php\/2024\/09\/03\/rechazan-posible-juicio-abreviado-en-el-caso-del-profesor-de-basquet-acusado-de-abuso\/#primaryimage"},"thumbnailUrl":"https:\/\/apuntesdesanluis.com\/wp-content\/uploads\/2024\/09\/beco.png","datePublished":"2024-09-03T22:54:56+00:00","dateModified":"2024-09-03T22:55:23+00:00","breadcrumb":{"@id":"https:\/\/apuntesdesanluis.com\/index.php\/2024\/09\/03\/rechazan-posible-juicio-abreviado-en-el-caso-del-profesor-de-basquet-acusado-de-abuso\/#breadcrumb"},"inLanguage":"es-AR","potentialAction":[{"@type":"ReadAction","target":["https:\/\/apuntesdesanluis.com\/index.php\/2024\/09\/03\/rechazan-posible-juicio-abreviado-en-el-caso-del-profesor-de-basquet-acusado-de-abuso\/"]}]},{"@type":"ImageObject","inLanguage":"es-AR","@id":"https:\/\/apuntesdesanluis.com\/index.php\/2024\/09\/03\/rechazan-posible-juicio-abreviado-en-el-caso-del-profesor-de-basquet-acusado-de-abuso\/#primaryimage","url":"https:\/\/apuntesdesanluis.com\/wp-content\/uploads\/2024\/09\/beco.png","contentUrl":"https:\/\/apuntesdesanluis.com\/wp-content\/uploads\/2024\/09\/beco.png","width":700,"height":438},{"@type":"BreadcrumbList","@id":"https:\/\/apuntesdesanluis.com\/index.php\/2024\/09\/03\/rechazan-posible-juicio-abreviado-en-el-caso-del-profesor-de-basquet-acusado-de-abuso\/#breadcrumb","itemListElement":[{"@type":"ListItem","position":1,"name":"Inicio","item":"https:\/\/apuntesdesanluis.com\/"},{"@type":"ListItem","position":2,"name":"RECHAZAN POSIBLE JUICIO ABREVIADO EN EL CASO DEL PROFESOR DE B\u00c1SQUET ACUSADO DE ABUSO"}]},{"@type":"WebSite","@id":"https:\/\/apuntesdesanluis.com\/#website","url":"https:\/\/apuntesdesanluis.com\/","name":"Apuntes de San Luis","description":"","publisher":{"@id":"https:\/\/apuntesdesanluis.com\/#\/schema\/person\/b55151d52296fcce64d1a72538a70b90"},"potentialAction":[{"@type":"SearchAction","target":{"@type":"EntryPoint","urlTemplate":"https:\/\/apuntesdesanluis.com\/?s={search_term_string}"},"query-input":{"@type":"PropertyValueSpecification","valueRequired":true,"valueName":"search_term_string"}}],"inLanguage":"es-AR"},{"@type":["Person","Organization"],"@id":"https:\/\/apuntesdesanluis.com\/#\/schema\/person\/b55151d52296fcce64d1a72538a70b90","name":"apuntesdesanluis.com","image":{"@type":"ImageObject","inLanguage":"es-AR","@id":"https:\/\/apuntesdesanluis.com\/#\/schema\/person\/image\/","url":"https:\/\/apuntesdesanluis.com\/wp-content\/uploads\/2023\/07\/cropped-apuntesdesanluis.png","contentUrl":"https:\/\/apuntesdesanluis.com\/wp-content\/uploads\/2023\/07\/cropped-apuntesdesanluis.png","width":450,"height":112,"caption":"apuntesdesanluis.com"},"logo":{"@id":"https:\/\/apuntesdesanluis.com\/#\/schema\/person\/image\/"},"sameAs":["https:\/\/apuntesdesanluis.com"],"url":"https:\/\/apuntesdesanluis.com\/index.php\/author\/apuntesdesanluis-com\/"}]}},"featured_image_urls":{"full":["https:\/\/apuntesdesanluis.com\/wp-content\/uploads\/2024\/09\/beco.png",700,438,false],"thumbnail":["https:\/\/apuntesdesanluis.com\/wp-content\/uploads\/2024\/09\/beco-150x150.png",150,150,true],"medium":["https:\/\/apuntesdesanluis.com\/wp-content\/uploads\/2024\/09\/beco-300x188.png",300,188,true],"medium_large":["https:\/\/apuntesdesanluis.com\/wp-content\/uploads\/2024\/09\/beco.png",640,400,false],"large":["https:\/\/apuntesdesanluis.com\/wp-content\/uploads\/2024\/09\/beco.png",640,400,false],"1536x1536":["https:\/\/apuntesdesanluis.com\/wp-content\/uploads\/2024\/09\/beco.png",700,438,false],"2048x2048":["https:\/\/apuntesdesanluis.com\/wp-content\/uploads\/2024\/09\/beco.png",700,438,false],"newsever-slider-full":["https:\/\/apuntesdesanluis.com\/wp-content\/uploads\/2024\/09\/beco.png",700,438,false],"newsever-featured":["https:\/\/apuntesdesanluis.com\/wp-content\/uploads\/2024\/09\/beco.png",700,438,false],"newsever-medium":["https:\/\/apuntesdesanluis.com\/wp-content\/uploads\/2024\/09\/beco.png",700,438,false]},"author_info":{"display_name":"apuntesdesanluis.com","author_link":"https:\/\/apuntesdesanluis.com\/index.php\/author\/apuntesdesanluis-com\/"},"category_info":"<a href=\"https:\/\/apuntesdesanluis.com\/index.php\/category\/ciudad-provincia\/\" rel=\"category tag\">Ciudad\/Provincia<\/a>","tag_info":"Ciudad\/Provincia","comment_count":"0","_links":{"self":[{"href":"https:\/\/apuntesdesanluis.com\/index.php\/wp-json\/wp\/v2\/posts\/21722","targetHints":{"allow":["GET"]}}],"collection":[{"href":"https:\/\/apuntesdesanluis.com\/index.php\/wp-json\/wp\/v2\/posts"}],"about":[{"href":"https:\/\/apuntesdesanluis.com\/index.php\/wp-json\/wp\/v2\/types\/post"}],"author":[{"embeddable":true,"href":"https:\/\/apuntesdesanluis.com\/index.php\/wp-json\/wp\/v2\/users\/1"}],"replies":[{"embeddable":true,"href":"https:\/\/apuntesdesanluis.com\/index.php\/wp-json\/wp\/v2\/comments?post=21722"}],"version-history":[{"count":2,"href":"https:\/\/apuntesdesanluis.com\/index.php\/wp-json\/wp\/v2\/posts\/21722\/revisions"}],"predecessor-version":[{"id":21725,"href":"https:\/\/apuntesdesanluis.com\/index.php\/wp-json\/wp\/v2\/posts\/21722\/revisions\/21725"}],"wp:featuredmedia":[{"embeddable":true,"href":"https:\/\/apuntesdesanluis.com\/index.php\/wp-json\/wp\/v2\/media\/21723"}],"wp:attachment":[{"href":"https:\/\/apuntesdesanluis.com\/index.php\/wp-json\/wp\/v2\/media?parent=21722"}],"wp:term":[{"taxonomy":"category","embeddable":true,"href":"https:\/\/apuntesdesanluis.com\/index.php\/wp-json\/wp\/v2\/categories?post=21722"},{"taxonomy":"post_tag","embeddable":true,"href":"https:\/\/apuntesdesanluis.com\/index.php\/wp-json\/wp\/v2\/tags?post=21722"}],"curies":[{"name":"wp","href":"https:\/\/api.w.org\/{rel}","templated":true}]}}