{"id":21754,"date":"2024-09-04T09:28:48","date_gmt":"2024-09-04T12:28:48","guid":{"rendered":"https:\/\/apuntesdesanluis.com\/?p=21754"},"modified":"2024-09-04T19:53:23","modified_gmt":"2024-09-04T22:53:23","slug":"el-atleta-tomas-villegas-representara-al-pais-en-el-campeonato-sudamericano","status":"publish","type":"post","link":"https:\/\/apuntesdesanluis.com\/index.php\/2024\/09\/04\/el-atleta-tomas-villegas-representara-al-pais-en-el-campeonato-sudamericano\/","title":{"rendered":"EL ATLETA TOM\u00c1S VILLEGAS REPRESENTAR\u00c1 AL PA\u00cdS EN EL CAMPEONATO SUDAMERICANO"},"content":{"rendered":"<div class=\"et_pb_section et_pb_section_0 et_pb_with_background et_section_regular\">\n<div class=\"et_pb_row et_pb_row_0 centrar-horizontal\">\n<div class=\"et_pb_column et_pb_column_2_5 et_pb_column_0 et_pb_css_mix_blend_mode_passthrough\">\n<div class=\"et_pb_module et_pb_post_title et_pb_post_title_0 et_pb_bg_layout_dark et_pb_text_align_left\">\n<div class=\"et_pb_title_container\">\n<h3 class=\"et_pb_title_meta_container\">El destacado deportista estudiante de la UNViMe fue convocado luego de su destacada performance en el Campeonato Nacional U23 de Atletismo, que se disput\u00f3 en San Luis.<\/h3>\n<\/div>\n<\/div>\n<\/div>\n<div class=\"et_pb_column et_pb_column_3_5 et_pb_column_1 et_pb_css_mix_blend_mode_passthrough\">\n<div class=\"et_pb_module et_pb_post_title et_pb_post_title_1 centrar-horizontal et_pb_bg_layout_light et_pb_text_align_left\">\n<div class=\"et_pb_title_container\">\u00a0<img fetchpriority=\"high\" decoding=\"async\" class=\"wp-image-21757 aligncenter\" src=\"https:\/\/apuntesdesanluis.com\/wp-content\/uploads\/2024\/09\/6bcc7b73-9d7c-4875-b80d-1ecf0b7b8384-300x91.jpg\" alt=\"\" width=\"537\" height=\"163\" srcset=\"https:\/\/apuntesdesanluis.com\/wp-content\/uploads\/2024\/09\/6bcc7b73-9d7c-4875-b80d-1ecf0b7b8384-300x91.jpg 300w, https:\/\/apuntesdesanluis.com\/wp-content\/uploads\/2024\/09\/6bcc7b73-9d7c-4875-b80d-1ecf0b7b8384.jpg 600w\" sizes=\"(max-width: 537px) 100vw, 537px\" \/><\/div>\n<div class=\"et_pb_title_featured_container\"><\/div>\n<\/div>\n<\/div>\n<\/div>\n<\/div>\n<div class=\"et_pb_section et_pb_section_2 et_section_regular\">\n<div class=\"et_pb_row et_pb_row_1 et_pb_row_3-4_1-4\">\n<div class=\"et_pb_column et_pb_column_3_4 et_pb_column_2 et_pb_css_mix_blend_mode_passthrough\">\n<div class=\"et_pb_module et_pb_text et_pb_text_2 et_pb_bg_layout_light et_pb_text_align_left\">\n<div class=\"et_pb_text_inner\">\n<h3>Como se recordar\u00e1, <strong>Tom\u00e1s Villegas<\/strong> se consagr\u00f3 campe\u00f3n argentino al imponerse en las pruebas de 100 y 200 metros llanos, en el certamen que se desarroll\u00f3 los d\u00edas 24 y 25 de agosto, en la pista sint\u00e9tica del Centro de Desarrollo Deportivo \u201cPedro Presti\u201d, en la ciudad de San Luis. En la misma competencia su hermano, Lucas, obtuvo el segundo puesto en 100 metros.<\/h3>\n<p><img decoding=\"async\" class=\"wp-image-21755 aligncenter\" src=\"https:\/\/apuntesdesanluis.com\/wp-content\/uploads\/2024\/09\/Tomas-villegas-podio-300x251.jpg\" alt=\"\" width=\"502\" height=\"420\" srcset=\"https:\/\/apuntesdesanluis.com\/wp-content\/uploads\/2024\/09\/Tomas-villegas-podio-300x251.jpg 300w, https:\/\/apuntesdesanluis.com\/wp-content\/uploads\/2024\/09\/Tomas-villegas-podio.jpg 547w\" sizes=\"(max-width: 502px) 100vw, 502px\" \/><\/p>\n<h3>Ambos tienen como entrenador al Prof. <strong>Mario Quiroga<\/strong>, de la Lic. en Actividad F\u00edsica (Ciclo Complementario).<\/h3>\n<h3>Las notables marcas obtenidas le permitieron a Tom\u00e1s acceder a la convocatoria para participar del Campeonato Sudamericano de Atletismo, Categor\u00eda U23, que se desarrollar\u00e1 en Bucaramanga (Colombia), entre el 27 y 29 de septiembre del corriente a\u00f1o.<\/h3>\n<h3>La Universidad expres\u00f3 su orgullo por este presente de Tom\u00e1s Villegas, estudiante de las carreras Tecnicatura Universitaria en Gesti\u00f3n Deportiva y Tecnicatura en Marketing Cultural y Deportivo, de la Escuela de Gesti\u00f3n de\u00a0 Empresas y Econom\u00eda, y le transmiti\u00f3 sus mejores deseos.<\/h3>\n<\/div>\n<\/div>\n<p>&nbsp;<\/p>\n<div class=\"et_pb_module et_pb_text et_pb_text_2 et_pb_bg_layout_light et_pb_text_align_left\">\n<div class=\"et_pb_text_inner\">\n<p>&nbsp;<\/p>\n<p>&nbsp;<\/p>\n<\/div>\n<\/div>\n<\/div>\n<\/div>\n<\/div>\n","protected":false},"excerpt":{"rendered":"<p>El destacado deportista estudiante de la UNViMe fue convocado luego de su destacada performance en&#8230;<\/p>\n","protected":false},"author":1,"featured_media":21758,"comment_status":"closed","ping_status":"closed","sticky":false,"template":"","format":"standard","meta":{"footnotes":""},"categories":[6,8],"tags":[],"class_list":["post-21754","post","type-post","status-publish","format-standard","has-post-thumbnail","hentry","category-ciudad-provincia","category-deportes"],"yoast_head":"<!-- This site is optimized with the Yoast SEO plugin v26.1.1 - https:\/\/yoast.com\/wordpress\/plugins\/seo\/ -->\n<title>EL ATLETA TOM\u00c1S VILLEGAS REPRESENTAR\u00c1 AL PA\u00cdS EN EL CAMPEONATO SUDAMERICANO - Apuntes de San Luis<\/title>\n<meta name=\"robots\" content=\"index, follow, max-snippet:-1, max-image-preview:large, max-video-preview:-1\" \/>\n<link rel=\"canonical\" href=\"https:\/\/apuntesdesanluis.com\/index.php\/2024\/09\/04\/el-atleta-tomas-villegas-representara-al-pais-en-el-campeonato-sudamericano\/\" \/>\n<meta property=\"og:locale\" content=\"es_ES\" \/>\n<meta property=\"og:type\" content=\"article\" \/>\n<meta property=\"og:title\" content=\"EL ATLETA TOM\u00c1S VILLEGAS REPRESENTAR\u00c1 AL PA\u00cdS EN EL CAMPEONATO SUDAMERICANO - Apuntes de San Luis\" \/>\n<meta property=\"og:description\" content=\"El destacado deportista estudiante de la UNViMe fue convocado luego de su destacada performance en...\" \/>\n<meta property=\"og:url\" content=\"https:\/\/apuntesdesanluis.com\/index.php\/2024\/09\/04\/el-atleta-tomas-villegas-representara-al-pais-en-el-campeonato-sudamericano\/\" \/>\n<meta property=\"og:site_name\" content=\"Apuntes de San Luis\" \/>\n<meta property=\"article:published_time\" content=\"2024-09-04T12:28:48+00:00\" \/>\n<meta property=\"article:modified_time\" content=\"2024-09-04T22:53:23+00:00\" \/>\n<meta property=\"og:image\" content=\"https:\/\/apuntesdesanluis.com\/wp-content\/uploads\/2024\/09\/tomas-villegas-portada.jpg\" \/>\n\t<meta property=\"og:image:width\" content=\"717\" \/>\n\t<meta property=\"og:image:height\" content=\"424\" \/>\n\t<meta property=\"og:image:type\" content=\"image\/jpeg\" \/>\n<meta name=\"author\" content=\"apuntesdesanluis.com\" \/>\n<meta name=\"twitter:card\" content=\"summary_large_image\" \/>\n<meta name=\"twitter:label1\" content=\"Escrito por\" \/>\n\t<meta name=\"twitter:data1\" content=\"apuntesdesanluis.com\" \/>\n\t<meta name=\"twitter:label2\" content=\"Tiempo de lectura\" \/>\n\t<meta name=\"twitter:data2\" content=\"2 minutos\" \/>\n<script type=\"application\/ld+json\" class=\"yoast-schema-graph\">{\"@context\":\"https:\/\/schema.org\",\"@graph\":[{\"@type\":\"Article\",\"@id\":\"https:\/\/apuntesdesanluis.com\/index.php\/2024\/09\/04\/el-atleta-tomas-villegas-representara-al-pais-en-el-campeonato-sudamericano\/#article\",\"isPartOf\":{\"@id\":\"https:\/\/apuntesdesanluis.com\/index.php\/2024\/09\/04\/el-atleta-tomas-villegas-representara-al-pais-en-el-campeonato-sudamericano\/\"},\"author\":{\"name\":\"apuntesdesanluis.com\",\"@id\":\"https:\/\/apuntesdesanluis.com\/#\/schema\/person\/b55151d52296fcce64d1a72538a70b90\"},\"headline\":\"EL ATLETA TOM\u00c1S VILLEGAS REPRESENTAR\u00c1 AL PA\u00cdS EN EL CAMPEONATO SUDAMERICANO\",\"datePublished\":\"2024-09-04T12:28:48+00:00\",\"dateModified\":\"2024-09-04T22:53:23+00:00\",\"mainEntityOfPage\":{\"@id\":\"https:\/\/apuntesdesanluis.com\/index.php\/2024\/09\/04\/el-atleta-tomas-villegas-representara-al-pais-en-el-campeonato-sudamericano\/\"},\"wordCount\":207,\"publisher\":{\"@id\":\"https:\/\/apuntesdesanluis.com\/#\/schema\/person\/b55151d52296fcce64d1a72538a70b90\"},\"image\":{\"@id\":\"https:\/\/apuntesdesanluis.com\/index.php\/2024\/09\/04\/el-atleta-tomas-villegas-representara-al-pais-en-el-campeonato-sudamericano\/#primaryimage\"},\"thumbnailUrl\":\"https:\/\/apuntesdesanluis.com\/wp-content\/uploads\/2024\/09\/tomas-villegas-portada.jpg\",\"articleSection\":[\"Ciudad\/Provincia\",\"Deportes\"],\"inLanguage\":\"es-AR\"},{\"@type\":\"WebPage\",\"@id\":\"https:\/\/apuntesdesanluis.com\/index.php\/2024\/09\/04\/el-atleta-tomas-villegas-representara-al-pais-en-el-campeonato-sudamericano\/\",\"url\":\"https:\/\/apuntesdesanluis.com\/index.php\/2024\/09\/04\/el-atleta-tomas-villegas-representara-al-pais-en-el-campeonato-sudamericano\/\",\"name\":\"EL ATLETA TOM\u00c1S VILLEGAS REPRESENTAR\u00c1 AL PA\u00cdS EN EL CAMPEONATO SUDAMERICANO - Apuntes de San Luis\",\"isPartOf\":{\"@id\":\"https:\/\/apuntesdesanluis.com\/#website\"},\"primaryImageOfPage\":{\"@id\":\"https:\/\/apuntesdesanluis.com\/index.php\/2024\/09\/04\/el-atleta-tomas-villegas-representara-al-pais-en-el-campeonato-sudamericano\/#primaryimage\"},\"image\":{\"@id\":\"https:\/\/apuntesdesanluis.com\/index.php\/2024\/09\/04\/el-atleta-tomas-villegas-representara-al-pais-en-el-campeonato-sudamericano\/#primaryimage\"},\"thumbnailUrl\":\"https:\/\/apuntesdesanluis.com\/wp-content\/uploads\/2024\/09\/tomas-villegas-portada.jpg\",\"datePublished\":\"2024-09-04T12:28:48+00:00\",\"dateModified\":\"2024-09-04T22:53:23+00:00\",\"breadcrumb\":{\"@id\":\"https:\/\/apuntesdesanluis.com\/index.php\/2024\/09\/04\/el-atleta-tomas-villegas-representara-al-pais-en-el-campeonato-sudamericano\/#breadcrumb\"},\"inLanguage\":\"es-AR\",\"potentialAction\":[{\"@type\":\"ReadAction\",\"target\":[\"https:\/\/apuntesdesanluis.com\/index.php\/2024\/09\/04\/el-atleta-tomas-villegas-representara-al-pais-en-el-campeonato-sudamericano\/\"]}]},{\"@type\":\"ImageObject\",\"inLanguage\":\"es-AR\",\"@id\":\"https:\/\/apuntesdesanluis.com\/index.php\/2024\/09\/04\/el-atleta-tomas-villegas-representara-al-pais-en-el-campeonato-sudamericano\/#primaryimage\",\"url\":\"https:\/\/apuntesdesanluis.com\/wp-content\/uploads\/2024\/09\/tomas-villegas-portada.jpg\",\"contentUrl\":\"https:\/\/apuntesdesanluis.com\/wp-content\/uploads\/2024\/09\/tomas-villegas-portada.jpg\",\"width\":717,\"height\":424},{\"@type\":\"BreadcrumbList\",\"@id\":\"https:\/\/apuntesdesanluis.com\/index.php\/2024\/09\/04\/el-atleta-tomas-villegas-representara-al-pais-en-el-campeonato-sudamericano\/#breadcrumb\",\"itemListElement\":[{\"@type\":\"ListItem\",\"position\":1,\"name\":\"Inicio\",\"item\":\"https:\/\/apuntesdesanluis.com\/\"},{\"@type\":\"ListItem\",\"position\":2,\"name\":\"EL ATLETA TOM\u00c1S VILLEGAS REPRESENTAR\u00c1 AL PA\u00cdS EN EL CAMPEONATO SUDAMERICANO\"}]},{\"@type\":\"WebSite\",\"@id\":\"https:\/\/apuntesdesanluis.com\/#website\",\"url\":\"https:\/\/apuntesdesanluis.com\/\",\"name\":\"Apuntes de San Luis\",\"description\":\"\",\"publisher\":{\"@id\":\"https:\/\/apuntesdesanluis.com\/#\/schema\/person\/b55151d52296fcce64d1a72538a70b90\"},\"potentialAction\":[{\"@type\":\"SearchAction\",\"target\":{\"@type\":\"EntryPoint\",\"urlTemplate\":\"https:\/\/apuntesdesanluis.com\/?s={search_term_string}\"},\"query-input\":{\"@type\":\"PropertyValueSpecification\",\"valueRequired\":true,\"valueName\":\"search_term_string\"}}],\"inLanguage\":\"es-AR\"},{\"@type\":[\"Person\",\"Organization\"],\"@id\":\"https:\/\/apuntesdesanluis.com\/#\/schema\/person\/b55151d52296fcce64d1a72538a70b90\",\"name\":\"apuntesdesanluis.com\",\"image\":{\"@type\":\"ImageObject\",\"inLanguage\":\"es-AR\",\"@id\":\"https:\/\/apuntesdesanluis.com\/#\/schema\/person\/image\/\",\"url\":\"https:\/\/apuntesdesanluis.com\/wp-content\/uploads\/2023\/07\/cropped-apuntesdesanluis.png\",\"contentUrl\":\"https:\/\/apuntesdesanluis.com\/wp-content\/uploads\/2023\/07\/cropped-apuntesdesanluis.png\",\"width\":450,\"height\":112,\"caption\":\"apuntesdesanluis.com\"},\"logo\":{\"@id\":\"https:\/\/apuntesdesanluis.com\/#\/schema\/person\/image\/\"},\"sameAs\":[\"https:\/\/apuntesdesanluis.com\"],\"url\":\"https:\/\/apuntesdesanluis.com\/index.php\/author\/apuntesdesanluis-com\/\"}]}<\/script>\n<!-- \/ Yoast SEO plugin. -->","yoast_head_json":{"title":"EL ATLETA TOM\u00c1S VILLEGAS REPRESENTAR\u00c1 AL PA\u00cdS EN EL CAMPEONATO SUDAMERICANO - Apuntes de San Luis","robots":{"index":"index","follow":"follow","max-snippet":"max-snippet:-1","max-image-preview":"max-image-preview:large","max-video-preview":"max-video-preview:-1"},"canonical":"https:\/\/apuntesdesanluis.com\/index.php\/2024\/09\/04\/el-atleta-tomas-villegas-representara-al-pais-en-el-campeonato-sudamericano\/","og_locale":"es_ES","og_type":"article","og_title":"EL ATLETA TOM\u00c1S VILLEGAS REPRESENTAR\u00c1 AL PA\u00cdS EN EL CAMPEONATO SUDAMERICANO - Apuntes de San Luis","og_description":"El destacado deportista estudiante de la UNViMe fue convocado luego de su destacada performance en...","og_url":"https:\/\/apuntesdesanluis.com\/index.php\/2024\/09\/04\/el-atleta-tomas-villegas-representara-al-pais-en-el-campeonato-sudamericano\/","og_site_name":"Apuntes de San Luis","article_published_time":"2024-09-04T12:28:48+00:00","article_modified_time":"2024-09-04T22:53:23+00:00","og_image":[{"width":717,"height":424,"url":"https:\/\/apuntesdesanluis.com\/wp-content\/uploads\/2024\/09\/tomas-villegas-portada.jpg","type":"image\/jpeg"}],"author":"apuntesdesanluis.com","twitter_card":"summary_large_image","twitter_misc":{"Escrito por":"apuntesdesanluis.com","Tiempo de lectura":"2 minutos"},"schema":{"@context":"https:\/\/schema.org","@graph":[{"@type":"Article","@id":"https:\/\/apuntesdesanluis.com\/index.php\/2024\/09\/04\/el-atleta-tomas-villegas-representara-al-pais-en-el-campeonato-sudamericano\/#article","isPartOf":{"@id":"https:\/\/apuntesdesanluis.com\/index.php\/2024\/09\/04\/el-atleta-tomas-villegas-representara-al-pais-en-el-campeonato-sudamericano\/"},"author":{"name":"apuntesdesanluis.com","@id":"https:\/\/apuntesdesanluis.com\/#\/schema\/person\/b55151d52296fcce64d1a72538a70b90"},"headline":"EL ATLETA TOM\u00c1S VILLEGAS REPRESENTAR\u00c1 AL PA\u00cdS EN EL CAMPEONATO SUDAMERICANO","datePublished":"2024-09-04T12:28:48+00:00","dateModified":"2024-09-04T22:53:23+00:00","mainEntityOfPage":{"@id":"https:\/\/apuntesdesanluis.com\/index.php\/2024\/09\/04\/el-atleta-tomas-villegas-representara-al-pais-en-el-campeonato-sudamericano\/"},"wordCount":207,"publisher":{"@id":"https:\/\/apuntesdesanluis.com\/#\/schema\/person\/b55151d52296fcce64d1a72538a70b90"},"image":{"@id":"https:\/\/apuntesdesanluis.com\/index.php\/2024\/09\/04\/el-atleta-tomas-villegas-representara-al-pais-en-el-campeonato-sudamericano\/#primaryimage"},"thumbnailUrl":"https:\/\/apuntesdesanluis.com\/wp-content\/uploads\/2024\/09\/tomas-villegas-portada.jpg","articleSection":["Ciudad\/Provincia","Deportes"],"inLanguage":"es-AR"},{"@type":"WebPage","@id":"https:\/\/apuntesdesanluis.com\/index.php\/2024\/09\/04\/el-atleta-tomas-villegas-representara-al-pais-en-el-campeonato-sudamericano\/","url":"https:\/\/apuntesdesanluis.com\/index.php\/2024\/09\/04\/el-atleta-tomas-villegas-representara-al-pais-en-el-campeonato-sudamericano\/","name":"EL ATLETA TOM\u00c1S VILLEGAS REPRESENTAR\u00c1 AL PA\u00cdS EN EL CAMPEONATO SUDAMERICANO - Apuntes de San Luis","isPartOf":{"@id":"https:\/\/apuntesdesanluis.com\/#website"},"primaryImageOfPage":{"@id":"https:\/\/apuntesdesanluis.com\/index.php\/2024\/09\/04\/el-atleta-tomas-villegas-representara-al-pais-en-el-campeonato-sudamericano\/#primaryimage"},"image":{"@id":"https:\/\/apuntesdesanluis.com\/index.php\/2024\/09\/04\/el-atleta-tomas-villegas-representara-al-pais-en-el-campeonato-sudamericano\/#primaryimage"},"thumbnailUrl":"https:\/\/apuntesdesanluis.com\/wp-content\/uploads\/2024\/09\/tomas-villegas-portada.jpg","datePublished":"2024-09-04T12:28:48+00:00","dateModified":"2024-09-04T22:53:23+00:00","breadcrumb":{"@id":"https:\/\/apuntesdesanluis.com\/index.php\/2024\/09\/04\/el-atleta-tomas-villegas-representara-al-pais-en-el-campeonato-sudamericano\/#breadcrumb"},"inLanguage":"es-AR","potentialAction":[{"@type":"ReadAction","target":["https:\/\/apuntesdesanluis.com\/index.php\/2024\/09\/04\/el-atleta-tomas-villegas-representara-al-pais-en-el-campeonato-sudamericano\/"]}]},{"@type":"ImageObject","inLanguage":"es-AR","@id":"https:\/\/apuntesdesanluis.com\/index.php\/2024\/09\/04\/el-atleta-tomas-villegas-representara-al-pais-en-el-campeonato-sudamericano\/#primaryimage","url":"https:\/\/apuntesdesanluis.com\/wp-content\/uploads\/2024\/09\/tomas-villegas-portada.jpg","contentUrl":"https:\/\/apuntesdesanluis.com\/wp-content\/uploads\/2024\/09\/tomas-villegas-portada.jpg","width":717,"height":424},{"@type":"BreadcrumbList","@id":"https:\/\/apuntesdesanluis.com\/index.php\/2024\/09\/04\/el-atleta-tomas-villegas-representara-al-pais-en-el-campeonato-sudamericano\/#breadcrumb","itemListElement":[{"@type":"ListItem","position":1,"name":"Inicio","item":"https:\/\/apuntesdesanluis.com\/"},{"@type":"ListItem","position":2,"name":"EL ATLETA TOM\u00c1S VILLEGAS REPRESENTAR\u00c1 AL PA\u00cdS EN EL CAMPEONATO SUDAMERICANO"}]},{"@type":"WebSite","@id":"https:\/\/apuntesdesanluis.com\/#website","url":"https:\/\/apuntesdesanluis.com\/","name":"Apuntes de San Luis","description":"","publisher":{"@id":"https:\/\/apuntesdesanluis.com\/#\/schema\/person\/b55151d52296fcce64d1a72538a70b90"},"potentialAction":[{"@type":"SearchAction","target":{"@type":"EntryPoint","urlTemplate":"https:\/\/apuntesdesanluis.com\/?s={search_term_string}"},"query-input":{"@type":"PropertyValueSpecification","valueRequired":true,"valueName":"search_term_string"}}],"inLanguage":"es-AR"},{"@type":["Person","Organization"],"@id":"https:\/\/apuntesdesanluis.com\/#\/schema\/person\/b55151d52296fcce64d1a72538a70b90","name":"apuntesdesanluis.com","image":{"@type":"ImageObject","inLanguage":"es-AR","@id":"https:\/\/apuntesdesanluis.com\/#\/schema\/person\/image\/","url":"https:\/\/apuntesdesanluis.com\/wp-content\/uploads\/2023\/07\/cropped-apuntesdesanluis.png","contentUrl":"https:\/\/apuntesdesanluis.com\/wp-content\/uploads\/2023\/07\/cropped-apuntesdesanluis.png","width":450,"height":112,"caption":"apuntesdesanluis.com"},"logo":{"@id":"https:\/\/apuntesdesanluis.com\/#\/schema\/person\/image\/"},"sameAs":["https:\/\/apuntesdesanluis.com"],"url":"https:\/\/apuntesdesanluis.com\/index.php\/author\/apuntesdesanluis-com\/"}]}},"featured_image_urls":{"full":["https:\/\/apuntesdesanluis.com\/wp-content\/uploads\/2024\/09\/tomas-villegas-portada.jpg",717,424,false],"thumbnail":["https:\/\/apuntesdesanluis.com\/wp-content\/uploads\/2024\/09\/tomas-villegas-portada-150x150.jpg",150,150,true],"medium":["https:\/\/apuntesdesanluis.com\/wp-content\/uploads\/2024\/09\/tomas-villegas-portada-300x177.jpg",300,177,true],"medium_large":["https:\/\/apuntesdesanluis.com\/wp-content\/uploads\/2024\/09\/tomas-villegas-portada.jpg",640,378,false],"large":["https:\/\/apuntesdesanluis.com\/wp-content\/uploads\/2024\/09\/tomas-villegas-portada.jpg",640,378,false],"1536x1536":["https:\/\/apuntesdesanluis.com\/wp-content\/uploads\/2024\/09\/tomas-villegas-portada.jpg",717,424,false],"2048x2048":["https:\/\/apuntesdesanluis.com\/wp-content\/uploads\/2024\/09\/tomas-villegas-portada.jpg",717,424,false],"newsever-slider-full":["https:\/\/apuntesdesanluis.com\/wp-content\/uploads\/2024\/09\/tomas-villegas-portada.jpg",717,424,false],"newsever-featured":["https:\/\/apuntesdesanluis.com\/wp-content\/uploads\/2024\/09\/tomas-villegas-portada.jpg",717,424,false],"newsever-medium":["https:\/\/apuntesdesanluis.com\/wp-content\/uploads\/2024\/09\/tomas-villegas-portada.jpg",717,424,false]},"author_info":{"display_name":"apuntesdesanluis.com","author_link":"https:\/\/apuntesdesanluis.com\/index.php\/author\/apuntesdesanluis-com\/"},"category_info":"<a href=\"https:\/\/apuntesdesanluis.com\/index.php\/category\/ciudad-provincia\/\" rel=\"category tag\">Ciudad\/Provincia<\/a> <a href=\"https:\/\/apuntesdesanluis.com\/index.php\/category\/deportes\/\" rel=\"category tag\">Deportes<\/a>","tag_info":"Deportes","comment_count":"0","_links":{"self":[{"href":"https:\/\/apuntesdesanluis.com\/index.php\/wp-json\/wp\/v2\/posts\/21754","targetHints":{"allow":["GET"]}}],"collection":[{"href":"https:\/\/apuntesdesanluis.com\/index.php\/wp-json\/wp\/v2\/posts"}],"about":[{"href":"https:\/\/apuntesdesanluis.com\/index.php\/wp-json\/wp\/v2\/types\/post"}],"author":[{"embeddable":true,"href":"https:\/\/apuntesdesanluis.com\/index.php\/wp-json\/wp\/v2\/users\/1"}],"replies":[{"embeddable":true,"href":"https:\/\/apuntesdesanluis.com\/index.php\/wp-json\/wp\/v2\/comments?post=21754"}],"version-history":[{"count":2,"href":"https:\/\/apuntesdesanluis.com\/index.php\/wp-json\/wp\/v2\/posts\/21754\/revisions"}],"predecessor-version":[{"id":21767,"href":"https:\/\/apuntesdesanluis.com\/index.php\/wp-json\/wp\/v2\/posts\/21754\/revisions\/21767"}],"wp:featuredmedia":[{"embeddable":true,"href":"https:\/\/apuntesdesanluis.com\/index.php\/wp-json\/wp\/v2\/media\/21758"}],"wp:attachment":[{"href":"https:\/\/apuntesdesanluis.com\/index.php\/wp-json\/wp\/v2\/media?parent=21754"}],"wp:term":[{"taxonomy":"category","embeddable":true,"href":"https:\/\/apuntesdesanluis.com\/index.php\/wp-json\/wp\/v2\/categories?post=21754"},{"taxonomy":"post_tag","embeddable":true,"href":"https:\/\/apuntesdesanluis.com\/index.php\/wp-json\/wp\/v2\/tags?post=21754"}],"curies":[{"name":"wp","href":"https:\/\/api.w.org\/{rel}","templated":true}]}}