{"id":21760,"date":"2024-09-04T19:50:13","date_gmt":"2024-09-04T22:50:13","guid":{"rendered":"https:\/\/apuntesdesanluis.com\/?p=21760"},"modified":"2024-09-04T19:50:13","modified_gmt":"2024-09-04T22:50:13","slug":"rectores-de-universidades-nacionales-pidieron-apoyo-al-proyecto-de-ampliacion-presupuestaria","status":"publish","type":"post","link":"https:\/\/apuntesdesanluis.com\/index.php\/2024\/09\/04\/rectores-de-universidades-nacionales-pidieron-apoyo-al-proyecto-de-ampliacion-presupuestaria\/","title":{"rendered":"RECTORES DE UNIVERSIDADES NACIONALES PIDIERON APOYO AL PROYECTO DE AMPLIACI\u00d3N PRESUPUESTARIA"},"content":{"rendered":"<div class=\"et_pb_section et_pb_section_0 et_pb_with_background et_section_regular\">\n<div class=\"et_pb_row et_pb_row_0 centrar-horizontal\">\n<div class=\"et_pb_column et_pb_column_2_5 et_pb_column_0    et_pb_css_mix_blend_mode_passthrough\">\n<div class=\"et_pb_module et_pb_text et_pb_text_0 et_pb_bg_layout_light  et_pb_text_align_left\">\n<h3 class=\"et_pb_text_inner\">Los conductores de la UNSL, <strong>V\u00edctor Mori\u00f1igo<\/strong>; la UNLC, <strong>Agustina Rodr\u00edguez Sa\u00e1<\/strong>, y la UNViMe, <strong>Marcelo Sosa<\/strong>, unieron sus voces para reclamar a los senadores nacionales por San Luis, que apoyen el tratamiento del proyecto de ley de Actualizaci\u00f3n de gastos de funcionamiento y salarios y becas estudiantiles, que recibi\u00f3 recientemente media sanci\u00f3n de la C\u00e1mara de Diputados.<\/h3>\n<\/div>\n<\/div>\n<\/div>\n<\/div>\n<h3 class=\"et_pb_section et_pb_section_1 et_pb_fullwidth_section et_section_regular\"><img fetchpriority=\"high\" decoding=\"async\" class=\"wp-image-21762 aligncenter\" src=\"https:\/\/apuntesdesanluis.com\/wp-content\/uploads\/2024\/09\/conferencia-rectores-tapa-300x166.jpg\" alt=\"\" width=\"654\" height=\"362\" srcset=\"https:\/\/apuntesdesanluis.com\/wp-content\/uploads\/2024\/09\/conferencia-rectores-tapa-300x166.jpg 300w, https:\/\/apuntesdesanluis.com\/wp-content\/uploads\/2024\/09\/conferencia-rectores-tapa-768x426.jpg 768w, https:\/\/apuntesdesanluis.com\/wp-content\/uploads\/2024\/09\/conferencia-rectores-tapa.jpg 975w\" sizes=\"(max-width: 654px) 100vw, 654px\" \/><\/h3>\n<div class=\"et_pb_section et_pb_section_2 et_section_regular\">\n<div class=\"et_pb_row et_pb_row_1 et_pb_row_3-4_1-4\">\n<div class=\"et_pb_column et_pb_column_3_4 et_pb_column_2    et_pb_css_mix_blend_mode_passthrough\">\n<div class=\"et_pb_module et_pb_text et_pb_text_2 et_pb_bg_layout_light  et_pb_text_align_left\">\n<div class=\"et_pb_text_inner\">\n<h3>En la oportunidad suscribieron un documento que entregaron a la prensa, en la que manifiestan su preocupaci\u00f3n por la situaci\u00f3n actual que atraviesan las casas de estudios superiores, tanto por las restricciones presupuestarias que afectan su funcionamiento como por el retraso salarial que sufren docentes y nodocentes.<\/h3>\n<h3>Los rectores de las tres universidades nacionales radicadas en nuestra provincia brindaron este mi\u00e9rcoles al mediod\u00eda una conferencia de prensa conjunta, en la sede de la Universidad Nacional de Los Comechingones, en la Villa de Merlo.<\/h3>\n<p><img decoding=\"async\" class=\"wp-image-21765 aligncenter\" src=\"https:\/\/apuntesdesanluis.com\/wp-content\/uploads\/2024\/09\/conferencia-sierras-rectores-300x200.jpg\" alt=\"\" width=\"653\" height=\"435\" srcset=\"https:\/\/apuntesdesanluis.com\/wp-content\/uploads\/2024\/09\/conferencia-sierras-rectores-300x200.jpg 300w, https:\/\/apuntesdesanluis.com\/wp-content\/uploads\/2024\/09\/conferencia-sierras-rectores.jpg 700w\" sizes=\"(max-width: 653px) 100vw, 653px\" \/><\/p>\n<h3>En sus palabras de bienvenida la anfitriona, Agustina Rodr\u00edguez Sa\u00e1, present\u00f3 a sus pares, agradeci\u00f3 la presencia de la prensa y expres\u00f3 la preocupaci\u00f3n del sistema universitario por las restricciones presupuestarias que afectan y dificultan su funcionamiento, y que repercuten en la calidad educativa.<\/h3>\n<h3>Por su parte el rector V\u00edctor Mori\u00f1igo explic\u00f3 que tras la marcha federal, se retom\u00f3 el di\u00e1logo con el gobierno y se acord\u00f3 ampliar el presupuesto para financiamiento, en un 270%, que fue el porcentaje inflacionario de 2023, es decir, no se contempl\u00f3 la inflaci\u00f3n del corriente a\u00f1o. \u201cEse monto deb\u00eda abonarse en seis cuotas, pero apenas se gir\u00f3 lo correspondiente a julio y a\u00fan se nos adeuda agosto\u201d, precis\u00f3.<\/h3>\n<p><img decoding=\"async\" class=\"wp-image-21763 aligncenter\" src=\"https:\/\/apuntesdesanluis.com\/wp-content\/uploads\/2024\/09\/conf.-morinigo-300x200.jpg\" alt=\"\" width=\"654\" height=\"436\" srcset=\"https:\/\/apuntesdesanluis.com\/wp-content\/uploads\/2024\/09\/conf.-morinigo-300x200.jpg 300w, https:\/\/apuntesdesanluis.com\/wp-content\/uploads\/2024\/09\/conf.-morinigo.jpg 700w\" sizes=\"(max-width: 654px) 100vw, 654px\" \/><\/p>\n<h3>Por otro lado, se\u00f1al\u00f3 que \u201cesa es una parte del problema, lo otro son los sueldos del personal docente y no docente, que ya registran una p\u00e9rdida superior al 50%, y los ajustes que recibieron son 20% menos que el resto de los trabajadores estatales\u201d.<\/h3>\n<h3>Para graficar la realidad salarial, agreg\u00f3 que cerca del 70% de los docentes se encuentran por debajo de la l\u00ednea de pobreza, \u201cpor lo que muchos profesores e investigadores se est\u00e1n yendo y algunos no muy lejos, Chile o Brasil, donde ganan dos y hasta tres veces m\u00e1s. Y otros directamente est\u00e1n emigrando al sector privado, por lo que se termina afectando a los propios estudiantes y al desarrollo cient\u00edfico y tecnol\u00f3gico de nuestro pa\u00eds\u201d.<\/h3>\n<h3>Con respecto al objetivo de la conferencia de prensa, apunt\u00f3 que estaban cumpliendo lo resuelto en la \u00faltima reuni\u00f3n plenaria del Consejo Interuniversitario Nacional, realizada en La Pampa, donde se encomend\u00f3 que los rectores de cada provincia pidieran el apoyo de los legisladores que los representan en la C\u00e1mara Alta.<\/h3>\n<h3>\u201cQueremos invitar a nuestros legisladores a que visiten nuestras sedes, recorran las aulas, vean nuestros laboratorios, bibliotecas y el resto de las instalaciones, dialoguen con nuestros estudiantes y profesores y vean realmente c\u00f3mo funcionamos\u201d, sostuvo, al tiempo que inform\u00f3 en torno del presupuesto universitario acordado en el CIN, que representa s\u00f3lo el 0,14 del PBI.<\/h3>\n<h3>Por su parte el rector de la UNViMe, Marcelo Sosa, refrend\u00f3 la palabra de sus pares y agreg\u00f3: \u201cReci\u00e9n ayer el gobierno nos gir\u00f3 el dinero de julio para abonar los sueldos. Todos los d\u00edas debemos gestionar atendiendo los numerosos gastos de funcionamiento, con un presupuesto que no nos alcanza para sostener la investigaci\u00f3n, las actividades de extensi\u00f3n y contar con un sistema de becas para los alumnos\u201d.<\/h3>\n<p><img loading=\"lazy\" decoding=\"async\" class=\"wp-image-21764 aligncenter\" src=\"https:\/\/apuntesdesanluis.com\/wp-content\/uploads\/2024\/09\/conferencia-sosa-300x200.jpg\" alt=\"\" width=\"708\" height=\"472\" srcset=\"https:\/\/apuntesdesanluis.com\/wp-content\/uploads\/2024\/09\/conferencia-sosa-300x200.jpg 300w, https:\/\/apuntesdesanluis.com\/wp-content\/uploads\/2024\/09\/conferencia-sosa.jpg 700w\" sizes=\"(max-width: 708px) 100vw, 708px\" \/><\/p>\n<h3>Coincidi\u00f3 adem\u00e1s en subrayar \u201cla grave situaci\u00f3n salarial que atraviesan nuestros colegas docentes y trabajadores nodocentes. Por eso como los senadores representan a las provincias, nuestra intenci\u00f3n es dirigirnos a ellos, para pedirles que apoyen la media sanci\u00f3n de Diputados al proyecto de ampliaci\u00f3n presupuestaria, porque no es para nosotros, sino para el funcionamiento de las universidades, para los chicos, y para quienes imparten ense\u00f1anza y trabajan todos los d\u00edas\u201d.<\/h3>\n<h3>Sobre la posibilidad de que el gobierno, al igual que hizo con la ley de movilidad jubilatoria, proceda a vetar la iniciativa en caso que el Senado la convierta en ley, Mori\u00f1igo se\u00f1al\u00f3 que continuar\u00e1n reclamando, con una nueva marcha federal e incluso concurriendo a los estrados judiciales, \u201cdado que la autonom\u00eda universitaria tiene rango constitucional desde 1994 y es obligaci\u00f3n del Estado sostener la educaci\u00f3n p\u00fablica\u201d.<\/h3>\n<h3>VER:\u00a0\u00a0<span style=\"color: #3366ff;\"><strong><a style=\"color: #3366ff;\" role=\"link\" href=\"https:\/\/www.unvime.edu.ar\/wp-content\/uploads\/2024\/09\/POSICION-SOBRE-PROYECTO-DE-LEY-DE-FINANCIAMIENTO-DE-LAS-UNIVERSIDADES-NACIONALES-Corregido.pdf\" target=\"_blank\" rel=\"noopener\">DOCUMENTO<\/a><\/strong><\/span><\/h3>\n<\/div>\n<\/div>\n<\/div>\n<\/div>\n<p>&nbsp;<\/p>\n<\/div>\n","protected":false},"excerpt":{"rendered":"<p>Los conductores de la UNSL, V\u00edctor Mori\u00f1igo; la UNLC, Agustina Rodr\u00edguez Sa\u00e1, y la UNViMe,&#8230;<\/p>\n","protected":false},"author":1,"featured_media":21761,"comment_status":"closed","ping_status":"closed","sticky":false,"template":"","format":"standard","meta":{"footnotes":""},"categories":[6],"tags":[],"class_list":["post-21760","post","type-post","status-publish","format-standard","has-post-thumbnail","hentry","category-ciudad-provincia"],"yoast_head":"<!-- This site is optimized with the Yoast SEO plugin v26.1.1 - https:\/\/yoast.com\/wordpress\/plugins\/seo\/ -->\n<title>RECTORES DE UNIVERSIDADES NACIONALES PIDIERON APOYO AL PROYECTO DE AMPLIACI\u00d3N PRESUPUESTARIA - Apuntes de San Luis<\/title>\n<meta name=\"robots\" content=\"index, follow, max-snippet:-1, max-image-preview:large, max-video-preview:-1\" \/>\n<link rel=\"canonical\" href=\"https:\/\/apuntesdesanluis.com\/index.php\/2024\/09\/04\/rectores-de-universidades-nacionales-pidieron-apoyo-al-proyecto-de-ampliacion-presupuestaria\/\" \/>\n<meta property=\"og:locale\" content=\"es_ES\" \/>\n<meta property=\"og:type\" content=\"article\" \/>\n<meta property=\"og:title\" content=\"RECTORES DE UNIVERSIDADES NACIONALES PIDIERON APOYO AL PROYECTO DE AMPLIACI\u00d3N PRESUPUESTARIA - Apuntes de San Luis\" \/>\n<meta property=\"og:description\" content=\"Los conductores de la UNSL, V\u00edctor Mori\u00f1igo; la UNLC, Agustina Rodr\u00edguez Sa\u00e1, y la UNViMe,...\" \/>\n<meta property=\"og:url\" content=\"https:\/\/apuntesdesanluis.com\/index.php\/2024\/09\/04\/rectores-de-universidades-nacionales-pidieron-apoyo-al-proyecto-de-ampliacion-presupuestaria\/\" \/>\n<meta property=\"og:site_name\" content=\"Apuntes de San Luis\" \/>\n<meta property=\"article:published_time\" content=\"2024-09-04T22:50:13+00:00\" \/>\n<meta property=\"og:image\" content=\"https:\/\/apuntesdesanluis.com\/wp-content\/uploads\/2024\/09\/conferencia-agustina.jpg\" \/>\n\t<meta property=\"og:image:width\" content=\"799\" \/>\n\t<meta property=\"og:image:height\" content=\"500\" \/>\n\t<meta property=\"og:image:type\" content=\"image\/jpeg\" \/>\n<meta name=\"author\" content=\"apuntesdesanluis.com\" \/>\n<meta name=\"twitter:card\" content=\"summary_large_image\" \/>\n<meta name=\"twitter:label1\" content=\"Escrito por\" \/>\n\t<meta name=\"twitter:data1\" content=\"apuntesdesanluis.com\" \/>\n\t<meta name=\"twitter:label2\" content=\"Tiempo de lectura\" \/>\n\t<meta name=\"twitter:data2\" content=\"5 minutos\" \/>\n<script type=\"application\/ld+json\" class=\"yoast-schema-graph\">{\"@context\":\"https:\/\/schema.org\",\"@graph\":[{\"@type\":\"Article\",\"@id\":\"https:\/\/apuntesdesanluis.com\/index.php\/2024\/09\/04\/rectores-de-universidades-nacionales-pidieron-apoyo-al-proyecto-de-ampliacion-presupuestaria\/#article\",\"isPartOf\":{\"@id\":\"https:\/\/apuntesdesanluis.com\/index.php\/2024\/09\/04\/rectores-de-universidades-nacionales-pidieron-apoyo-al-proyecto-de-ampliacion-presupuestaria\/\"},\"author\":{\"name\":\"apuntesdesanluis.com\",\"@id\":\"https:\/\/apuntesdesanluis.com\/#\/schema\/person\/b55151d52296fcce64d1a72538a70b90\"},\"headline\":\"RECTORES DE UNIVERSIDADES NACIONALES PIDIERON APOYO AL PROYECTO DE AMPLIACI\u00d3N PRESUPUESTARIA\",\"datePublished\":\"2024-09-04T22:50:13+00:00\",\"mainEntityOfPage\":{\"@id\":\"https:\/\/apuntesdesanluis.com\/index.php\/2024\/09\/04\/rectores-de-universidades-nacionales-pidieron-apoyo-al-proyecto-de-ampliacion-presupuestaria\/\"},\"wordCount\":743,\"publisher\":{\"@id\":\"https:\/\/apuntesdesanluis.com\/#\/schema\/person\/b55151d52296fcce64d1a72538a70b90\"},\"image\":{\"@id\":\"https:\/\/apuntesdesanluis.com\/index.php\/2024\/09\/04\/rectores-de-universidades-nacionales-pidieron-apoyo-al-proyecto-de-ampliacion-presupuestaria\/#primaryimage\"},\"thumbnailUrl\":\"https:\/\/apuntesdesanluis.com\/wp-content\/uploads\/2024\/09\/conferencia-agustina.jpg\",\"articleSection\":[\"Ciudad\/Provincia\"],\"inLanguage\":\"es-AR\"},{\"@type\":\"WebPage\",\"@id\":\"https:\/\/apuntesdesanluis.com\/index.php\/2024\/09\/04\/rectores-de-universidades-nacionales-pidieron-apoyo-al-proyecto-de-ampliacion-presupuestaria\/\",\"url\":\"https:\/\/apuntesdesanluis.com\/index.php\/2024\/09\/04\/rectores-de-universidades-nacionales-pidieron-apoyo-al-proyecto-de-ampliacion-presupuestaria\/\",\"name\":\"RECTORES DE UNIVERSIDADES NACIONALES PIDIERON APOYO AL PROYECTO DE AMPLIACI\u00d3N PRESUPUESTARIA - Apuntes de San Luis\",\"isPartOf\":{\"@id\":\"https:\/\/apuntesdesanluis.com\/#website\"},\"primaryImageOfPage\":{\"@id\":\"https:\/\/apuntesdesanluis.com\/index.php\/2024\/09\/04\/rectores-de-universidades-nacionales-pidieron-apoyo-al-proyecto-de-ampliacion-presupuestaria\/#primaryimage\"},\"image\":{\"@id\":\"https:\/\/apuntesdesanluis.com\/index.php\/2024\/09\/04\/rectores-de-universidades-nacionales-pidieron-apoyo-al-proyecto-de-ampliacion-presupuestaria\/#primaryimage\"},\"thumbnailUrl\":\"https:\/\/apuntesdesanluis.com\/wp-content\/uploads\/2024\/09\/conferencia-agustina.jpg\",\"datePublished\":\"2024-09-04T22:50:13+00:00\",\"breadcrumb\":{\"@id\":\"https:\/\/apuntesdesanluis.com\/index.php\/2024\/09\/04\/rectores-de-universidades-nacionales-pidieron-apoyo-al-proyecto-de-ampliacion-presupuestaria\/#breadcrumb\"},\"inLanguage\":\"es-AR\",\"potentialAction\":[{\"@type\":\"ReadAction\",\"target\":[\"https:\/\/apuntesdesanluis.com\/index.php\/2024\/09\/04\/rectores-de-universidades-nacionales-pidieron-apoyo-al-proyecto-de-ampliacion-presupuestaria\/\"]}]},{\"@type\":\"ImageObject\",\"inLanguage\":\"es-AR\",\"@id\":\"https:\/\/apuntesdesanluis.com\/index.php\/2024\/09\/04\/rectores-de-universidades-nacionales-pidieron-apoyo-al-proyecto-de-ampliacion-presupuestaria\/#primaryimage\",\"url\":\"https:\/\/apuntesdesanluis.com\/wp-content\/uploads\/2024\/09\/conferencia-agustina.jpg\",\"contentUrl\":\"https:\/\/apuntesdesanluis.com\/wp-content\/uploads\/2024\/09\/conferencia-agustina.jpg\",\"width\":799,\"height\":500},{\"@type\":\"BreadcrumbList\",\"@id\":\"https:\/\/apuntesdesanluis.com\/index.php\/2024\/09\/04\/rectores-de-universidades-nacionales-pidieron-apoyo-al-proyecto-de-ampliacion-presupuestaria\/#breadcrumb\",\"itemListElement\":[{\"@type\":\"ListItem\",\"position\":1,\"name\":\"Inicio\",\"item\":\"https:\/\/apuntesdesanluis.com\/\"},{\"@type\":\"ListItem\",\"position\":2,\"name\":\"RECTORES DE UNIVERSIDADES NACIONALES PIDIERON APOYO AL PROYECTO DE AMPLIACI\u00d3N PRESUPUESTARIA\"}]},{\"@type\":\"WebSite\",\"@id\":\"https:\/\/apuntesdesanluis.com\/#website\",\"url\":\"https:\/\/apuntesdesanluis.com\/\",\"name\":\"Apuntes de San Luis\",\"description\":\"\",\"publisher\":{\"@id\":\"https:\/\/apuntesdesanluis.com\/#\/schema\/person\/b55151d52296fcce64d1a72538a70b90\"},\"potentialAction\":[{\"@type\":\"SearchAction\",\"target\":{\"@type\":\"EntryPoint\",\"urlTemplate\":\"https:\/\/apuntesdesanluis.com\/?s={search_term_string}\"},\"query-input\":{\"@type\":\"PropertyValueSpecification\",\"valueRequired\":true,\"valueName\":\"search_term_string\"}}],\"inLanguage\":\"es-AR\"},{\"@type\":[\"Person\",\"Organization\"],\"@id\":\"https:\/\/apuntesdesanluis.com\/#\/schema\/person\/b55151d52296fcce64d1a72538a70b90\",\"name\":\"apuntesdesanluis.com\",\"image\":{\"@type\":\"ImageObject\",\"inLanguage\":\"es-AR\",\"@id\":\"https:\/\/apuntesdesanluis.com\/#\/schema\/person\/image\/\",\"url\":\"https:\/\/apuntesdesanluis.com\/wp-content\/uploads\/2023\/07\/cropped-apuntesdesanluis.png\",\"contentUrl\":\"https:\/\/apuntesdesanluis.com\/wp-content\/uploads\/2023\/07\/cropped-apuntesdesanluis.png\",\"width\":450,\"height\":112,\"caption\":\"apuntesdesanluis.com\"},\"logo\":{\"@id\":\"https:\/\/apuntesdesanluis.com\/#\/schema\/person\/image\/\"},\"sameAs\":[\"https:\/\/apuntesdesanluis.com\"],\"url\":\"https:\/\/apuntesdesanluis.com\/index.php\/author\/apuntesdesanluis-com\/\"}]}<\/script>\n<!-- \/ Yoast SEO plugin. -->","yoast_head_json":{"title":"RECTORES DE UNIVERSIDADES NACIONALES PIDIERON APOYO AL PROYECTO DE AMPLIACI\u00d3N PRESUPUESTARIA - Apuntes de San Luis","robots":{"index":"index","follow":"follow","max-snippet":"max-snippet:-1","max-image-preview":"max-image-preview:large","max-video-preview":"max-video-preview:-1"},"canonical":"https:\/\/apuntesdesanluis.com\/index.php\/2024\/09\/04\/rectores-de-universidades-nacionales-pidieron-apoyo-al-proyecto-de-ampliacion-presupuestaria\/","og_locale":"es_ES","og_type":"article","og_title":"RECTORES DE UNIVERSIDADES NACIONALES PIDIERON APOYO AL PROYECTO DE AMPLIACI\u00d3N PRESUPUESTARIA - Apuntes de San Luis","og_description":"Los conductores de la UNSL, V\u00edctor Mori\u00f1igo; la UNLC, Agustina Rodr\u00edguez Sa\u00e1, y la UNViMe,...","og_url":"https:\/\/apuntesdesanluis.com\/index.php\/2024\/09\/04\/rectores-de-universidades-nacionales-pidieron-apoyo-al-proyecto-de-ampliacion-presupuestaria\/","og_site_name":"Apuntes de San Luis","article_published_time":"2024-09-04T22:50:13+00:00","og_image":[{"width":799,"height":500,"url":"https:\/\/apuntesdesanluis.com\/wp-content\/uploads\/2024\/09\/conferencia-agustina.jpg","type":"image\/jpeg"}],"author":"apuntesdesanluis.com","twitter_card":"summary_large_image","twitter_misc":{"Escrito por":"apuntesdesanluis.com","Tiempo de lectura":"5 minutos"},"schema":{"@context":"https:\/\/schema.org","@graph":[{"@type":"Article","@id":"https:\/\/apuntesdesanluis.com\/index.php\/2024\/09\/04\/rectores-de-universidades-nacionales-pidieron-apoyo-al-proyecto-de-ampliacion-presupuestaria\/#article","isPartOf":{"@id":"https:\/\/apuntesdesanluis.com\/index.php\/2024\/09\/04\/rectores-de-universidades-nacionales-pidieron-apoyo-al-proyecto-de-ampliacion-presupuestaria\/"},"author":{"name":"apuntesdesanluis.com","@id":"https:\/\/apuntesdesanluis.com\/#\/schema\/person\/b55151d52296fcce64d1a72538a70b90"},"headline":"RECTORES DE UNIVERSIDADES NACIONALES PIDIERON APOYO AL PROYECTO DE AMPLIACI\u00d3N PRESUPUESTARIA","datePublished":"2024-09-04T22:50:13+00:00","mainEntityOfPage":{"@id":"https:\/\/apuntesdesanluis.com\/index.php\/2024\/09\/04\/rectores-de-universidades-nacionales-pidieron-apoyo-al-proyecto-de-ampliacion-presupuestaria\/"},"wordCount":743,"publisher":{"@id":"https:\/\/apuntesdesanluis.com\/#\/schema\/person\/b55151d52296fcce64d1a72538a70b90"},"image":{"@id":"https:\/\/apuntesdesanluis.com\/index.php\/2024\/09\/04\/rectores-de-universidades-nacionales-pidieron-apoyo-al-proyecto-de-ampliacion-presupuestaria\/#primaryimage"},"thumbnailUrl":"https:\/\/apuntesdesanluis.com\/wp-content\/uploads\/2024\/09\/conferencia-agustina.jpg","articleSection":["Ciudad\/Provincia"],"inLanguage":"es-AR"},{"@type":"WebPage","@id":"https:\/\/apuntesdesanluis.com\/index.php\/2024\/09\/04\/rectores-de-universidades-nacionales-pidieron-apoyo-al-proyecto-de-ampliacion-presupuestaria\/","url":"https:\/\/apuntesdesanluis.com\/index.php\/2024\/09\/04\/rectores-de-universidades-nacionales-pidieron-apoyo-al-proyecto-de-ampliacion-presupuestaria\/","name":"RECTORES DE UNIVERSIDADES NACIONALES PIDIERON APOYO AL PROYECTO DE AMPLIACI\u00d3N PRESUPUESTARIA - Apuntes de San Luis","isPartOf":{"@id":"https:\/\/apuntesdesanluis.com\/#website"},"primaryImageOfPage":{"@id":"https:\/\/apuntesdesanluis.com\/index.php\/2024\/09\/04\/rectores-de-universidades-nacionales-pidieron-apoyo-al-proyecto-de-ampliacion-presupuestaria\/#primaryimage"},"image":{"@id":"https:\/\/apuntesdesanluis.com\/index.php\/2024\/09\/04\/rectores-de-universidades-nacionales-pidieron-apoyo-al-proyecto-de-ampliacion-presupuestaria\/#primaryimage"},"thumbnailUrl":"https:\/\/apuntesdesanluis.com\/wp-content\/uploads\/2024\/09\/conferencia-agustina.jpg","datePublished":"2024-09-04T22:50:13+00:00","breadcrumb":{"@id":"https:\/\/apuntesdesanluis.com\/index.php\/2024\/09\/04\/rectores-de-universidades-nacionales-pidieron-apoyo-al-proyecto-de-ampliacion-presupuestaria\/#breadcrumb"},"inLanguage":"es-AR","potentialAction":[{"@type":"ReadAction","target":["https:\/\/apuntesdesanluis.com\/index.php\/2024\/09\/04\/rectores-de-universidades-nacionales-pidieron-apoyo-al-proyecto-de-ampliacion-presupuestaria\/"]}]},{"@type":"ImageObject","inLanguage":"es-AR","@id":"https:\/\/apuntesdesanluis.com\/index.php\/2024\/09\/04\/rectores-de-universidades-nacionales-pidieron-apoyo-al-proyecto-de-ampliacion-presupuestaria\/#primaryimage","url":"https:\/\/apuntesdesanluis.com\/wp-content\/uploads\/2024\/09\/conferencia-agustina.jpg","contentUrl":"https:\/\/apuntesdesanluis.com\/wp-content\/uploads\/2024\/09\/conferencia-agustina.jpg","width":799,"height":500},{"@type":"BreadcrumbList","@id":"https:\/\/apuntesdesanluis.com\/index.php\/2024\/09\/04\/rectores-de-universidades-nacionales-pidieron-apoyo-al-proyecto-de-ampliacion-presupuestaria\/#breadcrumb","itemListElement":[{"@type":"ListItem","position":1,"name":"Inicio","item":"https:\/\/apuntesdesanluis.com\/"},{"@type":"ListItem","position":2,"name":"RECTORES DE UNIVERSIDADES NACIONALES PIDIERON APOYO AL PROYECTO DE AMPLIACI\u00d3N PRESUPUESTARIA"}]},{"@type":"WebSite","@id":"https:\/\/apuntesdesanluis.com\/#website","url":"https:\/\/apuntesdesanluis.com\/","name":"Apuntes de San Luis","description":"","publisher":{"@id":"https:\/\/apuntesdesanluis.com\/#\/schema\/person\/b55151d52296fcce64d1a72538a70b90"},"potentialAction":[{"@type":"SearchAction","target":{"@type":"EntryPoint","urlTemplate":"https:\/\/apuntesdesanluis.com\/?s={search_term_string}"},"query-input":{"@type":"PropertyValueSpecification","valueRequired":true,"valueName":"search_term_string"}}],"inLanguage":"es-AR"},{"@type":["Person","Organization"],"@id":"https:\/\/apuntesdesanluis.com\/#\/schema\/person\/b55151d52296fcce64d1a72538a70b90","name":"apuntesdesanluis.com","image":{"@type":"ImageObject","inLanguage":"es-AR","@id":"https:\/\/apuntesdesanluis.com\/#\/schema\/person\/image\/","url":"https:\/\/apuntesdesanluis.com\/wp-content\/uploads\/2023\/07\/cropped-apuntesdesanluis.png","contentUrl":"https:\/\/apuntesdesanluis.com\/wp-content\/uploads\/2023\/07\/cropped-apuntesdesanluis.png","width":450,"height":112,"caption":"apuntesdesanluis.com"},"logo":{"@id":"https:\/\/apuntesdesanluis.com\/#\/schema\/person\/image\/"},"sameAs":["https:\/\/apuntesdesanluis.com"],"url":"https:\/\/apuntesdesanluis.com\/index.php\/author\/apuntesdesanluis-com\/"}]}},"featured_image_urls":{"full":["https:\/\/apuntesdesanluis.com\/wp-content\/uploads\/2024\/09\/conferencia-agustina.jpg",799,500,false],"thumbnail":["https:\/\/apuntesdesanluis.com\/wp-content\/uploads\/2024\/09\/conferencia-agustina-150x150.jpg",150,150,true],"medium":["https:\/\/apuntesdesanluis.com\/wp-content\/uploads\/2024\/09\/conferencia-agustina-300x188.jpg",300,188,true],"medium_large":["https:\/\/apuntesdesanluis.com\/wp-content\/uploads\/2024\/09\/conferencia-agustina-768x481.jpg",640,401,true],"large":["https:\/\/apuntesdesanluis.com\/wp-content\/uploads\/2024\/09\/conferencia-agustina.jpg",640,401,false],"1536x1536":["https:\/\/apuntesdesanluis.com\/wp-content\/uploads\/2024\/09\/conferencia-agustina.jpg",799,500,false],"2048x2048":["https:\/\/apuntesdesanluis.com\/wp-content\/uploads\/2024\/09\/conferencia-agustina.jpg",799,500,false],"newsever-slider-full":["https:\/\/apuntesdesanluis.com\/wp-content\/uploads\/2024\/09\/conferencia-agustina.jpg",799,500,false],"newsever-featured":["https:\/\/apuntesdesanluis.com\/wp-content\/uploads\/2024\/09\/conferencia-agustina.jpg",799,500,false],"newsever-medium":["https:\/\/apuntesdesanluis.com\/wp-content\/uploads\/2024\/09\/conferencia-agustina-720x475.jpg",720,475,true]},"author_info":{"display_name":"apuntesdesanluis.com","author_link":"https:\/\/apuntesdesanluis.com\/index.php\/author\/apuntesdesanluis-com\/"},"category_info":"<a href=\"https:\/\/apuntesdesanluis.com\/index.php\/category\/ciudad-provincia\/\" rel=\"category tag\">Ciudad\/Provincia<\/a>","tag_info":"Ciudad\/Provincia","comment_count":"0","_links":{"self":[{"href":"https:\/\/apuntesdesanluis.com\/index.php\/wp-json\/wp\/v2\/posts\/21760","targetHints":{"allow":["GET"]}}],"collection":[{"href":"https:\/\/apuntesdesanluis.com\/index.php\/wp-json\/wp\/v2\/posts"}],"about":[{"href":"https:\/\/apuntesdesanluis.com\/index.php\/wp-json\/wp\/v2\/types\/post"}],"author":[{"embeddable":true,"href":"https:\/\/apuntesdesanluis.com\/index.php\/wp-json\/wp\/v2\/users\/1"}],"replies":[{"embeddable":true,"href":"https:\/\/apuntesdesanluis.com\/index.php\/wp-json\/wp\/v2\/comments?post=21760"}],"version-history":[{"count":1,"href":"https:\/\/apuntesdesanluis.com\/index.php\/wp-json\/wp\/v2\/posts\/21760\/revisions"}],"predecessor-version":[{"id":21766,"href":"https:\/\/apuntesdesanluis.com\/index.php\/wp-json\/wp\/v2\/posts\/21760\/revisions\/21766"}],"wp:featuredmedia":[{"embeddable":true,"href":"https:\/\/apuntesdesanluis.com\/index.php\/wp-json\/wp\/v2\/media\/21761"}],"wp:attachment":[{"href":"https:\/\/apuntesdesanluis.com\/index.php\/wp-json\/wp\/v2\/media?parent=21760"}],"wp:term":[{"taxonomy":"category","embeddable":true,"href":"https:\/\/apuntesdesanluis.com\/index.php\/wp-json\/wp\/v2\/categories?post=21760"},{"taxonomy":"post_tag","embeddable":true,"href":"https:\/\/apuntesdesanluis.com\/index.php\/wp-json\/wp\/v2\/tags?post=21760"}],"curies":[{"name":"wp","href":"https:\/\/api.w.org\/{rel}","templated":true}]}}