{"id":21771,"date":"2024-09-04T20:41:50","date_gmt":"2024-09-04T23:41:50","guid":{"rendered":"https:\/\/apuntesdesanluis.com\/?p=21771"},"modified":"2024-09-04T20:41:50","modified_gmt":"2024-09-04T23:41:50","slug":"ordenan-dispositivo-dual-y-curso-de-masculinidad-para-acusado-de-agredir-a-su-expareja","status":"publish","type":"post","link":"https:\/\/apuntesdesanluis.com\/index.php\/2024\/09\/04\/ordenan-dispositivo-dual-y-curso-de-masculinidad-para-acusado-de-agredir-a-su-expareja\/","title":{"rendered":"ORDENAN DISPOSITIVO DUAL Y CURSO DE MASCULINIDAD PARA ACUSADO DE AGREDIR A SU EXPAREJA"},"content":{"rendered":"<h3>La Fiscal\u00eda de Instrucci\u00f3n N\u00b0 4 de la Primera Circunscripci\u00f3n imput\u00f3 a un hombre de 28 a\u00f1os de edad por agredir a su ex pareja, amenazarla e incumplir una orden de restricci\u00f3n y acercamiento.<\/h3>\n<h3>De acuerdo a los hechos que se describieron en la audiencia, estos habr\u00edan sucedido entre julio y agosto, y transcurrieron tanto en el trabajo de la v\u00edctima como a trav\u00e9s de mensajes a sus redes sociales, pero el m\u00e1s grave ocurri\u00f3 el 19 de agosto 2024 en la puerta de la escuela Bernardino Rivadavia donde asiste la hija que tienen en com\u00fan.<\/h3>\n<h3>La situaci\u00f3n de la v\u00edctima y el llamado a la solidaridad de la fiscal:<\/h3>\n<h3>Ese d\u00eda, a las 14:30, el agresor se acerc\u00f3 a la mujer, a pesar de la medida de restricci\u00f3n vigente en su contra, la tom\u00f3 del hombro y le pidi\u00f3 si pod\u00edan hablar. Ante la negativa de la v\u00edctima, la oblig\u00f3 a ingresar a la fuerza a su veh\u00edculo, y abandonaron el lugar.<\/h3>\n<h3>En un momento detuvo el auto en la calle Buenos Aires, instante en que la mujer intent\u00f3 escapar, pero el imputado se lo impidi\u00f3 jal\u00e1ndola del pelo y comenz\u00f3 a propinarle golpes con un elemento que la v\u00edctima no pudo identificar en el momento, pero luego se comprob\u00f3 que hab\u00eda sido un escombro, el que luego fue secuestrado.<\/h3>\n<h3>La denunciante pidi\u00f3 auxilio y al advertir que le sal\u00eda mucha sangre de la cabeza, le implor\u00f3 que la dejara ir al m\u00e9dico. El imputado le dijo que \u00e9l la llevar\u00eda al Hospital Ram\u00f3n Carrillo, pero en el trayecto se qued\u00f3 sin combustible. \u201cLa mujer se subi\u00f3 a un Uber y le pidi\u00f3 al chofer que no le permitiera ingresar al agresor, pero este igual abord\u00f3 el veh\u00edculo; arribaron al Hospital y hasta que lleg\u00f3 la polic\u00eda y la v\u00edctima fue atendida, el agresor estuvo todo el tiempo con ella\u201d, relat\u00f3 Dur\u00e1n.<\/h3>\n<h3>Este caso, relatado en detalle por la fiscal Mar\u00eda del Valle Dur\u00e1n, evidencia no solo la gravedad de la violencia ejercida, sino tambi\u00e9n la falta de apoyo que la v\u00edctima recibi\u00f3 en momentos cruciales. Pese a haber pedido ayuda en varias ocasiones, las respuestas fueron tard\u00edas o inexistentes.<\/h3>\n<h3>\u201cLa v\u00edctima pose\u00eda un bot\u00f3n antip\u00e1nico, una restricci\u00f3n de acercamiento a su favor, pero \u00e9l se le aparec\u00eda igual por el trabajo; lo ten\u00eda bloqueado, pero asimismo le mandaba $1 por Mercado Pago para poder amenazarla e insultarla por ese medio\u201d, narr\u00f3 la fiscal Mar\u00eda del Valle Dur\u00e1n.<\/h3>\n<h3>La fiscal Dur\u00e1n subray\u00f3 la importancia de que la sociedad en su conjunto, desde conductores de transporte hasta trabajadores de instituciones educativas, personal de seguridad y de salud, tanto del sector p\u00fablico como del privado, act\u00fae de manera proactiva y r\u00e1pida cuando se enfrentan a signos de violencia de g\u00e9nero. \u201cEs crucial que todos estemos atentos y seamos solidarios en estas situaciones. La indiferencia o la demora pueden tener consecuencias devastadoras para las v\u00edctimas\u201d, expres\u00f3.<\/h3>\n<h3>\u201cEs un llamado para que la gente se d\u00e9 cuenta y est\u00e9 atenta a este tipo de situaciones, ya sea en un auto, en las escuelas, en los comercios, en la v\u00eda p\u00fablica, poder auxiliar a la v\u00edctima o dar aviso de forma r\u00e1pida a la polic\u00eda o a la fiscal\u00eda\u201d, sostuvo la funcionaria.<\/h3>\n<h3>Este llamado a la solidaridad busca generar conciencia y movilizar a la comunidad para que situaciones como esta no se repitan. La fiscal ha enfatizado que todos tenemos un rol que cumplir en la protecci\u00f3n y apoyo de quienes sufren violencia de g\u00e9nero y que es responsabilidad de cada uno actuar con empat\u00eda y diligencia para evitar que el silencio o la inacci\u00f3n permitan que la violencia contin\u00fae.<\/h3>\n<h3>Sin perjuicio de que en algunos casos puede no haber un contexto de violencia de g\u00e9nero, sino una simple discusi\u00f3n de pareja, es preferible, actuar a tiempo a fin de descartar una situaci\u00f3n de mayor gravedad.<\/h3>\n<h3><strong>CARGOS CONTRA EL ACUSADO Y MEDIDAS DE COERCI\u00d3N<\/strong><\/h3>\n<h3>El agresor finalmente fue detenido, la fiscal\u00eda le formul\u00f3 cargos e imput\u00f3 por lesiones agravadas por el v\u00ednculo y por mediar violencia de g\u00e9nero, amenazas e incumplimiento a una orden judicial, todo en concurso real (cinco hechos).<\/h3>\n<h3>El juez de Garant\u00eda, Juan Manuel Montiveros Chada, luego de cumplidos los ocho d\u00edas de pr\u00f3rroga de detenci\u00f3n otorgados al imputado, y luego de escuchar a la Defensa y a la Fiscal\u00eda, orden\u00f3 como medidas coercitivas la prohibici\u00f3n de salida de la provincia del acusado, la firma mensual del Libro de Imputados, la realizaci\u00f3n de Curso Hombres en Valor, dependiente de la Secretaria de la Mujer, y la colocaci\u00f3n de un dispositivo dual, en virtud de los riesgos procesales y riesgo para la integridad de la v\u00edctima.<\/h3>\n<h3>El dispositivo dual, consta de dos aparatos, uno que se coloca al agresor y otro que se le entrega a la v\u00edctima de violencia; si se juntan se activa una alarma al Sispro quien da aviso a la polic\u00eda para que se cumpla la medida de restricci\u00f3n de acercamiento.<\/h3>\n<p>&nbsp;<\/p>\n<p>&nbsp;<\/p>\n<p>&nbsp;<\/p>\n<p>&nbsp;<\/p>\n","protected":false},"excerpt":{"rendered":"<p>La Fiscal\u00eda de Instrucci\u00f3n N\u00b0 4 de la Primera Circunscripci\u00f3n imput\u00f3 a un hombre de&#8230;<\/p>\n","protected":false},"author":1,"featured_media":21772,"comment_status":"closed","ping_status":"closed","sticky":false,"template":"","format":"standard","meta":{"footnotes":""},"categories":[6],"tags":[],"class_list":["post-21771","post","type-post","status-publish","format-standard","has-post-thumbnail","hentry","category-ciudad-provincia"],"yoast_head":"<!-- This site is optimized with the Yoast SEO plugin v26.1.1 - https:\/\/yoast.com\/wordpress\/plugins\/seo\/ -->\n<title>ORDENAN DISPOSITIVO DUAL Y CURSO DE MASCULINIDAD PARA ACUSADO DE AGREDIR A SU EXPAREJA - Apuntes de San Luis<\/title>\n<meta name=\"robots\" content=\"index, follow, max-snippet:-1, max-image-preview:large, max-video-preview:-1\" \/>\n<link rel=\"canonical\" href=\"https:\/\/apuntesdesanluis.com\/index.php\/2024\/09\/04\/ordenan-dispositivo-dual-y-curso-de-masculinidad-para-acusado-de-agredir-a-su-expareja\/\" \/>\n<meta property=\"og:locale\" content=\"es_ES\" \/>\n<meta property=\"og:type\" content=\"article\" \/>\n<meta property=\"og:title\" content=\"ORDENAN DISPOSITIVO DUAL Y CURSO DE MASCULINIDAD PARA ACUSADO DE AGREDIR A SU EXPAREJA - Apuntes de San Luis\" \/>\n<meta property=\"og:description\" content=\"La Fiscal\u00eda de Instrucci\u00f3n N\u00b0 4 de la Primera Circunscripci\u00f3n imput\u00f3 a un hombre de...\" \/>\n<meta property=\"og:url\" content=\"https:\/\/apuntesdesanluis.com\/index.php\/2024\/09\/04\/ordenan-dispositivo-dual-y-curso-de-masculinidad-para-acusado-de-agredir-a-su-expareja\/\" \/>\n<meta property=\"og:site_name\" content=\"Apuntes de San Luis\" \/>\n<meta property=\"article:published_time\" content=\"2024-09-04T23:41:50+00:00\" \/>\n<meta property=\"og:image\" content=\"https:\/\/apuntesdesanluis.com\/wp-content\/uploads\/2024\/09\/violencia-de-genero.png\" \/>\n\t<meta property=\"og:image:width\" content=\"700\" \/>\n\t<meta property=\"og:image:height\" content=\"405\" \/>\n\t<meta property=\"og:image:type\" content=\"image\/png\" \/>\n<meta name=\"author\" content=\"apuntesdesanluis.com\" \/>\n<meta name=\"twitter:card\" content=\"summary_large_image\" \/>\n<meta name=\"twitter:label1\" content=\"Escrito por\" \/>\n\t<meta name=\"twitter:data1\" content=\"apuntesdesanluis.com\" \/>\n\t<meta name=\"twitter:label2\" content=\"Tiempo de lectura\" \/>\n\t<meta name=\"twitter:data2\" content=\"4 minutos\" \/>\n<script type=\"application\/ld+json\" class=\"yoast-schema-graph\">{\"@context\":\"https:\/\/schema.org\",\"@graph\":[{\"@type\":\"Article\",\"@id\":\"https:\/\/apuntesdesanluis.com\/index.php\/2024\/09\/04\/ordenan-dispositivo-dual-y-curso-de-masculinidad-para-acusado-de-agredir-a-su-expareja\/#article\",\"isPartOf\":{\"@id\":\"https:\/\/apuntesdesanluis.com\/index.php\/2024\/09\/04\/ordenan-dispositivo-dual-y-curso-de-masculinidad-para-acusado-de-agredir-a-su-expareja\/\"},\"author\":{\"name\":\"apuntesdesanluis.com\",\"@id\":\"https:\/\/apuntesdesanluis.com\/#\/schema\/person\/b55151d52296fcce64d1a72538a70b90\"},\"headline\":\"ORDENAN DISPOSITIVO DUAL Y CURSO DE MASCULINIDAD PARA ACUSADO DE AGREDIR A SU EXPAREJA\",\"datePublished\":\"2024-09-04T23:41:50+00:00\",\"mainEntityOfPage\":{\"@id\":\"https:\/\/apuntesdesanluis.com\/index.php\/2024\/09\/04\/ordenan-dispositivo-dual-y-curso-de-masculinidad-para-acusado-de-agredir-a-su-expareja\/\"},\"wordCount\":913,\"publisher\":{\"@id\":\"https:\/\/apuntesdesanluis.com\/#\/schema\/person\/b55151d52296fcce64d1a72538a70b90\"},\"image\":{\"@id\":\"https:\/\/apuntesdesanluis.com\/index.php\/2024\/09\/04\/ordenan-dispositivo-dual-y-curso-de-masculinidad-para-acusado-de-agredir-a-su-expareja\/#primaryimage\"},\"thumbnailUrl\":\"https:\/\/apuntesdesanluis.com\/wp-content\/uploads\/2024\/09\/violencia-de-genero.png\",\"articleSection\":[\"Ciudad\/Provincia\"],\"inLanguage\":\"es-AR\"},{\"@type\":\"WebPage\",\"@id\":\"https:\/\/apuntesdesanluis.com\/index.php\/2024\/09\/04\/ordenan-dispositivo-dual-y-curso-de-masculinidad-para-acusado-de-agredir-a-su-expareja\/\",\"url\":\"https:\/\/apuntesdesanluis.com\/index.php\/2024\/09\/04\/ordenan-dispositivo-dual-y-curso-de-masculinidad-para-acusado-de-agredir-a-su-expareja\/\",\"name\":\"ORDENAN DISPOSITIVO DUAL Y CURSO DE MASCULINIDAD PARA ACUSADO DE AGREDIR A SU EXPAREJA - Apuntes de San Luis\",\"isPartOf\":{\"@id\":\"https:\/\/apuntesdesanluis.com\/#website\"},\"primaryImageOfPage\":{\"@id\":\"https:\/\/apuntesdesanluis.com\/index.php\/2024\/09\/04\/ordenan-dispositivo-dual-y-curso-de-masculinidad-para-acusado-de-agredir-a-su-expareja\/#primaryimage\"},\"image\":{\"@id\":\"https:\/\/apuntesdesanluis.com\/index.php\/2024\/09\/04\/ordenan-dispositivo-dual-y-curso-de-masculinidad-para-acusado-de-agredir-a-su-expareja\/#primaryimage\"},\"thumbnailUrl\":\"https:\/\/apuntesdesanluis.com\/wp-content\/uploads\/2024\/09\/violencia-de-genero.png\",\"datePublished\":\"2024-09-04T23:41:50+00:00\",\"breadcrumb\":{\"@id\":\"https:\/\/apuntesdesanluis.com\/index.php\/2024\/09\/04\/ordenan-dispositivo-dual-y-curso-de-masculinidad-para-acusado-de-agredir-a-su-expareja\/#breadcrumb\"},\"inLanguage\":\"es-AR\",\"potentialAction\":[{\"@type\":\"ReadAction\",\"target\":[\"https:\/\/apuntesdesanluis.com\/index.php\/2024\/09\/04\/ordenan-dispositivo-dual-y-curso-de-masculinidad-para-acusado-de-agredir-a-su-expareja\/\"]}]},{\"@type\":\"ImageObject\",\"inLanguage\":\"es-AR\",\"@id\":\"https:\/\/apuntesdesanluis.com\/index.php\/2024\/09\/04\/ordenan-dispositivo-dual-y-curso-de-masculinidad-para-acusado-de-agredir-a-su-expareja\/#primaryimage\",\"url\":\"https:\/\/apuntesdesanluis.com\/wp-content\/uploads\/2024\/09\/violencia-de-genero.png\",\"contentUrl\":\"https:\/\/apuntesdesanluis.com\/wp-content\/uploads\/2024\/09\/violencia-de-genero.png\",\"width\":700,\"height\":405},{\"@type\":\"BreadcrumbList\",\"@id\":\"https:\/\/apuntesdesanluis.com\/index.php\/2024\/09\/04\/ordenan-dispositivo-dual-y-curso-de-masculinidad-para-acusado-de-agredir-a-su-expareja\/#breadcrumb\",\"itemListElement\":[{\"@type\":\"ListItem\",\"position\":1,\"name\":\"Inicio\",\"item\":\"https:\/\/apuntesdesanluis.com\/\"},{\"@type\":\"ListItem\",\"position\":2,\"name\":\"ORDENAN DISPOSITIVO DUAL Y CURSO DE MASCULINIDAD PARA ACUSADO DE AGREDIR A SU EXPAREJA\"}]},{\"@type\":\"WebSite\",\"@id\":\"https:\/\/apuntesdesanluis.com\/#website\",\"url\":\"https:\/\/apuntesdesanluis.com\/\",\"name\":\"Apuntes de San Luis\",\"description\":\"\",\"publisher\":{\"@id\":\"https:\/\/apuntesdesanluis.com\/#\/schema\/person\/b55151d52296fcce64d1a72538a70b90\"},\"potentialAction\":[{\"@type\":\"SearchAction\",\"target\":{\"@type\":\"EntryPoint\",\"urlTemplate\":\"https:\/\/apuntesdesanluis.com\/?s={search_term_string}\"},\"query-input\":{\"@type\":\"PropertyValueSpecification\",\"valueRequired\":true,\"valueName\":\"search_term_string\"}}],\"inLanguage\":\"es-AR\"},{\"@type\":[\"Person\",\"Organization\"],\"@id\":\"https:\/\/apuntesdesanluis.com\/#\/schema\/person\/b55151d52296fcce64d1a72538a70b90\",\"name\":\"apuntesdesanluis.com\",\"image\":{\"@type\":\"ImageObject\",\"inLanguage\":\"es-AR\",\"@id\":\"https:\/\/apuntesdesanluis.com\/#\/schema\/person\/image\/\",\"url\":\"https:\/\/apuntesdesanluis.com\/wp-content\/uploads\/2023\/07\/cropped-apuntesdesanluis.png\",\"contentUrl\":\"https:\/\/apuntesdesanluis.com\/wp-content\/uploads\/2023\/07\/cropped-apuntesdesanluis.png\",\"width\":450,\"height\":112,\"caption\":\"apuntesdesanluis.com\"},\"logo\":{\"@id\":\"https:\/\/apuntesdesanluis.com\/#\/schema\/person\/image\/\"},\"sameAs\":[\"https:\/\/apuntesdesanluis.com\"],\"url\":\"https:\/\/apuntesdesanluis.com\/index.php\/author\/apuntesdesanluis-com\/\"}]}<\/script>\n<!-- \/ Yoast SEO plugin. -->","yoast_head_json":{"title":"ORDENAN DISPOSITIVO DUAL Y CURSO DE MASCULINIDAD PARA ACUSADO DE AGREDIR A SU EXPAREJA - Apuntes de San Luis","robots":{"index":"index","follow":"follow","max-snippet":"max-snippet:-1","max-image-preview":"max-image-preview:large","max-video-preview":"max-video-preview:-1"},"canonical":"https:\/\/apuntesdesanluis.com\/index.php\/2024\/09\/04\/ordenan-dispositivo-dual-y-curso-de-masculinidad-para-acusado-de-agredir-a-su-expareja\/","og_locale":"es_ES","og_type":"article","og_title":"ORDENAN DISPOSITIVO DUAL Y CURSO DE MASCULINIDAD PARA ACUSADO DE AGREDIR A SU EXPAREJA - Apuntes de San Luis","og_description":"La Fiscal\u00eda de Instrucci\u00f3n N\u00b0 4 de la Primera Circunscripci\u00f3n imput\u00f3 a un hombre de...","og_url":"https:\/\/apuntesdesanluis.com\/index.php\/2024\/09\/04\/ordenan-dispositivo-dual-y-curso-de-masculinidad-para-acusado-de-agredir-a-su-expareja\/","og_site_name":"Apuntes de San Luis","article_published_time":"2024-09-04T23:41:50+00:00","og_image":[{"width":700,"height":405,"url":"https:\/\/apuntesdesanluis.com\/wp-content\/uploads\/2024\/09\/violencia-de-genero.png","type":"image\/png"}],"author":"apuntesdesanluis.com","twitter_card":"summary_large_image","twitter_misc":{"Escrito por":"apuntesdesanluis.com","Tiempo de lectura":"4 minutos"},"schema":{"@context":"https:\/\/schema.org","@graph":[{"@type":"Article","@id":"https:\/\/apuntesdesanluis.com\/index.php\/2024\/09\/04\/ordenan-dispositivo-dual-y-curso-de-masculinidad-para-acusado-de-agredir-a-su-expareja\/#article","isPartOf":{"@id":"https:\/\/apuntesdesanluis.com\/index.php\/2024\/09\/04\/ordenan-dispositivo-dual-y-curso-de-masculinidad-para-acusado-de-agredir-a-su-expareja\/"},"author":{"name":"apuntesdesanluis.com","@id":"https:\/\/apuntesdesanluis.com\/#\/schema\/person\/b55151d52296fcce64d1a72538a70b90"},"headline":"ORDENAN DISPOSITIVO DUAL Y CURSO DE MASCULINIDAD PARA ACUSADO DE AGREDIR A SU EXPAREJA","datePublished":"2024-09-04T23:41:50+00:00","mainEntityOfPage":{"@id":"https:\/\/apuntesdesanluis.com\/index.php\/2024\/09\/04\/ordenan-dispositivo-dual-y-curso-de-masculinidad-para-acusado-de-agredir-a-su-expareja\/"},"wordCount":913,"publisher":{"@id":"https:\/\/apuntesdesanluis.com\/#\/schema\/person\/b55151d52296fcce64d1a72538a70b90"},"image":{"@id":"https:\/\/apuntesdesanluis.com\/index.php\/2024\/09\/04\/ordenan-dispositivo-dual-y-curso-de-masculinidad-para-acusado-de-agredir-a-su-expareja\/#primaryimage"},"thumbnailUrl":"https:\/\/apuntesdesanluis.com\/wp-content\/uploads\/2024\/09\/violencia-de-genero.png","articleSection":["Ciudad\/Provincia"],"inLanguage":"es-AR"},{"@type":"WebPage","@id":"https:\/\/apuntesdesanluis.com\/index.php\/2024\/09\/04\/ordenan-dispositivo-dual-y-curso-de-masculinidad-para-acusado-de-agredir-a-su-expareja\/","url":"https:\/\/apuntesdesanluis.com\/index.php\/2024\/09\/04\/ordenan-dispositivo-dual-y-curso-de-masculinidad-para-acusado-de-agredir-a-su-expareja\/","name":"ORDENAN DISPOSITIVO DUAL Y CURSO DE MASCULINIDAD PARA ACUSADO DE AGREDIR A SU EXPAREJA - Apuntes de San Luis","isPartOf":{"@id":"https:\/\/apuntesdesanluis.com\/#website"},"primaryImageOfPage":{"@id":"https:\/\/apuntesdesanluis.com\/index.php\/2024\/09\/04\/ordenan-dispositivo-dual-y-curso-de-masculinidad-para-acusado-de-agredir-a-su-expareja\/#primaryimage"},"image":{"@id":"https:\/\/apuntesdesanluis.com\/index.php\/2024\/09\/04\/ordenan-dispositivo-dual-y-curso-de-masculinidad-para-acusado-de-agredir-a-su-expareja\/#primaryimage"},"thumbnailUrl":"https:\/\/apuntesdesanluis.com\/wp-content\/uploads\/2024\/09\/violencia-de-genero.png","datePublished":"2024-09-04T23:41:50+00:00","breadcrumb":{"@id":"https:\/\/apuntesdesanluis.com\/index.php\/2024\/09\/04\/ordenan-dispositivo-dual-y-curso-de-masculinidad-para-acusado-de-agredir-a-su-expareja\/#breadcrumb"},"inLanguage":"es-AR","potentialAction":[{"@type":"ReadAction","target":["https:\/\/apuntesdesanluis.com\/index.php\/2024\/09\/04\/ordenan-dispositivo-dual-y-curso-de-masculinidad-para-acusado-de-agredir-a-su-expareja\/"]}]},{"@type":"ImageObject","inLanguage":"es-AR","@id":"https:\/\/apuntesdesanluis.com\/index.php\/2024\/09\/04\/ordenan-dispositivo-dual-y-curso-de-masculinidad-para-acusado-de-agredir-a-su-expareja\/#primaryimage","url":"https:\/\/apuntesdesanluis.com\/wp-content\/uploads\/2024\/09\/violencia-de-genero.png","contentUrl":"https:\/\/apuntesdesanluis.com\/wp-content\/uploads\/2024\/09\/violencia-de-genero.png","width":700,"height":405},{"@type":"BreadcrumbList","@id":"https:\/\/apuntesdesanluis.com\/index.php\/2024\/09\/04\/ordenan-dispositivo-dual-y-curso-de-masculinidad-para-acusado-de-agredir-a-su-expareja\/#breadcrumb","itemListElement":[{"@type":"ListItem","position":1,"name":"Inicio","item":"https:\/\/apuntesdesanluis.com\/"},{"@type":"ListItem","position":2,"name":"ORDENAN DISPOSITIVO DUAL Y CURSO DE MASCULINIDAD PARA ACUSADO DE AGREDIR A SU EXPAREJA"}]},{"@type":"WebSite","@id":"https:\/\/apuntesdesanluis.com\/#website","url":"https:\/\/apuntesdesanluis.com\/","name":"Apuntes de San Luis","description":"","publisher":{"@id":"https:\/\/apuntesdesanluis.com\/#\/schema\/person\/b55151d52296fcce64d1a72538a70b90"},"potentialAction":[{"@type":"SearchAction","target":{"@type":"EntryPoint","urlTemplate":"https:\/\/apuntesdesanluis.com\/?s={search_term_string}"},"query-input":{"@type":"PropertyValueSpecification","valueRequired":true,"valueName":"search_term_string"}}],"inLanguage":"es-AR"},{"@type":["Person","Organization"],"@id":"https:\/\/apuntesdesanluis.com\/#\/schema\/person\/b55151d52296fcce64d1a72538a70b90","name":"apuntesdesanluis.com","image":{"@type":"ImageObject","inLanguage":"es-AR","@id":"https:\/\/apuntesdesanluis.com\/#\/schema\/person\/image\/","url":"https:\/\/apuntesdesanluis.com\/wp-content\/uploads\/2023\/07\/cropped-apuntesdesanluis.png","contentUrl":"https:\/\/apuntesdesanluis.com\/wp-content\/uploads\/2023\/07\/cropped-apuntesdesanluis.png","width":450,"height":112,"caption":"apuntesdesanluis.com"},"logo":{"@id":"https:\/\/apuntesdesanluis.com\/#\/schema\/person\/image\/"},"sameAs":["https:\/\/apuntesdesanluis.com"],"url":"https:\/\/apuntesdesanluis.com\/index.php\/author\/apuntesdesanluis-com\/"}]}},"featured_image_urls":{"full":["https:\/\/apuntesdesanluis.com\/wp-content\/uploads\/2024\/09\/violencia-de-genero.png",700,405,false],"thumbnail":["https:\/\/apuntesdesanluis.com\/wp-content\/uploads\/2024\/09\/violencia-de-genero-150x150.png",150,150,true],"medium":["https:\/\/apuntesdesanluis.com\/wp-content\/uploads\/2024\/09\/violencia-de-genero-300x174.png",300,174,true],"medium_large":["https:\/\/apuntesdesanluis.com\/wp-content\/uploads\/2024\/09\/violencia-de-genero.png",640,370,false],"large":["https:\/\/apuntesdesanluis.com\/wp-content\/uploads\/2024\/09\/violencia-de-genero.png",640,370,false],"1536x1536":["https:\/\/apuntesdesanluis.com\/wp-content\/uploads\/2024\/09\/violencia-de-genero.png",700,405,false],"2048x2048":["https:\/\/apuntesdesanluis.com\/wp-content\/uploads\/2024\/09\/violencia-de-genero.png",700,405,false],"newsever-slider-full":["https:\/\/apuntesdesanluis.com\/wp-content\/uploads\/2024\/09\/violencia-de-genero.png",700,405,false],"newsever-featured":["https:\/\/apuntesdesanluis.com\/wp-content\/uploads\/2024\/09\/violencia-de-genero.png",700,405,false],"newsever-medium":["https:\/\/apuntesdesanluis.com\/wp-content\/uploads\/2024\/09\/violencia-de-genero.png",700,405,false]},"author_info":{"display_name":"apuntesdesanluis.com","author_link":"https:\/\/apuntesdesanluis.com\/index.php\/author\/apuntesdesanluis-com\/"},"category_info":"<a href=\"https:\/\/apuntesdesanluis.com\/index.php\/category\/ciudad-provincia\/\" rel=\"category tag\">Ciudad\/Provincia<\/a>","tag_info":"Ciudad\/Provincia","comment_count":"0","_links":{"self":[{"href":"https:\/\/apuntesdesanluis.com\/index.php\/wp-json\/wp\/v2\/posts\/21771","targetHints":{"allow":["GET"]}}],"collection":[{"href":"https:\/\/apuntesdesanluis.com\/index.php\/wp-json\/wp\/v2\/posts"}],"about":[{"href":"https:\/\/apuntesdesanluis.com\/index.php\/wp-json\/wp\/v2\/types\/post"}],"author":[{"embeddable":true,"href":"https:\/\/apuntesdesanluis.com\/index.php\/wp-json\/wp\/v2\/users\/1"}],"replies":[{"embeddable":true,"href":"https:\/\/apuntesdesanluis.com\/index.php\/wp-json\/wp\/v2\/comments?post=21771"}],"version-history":[{"count":1,"href":"https:\/\/apuntesdesanluis.com\/index.php\/wp-json\/wp\/v2\/posts\/21771\/revisions"}],"predecessor-version":[{"id":21773,"href":"https:\/\/apuntesdesanluis.com\/index.php\/wp-json\/wp\/v2\/posts\/21771\/revisions\/21773"}],"wp:featuredmedia":[{"embeddable":true,"href":"https:\/\/apuntesdesanluis.com\/index.php\/wp-json\/wp\/v2\/media\/21772"}],"wp:attachment":[{"href":"https:\/\/apuntesdesanluis.com\/index.php\/wp-json\/wp\/v2\/media?parent=21771"}],"wp:term":[{"taxonomy":"category","embeddable":true,"href":"https:\/\/apuntesdesanluis.com\/index.php\/wp-json\/wp\/v2\/categories?post=21771"},{"taxonomy":"post_tag","embeddable":true,"href":"https:\/\/apuntesdesanluis.com\/index.php\/wp-json\/wp\/v2\/tags?post=21771"}],"curies":[{"name":"wp","href":"https:\/\/api.w.org\/{rel}","templated":true}]}}