{"id":21778,"date":"2024-09-04T21:07:55","date_gmt":"2024-09-05T00:07:55","guid":{"rendered":"https:\/\/apuntesdesanluis.com\/?p=21778"},"modified":"2024-09-04T21:07:55","modified_gmt":"2024-09-05T00:07:55","slug":"la-camara-de-diputados-convirtio-en-ley-la-beca-al-merito","status":"publish","type":"post","link":"https:\/\/apuntesdesanluis.com\/index.php\/2024\/09\/04\/la-camara-de-diputados-convirtio-en-ley-la-beca-al-merito\/","title":{"rendered":"LA C\u00c1MARA DE DIPUTADOS CONVIRTI\u00d3 EN LEY LA BECA AL M\u00c9RITO"},"content":{"rendered":"<h3>Este mi\u00e9rcoles la C\u00e1mara de Diputados de la Provincia aprob\u00f3 con 24 votos a favor la Ley de Beca al M\u00e9rito, un proyecto enviado por el Ejecutivo provincial como parte de las acciones del gobierno de Claudio Poggi para asegurar la continuidad de los estudios terciarios, universitarios o de oficios de los estudiantes de toda la provincia.<\/h3>\n<h3>Esta norma, que ya contaba con media sanci\u00f3n del Senado, tambi\u00e9n deroga las anteriores leyes \u201cBeca Puntana al M\u00e9rito Bandera Argentina\u201d y \u201cBeca Construyendo Sue\u00f1os\u201d, sancionadas en 2018 durante la gesti\u00f3n de Alberto Rodr\u00edguez Sa\u00e1, las cuales priorizaban la situaci\u00f3n socioecon\u00f3mica de los estudiantes y no su desempe\u00f1o acad\u00e9mico.<\/h3>\n<h3>La diputada por Pueyrred\u00f3n, Eugenia Gallardo, explic\u00f3 que este proyecto reafirma el compromiso del gobierno con la excelencia acad\u00e9mica y el desarrollo personal, y busca ser una inversi\u00f3n en el futuro de la sociedad, inspirando a otros estudiantes a alcanzar la excelencia en su formaci\u00f3n. \u201cEste proyecto es un plan de gobierno que quiere modificar los valores de esta sociedad, quiere promover que los j\u00f3venes puedan llegar a proyectarse, puedan llegar a querer ser mejor de lo que son hoy\u201d, se\u00f1al\u00f3.<\/h3>\n<h3>La Beca al M\u00e9rito est\u00e1 destinada a los tres primeros promedios del \u00faltimo a\u00f1o del secundario de establecimientos p\u00fablicos y privados de la provincia. El beneficio se mantendr\u00e1 durante toda la carrera elegida, con vigencia hasta seis meses despu\u00e9s de finalizar el cursado.<\/h3>\n<h3>\u201cEl Estado los acompa\u00f1a con un beneficio que les facilita la continuidad de los estudios a quienes tengan buenas notas y hayan demostrado sacrificio y esfuerzo en toda la provincia, incluidos los parajes y las instituciones que tienen como objetivo la contenci\u00f3n de chicos con capacidades diferentes. Es un programa que busca premiar el m\u00e9rito, pero el m\u00e9rito visto desde el sacrificio\u201d, explic\u00f3 la diputada.<\/h3>\n<h3>En las escuelas ubicadas en parajes, se otorgar\u00e1 el beneficio al primer promedio de cada establecimiento educativo, y en el caso de las Escuelas P\u00fablicas Digitales para Adultos ser\u00e1 para los tres mejores promedios por regi\u00f3n educativa.<\/h3>\n<h3>En las Escuelas Especiales recibir\u00e1n la beca los tres estudiantes m\u00e1s destacados del \u00faltimo a\u00f1o, teniendo en cuenta factores como la asistencia, la participaci\u00f3n familiar y el esfuerzo del estudiante. El plazo de la beca para estos alumnos ser\u00e1 de cinco a\u00f1os a partir de la fecha del primer cobro.<\/h3>\n<h3>Una de las particularidades de esta ley es el compromiso \u00e9tico que asumir\u00e1n los beneficiarios, quienes deber\u00e1n apadrinar a un alumno del \u00faltimo a\u00f1o del secundario mediante apoyo escolar. Adem\u00e1s, una vez finalizados los estudios, los becarios deber\u00e1n comprometerse a ejercer sus servicios profesionales en la provincia, ya sea en el sector p\u00fablico o privado, por el mismo tiempo que dure la beca.<\/h3>\n<h3>Por otra parte, el proyecto garantiza que quienes ya son beneficiarios de las becas anteriores mantendr\u00e1n sus derechos adquiridos, y permite que la Beca al M\u00e9rito sea compatible con otros beneficios educativos nacionales, provinciales o municipales.<\/h3>\n<h3>Dirigi\u00e9ndose a la oposici\u00f3n, Gallardo afirm\u00f3 que no todos los chicos tienen el mismo punto de partida y por ello, aparte de esta beca, el Gobierno est\u00e1 llevando adelante distintas pol\u00edticas para terminar con las desigualdades en las que se encuentran los estudiantes debido a sus condiciones socioecon\u00f3micas. \u201c\u00bfFueron gobierno y qu\u00e9 hicieron para evitar estas desigualdades que se ven cada vez m\u00e1s?\u201d, les pregunt\u00f3.<\/h3>\n<h3>\u201cRecibimos el gobierno con una pobreza infantil alarmante. Estamos garantizando de alguna manera un mismo punto de partida. La alimentaci\u00f3n es uno de los ejes de esta gesti\u00f3n, tambi\u00e9n garantizar el trabajo para los pap\u00e1s de esos chicos. Estamos esforz\u00e1ndonos en promover el trabajo, en promover la inclusi\u00f3n de muchos trabajadores que pueden estar en un estado de informalidad, en promover que las empresas sean reconocidas y puedan tomar empleados, que el Plan de Inclusi\u00f3n Social no sea la \u00fanica salida\u201d, continu\u00f3 la diputada.<\/h3>\n<h3>\u201cCreo que de este Gobierno se vieron y se est\u00e1n viendo todos los esfuerzos que se hicieron reci\u00e9n tomado el poder para salir a mejorar y asegurar que el inicio de clases se d\u00e9. Se sali\u00f3 a hacer arreglos en todas las instituciones escolares. En todas las instituciones alguien del Ministerio de Educaci\u00f3n fue y ha ido m\u00e1s de una vez. No puedo decir lo mismo de la gesti\u00f3n saliente\u201d, agreg\u00f3.<\/h3>\n<h3>La legisladora tambi\u00e9n hizo referencia a los concursos para cubrir cargos directivos que est\u00e1 realizando Educaci\u00f3n: \u201cLa \u00faltima vez que se realizaron concursos masivos fue en el 2012. Estamos igualando las oportunidades. Todas las escuelas van a tener directivos con capacidades\u201d, finaliz\u00f3.<\/h3>\n<h3><\/h3>\n<h3><\/h3>\n<h3><\/h3>\n","protected":false},"excerpt":{"rendered":"<p>Este mi\u00e9rcoles la C\u00e1mara de Diputados de la Provincia aprob\u00f3 con 24 votos a favor&#8230;<\/p>\n","protected":false},"author":1,"featured_media":21779,"comment_status":"closed","ping_status":"closed","sticky":false,"template":"","format":"standard","meta":{"footnotes":""},"categories":[6],"tags":[],"class_list":["post-21778","post","type-post","status-publish","format-standard","has-post-thumbnail","hentry","category-ciudad-provincia"],"yoast_head":"<!-- This site is optimized with the Yoast SEO plugin v26.1.1 - https:\/\/yoast.com\/wordpress\/plugins\/seo\/ -->\n<title>LA C\u00c1MARA DE DIPUTADOS CONVIRTI\u00d3 EN LEY LA BECA AL M\u00c9RITO - Apuntes de San Luis<\/title>\n<meta name=\"robots\" content=\"index, follow, max-snippet:-1, max-image-preview:large, max-video-preview:-1\" \/>\n<link rel=\"canonical\" href=\"https:\/\/apuntesdesanluis.com\/index.php\/2024\/09\/04\/la-camara-de-diputados-convirtio-en-ley-la-beca-al-merito\/\" \/>\n<meta property=\"og:locale\" content=\"es_ES\" \/>\n<meta property=\"og:type\" content=\"article\" \/>\n<meta property=\"og:title\" content=\"LA C\u00c1MARA DE DIPUTADOS CONVIRTI\u00d3 EN LEY LA BECA AL M\u00c9RITO - Apuntes de San Luis\" \/>\n<meta property=\"og:description\" content=\"Este mi\u00e9rcoles la C\u00e1mara de Diputados de la Provincia aprob\u00f3 con 24 votos a favor...\" \/>\n<meta property=\"og:url\" content=\"https:\/\/apuntesdesanluis.com\/index.php\/2024\/09\/04\/la-camara-de-diputados-convirtio-en-ley-la-beca-al-merito\/\" \/>\n<meta property=\"og:site_name\" content=\"Apuntes de San Luis\" \/>\n<meta property=\"article:published_time\" content=\"2024-09-05T00:07:55+00:00\" \/>\n<meta property=\"og:image\" content=\"https:\/\/apuntesdesanluis.com\/wp-content\/uploads\/2024\/09\/diputados-BECA-AL-MERITO.png\" \/>\n\t<meta property=\"og:image:width\" content=\"700\" \/>\n\t<meta property=\"og:image:height\" content=\"368\" \/>\n\t<meta property=\"og:image:type\" content=\"image\/png\" \/>\n<meta name=\"author\" content=\"apuntesdesanluis.com\" \/>\n<meta name=\"twitter:card\" content=\"summary_large_image\" \/>\n<meta name=\"twitter:label1\" content=\"Escrito por\" \/>\n\t<meta name=\"twitter:data1\" content=\"apuntesdesanluis.com\" \/>\n\t<meta name=\"twitter:label2\" content=\"Tiempo de lectura\" \/>\n\t<meta name=\"twitter:data2\" content=\"4 minutos\" \/>\n<script type=\"application\/ld+json\" class=\"yoast-schema-graph\">{\"@context\":\"https:\/\/schema.org\",\"@graph\":[{\"@type\":\"Article\",\"@id\":\"https:\/\/apuntesdesanluis.com\/index.php\/2024\/09\/04\/la-camara-de-diputados-convirtio-en-ley-la-beca-al-merito\/#article\",\"isPartOf\":{\"@id\":\"https:\/\/apuntesdesanluis.com\/index.php\/2024\/09\/04\/la-camara-de-diputados-convirtio-en-ley-la-beca-al-merito\/\"},\"author\":{\"name\":\"apuntesdesanluis.com\",\"@id\":\"https:\/\/apuntesdesanluis.com\/#\/schema\/person\/b55151d52296fcce64d1a72538a70b90\"},\"headline\":\"LA C\u00c1MARA DE DIPUTADOS CONVIRTI\u00d3 EN LEY LA BECA AL M\u00c9RITO\",\"datePublished\":\"2024-09-05T00:07:55+00:00\",\"mainEntityOfPage\":{\"@id\":\"https:\/\/apuntesdesanluis.com\/index.php\/2024\/09\/04\/la-camara-de-diputados-convirtio-en-ley-la-beca-al-merito\/\"},\"wordCount\":814,\"publisher\":{\"@id\":\"https:\/\/apuntesdesanluis.com\/#\/schema\/person\/b55151d52296fcce64d1a72538a70b90\"},\"image\":{\"@id\":\"https:\/\/apuntesdesanluis.com\/index.php\/2024\/09\/04\/la-camara-de-diputados-convirtio-en-ley-la-beca-al-merito\/#primaryimage\"},\"thumbnailUrl\":\"https:\/\/apuntesdesanluis.com\/wp-content\/uploads\/2024\/09\/diputados-BECA-AL-MERITO.png\",\"articleSection\":[\"Ciudad\/Provincia\"],\"inLanguage\":\"es-AR\"},{\"@type\":\"WebPage\",\"@id\":\"https:\/\/apuntesdesanluis.com\/index.php\/2024\/09\/04\/la-camara-de-diputados-convirtio-en-ley-la-beca-al-merito\/\",\"url\":\"https:\/\/apuntesdesanluis.com\/index.php\/2024\/09\/04\/la-camara-de-diputados-convirtio-en-ley-la-beca-al-merito\/\",\"name\":\"LA C\u00c1MARA DE DIPUTADOS CONVIRTI\u00d3 EN LEY LA BECA AL M\u00c9RITO - Apuntes de San Luis\",\"isPartOf\":{\"@id\":\"https:\/\/apuntesdesanluis.com\/#website\"},\"primaryImageOfPage\":{\"@id\":\"https:\/\/apuntesdesanluis.com\/index.php\/2024\/09\/04\/la-camara-de-diputados-convirtio-en-ley-la-beca-al-merito\/#primaryimage\"},\"image\":{\"@id\":\"https:\/\/apuntesdesanluis.com\/index.php\/2024\/09\/04\/la-camara-de-diputados-convirtio-en-ley-la-beca-al-merito\/#primaryimage\"},\"thumbnailUrl\":\"https:\/\/apuntesdesanluis.com\/wp-content\/uploads\/2024\/09\/diputados-BECA-AL-MERITO.png\",\"datePublished\":\"2024-09-05T00:07:55+00:00\",\"breadcrumb\":{\"@id\":\"https:\/\/apuntesdesanluis.com\/index.php\/2024\/09\/04\/la-camara-de-diputados-convirtio-en-ley-la-beca-al-merito\/#breadcrumb\"},\"inLanguage\":\"es-AR\",\"potentialAction\":[{\"@type\":\"ReadAction\",\"target\":[\"https:\/\/apuntesdesanluis.com\/index.php\/2024\/09\/04\/la-camara-de-diputados-convirtio-en-ley-la-beca-al-merito\/\"]}]},{\"@type\":\"ImageObject\",\"inLanguage\":\"es-AR\",\"@id\":\"https:\/\/apuntesdesanluis.com\/index.php\/2024\/09\/04\/la-camara-de-diputados-convirtio-en-ley-la-beca-al-merito\/#primaryimage\",\"url\":\"https:\/\/apuntesdesanluis.com\/wp-content\/uploads\/2024\/09\/diputados-BECA-AL-MERITO.png\",\"contentUrl\":\"https:\/\/apuntesdesanluis.com\/wp-content\/uploads\/2024\/09\/diputados-BECA-AL-MERITO.png\",\"width\":700,\"height\":368},{\"@type\":\"BreadcrumbList\",\"@id\":\"https:\/\/apuntesdesanluis.com\/index.php\/2024\/09\/04\/la-camara-de-diputados-convirtio-en-ley-la-beca-al-merito\/#breadcrumb\",\"itemListElement\":[{\"@type\":\"ListItem\",\"position\":1,\"name\":\"Inicio\",\"item\":\"https:\/\/apuntesdesanluis.com\/\"},{\"@type\":\"ListItem\",\"position\":2,\"name\":\"LA C\u00c1MARA DE DIPUTADOS CONVIRTI\u00d3 EN LEY LA BECA AL M\u00c9RITO\"}]},{\"@type\":\"WebSite\",\"@id\":\"https:\/\/apuntesdesanluis.com\/#website\",\"url\":\"https:\/\/apuntesdesanluis.com\/\",\"name\":\"Apuntes de San Luis\",\"description\":\"\",\"publisher\":{\"@id\":\"https:\/\/apuntesdesanluis.com\/#\/schema\/person\/b55151d52296fcce64d1a72538a70b90\"},\"potentialAction\":[{\"@type\":\"SearchAction\",\"target\":{\"@type\":\"EntryPoint\",\"urlTemplate\":\"https:\/\/apuntesdesanluis.com\/?s={search_term_string}\"},\"query-input\":{\"@type\":\"PropertyValueSpecification\",\"valueRequired\":true,\"valueName\":\"search_term_string\"}}],\"inLanguage\":\"es-AR\"},{\"@type\":[\"Person\",\"Organization\"],\"@id\":\"https:\/\/apuntesdesanluis.com\/#\/schema\/person\/b55151d52296fcce64d1a72538a70b90\",\"name\":\"apuntesdesanluis.com\",\"image\":{\"@type\":\"ImageObject\",\"inLanguage\":\"es-AR\",\"@id\":\"https:\/\/apuntesdesanluis.com\/#\/schema\/person\/image\/\",\"url\":\"https:\/\/apuntesdesanluis.com\/wp-content\/uploads\/2023\/07\/cropped-apuntesdesanluis.png\",\"contentUrl\":\"https:\/\/apuntesdesanluis.com\/wp-content\/uploads\/2023\/07\/cropped-apuntesdesanluis.png\",\"width\":450,\"height\":112,\"caption\":\"apuntesdesanluis.com\"},\"logo\":{\"@id\":\"https:\/\/apuntesdesanluis.com\/#\/schema\/person\/image\/\"},\"sameAs\":[\"https:\/\/apuntesdesanluis.com\"],\"url\":\"https:\/\/apuntesdesanluis.com\/index.php\/author\/apuntesdesanluis-com\/\"}]}<\/script>\n<!-- \/ Yoast SEO plugin. -->","yoast_head_json":{"title":"LA C\u00c1MARA DE DIPUTADOS CONVIRTI\u00d3 EN LEY LA BECA AL M\u00c9RITO - Apuntes de San Luis","robots":{"index":"index","follow":"follow","max-snippet":"max-snippet:-1","max-image-preview":"max-image-preview:large","max-video-preview":"max-video-preview:-1"},"canonical":"https:\/\/apuntesdesanluis.com\/index.php\/2024\/09\/04\/la-camara-de-diputados-convirtio-en-ley-la-beca-al-merito\/","og_locale":"es_ES","og_type":"article","og_title":"LA C\u00c1MARA DE DIPUTADOS CONVIRTI\u00d3 EN LEY LA BECA AL M\u00c9RITO - Apuntes de San Luis","og_description":"Este mi\u00e9rcoles la C\u00e1mara de Diputados de la Provincia aprob\u00f3 con 24 votos a favor...","og_url":"https:\/\/apuntesdesanluis.com\/index.php\/2024\/09\/04\/la-camara-de-diputados-convirtio-en-ley-la-beca-al-merito\/","og_site_name":"Apuntes de San Luis","article_published_time":"2024-09-05T00:07:55+00:00","og_image":[{"width":700,"height":368,"url":"https:\/\/apuntesdesanluis.com\/wp-content\/uploads\/2024\/09\/diputados-BECA-AL-MERITO.png","type":"image\/png"}],"author":"apuntesdesanluis.com","twitter_card":"summary_large_image","twitter_misc":{"Escrito por":"apuntesdesanluis.com","Tiempo de lectura":"4 minutos"},"schema":{"@context":"https:\/\/schema.org","@graph":[{"@type":"Article","@id":"https:\/\/apuntesdesanluis.com\/index.php\/2024\/09\/04\/la-camara-de-diputados-convirtio-en-ley-la-beca-al-merito\/#article","isPartOf":{"@id":"https:\/\/apuntesdesanluis.com\/index.php\/2024\/09\/04\/la-camara-de-diputados-convirtio-en-ley-la-beca-al-merito\/"},"author":{"name":"apuntesdesanluis.com","@id":"https:\/\/apuntesdesanluis.com\/#\/schema\/person\/b55151d52296fcce64d1a72538a70b90"},"headline":"LA C\u00c1MARA DE DIPUTADOS CONVIRTI\u00d3 EN LEY LA BECA AL M\u00c9RITO","datePublished":"2024-09-05T00:07:55+00:00","mainEntityOfPage":{"@id":"https:\/\/apuntesdesanluis.com\/index.php\/2024\/09\/04\/la-camara-de-diputados-convirtio-en-ley-la-beca-al-merito\/"},"wordCount":814,"publisher":{"@id":"https:\/\/apuntesdesanluis.com\/#\/schema\/person\/b55151d52296fcce64d1a72538a70b90"},"image":{"@id":"https:\/\/apuntesdesanluis.com\/index.php\/2024\/09\/04\/la-camara-de-diputados-convirtio-en-ley-la-beca-al-merito\/#primaryimage"},"thumbnailUrl":"https:\/\/apuntesdesanluis.com\/wp-content\/uploads\/2024\/09\/diputados-BECA-AL-MERITO.png","articleSection":["Ciudad\/Provincia"],"inLanguage":"es-AR"},{"@type":"WebPage","@id":"https:\/\/apuntesdesanluis.com\/index.php\/2024\/09\/04\/la-camara-de-diputados-convirtio-en-ley-la-beca-al-merito\/","url":"https:\/\/apuntesdesanluis.com\/index.php\/2024\/09\/04\/la-camara-de-diputados-convirtio-en-ley-la-beca-al-merito\/","name":"LA C\u00c1MARA DE DIPUTADOS CONVIRTI\u00d3 EN LEY LA BECA AL M\u00c9RITO - Apuntes de San Luis","isPartOf":{"@id":"https:\/\/apuntesdesanluis.com\/#website"},"primaryImageOfPage":{"@id":"https:\/\/apuntesdesanluis.com\/index.php\/2024\/09\/04\/la-camara-de-diputados-convirtio-en-ley-la-beca-al-merito\/#primaryimage"},"image":{"@id":"https:\/\/apuntesdesanluis.com\/index.php\/2024\/09\/04\/la-camara-de-diputados-convirtio-en-ley-la-beca-al-merito\/#primaryimage"},"thumbnailUrl":"https:\/\/apuntesdesanluis.com\/wp-content\/uploads\/2024\/09\/diputados-BECA-AL-MERITO.png","datePublished":"2024-09-05T00:07:55+00:00","breadcrumb":{"@id":"https:\/\/apuntesdesanluis.com\/index.php\/2024\/09\/04\/la-camara-de-diputados-convirtio-en-ley-la-beca-al-merito\/#breadcrumb"},"inLanguage":"es-AR","potentialAction":[{"@type":"ReadAction","target":["https:\/\/apuntesdesanluis.com\/index.php\/2024\/09\/04\/la-camara-de-diputados-convirtio-en-ley-la-beca-al-merito\/"]}]},{"@type":"ImageObject","inLanguage":"es-AR","@id":"https:\/\/apuntesdesanluis.com\/index.php\/2024\/09\/04\/la-camara-de-diputados-convirtio-en-ley-la-beca-al-merito\/#primaryimage","url":"https:\/\/apuntesdesanluis.com\/wp-content\/uploads\/2024\/09\/diputados-BECA-AL-MERITO.png","contentUrl":"https:\/\/apuntesdesanluis.com\/wp-content\/uploads\/2024\/09\/diputados-BECA-AL-MERITO.png","width":700,"height":368},{"@type":"BreadcrumbList","@id":"https:\/\/apuntesdesanluis.com\/index.php\/2024\/09\/04\/la-camara-de-diputados-convirtio-en-ley-la-beca-al-merito\/#breadcrumb","itemListElement":[{"@type":"ListItem","position":1,"name":"Inicio","item":"https:\/\/apuntesdesanluis.com\/"},{"@type":"ListItem","position":2,"name":"LA C\u00c1MARA DE DIPUTADOS CONVIRTI\u00d3 EN LEY LA BECA AL M\u00c9RITO"}]},{"@type":"WebSite","@id":"https:\/\/apuntesdesanluis.com\/#website","url":"https:\/\/apuntesdesanluis.com\/","name":"Apuntes de San Luis","description":"","publisher":{"@id":"https:\/\/apuntesdesanluis.com\/#\/schema\/person\/b55151d52296fcce64d1a72538a70b90"},"potentialAction":[{"@type":"SearchAction","target":{"@type":"EntryPoint","urlTemplate":"https:\/\/apuntesdesanluis.com\/?s={search_term_string}"},"query-input":{"@type":"PropertyValueSpecification","valueRequired":true,"valueName":"search_term_string"}}],"inLanguage":"es-AR"},{"@type":["Person","Organization"],"@id":"https:\/\/apuntesdesanluis.com\/#\/schema\/person\/b55151d52296fcce64d1a72538a70b90","name":"apuntesdesanluis.com","image":{"@type":"ImageObject","inLanguage":"es-AR","@id":"https:\/\/apuntesdesanluis.com\/#\/schema\/person\/image\/","url":"https:\/\/apuntesdesanluis.com\/wp-content\/uploads\/2023\/07\/cropped-apuntesdesanluis.png","contentUrl":"https:\/\/apuntesdesanluis.com\/wp-content\/uploads\/2023\/07\/cropped-apuntesdesanluis.png","width":450,"height":112,"caption":"apuntesdesanluis.com"},"logo":{"@id":"https:\/\/apuntesdesanluis.com\/#\/schema\/person\/image\/"},"sameAs":["https:\/\/apuntesdesanluis.com"],"url":"https:\/\/apuntesdesanluis.com\/index.php\/author\/apuntesdesanluis-com\/"}]}},"featured_image_urls":{"full":["https:\/\/apuntesdesanluis.com\/wp-content\/uploads\/2024\/09\/diputados-BECA-AL-MERITO.png",700,368,false],"thumbnail":["https:\/\/apuntesdesanluis.com\/wp-content\/uploads\/2024\/09\/diputados-BECA-AL-MERITO-150x150.png",150,150,true],"medium":["https:\/\/apuntesdesanluis.com\/wp-content\/uploads\/2024\/09\/diputados-BECA-AL-MERITO-300x158.png",300,158,true],"medium_large":["https:\/\/apuntesdesanluis.com\/wp-content\/uploads\/2024\/09\/diputados-BECA-AL-MERITO.png",640,336,false],"large":["https:\/\/apuntesdesanluis.com\/wp-content\/uploads\/2024\/09\/diputados-BECA-AL-MERITO.png",640,336,false],"1536x1536":["https:\/\/apuntesdesanluis.com\/wp-content\/uploads\/2024\/09\/diputados-BECA-AL-MERITO.png",700,368,false],"2048x2048":["https:\/\/apuntesdesanluis.com\/wp-content\/uploads\/2024\/09\/diputados-BECA-AL-MERITO.png",700,368,false],"newsever-slider-full":["https:\/\/apuntesdesanluis.com\/wp-content\/uploads\/2024\/09\/diputados-BECA-AL-MERITO.png",700,368,false],"newsever-featured":["https:\/\/apuntesdesanluis.com\/wp-content\/uploads\/2024\/09\/diputados-BECA-AL-MERITO.png",700,368,false],"newsever-medium":["https:\/\/apuntesdesanluis.com\/wp-content\/uploads\/2024\/09\/diputados-BECA-AL-MERITO.png",700,368,false]},"author_info":{"display_name":"apuntesdesanluis.com","author_link":"https:\/\/apuntesdesanluis.com\/index.php\/author\/apuntesdesanluis-com\/"},"category_info":"<a href=\"https:\/\/apuntesdesanluis.com\/index.php\/category\/ciudad-provincia\/\" rel=\"category tag\">Ciudad\/Provincia<\/a>","tag_info":"Ciudad\/Provincia","comment_count":"0","_links":{"self":[{"href":"https:\/\/apuntesdesanluis.com\/index.php\/wp-json\/wp\/v2\/posts\/21778","targetHints":{"allow":["GET"]}}],"collection":[{"href":"https:\/\/apuntesdesanluis.com\/index.php\/wp-json\/wp\/v2\/posts"}],"about":[{"href":"https:\/\/apuntesdesanluis.com\/index.php\/wp-json\/wp\/v2\/types\/post"}],"author":[{"embeddable":true,"href":"https:\/\/apuntesdesanluis.com\/index.php\/wp-json\/wp\/v2\/users\/1"}],"replies":[{"embeddable":true,"href":"https:\/\/apuntesdesanluis.com\/index.php\/wp-json\/wp\/v2\/comments?post=21778"}],"version-history":[{"count":1,"href":"https:\/\/apuntesdesanluis.com\/index.php\/wp-json\/wp\/v2\/posts\/21778\/revisions"}],"predecessor-version":[{"id":21780,"href":"https:\/\/apuntesdesanluis.com\/index.php\/wp-json\/wp\/v2\/posts\/21778\/revisions\/21780"}],"wp:featuredmedia":[{"embeddable":true,"href":"https:\/\/apuntesdesanluis.com\/index.php\/wp-json\/wp\/v2\/media\/21779"}],"wp:attachment":[{"href":"https:\/\/apuntesdesanluis.com\/index.php\/wp-json\/wp\/v2\/media?parent=21778"}],"wp:term":[{"taxonomy":"category","embeddable":true,"href":"https:\/\/apuntesdesanluis.com\/index.php\/wp-json\/wp\/v2\/categories?post=21778"},{"taxonomy":"post_tag","embeddable":true,"href":"https:\/\/apuntesdesanluis.com\/index.php\/wp-json\/wp\/v2\/tags?post=21778"}],"curies":[{"name":"wp","href":"https:\/\/api.w.org\/{rel}","templated":true}]}}