{"id":21784,"date":"2024-09-04T21:48:33","date_gmt":"2024-09-05T00:48:33","guid":{"rendered":"https:\/\/apuntesdesanluis.com\/?p=21784"},"modified":"2024-09-04T21:51:56","modified_gmt":"2024-09-05T00:51:56","slug":"comienza-este-jueves-la-4ta-expo-al-futuro-en-la-pedrera","status":"publish","type":"post","link":"https:\/\/apuntesdesanluis.com\/index.php\/2024\/09\/04\/comienza-este-jueves-la-4ta-expo-al-futuro-en-la-pedrera\/","title":{"rendered":"COMIENZA ESTE JUEVES LA 4TA. EXPO AL FUTURO EN LA PEDRERA"},"content":{"rendered":"<h3>La gran feria acad\u00e9mica que organiza la Municipalidad de Villa Mercedes para mostrar toda la oferta de carreras de educaci\u00f3n superior, se desarrollar\u00e1 durante jueves y viernes, con tres ejes: sustentatibilidad, accesibilidad e interactividad.<\/h3>\n<h3>La municipalidad inform\u00f3 que participar\u00e1n 16 instituciones de educaci\u00f3n superior.<\/h3>\n<p><img fetchpriority=\"high\" decoding=\"async\" class=\"wp-image-21786 aligncenter\" src=\"https:\/\/apuntesdesanluis.com\/wp-content\/uploads\/2024\/09\/458420720_828378822815237_3090920149086798911_n-240x300.jpg\" alt=\"\" width=\"568\" height=\"710\" srcset=\"https:\/\/apuntesdesanluis.com\/wp-content\/uploads\/2024\/09\/458420720_828378822815237_3090920149086798911_n-240x300.jpg 240w, https:\/\/apuntesdesanluis.com\/wp-content\/uploads\/2024\/09\/458420720_828378822815237_3090920149086798911_n.jpg 768w\" sizes=\"(max-width: 568px) 100vw, 568px\" \/><\/p>\n<h3>Durante las dos jornadas habr\u00e1 dispuestos m\u00e1s de 100 stands interactivos, con propuestas l\u00fadicas y s\u00faper novedosas que compartir\u00e1n las universidades e instituciones.<\/h3>\n<h3>El municipio colocar\u00e1 estaciones ecol\u00f3gicas donde estar\u00e1 el Punto Verde M\u00f3vil y en el que se podr\u00e1 sumar al intercambio de plantines llevando residuos diferenciados.<\/h3>\n<h3>Tambi\u00e9n habr\u00e1 un aula taller a pleno y en diferentes sectores habr\u00e1 stands deportivos y culturales. Habr\u00e1 dos ingresos para poder llegar desde diferentes puntos de la ciudad.<\/h3>\n<p><img decoding=\"async\" class=\"wp-image-21787 aligncenter\" src=\"https:\/\/apuntesdesanluis.com\/wp-content\/uploads\/2024\/09\/expo-al-futuro-entrada-240x300.jpg\" alt=\"\" width=\"547\" height=\"684\" srcset=\"https:\/\/apuntesdesanluis.com\/wp-content\/uploads\/2024\/09\/expo-al-futuro-entrada-240x300.jpg 240w, https:\/\/apuntesdesanluis.com\/wp-content\/uploads\/2024\/09\/expo-al-futuro-entrada.jpg 600w\" sizes=\"(max-width: 547px) 100vw, 547px\" \/><\/p>\n<h3>Se contar\u00e1 con se\u00f1alizaci\u00f3n en Braille, puntos de Audiogu\u00eda y un puesto informativo del Consejo Municipal de Discapacidad.<\/h3>\n<h3>Tambi\u00e9n habr\u00e1 puntos gastron\u00f3micos y de emprendedores.<\/h3>\n<h3>La 4ta. Expo al Futuro se realizar\u00e1 en el Parque La Pedrera de 10 a 16 h, con entrada libre y gratuita.<\/h3>\n<p>&nbsp;<\/p>\n<h3><strong>VER:\u00a0 <a href=\"https:\/\/apuntesdesanluis.com\/wp-content\/uploads\/2024\/09\/PROGRAMA-EXPO-AL-FUTURO-2024-1.pdf\" target=\"_blank\" rel=\"noopener\"><span style=\"color: #3366ff;\">PROGRAMA<\/span><\/a><\/strong><\/h3>\n<p>&nbsp;<\/p>\n<p>&nbsp;<\/p>\n<p>&nbsp;<\/p>\n<p>&nbsp;<\/p>\n<p>&nbsp;<\/p>\n<p>&nbsp;<\/p>\n","protected":false},"excerpt":{"rendered":"<p>La gran feria acad\u00e9mica que organiza la Municipalidad de Villa Mercedes para mostrar toda la&#8230;<\/p>\n","protected":false},"author":1,"featured_media":21785,"comment_status":"closed","ping_status":"closed","sticky":false,"template":"","format":"standard","meta":{"footnotes":""},"categories":[6],"tags":[],"class_list":["post-21784","post","type-post","status-publish","format-standard","has-post-thumbnail","hentry","category-ciudad-provincia"],"yoast_head":"<!-- This site is optimized with the Yoast SEO plugin v26.1.1 - https:\/\/yoast.com\/wordpress\/plugins\/seo\/ -->\n<title>COMIENZA ESTE JUEVES LA 4TA. EXPO AL FUTURO EN LA PEDRERA - Apuntes de San Luis<\/title>\n<meta name=\"robots\" content=\"index, follow, max-snippet:-1, max-image-preview:large, max-video-preview:-1\" \/>\n<link rel=\"canonical\" href=\"https:\/\/apuntesdesanluis.com\/index.php\/2024\/09\/04\/comienza-este-jueves-la-4ta-expo-al-futuro-en-la-pedrera\/\" \/>\n<meta property=\"og:locale\" content=\"es_ES\" \/>\n<meta property=\"og:type\" content=\"article\" \/>\n<meta property=\"og:title\" content=\"COMIENZA ESTE JUEVES LA 4TA. EXPO AL FUTURO EN LA PEDRERA - Apuntes de San Luis\" \/>\n<meta property=\"og:description\" content=\"La gran feria acad\u00e9mica que organiza la Municipalidad de Villa Mercedes para mostrar toda la...\" \/>\n<meta property=\"og:url\" content=\"https:\/\/apuntesdesanluis.com\/index.php\/2024\/09\/04\/comienza-este-jueves-la-4ta-expo-al-futuro-en-la-pedrera\/\" \/>\n<meta property=\"og:site_name\" content=\"Apuntes de San Luis\" \/>\n<meta property=\"article:published_time\" content=\"2024-09-05T00:48:33+00:00\" \/>\n<meta property=\"article:modified_time\" content=\"2024-09-05T00:51:56+00:00\" \/>\n<meta property=\"og:image\" content=\"https:\/\/apuntesdesanluis.com\/wp-content\/uploads\/2024\/09\/expo-en-la-pedrera.png\" \/>\n\t<meta property=\"og:image:width\" content=\"700\" \/>\n\t<meta property=\"og:image:height\" content=\"421\" \/>\n\t<meta property=\"og:image:type\" content=\"image\/png\" \/>\n<meta name=\"author\" content=\"apuntesdesanluis.com\" \/>\n<meta name=\"twitter:card\" content=\"summary_large_image\" \/>\n<meta name=\"twitter:label1\" content=\"Escrito por\" \/>\n\t<meta name=\"twitter:data1\" content=\"apuntesdesanluis.com\" \/>\n\t<meta name=\"twitter:label2\" content=\"Tiempo de lectura\" \/>\n\t<meta name=\"twitter:data2\" content=\"2 minutos\" \/>\n<script type=\"application\/ld+json\" class=\"yoast-schema-graph\">{\"@context\":\"https:\/\/schema.org\",\"@graph\":[{\"@type\":\"Article\",\"@id\":\"https:\/\/apuntesdesanluis.com\/index.php\/2024\/09\/04\/comienza-este-jueves-la-4ta-expo-al-futuro-en-la-pedrera\/#article\",\"isPartOf\":{\"@id\":\"https:\/\/apuntesdesanluis.com\/index.php\/2024\/09\/04\/comienza-este-jueves-la-4ta-expo-al-futuro-en-la-pedrera\/\"},\"author\":{\"name\":\"apuntesdesanluis.com\",\"@id\":\"https:\/\/apuntesdesanluis.com\/#\/schema\/person\/b55151d52296fcce64d1a72538a70b90\"},\"headline\":\"COMIENZA ESTE JUEVES LA 4TA. EXPO AL FUTURO EN LA PEDRERA\",\"datePublished\":\"2024-09-05T00:48:33+00:00\",\"dateModified\":\"2024-09-05T00:51:56+00:00\",\"mainEntityOfPage\":{\"@id\":\"https:\/\/apuntesdesanluis.com\/index.php\/2024\/09\/04\/comienza-este-jueves-la-4ta-expo-al-futuro-en-la-pedrera\/\"},\"wordCount\":199,\"publisher\":{\"@id\":\"https:\/\/apuntesdesanluis.com\/#\/schema\/person\/b55151d52296fcce64d1a72538a70b90\"},\"image\":{\"@id\":\"https:\/\/apuntesdesanluis.com\/index.php\/2024\/09\/04\/comienza-este-jueves-la-4ta-expo-al-futuro-en-la-pedrera\/#primaryimage\"},\"thumbnailUrl\":\"https:\/\/apuntesdesanluis.com\/wp-content\/uploads\/2024\/09\/expo-en-la-pedrera.png\",\"articleSection\":[\"Ciudad\/Provincia\"],\"inLanguage\":\"es-AR\"},{\"@type\":\"WebPage\",\"@id\":\"https:\/\/apuntesdesanluis.com\/index.php\/2024\/09\/04\/comienza-este-jueves-la-4ta-expo-al-futuro-en-la-pedrera\/\",\"url\":\"https:\/\/apuntesdesanluis.com\/index.php\/2024\/09\/04\/comienza-este-jueves-la-4ta-expo-al-futuro-en-la-pedrera\/\",\"name\":\"COMIENZA ESTE JUEVES LA 4TA. EXPO AL FUTURO EN LA PEDRERA - Apuntes de San Luis\",\"isPartOf\":{\"@id\":\"https:\/\/apuntesdesanluis.com\/#website\"},\"primaryImageOfPage\":{\"@id\":\"https:\/\/apuntesdesanluis.com\/index.php\/2024\/09\/04\/comienza-este-jueves-la-4ta-expo-al-futuro-en-la-pedrera\/#primaryimage\"},\"image\":{\"@id\":\"https:\/\/apuntesdesanluis.com\/index.php\/2024\/09\/04\/comienza-este-jueves-la-4ta-expo-al-futuro-en-la-pedrera\/#primaryimage\"},\"thumbnailUrl\":\"https:\/\/apuntesdesanluis.com\/wp-content\/uploads\/2024\/09\/expo-en-la-pedrera.png\",\"datePublished\":\"2024-09-05T00:48:33+00:00\",\"dateModified\":\"2024-09-05T00:51:56+00:00\",\"breadcrumb\":{\"@id\":\"https:\/\/apuntesdesanluis.com\/index.php\/2024\/09\/04\/comienza-este-jueves-la-4ta-expo-al-futuro-en-la-pedrera\/#breadcrumb\"},\"inLanguage\":\"es-AR\",\"potentialAction\":[{\"@type\":\"ReadAction\",\"target\":[\"https:\/\/apuntesdesanluis.com\/index.php\/2024\/09\/04\/comienza-este-jueves-la-4ta-expo-al-futuro-en-la-pedrera\/\"]}]},{\"@type\":\"ImageObject\",\"inLanguage\":\"es-AR\",\"@id\":\"https:\/\/apuntesdesanluis.com\/index.php\/2024\/09\/04\/comienza-este-jueves-la-4ta-expo-al-futuro-en-la-pedrera\/#primaryimage\",\"url\":\"https:\/\/apuntesdesanluis.com\/wp-content\/uploads\/2024\/09\/expo-en-la-pedrera.png\",\"contentUrl\":\"https:\/\/apuntesdesanluis.com\/wp-content\/uploads\/2024\/09\/expo-en-la-pedrera.png\",\"width\":700,\"height\":421},{\"@type\":\"BreadcrumbList\",\"@id\":\"https:\/\/apuntesdesanluis.com\/index.php\/2024\/09\/04\/comienza-este-jueves-la-4ta-expo-al-futuro-en-la-pedrera\/#breadcrumb\",\"itemListElement\":[{\"@type\":\"ListItem\",\"position\":1,\"name\":\"Inicio\",\"item\":\"https:\/\/apuntesdesanluis.com\/\"},{\"@type\":\"ListItem\",\"position\":2,\"name\":\"COMIENZA ESTE JUEVES LA 4TA. EXPO AL FUTURO EN LA PEDRERA\"}]},{\"@type\":\"WebSite\",\"@id\":\"https:\/\/apuntesdesanluis.com\/#website\",\"url\":\"https:\/\/apuntesdesanluis.com\/\",\"name\":\"Apuntes de San Luis\",\"description\":\"\",\"publisher\":{\"@id\":\"https:\/\/apuntesdesanluis.com\/#\/schema\/person\/b55151d52296fcce64d1a72538a70b90\"},\"potentialAction\":[{\"@type\":\"SearchAction\",\"target\":{\"@type\":\"EntryPoint\",\"urlTemplate\":\"https:\/\/apuntesdesanluis.com\/?s={search_term_string}\"},\"query-input\":{\"@type\":\"PropertyValueSpecification\",\"valueRequired\":true,\"valueName\":\"search_term_string\"}}],\"inLanguage\":\"es-AR\"},{\"@type\":[\"Person\",\"Organization\"],\"@id\":\"https:\/\/apuntesdesanluis.com\/#\/schema\/person\/b55151d52296fcce64d1a72538a70b90\",\"name\":\"apuntesdesanluis.com\",\"image\":{\"@type\":\"ImageObject\",\"inLanguage\":\"es-AR\",\"@id\":\"https:\/\/apuntesdesanluis.com\/#\/schema\/person\/image\/\",\"url\":\"https:\/\/apuntesdesanluis.com\/wp-content\/uploads\/2023\/07\/cropped-apuntesdesanluis.png\",\"contentUrl\":\"https:\/\/apuntesdesanluis.com\/wp-content\/uploads\/2023\/07\/cropped-apuntesdesanluis.png\",\"width\":450,\"height\":112,\"caption\":\"apuntesdesanluis.com\"},\"logo\":{\"@id\":\"https:\/\/apuntesdesanluis.com\/#\/schema\/person\/image\/\"},\"sameAs\":[\"https:\/\/apuntesdesanluis.com\"],\"url\":\"https:\/\/apuntesdesanluis.com\/index.php\/author\/apuntesdesanluis-com\/\"}]}<\/script>\n<!-- \/ Yoast SEO plugin. -->","yoast_head_json":{"title":"COMIENZA ESTE JUEVES LA 4TA. EXPO AL FUTURO EN LA PEDRERA - Apuntes de San Luis","robots":{"index":"index","follow":"follow","max-snippet":"max-snippet:-1","max-image-preview":"max-image-preview:large","max-video-preview":"max-video-preview:-1"},"canonical":"https:\/\/apuntesdesanluis.com\/index.php\/2024\/09\/04\/comienza-este-jueves-la-4ta-expo-al-futuro-en-la-pedrera\/","og_locale":"es_ES","og_type":"article","og_title":"COMIENZA ESTE JUEVES LA 4TA. EXPO AL FUTURO EN LA PEDRERA - Apuntes de San Luis","og_description":"La gran feria acad\u00e9mica que organiza la Municipalidad de Villa Mercedes para mostrar toda la...","og_url":"https:\/\/apuntesdesanluis.com\/index.php\/2024\/09\/04\/comienza-este-jueves-la-4ta-expo-al-futuro-en-la-pedrera\/","og_site_name":"Apuntes de San Luis","article_published_time":"2024-09-05T00:48:33+00:00","article_modified_time":"2024-09-05T00:51:56+00:00","og_image":[{"width":700,"height":421,"url":"https:\/\/apuntesdesanluis.com\/wp-content\/uploads\/2024\/09\/expo-en-la-pedrera.png","type":"image\/png"}],"author":"apuntesdesanluis.com","twitter_card":"summary_large_image","twitter_misc":{"Escrito por":"apuntesdesanluis.com","Tiempo de lectura":"2 minutos"},"schema":{"@context":"https:\/\/schema.org","@graph":[{"@type":"Article","@id":"https:\/\/apuntesdesanluis.com\/index.php\/2024\/09\/04\/comienza-este-jueves-la-4ta-expo-al-futuro-en-la-pedrera\/#article","isPartOf":{"@id":"https:\/\/apuntesdesanluis.com\/index.php\/2024\/09\/04\/comienza-este-jueves-la-4ta-expo-al-futuro-en-la-pedrera\/"},"author":{"name":"apuntesdesanluis.com","@id":"https:\/\/apuntesdesanluis.com\/#\/schema\/person\/b55151d52296fcce64d1a72538a70b90"},"headline":"COMIENZA ESTE JUEVES LA 4TA. EXPO AL FUTURO EN LA PEDRERA","datePublished":"2024-09-05T00:48:33+00:00","dateModified":"2024-09-05T00:51:56+00:00","mainEntityOfPage":{"@id":"https:\/\/apuntesdesanluis.com\/index.php\/2024\/09\/04\/comienza-este-jueves-la-4ta-expo-al-futuro-en-la-pedrera\/"},"wordCount":199,"publisher":{"@id":"https:\/\/apuntesdesanluis.com\/#\/schema\/person\/b55151d52296fcce64d1a72538a70b90"},"image":{"@id":"https:\/\/apuntesdesanluis.com\/index.php\/2024\/09\/04\/comienza-este-jueves-la-4ta-expo-al-futuro-en-la-pedrera\/#primaryimage"},"thumbnailUrl":"https:\/\/apuntesdesanluis.com\/wp-content\/uploads\/2024\/09\/expo-en-la-pedrera.png","articleSection":["Ciudad\/Provincia"],"inLanguage":"es-AR"},{"@type":"WebPage","@id":"https:\/\/apuntesdesanluis.com\/index.php\/2024\/09\/04\/comienza-este-jueves-la-4ta-expo-al-futuro-en-la-pedrera\/","url":"https:\/\/apuntesdesanluis.com\/index.php\/2024\/09\/04\/comienza-este-jueves-la-4ta-expo-al-futuro-en-la-pedrera\/","name":"COMIENZA ESTE JUEVES LA 4TA. EXPO AL FUTURO EN LA PEDRERA - Apuntes de San Luis","isPartOf":{"@id":"https:\/\/apuntesdesanluis.com\/#website"},"primaryImageOfPage":{"@id":"https:\/\/apuntesdesanluis.com\/index.php\/2024\/09\/04\/comienza-este-jueves-la-4ta-expo-al-futuro-en-la-pedrera\/#primaryimage"},"image":{"@id":"https:\/\/apuntesdesanluis.com\/index.php\/2024\/09\/04\/comienza-este-jueves-la-4ta-expo-al-futuro-en-la-pedrera\/#primaryimage"},"thumbnailUrl":"https:\/\/apuntesdesanluis.com\/wp-content\/uploads\/2024\/09\/expo-en-la-pedrera.png","datePublished":"2024-09-05T00:48:33+00:00","dateModified":"2024-09-05T00:51:56+00:00","breadcrumb":{"@id":"https:\/\/apuntesdesanluis.com\/index.php\/2024\/09\/04\/comienza-este-jueves-la-4ta-expo-al-futuro-en-la-pedrera\/#breadcrumb"},"inLanguage":"es-AR","potentialAction":[{"@type":"ReadAction","target":["https:\/\/apuntesdesanluis.com\/index.php\/2024\/09\/04\/comienza-este-jueves-la-4ta-expo-al-futuro-en-la-pedrera\/"]}]},{"@type":"ImageObject","inLanguage":"es-AR","@id":"https:\/\/apuntesdesanluis.com\/index.php\/2024\/09\/04\/comienza-este-jueves-la-4ta-expo-al-futuro-en-la-pedrera\/#primaryimage","url":"https:\/\/apuntesdesanluis.com\/wp-content\/uploads\/2024\/09\/expo-en-la-pedrera.png","contentUrl":"https:\/\/apuntesdesanluis.com\/wp-content\/uploads\/2024\/09\/expo-en-la-pedrera.png","width":700,"height":421},{"@type":"BreadcrumbList","@id":"https:\/\/apuntesdesanluis.com\/index.php\/2024\/09\/04\/comienza-este-jueves-la-4ta-expo-al-futuro-en-la-pedrera\/#breadcrumb","itemListElement":[{"@type":"ListItem","position":1,"name":"Inicio","item":"https:\/\/apuntesdesanluis.com\/"},{"@type":"ListItem","position":2,"name":"COMIENZA ESTE JUEVES LA 4TA. EXPO AL FUTURO EN LA PEDRERA"}]},{"@type":"WebSite","@id":"https:\/\/apuntesdesanluis.com\/#website","url":"https:\/\/apuntesdesanluis.com\/","name":"Apuntes de San Luis","description":"","publisher":{"@id":"https:\/\/apuntesdesanluis.com\/#\/schema\/person\/b55151d52296fcce64d1a72538a70b90"},"potentialAction":[{"@type":"SearchAction","target":{"@type":"EntryPoint","urlTemplate":"https:\/\/apuntesdesanluis.com\/?s={search_term_string}"},"query-input":{"@type":"PropertyValueSpecification","valueRequired":true,"valueName":"search_term_string"}}],"inLanguage":"es-AR"},{"@type":["Person","Organization"],"@id":"https:\/\/apuntesdesanluis.com\/#\/schema\/person\/b55151d52296fcce64d1a72538a70b90","name":"apuntesdesanluis.com","image":{"@type":"ImageObject","inLanguage":"es-AR","@id":"https:\/\/apuntesdesanluis.com\/#\/schema\/person\/image\/","url":"https:\/\/apuntesdesanluis.com\/wp-content\/uploads\/2023\/07\/cropped-apuntesdesanluis.png","contentUrl":"https:\/\/apuntesdesanluis.com\/wp-content\/uploads\/2023\/07\/cropped-apuntesdesanluis.png","width":450,"height":112,"caption":"apuntesdesanluis.com"},"logo":{"@id":"https:\/\/apuntesdesanluis.com\/#\/schema\/person\/image\/"},"sameAs":["https:\/\/apuntesdesanluis.com"],"url":"https:\/\/apuntesdesanluis.com\/index.php\/author\/apuntesdesanluis-com\/"}]}},"featured_image_urls":{"full":["https:\/\/apuntesdesanluis.com\/wp-content\/uploads\/2024\/09\/expo-en-la-pedrera.png",700,421,false],"thumbnail":["https:\/\/apuntesdesanluis.com\/wp-content\/uploads\/2024\/09\/expo-en-la-pedrera-150x150.png",150,150,true],"medium":["https:\/\/apuntesdesanluis.com\/wp-content\/uploads\/2024\/09\/expo-en-la-pedrera-300x180.png",300,180,true],"medium_large":["https:\/\/apuntesdesanluis.com\/wp-content\/uploads\/2024\/09\/expo-en-la-pedrera.png",640,385,false],"large":["https:\/\/apuntesdesanluis.com\/wp-content\/uploads\/2024\/09\/expo-en-la-pedrera.png",640,385,false],"1536x1536":["https:\/\/apuntesdesanluis.com\/wp-content\/uploads\/2024\/09\/expo-en-la-pedrera.png",700,421,false],"2048x2048":["https:\/\/apuntesdesanluis.com\/wp-content\/uploads\/2024\/09\/expo-en-la-pedrera.png",700,421,false],"newsever-slider-full":["https:\/\/apuntesdesanluis.com\/wp-content\/uploads\/2024\/09\/expo-en-la-pedrera.png",700,421,false],"newsever-featured":["https:\/\/apuntesdesanluis.com\/wp-content\/uploads\/2024\/09\/expo-en-la-pedrera.png",700,421,false],"newsever-medium":["https:\/\/apuntesdesanluis.com\/wp-content\/uploads\/2024\/09\/expo-en-la-pedrera.png",700,421,false]},"author_info":{"display_name":"apuntesdesanluis.com","author_link":"https:\/\/apuntesdesanluis.com\/index.php\/author\/apuntesdesanluis-com\/"},"category_info":"<a href=\"https:\/\/apuntesdesanluis.com\/index.php\/category\/ciudad-provincia\/\" rel=\"category tag\">Ciudad\/Provincia<\/a>","tag_info":"Ciudad\/Provincia","comment_count":"0","_links":{"self":[{"href":"https:\/\/apuntesdesanluis.com\/index.php\/wp-json\/wp\/v2\/posts\/21784","targetHints":{"allow":["GET"]}}],"collection":[{"href":"https:\/\/apuntesdesanluis.com\/index.php\/wp-json\/wp\/v2\/posts"}],"about":[{"href":"https:\/\/apuntesdesanluis.com\/index.php\/wp-json\/wp\/v2\/types\/post"}],"author":[{"embeddable":true,"href":"https:\/\/apuntesdesanluis.com\/index.php\/wp-json\/wp\/v2\/users\/1"}],"replies":[{"embeddable":true,"href":"https:\/\/apuntesdesanluis.com\/index.php\/wp-json\/wp\/v2\/comments?post=21784"}],"version-history":[{"count":5,"href":"https:\/\/apuntesdesanluis.com\/index.php\/wp-json\/wp\/v2\/posts\/21784\/revisions"}],"predecessor-version":[{"id":21793,"href":"https:\/\/apuntesdesanluis.com\/index.php\/wp-json\/wp\/v2\/posts\/21784\/revisions\/21793"}],"wp:featuredmedia":[{"embeddable":true,"href":"https:\/\/apuntesdesanluis.com\/index.php\/wp-json\/wp\/v2\/media\/21785"}],"wp:attachment":[{"href":"https:\/\/apuntesdesanluis.com\/index.php\/wp-json\/wp\/v2\/media?parent=21784"}],"wp:term":[{"taxonomy":"category","embeddable":true,"href":"https:\/\/apuntesdesanluis.com\/index.php\/wp-json\/wp\/v2\/categories?post=21784"},{"taxonomy":"post_tag","embeddable":true,"href":"https:\/\/apuntesdesanluis.com\/index.php\/wp-json\/wp\/v2\/tags?post=21784"}],"curies":[{"name":"wp","href":"https:\/\/api.w.org\/{rel}","templated":true}]}}