{"id":21794,"date":"2024-09-04T22:44:13","date_gmt":"2024-09-05T01:44:13","guid":{"rendered":"https:\/\/apuntesdesanluis.com\/?p=21794"},"modified":"2024-09-04T22:44:13","modified_gmt":"2024-09-05T01:44:13","slug":"la-vacuna-argentina-arvac-en-el-podio-mundial-uno-de-los-cientificos-creadores-fue-premiado-en-estados-unidos","status":"publish","type":"post","link":"https:\/\/apuntesdesanluis.com\/index.php\/2024\/09\/04\/la-vacuna-argentina-arvac-en-el-podio-mundial-uno-de-los-cientificos-creadores-fue-premiado-en-estados-unidos\/","title":{"rendered":"LA VACUNA ARGENTINA ARVAC EN EL PODIO MUNDIAL: UNO DE LOS CIENT\u00cdFICOS CREADORES FUE PREMIADO EN ESTADOS UNIDOS"},"content":{"rendered":"<h3><strong>Juan Manuel Rodr\u00edguez<\/strong>, jefe del \u00c1rea de I+D en Biof\u00e1rmacos del Laboratorio Pablo Cassar\u00e1, recibi\u00f3 el Premio a la Investigaci\u00f3n en Vacunas en la Conferencia sobre Salud Mundial del Am\u00e9ricas 2024. Los detalles del desarrollo del primer inoculante argentino contra el COVID-19.<\/h3>\n<h3>La ciencia argentina recibi\u00f3 un nuevo reconocimiento mundial. Desde el Laboratorio Pablo Cassar\u00e1, Juan Manuel Rodr\u00edguez, quien lidera el equipo de tecnolog\u00eda por el desarrollo de la vacuna ARVAC y es jefe del \u00c1rea de I+D en Biof\u00e1rmacos del Laboratorio Pablo Cassar\u00e1, recibi\u00f3 el Premio a la Investigaci\u00f3n en Vacunas en la Conferencia sobre Salud Mundial del Am\u00e9ricas 2024, que se llev\u00f3 a cabo en Florida, Estados Unidos.<\/h3>\n<h3>Se trata de uno de los cient\u00edficos creadores de la vacuna ARVAC Cecilia Grierson contra el COVID-19 que, junto al CONICET y a la Universidad Nacional de San Mart\u00edn (UNSAM), lograron ser reconocidos a nivel mundial por desarrollar el primer inoculante argentino contra el SARS-CoV-2. Una innovaci\u00f3n que fue premiada ante expertos de todo el globo en un congreso internacional.<\/h3>\n<h3>El evento, organizado por el Consorcio de Salud Mundial y el Departamento de Salud Global de la Facultad de Salud P\u00fablica y Trabajo Social Robert Stempel, de la Universidad Internacional de Florida (FUI, por sus siglas en ingl\u00e9s), busca premiar plataformas innovadoras y colaborativas para el intercambio de conocimientos y la creaci\u00f3n de capacidades.<\/h3>\n<h3><img fetchpriority=\"high\" decoding=\"async\" class=\"wp-image-21796 aligncenter\" src=\"https:\/\/apuntesdesanluis.com\/wp-content\/uploads\/2024\/09\/arvac-1-300x209.png\" alt=\"\" width=\"660\" height=\"460\" srcset=\"https:\/\/apuntesdesanluis.com\/wp-content\/uploads\/2024\/09\/arvac-1-300x209.png 300w, https:\/\/apuntesdesanluis.com\/wp-content\/uploads\/2024\/09\/arvac-1.png 593w\" sizes=\"(max-width: 660px) 100vw, 660px\" \/><\/h3>\n<h4 style=\"text-align: center;\"><em>ARVAC, la primera vacuna desarrollada \u00edntegramente en Argentina, estar\u00e1 disponible en farmacias de todo el pa\u00eds.<\/em><\/h4>\n<h3>La Universidad Internacional de Florida (FIU) ha sido destacada como la mejor universidad del estado de Florida, seg\u00fan el Washington Monthly. En su Gu\u00eda y Clasificaci\u00f3n Universitaria anual, esta instituci\u00f3n se posiciona tambi\u00e9n en el tercer lugar a nivel nacional entre las mejores universidades p\u00fablicas de Estados Unidos. Este reconocimiento pone de relieve no solo su excelencia en la investigaci\u00f3n, sino tambi\u00e9n los esfuerzos para garantizar el \u00e9xito estudiantil, especialmente entre aquellos provenientes de or\u00edgenes diversos.<\/h3>\n<h3>En relaci\u00f3n al desarrollo del cient\u00edfico argentino, explicaron los organizadores: \u201cSu distinguido trabajo se destac\u00f3 entre muchas presentaciones excepcionales, y nos sentimos honrados de reconocer su contribuci\u00f3n al campo\u201d.<\/h3>\n<h3>Rodr\u00edguez subi\u00f3 al escenario y agradeci\u00f3 a los organizadores del evento la distinci\u00f3n al afirmar: \u201cEs un honor para m\u00ed estar aqu\u00ed. He preparado unas palabras para expresar el significado de este reconocimiento a este proyecto creado por varias instituciones argentinas que han contribuido al mismo. Me gustar\u00eda expresar mi sincero agradecimiento a la Universidad Internacional de Florida, al distinguido miembro del jurado y a los organizadores de esta Conferencia de Salud Global de las Am\u00e9ricas\u201d.<\/h3>\n<h3>Y agreg\u00f3: \u201cTengo el privilegio de trabajar como biotecn\u00f3logo en una de las pocas empresas de la regi\u00f3n que tiene la capacidad tecnol\u00f3gica para desarrollar y fabricar vacunas\u201d.<\/h3>\n<p><img decoding=\"async\" class=\"wp-image-21797 aligncenter\" src=\"https:\/\/apuntesdesanluis.com\/wp-content\/uploads\/2024\/09\/arvac-2-300x173.png\" alt=\"\" width=\"668\" height=\"385\" srcset=\"https:\/\/apuntesdesanluis.com\/wp-content\/uploads\/2024\/09\/arvac-2-300x173.png 300w, https:\/\/apuntesdesanluis.com\/wp-content\/uploads\/2024\/09\/arvac-2.png 700w\" sizes=\"(max-width: 668px) 100vw, 668px\" \/><\/p>\n<h3>\u201cDesde el inicio en el apartado de clonaci\u00f3n hasta la formulaci\u00f3n final del producto, se ha tenido en cuenta el desarrollo completo de una vacuna contra el COVID-19, incluyendo todas las etapas de investigaci\u00f3n: la prueba de concepto, los estudios de seguridad en animales, la fase uno, la fase dos y la fase tres, basadas en tecnolog\u00eda de prote\u00ednas recombinantes, que se desarrollar\u00e1n plenamente en Argentina. Actualmente, la vacuna est\u00e1 disponible en las farmacias de mi pa\u00eds\u201d, sostuvo Rodr\u00edguez.<\/h3>\n<h3>Y finaliz\u00f3: \u201cMi contribuci\u00f3n espec\u00edfica a este proyecto p\u00fablico &#8211; privado, consisti\u00f3 en adaptar una idea de investigaci\u00f3n para vincular el desarrollo transferible y factible de industrializarse como una biotecnolog\u00eda. Adem\u00e1s, del proceso de fabricaci\u00f3n y el est\u00e1ndar de buenas pr\u00e1cticas. Las tecnolog\u00edas desarrolladas permiten la adaptaci\u00f3n anual de la vacuna a las nuevas dos variantes circulantes, siguiendo las recomendaciones de la OMS y sumando las ventajas de una tecnolog\u00eda segura con m\u00e1s de 30 a\u00f1os de uso y un excelente historial de tolerancia\u201d.<\/h3>\n<h3><\/h3>\n<h3><\/h3>\n<h3><\/h3>\n<p>&nbsp;<\/p>\n<p>&nbsp;<\/p>\n","protected":false},"excerpt":{"rendered":"<p>Juan Manuel Rodr\u00edguez, jefe del \u00c1rea de I+D en Biof\u00e1rmacos del Laboratorio Pablo Cassar\u00e1, recibi\u00f3&#8230;<\/p>\n","protected":false},"author":1,"featured_media":21795,"comment_status":"closed","ping_status":"closed","sticky":false,"template":"","format":"standard","meta":{"footnotes":""},"categories":[5],"tags":[],"class_list":["post-21794","post","type-post","status-publish","format-standard","has-post-thumbnail","hentry","category-nacionales-internacionales"],"yoast_head":"<!-- This site is optimized with the Yoast SEO plugin v26.1.1 - https:\/\/yoast.com\/wordpress\/plugins\/seo\/ -->\n<title>LA VACUNA ARGENTINA ARVAC EN EL PODIO MUNDIAL: UNO DE LOS CIENT\u00cdFICOS CREADORES FUE PREMIADO EN ESTADOS UNIDOS - Apuntes de San Luis<\/title>\n<meta name=\"robots\" content=\"index, follow, max-snippet:-1, max-image-preview:large, max-video-preview:-1\" \/>\n<link rel=\"canonical\" href=\"https:\/\/apuntesdesanluis.com\/index.php\/2024\/09\/04\/la-vacuna-argentina-arvac-en-el-podio-mundial-uno-de-los-cientificos-creadores-fue-premiado-en-estados-unidos\/\" \/>\n<meta property=\"og:locale\" content=\"es_ES\" \/>\n<meta property=\"og:type\" content=\"article\" \/>\n<meta property=\"og:title\" content=\"LA VACUNA ARGENTINA ARVAC EN EL PODIO MUNDIAL: UNO DE LOS CIENT\u00cdFICOS CREADORES FUE PREMIADO EN ESTADOS UNIDOS - Apuntes de San Luis\" \/>\n<meta property=\"og:description\" content=\"Juan Manuel Rodr\u00edguez, jefe del \u00c1rea de I+D en Biof\u00e1rmacos del Laboratorio Pablo Cassar\u00e1, recibi\u00f3...\" \/>\n<meta property=\"og:url\" content=\"https:\/\/apuntesdesanluis.com\/index.php\/2024\/09\/04\/la-vacuna-argentina-arvac-en-el-podio-mundial-uno-de-los-cientificos-creadores-fue-premiado-en-estados-unidos\/\" \/>\n<meta property=\"og:site_name\" content=\"Apuntes de San Luis\" \/>\n<meta property=\"article:published_time\" content=\"2024-09-05T01:44:13+00:00\" \/>\n<meta property=\"og:image\" content=\"https:\/\/apuntesdesanluis.com\/wp-content\/uploads\/2024\/09\/cientificos-premiados.png\" \/>\n\t<meta property=\"og:image:width\" content=\"774\" \/>\n\t<meta property=\"og:image:height\" content=\"495\" \/>\n\t<meta property=\"og:image:type\" content=\"image\/png\" \/>\n<meta name=\"author\" content=\"apuntesdesanluis.com\" \/>\n<meta name=\"twitter:card\" content=\"summary_large_image\" \/>\n<meta name=\"twitter:label1\" content=\"Escrito por\" \/>\n\t<meta name=\"twitter:data1\" content=\"apuntesdesanluis.com\" \/>\n\t<meta name=\"twitter:label2\" content=\"Tiempo de lectura\" \/>\n\t<meta name=\"twitter:data2\" content=\"4 minutos\" \/>\n<script type=\"application\/ld+json\" class=\"yoast-schema-graph\">{\"@context\":\"https:\/\/schema.org\",\"@graph\":[{\"@type\":\"Article\",\"@id\":\"https:\/\/apuntesdesanluis.com\/index.php\/2024\/09\/04\/la-vacuna-argentina-arvac-en-el-podio-mundial-uno-de-los-cientificos-creadores-fue-premiado-en-estados-unidos\/#article\",\"isPartOf\":{\"@id\":\"https:\/\/apuntesdesanluis.com\/index.php\/2024\/09\/04\/la-vacuna-argentina-arvac-en-el-podio-mundial-uno-de-los-cientificos-creadores-fue-premiado-en-estados-unidos\/\"},\"author\":{\"name\":\"apuntesdesanluis.com\",\"@id\":\"https:\/\/apuntesdesanluis.com\/#\/schema\/person\/b55151d52296fcce64d1a72538a70b90\"},\"headline\":\"LA VACUNA ARGENTINA ARVAC EN EL PODIO MUNDIAL: UNO DE LOS CIENT\u00cdFICOS CREADORES FUE PREMIADO EN ESTADOS UNIDOS\",\"datePublished\":\"2024-09-05T01:44:13+00:00\",\"mainEntityOfPage\":{\"@id\":\"https:\/\/apuntesdesanluis.com\/index.php\/2024\/09\/04\/la-vacuna-argentina-arvac-en-el-podio-mundial-uno-de-los-cientificos-creadores-fue-premiado-en-estados-unidos\/\"},\"wordCount\":689,\"publisher\":{\"@id\":\"https:\/\/apuntesdesanluis.com\/#\/schema\/person\/b55151d52296fcce64d1a72538a70b90\"},\"image\":{\"@id\":\"https:\/\/apuntesdesanluis.com\/index.php\/2024\/09\/04\/la-vacuna-argentina-arvac-en-el-podio-mundial-uno-de-los-cientificos-creadores-fue-premiado-en-estados-unidos\/#primaryimage\"},\"thumbnailUrl\":\"https:\/\/apuntesdesanluis.com\/wp-content\/uploads\/2024\/09\/cientificos-premiados.png\",\"articleSection\":[\"Nacionales\/Internacionales\"],\"inLanguage\":\"es-AR\"},{\"@type\":\"WebPage\",\"@id\":\"https:\/\/apuntesdesanluis.com\/index.php\/2024\/09\/04\/la-vacuna-argentina-arvac-en-el-podio-mundial-uno-de-los-cientificos-creadores-fue-premiado-en-estados-unidos\/\",\"url\":\"https:\/\/apuntesdesanluis.com\/index.php\/2024\/09\/04\/la-vacuna-argentina-arvac-en-el-podio-mundial-uno-de-los-cientificos-creadores-fue-premiado-en-estados-unidos\/\",\"name\":\"LA VACUNA ARGENTINA ARVAC EN EL PODIO MUNDIAL: UNO DE LOS CIENT\u00cdFICOS CREADORES FUE PREMIADO EN ESTADOS UNIDOS - Apuntes de San Luis\",\"isPartOf\":{\"@id\":\"https:\/\/apuntesdesanluis.com\/#website\"},\"primaryImageOfPage\":{\"@id\":\"https:\/\/apuntesdesanluis.com\/index.php\/2024\/09\/04\/la-vacuna-argentina-arvac-en-el-podio-mundial-uno-de-los-cientificos-creadores-fue-premiado-en-estados-unidos\/#primaryimage\"},\"image\":{\"@id\":\"https:\/\/apuntesdesanluis.com\/index.php\/2024\/09\/04\/la-vacuna-argentina-arvac-en-el-podio-mundial-uno-de-los-cientificos-creadores-fue-premiado-en-estados-unidos\/#primaryimage\"},\"thumbnailUrl\":\"https:\/\/apuntesdesanluis.com\/wp-content\/uploads\/2024\/09\/cientificos-premiados.png\",\"datePublished\":\"2024-09-05T01:44:13+00:00\",\"breadcrumb\":{\"@id\":\"https:\/\/apuntesdesanluis.com\/index.php\/2024\/09\/04\/la-vacuna-argentina-arvac-en-el-podio-mundial-uno-de-los-cientificos-creadores-fue-premiado-en-estados-unidos\/#breadcrumb\"},\"inLanguage\":\"es-AR\",\"potentialAction\":[{\"@type\":\"ReadAction\",\"target\":[\"https:\/\/apuntesdesanluis.com\/index.php\/2024\/09\/04\/la-vacuna-argentina-arvac-en-el-podio-mundial-uno-de-los-cientificos-creadores-fue-premiado-en-estados-unidos\/\"]}]},{\"@type\":\"ImageObject\",\"inLanguage\":\"es-AR\",\"@id\":\"https:\/\/apuntesdesanluis.com\/index.php\/2024\/09\/04\/la-vacuna-argentina-arvac-en-el-podio-mundial-uno-de-los-cientificos-creadores-fue-premiado-en-estados-unidos\/#primaryimage\",\"url\":\"https:\/\/apuntesdesanluis.com\/wp-content\/uploads\/2024\/09\/cientificos-premiados.png\",\"contentUrl\":\"https:\/\/apuntesdesanluis.com\/wp-content\/uploads\/2024\/09\/cientificos-premiados.png\",\"width\":774,\"height\":495},{\"@type\":\"BreadcrumbList\",\"@id\":\"https:\/\/apuntesdesanluis.com\/index.php\/2024\/09\/04\/la-vacuna-argentina-arvac-en-el-podio-mundial-uno-de-los-cientificos-creadores-fue-premiado-en-estados-unidos\/#breadcrumb\",\"itemListElement\":[{\"@type\":\"ListItem\",\"position\":1,\"name\":\"Inicio\",\"item\":\"https:\/\/apuntesdesanluis.com\/\"},{\"@type\":\"ListItem\",\"position\":2,\"name\":\"LA VACUNA ARGENTINA ARVAC EN EL PODIO MUNDIAL: UNO DE LOS CIENT\u00cdFICOS CREADORES FUE PREMIADO EN ESTADOS UNIDOS\"}]},{\"@type\":\"WebSite\",\"@id\":\"https:\/\/apuntesdesanluis.com\/#website\",\"url\":\"https:\/\/apuntesdesanluis.com\/\",\"name\":\"Apuntes de San Luis\",\"description\":\"\",\"publisher\":{\"@id\":\"https:\/\/apuntesdesanluis.com\/#\/schema\/person\/b55151d52296fcce64d1a72538a70b90\"},\"potentialAction\":[{\"@type\":\"SearchAction\",\"target\":{\"@type\":\"EntryPoint\",\"urlTemplate\":\"https:\/\/apuntesdesanluis.com\/?s={search_term_string}\"},\"query-input\":{\"@type\":\"PropertyValueSpecification\",\"valueRequired\":true,\"valueName\":\"search_term_string\"}}],\"inLanguage\":\"es-AR\"},{\"@type\":[\"Person\",\"Organization\"],\"@id\":\"https:\/\/apuntesdesanluis.com\/#\/schema\/person\/b55151d52296fcce64d1a72538a70b90\",\"name\":\"apuntesdesanluis.com\",\"image\":{\"@type\":\"ImageObject\",\"inLanguage\":\"es-AR\",\"@id\":\"https:\/\/apuntesdesanluis.com\/#\/schema\/person\/image\/\",\"url\":\"https:\/\/apuntesdesanluis.com\/wp-content\/uploads\/2023\/07\/cropped-apuntesdesanluis.png\",\"contentUrl\":\"https:\/\/apuntesdesanluis.com\/wp-content\/uploads\/2023\/07\/cropped-apuntesdesanluis.png\",\"width\":450,\"height\":112,\"caption\":\"apuntesdesanluis.com\"},\"logo\":{\"@id\":\"https:\/\/apuntesdesanluis.com\/#\/schema\/person\/image\/\"},\"sameAs\":[\"https:\/\/apuntesdesanluis.com\"],\"url\":\"https:\/\/apuntesdesanluis.com\/index.php\/author\/apuntesdesanluis-com\/\"}]}<\/script>\n<!-- \/ Yoast SEO plugin. -->","yoast_head_json":{"title":"LA VACUNA ARGENTINA ARVAC EN EL PODIO MUNDIAL: UNO DE LOS CIENT\u00cdFICOS CREADORES FUE PREMIADO EN ESTADOS UNIDOS - Apuntes de San Luis","robots":{"index":"index","follow":"follow","max-snippet":"max-snippet:-1","max-image-preview":"max-image-preview:large","max-video-preview":"max-video-preview:-1"},"canonical":"https:\/\/apuntesdesanluis.com\/index.php\/2024\/09\/04\/la-vacuna-argentina-arvac-en-el-podio-mundial-uno-de-los-cientificos-creadores-fue-premiado-en-estados-unidos\/","og_locale":"es_ES","og_type":"article","og_title":"LA VACUNA ARGENTINA ARVAC EN EL PODIO MUNDIAL: UNO DE LOS CIENT\u00cdFICOS CREADORES FUE PREMIADO EN ESTADOS UNIDOS - Apuntes de San Luis","og_description":"Juan Manuel Rodr\u00edguez, jefe del \u00c1rea de I+D en Biof\u00e1rmacos del Laboratorio Pablo Cassar\u00e1, recibi\u00f3...","og_url":"https:\/\/apuntesdesanluis.com\/index.php\/2024\/09\/04\/la-vacuna-argentina-arvac-en-el-podio-mundial-uno-de-los-cientificos-creadores-fue-premiado-en-estados-unidos\/","og_site_name":"Apuntes de San Luis","article_published_time":"2024-09-05T01:44:13+00:00","og_image":[{"width":774,"height":495,"url":"https:\/\/apuntesdesanluis.com\/wp-content\/uploads\/2024\/09\/cientificos-premiados.png","type":"image\/png"}],"author":"apuntesdesanluis.com","twitter_card":"summary_large_image","twitter_misc":{"Escrito por":"apuntesdesanluis.com","Tiempo de lectura":"4 minutos"},"schema":{"@context":"https:\/\/schema.org","@graph":[{"@type":"Article","@id":"https:\/\/apuntesdesanluis.com\/index.php\/2024\/09\/04\/la-vacuna-argentina-arvac-en-el-podio-mundial-uno-de-los-cientificos-creadores-fue-premiado-en-estados-unidos\/#article","isPartOf":{"@id":"https:\/\/apuntesdesanluis.com\/index.php\/2024\/09\/04\/la-vacuna-argentina-arvac-en-el-podio-mundial-uno-de-los-cientificos-creadores-fue-premiado-en-estados-unidos\/"},"author":{"name":"apuntesdesanluis.com","@id":"https:\/\/apuntesdesanluis.com\/#\/schema\/person\/b55151d52296fcce64d1a72538a70b90"},"headline":"LA VACUNA ARGENTINA ARVAC EN EL PODIO MUNDIAL: UNO DE LOS CIENT\u00cdFICOS CREADORES FUE PREMIADO EN ESTADOS UNIDOS","datePublished":"2024-09-05T01:44:13+00:00","mainEntityOfPage":{"@id":"https:\/\/apuntesdesanluis.com\/index.php\/2024\/09\/04\/la-vacuna-argentina-arvac-en-el-podio-mundial-uno-de-los-cientificos-creadores-fue-premiado-en-estados-unidos\/"},"wordCount":689,"publisher":{"@id":"https:\/\/apuntesdesanluis.com\/#\/schema\/person\/b55151d52296fcce64d1a72538a70b90"},"image":{"@id":"https:\/\/apuntesdesanluis.com\/index.php\/2024\/09\/04\/la-vacuna-argentina-arvac-en-el-podio-mundial-uno-de-los-cientificos-creadores-fue-premiado-en-estados-unidos\/#primaryimage"},"thumbnailUrl":"https:\/\/apuntesdesanluis.com\/wp-content\/uploads\/2024\/09\/cientificos-premiados.png","articleSection":["Nacionales\/Internacionales"],"inLanguage":"es-AR"},{"@type":"WebPage","@id":"https:\/\/apuntesdesanluis.com\/index.php\/2024\/09\/04\/la-vacuna-argentina-arvac-en-el-podio-mundial-uno-de-los-cientificos-creadores-fue-premiado-en-estados-unidos\/","url":"https:\/\/apuntesdesanluis.com\/index.php\/2024\/09\/04\/la-vacuna-argentina-arvac-en-el-podio-mundial-uno-de-los-cientificos-creadores-fue-premiado-en-estados-unidos\/","name":"LA VACUNA ARGENTINA ARVAC EN EL PODIO MUNDIAL: UNO DE LOS CIENT\u00cdFICOS CREADORES FUE PREMIADO EN ESTADOS UNIDOS - Apuntes de San Luis","isPartOf":{"@id":"https:\/\/apuntesdesanluis.com\/#website"},"primaryImageOfPage":{"@id":"https:\/\/apuntesdesanluis.com\/index.php\/2024\/09\/04\/la-vacuna-argentina-arvac-en-el-podio-mundial-uno-de-los-cientificos-creadores-fue-premiado-en-estados-unidos\/#primaryimage"},"image":{"@id":"https:\/\/apuntesdesanluis.com\/index.php\/2024\/09\/04\/la-vacuna-argentina-arvac-en-el-podio-mundial-uno-de-los-cientificos-creadores-fue-premiado-en-estados-unidos\/#primaryimage"},"thumbnailUrl":"https:\/\/apuntesdesanluis.com\/wp-content\/uploads\/2024\/09\/cientificos-premiados.png","datePublished":"2024-09-05T01:44:13+00:00","breadcrumb":{"@id":"https:\/\/apuntesdesanluis.com\/index.php\/2024\/09\/04\/la-vacuna-argentina-arvac-en-el-podio-mundial-uno-de-los-cientificos-creadores-fue-premiado-en-estados-unidos\/#breadcrumb"},"inLanguage":"es-AR","potentialAction":[{"@type":"ReadAction","target":["https:\/\/apuntesdesanluis.com\/index.php\/2024\/09\/04\/la-vacuna-argentina-arvac-en-el-podio-mundial-uno-de-los-cientificos-creadores-fue-premiado-en-estados-unidos\/"]}]},{"@type":"ImageObject","inLanguage":"es-AR","@id":"https:\/\/apuntesdesanluis.com\/index.php\/2024\/09\/04\/la-vacuna-argentina-arvac-en-el-podio-mundial-uno-de-los-cientificos-creadores-fue-premiado-en-estados-unidos\/#primaryimage","url":"https:\/\/apuntesdesanluis.com\/wp-content\/uploads\/2024\/09\/cientificos-premiados.png","contentUrl":"https:\/\/apuntesdesanluis.com\/wp-content\/uploads\/2024\/09\/cientificos-premiados.png","width":774,"height":495},{"@type":"BreadcrumbList","@id":"https:\/\/apuntesdesanluis.com\/index.php\/2024\/09\/04\/la-vacuna-argentina-arvac-en-el-podio-mundial-uno-de-los-cientificos-creadores-fue-premiado-en-estados-unidos\/#breadcrumb","itemListElement":[{"@type":"ListItem","position":1,"name":"Inicio","item":"https:\/\/apuntesdesanluis.com\/"},{"@type":"ListItem","position":2,"name":"LA VACUNA ARGENTINA ARVAC EN EL PODIO MUNDIAL: UNO DE LOS CIENT\u00cdFICOS CREADORES FUE PREMIADO EN ESTADOS UNIDOS"}]},{"@type":"WebSite","@id":"https:\/\/apuntesdesanluis.com\/#website","url":"https:\/\/apuntesdesanluis.com\/","name":"Apuntes de San Luis","description":"","publisher":{"@id":"https:\/\/apuntesdesanluis.com\/#\/schema\/person\/b55151d52296fcce64d1a72538a70b90"},"potentialAction":[{"@type":"SearchAction","target":{"@type":"EntryPoint","urlTemplate":"https:\/\/apuntesdesanluis.com\/?s={search_term_string}"},"query-input":{"@type":"PropertyValueSpecification","valueRequired":true,"valueName":"search_term_string"}}],"inLanguage":"es-AR"},{"@type":["Person","Organization"],"@id":"https:\/\/apuntesdesanluis.com\/#\/schema\/person\/b55151d52296fcce64d1a72538a70b90","name":"apuntesdesanluis.com","image":{"@type":"ImageObject","inLanguage":"es-AR","@id":"https:\/\/apuntesdesanluis.com\/#\/schema\/person\/image\/","url":"https:\/\/apuntesdesanluis.com\/wp-content\/uploads\/2023\/07\/cropped-apuntesdesanluis.png","contentUrl":"https:\/\/apuntesdesanluis.com\/wp-content\/uploads\/2023\/07\/cropped-apuntesdesanluis.png","width":450,"height":112,"caption":"apuntesdesanluis.com"},"logo":{"@id":"https:\/\/apuntesdesanluis.com\/#\/schema\/person\/image\/"},"sameAs":["https:\/\/apuntesdesanluis.com"],"url":"https:\/\/apuntesdesanluis.com\/index.php\/author\/apuntesdesanluis-com\/"}]}},"featured_image_urls":{"full":["https:\/\/apuntesdesanluis.com\/wp-content\/uploads\/2024\/09\/cientificos-premiados.png",774,495,false],"thumbnail":["https:\/\/apuntesdesanluis.com\/wp-content\/uploads\/2024\/09\/cientificos-premiados-150x150.png",150,150,true],"medium":["https:\/\/apuntesdesanluis.com\/wp-content\/uploads\/2024\/09\/cientificos-premiados-300x192.png",300,192,true],"medium_large":["https:\/\/apuntesdesanluis.com\/wp-content\/uploads\/2024\/09\/cientificos-premiados-768x491.png",640,409,true],"large":["https:\/\/apuntesdesanluis.com\/wp-content\/uploads\/2024\/09\/cientificos-premiados.png",640,409,false],"1536x1536":["https:\/\/apuntesdesanluis.com\/wp-content\/uploads\/2024\/09\/cientificos-premiados.png",774,495,false],"2048x2048":["https:\/\/apuntesdesanluis.com\/wp-content\/uploads\/2024\/09\/cientificos-premiados.png",774,495,false],"newsever-slider-full":["https:\/\/apuntesdesanluis.com\/wp-content\/uploads\/2024\/09\/cientificos-premiados.png",774,495,false],"newsever-featured":["https:\/\/apuntesdesanluis.com\/wp-content\/uploads\/2024\/09\/cientificos-premiados.png",774,495,false],"newsever-medium":["https:\/\/apuntesdesanluis.com\/wp-content\/uploads\/2024\/09\/cientificos-premiados-720x475.png",720,475,true]},"author_info":{"display_name":"apuntesdesanluis.com","author_link":"https:\/\/apuntesdesanluis.com\/index.php\/author\/apuntesdesanluis-com\/"},"category_info":"<a href=\"https:\/\/apuntesdesanluis.com\/index.php\/category\/nacionales-internacionales\/\" rel=\"category tag\">Nacionales\/Internacionales<\/a>","tag_info":"Nacionales\/Internacionales","comment_count":"0","_links":{"self":[{"href":"https:\/\/apuntesdesanluis.com\/index.php\/wp-json\/wp\/v2\/posts\/21794","targetHints":{"allow":["GET"]}}],"collection":[{"href":"https:\/\/apuntesdesanluis.com\/index.php\/wp-json\/wp\/v2\/posts"}],"about":[{"href":"https:\/\/apuntesdesanluis.com\/index.php\/wp-json\/wp\/v2\/types\/post"}],"author":[{"embeddable":true,"href":"https:\/\/apuntesdesanluis.com\/index.php\/wp-json\/wp\/v2\/users\/1"}],"replies":[{"embeddable":true,"href":"https:\/\/apuntesdesanluis.com\/index.php\/wp-json\/wp\/v2\/comments?post=21794"}],"version-history":[{"count":1,"href":"https:\/\/apuntesdesanluis.com\/index.php\/wp-json\/wp\/v2\/posts\/21794\/revisions"}],"predecessor-version":[{"id":21798,"href":"https:\/\/apuntesdesanluis.com\/index.php\/wp-json\/wp\/v2\/posts\/21794\/revisions\/21798"}],"wp:featuredmedia":[{"embeddable":true,"href":"https:\/\/apuntesdesanluis.com\/index.php\/wp-json\/wp\/v2\/media\/21795"}],"wp:attachment":[{"href":"https:\/\/apuntesdesanluis.com\/index.php\/wp-json\/wp\/v2\/media?parent=21794"}],"wp:term":[{"taxonomy":"category","embeddable":true,"href":"https:\/\/apuntesdesanluis.com\/index.php\/wp-json\/wp\/v2\/categories?post=21794"},{"taxonomy":"post_tag","embeddable":true,"href":"https:\/\/apuntesdesanluis.com\/index.php\/wp-json\/wp\/v2\/tags?post=21794"}],"curies":[{"name":"wp","href":"https:\/\/api.w.org\/{rel}","templated":true}]}}