{"id":21814,"date":"2024-09-05T17:07:21","date_gmt":"2024-09-05T20:07:21","guid":{"rendered":"https:\/\/apuntesdesanluis.com\/?p=21814"},"modified":"2024-09-05T17:07:21","modified_gmt":"2024-09-05T20:07:21","slug":"el-gobierno-afirmo-que-la-coparticipacion-federal-volvio-a-caer","status":"publish","type":"post","link":"https:\/\/apuntesdesanluis.com\/index.php\/2024\/09\/05\/el-gobierno-afirmo-que-la-coparticipacion-federal-volvio-a-caer\/","title":{"rendered":"EL GOBIERNO AFIRM\u00d3 QUE LA COPARTICIPACI\u00d3N FEDERAL VOLVI\u00d3 A CAER"},"content":{"rendered":"<h3><strong>Eugenia Sosa Herrera<\/strong>, directora de Finanzas y Recursos, inform\u00f3 que en agosto San Luis recibi\u00f3 un 19% menos de recursos en t\u00e9rminos reales, una tendencia que se da por s\u00e9ptimo mes consecutivo.<\/h3>\n<h3>\u201cLa realidad es que la Provincia tiene que adaptarse porque esta es una situaci\u00f3n que nosotros no definimos. La provincia no puede maniobrar en un contexto macroecon\u00f3mico porque es a nivel nacional, pero siempre tiene que tomar medidas, agarrar el guante y tratar de adoptar decisiones estableciendo prioridades\u201d, coment\u00f3, al referirse a una nueva ca\u00edda en los fondos de coparticipaci\u00f3n que San Luis recibe de Naci\u00f3n.<\/h3>\n<h3>En agosto, la baja fue de un 19% y acumula un negativo del 13% total en los \u00faltimos ocho meses, que se traducen en miles de millones menos para el ejercicio del Gobierno local.<\/h3>\n<h3>\u201cSi tomamos mes a mes y todo lo transcurrido en estos ocho meses vemos que siete de ellos presentan una evoluci\u00f3n real negativa. Solamente tuvimos un mes positivo, que se debi\u00f3 a causas excepcionales por los vencimientos de ganancias de las empresas que cerraban el ejercicio en diciembre\u201d, record\u00f3 Sosa Herrera en conferencia de prensa.<\/h3>\n<p><iframe title=\"Eugenia Sosa Herrera   Directora de Finanzas y Recursos\" width=\"640\" height=\"360\" src=\"https:\/\/www.youtube.com\/embed\/tA6C_GLOKqc?feature=oembed\" frameborder=\"0\" allow=\"accelerometer; autoplay; clipboard-write; encrypted-media; gyroscope; picture-in-picture; web-share\" referrerpolicy=\"strict-origin-when-cross-origin\" allowfullscreen><\/iframe><\/p>\n<h3>La funcionaria explic\u00f3 que el 80% de los recursos provinciales dependen de Naci\u00f3n y que San Luis, al margen de su participaci\u00f3n en la Comisi\u00f3n Federal de Impuestos, no tiene injerencia en la macroeconom\u00eda y en los factores que originan la ca\u00edda de recursos. \u201cLo que tenemos que hacer es acomodarnos a ese nivel de recursos e ir tomando medidas que permitan paliar esta situaci\u00f3n, donde el escenario macroecon\u00f3mico sigue siendo de crisis, de niveles de movimiento econ\u00f3mico bajo, de recesi\u00f3n, entonces hay una ca\u00edda de la actividad econ\u00f3mica y en consecuencia por supuesto cae la recaudaci\u00f3n de los impuestos, principalmente IVA y Ganancias, impuestos que representan m\u00e1s de la mitad de los tributos que recauda AFIP\u201d.<\/h3>\n<h3>Y luego detall\u00f3: \u201cEl 50% de lo que recibimos en un mes queda directamente afectado a sueldos y transferencias relacionadas con salarios. Si a eso le sumamos las transferencias por coparticipaci\u00f3n destinadas a beneficios sociales tenemos ocupados dos tercios de esos ingresos: lo que entr\u00f3 se fue autom\u00e1ticamente, por as\u00ed decirlo, y queda solo un tercio de esos recursos para funcionar. Luego tenemos que pagar los gastos de combustible para ambulancias y patrulleros, comprar medicamentos, pagar la energ\u00eda de las escuelas. Queda un resto para poder hacer mantenimientos de hospitales, escuelas y un saldo para obras p\u00fablicas, que son las que se est\u00e1 tratando de impulsar y mantener en ejecuci\u00f3n\u201d.<\/h3>\n<h3>Como un efecto domin\u00f3, la ca\u00edda de la coparticipaci\u00f3n a nivel nacional afecta directamente tambi\u00e9n a los municipios y se suma al hecho de que, en San Luis, la recaudaci\u00f3n tambi\u00e9n cay\u00f3 en un orden de 13% o 14%.<\/h3>\n<p>&nbsp;<\/p>\n<p>&nbsp;<\/p>\n<p>&nbsp;<\/p>\n","protected":false},"excerpt":{"rendered":"<p>Eugenia Sosa Herrera, directora de Finanzas y Recursos, inform\u00f3 que en agosto San Luis recibi\u00f3&#8230;<\/p>\n","protected":false},"author":1,"featured_media":21815,"comment_status":"closed","ping_status":"closed","sticky":false,"template":"","format":"standard","meta":{"footnotes":""},"categories":[6],"tags":[],"class_list":["post-21814","post","type-post","status-publish","format-standard","has-post-thumbnail","hentry","category-ciudad-provincia"],"yoast_head":"<!-- This site is optimized with the Yoast SEO plugin v26.1.1 - https:\/\/yoast.com\/wordpress\/plugins\/seo\/ -->\n<title>EL GOBIERNO AFIRM\u00d3 QUE LA COPARTICIPACI\u00d3N FEDERAL VOLVI\u00d3 A CAER - Apuntes de San Luis<\/title>\n<meta name=\"robots\" content=\"index, follow, max-snippet:-1, max-image-preview:large, max-video-preview:-1\" \/>\n<link rel=\"canonical\" href=\"https:\/\/apuntesdesanluis.com\/index.php\/2024\/09\/05\/el-gobierno-afirmo-que-la-coparticipacion-federal-volvio-a-caer\/\" \/>\n<meta property=\"og:locale\" content=\"es_ES\" \/>\n<meta property=\"og:type\" content=\"article\" \/>\n<meta property=\"og:title\" content=\"EL GOBIERNO AFIRM\u00d3 QUE LA COPARTICIPACI\u00d3N FEDERAL VOLVI\u00d3 A CAER - Apuntes de San Luis\" \/>\n<meta property=\"og:description\" content=\"Eugenia Sosa Herrera, directora de Finanzas y Recursos, inform\u00f3 que en agosto San Luis recibi\u00f3...\" \/>\n<meta property=\"og:url\" content=\"https:\/\/apuntesdesanluis.com\/index.php\/2024\/09\/05\/el-gobierno-afirmo-que-la-coparticipacion-federal-volvio-a-caer\/\" \/>\n<meta property=\"og:site_name\" content=\"Apuntes de San Luis\" \/>\n<meta property=\"article:published_time\" content=\"2024-09-05T20:07:21+00:00\" \/>\n<meta property=\"og:image\" content=\"https:\/\/apuntesdesanluis.com\/wp-content\/uploads\/2024\/09\/EUGENIA-SOSA.png\" \/>\n\t<meta property=\"og:image:width\" content=\"700\" \/>\n\t<meta property=\"og:image:height\" content=\"455\" \/>\n\t<meta property=\"og:image:type\" content=\"image\/png\" \/>\n<meta name=\"author\" content=\"apuntesdesanluis.com\" \/>\n<meta name=\"twitter:card\" content=\"summary_large_image\" \/>\n<meta name=\"twitter:label1\" content=\"Escrito por\" \/>\n\t<meta name=\"twitter:data1\" content=\"apuntesdesanluis.com\" \/>\n\t<meta name=\"twitter:label2\" content=\"Tiempo de lectura\" \/>\n\t<meta name=\"twitter:data2\" content=\"3 minutos\" \/>\n<script type=\"application\/ld+json\" class=\"yoast-schema-graph\">{\"@context\":\"https:\/\/schema.org\",\"@graph\":[{\"@type\":\"Article\",\"@id\":\"https:\/\/apuntesdesanluis.com\/index.php\/2024\/09\/05\/el-gobierno-afirmo-que-la-coparticipacion-federal-volvio-a-caer\/#article\",\"isPartOf\":{\"@id\":\"https:\/\/apuntesdesanluis.com\/index.php\/2024\/09\/05\/el-gobierno-afirmo-que-la-coparticipacion-federal-volvio-a-caer\/\"},\"author\":{\"name\":\"apuntesdesanluis.com\",\"@id\":\"https:\/\/apuntesdesanluis.com\/#\/schema\/person\/b55151d52296fcce64d1a72538a70b90\"},\"headline\":\"EL GOBIERNO AFIRM\u00d3 QUE LA COPARTICIPACI\u00d3N FEDERAL VOLVI\u00d3 A CAER\",\"datePublished\":\"2024-09-05T20:07:21+00:00\",\"mainEntityOfPage\":{\"@id\":\"https:\/\/apuntesdesanluis.com\/index.php\/2024\/09\/05\/el-gobierno-afirmo-que-la-coparticipacion-federal-volvio-a-caer\/\"},\"wordCount\":499,\"publisher\":{\"@id\":\"https:\/\/apuntesdesanluis.com\/#\/schema\/person\/b55151d52296fcce64d1a72538a70b90\"},\"image\":{\"@id\":\"https:\/\/apuntesdesanluis.com\/index.php\/2024\/09\/05\/el-gobierno-afirmo-que-la-coparticipacion-federal-volvio-a-caer\/#primaryimage\"},\"thumbnailUrl\":\"https:\/\/apuntesdesanluis.com\/wp-content\/uploads\/2024\/09\/EUGENIA-SOSA.png\",\"articleSection\":[\"Ciudad\/Provincia\"],\"inLanguage\":\"es-AR\"},{\"@type\":\"WebPage\",\"@id\":\"https:\/\/apuntesdesanluis.com\/index.php\/2024\/09\/05\/el-gobierno-afirmo-que-la-coparticipacion-federal-volvio-a-caer\/\",\"url\":\"https:\/\/apuntesdesanluis.com\/index.php\/2024\/09\/05\/el-gobierno-afirmo-que-la-coparticipacion-federal-volvio-a-caer\/\",\"name\":\"EL GOBIERNO AFIRM\u00d3 QUE LA COPARTICIPACI\u00d3N FEDERAL VOLVI\u00d3 A CAER - Apuntes de San Luis\",\"isPartOf\":{\"@id\":\"https:\/\/apuntesdesanluis.com\/#website\"},\"primaryImageOfPage\":{\"@id\":\"https:\/\/apuntesdesanluis.com\/index.php\/2024\/09\/05\/el-gobierno-afirmo-que-la-coparticipacion-federal-volvio-a-caer\/#primaryimage\"},\"image\":{\"@id\":\"https:\/\/apuntesdesanluis.com\/index.php\/2024\/09\/05\/el-gobierno-afirmo-que-la-coparticipacion-federal-volvio-a-caer\/#primaryimage\"},\"thumbnailUrl\":\"https:\/\/apuntesdesanluis.com\/wp-content\/uploads\/2024\/09\/EUGENIA-SOSA.png\",\"datePublished\":\"2024-09-05T20:07:21+00:00\",\"breadcrumb\":{\"@id\":\"https:\/\/apuntesdesanluis.com\/index.php\/2024\/09\/05\/el-gobierno-afirmo-que-la-coparticipacion-federal-volvio-a-caer\/#breadcrumb\"},\"inLanguage\":\"es-AR\",\"potentialAction\":[{\"@type\":\"ReadAction\",\"target\":[\"https:\/\/apuntesdesanluis.com\/index.php\/2024\/09\/05\/el-gobierno-afirmo-que-la-coparticipacion-federal-volvio-a-caer\/\"]}]},{\"@type\":\"ImageObject\",\"inLanguage\":\"es-AR\",\"@id\":\"https:\/\/apuntesdesanluis.com\/index.php\/2024\/09\/05\/el-gobierno-afirmo-que-la-coparticipacion-federal-volvio-a-caer\/#primaryimage\",\"url\":\"https:\/\/apuntesdesanluis.com\/wp-content\/uploads\/2024\/09\/EUGENIA-SOSA.png\",\"contentUrl\":\"https:\/\/apuntesdesanluis.com\/wp-content\/uploads\/2024\/09\/EUGENIA-SOSA.png\",\"width\":700,\"height\":455},{\"@type\":\"BreadcrumbList\",\"@id\":\"https:\/\/apuntesdesanluis.com\/index.php\/2024\/09\/05\/el-gobierno-afirmo-que-la-coparticipacion-federal-volvio-a-caer\/#breadcrumb\",\"itemListElement\":[{\"@type\":\"ListItem\",\"position\":1,\"name\":\"Inicio\",\"item\":\"https:\/\/apuntesdesanluis.com\/\"},{\"@type\":\"ListItem\",\"position\":2,\"name\":\"EL GOBIERNO AFIRM\u00d3 QUE LA COPARTICIPACI\u00d3N FEDERAL VOLVI\u00d3 A CAER\"}]},{\"@type\":\"WebSite\",\"@id\":\"https:\/\/apuntesdesanluis.com\/#website\",\"url\":\"https:\/\/apuntesdesanluis.com\/\",\"name\":\"Apuntes de San Luis\",\"description\":\"\",\"publisher\":{\"@id\":\"https:\/\/apuntesdesanluis.com\/#\/schema\/person\/b55151d52296fcce64d1a72538a70b90\"},\"potentialAction\":[{\"@type\":\"SearchAction\",\"target\":{\"@type\":\"EntryPoint\",\"urlTemplate\":\"https:\/\/apuntesdesanluis.com\/?s={search_term_string}\"},\"query-input\":{\"@type\":\"PropertyValueSpecification\",\"valueRequired\":true,\"valueName\":\"search_term_string\"}}],\"inLanguage\":\"es-AR\"},{\"@type\":[\"Person\",\"Organization\"],\"@id\":\"https:\/\/apuntesdesanluis.com\/#\/schema\/person\/b55151d52296fcce64d1a72538a70b90\",\"name\":\"apuntesdesanluis.com\",\"image\":{\"@type\":\"ImageObject\",\"inLanguage\":\"es-AR\",\"@id\":\"https:\/\/apuntesdesanluis.com\/#\/schema\/person\/image\/\",\"url\":\"https:\/\/apuntesdesanluis.com\/wp-content\/uploads\/2023\/07\/cropped-apuntesdesanluis.png\",\"contentUrl\":\"https:\/\/apuntesdesanluis.com\/wp-content\/uploads\/2023\/07\/cropped-apuntesdesanluis.png\",\"width\":450,\"height\":112,\"caption\":\"apuntesdesanluis.com\"},\"logo\":{\"@id\":\"https:\/\/apuntesdesanluis.com\/#\/schema\/person\/image\/\"},\"sameAs\":[\"https:\/\/apuntesdesanluis.com\"],\"url\":\"https:\/\/apuntesdesanluis.com\/index.php\/author\/apuntesdesanluis-com\/\"}]}<\/script>\n<!-- \/ Yoast SEO plugin. -->","yoast_head_json":{"title":"EL GOBIERNO AFIRM\u00d3 QUE LA COPARTICIPACI\u00d3N FEDERAL VOLVI\u00d3 A CAER - Apuntes de San Luis","robots":{"index":"index","follow":"follow","max-snippet":"max-snippet:-1","max-image-preview":"max-image-preview:large","max-video-preview":"max-video-preview:-1"},"canonical":"https:\/\/apuntesdesanluis.com\/index.php\/2024\/09\/05\/el-gobierno-afirmo-que-la-coparticipacion-federal-volvio-a-caer\/","og_locale":"es_ES","og_type":"article","og_title":"EL GOBIERNO AFIRM\u00d3 QUE LA COPARTICIPACI\u00d3N FEDERAL VOLVI\u00d3 A CAER - Apuntes de San Luis","og_description":"Eugenia Sosa Herrera, directora de Finanzas y Recursos, inform\u00f3 que en agosto San Luis recibi\u00f3...","og_url":"https:\/\/apuntesdesanluis.com\/index.php\/2024\/09\/05\/el-gobierno-afirmo-que-la-coparticipacion-federal-volvio-a-caer\/","og_site_name":"Apuntes de San Luis","article_published_time":"2024-09-05T20:07:21+00:00","og_image":[{"width":700,"height":455,"url":"https:\/\/apuntesdesanluis.com\/wp-content\/uploads\/2024\/09\/EUGENIA-SOSA.png","type":"image\/png"}],"author":"apuntesdesanluis.com","twitter_card":"summary_large_image","twitter_misc":{"Escrito por":"apuntesdesanluis.com","Tiempo de lectura":"3 minutos"},"schema":{"@context":"https:\/\/schema.org","@graph":[{"@type":"Article","@id":"https:\/\/apuntesdesanluis.com\/index.php\/2024\/09\/05\/el-gobierno-afirmo-que-la-coparticipacion-federal-volvio-a-caer\/#article","isPartOf":{"@id":"https:\/\/apuntesdesanluis.com\/index.php\/2024\/09\/05\/el-gobierno-afirmo-que-la-coparticipacion-federal-volvio-a-caer\/"},"author":{"name":"apuntesdesanluis.com","@id":"https:\/\/apuntesdesanluis.com\/#\/schema\/person\/b55151d52296fcce64d1a72538a70b90"},"headline":"EL GOBIERNO AFIRM\u00d3 QUE LA COPARTICIPACI\u00d3N FEDERAL VOLVI\u00d3 A CAER","datePublished":"2024-09-05T20:07:21+00:00","mainEntityOfPage":{"@id":"https:\/\/apuntesdesanluis.com\/index.php\/2024\/09\/05\/el-gobierno-afirmo-que-la-coparticipacion-federal-volvio-a-caer\/"},"wordCount":499,"publisher":{"@id":"https:\/\/apuntesdesanluis.com\/#\/schema\/person\/b55151d52296fcce64d1a72538a70b90"},"image":{"@id":"https:\/\/apuntesdesanluis.com\/index.php\/2024\/09\/05\/el-gobierno-afirmo-que-la-coparticipacion-federal-volvio-a-caer\/#primaryimage"},"thumbnailUrl":"https:\/\/apuntesdesanluis.com\/wp-content\/uploads\/2024\/09\/EUGENIA-SOSA.png","articleSection":["Ciudad\/Provincia"],"inLanguage":"es-AR"},{"@type":"WebPage","@id":"https:\/\/apuntesdesanluis.com\/index.php\/2024\/09\/05\/el-gobierno-afirmo-que-la-coparticipacion-federal-volvio-a-caer\/","url":"https:\/\/apuntesdesanluis.com\/index.php\/2024\/09\/05\/el-gobierno-afirmo-que-la-coparticipacion-federal-volvio-a-caer\/","name":"EL GOBIERNO AFIRM\u00d3 QUE LA COPARTICIPACI\u00d3N FEDERAL VOLVI\u00d3 A CAER - Apuntes de San Luis","isPartOf":{"@id":"https:\/\/apuntesdesanluis.com\/#website"},"primaryImageOfPage":{"@id":"https:\/\/apuntesdesanluis.com\/index.php\/2024\/09\/05\/el-gobierno-afirmo-que-la-coparticipacion-federal-volvio-a-caer\/#primaryimage"},"image":{"@id":"https:\/\/apuntesdesanluis.com\/index.php\/2024\/09\/05\/el-gobierno-afirmo-que-la-coparticipacion-federal-volvio-a-caer\/#primaryimage"},"thumbnailUrl":"https:\/\/apuntesdesanluis.com\/wp-content\/uploads\/2024\/09\/EUGENIA-SOSA.png","datePublished":"2024-09-05T20:07:21+00:00","breadcrumb":{"@id":"https:\/\/apuntesdesanluis.com\/index.php\/2024\/09\/05\/el-gobierno-afirmo-que-la-coparticipacion-federal-volvio-a-caer\/#breadcrumb"},"inLanguage":"es-AR","potentialAction":[{"@type":"ReadAction","target":["https:\/\/apuntesdesanluis.com\/index.php\/2024\/09\/05\/el-gobierno-afirmo-que-la-coparticipacion-federal-volvio-a-caer\/"]}]},{"@type":"ImageObject","inLanguage":"es-AR","@id":"https:\/\/apuntesdesanluis.com\/index.php\/2024\/09\/05\/el-gobierno-afirmo-que-la-coparticipacion-federal-volvio-a-caer\/#primaryimage","url":"https:\/\/apuntesdesanluis.com\/wp-content\/uploads\/2024\/09\/EUGENIA-SOSA.png","contentUrl":"https:\/\/apuntesdesanluis.com\/wp-content\/uploads\/2024\/09\/EUGENIA-SOSA.png","width":700,"height":455},{"@type":"BreadcrumbList","@id":"https:\/\/apuntesdesanluis.com\/index.php\/2024\/09\/05\/el-gobierno-afirmo-que-la-coparticipacion-federal-volvio-a-caer\/#breadcrumb","itemListElement":[{"@type":"ListItem","position":1,"name":"Inicio","item":"https:\/\/apuntesdesanluis.com\/"},{"@type":"ListItem","position":2,"name":"EL GOBIERNO AFIRM\u00d3 QUE LA COPARTICIPACI\u00d3N FEDERAL VOLVI\u00d3 A CAER"}]},{"@type":"WebSite","@id":"https:\/\/apuntesdesanluis.com\/#website","url":"https:\/\/apuntesdesanluis.com\/","name":"Apuntes de San Luis","description":"","publisher":{"@id":"https:\/\/apuntesdesanluis.com\/#\/schema\/person\/b55151d52296fcce64d1a72538a70b90"},"potentialAction":[{"@type":"SearchAction","target":{"@type":"EntryPoint","urlTemplate":"https:\/\/apuntesdesanluis.com\/?s={search_term_string}"},"query-input":{"@type":"PropertyValueSpecification","valueRequired":true,"valueName":"search_term_string"}}],"inLanguage":"es-AR"},{"@type":["Person","Organization"],"@id":"https:\/\/apuntesdesanluis.com\/#\/schema\/person\/b55151d52296fcce64d1a72538a70b90","name":"apuntesdesanluis.com","image":{"@type":"ImageObject","inLanguage":"es-AR","@id":"https:\/\/apuntesdesanluis.com\/#\/schema\/person\/image\/","url":"https:\/\/apuntesdesanluis.com\/wp-content\/uploads\/2023\/07\/cropped-apuntesdesanluis.png","contentUrl":"https:\/\/apuntesdesanluis.com\/wp-content\/uploads\/2023\/07\/cropped-apuntesdesanluis.png","width":450,"height":112,"caption":"apuntesdesanluis.com"},"logo":{"@id":"https:\/\/apuntesdesanluis.com\/#\/schema\/person\/image\/"},"sameAs":["https:\/\/apuntesdesanluis.com"],"url":"https:\/\/apuntesdesanluis.com\/index.php\/author\/apuntesdesanluis-com\/"}]}},"featured_image_urls":{"full":["https:\/\/apuntesdesanluis.com\/wp-content\/uploads\/2024\/09\/EUGENIA-SOSA.png",700,455,false],"thumbnail":["https:\/\/apuntesdesanluis.com\/wp-content\/uploads\/2024\/09\/EUGENIA-SOSA-150x150.png",150,150,true],"medium":["https:\/\/apuntesdesanluis.com\/wp-content\/uploads\/2024\/09\/EUGENIA-SOSA-300x195.png",300,195,true],"medium_large":["https:\/\/apuntesdesanluis.com\/wp-content\/uploads\/2024\/09\/EUGENIA-SOSA.png",640,416,false],"large":["https:\/\/apuntesdesanluis.com\/wp-content\/uploads\/2024\/09\/EUGENIA-SOSA.png",640,416,false],"1536x1536":["https:\/\/apuntesdesanluis.com\/wp-content\/uploads\/2024\/09\/EUGENIA-SOSA.png",700,455,false],"2048x2048":["https:\/\/apuntesdesanluis.com\/wp-content\/uploads\/2024\/09\/EUGENIA-SOSA.png",700,455,false],"newsever-slider-full":["https:\/\/apuntesdesanluis.com\/wp-content\/uploads\/2024\/09\/EUGENIA-SOSA.png",700,455,false],"newsever-featured":["https:\/\/apuntesdesanluis.com\/wp-content\/uploads\/2024\/09\/EUGENIA-SOSA.png",700,455,false],"newsever-medium":["https:\/\/apuntesdesanluis.com\/wp-content\/uploads\/2024\/09\/EUGENIA-SOSA.png",700,455,false]},"author_info":{"display_name":"apuntesdesanluis.com","author_link":"https:\/\/apuntesdesanluis.com\/index.php\/author\/apuntesdesanluis-com\/"},"category_info":"<a href=\"https:\/\/apuntesdesanluis.com\/index.php\/category\/ciudad-provincia\/\" rel=\"category tag\">Ciudad\/Provincia<\/a>","tag_info":"Ciudad\/Provincia","comment_count":"0","_links":{"self":[{"href":"https:\/\/apuntesdesanluis.com\/index.php\/wp-json\/wp\/v2\/posts\/21814","targetHints":{"allow":["GET"]}}],"collection":[{"href":"https:\/\/apuntesdesanluis.com\/index.php\/wp-json\/wp\/v2\/posts"}],"about":[{"href":"https:\/\/apuntesdesanluis.com\/index.php\/wp-json\/wp\/v2\/types\/post"}],"author":[{"embeddable":true,"href":"https:\/\/apuntesdesanluis.com\/index.php\/wp-json\/wp\/v2\/users\/1"}],"replies":[{"embeddable":true,"href":"https:\/\/apuntesdesanluis.com\/index.php\/wp-json\/wp\/v2\/comments?post=21814"}],"version-history":[{"count":1,"href":"https:\/\/apuntesdesanluis.com\/index.php\/wp-json\/wp\/v2\/posts\/21814\/revisions"}],"predecessor-version":[{"id":21816,"href":"https:\/\/apuntesdesanluis.com\/index.php\/wp-json\/wp\/v2\/posts\/21814\/revisions\/21816"}],"wp:featuredmedia":[{"embeddable":true,"href":"https:\/\/apuntesdesanluis.com\/index.php\/wp-json\/wp\/v2\/media\/21815"}],"wp:attachment":[{"href":"https:\/\/apuntesdesanluis.com\/index.php\/wp-json\/wp\/v2\/media?parent=21814"}],"wp:term":[{"taxonomy":"category","embeddable":true,"href":"https:\/\/apuntesdesanluis.com\/index.php\/wp-json\/wp\/v2\/categories?post=21814"},{"taxonomy":"post_tag","embeddable":true,"href":"https:\/\/apuntesdesanluis.com\/index.php\/wp-json\/wp\/v2\/tags?post=21814"}],"curies":[{"name":"wp","href":"https:\/\/api.w.org\/{rel}","templated":true}]}}