{"id":21820,"date":"2024-09-05T19:20:41","date_gmt":"2024-09-05T22:20:41","guid":{"rendered":"https:\/\/apuntesdesanluis.com\/?p=21820"},"modified":"2024-09-05T19:20:41","modified_gmt":"2024-09-05T22:20:41","slug":"efectivos-de-la-policia-salvaron-a-una-nina-de-3-anos-que-se-ahogo-con-un-caramelo","status":"publish","type":"post","link":"https:\/\/apuntesdesanluis.com\/index.php\/2024\/09\/05\/efectivos-de-la-policia-salvaron-a-una-nina-de-3-anos-que-se-ahogo-con-un-caramelo\/","title":{"rendered":"EFECTIVOS DE LA POLIC\u00cdA SALVARON A UNA NI\u00d1A DE 3 A\u00d1OS QUE SE AHOG\u00d3 CON UN CARAMELO"},"content":{"rendered":"<h3>El oficial principal Juan Moreno y el cabo primero Armando Valenzuela, quienes se desempe\u00f1an en la guardia de Casa de Gobierno, le practicaron maniobras de reanimaci\u00f3n a la nena, que se hab\u00eda ahogado con un caramelo.<\/h3>\n<h3>Este mi\u00e9rcoles por la tarde, un hombre se present\u00f3 en su veh\u00edculo particular en el puesto N\u00b01 de Casa de Gobierno. Solicitaba de manera desesperada el auxilio del personal policial, ya que su hija de 3 a\u00f1os se hab\u00eda ahogado al ingerir un caramelo.<\/h3>\n<p><img fetchpriority=\"high\" decoding=\"async\" class=\"wp-image-21822 aligncenter\" src=\"https:\/\/apuntesdesanluis.com\/wp-content\/uploads\/2024\/09\/GARITA-300x164.png\" alt=\"\" width=\"543\" height=\"297\" srcset=\"https:\/\/apuntesdesanluis.com\/wp-content\/uploads\/2024\/09\/GARITA-300x164.png 300w, https:\/\/apuntesdesanluis.com\/wp-content\/uploads\/2024\/09\/GARITA.png 700w\" sizes=\"(max-width: 543px) 100vw, 543px\" \/><\/p>\n<h3>De manera inmediata, el oficial principal Juan Moreno y el cabo primero Armando Valenzuela, que dependen de la direcci\u00f3n General Protecci\u00f3n Ejecutiva, aplicaron sus conocimientos en primeros auxilios y realizaron la maniobra de Heimlich a la ni\u00f1a y lograron liberar sus v\u00edas respiratorias y reanimarla. Posteriormente solicitaron una ambulancia, pero el padre decidi\u00f3 trasladar a la nena en su veh\u00edculo hacia el Hospital Central \u2018Doctor Ram\u00f3n Carrillo\u2019.<\/h3>\n<h3>Tras tomar conocimiento del hecho, el jefe de la Polic\u00eda de San Luis, comisario general (RV) Pablo Vieytes, recibi\u00f3 este jueves a los efectivos, quienes estuvieron acompa\u00f1ados por el oficial de servicio de la guardia, comisario Jorge Espinace. La Jefatura de Polic\u00eda emiti\u00f3 una resoluci\u00f3n mediante la cual reconoci\u00f3 y felicit\u00f3 a los dos polic\u00edas, destacando el accionar que llevaron a cabo ante esa situaci\u00f3n. Dicha resoluci\u00f3n ser\u00e1 incorporada al legajo personal de ambos polic\u00edas.<\/h3>\n<h3><img decoding=\"async\" class=\"wp-image-21823 aligncenter\" src=\"https:\/\/apuntesdesanluis.com\/wp-content\/uploads\/2024\/09\/POLICIAS-300x204.png\" alt=\"\" width=\"562\" height=\"382\" srcset=\"https:\/\/apuntesdesanluis.com\/wp-content\/uploads\/2024\/09\/POLICIAS-300x204.png 300w, https:\/\/apuntesdesanluis.com\/wp-content\/uploads\/2024\/09\/POLICIAS.png 700w\" sizes=\"(max-width: 562px) 100vw, 562px\" \/><\/h3>\n<h4 style=\"text-align: center;\"><em>El oficial principal Juan Moreno y a su lado, el cabo primero Armando Valenzuela.<\/em><em>\u00a0<\/em><\/h4>\n<h3>\u201cEstas acciones son dignas de destacar y merecen el reconocimiento porque van m\u00e1s all\u00e1 de la funci\u00f3n policial. El acto de salvar una vida nace de uno mismo, y a ustedes les naci\u00f3\u201d, les dijo el comisario general Vieytes a los efectivos durante el encuentro. Y agreg\u00f3: \u201cDesde la Polic\u00eda de la Provincia reconocemos y felicitamos este accionar. Nos llena de orgullo, emoci\u00f3n y satisfacci\u00f3n el sentido humano que hay dentro de nuestras filas\u201d.<\/h3>\n<h3>Con respecto al hecho, el oficial principal Moreno coment\u00f3: \u201cCuando el padre de la ni\u00f1a se acerc\u00f3 hasta el puesto a pedirnos ayuda, lo primero que hicimos fue constatar si ella estaba respirando y luego realizamos la maniobra para poder reanimarla\u201d. \u201cVimos mucha desesperaci\u00f3n por parte del pap\u00e1 de la nena debido a la situaci\u00f3n, pero pudimos tranquilizarlo e hicimos la reanimaci\u00f3n con calma, tal como lo aprendimos a trav\u00e9s de distintas capacitaciones. De esa manera logramos que la ni\u00f1a volviera en s\u00ed. Adem\u00e1s, le brindamos contenci\u00f3n al padre tras el momento\u201d, sum\u00f3 Valenzuela.<\/h3>\n<p>&nbsp;<\/p>\n<p>&nbsp;<\/p>\n<p>&nbsp;<\/p>\n","protected":false},"excerpt":{"rendered":"<p>El oficial principal Juan Moreno y el cabo primero Armando Valenzuela, quienes se desempe\u00f1an en&#8230;<\/p>\n","protected":false},"author":1,"featured_media":21821,"comment_status":"closed","ping_status":"closed","sticky":false,"template":"","format":"standard","meta":{"footnotes":""},"categories":[6],"tags":[],"class_list":["post-21820","post","type-post","status-publish","format-standard","has-post-thumbnail","hentry","category-ciudad-provincia"],"yoast_head":"<!-- This site is optimized with the Yoast SEO plugin v26.1.1 - https:\/\/yoast.com\/wordpress\/plugins\/seo\/ -->\n<title>EFECTIVOS DE LA POLIC\u00cdA SALVARON A UNA NI\u00d1A DE 3 A\u00d1OS QUE SE AHOG\u00d3 CON UN CARAMELO - Apuntes de San Luis<\/title>\n<meta name=\"robots\" content=\"index, follow, max-snippet:-1, max-image-preview:large, max-video-preview:-1\" \/>\n<link rel=\"canonical\" href=\"https:\/\/apuntesdesanluis.com\/index.php\/2024\/09\/05\/efectivos-de-la-policia-salvaron-a-una-nina-de-3-anos-que-se-ahogo-con-un-caramelo\/\" \/>\n<meta property=\"og:locale\" content=\"es_ES\" \/>\n<meta property=\"og:type\" content=\"article\" \/>\n<meta property=\"og:title\" content=\"EFECTIVOS DE LA POLIC\u00cdA SALVARON A UNA NI\u00d1A DE 3 A\u00d1OS QUE SE AHOG\u00d3 CON UN CARAMELO - Apuntes de San Luis\" \/>\n<meta property=\"og:description\" content=\"El oficial principal Juan Moreno y el cabo primero Armando Valenzuela, quienes se desempe\u00f1an en...\" \/>\n<meta property=\"og:url\" content=\"https:\/\/apuntesdesanluis.com\/index.php\/2024\/09\/05\/efectivos-de-la-policia-salvaron-a-una-nina-de-3-anos-que-se-ahogo-con-un-caramelo\/\" \/>\n<meta property=\"og:site_name\" content=\"Apuntes de San Luis\" \/>\n<meta property=\"article:published_time\" content=\"2024-09-05T22:20:41+00:00\" \/>\n<meta property=\"og:image\" content=\"https:\/\/apuntesdesanluis.com\/wp-content\/uploads\/2024\/09\/EFECTIVOS.png\" \/>\n\t<meta property=\"og:image:width\" content=\"551\" \/>\n\t<meta property=\"og:image:height\" content=\"313\" \/>\n\t<meta property=\"og:image:type\" content=\"image\/png\" \/>\n<meta name=\"author\" content=\"apuntesdesanluis.com\" \/>\n<meta name=\"twitter:card\" content=\"summary_large_image\" \/>\n<meta name=\"twitter:label1\" content=\"Escrito por\" \/>\n\t<meta name=\"twitter:data1\" content=\"apuntesdesanluis.com\" \/>\n\t<meta name=\"twitter:label2\" content=\"Tiempo de lectura\" \/>\n\t<meta name=\"twitter:data2\" content=\"3 minutos\" \/>\n<script type=\"application\/ld+json\" class=\"yoast-schema-graph\">{\"@context\":\"https:\/\/schema.org\",\"@graph\":[{\"@type\":\"Article\",\"@id\":\"https:\/\/apuntesdesanluis.com\/index.php\/2024\/09\/05\/efectivos-de-la-policia-salvaron-a-una-nina-de-3-anos-que-se-ahogo-con-un-caramelo\/#article\",\"isPartOf\":{\"@id\":\"https:\/\/apuntesdesanluis.com\/index.php\/2024\/09\/05\/efectivos-de-la-policia-salvaron-a-una-nina-de-3-anos-que-se-ahogo-con-un-caramelo\/\"},\"author\":{\"name\":\"apuntesdesanluis.com\",\"@id\":\"https:\/\/apuntesdesanluis.com\/#\/schema\/person\/b55151d52296fcce64d1a72538a70b90\"},\"headline\":\"EFECTIVOS DE LA POLIC\u00cdA SALVARON A UNA NI\u00d1A DE 3 A\u00d1OS QUE SE AHOG\u00d3 CON UN CARAMELO\",\"datePublished\":\"2024-09-05T22:20:41+00:00\",\"mainEntityOfPage\":{\"@id\":\"https:\/\/apuntesdesanluis.com\/index.php\/2024\/09\/05\/efectivos-de-la-policia-salvaron-a-una-nina-de-3-anos-que-se-ahogo-con-un-caramelo\/\"},\"wordCount\":459,\"publisher\":{\"@id\":\"https:\/\/apuntesdesanluis.com\/#\/schema\/person\/b55151d52296fcce64d1a72538a70b90\"},\"image\":{\"@id\":\"https:\/\/apuntesdesanluis.com\/index.php\/2024\/09\/05\/efectivos-de-la-policia-salvaron-a-una-nina-de-3-anos-que-se-ahogo-con-un-caramelo\/#primaryimage\"},\"thumbnailUrl\":\"https:\/\/apuntesdesanluis.com\/wp-content\/uploads\/2024\/09\/EFECTIVOS.png\",\"articleSection\":[\"Ciudad\/Provincia\"],\"inLanguage\":\"es-AR\"},{\"@type\":\"WebPage\",\"@id\":\"https:\/\/apuntesdesanluis.com\/index.php\/2024\/09\/05\/efectivos-de-la-policia-salvaron-a-una-nina-de-3-anos-que-se-ahogo-con-un-caramelo\/\",\"url\":\"https:\/\/apuntesdesanluis.com\/index.php\/2024\/09\/05\/efectivos-de-la-policia-salvaron-a-una-nina-de-3-anos-que-se-ahogo-con-un-caramelo\/\",\"name\":\"EFECTIVOS DE LA POLIC\u00cdA SALVARON A UNA NI\u00d1A DE 3 A\u00d1OS QUE SE AHOG\u00d3 CON UN CARAMELO - Apuntes de San Luis\",\"isPartOf\":{\"@id\":\"https:\/\/apuntesdesanluis.com\/#website\"},\"primaryImageOfPage\":{\"@id\":\"https:\/\/apuntesdesanluis.com\/index.php\/2024\/09\/05\/efectivos-de-la-policia-salvaron-a-una-nina-de-3-anos-que-se-ahogo-con-un-caramelo\/#primaryimage\"},\"image\":{\"@id\":\"https:\/\/apuntesdesanluis.com\/index.php\/2024\/09\/05\/efectivos-de-la-policia-salvaron-a-una-nina-de-3-anos-que-se-ahogo-con-un-caramelo\/#primaryimage\"},\"thumbnailUrl\":\"https:\/\/apuntesdesanluis.com\/wp-content\/uploads\/2024\/09\/EFECTIVOS.png\",\"datePublished\":\"2024-09-05T22:20:41+00:00\",\"breadcrumb\":{\"@id\":\"https:\/\/apuntesdesanluis.com\/index.php\/2024\/09\/05\/efectivos-de-la-policia-salvaron-a-una-nina-de-3-anos-que-se-ahogo-con-un-caramelo\/#breadcrumb\"},\"inLanguage\":\"es-AR\",\"potentialAction\":[{\"@type\":\"ReadAction\",\"target\":[\"https:\/\/apuntesdesanluis.com\/index.php\/2024\/09\/05\/efectivos-de-la-policia-salvaron-a-una-nina-de-3-anos-que-se-ahogo-con-un-caramelo\/\"]}]},{\"@type\":\"ImageObject\",\"inLanguage\":\"es-AR\",\"@id\":\"https:\/\/apuntesdesanluis.com\/index.php\/2024\/09\/05\/efectivos-de-la-policia-salvaron-a-una-nina-de-3-anos-que-se-ahogo-con-un-caramelo\/#primaryimage\",\"url\":\"https:\/\/apuntesdesanluis.com\/wp-content\/uploads\/2024\/09\/EFECTIVOS.png\",\"contentUrl\":\"https:\/\/apuntesdesanluis.com\/wp-content\/uploads\/2024\/09\/EFECTIVOS.png\",\"width\":551,\"height\":313},{\"@type\":\"BreadcrumbList\",\"@id\":\"https:\/\/apuntesdesanluis.com\/index.php\/2024\/09\/05\/efectivos-de-la-policia-salvaron-a-una-nina-de-3-anos-que-se-ahogo-con-un-caramelo\/#breadcrumb\",\"itemListElement\":[{\"@type\":\"ListItem\",\"position\":1,\"name\":\"Inicio\",\"item\":\"https:\/\/apuntesdesanluis.com\/\"},{\"@type\":\"ListItem\",\"position\":2,\"name\":\"EFECTIVOS DE LA POLIC\u00cdA SALVARON A UNA NI\u00d1A DE 3 A\u00d1OS QUE SE AHOG\u00d3 CON UN CARAMELO\"}]},{\"@type\":\"WebSite\",\"@id\":\"https:\/\/apuntesdesanluis.com\/#website\",\"url\":\"https:\/\/apuntesdesanluis.com\/\",\"name\":\"Apuntes de San Luis\",\"description\":\"\",\"publisher\":{\"@id\":\"https:\/\/apuntesdesanluis.com\/#\/schema\/person\/b55151d52296fcce64d1a72538a70b90\"},\"potentialAction\":[{\"@type\":\"SearchAction\",\"target\":{\"@type\":\"EntryPoint\",\"urlTemplate\":\"https:\/\/apuntesdesanluis.com\/?s={search_term_string}\"},\"query-input\":{\"@type\":\"PropertyValueSpecification\",\"valueRequired\":true,\"valueName\":\"search_term_string\"}}],\"inLanguage\":\"es-AR\"},{\"@type\":[\"Person\",\"Organization\"],\"@id\":\"https:\/\/apuntesdesanluis.com\/#\/schema\/person\/b55151d52296fcce64d1a72538a70b90\",\"name\":\"apuntesdesanluis.com\",\"image\":{\"@type\":\"ImageObject\",\"inLanguage\":\"es-AR\",\"@id\":\"https:\/\/apuntesdesanluis.com\/#\/schema\/person\/image\/\",\"url\":\"https:\/\/apuntesdesanluis.com\/wp-content\/uploads\/2023\/07\/cropped-apuntesdesanluis.png\",\"contentUrl\":\"https:\/\/apuntesdesanluis.com\/wp-content\/uploads\/2023\/07\/cropped-apuntesdesanluis.png\",\"width\":450,\"height\":112,\"caption\":\"apuntesdesanluis.com\"},\"logo\":{\"@id\":\"https:\/\/apuntesdesanluis.com\/#\/schema\/person\/image\/\"},\"sameAs\":[\"https:\/\/apuntesdesanluis.com\"],\"url\":\"https:\/\/apuntesdesanluis.com\/index.php\/author\/apuntesdesanluis-com\/\"}]}<\/script>\n<!-- \/ Yoast SEO plugin. -->","yoast_head_json":{"title":"EFECTIVOS DE LA POLIC\u00cdA SALVARON A UNA NI\u00d1A DE 3 A\u00d1OS QUE SE AHOG\u00d3 CON UN CARAMELO - Apuntes de San Luis","robots":{"index":"index","follow":"follow","max-snippet":"max-snippet:-1","max-image-preview":"max-image-preview:large","max-video-preview":"max-video-preview:-1"},"canonical":"https:\/\/apuntesdesanluis.com\/index.php\/2024\/09\/05\/efectivos-de-la-policia-salvaron-a-una-nina-de-3-anos-que-se-ahogo-con-un-caramelo\/","og_locale":"es_ES","og_type":"article","og_title":"EFECTIVOS DE LA POLIC\u00cdA SALVARON A UNA NI\u00d1A DE 3 A\u00d1OS QUE SE AHOG\u00d3 CON UN CARAMELO - Apuntes de San Luis","og_description":"El oficial principal Juan Moreno y el cabo primero Armando Valenzuela, quienes se desempe\u00f1an en...","og_url":"https:\/\/apuntesdesanluis.com\/index.php\/2024\/09\/05\/efectivos-de-la-policia-salvaron-a-una-nina-de-3-anos-que-se-ahogo-con-un-caramelo\/","og_site_name":"Apuntes de San Luis","article_published_time":"2024-09-05T22:20:41+00:00","og_image":[{"width":551,"height":313,"url":"https:\/\/apuntesdesanluis.com\/wp-content\/uploads\/2024\/09\/EFECTIVOS.png","type":"image\/png"}],"author":"apuntesdesanluis.com","twitter_card":"summary_large_image","twitter_misc":{"Escrito por":"apuntesdesanluis.com","Tiempo de lectura":"3 minutos"},"schema":{"@context":"https:\/\/schema.org","@graph":[{"@type":"Article","@id":"https:\/\/apuntesdesanluis.com\/index.php\/2024\/09\/05\/efectivos-de-la-policia-salvaron-a-una-nina-de-3-anos-que-se-ahogo-con-un-caramelo\/#article","isPartOf":{"@id":"https:\/\/apuntesdesanluis.com\/index.php\/2024\/09\/05\/efectivos-de-la-policia-salvaron-a-una-nina-de-3-anos-que-se-ahogo-con-un-caramelo\/"},"author":{"name":"apuntesdesanluis.com","@id":"https:\/\/apuntesdesanluis.com\/#\/schema\/person\/b55151d52296fcce64d1a72538a70b90"},"headline":"EFECTIVOS DE LA POLIC\u00cdA SALVARON A UNA NI\u00d1A DE 3 A\u00d1OS QUE SE AHOG\u00d3 CON UN CARAMELO","datePublished":"2024-09-05T22:20:41+00:00","mainEntityOfPage":{"@id":"https:\/\/apuntesdesanluis.com\/index.php\/2024\/09\/05\/efectivos-de-la-policia-salvaron-a-una-nina-de-3-anos-que-se-ahogo-con-un-caramelo\/"},"wordCount":459,"publisher":{"@id":"https:\/\/apuntesdesanluis.com\/#\/schema\/person\/b55151d52296fcce64d1a72538a70b90"},"image":{"@id":"https:\/\/apuntesdesanluis.com\/index.php\/2024\/09\/05\/efectivos-de-la-policia-salvaron-a-una-nina-de-3-anos-que-se-ahogo-con-un-caramelo\/#primaryimage"},"thumbnailUrl":"https:\/\/apuntesdesanluis.com\/wp-content\/uploads\/2024\/09\/EFECTIVOS.png","articleSection":["Ciudad\/Provincia"],"inLanguage":"es-AR"},{"@type":"WebPage","@id":"https:\/\/apuntesdesanluis.com\/index.php\/2024\/09\/05\/efectivos-de-la-policia-salvaron-a-una-nina-de-3-anos-que-se-ahogo-con-un-caramelo\/","url":"https:\/\/apuntesdesanluis.com\/index.php\/2024\/09\/05\/efectivos-de-la-policia-salvaron-a-una-nina-de-3-anos-que-se-ahogo-con-un-caramelo\/","name":"EFECTIVOS DE LA POLIC\u00cdA SALVARON A UNA NI\u00d1A DE 3 A\u00d1OS QUE SE AHOG\u00d3 CON UN CARAMELO - Apuntes de San Luis","isPartOf":{"@id":"https:\/\/apuntesdesanluis.com\/#website"},"primaryImageOfPage":{"@id":"https:\/\/apuntesdesanluis.com\/index.php\/2024\/09\/05\/efectivos-de-la-policia-salvaron-a-una-nina-de-3-anos-que-se-ahogo-con-un-caramelo\/#primaryimage"},"image":{"@id":"https:\/\/apuntesdesanluis.com\/index.php\/2024\/09\/05\/efectivos-de-la-policia-salvaron-a-una-nina-de-3-anos-que-se-ahogo-con-un-caramelo\/#primaryimage"},"thumbnailUrl":"https:\/\/apuntesdesanluis.com\/wp-content\/uploads\/2024\/09\/EFECTIVOS.png","datePublished":"2024-09-05T22:20:41+00:00","breadcrumb":{"@id":"https:\/\/apuntesdesanluis.com\/index.php\/2024\/09\/05\/efectivos-de-la-policia-salvaron-a-una-nina-de-3-anos-que-se-ahogo-con-un-caramelo\/#breadcrumb"},"inLanguage":"es-AR","potentialAction":[{"@type":"ReadAction","target":["https:\/\/apuntesdesanluis.com\/index.php\/2024\/09\/05\/efectivos-de-la-policia-salvaron-a-una-nina-de-3-anos-que-se-ahogo-con-un-caramelo\/"]}]},{"@type":"ImageObject","inLanguage":"es-AR","@id":"https:\/\/apuntesdesanluis.com\/index.php\/2024\/09\/05\/efectivos-de-la-policia-salvaron-a-una-nina-de-3-anos-que-se-ahogo-con-un-caramelo\/#primaryimage","url":"https:\/\/apuntesdesanluis.com\/wp-content\/uploads\/2024\/09\/EFECTIVOS.png","contentUrl":"https:\/\/apuntesdesanluis.com\/wp-content\/uploads\/2024\/09\/EFECTIVOS.png","width":551,"height":313},{"@type":"BreadcrumbList","@id":"https:\/\/apuntesdesanluis.com\/index.php\/2024\/09\/05\/efectivos-de-la-policia-salvaron-a-una-nina-de-3-anos-que-se-ahogo-con-un-caramelo\/#breadcrumb","itemListElement":[{"@type":"ListItem","position":1,"name":"Inicio","item":"https:\/\/apuntesdesanluis.com\/"},{"@type":"ListItem","position":2,"name":"EFECTIVOS DE LA POLIC\u00cdA SALVARON A UNA NI\u00d1A DE 3 A\u00d1OS QUE SE AHOG\u00d3 CON UN CARAMELO"}]},{"@type":"WebSite","@id":"https:\/\/apuntesdesanluis.com\/#website","url":"https:\/\/apuntesdesanluis.com\/","name":"Apuntes de San Luis","description":"","publisher":{"@id":"https:\/\/apuntesdesanluis.com\/#\/schema\/person\/b55151d52296fcce64d1a72538a70b90"},"potentialAction":[{"@type":"SearchAction","target":{"@type":"EntryPoint","urlTemplate":"https:\/\/apuntesdesanluis.com\/?s={search_term_string}"},"query-input":{"@type":"PropertyValueSpecification","valueRequired":true,"valueName":"search_term_string"}}],"inLanguage":"es-AR"},{"@type":["Person","Organization"],"@id":"https:\/\/apuntesdesanluis.com\/#\/schema\/person\/b55151d52296fcce64d1a72538a70b90","name":"apuntesdesanluis.com","image":{"@type":"ImageObject","inLanguage":"es-AR","@id":"https:\/\/apuntesdesanluis.com\/#\/schema\/person\/image\/","url":"https:\/\/apuntesdesanluis.com\/wp-content\/uploads\/2023\/07\/cropped-apuntesdesanluis.png","contentUrl":"https:\/\/apuntesdesanluis.com\/wp-content\/uploads\/2023\/07\/cropped-apuntesdesanluis.png","width":450,"height":112,"caption":"apuntesdesanluis.com"},"logo":{"@id":"https:\/\/apuntesdesanluis.com\/#\/schema\/person\/image\/"},"sameAs":["https:\/\/apuntesdesanluis.com"],"url":"https:\/\/apuntesdesanluis.com\/index.php\/author\/apuntesdesanluis-com\/"}]}},"featured_image_urls":{"full":["https:\/\/apuntesdesanluis.com\/wp-content\/uploads\/2024\/09\/EFECTIVOS.png",551,313,false],"thumbnail":["https:\/\/apuntesdesanluis.com\/wp-content\/uploads\/2024\/09\/EFECTIVOS-150x150.png",150,150,true],"medium":["https:\/\/apuntesdesanluis.com\/wp-content\/uploads\/2024\/09\/EFECTIVOS-300x170.png",300,170,true],"medium_large":["https:\/\/apuntesdesanluis.com\/wp-content\/uploads\/2024\/09\/EFECTIVOS.png",551,313,false],"large":["https:\/\/apuntesdesanluis.com\/wp-content\/uploads\/2024\/09\/EFECTIVOS.png",551,313,false],"1536x1536":["https:\/\/apuntesdesanluis.com\/wp-content\/uploads\/2024\/09\/EFECTIVOS.png",551,313,false],"2048x2048":["https:\/\/apuntesdesanluis.com\/wp-content\/uploads\/2024\/09\/EFECTIVOS.png",551,313,false],"newsever-slider-full":["https:\/\/apuntesdesanluis.com\/wp-content\/uploads\/2024\/09\/EFECTIVOS.png",551,313,false],"newsever-featured":["https:\/\/apuntesdesanluis.com\/wp-content\/uploads\/2024\/09\/EFECTIVOS.png",551,313,false],"newsever-medium":["https:\/\/apuntesdesanluis.com\/wp-content\/uploads\/2024\/09\/EFECTIVOS.png",551,313,false]},"author_info":{"display_name":"apuntesdesanluis.com","author_link":"https:\/\/apuntesdesanluis.com\/index.php\/author\/apuntesdesanluis-com\/"},"category_info":"<a href=\"https:\/\/apuntesdesanluis.com\/index.php\/category\/ciudad-provincia\/\" rel=\"category tag\">Ciudad\/Provincia<\/a>","tag_info":"Ciudad\/Provincia","comment_count":"0","_links":{"self":[{"href":"https:\/\/apuntesdesanluis.com\/index.php\/wp-json\/wp\/v2\/posts\/21820","targetHints":{"allow":["GET"]}}],"collection":[{"href":"https:\/\/apuntesdesanluis.com\/index.php\/wp-json\/wp\/v2\/posts"}],"about":[{"href":"https:\/\/apuntesdesanluis.com\/index.php\/wp-json\/wp\/v2\/types\/post"}],"author":[{"embeddable":true,"href":"https:\/\/apuntesdesanluis.com\/index.php\/wp-json\/wp\/v2\/users\/1"}],"replies":[{"embeddable":true,"href":"https:\/\/apuntesdesanluis.com\/index.php\/wp-json\/wp\/v2\/comments?post=21820"}],"version-history":[{"count":1,"href":"https:\/\/apuntesdesanluis.com\/index.php\/wp-json\/wp\/v2\/posts\/21820\/revisions"}],"predecessor-version":[{"id":21824,"href":"https:\/\/apuntesdesanluis.com\/index.php\/wp-json\/wp\/v2\/posts\/21820\/revisions\/21824"}],"wp:featuredmedia":[{"embeddable":true,"href":"https:\/\/apuntesdesanluis.com\/index.php\/wp-json\/wp\/v2\/media\/21821"}],"wp:attachment":[{"href":"https:\/\/apuntesdesanluis.com\/index.php\/wp-json\/wp\/v2\/media?parent=21820"}],"wp:term":[{"taxonomy":"category","embeddable":true,"href":"https:\/\/apuntesdesanluis.com\/index.php\/wp-json\/wp\/v2\/categories?post=21820"},{"taxonomy":"post_tag","embeddable":true,"href":"https:\/\/apuntesdesanluis.com\/index.php\/wp-json\/wp\/v2\/tags?post=21820"}],"curies":[{"name":"wp","href":"https:\/\/api.w.org\/{rel}","templated":true}]}}