{"id":21829,"date":"2024-09-05T22:29:16","date_gmt":"2024-09-06T01:29:16","guid":{"rendered":"https:\/\/apuntesdesanluis.com\/?p=21829"},"modified":"2024-09-06T21:41:05","modified_gmt":"2024-09-07T00:41:05","slug":"se-reactiva-la-construccion-de-viviendas-en-villa-mercedes","status":"publish","type":"post","link":"https:\/\/apuntesdesanluis.com\/index.php\/2024\/09\/05\/se-reactiva-la-construccion-de-viviendas-en-villa-mercedes\/","title":{"rendered":"SE REACTIVA LA CONSTRUCCI\u00d3N DE VIVIENDAS EN VILLA MERCEDES"},"content":{"rendered":"<h3>La pol\u00edtica habitacional dio un nuevo paso en Villa Mercedes con un acto que se formaliz\u00f3 en el teatro del Complejo Molino F\u00e9nix, en la zona Estaci\u00f3n de Villa Mercedes, donde el gobernador <strong>Claudio Poggi<\/strong> presidi\u00f3 el acto p\u00fablico que renueva las esperanzas de los inscriptos en los planes Progreso y Sue\u00f1os, muchos de los cuales participaron del encuentro.<\/h3>\n<h3>Previo a la r\u00fabrica de los contratos para construir las primeras 152 viviendas, el jefe del Ejecutivo provincial se refiri\u00f3 a la edificaci\u00f3n, que se reactiva en diversos puntos de la geograf\u00eda sanluise\u00f1a para cumplir con los anhelos de cientos de familias y sumar c\u00edrculos virtuosos a partir de la obra p\u00fablica, que siempre brinda trabajo genuino.<\/h3>\n<h3>Con respecto a las unidades a edificarse, fue la directora de Obras de Arquitectura y Viviendas, Marina Ortiz, quien aport\u00f3 detalles, tanto en las caracter\u00edsticas de dise\u00f1o como en los tiempos previstos.<\/h3>\n<p><img fetchpriority=\"high\" decoding=\"async\" class=\"wp-image-21831 aligncenter\" src=\"https:\/\/apuntesdesanluis.com\/wp-content\/uploads\/2024\/09\/FIRMA-300x204.png\" alt=\"\" width=\"607\" height=\"413\" srcset=\"https:\/\/apuntesdesanluis.com\/wp-content\/uploads\/2024\/09\/FIRMA-300x204.png 300w, https:\/\/apuntesdesanluis.com\/wp-content\/uploads\/2024\/09\/FIRMA.png 645w\" sizes=\"(max-width: 607px) 100vw, 607px\" \/><\/p>\n<h3>Como cierre de la ceremonia, el ministro de Hacienda y Obras P\u00fablicas, N\u00e9stor Ord\u00f3\u00f1ez, firm\u00f3 la adenda en representaci\u00f3n del Gobierno de la Provincia, mientras que por parte de la empresa concesionaria, FLAMA SRL, lo hizo su apoderada, Flavia Lorena Pizza.<\/h3>\n<h3>El flamante documento autoriza la construcci\u00f3n de 152 viviendas en Villa Mercedes, como parte del programa \u201cCasa Propia \u2013 Construir Futuro\u201d. Este acuerdo se enmarca en la licitaci\u00f3n p\u00fablica N\u00b012\/2022 y busca continuar con un proyecto que se encontraba paralizado.<\/h3>\n<h3>La obra, que hasta la fecha tiene un avance del 32,35%, se retomar\u00e1 de forma inmediata y se dividir\u00e1 en cinco etapas. La primera entrega de viviendas, consistente en 40 unidades, est\u00e1 prevista para el 20 de febrero de 2025. A lo largo del a\u00f1o, se continuar\u00e1n entregando m\u00e1s viviendas, con las etapas finales planificadas para diciembre de 2025. El plazo total de ejecuci\u00f3n es de 471 d\u00edas corridos.<\/h3>\n<p><img decoding=\"async\" class=\"wp-image-21832 aligncenter\" src=\"https:\/\/apuntesdesanluis.com\/wp-content\/uploads\/2024\/09\/POGGI-HABLANDO-300x218.png\" alt=\"\" width=\"645\" height=\"469\" srcset=\"https:\/\/apuntesdesanluis.com\/wp-content\/uploads\/2024\/09\/POGGI-HABLANDO-300x218.png 300w, https:\/\/apuntesdesanluis.com\/wp-content\/uploads\/2024\/09\/POGGI-HABLANDO.png 703w\" sizes=\"(max-width: 645px) 100vw, 645px\" \/><\/p>\n<h3>El contrato incluye tambi\u00e9n modificaciones en \u00edtems y curvas de inversi\u00f3n, con el objetivo de mejorar la funcionalidad de las viviendas. Adem\u00e1s, se ha establecido que los ajustes en el valor de las UVIs (Unidades de Vivienda) se limitar\u00e1n al 30 de noviembre de 2025. Las certificaciones posteriores a esa fecha no podr\u00e1n superar dicho valor.<\/h3>\n<h3>Un aspecto destacado de la adenda es el acuerdo sobre el pago del anticipo financiero del 20%, que no hab\u00eda sido percibido en su momento y que ser\u00e1 abonado conforme a las nuevas certificaciones ajustadas al valor UVI.<\/h3>\n<h3>Este convenio es parte del \u201cAcuerdo Marco de Colaboraci\u00f3n en Obras P\u00fablicas de Vivienda\u201d firmado entre la Secretar\u00eda de Desarrollo Territorial, H\u00e1bitat y Vivienda del Ministerio de Econom\u00eda y la Provincia de San Luis, la cual ha asumido el financiamiento de la obra, eximiendo al contratista de cualquier responsabilidad por demoras en los pagos por parte del organismo nacional.<\/h3>\n<p>&nbsp;<\/p>\n<p>&nbsp;<\/p>\n<p>&nbsp;<\/p>\n<p>&nbsp;<\/p>\n<p>&nbsp;<\/p>\n<p>&nbsp;<\/p>\n","protected":false},"excerpt":{"rendered":"<p>La pol\u00edtica habitacional dio un nuevo paso en Villa Mercedes con un acto que se&#8230;<\/p>\n","protected":false},"author":1,"featured_media":21830,"comment_status":"closed","ping_status":"closed","sticky":false,"template":"","format":"standard","meta":{"footnotes":""},"categories":[6],"tags":[],"class_list":["post-21829","post","type-post","status-publish","format-standard","has-post-thumbnail","hentry","category-ciudad-provincia"],"yoast_head":"<!-- This site is optimized with the Yoast SEO plugin v26.1.1 - https:\/\/yoast.com\/wordpress\/plugins\/seo\/ -->\n<title>SE REACTIVA LA CONSTRUCCI\u00d3N DE VIVIENDAS EN VILLA MERCEDES - Apuntes de San Luis<\/title>\n<meta name=\"robots\" content=\"index, follow, max-snippet:-1, max-image-preview:large, max-video-preview:-1\" \/>\n<link rel=\"canonical\" href=\"https:\/\/apuntesdesanluis.com\/index.php\/2024\/09\/05\/se-reactiva-la-construccion-de-viviendas-en-villa-mercedes\/\" \/>\n<meta property=\"og:locale\" content=\"es_ES\" \/>\n<meta property=\"og:type\" content=\"article\" \/>\n<meta property=\"og:title\" content=\"SE REACTIVA LA CONSTRUCCI\u00d3N DE VIVIENDAS EN VILLA MERCEDES - Apuntes de San Luis\" \/>\n<meta property=\"og:description\" content=\"La pol\u00edtica habitacional dio un nuevo paso en Villa Mercedes con un acto que se...\" \/>\n<meta property=\"og:url\" content=\"https:\/\/apuntesdesanluis.com\/index.php\/2024\/09\/05\/se-reactiva-la-construccion-de-viviendas-en-villa-mercedes\/\" \/>\n<meta property=\"og:site_name\" content=\"Apuntes de San Luis\" \/>\n<meta property=\"article:published_time\" content=\"2024-09-06T01:29:16+00:00\" \/>\n<meta property=\"article:modified_time\" content=\"2024-09-07T00:41:05+00:00\" \/>\n<meta property=\"og:image\" content=\"https:\/\/apuntesdesanluis.com\/wp-content\/uploads\/2024\/09\/POGGI-3.png\" \/>\n\t<meta property=\"og:image:width\" content=\"700\" \/>\n\t<meta property=\"og:image:height\" content=\"419\" \/>\n\t<meta property=\"og:image:type\" content=\"image\/png\" \/>\n<meta name=\"author\" content=\"apuntesdesanluis.com\" \/>\n<meta name=\"twitter:card\" content=\"summary_large_image\" \/>\n<meta name=\"twitter:label1\" content=\"Escrito por\" \/>\n\t<meta name=\"twitter:data1\" content=\"apuntesdesanluis.com\" \/>\n\t<meta name=\"twitter:label2\" content=\"Tiempo de lectura\" \/>\n\t<meta name=\"twitter:data2\" content=\"3 minutos\" \/>\n<script type=\"application\/ld+json\" class=\"yoast-schema-graph\">{\"@context\":\"https:\/\/schema.org\",\"@graph\":[{\"@type\":\"Article\",\"@id\":\"https:\/\/apuntesdesanluis.com\/index.php\/2024\/09\/05\/se-reactiva-la-construccion-de-viviendas-en-villa-mercedes\/#article\",\"isPartOf\":{\"@id\":\"https:\/\/apuntesdesanluis.com\/index.php\/2024\/09\/05\/se-reactiva-la-construccion-de-viviendas-en-villa-mercedes\/\"},\"author\":{\"name\":\"apuntesdesanluis.com\",\"@id\":\"https:\/\/apuntesdesanluis.com\/#\/schema\/person\/b55151d52296fcce64d1a72538a70b90\"},\"headline\":\"SE REACTIVA LA CONSTRUCCI\u00d3N DE VIVIENDAS EN VILLA MERCEDES\",\"datePublished\":\"2024-09-06T01:29:16+00:00\",\"dateModified\":\"2024-09-07T00:41:05+00:00\",\"mainEntityOfPage\":{\"@id\":\"https:\/\/apuntesdesanluis.com\/index.php\/2024\/09\/05\/se-reactiva-la-construccion-de-viviendas-en-villa-mercedes\/\"},\"wordCount\":491,\"publisher\":{\"@id\":\"https:\/\/apuntesdesanluis.com\/#\/schema\/person\/b55151d52296fcce64d1a72538a70b90\"},\"image\":{\"@id\":\"https:\/\/apuntesdesanluis.com\/index.php\/2024\/09\/05\/se-reactiva-la-construccion-de-viviendas-en-villa-mercedes\/#primaryimage\"},\"thumbnailUrl\":\"https:\/\/apuntesdesanluis.com\/wp-content\/uploads\/2024\/09\/POGGI-3.png\",\"articleSection\":[\"Ciudad\/Provincia\"],\"inLanguage\":\"es-AR\"},{\"@type\":\"WebPage\",\"@id\":\"https:\/\/apuntesdesanluis.com\/index.php\/2024\/09\/05\/se-reactiva-la-construccion-de-viviendas-en-villa-mercedes\/\",\"url\":\"https:\/\/apuntesdesanluis.com\/index.php\/2024\/09\/05\/se-reactiva-la-construccion-de-viviendas-en-villa-mercedes\/\",\"name\":\"SE REACTIVA LA CONSTRUCCI\u00d3N DE VIVIENDAS EN VILLA MERCEDES - Apuntes de San Luis\",\"isPartOf\":{\"@id\":\"https:\/\/apuntesdesanluis.com\/#website\"},\"primaryImageOfPage\":{\"@id\":\"https:\/\/apuntesdesanluis.com\/index.php\/2024\/09\/05\/se-reactiva-la-construccion-de-viviendas-en-villa-mercedes\/#primaryimage\"},\"image\":{\"@id\":\"https:\/\/apuntesdesanluis.com\/index.php\/2024\/09\/05\/se-reactiva-la-construccion-de-viviendas-en-villa-mercedes\/#primaryimage\"},\"thumbnailUrl\":\"https:\/\/apuntesdesanluis.com\/wp-content\/uploads\/2024\/09\/POGGI-3.png\",\"datePublished\":\"2024-09-06T01:29:16+00:00\",\"dateModified\":\"2024-09-07T00:41:05+00:00\",\"breadcrumb\":{\"@id\":\"https:\/\/apuntesdesanluis.com\/index.php\/2024\/09\/05\/se-reactiva-la-construccion-de-viviendas-en-villa-mercedes\/#breadcrumb\"},\"inLanguage\":\"es-AR\",\"potentialAction\":[{\"@type\":\"ReadAction\",\"target\":[\"https:\/\/apuntesdesanluis.com\/index.php\/2024\/09\/05\/se-reactiva-la-construccion-de-viviendas-en-villa-mercedes\/\"]}]},{\"@type\":\"ImageObject\",\"inLanguage\":\"es-AR\",\"@id\":\"https:\/\/apuntesdesanluis.com\/index.php\/2024\/09\/05\/se-reactiva-la-construccion-de-viviendas-en-villa-mercedes\/#primaryimage\",\"url\":\"https:\/\/apuntesdesanluis.com\/wp-content\/uploads\/2024\/09\/POGGI-3.png\",\"contentUrl\":\"https:\/\/apuntesdesanluis.com\/wp-content\/uploads\/2024\/09\/POGGI-3.png\",\"width\":700,\"height\":419},{\"@type\":\"BreadcrumbList\",\"@id\":\"https:\/\/apuntesdesanluis.com\/index.php\/2024\/09\/05\/se-reactiva-la-construccion-de-viviendas-en-villa-mercedes\/#breadcrumb\",\"itemListElement\":[{\"@type\":\"ListItem\",\"position\":1,\"name\":\"Inicio\",\"item\":\"https:\/\/apuntesdesanluis.com\/\"},{\"@type\":\"ListItem\",\"position\":2,\"name\":\"SE REACTIVA LA CONSTRUCCI\u00d3N DE VIVIENDAS EN VILLA MERCEDES\"}]},{\"@type\":\"WebSite\",\"@id\":\"https:\/\/apuntesdesanluis.com\/#website\",\"url\":\"https:\/\/apuntesdesanluis.com\/\",\"name\":\"Apuntes de San Luis\",\"description\":\"\",\"publisher\":{\"@id\":\"https:\/\/apuntesdesanluis.com\/#\/schema\/person\/b55151d52296fcce64d1a72538a70b90\"},\"potentialAction\":[{\"@type\":\"SearchAction\",\"target\":{\"@type\":\"EntryPoint\",\"urlTemplate\":\"https:\/\/apuntesdesanluis.com\/?s={search_term_string}\"},\"query-input\":{\"@type\":\"PropertyValueSpecification\",\"valueRequired\":true,\"valueName\":\"search_term_string\"}}],\"inLanguage\":\"es-AR\"},{\"@type\":[\"Person\",\"Organization\"],\"@id\":\"https:\/\/apuntesdesanluis.com\/#\/schema\/person\/b55151d52296fcce64d1a72538a70b90\",\"name\":\"apuntesdesanluis.com\",\"image\":{\"@type\":\"ImageObject\",\"inLanguage\":\"es-AR\",\"@id\":\"https:\/\/apuntesdesanluis.com\/#\/schema\/person\/image\/\",\"url\":\"https:\/\/apuntesdesanluis.com\/wp-content\/uploads\/2023\/07\/cropped-apuntesdesanluis.png\",\"contentUrl\":\"https:\/\/apuntesdesanluis.com\/wp-content\/uploads\/2023\/07\/cropped-apuntesdesanluis.png\",\"width\":450,\"height\":112,\"caption\":\"apuntesdesanluis.com\"},\"logo\":{\"@id\":\"https:\/\/apuntesdesanluis.com\/#\/schema\/person\/image\/\"},\"sameAs\":[\"https:\/\/apuntesdesanluis.com\"],\"url\":\"https:\/\/apuntesdesanluis.com\/index.php\/author\/apuntesdesanluis-com\/\"}]}<\/script>\n<!-- \/ Yoast SEO plugin. -->","yoast_head_json":{"title":"SE REACTIVA LA CONSTRUCCI\u00d3N DE VIVIENDAS EN VILLA MERCEDES - Apuntes de San Luis","robots":{"index":"index","follow":"follow","max-snippet":"max-snippet:-1","max-image-preview":"max-image-preview:large","max-video-preview":"max-video-preview:-1"},"canonical":"https:\/\/apuntesdesanluis.com\/index.php\/2024\/09\/05\/se-reactiva-la-construccion-de-viviendas-en-villa-mercedes\/","og_locale":"es_ES","og_type":"article","og_title":"SE REACTIVA LA CONSTRUCCI\u00d3N DE VIVIENDAS EN VILLA MERCEDES - Apuntes de San Luis","og_description":"La pol\u00edtica habitacional dio un nuevo paso en Villa Mercedes con un acto que se...","og_url":"https:\/\/apuntesdesanluis.com\/index.php\/2024\/09\/05\/se-reactiva-la-construccion-de-viviendas-en-villa-mercedes\/","og_site_name":"Apuntes de San Luis","article_published_time":"2024-09-06T01:29:16+00:00","article_modified_time":"2024-09-07T00:41:05+00:00","og_image":[{"width":700,"height":419,"url":"https:\/\/apuntesdesanluis.com\/wp-content\/uploads\/2024\/09\/POGGI-3.png","type":"image\/png"}],"author":"apuntesdesanluis.com","twitter_card":"summary_large_image","twitter_misc":{"Escrito por":"apuntesdesanluis.com","Tiempo de lectura":"3 minutos"},"schema":{"@context":"https:\/\/schema.org","@graph":[{"@type":"Article","@id":"https:\/\/apuntesdesanluis.com\/index.php\/2024\/09\/05\/se-reactiva-la-construccion-de-viviendas-en-villa-mercedes\/#article","isPartOf":{"@id":"https:\/\/apuntesdesanluis.com\/index.php\/2024\/09\/05\/se-reactiva-la-construccion-de-viviendas-en-villa-mercedes\/"},"author":{"name":"apuntesdesanluis.com","@id":"https:\/\/apuntesdesanluis.com\/#\/schema\/person\/b55151d52296fcce64d1a72538a70b90"},"headline":"SE REACTIVA LA CONSTRUCCI\u00d3N DE VIVIENDAS EN VILLA MERCEDES","datePublished":"2024-09-06T01:29:16+00:00","dateModified":"2024-09-07T00:41:05+00:00","mainEntityOfPage":{"@id":"https:\/\/apuntesdesanluis.com\/index.php\/2024\/09\/05\/se-reactiva-la-construccion-de-viviendas-en-villa-mercedes\/"},"wordCount":491,"publisher":{"@id":"https:\/\/apuntesdesanluis.com\/#\/schema\/person\/b55151d52296fcce64d1a72538a70b90"},"image":{"@id":"https:\/\/apuntesdesanluis.com\/index.php\/2024\/09\/05\/se-reactiva-la-construccion-de-viviendas-en-villa-mercedes\/#primaryimage"},"thumbnailUrl":"https:\/\/apuntesdesanluis.com\/wp-content\/uploads\/2024\/09\/POGGI-3.png","articleSection":["Ciudad\/Provincia"],"inLanguage":"es-AR"},{"@type":"WebPage","@id":"https:\/\/apuntesdesanluis.com\/index.php\/2024\/09\/05\/se-reactiva-la-construccion-de-viviendas-en-villa-mercedes\/","url":"https:\/\/apuntesdesanluis.com\/index.php\/2024\/09\/05\/se-reactiva-la-construccion-de-viviendas-en-villa-mercedes\/","name":"SE REACTIVA LA CONSTRUCCI\u00d3N DE VIVIENDAS EN VILLA MERCEDES - Apuntes de San Luis","isPartOf":{"@id":"https:\/\/apuntesdesanluis.com\/#website"},"primaryImageOfPage":{"@id":"https:\/\/apuntesdesanluis.com\/index.php\/2024\/09\/05\/se-reactiva-la-construccion-de-viviendas-en-villa-mercedes\/#primaryimage"},"image":{"@id":"https:\/\/apuntesdesanluis.com\/index.php\/2024\/09\/05\/se-reactiva-la-construccion-de-viviendas-en-villa-mercedes\/#primaryimage"},"thumbnailUrl":"https:\/\/apuntesdesanluis.com\/wp-content\/uploads\/2024\/09\/POGGI-3.png","datePublished":"2024-09-06T01:29:16+00:00","dateModified":"2024-09-07T00:41:05+00:00","breadcrumb":{"@id":"https:\/\/apuntesdesanluis.com\/index.php\/2024\/09\/05\/se-reactiva-la-construccion-de-viviendas-en-villa-mercedes\/#breadcrumb"},"inLanguage":"es-AR","potentialAction":[{"@type":"ReadAction","target":["https:\/\/apuntesdesanluis.com\/index.php\/2024\/09\/05\/se-reactiva-la-construccion-de-viviendas-en-villa-mercedes\/"]}]},{"@type":"ImageObject","inLanguage":"es-AR","@id":"https:\/\/apuntesdesanluis.com\/index.php\/2024\/09\/05\/se-reactiva-la-construccion-de-viviendas-en-villa-mercedes\/#primaryimage","url":"https:\/\/apuntesdesanluis.com\/wp-content\/uploads\/2024\/09\/POGGI-3.png","contentUrl":"https:\/\/apuntesdesanluis.com\/wp-content\/uploads\/2024\/09\/POGGI-3.png","width":700,"height":419},{"@type":"BreadcrumbList","@id":"https:\/\/apuntesdesanluis.com\/index.php\/2024\/09\/05\/se-reactiva-la-construccion-de-viviendas-en-villa-mercedes\/#breadcrumb","itemListElement":[{"@type":"ListItem","position":1,"name":"Inicio","item":"https:\/\/apuntesdesanluis.com\/"},{"@type":"ListItem","position":2,"name":"SE REACTIVA LA CONSTRUCCI\u00d3N DE VIVIENDAS EN VILLA MERCEDES"}]},{"@type":"WebSite","@id":"https:\/\/apuntesdesanluis.com\/#website","url":"https:\/\/apuntesdesanluis.com\/","name":"Apuntes de San Luis","description":"","publisher":{"@id":"https:\/\/apuntesdesanluis.com\/#\/schema\/person\/b55151d52296fcce64d1a72538a70b90"},"potentialAction":[{"@type":"SearchAction","target":{"@type":"EntryPoint","urlTemplate":"https:\/\/apuntesdesanluis.com\/?s={search_term_string}"},"query-input":{"@type":"PropertyValueSpecification","valueRequired":true,"valueName":"search_term_string"}}],"inLanguage":"es-AR"},{"@type":["Person","Organization"],"@id":"https:\/\/apuntesdesanluis.com\/#\/schema\/person\/b55151d52296fcce64d1a72538a70b90","name":"apuntesdesanluis.com","image":{"@type":"ImageObject","inLanguage":"es-AR","@id":"https:\/\/apuntesdesanluis.com\/#\/schema\/person\/image\/","url":"https:\/\/apuntesdesanluis.com\/wp-content\/uploads\/2023\/07\/cropped-apuntesdesanluis.png","contentUrl":"https:\/\/apuntesdesanluis.com\/wp-content\/uploads\/2023\/07\/cropped-apuntesdesanluis.png","width":450,"height":112,"caption":"apuntesdesanluis.com"},"logo":{"@id":"https:\/\/apuntesdesanluis.com\/#\/schema\/person\/image\/"},"sameAs":["https:\/\/apuntesdesanluis.com"],"url":"https:\/\/apuntesdesanluis.com\/index.php\/author\/apuntesdesanluis-com\/"}]}},"featured_image_urls":{"full":["https:\/\/apuntesdesanluis.com\/wp-content\/uploads\/2024\/09\/POGGI-3.png",700,419,false],"thumbnail":["https:\/\/apuntesdesanluis.com\/wp-content\/uploads\/2024\/09\/POGGI-3-150x150.png",150,150,true],"medium":["https:\/\/apuntesdesanluis.com\/wp-content\/uploads\/2024\/09\/POGGI-3-300x180.png",300,180,true],"medium_large":["https:\/\/apuntesdesanluis.com\/wp-content\/uploads\/2024\/09\/POGGI-3.png",640,383,false],"large":["https:\/\/apuntesdesanluis.com\/wp-content\/uploads\/2024\/09\/POGGI-3.png",640,383,false],"1536x1536":["https:\/\/apuntesdesanluis.com\/wp-content\/uploads\/2024\/09\/POGGI-3.png",700,419,false],"2048x2048":["https:\/\/apuntesdesanluis.com\/wp-content\/uploads\/2024\/09\/POGGI-3.png",700,419,false],"newsever-slider-full":["https:\/\/apuntesdesanluis.com\/wp-content\/uploads\/2024\/09\/POGGI-3.png",700,419,false],"newsever-featured":["https:\/\/apuntesdesanluis.com\/wp-content\/uploads\/2024\/09\/POGGI-3.png",700,419,false],"newsever-medium":["https:\/\/apuntesdesanluis.com\/wp-content\/uploads\/2024\/09\/POGGI-3.png",700,419,false]},"author_info":{"display_name":"apuntesdesanluis.com","author_link":"https:\/\/apuntesdesanluis.com\/index.php\/author\/apuntesdesanluis-com\/"},"category_info":"<a href=\"https:\/\/apuntesdesanluis.com\/index.php\/category\/ciudad-provincia\/\" rel=\"category tag\">Ciudad\/Provincia<\/a>","tag_info":"Ciudad\/Provincia","comment_count":"0","_links":{"self":[{"href":"https:\/\/apuntesdesanluis.com\/index.php\/wp-json\/wp\/v2\/posts\/21829","targetHints":{"allow":["GET"]}}],"collection":[{"href":"https:\/\/apuntesdesanluis.com\/index.php\/wp-json\/wp\/v2\/posts"}],"about":[{"href":"https:\/\/apuntesdesanluis.com\/index.php\/wp-json\/wp\/v2\/types\/post"}],"author":[{"embeddable":true,"href":"https:\/\/apuntesdesanluis.com\/index.php\/wp-json\/wp\/v2\/users\/1"}],"replies":[{"embeddable":true,"href":"https:\/\/apuntesdesanluis.com\/index.php\/wp-json\/wp\/v2\/comments?post=21829"}],"version-history":[{"count":2,"href":"https:\/\/apuntesdesanluis.com\/index.php\/wp-json\/wp\/v2\/posts\/21829\/revisions"}],"predecessor-version":[{"id":21880,"href":"https:\/\/apuntesdesanluis.com\/index.php\/wp-json\/wp\/v2\/posts\/21829\/revisions\/21880"}],"wp:featuredmedia":[{"embeddable":true,"href":"https:\/\/apuntesdesanluis.com\/index.php\/wp-json\/wp\/v2\/media\/21830"}],"wp:attachment":[{"href":"https:\/\/apuntesdesanluis.com\/index.php\/wp-json\/wp\/v2\/media?parent=21829"}],"wp:term":[{"taxonomy":"category","embeddable":true,"href":"https:\/\/apuntesdesanluis.com\/index.php\/wp-json\/wp\/v2\/categories?post=21829"},{"taxonomy":"post_tag","embeddable":true,"href":"https:\/\/apuntesdesanluis.com\/index.php\/wp-json\/wp\/v2\/tags?post=21829"}],"curies":[{"name":"wp","href":"https:\/\/api.w.org\/{rel}","templated":true}]}}