{"id":2185,"date":"2023-08-27T23:22:11","date_gmt":"2023-08-28T02:22:11","guid":{"rendered":"https:\/\/apuntesdesanluis.com\/?p=2185"},"modified":"2023-08-27T23:22:11","modified_gmt":"2023-08-28T02:22:11","slug":"milei-dijo-que-un-ex-ministro-de-macri-lo-llamo-para-bloquear-los-fondos-del-fmi-y-reventar-al-gobierno","status":"publish","type":"post","link":"https:\/\/apuntesdesanluis.com\/index.php\/2023\/08\/27\/milei-dijo-que-un-ex-ministro-de-macri-lo-llamo-para-bloquear-los-fondos-del-fmi-y-reventar-al-gobierno\/","title":{"rendered":"MILEI DIJO QUE UN EX MINISTRO DE MACRI LO LLAM\u00d3 PARA BLOQUEAR LOS FONDOS DEL FMI Y &#8220;REVENTAR AL GOBIERNO&#8221;"},"content":{"rendered":"<h3 class=\"yiv7409174924ydp6329976emsonormal\" style=\"text-align: justify; background: white;\"><span style=\"font-family: 'Arial','sans-serif'; color: #1d2228;\"><strong>Javier Milei<\/strong> revel\u00f3 que un economista de Juntos por el Cambio, que fue ministro de <strong>Mauricio Macri<\/strong>, llam\u00f3 a su equipo para &#8220;reventar al Gobierno&#8221;, sugiriendo de manera coordinada en charlas con el FMI que bloqueen el desembolso que Sergio Massa acaba de cerrar con el FMI.<\/span><\/h3>\n<h3 class=\"yiv7409174924ydp6329976emsonormal\" style=\"text-align: justify; background: white;\"><span style=\"font-family: 'Arial','sans-serif'; color: #1d2228;\">&#8220;Pedir que se corte el roll over es de una gravedad institucional enorme y eso lo dijo Juntos por el Cambio, <strong>Melconian<\/strong> y <strong>Laspina<\/strong>&#8220;, dijo Milei a Radio Mitre. &#8220;O sea o Argentina defaultea con el desastre que eso puede causar o desatar\u00eda una h\u00edper inflaci\u00f3n generando un caos social&#8221;, dijo.<\/span><\/h3>\n<h3 class=\"yiv7409174924ydp6329976emsonormal\" style=\"text-align: justify; background: white;\"><span style=\"font-family: 'Arial','sans-serif'; color: #1d2228;\">&#8220;Un economista de Juntos por el Cambio llam\u00f3 a un economista de mi equipo para hacer este bloqueo y reventar este gobierno, pero yo no juego sucio&#8221;, advirti\u00f3. &#8220;Fue alguien que ocup\u00f3 la silla de ministro&#8221;, dijo y advirti\u00f3: &#8220;Que sepa que yo lo s\u00e9&#8221;. <\/span><\/h3>\n<h3 class=\"yiv7409174924ydp6329976emsonormal\" style=\"text-align: justify; background: white;\"><span style=\"font-family: 'Arial','sans-serif'; color: #1d2228;\">Milei hab\u00eda pedido al FMI que libere el desembolso, pero los economistas de Juntos que hablaron con las autoridades de ese organismo, sugirieron no desembolsar esos fondos, cr\u00edticos para estabilizar la situaci\u00f3n. Ese pedido sorprendi\u00f3 al Fondo, que esperaba que MIlei tuviera las posiciones m\u00e1s &#8220;locas&#8221; y as\u00ed le comentaron al propio Massa, que se enter\u00f3 al detalle de lo conversado. <\/span><\/h3>\n<h3 class=\"yiv7409174924ydp6329976emsonormal\" style=\"text-align: justify; background: white;\"><span style=\"font-family: 'Arial','sans-serif'; color: #1d2228;\">Pedir que se corte el roll over es de una gravedad institucional enorme y eso lo dijo Juntos por el Cambio, Melconian y Laspina.<\/span><\/h3>\n<h3 class=\"yiv7409174924ydp6329976emsonormal\" style=\"text-align: justify; background: white;\"><span style=\"font-family: 'Arial','sans-serif'; color: #1d2228;\">Con los t\u00e9cnicos del FMI hablaron en representaci\u00f3n de Juntos, Carlos Melconian, Luciano Laspina y <strong>Hern\u00e1n Lacunza<\/strong>. El \u00fanico de ellos que fue ministro de Macri es Lacunza.<\/span><\/h3>\n<h3 class=\"yiv7409174924ydp6329976emsonormal\" style=\"text-align: justify; background: white;\"><span style=\"font-family: 'Arial','sans-serif'; color: #1d2228;\">&#8220;Juntos por el Cambio apuesta al caos macroecon\u00f3mico y social&#8221;, dijo Milei. &#8220;Criticaron al peronismo por estas cosas y ahora lo hacen de manera m\u00e1s alevosa&#8221;, dijo.<\/span><\/h3>\n<h3 class=\"yiv7409174924ydp6329976emsonormal\" style=\"text-align: justify; background: white;\"><span style=\"font-family: 'Arial','sans-serif'; color: #1d2228;\">Lacunza evit\u00f3 polemizar, pero el diputado Laspina decidi\u00f3 contestarle en Twitter. Hasta aqu\u00ed no me hab\u00eda referido nunca en forma directa a Milei. Pero hoy minti\u00f3 una vez m\u00e1s diciendo algo que yo NUNCA le dije al FMI. No sab\u00eda que adem\u00e1s de vender humo en econom\u00eda tambi\u00e9n era un gran fabulador. Aprendi\u00f3 de su su mentor y productor televisivo Sergio Massa&#8221;, sostuvo el economista de Bullrich.<\/span><\/h3>\n<h3 class=\"yiv7409174924ydp6329976emsonormal\" style=\"text-align: justify; background: white;\"><span style=\"font-family: 'Arial','sans-serif'; color: #1d2228;\">Milei ya hab\u00eda cruzado a Patricia Bullrich luego de que su rival por la presidencia dijera que durar\u00eda dos meses en el gobierno. El economista comparti\u00f3 en Twitter una nota de LPO en la que este medio revel\u00f3 que en una reuni\u00f3n con la primera plana de Juntos, Bullrich vaticin\u00f3 una pronta ca\u00edda de un gobierno del economista: &#8220;nosotros no le regalamos el poder a nadie para que est\u00e9 dos meses y regrese el peronismo&#8221;.<\/span><\/h3>\n","protected":false},"excerpt":{"rendered":"<p>Javier Milei revel\u00f3 que un economista de Juntos por el Cambio, que fue ministro de&#8230;<\/p>\n","protected":false},"author":1,"featured_media":1568,"comment_status":"closed","ping_status":"closed","sticky":false,"template":"","format":"standard","meta":{"footnotes":""},"categories":[5],"tags":[],"class_list":["post-2185","post","type-post","status-publish","format-standard","has-post-thumbnail","hentry","category-nacionales-internacionales"],"yoast_head":"<!-- This site is optimized with the Yoast SEO plugin v26.1.1 - https:\/\/yoast.com\/wordpress\/plugins\/seo\/ -->\n<title>MILEI DIJO QUE UN EX MINISTRO DE MACRI LO LLAM\u00d3 PARA BLOQUEAR LOS FONDOS DEL FMI Y &quot;REVENTAR AL GOBIERNO&quot; - Apuntes de San Luis<\/title>\n<meta name=\"robots\" content=\"index, follow, max-snippet:-1, max-image-preview:large, max-video-preview:-1\" \/>\n<link rel=\"canonical\" href=\"https:\/\/apuntesdesanluis.com\/index.php\/2023\/08\/27\/milei-dijo-que-un-ex-ministro-de-macri-lo-llamo-para-bloquear-los-fondos-del-fmi-y-reventar-al-gobierno\/\" \/>\n<meta property=\"og:locale\" content=\"es_ES\" \/>\n<meta property=\"og:type\" content=\"article\" \/>\n<meta property=\"og:title\" content=\"MILEI DIJO QUE UN EX MINISTRO DE MACRI LO LLAM\u00d3 PARA BLOQUEAR LOS FONDOS DEL FMI Y &quot;REVENTAR AL GOBIERNO&quot; - Apuntes de San Luis\" \/>\n<meta property=\"og:description\" content=\"Javier Milei revel\u00f3 que un economista de Juntos por el Cambio, que fue ministro de...\" \/>\n<meta property=\"og:url\" content=\"https:\/\/apuntesdesanluis.com\/index.php\/2023\/08\/27\/milei-dijo-que-un-ex-ministro-de-macri-lo-llamo-para-bloquear-los-fondos-del-fmi-y-reventar-al-gobierno\/\" \/>\n<meta property=\"og:site_name\" content=\"Apuntes de San Luis\" \/>\n<meta property=\"article:published_time\" content=\"2023-08-28T02:22:11+00:00\" \/>\n<meta property=\"og:image\" content=\"https:\/\/apuntesdesanluis.com\/wp-content\/uploads\/2023\/08\/milei-1.png\" \/>\n\t<meta property=\"og:image:width\" content=\"600\" \/>\n\t<meta property=\"og:image:height\" content=\"371\" \/>\n\t<meta property=\"og:image:type\" content=\"image\/png\" \/>\n<meta name=\"author\" content=\"apuntesdesanluis.com\" \/>\n<meta name=\"twitter:card\" content=\"summary_large_image\" \/>\n<meta name=\"twitter:label1\" content=\"Escrito por\" \/>\n\t<meta name=\"twitter:data1\" content=\"apuntesdesanluis.com\" \/>\n\t<meta name=\"twitter:label2\" content=\"Tiempo de lectura\" \/>\n\t<meta name=\"twitter:data2\" content=\"2 minutos\" \/>\n<script type=\"application\/ld+json\" class=\"yoast-schema-graph\">{\"@context\":\"https:\/\/schema.org\",\"@graph\":[{\"@type\":\"Article\",\"@id\":\"https:\/\/apuntesdesanluis.com\/index.php\/2023\/08\/27\/milei-dijo-que-un-ex-ministro-de-macri-lo-llamo-para-bloquear-los-fondos-del-fmi-y-reventar-al-gobierno\/#article\",\"isPartOf\":{\"@id\":\"https:\/\/apuntesdesanluis.com\/index.php\/2023\/08\/27\/milei-dijo-que-un-ex-ministro-de-macri-lo-llamo-para-bloquear-los-fondos-del-fmi-y-reventar-al-gobierno\/\"},\"author\":{\"name\":\"apuntesdesanluis.com\",\"@id\":\"https:\/\/apuntesdesanluis.com\/#\/schema\/person\/b55151d52296fcce64d1a72538a70b90\"},\"headline\":\"MILEI DIJO QUE UN EX MINISTRO DE MACRI LO LLAM\u00d3 PARA BLOQUEAR LOS FONDOS DEL FMI Y &#8220;REVENTAR AL GOBIERNO&#8221;\",\"datePublished\":\"2023-08-28T02:22:11+00:00\",\"mainEntityOfPage\":{\"@id\":\"https:\/\/apuntesdesanluis.com\/index.php\/2023\/08\/27\/milei-dijo-que-un-ex-ministro-de-macri-lo-llamo-para-bloquear-los-fondos-del-fmi-y-reventar-al-gobierno\/\"},\"wordCount\":467,\"publisher\":{\"@id\":\"https:\/\/apuntesdesanluis.com\/#\/schema\/person\/b55151d52296fcce64d1a72538a70b90\"},\"image\":{\"@id\":\"https:\/\/apuntesdesanluis.com\/index.php\/2023\/08\/27\/milei-dijo-que-un-ex-ministro-de-macri-lo-llamo-para-bloquear-los-fondos-del-fmi-y-reventar-al-gobierno\/#primaryimage\"},\"thumbnailUrl\":\"https:\/\/apuntesdesanluis.com\/wp-content\/uploads\/2023\/08\/milei-1.png\",\"articleSection\":[\"Nacionales\/Internacionales\"],\"inLanguage\":\"es-AR\"},{\"@type\":\"WebPage\",\"@id\":\"https:\/\/apuntesdesanluis.com\/index.php\/2023\/08\/27\/milei-dijo-que-un-ex-ministro-de-macri-lo-llamo-para-bloquear-los-fondos-del-fmi-y-reventar-al-gobierno\/\",\"url\":\"https:\/\/apuntesdesanluis.com\/index.php\/2023\/08\/27\/milei-dijo-que-un-ex-ministro-de-macri-lo-llamo-para-bloquear-los-fondos-del-fmi-y-reventar-al-gobierno\/\",\"name\":\"MILEI DIJO QUE UN EX MINISTRO DE MACRI LO LLAM\u00d3 PARA BLOQUEAR LOS FONDOS DEL FMI Y \\\"REVENTAR AL GOBIERNO\\\" - Apuntes de San Luis\",\"isPartOf\":{\"@id\":\"https:\/\/apuntesdesanluis.com\/#website\"},\"primaryImageOfPage\":{\"@id\":\"https:\/\/apuntesdesanluis.com\/index.php\/2023\/08\/27\/milei-dijo-que-un-ex-ministro-de-macri-lo-llamo-para-bloquear-los-fondos-del-fmi-y-reventar-al-gobierno\/#primaryimage\"},\"image\":{\"@id\":\"https:\/\/apuntesdesanluis.com\/index.php\/2023\/08\/27\/milei-dijo-que-un-ex-ministro-de-macri-lo-llamo-para-bloquear-los-fondos-del-fmi-y-reventar-al-gobierno\/#primaryimage\"},\"thumbnailUrl\":\"https:\/\/apuntesdesanluis.com\/wp-content\/uploads\/2023\/08\/milei-1.png\",\"datePublished\":\"2023-08-28T02:22:11+00:00\",\"breadcrumb\":{\"@id\":\"https:\/\/apuntesdesanluis.com\/index.php\/2023\/08\/27\/milei-dijo-que-un-ex-ministro-de-macri-lo-llamo-para-bloquear-los-fondos-del-fmi-y-reventar-al-gobierno\/#breadcrumb\"},\"inLanguage\":\"es-AR\",\"potentialAction\":[{\"@type\":\"ReadAction\",\"target\":[\"https:\/\/apuntesdesanluis.com\/index.php\/2023\/08\/27\/milei-dijo-que-un-ex-ministro-de-macri-lo-llamo-para-bloquear-los-fondos-del-fmi-y-reventar-al-gobierno\/\"]}]},{\"@type\":\"ImageObject\",\"inLanguage\":\"es-AR\",\"@id\":\"https:\/\/apuntesdesanluis.com\/index.php\/2023\/08\/27\/milei-dijo-que-un-ex-ministro-de-macri-lo-llamo-para-bloquear-los-fondos-del-fmi-y-reventar-al-gobierno\/#primaryimage\",\"url\":\"https:\/\/apuntesdesanluis.com\/wp-content\/uploads\/2023\/08\/milei-1.png\",\"contentUrl\":\"https:\/\/apuntesdesanluis.com\/wp-content\/uploads\/2023\/08\/milei-1.png\",\"width\":600,\"height\":371},{\"@type\":\"BreadcrumbList\",\"@id\":\"https:\/\/apuntesdesanluis.com\/index.php\/2023\/08\/27\/milei-dijo-que-un-ex-ministro-de-macri-lo-llamo-para-bloquear-los-fondos-del-fmi-y-reventar-al-gobierno\/#breadcrumb\",\"itemListElement\":[{\"@type\":\"ListItem\",\"position\":1,\"name\":\"Inicio\",\"item\":\"https:\/\/apuntesdesanluis.com\/\"},{\"@type\":\"ListItem\",\"position\":2,\"name\":\"MILEI DIJO QUE UN EX MINISTRO DE MACRI LO LLAM\u00d3 PARA BLOQUEAR LOS FONDOS DEL FMI Y &#8220;REVENTAR AL GOBIERNO&#8221;\"}]},{\"@type\":\"WebSite\",\"@id\":\"https:\/\/apuntesdesanluis.com\/#website\",\"url\":\"https:\/\/apuntesdesanluis.com\/\",\"name\":\"Apuntes de San Luis\",\"description\":\"\",\"publisher\":{\"@id\":\"https:\/\/apuntesdesanluis.com\/#\/schema\/person\/b55151d52296fcce64d1a72538a70b90\"},\"potentialAction\":[{\"@type\":\"SearchAction\",\"target\":{\"@type\":\"EntryPoint\",\"urlTemplate\":\"https:\/\/apuntesdesanluis.com\/?s={search_term_string}\"},\"query-input\":{\"@type\":\"PropertyValueSpecification\",\"valueRequired\":true,\"valueName\":\"search_term_string\"}}],\"inLanguage\":\"es-AR\"},{\"@type\":[\"Person\",\"Organization\"],\"@id\":\"https:\/\/apuntesdesanluis.com\/#\/schema\/person\/b55151d52296fcce64d1a72538a70b90\",\"name\":\"apuntesdesanluis.com\",\"image\":{\"@type\":\"ImageObject\",\"inLanguage\":\"es-AR\",\"@id\":\"https:\/\/apuntesdesanluis.com\/#\/schema\/person\/image\/\",\"url\":\"https:\/\/apuntesdesanluis.com\/wp-content\/uploads\/2023\/07\/cropped-apuntesdesanluis.png\",\"contentUrl\":\"https:\/\/apuntesdesanluis.com\/wp-content\/uploads\/2023\/07\/cropped-apuntesdesanluis.png\",\"width\":450,\"height\":112,\"caption\":\"apuntesdesanluis.com\"},\"logo\":{\"@id\":\"https:\/\/apuntesdesanluis.com\/#\/schema\/person\/image\/\"},\"sameAs\":[\"https:\/\/apuntesdesanluis.com\"],\"url\":\"https:\/\/apuntesdesanluis.com\/index.php\/author\/apuntesdesanluis-com\/\"}]}<\/script>\n<!-- \/ Yoast SEO plugin. -->","yoast_head_json":{"title":"MILEI DIJO QUE UN EX MINISTRO DE MACRI LO LLAM\u00d3 PARA BLOQUEAR LOS FONDOS DEL FMI Y \"REVENTAR AL GOBIERNO\" - Apuntes de San Luis","robots":{"index":"index","follow":"follow","max-snippet":"max-snippet:-1","max-image-preview":"max-image-preview:large","max-video-preview":"max-video-preview:-1"},"canonical":"https:\/\/apuntesdesanluis.com\/index.php\/2023\/08\/27\/milei-dijo-que-un-ex-ministro-de-macri-lo-llamo-para-bloquear-los-fondos-del-fmi-y-reventar-al-gobierno\/","og_locale":"es_ES","og_type":"article","og_title":"MILEI DIJO QUE UN EX MINISTRO DE MACRI LO LLAM\u00d3 PARA BLOQUEAR LOS FONDOS DEL FMI Y \"REVENTAR AL GOBIERNO\" - Apuntes de San Luis","og_description":"Javier Milei revel\u00f3 que un economista de Juntos por el Cambio, que fue ministro de...","og_url":"https:\/\/apuntesdesanluis.com\/index.php\/2023\/08\/27\/milei-dijo-que-un-ex-ministro-de-macri-lo-llamo-para-bloquear-los-fondos-del-fmi-y-reventar-al-gobierno\/","og_site_name":"Apuntes de San Luis","article_published_time":"2023-08-28T02:22:11+00:00","og_image":[{"width":600,"height":371,"url":"https:\/\/apuntesdesanluis.com\/wp-content\/uploads\/2023\/08\/milei-1.png","type":"image\/png"}],"author":"apuntesdesanluis.com","twitter_card":"summary_large_image","twitter_misc":{"Escrito por":"apuntesdesanluis.com","Tiempo de lectura":"2 minutos"},"schema":{"@context":"https:\/\/schema.org","@graph":[{"@type":"Article","@id":"https:\/\/apuntesdesanluis.com\/index.php\/2023\/08\/27\/milei-dijo-que-un-ex-ministro-de-macri-lo-llamo-para-bloquear-los-fondos-del-fmi-y-reventar-al-gobierno\/#article","isPartOf":{"@id":"https:\/\/apuntesdesanluis.com\/index.php\/2023\/08\/27\/milei-dijo-que-un-ex-ministro-de-macri-lo-llamo-para-bloquear-los-fondos-del-fmi-y-reventar-al-gobierno\/"},"author":{"name":"apuntesdesanluis.com","@id":"https:\/\/apuntesdesanluis.com\/#\/schema\/person\/b55151d52296fcce64d1a72538a70b90"},"headline":"MILEI DIJO QUE UN EX MINISTRO DE MACRI LO LLAM\u00d3 PARA BLOQUEAR LOS FONDOS DEL FMI Y &#8220;REVENTAR AL GOBIERNO&#8221;","datePublished":"2023-08-28T02:22:11+00:00","mainEntityOfPage":{"@id":"https:\/\/apuntesdesanluis.com\/index.php\/2023\/08\/27\/milei-dijo-que-un-ex-ministro-de-macri-lo-llamo-para-bloquear-los-fondos-del-fmi-y-reventar-al-gobierno\/"},"wordCount":467,"publisher":{"@id":"https:\/\/apuntesdesanluis.com\/#\/schema\/person\/b55151d52296fcce64d1a72538a70b90"},"image":{"@id":"https:\/\/apuntesdesanluis.com\/index.php\/2023\/08\/27\/milei-dijo-que-un-ex-ministro-de-macri-lo-llamo-para-bloquear-los-fondos-del-fmi-y-reventar-al-gobierno\/#primaryimage"},"thumbnailUrl":"https:\/\/apuntesdesanluis.com\/wp-content\/uploads\/2023\/08\/milei-1.png","articleSection":["Nacionales\/Internacionales"],"inLanguage":"es-AR"},{"@type":"WebPage","@id":"https:\/\/apuntesdesanluis.com\/index.php\/2023\/08\/27\/milei-dijo-que-un-ex-ministro-de-macri-lo-llamo-para-bloquear-los-fondos-del-fmi-y-reventar-al-gobierno\/","url":"https:\/\/apuntesdesanluis.com\/index.php\/2023\/08\/27\/milei-dijo-que-un-ex-ministro-de-macri-lo-llamo-para-bloquear-los-fondos-del-fmi-y-reventar-al-gobierno\/","name":"MILEI DIJO QUE UN EX MINISTRO DE MACRI LO LLAM\u00d3 PARA BLOQUEAR LOS FONDOS DEL FMI Y \"REVENTAR AL GOBIERNO\" - Apuntes de San Luis","isPartOf":{"@id":"https:\/\/apuntesdesanluis.com\/#website"},"primaryImageOfPage":{"@id":"https:\/\/apuntesdesanluis.com\/index.php\/2023\/08\/27\/milei-dijo-que-un-ex-ministro-de-macri-lo-llamo-para-bloquear-los-fondos-del-fmi-y-reventar-al-gobierno\/#primaryimage"},"image":{"@id":"https:\/\/apuntesdesanluis.com\/index.php\/2023\/08\/27\/milei-dijo-que-un-ex-ministro-de-macri-lo-llamo-para-bloquear-los-fondos-del-fmi-y-reventar-al-gobierno\/#primaryimage"},"thumbnailUrl":"https:\/\/apuntesdesanluis.com\/wp-content\/uploads\/2023\/08\/milei-1.png","datePublished":"2023-08-28T02:22:11+00:00","breadcrumb":{"@id":"https:\/\/apuntesdesanluis.com\/index.php\/2023\/08\/27\/milei-dijo-que-un-ex-ministro-de-macri-lo-llamo-para-bloquear-los-fondos-del-fmi-y-reventar-al-gobierno\/#breadcrumb"},"inLanguage":"es-AR","potentialAction":[{"@type":"ReadAction","target":["https:\/\/apuntesdesanluis.com\/index.php\/2023\/08\/27\/milei-dijo-que-un-ex-ministro-de-macri-lo-llamo-para-bloquear-los-fondos-del-fmi-y-reventar-al-gobierno\/"]}]},{"@type":"ImageObject","inLanguage":"es-AR","@id":"https:\/\/apuntesdesanluis.com\/index.php\/2023\/08\/27\/milei-dijo-que-un-ex-ministro-de-macri-lo-llamo-para-bloquear-los-fondos-del-fmi-y-reventar-al-gobierno\/#primaryimage","url":"https:\/\/apuntesdesanluis.com\/wp-content\/uploads\/2023\/08\/milei-1.png","contentUrl":"https:\/\/apuntesdesanluis.com\/wp-content\/uploads\/2023\/08\/milei-1.png","width":600,"height":371},{"@type":"BreadcrumbList","@id":"https:\/\/apuntesdesanluis.com\/index.php\/2023\/08\/27\/milei-dijo-que-un-ex-ministro-de-macri-lo-llamo-para-bloquear-los-fondos-del-fmi-y-reventar-al-gobierno\/#breadcrumb","itemListElement":[{"@type":"ListItem","position":1,"name":"Inicio","item":"https:\/\/apuntesdesanluis.com\/"},{"@type":"ListItem","position":2,"name":"MILEI DIJO QUE UN EX MINISTRO DE MACRI LO LLAM\u00d3 PARA BLOQUEAR LOS FONDOS DEL FMI Y &#8220;REVENTAR AL GOBIERNO&#8221;"}]},{"@type":"WebSite","@id":"https:\/\/apuntesdesanluis.com\/#website","url":"https:\/\/apuntesdesanluis.com\/","name":"Apuntes de San Luis","description":"","publisher":{"@id":"https:\/\/apuntesdesanluis.com\/#\/schema\/person\/b55151d52296fcce64d1a72538a70b90"},"potentialAction":[{"@type":"SearchAction","target":{"@type":"EntryPoint","urlTemplate":"https:\/\/apuntesdesanluis.com\/?s={search_term_string}"},"query-input":{"@type":"PropertyValueSpecification","valueRequired":true,"valueName":"search_term_string"}}],"inLanguage":"es-AR"},{"@type":["Person","Organization"],"@id":"https:\/\/apuntesdesanluis.com\/#\/schema\/person\/b55151d52296fcce64d1a72538a70b90","name":"apuntesdesanluis.com","image":{"@type":"ImageObject","inLanguage":"es-AR","@id":"https:\/\/apuntesdesanluis.com\/#\/schema\/person\/image\/","url":"https:\/\/apuntesdesanluis.com\/wp-content\/uploads\/2023\/07\/cropped-apuntesdesanluis.png","contentUrl":"https:\/\/apuntesdesanluis.com\/wp-content\/uploads\/2023\/07\/cropped-apuntesdesanluis.png","width":450,"height":112,"caption":"apuntesdesanluis.com"},"logo":{"@id":"https:\/\/apuntesdesanluis.com\/#\/schema\/person\/image\/"},"sameAs":["https:\/\/apuntesdesanluis.com"],"url":"https:\/\/apuntesdesanluis.com\/index.php\/author\/apuntesdesanluis-com\/"}]}},"featured_image_urls":{"full":["https:\/\/apuntesdesanluis.com\/wp-content\/uploads\/2023\/08\/milei-1.png",600,371,false],"thumbnail":["https:\/\/apuntesdesanluis.com\/wp-content\/uploads\/2023\/08\/milei-1-150x150.png",150,150,true],"medium":["https:\/\/apuntesdesanluis.com\/wp-content\/uploads\/2023\/08\/milei-1-300x186.png",300,186,true],"medium_large":["https:\/\/apuntesdesanluis.com\/wp-content\/uploads\/2023\/08\/milei-1.png",600,371,false],"large":["https:\/\/apuntesdesanluis.com\/wp-content\/uploads\/2023\/08\/milei-1.png",600,371,false],"1536x1536":["https:\/\/apuntesdesanluis.com\/wp-content\/uploads\/2023\/08\/milei-1.png",600,371,false],"2048x2048":["https:\/\/apuntesdesanluis.com\/wp-content\/uploads\/2023\/08\/milei-1.png",600,371,false],"newsever-slider-full":["https:\/\/apuntesdesanluis.com\/wp-content\/uploads\/2023\/08\/milei-1.png",600,371,false],"newsever-featured":["https:\/\/apuntesdesanluis.com\/wp-content\/uploads\/2023\/08\/milei-1.png",600,371,false],"newsever-medium":["https:\/\/apuntesdesanluis.com\/wp-content\/uploads\/2023\/08\/milei-1.png",600,371,false]},"author_info":{"display_name":"apuntesdesanluis.com","author_link":"https:\/\/apuntesdesanluis.com\/index.php\/author\/apuntesdesanluis-com\/"},"category_info":"<a href=\"https:\/\/apuntesdesanluis.com\/index.php\/category\/nacionales-internacionales\/\" rel=\"category tag\">Nacionales\/Internacionales<\/a>","tag_info":"Nacionales\/Internacionales","comment_count":"0","_links":{"self":[{"href":"https:\/\/apuntesdesanluis.com\/index.php\/wp-json\/wp\/v2\/posts\/2185","targetHints":{"allow":["GET"]}}],"collection":[{"href":"https:\/\/apuntesdesanluis.com\/index.php\/wp-json\/wp\/v2\/posts"}],"about":[{"href":"https:\/\/apuntesdesanluis.com\/index.php\/wp-json\/wp\/v2\/types\/post"}],"author":[{"embeddable":true,"href":"https:\/\/apuntesdesanluis.com\/index.php\/wp-json\/wp\/v2\/users\/1"}],"replies":[{"embeddable":true,"href":"https:\/\/apuntesdesanluis.com\/index.php\/wp-json\/wp\/v2\/comments?post=2185"}],"version-history":[{"count":1,"href":"https:\/\/apuntesdesanluis.com\/index.php\/wp-json\/wp\/v2\/posts\/2185\/revisions"}],"predecessor-version":[{"id":2186,"href":"https:\/\/apuntesdesanluis.com\/index.php\/wp-json\/wp\/v2\/posts\/2185\/revisions\/2186"}],"wp:featuredmedia":[{"embeddable":true,"href":"https:\/\/apuntesdesanluis.com\/index.php\/wp-json\/wp\/v2\/media\/1568"}],"wp:attachment":[{"href":"https:\/\/apuntesdesanluis.com\/index.php\/wp-json\/wp\/v2\/media?parent=2185"}],"wp:term":[{"taxonomy":"category","embeddable":true,"href":"https:\/\/apuntesdesanluis.com\/index.php\/wp-json\/wp\/v2\/categories?post=2185"},{"taxonomy":"post_tag","embeddable":true,"href":"https:\/\/apuntesdesanluis.com\/index.php\/wp-json\/wp\/v2\/tags?post=2185"}],"curies":[{"name":"wp","href":"https:\/\/api.w.org\/{rel}","templated":true}]}}