{"id":21864,"date":"2024-09-06T21:21:55","date_gmt":"2024-09-07T00:21:55","guid":{"rendered":"https:\/\/apuntesdesanluis.com\/?p=21864"},"modified":"2024-09-06T21:22:10","modified_gmt":"2024-09-07T00:22:10","slug":"el-gobierno-y-la-municipalidad-de-fraga-firmaron-acuerdo-para-ampliar-la-escuela","status":"publish","type":"post","link":"https:\/\/apuntesdesanluis.com\/index.php\/2024\/09\/06\/el-gobierno-y-la-municipalidad-de-fraga-firmaron-acuerdo-para-ampliar-la-escuela\/","title":{"rendered":"EL GOBIERNO Y LA MUNICIPALIDAD DE FRAGA FIRMARON ACUERDO PARA AMPLIAR LA ESCUELA"},"content":{"rendered":"<h3>El gobernador <strong>Claudio Poggi<\/strong> arrib\u00f3 este viernes a Fraga en el colectivo con el que recorre la provincia junto a su gabinete. All\u00ed firm\u00f3 un acuerdo para una ampliaci\u00f3n del Centro Educativo N\u00ba22 \u2018Historiador Urbano J. N\u00fa\u00f1ez\u2019 y dialog\u00f3 con los integrantes de la comunidad educativa. Tambi\u00e9n firm\u00f3 <b>un convenio de comodato para ceder al municipio el manejo de la terminal de \u00f3mnibus hasta fines de 2025.<\/b><\/h3>\n<h3>El proyecto de ampliaci\u00f3n de la escuela tiene un presupuesto de $181.478.000, busca mejorar la infraestructura educativa en la regi\u00f3n y brindar m\u00e1s oportunidades a los estudiantes. Incluir\u00e1 la construcci\u00f3n de tres aulas nuevas, que se sumar\u00e1n a las ya existentes en el centro educativo.<\/h3>\n<h3>La instituci\u00f3n cuenta actualmente con 385 estudiantes distribuidos en los niveles Inicial, Primario y Secundario. Ofrece orientaci\u00f3n en Producci\u00f3n Agropecuaria y tiene un equipo de 65 docentes y tres preceptores.<\/h3>\n<p><img fetchpriority=\"high\" decoding=\"async\" class=\"wp-image-21866 aligncenter\" src=\"https:\/\/apuntesdesanluis.com\/wp-content\/uploads\/2024\/09\/POGGI-Y-DIRECTORA-300x213.jpg\" alt=\"\" width=\"687\" height=\"488\" srcset=\"https:\/\/apuntesdesanluis.com\/wp-content\/uploads\/2024\/09\/POGGI-Y-DIRECTORA-300x213.jpg 300w, https:\/\/apuntesdesanluis.com\/wp-content\/uploads\/2024\/09\/POGGI-Y-DIRECTORA.jpg 654w\" sizes=\"(max-width: 687px) 100vw, 687px\" \/><\/p>\n<h3>El intendente comisionado, <strong>Gast\u00f3n Argenio<\/strong>, particip\u00f3 del acto. Cont\u00f3 que esta necesidad de ampliar la escuela no es nueva. \u201cLa planificaci\u00f3n no estuvo, y ahora la realidad es que ya no ten\u00edamos d\u00f3nde dar clases a los chicos. En un principio nos \u00edbamos a hacer cargo con fondos municipales. El s\u00e1bado le dije \u2018mire, Gobernador, la verdad es que nos vamos a esforzar hasta que lleguemos\u2019, y usted me dijo \u2018no, \u00bfPor qu\u00e9 ustedes tienen que hacer la obra si nos corresponde a nosotros? La vamos a hacer nosotros\u2019. En ese momento le agradec\u00ed, y despu\u00e9s cuando habl\u00e9 con el ministro Araujo pr\u00e1cticamente se me cayeron las l\u00e1grimas\u201d, refiri\u00f3 Argenio.<\/h3>\n<h3>\u201cDoy fe que el Intendente ha sido un insistidor y leg\u00edtimo perseverante. Est\u00e1 bueno que todos se ocupen de las escuelas de pueblo. Hay otros que dicen que de eso se tiene que hacer cargo la Provincia y hay otros que no. Son dos formas de actuar: hacerse cargo y gestionar juntos o desentenderse. Por eso yo valoro mucho lo que hizo, porque insisti\u00f3\u201d, dijo Poggi.<\/h3>\n<h3>El convenio firmado entre la municipalidad de Fraga y el Ejecutivo provincial establece que la Intendencia ser\u00e1 la responsable de la ejecuci\u00f3n del proyecto, mientras que el ministerio de Hacienda e Infraestructura P\u00fablica se encargar\u00e1 de la inspecci\u00f3n y aprobaci\u00f3n de los trabajos. Adem\u00e1s, el convenio incluye la designaci\u00f3n de un representante t\u00e9cnico, la arquitecta Andrea Dalmagro Garay, quien ser\u00e1 la responsable de la supervisi\u00f3n t\u00e9cnica.<\/h3>\n<h3>La obra iniciar\u00e1 en los pr\u00f3ximos d\u00edas y se espera que est\u00e9 finalizada en un plazo de 240 d\u00edas corridos. Con este acuerdo, las autoridades municipales y provinciales demuestran su compromiso con la educaci\u00f3n y con el desarrollo de la regi\u00f3n. \u201cSon tres m\u00f3dulos de aulas m\u00e1s una galer\u00eda y se agregan dos ingresos m\u00e1s. Y queda una cuesti\u00f3n interesante en proyecto, que es un patio claustro\u201d, detall\u00f3 la arquitecta <strong>Valeria Lange<\/strong> en el acto.<\/h3>\n<p><iframe title=\"Gabriela Venegas y Natalia Correa, Autoridades del establecimiento Educativo N\u00ba22 Fraga\" width=\"640\" height=\"360\" src=\"https:\/\/www.youtube.com\/embed\/bRn5MXV7IdE?feature=oembed\" frameborder=\"0\" allow=\"accelerometer; autoplay; clipboard-write; encrypted-media; gyroscope; picture-in-picture; web-share\" referrerpolicy=\"strict-origin-when-cross-origin\" allowfullscreen><\/iframe><\/p>\n<h3><strong>TERMINAL DE \u00d3MNIBUS <\/strong><\/h3>\n<h3>El gobernador <strong>Claudio Poggi<\/strong>; el secretario de Transporte, <strong>V\u00edctor Cianchino<\/strong> y el intendente, <strong>Gast\u00f3n Argenio<\/strong>, firmaron un convenio de comodato de las instalaciones hasta fines de 2025, con posibilidad de prorrogar ese plazo.<\/h3>\n<p><img decoding=\"async\" class=\"wp-image-21867 aligncenter\" src=\"https:\/\/apuntesdesanluis.com\/wp-content\/uploads\/2024\/09\/convenio-300x202.png\" alt=\"\" width=\"593\" height=\"399\" srcset=\"https:\/\/apuntesdesanluis.com\/wp-content\/uploads\/2024\/09\/convenio-300x202.png 300w, https:\/\/apuntesdesanluis.com\/wp-content\/uploads\/2024\/09\/convenio.png 730w\" sizes=\"(max-width: 593px) 100vw, 593px\" \/><\/p>\n<h3>La iniciativa forma parte de un programa que la cartera de Transporte lleva adelante para reacondicionar las terminales de la provincia. La idea es que la Municipalidad se haga cargo de la gesti\u00f3n administrativa y mantenimiento de las instalaciones hasta el 30 de noviembre de 2025, permiti\u00e9ndole gestionar sus espacios para proyectos comerciales y administrar las tasas de uso de la misma. Por su parte, la Secretar\u00eda tendr\u00e1 una oficina para cooperar y seguir coordinando las l\u00edneas y corredores que pasan por el pueblo.<\/h3>\n<h3>\u201cEste plan est\u00e1 entre los proyectos m\u00e1s importantes que tenemos, la remodelaci\u00f3n de cada una de estas terminales. El Gobernador nos ha pedido que vuelvan a convertirse en centros de integraci\u00f3n social para los que fueron creados, un ambicioso plan que tiene que ver con la renovaci\u00f3n edilicia, su infraestructura de servicios, el reordenamiento de los locales comerciales, boleter\u00eda y oficinas que est\u00e1n dentro de la terminal y despu\u00e9s un trabajo conjunto que tiene que ver con el servicio interurbano, para que todos nuestros usuarios est\u00e9n conectados a lo largo y ancho de la provincia\u201d, explic\u00f3 <strong>Guadalupe Soria<\/strong>, directora de Terminales e Integraci\u00f3n Regional.<\/h3>\n<h3>Para Argenio, el traspaso significa la concesi\u00f3n de \u201cun proyecto muy lindo que tenemos y que no es solo m\u00edo, es de mucha gente que est\u00e1 colaborando y trabajando en este y las dem\u00e1s iniciativas que tenemos en la gesti\u00f3n municipal. Le agradezco la posibilidad de trabajar en conjunto y me parece que lo m\u00e1s importante es que lo hacen posible todos ustedes\u201d.<\/h3>\n<p><img decoding=\"async\" class=\"wp-image-21868 aligncenter\" src=\"https:\/\/apuntesdesanluis.com\/wp-content\/uploads\/2024\/09\/argenio-con-poggi-300x214.png\" alt=\"\" width=\"571\" height=\"407\" srcset=\"https:\/\/apuntesdesanluis.com\/wp-content\/uploads\/2024\/09\/argenio-con-poggi-300x214.png 300w, https:\/\/apuntesdesanluis.com\/wp-content\/uploads\/2024\/09\/argenio-con-poggi.png 607w\" sizes=\"(max-width: 571px) 100vw, 571px\" \/><\/p>\n<h3>El Primer Mandatario volvi\u00f3 a remarcar la obligaci\u00f3n de estrechar v\u00ednculos con todos los intendentes, visitar todas las localidades y pueblos de la provincia y escuchar de primera mano sus necesidades e inquietudes.<\/h3>\n<p>&nbsp;<\/p>\n<p>&nbsp;<\/p>\n<p>&nbsp;<\/p>\n<p>&nbsp;<\/p>\n","protected":false},"excerpt":{"rendered":"<p>El gobernador Claudio Poggi arrib\u00f3 este viernes a Fraga en el colectivo con el que&#8230;<\/p>\n","protected":false},"author":1,"featured_media":21865,"comment_status":"closed","ping_status":"closed","sticky":false,"template":"","format":"standard","meta":{"footnotes":""},"categories":[6],"tags":[],"class_list":["post-21864","post","type-post","status-publish","format-standard","has-post-thumbnail","hentry","category-ciudad-provincia"],"yoast_head":"<!-- This site is optimized with the Yoast SEO plugin v26.1.1 - https:\/\/yoast.com\/wordpress\/plugins\/seo\/ -->\n<title>EL GOBIERNO Y LA MUNICIPALIDAD DE FRAGA FIRMARON ACUERDO PARA AMPLIAR LA ESCUELA - Apuntes de San Luis<\/title>\n<meta name=\"robots\" content=\"index, follow, max-snippet:-1, max-image-preview:large, max-video-preview:-1\" \/>\n<link rel=\"canonical\" href=\"https:\/\/apuntesdesanluis.com\/index.php\/2024\/09\/06\/el-gobierno-y-la-municipalidad-de-fraga-firmaron-acuerdo-para-ampliar-la-escuela\/\" \/>\n<meta property=\"og:locale\" content=\"es_ES\" \/>\n<meta property=\"og:type\" content=\"article\" \/>\n<meta property=\"og:title\" content=\"EL GOBIERNO Y LA MUNICIPALIDAD DE FRAGA FIRMARON ACUERDO PARA AMPLIAR LA ESCUELA - Apuntes de San Luis\" \/>\n<meta property=\"og:description\" content=\"El gobernador Claudio Poggi arrib\u00f3 este viernes a Fraga en el colectivo con el que...\" \/>\n<meta property=\"og:url\" content=\"https:\/\/apuntesdesanluis.com\/index.php\/2024\/09\/06\/el-gobierno-y-la-municipalidad-de-fraga-firmaron-acuerdo-para-ampliar-la-escuela\/\" \/>\n<meta property=\"og:site_name\" content=\"Apuntes de San Luis\" \/>\n<meta property=\"article:published_time\" content=\"2024-09-07T00:21:55+00:00\" \/>\n<meta property=\"article:modified_time\" content=\"2024-09-07T00:22:10+00:00\" \/>\n<meta property=\"og:image\" content=\"https:\/\/apuntesdesanluis.com\/wp-content\/uploads\/2024\/09\/ARGENIO-Y-POGGI.jpg\" \/>\n\t<meta property=\"og:image:width\" content=\"700\" \/>\n\t<meta property=\"og:image:height\" content=\"452\" \/>\n\t<meta property=\"og:image:type\" content=\"image\/jpeg\" \/>\n<meta name=\"author\" content=\"apuntesdesanluis.com\" \/>\n<meta name=\"twitter:card\" content=\"summary_large_image\" \/>\n<meta name=\"twitter:label1\" content=\"Escrito por\" \/>\n\t<meta name=\"twitter:data1\" content=\"apuntesdesanluis.com\" \/>\n\t<meta name=\"twitter:label2\" content=\"Tiempo de lectura\" \/>\n\t<meta name=\"twitter:data2\" content=\"5 minutos\" \/>\n<script type=\"application\/ld+json\" class=\"yoast-schema-graph\">{\"@context\":\"https:\/\/schema.org\",\"@graph\":[{\"@type\":\"Article\",\"@id\":\"https:\/\/apuntesdesanluis.com\/index.php\/2024\/09\/06\/el-gobierno-y-la-municipalidad-de-fraga-firmaron-acuerdo-para-ampliar-la-escuela\/#article\",\"isPartOf\":{\"@id\":\"https:\/\/apuntesdesanluis.com\/index.php\/2024\/09\/06\/el-gobierno-y-la-municipalidad-de-fraga-firmaron-acuerdo-para-ampliar-la-escuela\/\"},\"author\":{\"name\":\"apuntesdesanluis.com\",\"@id\":\"https:\/\/apuntesdesanluis.com\/#\/schema\/person\/b55151d52296fcce64d1a72538a70b90\"},\"headline\":\"EL GOBIERNO Y LA MUNICIPALIDAD DE FRAGA FIRMARON ACUERDO PARA AMPLIAR LA ESCUELA\",\"datePublished\":\"2024-09-07T00:21:55+00:00\",\"dateModified\":\"2024-09-07T00:22:10+00:00\",\"mainEntityOfPage\":{\"@id\":\"https:\/\/apuntesdesanluis.com\/index.php\/2024\/09\/06\/el-gobierno-y-la-municipalidad-de-fraga-firmaron-acuerdo-para-ampliar-la-escuela\/\"},\"wordCount\":857,\"publisher\":{\"@id\":\"https:\/\/apuntesdesanluis.com\/#\/schema\/person\/b55151d52296fcce64d1a72538a70b90\"},\"image\":{\"@id\":\"https:\/\/apuntesdesanluis.com\/index.php\/2024\/09\/06\/el-gobierno-y-la-municipalidad-de-fraga-firmaron-acuerdo-para-ampliar-la-escuela\/#primaryimage\"},\"thumbnailUrl\":\"https:\/\/apuntesdesanluis.com\/wp-content\/uploads\/2024\/09\/ARGENIO-Y-POGGI.jpg\",\"articleSection\":[\"Ciudad\/Provincia\"],\"inLanguage\":\"es-AR\"},{\"@type\":\"WebPage\",\"@id\":\"https:\/\/apuntesdesanluis.com\/index.php\/2024\/09\/06\/el-gobierno-y-la-municipalidad-de-fraga-firmaron-acuerdo-para-ampliar-la-escuela\/\",\"url\":\"https:\/\/apuntesdesanluis.com\/index.php\/2024\/09\/06\/el-gobierno-y-la-municipalidad-de-fraga-firmaron-acuerdo-para-ampliar-la-escuela\/\",\"name\":\"EL GOBIERNO Y LA MUNICIPALIDAD DE FRAGA FIRMARON ACUERDO PARA AMPLIAR LA ESCUELA - Apuntes de San Luis\",\"isPartOf\":{\"@id\":\"https:\/\/apuntesdesanluis.com\/#website\"},\"primaryImageOfPage\":{\"@id\":\"https:\/\/apuntesdesanluis.com\/index.php\/2024\/09\/06\/el-gobierno-y-la-municipalidad-de-fraga-firmaron-acuerdo-para-ampliar-la-escuela\/#primaryimage\"},\"image\":{\"@id\":\"https:\/\/apuntesdesanluis.com\/index.php\/2024\/09\/06\/el-gobierno-y-la-municipalidad-de-fraga-firmaron-acuerdo-para-ampliar-la-escuela\/#primaryimage\"},\"thumbnailUrl\":\"https:\/\/apuntesdesanluis.com\/wp-content\/uploads\/2024\/09\/ARGENIO-Y-POGGI.jpg\",\"datePublished\":\"2024-09-07T00:21:55+00:00\",\"dateModified\":\"2024-09-07T00:22:10+00:00\",\"breadcrumb\":{\"@id\":\"https:\/\/apuntesdesanluis.com\/index.php\/2024\/09\/06\/el-gobierno-y-la-municipalidad-de-fraga-firmaron-acuerdo-para-ampliar-la-escuela\/#breadcrumb\"},\"inLanguage\":\"es-AR\",\"potentialAction\":[{\"@type\":\"ReadAction\",\"target\":[\"https:\/\/apuntesdesanluis.com\/index.php\/2024\/09\/06\/el-gobierno-y-la-municipalidad-de-fraga-firmaron-acuerdo-para-ampliar-la-escuela\/\"]}]},{\"@type\":\"ImageObject\",\"inLanguage\":\"es-AR\",\"@id\":\"https:\/\/apuntesdesanluis.com\/index.php\/2024\/09\/06\/el-gobierno-y-la-municipalidad-de-fraga-firmaron-acuerdo-para-ampliar-la-escuela\/#primaryimage\",\"url\":\"https:\/\/apuntesdesanluis.com\/wp-content\/uploads\/2024\/09\/ARGENIO-Y-POGGI.jpg\",\"contentUrl\":\"https:\/\/apuntesdesanluis.com\/wp-content\/uploads\/2024\/09\/ARGENIO-Y-POGGI.jpg\",\"width\":700,\"height\":452},{\"@type\":\"BreadcrumbList\",\"@id\":\"https:\/\/apuntesdesanluis.com\/index.php\/2024\/09\/06\/el-gobierno-y-la-municipalidad-de-fraga-firmaron-acuerdo-para-ampliar-la-escuela\/#breadcrumb\",\"itemListElement\":[{\"@type\":\"ListItem\",\"position\":1,\"name\":\"Inicio\",\"item\":\"https:\/\/apuntesdesanluis.com\/\"},{\"@type\":\"ListItem\",\"position\":2,\"name\":\"EL GOBIERNO Y LA MUNICIPALIDAD DE FRAGA FIRMARON ACUERDO PARA AMPLIAR LA ESCUELA\"}]},{\"@type\":\"WebSite\",\"@id\":\"https:\/\/apuntesdesanluis.com\/#website\",\"url\":\"https:\/\/apuntesdesanluis.com\/\",\"name\":\"Apuntes de San Luis\",\"description\":\"\",\"publisher\":{\"@id\":\"https:\/\/apuntesdesanluis.com\/#\/schema\/person\/b55151d52296fcce64d1a72538a70b90\"},\"potentialAction\":[{\"@type\":\"SearchAction\",\"target\":{\"@type\":\"EntryPoint\",\"urlTemplate\":\"https:\/\/apuntesdesanluis.com\/?s={search_term_string}\"},\"query-input\":{\"@type\":\"PropertyValueSpecification\",\"valueRequired\":true,\"valueName\":\"search_term_string\"}}],\"inLanguage\":\"es-AR\"},{\"@type\":[\"Person\",\"Organization\"],\"@id\":\"https:\/\/apuntesdesanluis.com\/#\/schema\/person\/b55151d52296fcce64d1a72538a70b90\",\"name\":\"apuntesdesanluis.com\",\"image\":{\"@type\":\"ImageObject\",\"inLanguage\":\"es-AR\",\"@id\":\"https:\/\/apuntesdesanluis.com\/#\/schema\/person\/image\/\",\"url\":\"https:\/\/apuntesdesanluis.com\/wp-content\/uploads\/2023\/07\/cropped-apuntesdesanluis.png\",\"contentUrl\":\"https:\/\/apuntesdesanluis.com\/wp-content\/uploads\/2023\/07\/cropped-apuntesdesanluis.png\",\"width\":450,\"height\":112,\"caption\":\"apuntesdesanluis.com\"},\"logo\":{\"@id\":\"https:\/\/apuntesdesanluis.com\/#\/schema\/person\/image\/\"},\"sameAs\":[\"https:\/\/apuntesdesanluis.com\"],\"url\":\"https:\/\/apuntesdesanluis.com\/index.php\/author\/apuntesdesanluis-com\/\"}]}<\/script>\n<!-- \/ Yoast SEO plugin. -->","yoast_head_json":{"title":"EL GOBIERNO Y LA MUNICIPALIDAD DE FRAGA FIRMARON ACUERDO PARA AMPLIAR LA ESCUELA - Apuntes de San Luis","robots":{"index":"index","follow":"follow","max-snippet":"max-snippet:-1","max-image-preview":"max-image-preview:large","max-video-preview":"max-video-preview:-1"},"canonical":"https:\/\/apuntesdesanluis.com\/index.php\/2024\/09\/06\/el-gobierno-y-la-municipalidad-de-fraga-firmaron-acuerdo-para-ampliar-la-escuela\/","og_locale":"es_ES","og_type":"article","og_title":"EL GOBIERNO Y LA MUNICIPALIDAD DE FRAGA FIRMARON ACUERDO PARA AMPLIAR LA ESCUELA - Apuntes de San Luis","og_description":"El gobernador Claudio Poggi arrib\u00f3 este viernes a Fraga en el colectivo con el que...","og_url":"https:\/\/apuntesdesanluis.com\/index.php\/2024\/09\/06\/el-gobierno-y-la-municipalidad-de-fraga-firmaron-acuerdo-para-ampliar-la-escuela\/","og_site_name":"Apuntes de San Luis","article_published_time":"2024-09-07T00:21:55+00:00","article_modified_time":"2024-09-07T00:22:10+00:00","og_image":[{"width":700,"height":452,"url":"https:\/\/apuntesdesanluis.com\/wp-content\/uploads\/2024\/09\/ARGENIO-Y-POGGI.jpg","type":"image\/jpeg"}],"author":"apuntesdesanluis.com","twitter_card":"summary_large_image","twitter_misc":{"Escrito por":"apuntesdesanluis.com","Tiempo de lectura":"5 minutos"},"schema":{"@context":"https:\/\/schema.org","@graph":[{"@type":"Article","@id":"https:\/\/apuntesdesanluis.com\/index.php\/2024\/09\/06\/el-gobierno-y-la-municipalidad-de-fraga-firmaron-acuerdo-para-ampliar-la-escuela\/#article","isPartOf":{"@id":"https:\/\/apuntesdesanluis.com\/index.php\/2024\/09\/06\/el-gobierno-y-la-municipalidad-de-fraga-firmaron-acuerdo-para-ampliar-la-escuela\/"},"author":{"name":"apuntesdesanluis.com","@id":"https:\/\/apuntesdesanluis.com\/#\/schema\/person\/b55151d52296fcce64d1a72538a70b90"},"headline":"EL GOBIERNO Y LA MUNICIPALIDAD DE FRAGA FIRMARON ACUERDO PARA AMPLIAR LA ESCUELA","datePublished":"2024-09-07T00:21:55+00:00","dateModified":"2024-09-07T00:22:10+00:00","mainEntityOfPage":{"@id":"https:\/\/apuntesdesanluis.com\/index.php\/2024\/09\/06\/el-gobierno-y-la-municipalidad-de-fraga-firmaron-acuerdo-para-ampliar-la-escuela\/"},"wordCount":857,"publisher":{"@id":"https:\/\/apuntesdesanluis.com\/#\/schema\/person\/b55151d52296fcce64d1a72538a70b90"},"image":{"@id":"https:\/\/apuntesdesanluis.com\/index.php\/2024\/09\/06\/el-gobierno-y-la-municipalidad-de-fraga-firmaron-acuerdo-para-ampliar-la-escuela\/#primaryimage"},"thumbnailUrl":"https:\/\/apuntesdesanluis.com\/wp-content\/uploads\/2024\/09\/ARGENIO-Y-POGGI.jpg","articleSection":["Ciudad\/Provincia"],"inLanguage":"es-AR"},{"@type":"WebPage","@id":"https:\/\/apuntesdesanluis.com\/index.php\/2024\/09\/06\/el-gobierno-y-la-municipalidad-de-fraga-firmaron-acuerdo-para-ampliar-la-escuela\/","url":"https:\/\/apuntesdesanluis.com\/index.php\/2024\/09\/06\/el-gobierno-y-la-municipalidad-de-fraga-firmaron-acuerdo-para-ampliar-la-escuela\/","name":"EL GOBIERNO Y LA MUNICIPALIDAD DE FRAGA FIRMARON ACUERDO PARA AMPLIAR LA ESCUELA - Apuntes de San Luis","isPartOf":{"@id":"https:\/\/apuntesdesanluis.com\/#website"},"primaryImageOfPage":{"@id":"https:\/\/apuntesdesanluis.com\/index.php\/2024\/09\/06\/el-gobierno-y-la-municipalidad-de-fraga-firmaron-acuerdo-para-ampliar-la-escuela\/#primaryimage"},"image":{"@id":"https:\/\/apuntesdesanluis.com\/index.php\/2024\/09\/06\/el-gobierno-y-la-municipalidad-de-fraga-firmaron-acuerdo-para-ampliar-la-escuela\/#primaryimage"},"thumbnailUrl":"https:\/\/apuntesdesanluis.com\/wp-content\/uploads\/2024\/09\/ARGENIO-Y-POGGI.jpg","datePublished":"2024-09-07T00:21:55+00:00","dateModified":"2024-09-07T00:22:10+00:00","breadcrumb":{"@id":"https:\/\/apuntesdesanluis.com\/index.php\/2024\/09\/06\/el-gobierno-y-la-municipalidad-de-fraga-firmaron-acuerdo-para-ampliar-la-escuela\/#breadcrumb"},"inLanguage":"es-AR","potentialAction":[{"@type":"ReadAction","target":["https:\/\/apuntesdesanluis.com\/index.php\/2024\/09\/06\/el-gobierno-y-la-municipalidad-de-fraga-firmaron-acuerdo-para-ampliar-la-escuela\/"]}]},{"@type":"ImageObject","inLanguage":"es-AR","@id":"https:\/\/apuntesdesanluis.com\/index.php\/2024\/09\/06\/el-gobierno-y-la-municipalidad-de-fraga-firmaron-acuerdo-para-ampliar-la-escuela\/#primaryimage","url":"https:\/\/apuntesdesanluis.com\/wp-content\/uploads\/2024\/09\/ARGENIO-Y-POGGI.jpg","contentUrl":"https:\/\/apuntesdesanluis.com\/wp-content\/uploads\/2024\/09\/ARGENIO-Y-POGGI.jpg","width":700,"height":452},{"@type":"BreadcrumbList","@id":"https:\/\/apuntesdesanluis.com\/index.php\/2024\/09\/06\/el-gobierno-y-la-municipalidad-de-fraga-firmaron-acuerdo-para-ampliar-la-escuela\/#breadcrumb","itemListElement":[{"@type":"ListItem","position":1,"name":"Inicio","item":"https:\/\/apuntesdesanluis.com\/"},{"@type":"ListItem","position":2,"name":"EL GOBIERNO Y LA MUNICIPALIDAD DE FRAGA FIRMARON ACUERDO PARA AMPLIAR LA ESCUELA"}]},{"@type":"WebSite","@id":"https:\/\/apuntesdesanluis.com\/#website","url":"https:\/\/apuntesdesanluis.com\/","name":"Apuntes de San Luis","description":"","publisher":{"@id":"https:\/\/apuntesdesanluis.com\/#\/schema\/person\/b55151d52296fcce64d1a72538a70b90"},"potentialAction":[{"@type":"SearchAction","target":{"@type":"EntryPoint","urlTemplate":"https:\/\/apuntesdesanluis.com\/?s={search_term_string}"},"query-input":{"@type":"PropertyValueSpecification","valueRequired":true,"valueName":"search_term_string"}}],"inLanguage":"es-AR"},{"@type":["Person","Organization"],"@id":"https:\/\/apuntesdesanluis.com\/#\/schema\/person\/b55151d52296fcce64d1a72538a70b90","name":"apuntesdesanluis.com","image":{"@type":"ImageObject","inLanguage":"es-AR","@id":"https:\/\/apuntesdesanluis.com\/#\/schema\/person\/image\/","url":"https:\/\/apuntesdesanluis.com\/wp-content\/uploads\/2023\/07\/cropped-apuntesdesanluis.png","contentUrl":"https:\/\/apuntesdesanluis.com\/wp-content\/uploads\/2023\/07\/cropped-apuntesdesanluis.png","width":450,"height":112,"caption":"apuntesdesanluis.com"},"logo":{"@id":"https:\/\/apuntesdesanluis.com\/#\/schema\/person\/image\/"},"sameAs":["https:\/\/apuntesdesanluis.com"],"url":"https:\/\/apuntesdesanluis.com\/index.php\/author\/apuntesdesanluis-com\/"}]}},"featured_image_urls":{"full":["https:\/\/apuntesdesanluis.com\/wp-content\/uploads\/2024\/09\/ARGENIO-Y-POGGI.jpg",700,452,false],"thumbnail":["https:\/\/apuntesdesanluis.com\/wp-content\/uploads\/2024\/09\/ARGENIO-Y-POGGI-150x150.jpg",150,150,true],"medium":["https:\/\/apuntesdesanluis.com\/wp-content\/uploads\/2024\/09\/ARGENIO-Y-POGGI-300x194.jpg",300,194,true],"medium_large":["https:\/\/apuntesdesanluis.com\/wp-content\/uploads\/2024\/09\/ARGENIO-Y-POGGI.jpg",640,413,false],"large":["https:\/\/apuntesdesanluis.com\/wp-content\/uploads\/2024\/09\/ARGENIO-Y-POGGI.jpg",640,413,false],"1536x1536":["https:\/\/apuntesdesanluis.com\/wp-content\/uploads\/2024\/09\/ARGENIO-Y-POGGI.jpg",700,452,false],"2048x2048":["https:\/\/apuntesdesanluis.com\/wp-content\/uploads\/2024\/09\/ARGENIO-Y-POGGI.jpg",700,452,false],"newsever-slider-full":["https:\/\/apuntesdesanluis.com\/wp-content\/uploads\/2024\/09\/ARGENIO-Y-POGGI.jpg",700,452,false],"newsever-featured":["https:\/\/apuntesdesanluis.com\/wp-content\/uploads\/2024\/09\/ARGENIO-Y-POGGI.jpg",700,452,false],"newsever-medium":["https:\/\/apuntesdesanluis.com\/wp-content\/uploads\/2024\/09\/ARGENIO-Y-POGGI.jpg",700,452,false]},"author_info":{"display_name":"apuntesdesanluis.com","author_link":"https:\/\/apuntesdesanluis.com\/index.php\/author\/apuntesdesanluis-com\/"},"category_info":"<a href=\"https:\/\/apuntesdesanluis.com\/index.php\/category\/ciudad-provincia\/\" rel=\"category tag\">Ciudad\/Provincia<\/a>","tag_info":"Ciudad\/Provincia","comment_count":"0","_links":{"self":[{"href":"https:\/\/apuntesdesanluis.com\/index.php\/wp-json\/wp\/v2\/posts\/21864","targetHints":{"allow":["GET"]}}],"collection":[{"href":"https:\/\/apuntesdesanluis.com\/index.php\/wp-json\/wp\/v2\/posts"}],"about":[{"href":"https:\/\/apuntesdesanluis.com\/index.php\/wp-json\/wp\/v2\/types\/post"}],"author":[{"embeddable":true,"href":"https:\/\/apuntesdesanluis.com\/index.php\/wp-json\/wp\/v2\/users\/1"}],"replies":[{"embeddable":true,"href":"https:\/\/apuntesdesanluis.com\/index.php\/wp-json\/wp\/v2\/comments?post=21864"}],"version-history":[{"count":2,"href":"https:\/\/apuntesdesanluis.com\/index.php\/wp-json\/wp\/v2\/posts\/21864\/revisions"}],"predecessor-version":[{"id":21870,"href":"https:\/\/apuntesdesanluis.com\/index.php\/wp-json\/wp\/v2\/posts\/21864\/revisions\/21870"}],"wp:featuredmedia":[{"embeddable":true,"href":"https:\/\/apuntesdesanluis.com\/index.php\/wp-json\/wp\/v2\/media\/21865"}],"wp:attachment":[{"href":"https:\/\/apuntesdesanluis.com\/index.php\/wp-json\/wp\/v2\/media?parent=21864"}],"wp:term":[{"taxonomy":"category","embeddable":true,"href":"https:\/\/apuntesdesanluis.com\/index.php\/wp-json\/wp\/v2\/categories?post=21864"},{"taxonomy":"post_tag","embeddable":true,"href":"https:\/\/apuntesdesanluis.com\/index.php\/wp-json\/wp\/v2\/tags?post=21864"}],"curies":[{"name":"wp","href":"https:\/\/api.w.org\/{rel}","templated":true}]}}