{"id":2187,"date":"2023-08-26T23:50:44","date_gmt":"2023-08-27T02:50:44","guid":{"rendered":"https:\/\/apuntesdesanluis.com\/?p=2187"},"modified":"2023-08-27T23:50:58","modified_gmt":"2023-08-28T02:50:58","slug":"renuncio-gustavo-santos-el-diputado-macrista-que-vivia-en-espana","status":"publish","type":"post","link":"https:\/\/apuntesdesanluis.com\/index.php\/2023\/08\/26\/renuncio-gustavo-santos-el-diputado-macrista-que-vivia-en-espana\/","title":{"rendered":"RENUNCI\u00d3 GUSTAVO SANTOS, EL DIPUTADO MACRISTA QUE VIV\u00cdA EN ESPA\u00d1A"},"content":{"rendered":"<h3>El exministro de Turismo de Cambiemos se mud\u00f3 a Madrid tras ser nombrado director de la Organizaci\u00f3n Mundial de Turismo, pero manten\u00eda su banca y nueve asesores.<\/h3>\n<h3>La C\u00e1mara de Diputados acept\u00f3 la renuncia del ahora ex legislador del PRO <strong>Gustavo Santos<\/strong>, quien vive en Espa\u00f1a desde hace diez meses tras haber sido designado como director regional para las Am\u00e9ricas de la Organizaci\u00f3n Mundial del Turismo (OMT), con un sueldo de 17.000 euros. En su lugar, asumi\u00f3 la banca <strong>Oscar Agost Carre\u00f1o<\/strong>, tambi\u00e9n del PRO cordob\u00e9s.<\/h3>\n<h3>La renuncia de Santos, hace ocho d\u00edas, y su reemplazo el pasado mi\u00e9rcoles, era muy importante para que Juntos por el Cambio alcanzara el qu\u00f3rum en la sesi\u00f3n extraordinaria para tratar la reforma a la Ley de Alquileres, y que finalmente, consigui\u00f3 una media sanci\u00f3n. La oposici\u00f3n necesitaba que todos sus legisladores estuvieran presentes hoy en el recinto.\u00a0 Y si Santos no renunciaba, su banca quedaba vac\u00eda, en una votaci\u00f3n que se sab\u00eda que iba a ser estrecha.<\/h3>\n<h3>En todo 2023, como diputado, Santos estuvo en una sesi\u00f3n en febrero y figura como ausente por licencia en las otras cuatro desarrolladas en el Congreso. Su lugar en la C\u00e1mara Baja fue asumido por el presidente del PRO de C\u00f3rdoba, Oscar Agost Carre\u00f1o, quien\u00a0 jur\u00f3 como diputado y completar\u00e1 el mandato del exministro macrista, que vence en 2025.<\/h3>\n<h3>A su vez, Agost Carre\u00f1o hab\u00eda asumido al mando del PRO cordob\u00e9s en mayo, despu\u00e9s de la renuncia del viceintendente electo de C\u00f3rdoba, Javier Pretto, a la dirigencia del partido creado por Mauricio Macri.<\/h3>\n<h3>QUI\u00c9N ES GUSTAVO SANTOS<\/h3>\n<h3>Como inform\u00f3 Pagina\/12, a principios de julio, el exministro de Turismo del gobierno de Cambiemos, y electo diputado nacional en las elecciones legislativas de 2021 por la provincia de C\u00f3rdoba, pese a su vida en Madrid, conservaba nueve asesores y en su oficina de la C\u00e1mara Baja se gastan, en promedio, unos 30 pasajes oficiales por mes, un gasto mensual de m\u00e1s de 3.500.000 pesos.<\/h3>\n<h3>Como ministro de Turismo, Santos centr\u00f3 su gesti\u00f3n 2015-2019 en promover las aerol\u00edneas low-cost. Y tambien, impuls\u00f3 el glamping, camping con glamour, en Parques Nacionales, en una suerte de movida privatizadora.<\/h3>\n<h3>Adem\u00e1s, Santos era presidente de la Comisi\u00f3n de Turismo de la C\u00e1mara de Diputados, que no tuvo un solo encuentro este a\u00f1o. La \u00faltima vez que se hab\u00eda reunido fue en 2022. Por otro lado, tambi\u00e9n integraba las Comisiones de Ciencia, Cultura, Econom\u00eda, Mercosur y Transportes.<\/h3>\n<h3>De excelente relaci\u00f3n con Macri, la efectivizaci\u00f3n de su renuncia se hizo efectiva antes de que se sesionara la ley de alquileres, el 15 de agosto, donde la banca que quedaba vacante podr\u00eda ser clave para conseguir el qu\u00f3rum y la media sanci\u00f3n del proyecto opositor.<\/h3>\n<h3>En cuanto a su designaci\u00f3n en la OMT, no solo cay\u00f3 mal en la Argentina, sino tambi\u00e9n en otros pa\u00edses de Am\u00e9rica Latina, dado que no hubo consulta ni consenso de ning\u00fan tipo, por parte de la gesti\u00f3n de Zulab Pololikashvilli.<\/h3>\n<h3>Pololikashvilli fue denunciado ante la OMT por diez altos cargos de ese organismo, por considerar que &#8220;los principios \u00e9ticos est\u00e1n en declinaci\u00f3n, se perdi\u00f3 la transparencia y los manejos son opacos y arbitrarios&#8221;.<\/h3>\n<h3>Esas acusaciones surgieron a partir de un informe del departamento de \u00e9tica de la OMT y la carta fue dirigida a la ONU dado que la OMT est\u00e1 bajo su \u00f3rbita<\/h3>\n","protected":false},"excerpt":{"rendered":"<p>El exministro de Turismo de Cambiemos se mud\u00f3 a Madrid tras ser nombrado director de&#8230;<\/p>\n","protected":false},"author":1,"featured_media":2188,"comment_status":"closed","ping_status":"closed","sticky":false,"template":"","format":"standard","meta":{"footnotes":""},"categories":[5],"tags":[],"class_list":["post-2187","post","type-post","status-publish","format-standard","has-post-thumbnail","hentry","category-nacionales-internacionales"],"yoast_head":"<!-- This site is optimized with the Yoast SEO plugin v26.1.1 - https:\/\/yoast.com\/wordpress\/plugins\/seo\/ -->\n<title>RENUNCI\u00d3 GUSTAVO SANTOS, EL DIPUTADO MACRISTA QUE VIV\u00cdA EN ESPA\u00d1A - Apuntes de San Luis<\/title>\n<meta name=\"robots\" content=\"index, follow, max-snippet:-1, max-image-preview:large, max-video-preview:-1\" \/>\n<link rel=\"canonical\" href=\"https:\/\/apuntesdesanluis.com\/index.php\/2023\/08\/26\/renuncio-gustavo-santos-el-diputado-macrista-que-vivia-en-espana\/\" \/>\n<meta property=\"og:locale\" content=\"es_ES\" \/>\n<meta property=\"og:type\" content=\"article\" \/>\n<meta property=\"og:title\" content=\"RENUNCI\u00d3 GUSTAVO SANTOS, EL DIPUTADO MACRISTA QUE VIV\u00cdA EN ESPA\u00d1A - Apuntes de San Luis\" \/>\n<meta property=\"og:description\" content=\"El exministro de Turismo de Cambiemos se mud\u00f3 a Madrid tras ser nombrado director de...\" \/>\n<meta property=\"og:url\" content=\"https:\/\/apuntesdesanluis.com\/index.php\/2023\/08\/26\/renuncio-gustavo-santos-el-diputado-macrista-que-vivia-en-espana\/\" \/>\n<meta property=\"og:site_name\" content=\"Apuntes de San Luis\" \/>\n<meta property=\"article:published_time\" content=\"2023-08-27T02:50:44+00:00\" \/>\n<meta property=\"article:modified_time\" content=\"2023-08-28T02:50:58+00:00\" \/>\n<meta property=\"og:image\" content=\"https:\/\/apuntesdesanluis.com\/wp-content\/uploads\/2023\/08\/gustavo-santos.png\" \/>\n\t<meta property=\"og:image:width\" content=\"782\" \/>\n\t<meta property=\"og:image:height\" content=\"480\" \/>\n\t<meta property=\"og:image:type\" content=\"image\/png\" \/>\n<meta name=\"author\" content=\"apuntesdesanluis.com\" \/>\n<meta name=\"twitter:card\" content=\"summary_large_image\" \/>\n<meta name=\"twitter:label1\" content=\"Escrito por\" \/>\n\t<meta name=\"twitter:data1\" content=\"apuntesdesanluis.com\" \/>\n\t<meta name=\"twitter:label2\" content=\"Tiempo de lectura\" \/>\n\t<meta name=\"twitter:data2\" content=\"3 minutos\" \/>\n<script type=\"application\/ld+json\" class=\"yoast-schema-graph\">{\"@context\":\"https:\/\/schema.org\",\"@graph\":[{\"@type\":\"Article\",\"@id\":\"https:\/\/apuntesdesanluis.com\/index.php\/2023\/08\/26\/renuncio-gustavo-santos-el-diputado-macrista-que-vivia-en-espana\/#article\",\"isPartOf\":{\"@id\":\"https:\/\/apuntesdesanluis.com\/index.php\/2023\/08\/26\/renuncio-gustavo-santos-el-diputado-macrista-que-vivia-en-espana\/\"},\"author\":{\"name\":\"apuntesdesanluis.com\",\"@id\":\"https:\/\/apuntesdesanluis.com\/#\/schema\/person\/b55151d52296fcce64d1a72538a70b90\"},\"headline\":\"RENUNCI\u00d3 GUSTAVO SANTOS, EL DIPUTADO MACRISTA QUE VIV\u00cdA EN ESPA\u00d1A\",\"datePublished\":\"2023-08-27T02:50:44+00:00\",\"dateModified\":\"2023-08-28T02:50:58+00:00\",\"mainEntityOfPage\":{\"@id\":\"https:\/\/apuntesdesanluis.com\/index.php\/2023\/08\/26\/renuncio-gustavo-santos-el-diputado-macrista-que-vivia-en-espana\/\"},\"wordCount\":611,\"publisher\":{\"@id\":\"https:\/\/apuntesdesanluis.com\/#\/schema\/person\/b55151d52296fcce64d1a72538a70b90\"},\"image\":{\"@id\":\"https:\/\/apuntesdesanluis.com\/index.php\/2023\/08\/26\/renuncio-gustavo-santos-el-diputado-macrista-que-vivia-en-espana\/#primaryimage\"},\"thumbnailUrl\":\"https:\/\/apuntesdesanluis.com\/wp-content\/uploads\/2023\/08\/gustavo-santos.png\",\"articleSection\":[\"Nacionales\/Internacionales\"],\"inLanguage\":\"es-AR\"},{\"@type\":\"WebPage\",\"@id\":\"https:\/\/apuntesdesanluis.com\/index.php\/2023\/08\/26\/renuncio-gustavo-santos-el-diputado-macrista-que-vivia-en-espana\/\",\"url\":\"https:\/\/apuntesdesanluis.com\/index.php\/2023\/08\/26\/renuncio-gustavo-santos-el-diputado-macrista-que-vivia-en-espana\/\",\"name\":\"RENUNCI\u00d3 GUSTAVO SANTOS, EL DIPUTADO MACRISTA QUE VIV\u00cdA EN ESPA\u00d1A - Apuntes de San Luis\",\"isPartOf\":{\"@id\":\"https:\/\/apuntesdesanluis.com\/#website\"},\"primaryImageOfPage\":{\"@id\":\"https:\/\/apuntesdesanluis.com\/index.php\/2023\/08\/26\/renuncio-gustavo-santos-el-diputado-macrista-que-vivia-en-espana\/#primaryimage\"},\"image\":{\"@id\":\"https:\/\/apuntesdesanluis.com\/index.php\/2023\/08\/26\/renuncio-gustavo-santos-el-diputado-macrista-que-vivia-en-espana\/#primaryimage\"},\"thumbnailUrl\":\"https:\/\/apuntesdesanluis.com\/wp-content\/uploads\/2023\/08\/gustavo-santos.png\",\"datePublished\":\"2023-08-27T02:50:44+00:00\",\"dateModified\":\"2023-08-28T02:50:58+00:00\",\"breadcrumb\":{\"@id\":\"https:\/\/apuntesdesanluis.com\/index.php\/2023\/08\/26\/renuncio-gustavo-santos-el-diputado-macrista-que-vivia-en-espana\/#breadcrumb\"},\"inLanguage\":\"es-AR\",\"potentialAction\":[{\"@type\":\"ReadAction\",\"target\":[\"https:\/\/apuntesdesanluis.com\/index.php\/2023\/08\/26\/renuncio-gustavo-santos-el-diputado-macrista-que-vivia-en-espana\/\"]}]},{\"@type\":\"ImageObject\",\"inLanguage\":\"es-AR\",\"@id\":\"https:\/\/apuntesdesanluis.com\/index.php\/2023\/08\/26\/renuncio-gustavo-santos-el-diputado-macrista-que-vivia-en-espana\/#primaryimage\",\"url\":\"https:\/\/apuntesdesanluis.com\/wp-content\/uploads\/2023\/08\/gustavo-santos.png\",\"contentUrl\":\"https:\/\/apuntesdesanluis.com\/wp-content\/uploads\/2023\/08\/gustavo-santos.png\",\"width\":782,\"height\":480},{\"@type\":\"BreadcrumbList\",\"@id\":\"https:\/\/apuntesdesanluis.com\/index.php\/2023\/08\/26\/renuncio-gustavo-santos-el-diputado-macrista-que-vivia-en-espana\/#breadcrumb\",\"itemListElement\":[{\"@type\":\"ListItem\",\"position\":1,\"name\":\"Inicio\",\"item\":\"https:\/\/apuntesdesanluis.com\/\"},{\"@type\":\"ListItem\",\"position\":2,\"name\":\"RENUNCI\u00d3 GUSTAVO SANTOS, EL DIPUTADO MACRISTA QUE VIV\u00cdA EN ESPA\u00d1A\"}]},{\"@type\":\"WebSite\",\"@id\":\"https:\/\/apuntesdesanluis.com\/#website\",\"url\":\"https:\/\/apuntesdesanluis.com\/\",\"name\":\"Apuntes de San Luis\",\"description\":\"\",\"publisher\":{\"@id\":\"https:\/\/apuntesdesanluis.com\/#\/schema\/person\/b55151d52296fcce64d1a72538a70b90\"},\"potentialAction\":[{\"@type\":\"SearchAction\",\"target\":{\"@type\":\"EntryPoint\",\"urlTemplate\":\"https:\/\/apuntesdesanluis.com\/?s={search_term_string}\"},\"query-input\":{\"@type\":\"PropertyValueSpecification\",\"valueRequired\":true,\"valueName\":\"search_term_string\"}}],\"inLanguage\":\"es-AR\"},{\"@type\":[\"Person\",\"Organization\"],\"@id\":\"https:\/\/apuntesdesanluis.com\/#\/schema\/person\/b55151d52296fcce64d1a72538a70b90\",\"name\":\"apuntesdesanluis.com\",\"image\":{\"@type\":\"ImageObject\",\"inLanguage\":\"es-AR\",\"@id\":\"https:\/\/apuntesdesanluis.com\/#\/schema\/person\/image\/\",\"url\":\"https:\/\/apuntesdesanluis.com\/wp-content\/uploads\/2023\/07\/cropped-apuntesdesanluis.png\",\"contentUrl\":\"https:\/\/apuntesdesanluis.com\/wp-content\/uploads\/2023\/07\/cropped-apuntesdesanluis.png\",\"width\":450,\"height\":112,\"caption\":\"apuntesdesanluis.com\"},\"logo\":{\"@id\":\"https:\/\/apuntesdesanluis.com\/#\/schema\/person\/image\/\"},\"sameAs\":[\"https:\/\/apuntesdesanluis.com\"],\"url\":\"https:\/\/apuntesdesanluis.com\/index.php\/author\/apuntesdesanluis-com\/\"}]}<\/script>\n<!-- \/ Yoast SEO plugin. -->","yoast_head_json":{"title":"RENUNCI\u00d3 GUSTAVO SANTOS, EL DIPUTADO MACRISTA QUE VIV\u00cdA EN ESPA\u00d1A - Apuntes de San Luis","robots":{"index":"index","follow":"follow","max-snippet":"max-snippet:-1","max-image-preview":"max-image-preview:large","max-video-preview":"max-video-preview:-1"},"canonical":"https:\/\/apuntesdesanluis.com\/index.php\/2023\/08\/26\/renuncio-gustavo-santos-el-diputado-macrista-que-vivia-en-espana\/","og_locale":"es_ES","og_type":"article","og_title":"RENUNCI\u00d3 GUSTAVO SANTOS, EL DIPUTADO MACRISTA QUE VIV\u00cdA EN ESPA\u00d1A - Apuntes de San Luis","og_description":"El exministro de Turismo de Cambiemos se mud\u00f3 a Madrid tras ser nombrado director de...","og_url":"https:\/\/apuntesdesanluis.com\/index.php\/2023\/08\/26\/renuncio-gustavo-santos-el-diputado-macrista-que-vivia-en-espana\/","og_site_name":"Apuntes de San Luis","article_published_time":"2023-08-27T02:50:44+00:00","article_modified_time":"2023-08-28T02:50:58+00:00","og_image":[{"width":782,"height":480,"url":"https:\/\/apuntesdesanluis.com\/wp-content\/uploads\/2023\/08\/gustavo-santos.png","type":"image\/png"}],"author":"apuntesdesanluis.com","twitter_card":"summary_large_image","twitter_misc":{"Escrito por":"apuntesdesanluis.com","Tiempo de lectura":"3 minutos"},"schema":{"@context":"https:\/\/schema.org","@graph":[{"@type":"Article","@id":"https:\/\/apuntesdesanluis.com\/index.php\/2023\/08\/26\/renuncio-gustavo-santos-el-diputado-macrista-que-vivia-en-espana\/#article","isPartOf":{"@id":"https:\/\/apuntesdesanluis.com\/index.php\/2023\/08\/26\/renuncio-gustavo-santos-el-diputado-macrista-que-vivia-en-espana\/"},"author":{"name":"apuntesdesanluis.com","@id":"https:\/\/apuntesdesanluis.com\/#\/schema\/person\/b55151d52296fcce64d1a72538a70b90"},"headline":"RENUNCI\u00d3 GUSTAVO SANTOS, EL DIPUTADO MACRISTA QUE VIV\u00cdA EN ESPA\u00d1A","datePublished":"2023-08-27T02:50:44+00:00","dateModified":"2023-08-28T02:50:58+00:00","mainEntityOfPage":{"@id":"https:\/\/apuntesdesanluis.com\/index.php\/2023\/08\/26\/renuncio-gustavo-santos-el-diputado-macrista-que-vivia-en-espana\/"},"wordCount":611,"publisher":{"@id":"https:\/\/apuntesdesanluis.com\/#\/schema\/person\/b55151d52296fcce64d1a72538a70b90"},"image":{"@id":"https:\/\/apuntesdesanluis.com\/index.php\/2023\/08\/26\/renuncio-gustavo-santos-el-diputado-macrista-que-vivia-en-espana\/#primaryimage"},"thumbnailUrl":"https:\/\/apuntesdesanluis.com\/wp-content\/uploads\/2023\/08\/gustavo-santos.png","articleSection":["Nacionales\/Internacionales"],"inLanguage":"es-AR"},{"@type":"WebPage","@id":"https:\/\/apuntesdesanluis.com\/index.php\/2023\/08\/26\/renuncio-gustavo-santos-el-diputado-macrista-que-vivia-en-espana\/","url":"https:\/\/apuntesdesanluis.com\/index.php\/2023\/08\/26\/renuncio-gustavo-santos-el-diputado-macrista-que-vivia-en-espana\/","name":"RENUNCI\u00d3 GUSTAVO SANTOS, EL DIPUTADO MACRISTA QUE VIV\u00cdA EN ESPA\u00d1A - Apuntes de San Luis","isPartOf":{"@id":"https:\/\/apuntesdesanluis.com\/#website"},"primaryImageOfPage":{"@id":"https:\/\/apuntesdesanluis.com\/index.php\/2023\/08\/26\/renuncio-gustavo-santos-el-diputado-macrista-que-vivia-en-espana\/#primaryimage"},"image":{"@id":"https:\/\/apuntesdesanluis.com\/index.php\/2023\/08\/26\/renuncio-gustavo-santos-el-diputado-macrista-que-vivia-en-espana\/#primaryimage"},"thumbnailUrl":"https:\/\/apuntesdesanluis.com\/wp-content\/uploads\/2023\/08\/gustavo-santos.png","datePublished":"2023-08-27T02:50:44+00:00","dateModified":"2023-08-28T02:50:58+00:00","breadcrumb":{"@id":"https:\/\/apuntesdesanluis.com\/index.php\/2023\/08\/26\/renuncio-gustavo-santos-el-diputado-macrista-que-vivia-en-espana\/#breadcrumb"},"inLanguage":"es-AR","potentialAction":[{"@type":"ReadAction","target":["https:\/\/apuntesdesanluis.com\/index.php\/2023\/08\/26\/renuncio-gustavo-santos-el-diputado-macrista-que-vivia-en-espana\/"]}]},{"@type":"ImageObject","inLanguage":"es-AR","@id":"https:\/\/apuntesdesanluis.com\/index.php\/2023\/08\/26\/renuncio-gustavo-santos-el-diputado-macrista-que-vivia-en-espana\/#primaryimage","url":"https:\/\/apuntesdesanluis.com\/wp-content\/uploads\/2023\/08\/gustavo-santos.png","contentUrl":"https:\/\/apuntesdesanluis.com\/wp-content\/uploads\/2023\/08\/gustavo-santos.png","width":782,"height":480},{"@type":"BreadcrumbList","@id":"https:\/\/apuntesdesanluis.com\/index.php\/2023\/08\/26\/renuncio-gustavo-santos-el-diputado-macrista-que-vivia-en-espana\/#breadcrumb","itemListElement":[{"@type":"ListItem","position":1,"name":"Inicio","item":"https:\/\/apuntesdesanluis.com\/"},{"@type":"ListItem","position":2,"name":"RENUNCI\u00d3 GUSTAVO SANTOS, EL DIPUTADO MACRISTA QUE VIV\u00cdA EN ESPA\u00d1A"}]},{"@type":"WebSite","@id":"https:\/\/apuntesdesanluis.com\/#website","url":"https:\/\/apuntesdesanluis.com\/","name":"Apuntes de San Luis","description":"","publisher":{"@id":"https:\/\/apuntesdesanluis.com\/#\/schema\/person\/b55151d52296fcce64d1a72538a70b90"},"potentialAction":[{"@type":"SearchAction","target":{"@type":"EntryPoint","urlTemplate":"https:\/\/apuntesdesanluis.com\/?s={search_term_string}"},"query-input":{"@type":"PropertyValueSpecification","valueRequired":true,"valueName":"search_term_string"}}],"inLanguage":"es-AR"},{"@type":["Person","Organization"],"@id":"https:\/\/apuntesdesanluis.com\/#\/schema\/person\/b55151d52296fcce64d1a72538a70b90","name":"apuntesdesanluis.com","image":{"@type":"ImageObject","inLanguage":"es-AR","@id":"https:\/\/apuntesdesanluis.com\/#\/schema\/person\/image\/","url":"https:\/\/apuntesdesanluis.com\/wp-content\/uploads\/2023\/07\/cropped-apuntesdesanluis.png","contentUrl":"https:\/\/apuntesdesanluis.com\/wp-content\/uploads\/2023\/07\/cropped-apuntesdesanluis.png","width":450,"height":112,"caption":"apuntesdesanluis.com"},"logo":{"@id":"https:\/\/apuntesdesanluis.com\/#\/schema\/person\/image\/"},"sameAs":["https:\/\/apuntesdesanluis.com"],"url":"https:\/\/apuntesdesanluis.com\/index.php\/author\/apuntesdesanluis-com\/"}]}},"featured_image_urls":{"full":["https:\/\/apuntesdesanluis.com\/wp-content\/uploads\/2023\/08\/gustavo-santos.png",782,480,false],"thumbnail":["https:\/\/apuntesdesanluis.com\/wp-content\/uploads\/2023\/08\/gustavo-santos-150x150.png",150,150,true],"medium":["https:\/\/apuntesdesanluis.com\/wp-content\/uploads\/2023\/08\/gustavo-santos-300x184.png",300,184,true],"medium_large":["https:\/\/apuntesdesanluis.com\/wp-content\/uploads\/2023\/08\/gustavo-santos-768x471.png",640,393,true],"large":["https:\/\/apuntesdesanluis.com\/wp-content\/uploads\/2023\/08\/gustavo-santos.png",640,393,false],"1536x1536":["https:\/\/apuntesdesanluis.com\/wp-content\/uploads\/2023\/08\/gustavo-santos.png",782,480,false],"2048x2048":["https:\/\/apuntesdesanluis.com\/wp-content\/uploads\/2023\/08\/gustavo-santos.png",782,480,false],"newsever-slider-full":["https:\/\/apuntesdesanluis.com\/wp-content\/uploads\/2023\/08\/gustavo-santos.png",782,480,false],"newsever-featured":["https:\/\/apuntesdesanluis.com\/wp-content\/uploads\/2023\/08\/gustavo-santos.png",782,480,false],"newsever-medium":["https:\/\/apuntesdesanluis.com\/wp-content\/uploads\/2023\/08\/gustavo-santos-720x475.png",720,475,true]},"author_info":{"display_name":"apuntesdesanluis.com","author_link":"https:\/\/apuntesdesanluis.com\/index.php\/author\/apuntesdesanluis-com\/"},"category_info":"<a href=\"https:\/\/apuntesdesanluis.com\/index.php\/category\/nacionales-internacionales\/\" rel=\"category tag\">Nacionales\/Internacionales<\/a>","tag_info":"Nacionales\/Internacionales","comment_count":"0","_links":{"self":[{"href":"https:\/\/apuntesdesanluis.com\/index.php\/wp-json\/wp\/v2\/posts\/2187","targetHints":{"allow":["GET"]}}],"collection":[{"href":"https:\/\/apuntesdesanluis.com\/index.php\/wp-json\/wp\/v2\/posts"}],"about":[{"href":"https:\/\/apuntesdesanluis.com\/index.php\/wp-json\/wp\/v2\/types\/post"}],"author":[{"embeddable":true,"href":"https:\/\/apuntesdesanluis.com\/index.php\/wp-json\/wp\/v2\/users\/1"}],"replies":[{"embeddable":true,"href":"https:\/\/apuntesdesanluis.com\/index.php\/wp-json\/wp\/v2\/comments?post=2187"}],"version-history":[{"count":1,"href":"https:\/\/apuntesdesanluis.com\/index.php\/wp-json\/wp\/v2\/posts\/2187\/revisions"}],"predecessor-version":[{"id":2189,"href":"https:\/\/apuntesdesanluis.com\/index.php\/wp-json\/wp\/v2\/posts\/2187\/revisions\/2189"}],"wp:featuredmedia":[{"embeddable":true,"href":"https:\/\/apuntesdesanluis.com\/index.php\/wp-json\/wp\/v2\/media\/2188"}],"wp:attachment":[{"href":"https:\/\/apuntesdesanluis.com\/index.php\/wp-json\/wp\/v2\/media?parent=2187"}],"wp:term":[{"taxonomy":"category","embeddable":true,"href":"https:\/\/apuntesdesanluis.com\/index.php\/wp-json\/wp\/v2\/categories?post=2187"},{"taxonomy":"post_tag","embeddable":true,"href":"https:\/\/apuntesdesanluis.com\/index.php\/wp-json\/wp\/v2\/tags?post=2187"}],"curies":[{"name":"wp","href":"https:\/\/api.w.org\/{rel}","templated":true}]}}